{"id":1575,"count":1,"description":"","link":"https:\/\/catholicus.eu\/pl\/tag\/swiety-blazej\/","name":"\u015awi\u0119ty B\u0142a\u017cej","slug":"swiety-blazej","taxonomy":"post_tag","meta":[],"_links":{"self":[{"href":"https:\/\/catholicus.eu\/pl\/wp-json\/wp\/v2\/tags\/1575","targetHints":{"allow":["GET"]}}],"collection":[{"href":"https:\/\/catholicus.eu\/pl\/wp-json\/wp\/v2\/tags"}],"about":[{"href":"https:\/\/catholicus.eu\/pl\/wp-json\/wp\/v2\/taxonomies\/post_tag"}],"wp:post_type":[{"href":"https:\/\/catholicus.eu\/pl\/wp-json\/wp\/v2\/posts?tags=1575"}],"curies":[{"name":"wp","href":"https:\/\/api.w.org\/{rel}","templated":true}]}}