{"id":883,"date":"2024-10-04T23:22:47","date_gmt":"2024-10-04T21:22:47","guid":{"rendered":"https:\/\/catholicus.eu\/pl\/?p=883"},"modified":"2024-10-04T23:22:48","modified_gmt":"2024-10-04T21:22:48","slug":"wiara-nadzieja-i-milosc-cnoty-teologalne-w-zyciu-codziennym","status":"publish","type":"post","link":"https:\/\/catholicus.eu\/pl\/wiara-nadzieja-i-milosc-cnoty-teologalne-w-zyciu-codziennym\/","title":{"rendered":"Wiara, Nadzieja i Mi\u0142o\u015b\u0107: Cnoty Teologalne w \u017byciu Codziennym"},"content":{"rendered":"\n<p>W tradycji katolickiej cnoty teologalne \u2014 Wiara, Nadzieja i Mi\u0142o\u015b\u0107 \u2014 s\u0105 centrum chrze\u015bcija\u0144skiej drogi. Jednak opr\u00f3cz bycia abstrakcyjnymi poj\u0119ciami czy wznios\u0142ymi idea\u0142ami duchowymi, te cnoty maj\u0105 g\u0142\u0119bokie i bardzo praktyczne znaczenie w codziennym \u017cyciu. \u0141\u0105cz\u0105 nas bezpo\u015brednio z Bogiem i kieruj\u0105 naszymi dzia\u0142aniami, decyzjami i relacjami z innymi. \u017byj\u0105c nimi, nie tylko zbli\u017camy si\u0119 do Pana, ale r\u00f3wnie\u017c zmieniamy spos\u00f3b, w jaki wchodzimy w interakcje ze \u015bwiatem.<\/p>\n\n\n\n<h2 class=\"wp-block-heading\">Czym s\u0105 cnoty teologalne?<\/h2>\n\n\n\n<p>Zanim zrozumiemy, jak wp\u0142ywaj\u0105 na nasze codzienne \u017cycie, wa\u017cne jest, aby zrozumie\u0107, czym s\u0105 te cnoty i dlaczego nazywa si\u0119 je &#8222;teologicznymi&#8221;. W przeciwie\u0144stwie do cn\u00f3t kardynalnych (roztropno\u015bci, sprawiedliwo\u015bci, m\u0119stwa i umiarkowania), kt\u00f3re s\u0105 ludzkimi nawykami nabytymi przez praktyk\u0119, cnoty teologalne s\u0105 darem od Boga. Nazywa si\u0119 je &#8222;teologicznymi&#8221;, poniewa\u017c maj\u0105 one Boga jako swoje \u017ar\u00f3d\u0142o, pow\u00f3d i cel.<\/p>\n\n\n\n<ol class=\"wp-block-list\">\n<li><strong>Wiara<\/strong>: To cnota, dzi\u0119ki kt\u00f3rej wierzymy w Boga i we wszystko, co nam objawi\u0142. Pozwala nam przyj\u0105\u0107 Jego mi\u0142o\u015b\u0107, zaufa\u0107 Jego planowi i widzie\u0107 poza tym, co widzialne, aby uchwyci\u0107 si\u0119 tego, co niewidzialne.<\/li>\n\n\n\n<li><strong>Nadzieja<\/strong>: Popycha nas do pragnienia i ufno\u015bci w \u017cycie wieczne, opieraj\u0105c si\u0119 na obietnicach Boga. Jest to cnota, kt\u00f3ra podtrzymuje nas w chwilach niepewno\u015bci lub b\u00f3lu, zapewniaj\u0105c nas, \u017ce B\u00f3g ma dla nas co\u015b o wiele wi\u0119kszego.<\/li>\n\n\n\n<li><strong>Mi\u0142o\u015b\u0107<\/strong>: To mi\u0142o\u015b\u0107, kt\u00f3r\u0105 mamy do Boga ponad wszystko i do bli\u017anich jak do siebie samych. Jest to centrum i szczyt \u017cycia chrze\u015bcija\u0144skiego, najwi\u0119ksze przykazanie, kt\u00f3re powinno kierowa\u0107 wszystkimi naszymi dzia\u0142aniami.<\/li>\n<\/ol>\n\n\n\n<p>Te cnoty nie s\u0105 od siebie niezale\u017cne. W rzeczywisto\u015bci s\u0105 g\u0142\u0119boko ze sob\u0105 powi\u0105zane. Wiara prowadzi nas do nadziei, a nadzieja rozkwita w mi\u0142o\u015bci.<\/p>\n\n\n\n<h2 class=\"wp-block-heading\">Wiara: Wierzy\u0107 poza tym, co widzialne<\/h2>\n\n\n\n<p>Wiara, pod wieloma wzgl\u0119dami, jest najbardziej testowan\u0105 cnot\u0105 we wsp\u00f3\u0142czesnym \u017cyciu. \u017byjemy w czasach, w kt\u00f3rych wszystko wydaje si\u0119 by\u0107 na wyci\u0105gni\u0119cie r\u0119ki, a naukowe czy technologiczne odpowiedzi s\u0105 dost\u0119pne na klikni\u0119cie. Gdzie wi\u0119c znajduje si\u0119 miejsce na wiar\u0119 w \u015bwiecie, kt\u00f3ry cz\u0119sto mierzy si\u0119 danymi, faktami i namacalnymi pewnikami?<\/p>\n\n\n\n<p>\u017bycie wiar\u0105 na co dzie\u0144 nie oznacza odrzucenia rozumu czy nauki. Wr\u0119cz przeciwnie, wiara wykracza poza to, co mo\u017cemy zobaczy\u0107 lub zrozumie\u0107. Oznacza zaufanie Bo\u017cemu planowi, nawet gdy nie rozumiemy, dlaczego pewne rzeczy nam si\u0119 przytrafiaj\u0105. Wiara w \u017cyciu codziennym przejawia si\u0119 w ma\u0142ych czynach: modlitwie przed podj\u0119ciem wa\u017cnych decyzji, uczestnictwie we Mszy \u015bwi\u0119tej, czytaniu Pisma \u015awi\u0119tego czy po prostu akcie zaufania w obliczu trudno\u015bci.<\/p>\n\n\n\n<p>Klasycznym przyk\u0142adem jest Abraham, kt\u00f3ry, pobudzony wiar\u0105, opu\u015bci\u0142 wszystko, aby pod\u0105\u017ca\u0107 za Bogiem do obiecanej ziemi, nie wiedz\u0105c, dok\u0105d zmierza. Podobnie w naszym codziennym \u017cyciu wiara zach\u0119ca nas do podejmowania decyzji i dzia\u0142ania z ufno\u015bci\u0105 w Boga, nawet gdy rezultaty nie s\u0105 natychmiast widoczne.<\/p>\n\n\n\n<h3 class=\"wp-block-heading\">Wiara w relacjach<\/h3>\n\n\n\n<p>Wiara przekszta\u0142ca r\u00f3wnie\u017c nasze relacje z innymi. Wzywa nas, by widzie\u0107 naszych braci i siostry nie tylko jako jednostki, ale jako dzieci Bo\u017ce. Zach\u0119ca nas do patrzenia z mi\u0142osierdziem i cierpliwo\u015bci\u0105, uznaj\u0105c, \u017ce wszyscy jeste\u015bmy w drodze do Niego. W \u015bwiecie podzielonym, gdzie os\u0105dzanie i podzia\u0142y wydaj\u0105 si\u0119 norm\u0105, wiara przypomina nam, \u017ce jeste\u015bmy wezwani do jedno\u015bci, wzajemnego zrozumienia i pojednania.<\/p>\n\n\n\n<h2 class=\"wp-block-heading\">Nadzieja: Patrzenie w przysz\u0142o\u015b\u0107 z ufno\u015bci\u0105<\/h2>\n\n\n\n<p>Nadzieja jest cz\u0119sto postrzegana jako cnota trudnych chwil. Jak mo\u017cemy utrzyma\u0107 nadziej\u0119 w czasach osobistych kryzys\u00f3w, utraty lub gdy \u015bwiat wydaje si\u0119 pe\u0142en niepewno\u015bci?<\/p>\n\n\n\n<p>Chrze\u015bcija\u0144ska nadzieja nie jest \u015blepym optymizmem ani mglistym \u017cyczeniem, \u017ce &#8222;wszystko b\u0119dzie dobrze&#8221;. Jest g\u0142\u0119bok\u0105 ufno\u015bci\u0105, \u017ce cokolwiek si\u0119 stanie, B\u00f3g jest obecny i prowadzi nas ku ostatecznemu dobru: \u017cyciu wiecznemu z Nim. W naszym codziennym \u017cyciu nadzieja podtrzymuje nas, gdy borykamy si\u0119 z problemami rodzinnymi, trudno\u015bciami finansowymi czy chorobami. Przypomina nam, \u017ce B\u00f3g nas nie opu\u015bci\u0142 i \u017ce wszystko ma sw\u00f3j cel w Jego planie.<\/p>\n\n\n\n<h3 class=\"wp-block-heading\">Nadzieja jako motor dzia\u0142ania<\/h3>\n\n\n\n<p>Cz\u0119sto uwa\u017ca si\u0119, \u017ce nadzieja jest czym\u015b pasywnym, jak ciche oczekiwanie. Ale w rzeczywisto\u015bci nadzieja nas popycha do dzia\u0142ania. Zach\u0119ca nas do aktywnego udzia\u0142u w budowaniu lepszego \u015bwiata, poniewa\u017c wierzymy w obietnice Boga. To nadzieja sprawia, \u017ce s\u0142u\u017cymy innym, anga\u017cujemy si\u0119 w sprawiedliwo\u015b\u0107 spo\u0142eczn\u0105 i stajemy si\u0119 narz\u0119dziami pokoju.<\/p>\n\n\n\n<p>Codziennym przyk\u0142adem \u017cycia nadziej\u0105 jest troska o innych. Kiedy odwiedzamy chorego lub s\u0142uchamy kogo\u015b w trudnej sytuacji, dzia\u0142amy z przekonaniem, \u017ce na ko\u0144cu tunelu jest \u015bwiat\u0142o. Stajemy si\u0119 nosicielami Bo\u017cej nadziei w \u015brodku b\u00f3lu.<\/p>\n\n\n\n<h2 class=\"wp-block-heading\">Mi\u0142o\u015b\u0107: Kocha\u0107 tak, jak Chrystus nas umi\u0142owa\u0142<\/h2>\n\n\n\n<p>Mi\u0142o\u015b\u0107, czyli caritas, jest dusz\u0105 \u017cycia chrze\u015bcija\u0144skiego. &#8222;B\u00f3g jest mi\u0142o\u015bci\u0105&#8221; (1 J 4,8), a \u017cyj\u0105c w mi\u0142o\u015bci, uczestniczymy w samej naturze Bo\u017cej. Kochanie innych jak siebie samego nie jest \u0142atwe. W codziennym \u017cyciu napotykamy niezliczone wyzwania, kt\u00f3re wystawiaj\u0105 nasz\u0105 zdolno\u015b\u0107 do mi\u0142o\u015bci na pr\u00f3b\u0119, zw\u0142aszcza gdy mamy do czynienia z trudnymi osobami lub frustruj\u0105cymi sytuacjami.<\/p>\n\n\n\n<p>Ale mi\u0142o\u015b\u0107 chrze\u015bcija\u0144ska nie opiera si\u0119 na uczuciach; jest \u015bwiadom\u0105 decyzj\u0105, by d\u0105\u017cy\u0107 do dobra drugiego cz\u0142owieka. Mi\u0142o\u015b\u0107 wzywa nas, by kocha\u0107 bez oczekiwania na wzajemno\u015b\u0107, przebacza\u0107 tym, kt\u00f3rzy nas zranili, i widzie\u0107 Chrystusa w ka\u017cdej osobie, zw\u0142aszcza w ubogich i marginalizowanych.<\/p>\n\n\n\n<h3 class=\"wp-block-heading\">Mi\u0142o\u015b\u0107 jako zaanga\u017cowanie spo\u0142eczne<\/h3>\n\n\n\n<p>Mi\u0142o\u015b\u0107 nie ogranicza si\u0119 do indywidualnych akt\u00f3w dobroci. Ma r\u00f3wnie\u017c wymiar spo\u0142eczny. Jak uczy nas papie\u017c Franciszek, mi\u0142o\u015b\u0107 powinna nas prowadzi\u0107 do pracy na rzecz sprawiedliwo\u015bci, troski o stworzenie i budowy bardziej sprawiedliwego spo\u0142ecze\u0144stwa. W codziennym \u017cyciu mo\u017ce to oznacza\u0107 zwracanie uwagi na potrzeby naszych s\u0105siad\u00f3w, zaanga\u017cowanie w dobro wsp\u00f3lne lub po prostu wi\u0119ksz\u0105 \u015bwiadomo\u015b\u0107, jak nasze dzia\u0142ania wp\u0142ywaj\u0105 na innych.<\/p>\n\n\n\n<p>Idealnym przyk\u0142adem mi\u0142o\u015bci jest Jezus na krzy\u017cu. Da\u0142 nam wszystko, w\u0142\u0105cznie z w\u0142asnym \u017cyciem, i zostawi\u0142 nam przykazanie, aby\u015bmy si\u0119 mi\u0142owali wzajemnie tak, jak On nas umi\u0142owa\u0142 (J 13,34).<\/p>\n\n\n\n<h2 class=\"wp-block-heading\">Jak \u017cy\u0107 cnotami teologalnymi w \u015bwiecie \u015bwieckim<\/h2>\n\n\n\n<p>\u017byjemy w \u015bwiecie, w kt\u00f3rym wiara, nadzieja i mi\u0142o\u015b\u0107 nie zawsze s\u0105 promowane lub rozumiane. To jednak nie oznacza, \u017ce musz\u0105 by\u0107 zamkni\u0119te w prywatnym lub wewn\u0119trznym \u017cyciu. Przeciwnie, jeste\u015bmy wezwani do \u017cycia tymi cnotami w pracy, w rodzinie, w przyja\u017aniach i w naszych wsp\u00f3lnotach.<\/p>\n\n\n\n<ul class=\"wp-block-list\">\n<li><strong>Wiara<\/strong>: \u017by\u0107 modlitw\u0105, uczestniczy\u0107 w sakramentach i ufa\u0107 Bogu w ka\u017cdej chwili.<\/li>\n\n\n\n<li><strong>Nadzieja<\/strong>: Utrzymywa\u0107 ufno\u015b\u0107 w Boga, gdy \u017cycie staje si\u0119 niepewne, pami\u0119taj\u0105c, \u017ce wszystko ma cel.<\/li>\n\n\n\n<li><strong>Mi\u0142o\u015b\u0107<\/strong>: By\u0107 hojnym, przebacza\u0107 i zawsze d\u0105\u017cy\u0107 do dobra innych, nawet w trudnych sytuacjach.<\/li>\n<\/ul>\n\n\n\n<p>Te cnoty nie s\u0105 tylko celem, ale codzienn\u0105 drog\u0105. Ka\u017cdego dnia mo\u017cemy podejmowa\u0107 ma\u0142e decyzje, kt\u00f3re przybli\u017caj\u0105 nas do Boga i innych ludzi.<\/p>\n\n\n\n<h2 class=\"wp-block-heading\">Podsumowanie<\/h2>\n\n\n\n<p>Cnoty teologalne nie s\u0105 odleg\u0142ymi idea\u0142ami, ale \u017cyw\u0105 rzeczywisto\u015bci\u0105, kt\u00f3ra popycha nas do bycia lepszymi lud\u017ami i zbli\u017cania si\u0119 do Boga. \u017byj\u0105c Wiar\u0105, Nadziej\u0105 i Mi\u0142o\u015bci\u0105 na co dzie\u0144, jeste\u015bmy przemieniani i przekszta\u0142camy \u015bwiat wok\u00f3\u0142 nas. Jak powiedzia\u0142 \u015bw. Pawe\u0142: \u201eTak wi\u0119c trwaj\u0105 wiara, nadzieja, mi\u0142o\u015b\u0107 \u2014 te trzy: z nich za\u015b najwi\u0119ksza jest mi\u0142o\u015b\u0107\u201d (1 Kor 13,13). \u017byjmy nimi w pe\u0142ni, a zobaczymy, jak \u015bwiat\u0142o Chrystusa roz\u015bwietli ka\u017cdy zak\u0105tek naszego \u017cycia.<\/p>\n","protected":false},"excerpt":{"rendered":"<p>W tradycji katolickiej cnoty teologalne \u2014 Wiara, Nadzieja i Mi\u0142o\u015b\u0107 \u2014 s\u0105 centrum chrze\u015bcija\u0144skiej drogi. Jednak opr\u00f3cz bycia abstrakcyjnymi poj\u0119ciami czy wznios\u0142ymi idea\u0142ami duchowymi, te cnoty maj\u0105 g\u0142\u0119bokie i bardzo praktyczne znaczenie w codziennym \u017cyciu. \u0141\u0105cz\u0105 nas bezpo\u015brednio z Bogiem i kieruj\u0105 naszymi dzia\u0142aniami, decyzjami i relacjami z innymi. \u017byj\u0105c nimi, nie tylko zbli\u017camy si\u0119 &hellip;<\/p>\n","protected":false},"author":3,"featured_media":884,"comment_status":"open","ping_status":"open","sticky":false,"template":"","format":"standard","meta":{"_seopress_robots_primary_cat":"39","_seopress_titles_title":"","_seopress_titles_desc":"","_seopress_robots_index":"","footnotes":""},"categories":[57,39],"tags":[],"class_list":["post-883","post","type-post","status-publish","format-standard","has-post-thumbnail","","category-cnoty-chrzescijanskie","category-moralnosc-i-zycie-chrzescijanskie"],"_links":{"self":[{"href":"https:\/\/catholicus.eu\/pl\/wp-json\/wp\/v2\/posts\/883","targetHints":{"allow":["GET"]}}],"collection":[{"href":"https:\/\/catholicus.eu\/pl\/wp-json\/wp\/v2\/posts"}],"about":[{"href":"https:\/\/catholicus.eu\/pl\/wp-json\/wp\/v2\/types\/post"}],"author":[{"embeddable":true,"href":"https:\/\/catholicus.eu\/pl\/wp-json\/wp\/v2\/users\/3"}],"replies":[{"embeddable":true,"href":"https:\/\/catholicus.eu\/pl\/wp-json\/wp\/v2\/comments?post=883"}],"version-history":[{"count":0,"href":"https:\/\/catholicus.eu\/pl\/wp-json\/wp\/v2\/posts\/883\/revisions"}],"wp:featuredmedia":[{"embeddable":true,"href":"https:\/\/catholicus.eu\/pl\/wp-json\/wp\/v2\/media\/884"}],"wp:attachment":[{"href":"https:\/\/catholicus.eu\/pl\/wp-json\/wp\/v2\/media?parent=883"}],"wp:term":[{"taxonomy":"category","embeddable":true,"href":"https:\/\/catholicus.eu\/pl\/wp-json\/wp\/v2\/categories?post=883"},{"taxonomy":"post_tag","embeddable":true,"href":"https:\/\/catholicus.eu\/pl\/wp-json\/wp\/v2\/tags?post=883"}],"curies":[{"name":"wp","href":"https:\/\/api.w.org\/{rel}","templated":true}]}}