{"id":879,"date":"2024-10-04T23:04:08","date_gmt":"2024-10-04T21:04:08","guid":{"rendered":"https:\/\/catholicus.eu\/pl\/?p=879"},"modified":"2024-11-20T21:02:05","modified_gmt":"2024-11-20T20:02:05","slug":"sakramentalia-i-pielgrzymki-refleksje-nad-ich-uzyciem-i-znaczeniem-w-zyciu-chrzescijanskim","status":"publish","type":"post","link":"https:\/\/catholicus.eu\/pl\/sakramentalia-i-pielgrzymki-refleksje-nad-ich-uzyciem-i-znaczeniem-w-zyciu-chrzescijanskim\/","title":{"rendered":"Sakramentalia i Pielgrzymki: Refleksje nad ich U\u017cyciem i Znaczeniem w \u017byciu Chrze\u015bcija\u0144skim"},"content":{"rendered":"\n<p>W bogatej tradycji Ko\u015bcio\u0142a katolickiego, <strong>sakramentalia<\/strong> i <strong>pielgrzymki<\/strong> zajmuj\u0105 szczeg\u00f3lne miejsce jako \u015brodki, poprzez kt\u00f3re wierni mog\u0105 zbli\u017cy\u0107 si\u0119 do Boga i \u017cy\u0107 swoj\u0105 wiar\u0105 w spos\u00f3b namacalny. Cho\u0107 cz\u0119sto s\u0105 \u017ale rozumiane lub niedoceniane, te akty osobistej pobo\u017cno\u015bci maj\u0105 g\u0142\u0119bokie duchowe znaczenie i wielk\u0105 warto\u015b\u0107 dla rozwoju wewn\u0119trznego. W tym artykule om\u00f3wimy, czym s\u0105 sakramentalia, ich cel i jak pielgrzymki uzupe\u0142niaj\u0105 ten wymiar \u017cycia chrze\u015bcija\u0144skiego.<\/p>\n\n\n\n<h3 class=\"wp-block-heading\">Czym s\u0105 sakramentalia?<\/h3>\n\n\n\n<p><strong>Sakramentalia<\/strong> to \u015bwi\u0119te przedmioty, modlitwy lub czynno\u015bci ustanowione przez Ko\u015bci\u00f3\u0142, aby u\u015bwi\u0119ca\u0107 r\u00f3\u017cne momenty \u017cycia chrze\u015bcija\u0144skiego i przygotowywa\u0107 wiernych do owocniejszego przyjmowania sakrament\u00f3w. Cho\u0107 nie udzielaj\u0105 \u0142aski w taki sam spos\u00f3b jak sakramenty, sakramentalia przygotowuj\u0105 dusz\u0119 do przyj\u0119cia \u0142aski Bo\u017cej i pomagaj\u0105 wierz\u0105cym \u017cy\u0107 swoj\u0105 wiar\u0105 bardziej \u015bwiadomie w codziennym \u017cyciu.<\/p>\n\n\n\n<h4 class=\"wp-block-heading\">Rodzaje sakramentali\u00f3w<\/h4>\n\n\n\n<p>Do najbardziej znanych sakramentali\u00f3w nale\u017c\u0105:<\/p>\n\n\n\n<ul class=\"wp-block-list\">\n<li><strong>Po\u015bwi\u0119cone przedmioty<\/strong>: r\u00f3\u017ca\u0144ce, medaliki, szkaplerze, woda \u015bwi\u0119cona, \u015bwiece, obrazy \u015bwi\u0119te, krzy\u017ce i po\u015bwi\u0119cone palmy.<\/li>\n\n\n\n<li><strong>Gesty lub czynno\u015bci<\/strong>: takie jak znak krzy\u017ca, b\u0142ogos\u0142awie\u0144stwa i u\u017cywanie wody \u015bwi\u0119conej przy wej\u015bciu do ko\u015bcio\u0142a.<\/li>\n\n\n\n<li><strong>Modlitwy i b\u0142ogos\u0142awie\u0144stwa<\/strong>: Ko\u015bci\u00f3\u0142 oferuje r\u00f3\u017cne formy modlitw sakramentalnych, od b\u0142ogos\u0142awie\u0144stw kap\u0142a\u0144skich po egzorcyzmy mniejsze.<\/li>\n<\/ul>\n\n\n\n<h4 class=\"wp-block-heading\">Cel i warto\u015b\u0107 sakramentali\u00f3w<\/h4>\n\n\n\n<p>Warto\u015b\u0107 sakramentali\u00f3w polega na ich zdolno\u015bci do podniesienia naszego umys\u0142u i serca ku Bogu, pomagaj\u0105c nam \u017cy\u0107 z wi\u0119ksz\u0105 pobo\u017cno\u015bci\u0105. Cho\u0107 s\u0105 to znaki zewn\u0119trzne, ich skuteczno\u015b\u0107 nie zale\u017cy od samego przedmiotu, ale od wiary, z jak\u0105 s\u0105 u\u017cywane. Jak naucza Sob\u00f3r Watyka\u0144ski II, sakramentalia \u201eu\u015bwi\u0119caj\u0105 prawie ka\u017cde wydarzenie \u017cycia chrze\u015bcija\u0144skiego\u201d, przypominaj\u0105c nam, \u017ce wszystko, co robimy, mo\u017ce by\u0107 skierowane ku Bogu.<\/p>\n\n\n\n<p>Sakramentalia, takie jak medalik czy szkaplerz, nie maj\u0105 \u201emagicznych\u201d mocy. Nie s\u0105 to amulety, ale widzialne znaki, kt\u00f3re sk\u0142aniaj\u0105 nas do g\u0142\u0119bszego \u017cycia w wierze i modlitwie. Na przyk\u0142ad noszenie r\u00f3\u017ca\u0144ca lub szkaplerza nie gwarantuje ochrony, ale zach\u0119ca nas do nieustannej modlitwy i ufno\u015bci w wstawiennictwo Maryi lub \u015bwi\u0119tych.<\/p>\n\n\n\n<h4 class=\"wp-block-heading\">Moc b\u0142ogos\u0142awie\u0144stw<\/h4>\n\n\n\n<p><strong>B\u0142ogos\u0142awie\u0144stwa<\/strong> s\u0105 kolejnym wa\u017cnym sakramentalium w \u017cyciu katolik\u00f3w. B\u0142ogos\u0142awie\u0144stwo, udzielone przez kap\u0142ana lub osob\u0119 \u015bwieck\u0105, jest sposobem na przywo\u0142anie Bo\u017cej ochrony i po\u015bwi\u0119cenie os\u00f3b, przedmiot\u00f3w lub sytuacji Jemu. Kiedy otrzymujemy b\u0142ogos\u0142awie\u0144stwo, przypominamy sobie, \u017ce B\u00f3g jest obecny w ka\u017cdym aspekcie naszego \u017cycia i \u017ce Jego \u0142aska mo\u017ce dzia\u0142a\u0107 w ka\u017cdej sytuacji.<\/p>\n\n\n\n<h3 class=\"wp-block-heading\">G\u0142\u0119bokie znaczenie pielgrzymek<\/h3>\n\n\n\n<p><strong>Pielgrzymki chrze\u015bcija\u0144skie<\/strong> to staro\u017cytna praktyka pobo\u017cna, kt\u00f3ra polega na podr\u00f3\u017cy do \u015bwi\u0119tego miejsca w poszukiwaniu g\u0142\u0119bszego spotkania z Bogiem. Tradycyjne miejsca pielgrzymek to Jerozolima, Rzym, Santiago de Compostela i Lourdes, chocia\u017c coraz wi\u0119cej os\u00f3b znajduje okazj\u0119 do duchowego odrodzenia w lokalnych sanktuariach.<\/p>\n\n\n\n<h4 class=\"wp-block-heading\">Biblijne korzenie i tradycja<\/h4>\n\n\n\n<p>Korzenie pielgrzymek si\u0119gaj\u0105 czas\u00f3w biblijnych. W Starym Testamencie Izraelici pielgrzymowali do \u015awi\u0105tyni Jerozolimskiej na g\u0142\u00f3wne \u015bwi\u0119ta religijne. Podobnie w Nowym Testamencie Maryja i J\u00f3zef zanie\u015bli Jezusa do \u015awi\u0105tyni, a pierwsi chrze\u015bcijanie zacz\u0119li odwiedza\u0107 miejsca zwi\u0105zane z \u017cyciem, \u015bmierci\u0105 i zmartwychwstaniem Chrystusa oraz groby m\u0119czennik\u00f3w i \u015bwi\u0119tych.<\/p>\n\n\n\n<p>Na przestrzeni wiek\u00f3w pielgrzymka by\u0142a postrzegana jako symbol w\u0119dr\u00f3wki chrze\u015bcijanina do Boga, przypominaj\u0105c nam, \u017ce samo \u017cycie jest pielgrzymk\u0105 ku \u017cyciu wiecznemu.<\/p>\n\n\n\n<h4 class=\"wp-block-heading\">Warto\u015b\u0107 duchowa pielgrzymki<\/h4>\n\n\n\n<p>Opr\u00f3cz podr\u00f3\u017cy fizycznej pielgrzymka jest metafor\u0105 naszego duchowego d\u0105\u017cenia. Opu\u015bciwszy wygod\u0119 w\u0142asnego domu, pielgrzym otwiera si\u0119 na mo\u017cliwo\u015b\u0107 g\u0142\u0119bszego spotkania z Bogiem. W trakcie drogi wysi\u0142ek fizyczny, modlitwa i osobista refleksja pomagaj\u0105 pielgrzymowi dostrzec w\u0142asne s\u0142abo\u015bci, prosi\u0107 o przebaczenie i odnowi\u0107 swoje zaanga\u017cowanie w wierze.<\/p>\n\n\n\n<ol class=\"wp-block-list\">\n<li><strong>Nawr\u00f3cenie wewn\u0119trzne<\/strong>: Pielgrzymki oferuj\u0105 okazj\u0119 do introspekcji i nawr\u00f3cenia. Wysi\u0142ek i po\u015bwi\u0119cenie zwi\u0105zane z podr\u00f3\u017c\u0105 do \u015bwi\u0119tego miejsca mog\u0105 symbolizowa\u0107 pragnienie oddalenia si\u0119 od grzechu i zbli\u017cenia si\u0119 do Boga.<\/li>\n\n\n\n<li><strong>Wsp\u00f3lnota<\/strong>: Cz\u0119sto pielgrzymki odbywaj\u0105 si\u0119 w grupie, co wzmacnia poczucie wsp\u00f3lnoty i braterstwa chrze\u015bcija\u0144skiego. Wsp\u00f3lna w\u0119dr\u00f3wka odzwierciedla rzeczywisto\u015b\u0107, \u017ce \u017cycie chrze\u015bcija\u0144skie jest drog\u0105 wsp\u00f3lnotow\u0105, na kt\u00f3rej wzajemnie si\u0119 wspieramy w wierze.<\/li>\n\n\n\n<li><strong>Spotkanie z sacrum<\/strong>: Po dotarciu do celu, spotkanie z miejscem \u015bwi\u0119tym mo\u017ce by\u0107 momentem wielkiej duchowej odnowy. Miejsca takie jak Lourdes czy Fatima s\u0105 znane z licznych \u015bwiadectw uzdrowie\u0144 fizycznych i duchowych, przypominaj\u0105c nam, \u017ce B\u00f3g dzia\u0142a w spos\u00f3b namacalny w naszym \u017cyciu.<\/li>\n<\/ol>\n\n\n\n<h4 class=\"wp-block-heading\">Codzienne pielgrzymki<\/h4>\n\n\n\n<p>Cho\u0107 nie ka\u017cdy ma mo\u017cliwo\u015b\u0107 odbycia d\u0142ugich pielgrzymek do mi\u0119dzynarodowych miejsc \u015bwi\u0119tych, pi\u0119kno tej tradycji polega na tym, \u017ce jej istota mo\u017ce by\u0107 prze\u017cywana na bardziej codzienne sposoby. Wizyta w lokalnym sanktuarium, spacer modlitewny czy nawet jednodniowy osobisty dzie\u0144 skupienia mog\u0105 by\u0107 sposobami na do\u015bwiadczenie ducha pielgrzymki. Prawdziwe znaczenie tkwi w intencji: odej\u015b\u0107 od rozprosze\u0144 \u015bwiata, by szuka\u0107 Boga w g\u0142\u0119bszy spos\u00f3b.<\/p>\n\n\n\n<h3 class=\"wp-block-heading\">Zwi\u0105zek mi\u0119dzy sakramentaliami a pielgrzymkami<\/h3>\n\n\n\n<p>Obie praktyki \u2014 u\u017cywanie sakramentali\u00f3w i pielgrzymki \u2014 s\u0105 wyrazem wcielonej wiary, w kt\u00f3rej to, co widzialne i namacalne, prowadzi nas do g\u0142\u0119bszej rzeczywisto\u015bci duchowej. Sakramentalia pozwalaj\u0105 nam u\u015bwi\u0119ca\u0107 codzienne \u017cycie, przypominaj\u0105c nam, \u017ce \u0142aska Bo\u017ca dzia\u0142a we wszystkich aspektach naszego \u017cycia. Z kolei pielgrzymki zapraszaj\u0105 nas do wyj\u015bcia poza siebie, podejmuj\u0105c zewn\u0119trzn\u0105 podr\u00f3\u017c, kt\u00f3ra odzwierciedla nasz\u0105 wewn\u0119trzn\u0105 drog\u0119 do Boga.<\/p>\n\n\n\n<p>U\u017cywanie sakramentali\u00f3w, takich jak noszenie r\u00f3\u017ca\u0144ca czy u\u017cywanie wody \u015bwi\u0119conej podczas pielgrzymki, mo\u017ce by\u0107 fizycznym przypomnieniem, \u017ce nasza podr\u00f3\u017c nie jest tylko fizyczna, ale tak\u017ce duchowa. W podobny spos\u00f3b pielgrzymka mo\u017ce by\u0107 sama w sobie aktem sakramentalnym, podr\u00f3\u017c\u0105, kt\u00f3ra u\u015bwi\u0119ca nie tylko cel, ale tak\u017ce przebyt\u0105 drog\u0119.<\/p>\n\n\n\n<h3 class=\"wp-block-heading\">Zako\u0144czenie: Zaproszenie do pog\u0142\u0119bienia \u017cycia duchowego<\/h3>\n\n\n\n<p>Sakramentalia i pielgrzymki, cho\u0107 r\u00f3\u017cne w swojej formie, maj\u0105 ten sam cel: pom\u00f3c nam pe\u0142niej prze\u017cywa\u0107 nasz\u0105 relacj\u0119 z Bogiem. Zapraszaj\u0105 nas do wcielonej wiary, w kt\u00f3rej cia\u0142o, umys\u0142 i dusza uczestnicz\u0105 w tajemnicy Bo\u017cej \u0142aski. Poprzez te akty pobo\u017cno\u015bci mo\u017cemy znale\u017a\u0107 drog\u0119 do \u015bwi\u0119to\u015bci, pami\u0119taj\u0105c, \u017ce nasze codzienne \u017cycie jest przesi\u0105kni\u0119te obecno\u015bci\u0105 Boga.<\/p>\n\n\n\n<p>Niezale\u017cnie od tego, czy poprzez modlitw\u0119 z r\u00f3\u017ca\u0144cem w d\u0142oni, czy przez pielgrzymk\u0119 do \u015bwi\u0119tego sanktuarium, sakramentalia i pielgrzymki zapraszaj\u0105 nas do zbli\u017cenia si\u0119 do Boga, do dostrzegania Jego dzia\u0142ania w codzienno\u015bci i do pielgrzymowania z nadziej\u0105 w kierunku naszego ostatecznego celu: \u017cycia wiecznego w Jego obecno\u015bci.<\/p>\n","protected":false},"excerpt":{"rendered":"<p>W bogatej tradycji Ko\u015bcio\u0142a katolickiego, sakramentalia i pielgrzymki zajmuj\u0105 szczeg\u00f3lne miejsce jako \u015brodki, poprzez kt\u00f3re wierni mog\u0105 zbli\u017cy\u0107 si\u0119 do Boga i \u017cy\u0107 swoj\u0105 wiar\u0105 w spos\u00f3b namacalny. Cho\u0107 cz\u0119sto s\u0105 \u017ale rozumiane lub niedoceniane, te akty osobistej pobo\u017cno\u015bci maj\u0105 g\u0142\u0119bokie duchowe znaczenie i wielk\u0105 warto\u015b\u0107 dla rozwoju wewn\u0119trznego. W tym artykule om\u00f3wimy, czym s\u0105 &hellip;<\/p>\n","protected":false},"author":3,"featured_media":880,"comment_status":"open","ping_status":"open","sticky":false,"template":"","format":"standard","meta":{"_seopress_robots_primary_cat":"40","_seopress_titles_title":"","_seopress_titles_desc":"","_seopress_robots_index":"","footnotes":""},"categories":[40,62],"tags":[],"class_list":["post-879","post","type-post","status-publish","format-standard","has-post-thumbnail","","category-modlitwa-i-duchowosc","category-sakramentalia-i-pielgrzymki"],"_links":{"self":[{"href":"https:\/\/catholicus.eu\/pl\/wp-json\/wp\/v2\/posts\/879","targetHints":{"allow":["GET"]}}],"collection":[{"href":"https:\/\/catholicus.eu\/pl\/wp-json\/wp\/v2\/posts"}],"about":[{"href":"https:\/\/catholicus.eu\/pl\/wp-json\/wp\/v2\/types\/post"}],"author":[{"embeddable":true,"href":"https:\/\/catholicus.eu\/pl\/wp-json\/wp\/v2\/users\/3"}],"replies":[{"embeddable":true,"href":"https:\/\/catholicus.eu\/pl\/wp-json\/wp\/v2\/comments?post=879"}],"version-history":[{"count":1,"href":"https:\/\/catholicus.eu\/pl\/wp-json\/wp\/v2\/posts\/879\/revisions"}],"predecessor-version":[{"id":1412,"href":"https:\/\/catholicus.eu\/pl\/wp-json\/wp\/v2\/posts\/879\/revisions\/1412"}],"wp:featuredmedia":[{"embeddable":true,"href":"https:\/\/catholicus.eu\/pl\/wp-json\/wp\/v2\/media\/880"}],"wp:attachment":[{"href":"https:\/\/catholicus.eu\/pl\/wp-json\/wp\/v2\/media?parent=879"}],"wp:term":[{"taxonomy":"category","embeddable":true,"href":"https:\/\/catholicus.eu\/pl\/wp-json\/wp\/v2\/categories?post=879"},{"taxonomy":"post_tag","embeddable":true,"href":"https:\/\/catholicus.eu\/pl\/wp-json\/wp\/v2\/tags?post=879"}],"curies":[{"name":"wp","href":"https:\/\/api.w.org\/{rel}","templated":true}]}}