{"id":819,"date":"2024-09-30T19:31:59","date_gmt":"2024-09-30T17:31:59","guid":{"rendered":"https:\/\/catholicus.eu\/pl\/?p=819"},"modified":"2024-09-30T19:31:59","modified_gmt":"2024-09-30T17:31:59","slug":"wiara-jako-odpowiedz-zrozumienie-relacji-miedzy-bogiem-a-czlowiekiem-wedlug-katechizmu","status":"publish","type":"post","link":"https:\/\/catholicus.eu\/pl\/wiara-jako-odpowiedz-zrozumienie-relacji-miedzy-bogiem-a-czlowiekiem-wedlug-katechizmu\/","title":{"rendered":"Wiara jako odpowied\u017a: Zrozumienie relacji mi\u0119dzy Bogiem a cz\u0142owiekiem wed\u0142ug Katechizmu."},"content":{"rendered":"\n<p>Relacja mi\u0119dzy Bogiem a cz\u0142owiekiem jest jednym z fundament\u00f3w teologii chrze\u015bcija\u0144skiej, a w Katechizmie Ko\u015bcio\u0142a Katolickiego relacja ta opisana jest jako dialog mi\u0142o\u015bci, kt\u00f3ry ma swoje \u017ar\u00f3d\u0142o w Bogu, a odpowiedzi\u0105 na niego jest wiara cz\u0142owieka. Wiara nie jest po prostu aktem \u015blepej wiary, ale woln\u0105, \u015bwiadom\u0105 i rozumn\u0105 odpowiedzi\u0105 na mi\u0142o\u015b\u0107 Boga, kt\u00f3ry objawia si\u0119 w naszej historii. W tym artykule zag\u0142\u0119bimy si\u0119 w to, jak Katechizm wyja\u015bnia t\u0119 relacj\u0119, jak wiara dzia\u0142a jako odpowied\u017a na wezwanie Boga i jak rozum dope\u0142nia t\u0119 wiar\u0119, tworz\u0105c harmoni\u0119 mi\u0119dzy tym, co boskie, a tym, co ludzkie.<\/p>\n\n\n\n<h3 class=\"wp-block-heading\">B\u00f3g jako inicjator dialogu<\/h3>\n\n\n\n<p>Wed\u0142ug Katechizmu wszystko zaczyna si\u0119 od Boga. Numer 27 Katechizmu stwierdza, \u017ce \u201epragnienie Boga jest wpisane w serce cz\u0142owieka, poniewa\u017c cz\u0142owiek zosta\u0142 stworzony przez Boga i dla Boga\u201d. To stwierdzenie podkre\u015bla, \u017ce poszukiwanie Boga nie jest jednostronnym wysi\u0142kiem cz\u0142owieka, ale odpowiedzi\u0105 na g\u0142\u0119bokie wezwanie, kt\u00f3re pochodzi od samego Boga. Cz\u0142owiek zosta\u0142 stworzony z naturalnym pragnieniem odnalezienia swojego Stw\u00f3rcy, co rozpoczyna dialog.<\/p>\n\n\n\n<p>B\u00f3g z kolei objawia si\u0119 cz\u0142owiekowi na wiele sposob\u00f3w: w stworzeniu, w historii zbawienia, w osobie Jezusa Chrystusa, a ostatecznie przez Ko\u015bci\u00f3\u0142 i sakramenty. To boskie samoujawnienie nie jest aktem odleg\u0142ym, ale g\u0142\u0119boko osobistym. B\u00f3g szuka intymnej i pe\u0142nej mi\u0142o\u015bci relacji z ka\u017cdym cz\u0142owiekiem, jak Ojciec z dzie\u0107mi. Jest to pierwszy akt w relacji mi\u0119dzy Bogiem a cz\u0142owiekiem: B\u00f3g objawia si\u0119 cz\u0142owiekowi.<\/p>\n\n\n\n<p>Ale to objawienie nie jest narzucone. B\u00f3g szanuje ludzk\u0105 wolno\u015b\u0107, zapraszaj\u0105c cz\u0142owieka do odpowiedzi na swoj\u0105 mi\u0142o\u015b\u0107. To tutaj wkracza wiara.<\/p>\n\n\n\n<h3 class=\"wp-block-heading\">Wiara jako wolna i osobista odpowied\u017a<\/h3>\n\n\n\n<p>Wiara, wed\u0142ug Katechizmu, to \u201eosobiste przylgni\u0119cie ca\u0142ego cz\u0142owieka do Boga, kt\u00f3ry si\u0119 objawia\u201d (KKK 176). Nie jest to tylko akt intelektualny lub emocjonalny, ale ca\u0142kowite zaanga\u017cowanie cz\u0142owieka. Wiara oznacza zaufanie do Boga i przyj\u0119cie Jego woli. Ale co najwa\u017cniejsze, jest to wolna odpowied\u017a: B\u00f3g zaprasza nas do wiary, ale szanuje nasz\u0105 wolno\u015b\u0107 w jej przyj\u0119ciu lub odrzuceniu.<\/p>\n\n\n\n<p>W tym sensie wiara jest relacj\u0105, a nie tylko przekonaniem. Podobnie jak w ka\u017cdej znacz\u0105cej relacji mi\u0119dzyludzkiej, zaufanie i mi\u0142o\u015b\u0107 odgrywaj\u0105 kluczow\u0105 rol\u0119. B\u00f3g pierwszy nas mi\u0142uje, a nasza wiara jest odpowiedzi\u0105 na t\u0119 mi\u0142o\u015b\u0107. Nie wierzymy tylko w zestaw doktryn, ale wierzymy w Osob\u0119: Jezusa Chrystusa, Syna Bo\u017cego, kt\u00f3ry objawia nam oblicze Ojca.<\/p>\n\n\n\n<p>Akt wiary nie sprowadza si\u0119 do jednego momentu w \u017cyciu. Jest to droga, kt\u00f3ra rozwija si\u0119 przez ca\u0142e nasze istnienie. Ka\u017cdego dnia jeste\u015bmy wezwani do odnawiania naszego zaufania do Boga, zw\u0142aszcza w chwilach trudno\u015bci lub niepewno\u015bci. Wiara wi\u0119c nie jest statyczna, lecz dynamiczna; ro\u015bnie i dojrzewa w miar\u0119 pog\u0142\u0119biania naszej relacji z Bogiem.<\/p>\n\n\n\n<h3 class=\"wp-block-heading\">Wiara i rozum: Dwa skrzyd\u0142a unosz\u0105ce nas ku prawdzie<\/h3>\n\n\n\n<p>Jednym z kluczowych punkt\u00f3w, kt\u00f3re podkre\u015bla Katechizm, jest harmonia mi\u0119dzy wiar\u0105 a rozumem. W czasach, gdy cz\u0119sto przeciwstawia si\u0119 nauk\u0119 religii, Katechizm przypomina, \u017ce rozum i wiara nie tylko nie s\u0105 sprzeczne, ale wzajemnie si\u0119 uzupe\u0142niaj\u0105. Jak zauwa\u017ca \u015bw. Jan Pawe\u0142 II w encyklice Fides et Ratio, \u201ewiara i rozum s\u0105 jak dwa skrzyd\u0142a, dzi\u0119ki kt\u00f3rym duch ludzki unosi si\u0119 ku kontemplacji prawdy\u201d.<\/p>\n\n\n\n<p>Wiara chrze\u015bcija\u0144ska nie jest irracjonalna ani antynaukowa. W rzeczywisto\u015bci Katechizm naucza, \u017ce wiara d\u0105\u017cy do zrozumienia: \u201ewierz\u0119, aby zrozumie\u0107, i rozumiem, aby lepiej wierzy\u0107\u201d (KKK 158). Rozum, o\u015bwiecony wiar\u0105, pozwala nam zg\u0142\u0119bia\u0107 tajemnice Boga i stworzenia. Jednocze\u015bnie wiara chroni nas przed ograniczeniami rozumu, kt\u00f3ry sam nie jest w stanie ogarn\u0105\u0107 wielkich pyta\u0144 o istnienie: pocz\u0105tek wszech\u015bwiata, cel \u017cycia, tajemnic\u0119 z\u0142a i nadziej\u0119 na \u017cycie wieczne.<\/p>\n\n\n\n<p>Katechizm naucza r\u00f3wnie\u017c, \u017ce poznanie Boga, cho\u0107 ograniczone nasz\u0105 sko\u0144czon\u0105 natur\u0105, jest mo\u017cliwe dzi\u0119ki Jego objawieniu. B\u00f3g nie jest prawd\u0105 niedost\u0119pn\u0105, ale objawi\u0142 si\u0119 w Jezusie Chrystusie. Dzi\u0119ki rozumowi mo\u017cemy dostrzec \u015blady Boga w \u015bwiecie, ale to wiara pozwala nam wej\u015b\u0107 w osobist\u0105 relacj\u0119 z Nim. Innymi s\u0142owy, rozum pomaga nam \u201ewidzie\u0107\u201d, ale wiara pozwala \u201ewierzy\u0107\u201d i ufa\u0107 w to, czego nie mo\u017cemy w pe\u0142ni zrozumie\u0107.<\/p>\n\n\n\n<h3 class=\"wp-block-heading\">Wiara a codzienne \u017cycie: Rzeczywiste zobowi\u0105zanie<\/h3>\n\n\n\n<p>Jedn\u0105 z wielkich lekcji Katechizmu jest to, \u017ce wiara nie jest tylko kwesti\u0105 prywatn\u0105 czy wewn\u0119trzn\u0105, ale g\u0142\u0119boko wp\u0142ywa na nasze codzienne \u017cycie. Wiara ma praktyczne implikacje: kszta\u0142tuje nasze decyzje, relacje i priorytety. Je\u015bli wierzymy w Boga, kt\u00f3ry jest Mi\u0142o\u015bci\u0105, to jeste\u015bmy wezwani do odzwierciedlania tej mi\u0142o\u015bci w naszych dzia\u0142aniach.<\/p>\n\n\n\n<p>Katechizm stwierdza, \u017ce wiara bez uczynk\u00f3w jest martwa (Jak 2,17). Oznacza to, \u017ce nie mo\u017cemy ogranicza\u0107 si\u0119 do intelektualnego aktu wiary w Boga, ale musimy \u017cy\u0107 nasz\u0105 wiar\u0105 poprzez mi\u0142o\u015b\u0107 i sprawiedliwo\u015b\u0107. Prawdziwa wiara przemienia nasze \u017cycie w spos\u00f3b konkretny: prowadzi nas do przebaczania, s\u0142u\u017cby innym, walki o godno\u015b\u0107 ka\u017cdej osoby i bycia \u015bwiadkami Ewangelii w \u015bwiecie.<\/p>\n\n\n\n<p>Ponadto, wiara daje nam inn\u0105 perspektyw\u0119 na cierpienie i trudno\u015bci. Nie eliminuje problem\u00f3w \u017cycia, ale oferuje g\u0142\u0119bsz\u0105 nadziej\u0119: wiemy, \u017ce B\u00f3g jest z nami, nawet w najciemniejszych chwilach. Wiara pozwala nam ufa\u0107, \u017ce z\u0142o nie ma ostatniego s\u0142owa, a mi\u0142o\u015b\u0107 Boga jest silniejsza ni\u017c jakiekolwiek przeciwno\u015bci.<\/p>\n\n\n\n<h3 class=\"wp-block-heading\">Rola Ko\u015bcio\u0142a w przekazywaniu wiary<\/h3>\n\n\n\n<p>Na koniec, Katechizm uczy nas, \u017ce wiara nie jest tylko do\u015bwiadczeniem indywidualnym, ale prze\u017cywa si\u0119 j\u0105 we wsp\u00f3lnocie z innymi wierz\u0105cymi. Ko\u015bci\u00f3\u0142 jest miejscem, w kt\u00f3rym przekazuje si\u0119 i celebruje wiar\u0119, zw\u0142aszcza przez sakramenty. Wsp\u00f3lnota wiary, od aposto\u0142\u00f3w po dzisiejszych wiernych, jest \u017cywym \u015bwiadectwem obecno\u015bci Chrystusa w \u015bwiecie.<\/p>\n\n\n\n<p>W Ko\u015bciele przyjmujemy wiar\u0119 przez Chrzest, a karmimy j\u0105 w Eucharystii, modlitwie i nauczaniu. Ko\u015bci\u00f3\u0142 nie jest tylko instytucj\u0105, ale Cia\u0142em Chrystusa, rodzin\u0105 wierz\u0105cych, kt\u00f3rzy razem krocz\u0105 ku Bogu. To tutaj uczymy si\u0119, jak \u017cy\u0107 nasz\u0105 wiar\u0105 we wsp\u00f3lnocie, wspieraj\u0105c si\u0119 nawzajem i dziel\u0105c misj\u0105 g\u0142oszenia Ewangelii.<\/p>\n\n\n\n<h3 class=\"wp-block-heading\">Wnioski: Wiara jako spotkanie i odpowied\u017a<\/h3>\n\n\n\n<p>Podsumowuj\u0105c, Katechizm Ko\u015bcio\u0142a Katolickiego przedstawia nam g\u0142\u0119bok\u0105 i pe\u0142n\u0105 wizj\u0119 relacji mi\u0119dzy Bogiem a cz\u0142owiekiem, w kt\u00f3rej wiara jest woln\u0105 i pe\u0142n\u0105 mi\u0142o\u015bci odpowiedzi\u0105 cz\u0142owieka na wezwanie Boga. Nie jest to \u015blepa czy irracjonalna wiara, ale odpowied\u017a, kt\u00f3ra integruje rozum, mi\u0142o\u015b\u0107 i zaufanie do Boga, kt\u00f3ry si\u0119 objawia i pragnie bliskiej relacji z nami.<\/p>\n\n\n\n<p>Wiara jest wi\u0119c czym\u015b wi\u0119cej ni\u017c przekonaniem: jest osobistym spotkaniem z Bogiem, kt\u00f3re przemienia nasze \u017cycie. Jest \u015bwiat\u0142em, kt\u00f3re prowadzi nas przez \u017cycie, daj\u0105c nadziej\u0119, sens i cel. W \u015bwiecie pe\u0142nym niepewno\u015bci i wyzwa\u0144, wiara jest ska\u0142\u0105, na kt\u00f3rej mo\u017cemy si\u0119 opr<\/p>\n\n\n\n<p><\/p>\n","protected":false},"excerpt":{"rendered":"<p>Relacja mi\u0119dzy Bogiem a cz\u0142owiekiem jest jednym z fundament\u00f3w teologii chrze\u015bcija\u0144skiej, a w Katechizmie Ko\u015bcio\u0142a Katolickiego relacja ta opisana jest jako dialog mi\u0142o\u015bci, kt\u00f3ry ma swoje \u017ar\u00f3d\u0142o w Bogu, a odpowiedzi\u0105 na niego jest wiara cz\u0142owieka. Wiara nie jest po prostu aktem \u015blepej wiary, ale woln\u0105, \u015bwiadom\u0105 i rozumn\u0105 odpowiedzi\u0105 na mi\u0142o\u015b\u0107 Boga, kt\u00f3ry objawia &hellip;<\/p>\n","protected":false},"author":3,"featured_media":820,"comment_status":"open","ping_status":"open","sticky":false,"template":"","format":"standard","meta":{"_seopress_robots_primary_cat":"37","_seopress_titles_title":"","_seopress_titles_desc":"","_seopress_robots_index":"","footnotes":""},"categories":[37,43],"tags":[],"class_list":["post-819","post","type-post","status-publish","format-standard","has-post-thumbnail","","category-doktryna-i-wiara","category-katechizm-kosciola-katolickiego"],"_links":{"self":[{"href":"https:\/\/catholicus.eu\/pl\/wp-json\/wp\/v2\/posts\/819","targetHints":{"allow":["GET"]}}],"collection":[{"href":"https:\/\/catholicus.eu\/pl\/wp-json\/wp\/v2\/posts"}],"about":[{"href":"https:\/\/catholicus.eu\/pl\/wp-json\/wp\/v2\/types\/post"}],"author":[{"embeddable":true,"href":"https:\/\/catholicus.eu\/pl\/wp-json\/wp\/v2\/users\/3"}],"replies":[{"embeddable":true,"href":"https:\/\/catholicus.eu\/pl\/wp-json\/wp\/v2\/comments?post=819"}],"version-history":[{"count":0,"href":"https:\/\/catholicus.eu\/pl\/wp-json\/wp\/v2\/posts\/819\/revisions"}],"wp:featuredmedia":[{"embeddable":true,"href":"https:\/\/catholicus.eu\/pl\/wp-json\/wp\/v2\/media\/820"}],"wp:attachment":[{"href":"https:\/\/catholicus.eu\/pl\/wp-json\/wp\/v2\/media?parent=819"}],"wp:term":[{"taxonomy":"category","embeddable":true,"href":"https:\/\/catholicus.eu\/pl\/wp-json\/wp\/v2\/categories?post=819"},{"taxonomy":"post_tag","embeddable":true,"href":"https:\/\/catholicus.eu\/pl\/wp-json\/wp\/v2\/tags?post=819"}],"curies":[{"name":"wp","href":"https:\/\/api.w.org\/{rel}","templated":true}]}}