{"id":6357,"date":"2026-08-31T09:55:51","date_gmt":"2026-08-31T07:55:51","guid":{"rendered":"https:\/\/catholicus.eu\/pl\/?p=6357"},"modified":"2026-08-31T09:55:52","modified_gmt":"2026-08-31T07:55:52","slug":"czy-liturgia-zostala-zmieniona-aby-byla-bardziej-dostepna-czy-bardziej-protestancka","status":"publish","type":"post","link":"https:\/\/catholicus.eu\/pl\/czy-liturgia-zostala-zmieniona-aby-byla-bardziej-dostepna-czy-bardziej-protestancka\/","title":{"rendered":"CZY LITURGIA ZOSTA\u0141A ZMIENIONA, ABY BY\u0141A BARDZIEJ DOST\u0118PNA\u2026 CZY BARDZIEJ PROTESTANCKA?"},"content":{"rendered":"\n<h3 class=\"wp-block-heading\">Cicha rewolucja, kt\u00f3ra zmieni\u0142a spos\u00f3b, w jaki miliony katolik\u00f3w rozumiej\u0105 Msz\u0119 \u015awi\u0119t\u0105<\/h3>\n\n\n\n<p class=\"wp-block-paragraph\">S\u0105 pytania, kt\u00f3re s\u0105 niewygodne w\u0142a\u015bnie dlatego, \u017ce zmuszaj\u0105 nas do spojrzenia poza pozory.<\/p>\n\n\n\n<p class=\"wp-block-paragraph\">Jedno z nich brzmi:<\/p>\n\n\n\n<p class=\"wp-block-paragraph\"><strong>Dlaczego liturgia katolicka zmieni\u0142a si\u0119 tak g\u0142\u0119boko po Soborze Watyka\u0144skim II?<\/strong><\/p>\n\n\n\n<p class=\"wp-block-paragraph\">Czy sta\u0142o si\u0119 tak po prostu po to, aby wierni mogli lepiej zrozumie\u0107 to, co si\u0119 dzieje?<\/p>\n\n\n\n<p class=\"wp-block-paragraph\">Aby umo\u017cliwi\u0107 bardziej \u015bwiadome uczestnictwo?<\/p>\n\n\n\n<p class=\"wp-block-paragraph\">Aby przybli\u017cy\u0107 celebracj\u0119 wsp\u00f3\u0142czesnemu cz\u0142owiekowi?<\/p>\n\n\n\n<p class=\"wp-block-paragraph\">Czy te\u017c reforma zmieni\u0142a tak g\u0142\u0119boko j\u0119zyk, gesty, orientacj\u0119, muzyk\u0119, rol\u0119 kap\u0142ana i spos\u00f3b postrzegania Ofiary, \u017ce Msza zacz\u0119\u0142a pod pewnymi wzgl\u0119dami przypomina\u0107 niekt\u00f3re protestanckie formy kultu?<\/p>\n\n\n\n<p class=\"wp-block-paragraph\">Powa\u017cna katolicka odpowied\u017a nie mo\u017ce zosta\u0107 sprowadzona do prostego \u201etak\u201d lub \u201enie\u201d.<\/p>\n\n\n\n<p class=\"wp-block-paragraph\">Poniewa\u017c <strong>Sob\u00f3r Watyka\u0144ski II nie naucza\u0142, \u017ce Msza powinna sta\u0107 si\u0119 protestancka<\/strong>. Nie nakaza\u0142 r\u00f3wnie\u017c zniesienia \u0142aciny, usuni\u0119cia \u015bpiewu gregoria\u0144skiego, obowi\u0105zkowego ustawienia o\u0142tarza przodem do ludu ani przemiany kap\u0142ana w swego rodzaju mistrza ceremonii czy moderatora zgromadzenia.<\/p>\n\n\n\n<p class=\"wp-block-paragraph\">Jednocze\u015bnie nie mo\u017cna zaprzeczy\u0107, \u017ce w dziesi\u0119cioleciach nast\u0119puj\u0105cych po Soborze dokona\u0142a si\u0119 niezwykle g\u0142\u0119boka zmiana liturgiczna.<\/p>\n\n\n\n<p class=\"wp-block-paragraph\">I zmiana ta nie by\u0142a jedynie zmian\u0105 j\u0119zyka.<\/p>\n\n\n\n<p class=\"wp-block-paragraph\">Zmieni\u0142a ona, w wielu miejscach, <strong>duchowe do\u015bwiadczenie katolika stoj\u0105cego przed o\u0142tarzem<\/strong>.<\/p>\n\n\n\n<p class=\"wp-block-paragraph\">Zmieni\u0142a postrzeganie kap\u0142ana.<\/p>\n\n\n\n<p class=\"wp-block-paragraph\">Zmieni\u0142a relacj\u0119 mi\u0119dzy o\u0142tarzem, tabernakulum a ludem.<\/p>\n\n\n\n<p class=\"wp-block-paragraph\">Zmieni\u0142a muzyk\u0119.<\/p>\n\n\n\n<p class=\"wp-block-paragraph\">Zmieni\u0142a cisz\u0119.<\/p>\n\n\n\n<p class=\"wp-block-paragraph\">Zmieni\u0142a ilo\u015b\u0107 zewn\u0119trznego uczestnictwa wymaganego od wiernych.<\/p>\n\n\n\n<p class=\"wp-block-paragraph\">Zmieni\u0142a architektur\u0119.<\/p>\n\n\n\n<p class=\"wp-block-paragraph\">Zmieni\u0142a kalendarz.<\/p>\n\n\n\n<p class=\"wp-block-paragraph\">Zmieni\u0142a spos\u00f3b przyjmowania Komunii \u015awi\u0119tej.<\/p>\n\n\n\n<p class=\"wp-block-paragraph\">A przede wszystkim zmieni\u0142a, w niekt\u00f3rych kontekstach, <strong>postrzeganie tego, co naprawd\u0119 dokonuje si\u0119 podczas Mszy \u015awi\u0119tej<\/strong>.<\/p>\n\n\n\n<p class=\"wp-block-paragraph\">I w\u0142a\u015bnie tutaj znajduje si\u0119 sedno ca\u0142ej kwestii.<\/p>\n\n\n\n<hr class=\"wp-block-separator has-alpha-channel-opacity\"\/>\n\n\n\n<h1 class=\"wp-block-heading\">1. Zanim zaczniemy m\u00f3wi\u0107 o \u201eprotestantyzacji\u201d, musimy zrozumie\u0107, czym jest liturgia katolicka<\/h1>\n\n\n\n<p class=\"wp-block-paragraph\">Pierwszy b\u0142\u0105d polega na my\u015bleniu, \u017ce liturgia jest po prostu dawnym sposobem organizowania religijnego zgromadzenia.<\/p>\n\n\n\n<p class=\"wp-block-paragraph\">Tak nie jest.<\/p>\n\n\n\n<p class=\"wp-block-paragraph\">Liturgia nie jest spektaklem.<\/p>\n\n\n\n<p class=\"wp-block-paragraph\">Nie jest konferencj\u0105.<\/p>\n\n\n\n<p class=\"wp-block-paragraph\">Nie jest spotkaniem wsp\u00f3lnotowym.<\/p>\n\n\n\n<p class=\"wp-block-paragraph\">Nie nale\u017cy ani do kap\u0142ana, ani do wiernych.<\/p>\n\n\n\n<p class=\"wp-block-paragraph\">Liturgia jest przede wszystkim <strong>oddawaniem czci Bogu<\/strong>.<\/p>\n\n\n\n<p class=\"wp-block-paragraph\">Katechizm naucza, \u017ce Eucharystia jest sakramentaln\u0105 pami\u0105tk\u0105 Ofiary Chrystusa i \u017ce Chrystus jest w niej rzeczywi\u015bcie obecny.<\/p>\n\n\n\n<p class=\"wp-block-paragraph\">Dlatego podstawowe pytanie nigdy nie powinno brzmie\u0107:<\/p>\n\n\n\n<blockquote class=\"wp-block-quote is-layout-flow wp-block-quote-is-layout-flow\">\n<p class=\"wp-block-paragraph\">\u201eCzy czuj\u0119 si\u0119 dobrze podczas Mszy \u015awi\u0119tej?\u201d<\/p>\n<\/blockquote>\n\n\n\n<p class=\"wp-block-paragraph\">Pytanie powinno brzmie\u0107:<\/p>\n\n\n\n<blockquote class=\"wp-block-quote is-layout-flow wp-block-quote-is-layout-flow\">\n<p class=\"wp-block-paragraph\"><strong>\u201eCzy naprawd\u0119 oddaj\u0119 cze\u015b\u0107 Bogu i wchodz\u0119 w tajemnic\u0119 Chrystusa?\u201d<\/strong><\/p>\n<\/blockquote>\n\n\n\n<p class=\"wp-block-paragraph\">R\u00f3\u017cnica mo\u017ce wydawa\u0107 si\u0119 niewielka.<\/p>\n\n\n\n<p class=\"wp-block-paragraph\">Ale ca\u0142kowicie zmienia nasze pojmowanie liturgii.<\/p>\n\n\n\n<hr class=\"wp-block-separator has-alpha-channel-opacity\"\/>\n\n\n\n<h1 class=\"wp-block-heading\">2. Msza nie narodzi\u0142a si\u0119 w XX wieku<\/h1>\n\n\n\n<p class=\"wp-block-paragraph\">Zanim zaczniemy m\u00f3wi\u0107 o Soborze Watyka\u0144skim II, musimy przypomnie\u0107 sobie co\u015b podstawowego.<\/p>\n\n\n\n<p class=\"wp-block-paragraph\">Ko\u015bci\u00f3\u0142 nie wymy\u015bli\u0142 Mszy podczas Soboru Watyka\u0144skiego II.<\/p>\n\n\n\n<p class=\"wp-block-paragraph\">Eucharystia pochodzi od samego Chrystusa.<\/p>\n\n\n\n<p class=\"wp-block-paragraph\">Podczas Ostatniej Wieczerzy nasz Pan wzi\u0105\u0142 chleb i wino i powiedzia\u0142:<\/p>\n\n\n\n<blockquote class=\"wp-block-quote is-layout-flow wp-block-quote-is-layout-flow\">\n<p class=\"wp-block-paragraph\"><strong>\u201eTo czy\u0144cie na moj\u0105 pami\u0105tk\u0119\u201d.<\/strong><br><em>(\u0141k 22,19)<\/em><\/p>\n<\/blockquote>\n\n\n\n<p class=\"wp-block-paragraph\">Ale Ostatniej Wieczerzy nie mo\u017cna oddzieli\u0107 od Kalwarii.<\/p>\n\n\n\n<p class=\"wp-block-paragraph\">Chrystus ustanowi\u0142 Eucharysti\u0119, sakramentalnie antycypuj\u0105c Ofiar\u0119, kt\u00f3r\u0105 nast\u0119pnego dnia mia\u0142 z\u0142o\u017cy\u0107 na Krzy\u017cu.<\/p>\n\n\n\n<p class=\"wp-block-paragraph\">Dlatego \u015bw. Pawe\u0142 pisze:<\/p>\n\n\n\n<blockquote class=\"wp-block-quote is-layout-flow wp-block-quote-is-layout-flow\">\n<p class=\"wp-block-paragraph\"><strong>\u201eIlekro\u0107 bowiem spo\u017cywacie ten chleb albo pijecie kielich, \u015bmier\u0107 Pa\u0144sk\u0105 g\u0142osicie, a\u017c przyjdzie\u201d.<\/strong><br><em>(1 Kor 11,26)<\/em><\/p>\n<\/blockquote>\n\n\n\n<p class=\"wp-block-paragraph\">Msza jest zatem nierozerwalnie zwi\u0105zana z Ofiar\u0105 Chrystusa.<\/p>\n\n\n\n<p class=\"wp-block-paragraph\">Nie wspominamy jedynie czego\u015b, co wydarzy\u0142o si\u0119 dwa tysi\u0105ce lat temu.<\/p>\n\n\n\n<p class=\"wp-block-paragraph\"><strong>Jedyna Ofiara Chrystusa staje si\u0119 obecna w spos\u00f3b sakramentalny.<\/strong><\/p>\n\n\n\n<p class=\"wp-block-paragraph\">Ta prawda ma fundamentalne znaczenie dla zrozumienia ka\u017cdej dyskusji o liturgii.<\/p>\n\n\n\n<hr class=\"wp-block-separator has-alpha-channel-opacity\"\/>\n\n\n\n<h1 class=\"wp-block-heading\">3. Ko\u015bci\u00f3\u0142 zawsze reformowa\u0142 swoj\u0105 liturgi\u0119<\/h1>\n\n\n\n<p class=\"wp-block-paragraph\">Tutaj r\u00f3wnie\u017c nale\u017cy unika\u0107 innego b\u0142\u0119du.<\/p>\n\n\n\n<p class=\"wp-block-paragraph\">Twierdzenie, \u017ce liturgia sprzed Soboru Watyka\u0144skiego II by\u0142a dok\u0142adnie identyczna z liturgi\u0105 pierwszych chrze\u015bcijan, r\u00f3wnie\u017c nie by\u0142oby historycznie poprawne.<\/p>\n\n\n\n<p class=\"wp-block-paragraph\">Ryt rzymski rozwija\u0142 si\u0119 przez ca\u0142e wieki.<\/p>\n\n\n\n<p class=\"wp-block-paragraph\">\u015awi\u0119ty Grzegorz Wielki odegra\u0142 decyduj\u0105c\u0105 rol\u0119 w kszta\u0142towaniu liturgii rzymskiej.<\/p>\n\n\n\n<p class=\"wp-block-paragraph\">P\u00f3\u017aniej nast\u0105pi\u0142y zmiany \u015bredniowieczne.<\/p>\n\n\n\n<p class=\"wp-block-paragraph\">Sob\u00f3r Trydencki, w nast\u0119pstwie kryzysu wywo\u0142anego reformacj\u0105 protestanck\u0105, przeprowadzi\u0142 wa\u017cn\u0105 prac\u0119 w zakresie wyja\u015bnienia i ujednolicenia liturgii.<\/p>\n\n\n\n<p class=\"wp-block-paragraph\">\u015awi\u0119ty Pius V promulgowa\u0142 w 1570 roku Msza\u0142 Rzymski, kt\u00f3ry przez wieki sta\u0142 si\u0119 normatywn\u0105 form\u0105 rytu rzymskiego.<\/p>\n\n\n\n<p class=\"wp-block-paragraph\">A zatem:<\/p>\n\n\n\n<p class=\"wp-block-paragraph\"><strong>Reforma liturgii sama w sobie nie jest sprzeczna z Tradycj\u0105.<\/strong><\/p>\n\n\n\n<p class=\"wp-block-paragraph\">Prawdziwe pytania brzmi\u0105:<\/p>\n\n\n\n<h3 class=\"wp-block-heading\">Co jest reformowane, dlaczego jest reformowane i co zostaje zachowane?<\/h3>\n\n\n\n<hr class=\"wp-block-separator has-alpha-channel-opacity\"\/>\n\n\n\n<h1 class=\"wp-block-heading\">4. Sob\u00f3r Watyka\u0144ski II: czego naprawd\u0119 \u017c\u0105da\u0142?<\/h1>\n\n\n\n<p class=\"wp-block-paragraph\">Docieramy tutaj do jednej z najwa\u017cniejszych kwestii ca\u0142ej debaty.<\/p>\n\n\n\n<p class=\"wp-block-paragraph\">Konstytucja <em>Sacrosanctum Concilium<\/em> nie domaga\u0142a si\u0119 stworzenia ca\u0142kowicie nowej liturgii.<\/p>\n\n\n\n<p class=\"wp-block-paragraph\">Wr\u0119cz przeciwnie.<\/p>\n\n\n\n<p class=\"wp-block-paragraph\">Wyra\u017anie stwierdza\u0142a, \u017ce w liturgii istniej\u0105 elementy niezmienne, poniewa\u017c zosta\u0142y ustanowione przez Boga, oraz elementy, kt\u00f3re mog\u0105 zosta\u0107 zmienione.<\/p>\n\n\n\n<p class=\"wp-block-paragraph\">A kiedy m\u00f3wi o reformie obrz\u0119du Mszy, stwierdza co\u015b niezwykle wa\u017cnego:<\/p>\n\n\n\n<blockquote class=\"wp-block-quote is-layout-flow wp-block-quote-is-layout-flow\">\n<p class=\"wp-block-paragraph\"><strong>\u201eObrz\u0119dy nale\u017cy upro\u015bci\u0107, zachowuj\u0105c jednak wiernie ich istot\u0119\u201d.<\/strong><\/p>\n<\/blockquote>\n\n\n\n<p class=\"wp-block-paragraph\">Sob\u00f3r prosi\u0142 r\u00f3wnie\u017c o usuni\u0119cie powt\u00f3rze\u0144 lub element\u00f3w mniej u\u017cytecznych oraz o przywr\u00f3cenie innych element\u00f3w staro\u017cytnych, kiedy by\u0142oby to w\u0142a\u015bciwe.<\/p>\n\n\n\n<p class=\"wp-block-paragraph\">Jest to fundamentalne.<\/p>\n\n\n\n<p class=\"wp-block-paragraph\">Poniewa\u017c Sob\u00f3r nie powiedzia\u0142:<\/p>\n\n\n\n<p class=\"wp-block-paragraph\"><strong>\u201eStw\u00f3rzcie now\u0105 Msz\u0119\u201d.<\/strong><\/p>\n\n\n\n<p class=\"wp-block-paragraph\">Powiedzia\u0142:<\/p>\n\n\n\n<p class=\"wp-block-paragraph\"><strong>\u201eZreformujcie obrz\u0119d\u201d.<\/strong><\/p>\n\n\n\n<p class=\"wp-block-paragraph\">I uczyni\u0142 to z wyra\u017anym celem duszpasterskim:<\/p>\n\n\n\n<p class=\"wp-block-paragraph\">aby wierni mogli uczestniczy\u0107 w spos\u00f3b bardziej \u015bwiadomy, pobo\u017cny i aktywny.<\/p>\n\n\n\n<hr class=\"wp-block-separator has-alpha-channel-opacity\"\/>\n\n\n\n<h1 class=\"wp-block-heading\">5. Co oznacza\u0142o wi\u0119c \u201eczynne uczestnictwo\u201d?<\/h1>\n\n\n\n<p class=\"wp-block-paragraph\">Tutaj znajdujemy prawdopodobnie jedno z najwi\u0119kszych nieporozumie\u0144 epoki nowo\u017cytnej.<\/p>\n\n\n\n<p class=\"wp-block-paragraph\">Dla wielu katolik\u00f3w \u201eczynne uczestnictwo\u201d oznacza:<\/p>\n\n\n\n<ul class=\"wp-block-list\">\n<li>czytanie;<\/li>\n\n\n\n<li>\u015bpiewanie;<\/li>\n\n\n\n<li>odpowiadanie;<\/li>\n\n\n\n<li>przynoszenie dar\u00f3w;<\/li>\n\n\n\n<li>wyg\u0142aszanie wprowadze\u0144;<\/li>\n\n\n\n<li>ci\u0105g\u0142e m\u00f3wienie;<\/li>\n\n\n\n<li>bycie nadzwyczajnym szafarzem Komunii;<\/li>\n\n\n\n<li>wyg\u0142aszanie og\u0142osze\u0144;<\/li>\n\n\n\n<li>widoczne uczestniczenie w r\u00f3\u017cnych dzia\u0142aniach.<\/li>\n<\/ul>\n\n\n\n<p class=\"wp-block-paragraph\">Ale niekoniecznie jest to znaczenie uczestnictwa w liturgii.<\/p>\n\n\n\n<p class=\"wp-block-paragraph\">Sam Sob\u00f3r Watyka\u0144ski II m\u00f3wi\u0142 o <strong>uczestnictwie wewn\u0119trznym i zewn\u0119trznym<\/strong>.<\/p>\n\n\n\n<p class=\"wp-block-paragraph\">I prosi\u0142 wiernych, aby rozumieli obrz\u0119dy i modlitwy oraz uczestniczyli w nich \u015bwiadomie, pobo\u017cnie i aktywnie.<\/p>\n\n\n\n<p class=\"wp-block-paragraph\">Prawdziwe uczestnictwo mo\u017ce by\u0107 g\u0142\u0119boko milcz\u0105ce.<\/p>\n\n\n\n<p class=\"wp-block-paragraph\">Starsza osoba, kt\u00f3ra podczas Kanonu kl\u0119ka i wewn\u0119trznie ofiarowuje swoje cierpienia, mo\u017ce uczestniczy\u0107 we Mszy g\u0142\u0119biej ni\u017c kto\u015b, kto wykonuje pi\u0119\u0107 publicznych czynno\u015bci, nie rozumiej\u0105c tajemnicy.<\/p>\n\n\n\n<p class=\"wp-block-paragraph\">Dlatego Benedykt XVI przypomina\u0142 p\u00f3\u017aniej, \u017ce prawdziwego uczestnictwa nie mo\u017cna sprowadza\u0107 do zewn\u0119trznej aktywno\u015bci. Skupienie, wewn\u0119trzne nawr\u00f3cenie, post i spowied\u017a nale\u017c\u0105 do warunk\u00f3w owocnego uczestnictwa.<\/p>\n\n\n\n<hr class=\"wp-block-separator has-alpha-channel-opacity\"\/>\n\n\n\n<h1 class=\"wp-block-heading\">6. Problem pojawia si\u0119 wtedy, gdy \u201euczestniczy\u0107\u201d oznacza \u201eco\u015b robi\u0107\u201d<\/h1>\n\n\n\n<p class=\"wp-block-paragraph\">Tutaj dochodzimy do jednego z wielkich problem\u00f3w duszpasterskich, kt\u00f3re pojawi\u0142y si\u0119 po Soborze.<\/p>\n\n\n\n<p class=\"wp-block-paragraph\">W niekt\u00f3rych \u015brodowiskach nast\u0105pi\u0142a prawdziwa zmiana mentalno\u015bci.<\/p>\n\n\n\n<p class=\"wp-block-paragraph\">Pytanie przesz\u0142o od:<\/p>\n\n\n\n<blockquote class=\"wp-block-quote is-layout-flow wp-block-quote-is-layout-flow\">\n<p class=\"wp-block-paragraph\">\u201eJak mog\u0119 wewn\u0119trznie wej\u015b\u0107 w Ofiar\u0119 Chrystusa?\u201d<\/p>\n<\/blockquote>\n\n\n\n<p class=\"wp-block-paragraph\">do:<\/p>\n\n\n\n<blockquote class=\"wp-block-quote is-layout-flow wp-block-quote-is-layout-flow\">\n<p class=\"wp-block-paragraph\">\u201eCo mog\u0119 zrobi\u0107 podczas Mszy?\u201d<\/p>\n<\/blockquote>\n\n\n\n<p class=\"wp-block-paragraph\">Oba pytania mog\u0105 wydawa\u0107 si\u0119 identyczne.<\/p>\n\n\n\n<p class=\"wp-block-paragraph\">Ale takie nie s\u0105.<\/p>\n\n\n\n<p class=\"wp-block-paragraph\">Liturgia nie potrzebuje tego, aby wszyscy byli czym\u015b zaj\u0119ci.<\/p>\n\n\n\n<p class=\"wp-block-paragraph\">Potrzebuje tego, aby wszyscy byli <strong>skierowani ku Bogu<\/strong>.<\/p>\n\n\n\n<p class=\"wp-block-paragraph\"><em>Sacrosanctum Concilium<\/em> wyra\u017anie przypomina o znaczeniu <strong>\u015bwi\u0119tej ciszy<\/strong>.<\/p>\n\n\n\n<p class=\"wp-block-paragraph\">Paradoksalnie wi\u0119c reforma maj\u0105ca sprzyja\u0107 uczestnictwu mog\u0142a w niekt\u00f3rych miejscach doprowadzi\u0107 do celebracji niezwykle bogatych w s\u0142owa, \u015bpiew, komentarze i ruch, ale ubogich w cisz\u0119.<\/p>\n\n\n\n<p class=\"wp-block-paragraph\">A cisza nie jest brakiem uczestnictwa.<\/p>\n\n\n\n<p class=\"wp-block-paragraph\">Czasami jest jego najg\u0142\u0119bsz\u0105 form\u0105.<\/p>\n\n\n\n<hr class=\"wp-block-separator has-alpha-channel-opacity\"\/>\n\n\n\n<h1 class=\"wp-block-heading\">7. \u0141acina: czy Sob\u00f3r Watyka\u0144ski II j\u0105 zni\u00f3s\u0142?<\/h1>\n\n\n\n<p class=\"wp-block-paragraph\">Nie.<\/p>\n\n\n\n<p class=\"wp-block-paragraph\">Ten punkt nale\u017cy wyja\u015bni\u0107, poniewa\u017c istnieje w tej kwestii ogromne historyczne zamieszanie.<\/p>\n\n\n\n<p class=\"wp-block-paragraph\"><em>Sacrosanctum Concilium<\/em> stwierdza wyra\u017anie:<\/p>\n\n\n\n<blockquote class=\"wp-block-quote is-layout-flow wp-block-quote-is-layout-flow\">\n<p class=\"wp-block-paragraph\"><strong>\u201eNale\u017cy zachowa\u0107 u\u017cywanie j\u0119zyka \u0142aci\u0144skiego w obrz\u0105dkach \u0142aci\u0144skich, z wyj\u0105tkiem praw partykularnych\u201d.<\/strong><\/p>\n<\/blockquote>\n\n\n\n<p class=\"wp-block-paragraph\">Jednocze\u015bnie dopuszcza szersze u\u017cycie j\u0119zyk\u00f3w narodowych, zw\u0142aszcza w czytaniach, pouczeniach, niekt\u00f3rych modlitwach i \u015bpiewach.<\/p>\n\n\n\n<p class=\"wp-block-paragraph\">Ponadto paragraf 54 ustanawia, \u017ce wierni powinni by\u0107 zdolni do wsp\u00f3lnego odmawiania lub \u015bpiewania po \u0142acinie tych cz\u0119\u015bci Ordinarium Mszy, kt\u00f3re do nich nale\u017c\u0105.<\/p>\n\n\n\n<p class=\"wp-block-paragraph\">Historycznie zatem fa\u0142szywe jest stwierdzenie:<\/p>\n\n\n\n<blockquote class=\"wp-block-quote is-layout-flow wp-block-quote-is-layout-flow\">\n<p class=\"wp-block-paragraph\">\u201eSob\u00f3r Watyka\u0144ski II nakaza\u0142 zniesienie \u0142aciny\u201d.<\/p>\n<\/blockquote>\n\n\n\n<p class=\"wp-block-paragraph\">Tak nie by\u0142o.<\/p>\n\n\n\n<p class=\"wp-block-paragraph\">To, co wydarzy\u0142o si\u0119 p\u00f3\u017aniej, to niezwykle szerokie rozpowszechnienie j\u0119zyk\u00f3w narodowych.<\/p>\n\n\n\n<p class=\"wp-block-paragraph\">I tutaj pojawia si\u0119 pytanie duszpasterskie.<\/p>\n\n\n\n<h3 class=\"wp-block-heading\">Czy by\u0142o to po\u017cyteczne?<\/h3>\n\n\n\n<p class=\"wp-block-paragraph\">Pod wieloma wzgl\u0119dami: tak.<\/p>\n\n\n\n<p class=\"wp-block-paragraph\">Wierni mog\u0105 bezpo\u015brednio rozumie\u0107 czytania i modlitwy.<\/p>\n\n\n\n<p class=\"wp-block-paragraph\">Ale w wielu miejscach utracono r\u00f3wnie\u017c co\u015b innego: uniwersalny wymiar kultu rzymskiego.<\/p>\n\n\n\n<p class=\"wp-block-paragraph\">Katolik m\u00f3g\u0142 wej\u015b\u0107 do ko\u015bcio\u0142a w Hiszpanii, Francji, Niemczech, W\u0142oszech czy Polsce i natychmiast rozpozna\u0107 ten sam j\u0119zyk liturgiczny.<\/p>\n\n\n\n<p class=\"wp-block-paragraph\">\u0141acina nie by\u0142a po prostu \u201etrudnym j\u0119zykiem\u201d.<\/p>\n\n\n\n<p class=\"wp-block-paragraph\">By\u0142a r\u00f3wnie\u017c <strong>znakiem uniwersalno\u015bci, ci\u0105g\u0142o\u015bci i \u015bwi\u0119to\u015bci<\/strong>.<\/p>\n\n\n\n<hr class=\"wp-block-separator has-alpha-channel-opacity\"\/>\n\n\n\n<h1 class=\"wp-block-heading\">8. A co z <em>ad orientem<\/em>?<\/h1>\n\n\n\n<p class=\"wp-block-paragraph\">Kolejn\u0105 zmian\u0105 o ogromnych konsekwencjach psychologicznych i teologicznych by\u0142o rozpowszechnienie celebracji <em>versus populum<\/em>, czyli celebracji, w kt\u00f3rej kap\u0142an zwr\u00f3cony jest twarz\u0105 do ludu.<\/p>\n\n\n\n<p class=\"wp-block-paragraph\">Tak\u017ce tutaj nale\u017cy zachowa\u0107 precyzj\u0119.<\/p>\n\n\n\n<p class=\"wp-block-paragraph\"><strong>Sob\u00f3r Watyka\u0144ski II nie nakaza\u0142 wyra\u017anie, aby Msza by\u0142a odprawiana z kap\u0142anem zwr\u00f3conym twarz\u0105 do ludu.<\/strong><\/p>\n\n\n\n<p class=\"wp-block-paragraph\">Orientacja o\u0142tarza nie zosta\u0142a w tych kategoriach nakazana przez <em>Sacrosanctum Concilium<\/em>.<\/p>\n\n\n\n<p class=\"wp-block-paragraph\">Jednak celebracja <em>versus populum<\/em> rozpowszechni\u0142a si\u0119 ogromnie po Soborze.<\/p>\n\n\n\n<p class=\"wp-block-paragraph\">A ma to konsekwencje symboliczne.<\/p>\n\n\n\n<p class=\"wp-block-paragraph\">Kiedy kap\u0142an i lud s\u0105 zwr\u00f3ceni w stron\u0119 tego samego o\u0142tarza, przekazywany jest szczeg\u00f3lnie silny obraz:<\/p>\n\n\n\n<p class=\"wp-block-paragraph\"><strong>Wszyscy s\u0105 zwr\u00f3ceni ku Bogu.<\/strong><\/p>\n\n\n\n<p class=\"wp-block-paragraph\">Kap\u0142an nie wydaje si\u0119 m\u00f3wi\u0107 do ludu.<\/p>\n\n\n\n<p class=\"wp-block-paragraph\">Prowadzi lud ku Panu.<\/p>\n\n\n\n<p class=\"wp-block-paragraph\">Kiedy natomiast kap\u0142an jest stale zwr\u00f3cony do zgromadzenia, mo\u017ce \u2013 cho\u0107 nie musi \u2013 powsta\u0107 inne postrzeganie:<\/p>\n\n\n\n<blockquote class=\"wp-block-quote is-layout-flow wp-block-quote-is-layout-flow\">\n<p class=\"wp-block-paragraph\">Kap\u0142an \u2194 Lud.<\/p>\n<\/blockquote>\n\n\n\n<p class=\"wp-block-paragraph\">Liturgia mo\u017ce psychologicznie zacz\u0105\u0107 przypomina\u0107 poziom\u0105 form\u0119 komunikacji.<\/p>\n\n\n\n<p class=\"wp-block-paragraph\">A jest to szczeg\u00f3lnie niebezpieczne w epoce zdominowanej przez indywidualizm.<\/p>\n\n\n\n<p class=\"wp-block-paragraph\">Poniewa\u017c Msza nie jest przede wszystkim rozmow\u0105 wsp\u00f3lnoty samej ze sob\u0105.<\/p>\n\n\n\n<p class=\"wp-block-paragraph\">To lud Bo\u017cy, zjednoczony z Chrystusem, <strong>oddaje cze\u015b\u0107 Ojcu<\/strong>.<\/p>\n\n\n\n<hr class=\"wp-block-separator has-alpha-channel-opacity\"\/>\n\n\n\n<h1 class=\"wp-block-heading\">9. Czy Msza sta\u0142a si\u0119 \u201ezgromadzeniem\u201d?<\/h1>\n\n\n\n<p class=\"wp-block-paragraph\">Dotykamy tutaj bardzo delikatnej kwestii.<\/p>\n\n\n\n<p class=\"wp-block-paragraph\">Ko\u015bci\u00f3\u0142 jest wsp\u00f3lnot\u0105.<\/p>\n\n\n\n<p class=\"wp-block-paragraph\">Oczywi\u015bcie.<\/p>\n\n\n\n<p class=\"wp-block-paragraph\">Jeste\u015bmy Mistycznym Cia\u0142em Chrystusa.<\/p>\n\n\n\n<p class=\"wp-block-paragraph\">Ale Ko\u015bci\u00f3\u0142 nie jest wsp\u00f3lnot\u0105 w nowoczesnym znaczeniu socjologicznym.<\/p>\n\n\n\n<p class=\"wp-block-paragraph\">Nie jeste\u015bmy stowarzyszeniem jednostek, kt\u00f3re podzielaj\u0105 okre\u015blone warto\u015bci.<\/p>\n\n\n\n<p class=\"wp-block-paragraph\">Ko\u015bci\u00f3\u0142 pochodzi od Chrystusa.<\/p>\n\n\n\n<p class=\"wp-block-paragraph\">A liturgia nie istnieje po prostu dlatego, \u017ce si\u0119 gromadzimy.<\/p>\n\n\n\n<p class=\"wp-block-paragraph\">Gromadzimy si\u0119, poniewa\u017c <strong>Chrystus wprowadza nas w swoj\u0105 Ofiar\u0119<\/strong>.<\/p>\n\n\n\n<p class=\"wp-block-paragraph\">To rozr\u00f3\u017cnienie jest fundamentalne.<\/p>\n\n\n\n<p class=\"wp-block-paragraph\">Kiedy wsp\u00f3lnota staje si\u0119 protagonist\u0105, istnieje ryzyko, \u017ce liturgia utraci sw\u00f3j wymiar wertykalny.<\/p>\n\n\n\n<p class=\"wp-block-paragraph\">B\u00f3g przestaje wydawa\u0107 si\u0119 centrum.<\/p>\n\n\n\n<p class=\"wp-block-paragraph\">A wsp\u00f3lnota zaczyna patrze\u0107 na sam\u0105 siebie.<\/p>\n\n\n\n<hr class=\"wp-block-separator has-alpha-channel-opacity\"\/>\n\n\n\n<h1 class=\"wp-block-heading\">10. Oto wielkie pytanie: czy nast\u0105pi\u0142a \u201eprotestantyzacja\u201d?<\/h1>\n\n\n\n<p class=\"wp-block-paragraph\">Odpowied\u017a musi by\u0107 wywa\u017cona.<\/p>\n\n\n\n<h3 class=\"wp-block-heading\">Nie jest poprawne twierdzenie, \u017ce Ko\u015bci\u00f3\u0142 katolicki przyj\u0105\u0142 teologicznie doktryn\u0119 protestanck\u0105.<\/h3>\n\n\n\n<p class=\"wp-block-paragraph\">Katolicka doktryna dotycz\u0105ca Eucharystii pozosta\u0142a taka sama.<\/p>\n\n\n\n<p class=\"wp-block-paragraph\">Ko\u015bci\u00f3\u0142 nadal naucza:<\/p>\n\n\n\n<ul class=\"wp-block-list\">\n<li>o rzeczywistej obecno\u015bci Chrystusa;<\/li>\n\n\n\n<li>o transsubstancjacji;<\/li>\n\n\n\n<li>o ofiarnym charakterze Mszy;<\/li>\n\n\n\n<li>o kap\u0142a\u0144stwie ministerialnym;<\/li>\n\n\n\n<li>o rzeczywisto\u015bci o\u0142tarza;<\/li>\n\n\n\n<li>o konieczno\u015bci \u0142aski;<\/li>\n\n\n\n<li>o kulcie eucharystycznym.<\/li>\n<\/ul>\n\n\n\n<p class=\"wp-block-paragraph\">Katechizm zachowuje jasno tradycyjn\u0105 nauk\u0119 o Eucharystii.<\/p>\n\n\n\n<p class=\"wp-block-paragraph\">By\u0142oby zatem teologicznie nieodpowiedzialne m\u00f3wi\u0107:<\/p>\n\n\n\n<blockquote class=\"wp-block-quote is-layout-flow wp-block-quote-is-layout-flow\">\n<p class=\"wp-block-paragraph\">\u201eKo\u015bci\u00f3\u0142 ju\u017c nie wierzy w Ofiar\u0119 Mszy\u201d.<\/p>\n<\/blockquote>\n\n\n\n<p class=\"wp-block-paragraph\">Nie.<\/p>\n\n\n\n<p class=\"wp-block-paragraph\">Ale istnieje inne pytanie.<\/p>\n\n\n\n<h3 class=\"wp-block-heading\">Oficjalna doktryna i liturgiczne postrzeganie wiernych to dwie r\u00f3\u017cne rzeczy.<\/h3>\n\n\n\n<p class=\"wp-block-paragraph\">I w\u0142a\u015bnie tutaj znajduje si\u0119 problem, kt\u00f3rego nie mo\u017cemy ignorowa\u0107.<\/p>\n\n\n\n<hr class=\"wp-block-separator has-alpha-channel-opacity\"\/>\n\n\n\n<h1 class=\"wp-block-heading\">11. <em>Lex orandi, lex credendi<\/em><\/h1>\n\n\n\n<p class=\"wp-block-paragraph\">Tradycja katolicka zawsze rozumia\u0142a, \u017ce istnieje g\u0142\u0119boka wi\u0119\u017a mi\u0119dzy sposobem, w jaki si\u0119 modlimy, a sposobem, w jaki wierzymy.<\/p>\n\n\n\n<p class=\"wp-block-paragraph\"><strong>Lex orandi, lex credendi.<\/strong><\/p>\n\n\n\n<p class=\"wp-block-paragraph\">Prawo modlitwy jest zwi\u0105zane z prawem wiary.<\/p>\n\n\n\n<p class=\"wp-block-paragraph\">Benedykt XVI wyra\u017anie przypomnia\u0142 t\u0119 wi\u0119\u017a, kiedy m\u00f3wi\u0142 o tradycyjnej liturgii.<\/p>\n\n\n\n<p class=\"wp-block-paragraph\">Oznacza to co\u015b niezwykle wa\u017cnego:<\/p>\n\n\n\n<h3 class=\"wp-block-heading\">Liturgia nie tylko wyra\u017ca wiar\u0119.<\/h3>\n\n\n\n<p class=\"wp-block-paragraph\">Ona r\u00f3wnie\u017c wychowuje nas do wiary.<\/p>\n\n\n\n<p class=\"wp-block-paragraph\">Dziecko nie uczy si\u0119 teologii tylko z ksi\u0105\u017cki.<\/p>\n\n\n\n<p class=\"wp-block-paragraph\">Uczy si\u0119 jej tak\u017ce, obserwuj\u0105c:<\/p>\n\n\n\n<ul class=\"wp-block-list\">\n<li>gdzie znajduje si\u0119 tabernakulum;<\/li>\n\n\n\n<li>jak doro\u015bli kl\u0119kaj\u0105;<\/li>\n\n\n\n<li>jak przyjmuje si\u0119 Komuni\u0119 \u015awi\u0119t\u0105;<\/li>\n\n\n\n<li>jak ubrany jest kap\u0142an;<\/li>\n\n\n\n<li>jakie pie\u015bni s\u0105 \u015bpiewane;<\/li>\n\n\n\n<li>ile jest ciszy;<\/li>\n\n\n\n<li>w kt\u00f3r\u0105 stron\u0119 zwr\u00f3cony jest kap\u0142an;<\/li>\n\n\n\n<li>jak traktowany jest o\u0142tarz;<\/li>\n\n\n\n<li>jakie s\u0142owa s\u0105 wypowiadane.<\/li>\n<\/ul>\n\n\n\n<p class=\"wp-block-paragraph\">Wszystko to jest katechez\u0105.<\/p>\n\n\n\n<hr class=\"wp-block-separator has-alpha-channel-opacity\"\/>\n\n\n\n<h1 class=\"wp-block-heading\">12. Jedno pokolenie nauczy\u0142o si\u0119, \u017ce Msza jest Ofiar\u0105<\/h1>\n\n\n\n<p class=\"wp-block-paragraph\">Przez wieki ryt rzymski by\u0142 bogaty w znaki, kt\u00f3re nieustannie wskazywa\u0142y na ofiarny charakter Eucharystii.<\/p>\n\n\n\n<p class=\"wp-block-paragraph\">O\u0142tarz.<\/p>\n\n\n\n<p class=\"wp-block-paragraph\">Cisza.<\/p>\n\n\n\n<p class=\"wp-block-paragraph\">Kanon.<\/p>\n\n\n\n<p class=\"wp-block-paragraph\">Przykl\u0119kni\u0119cia.<\/p>\n\n\n\n<p class=\"wp-block-paragraph\">Orientacja.<\/p>\n\n\n\n<p class=\"wp-block-paragraph\">Gesty kap\u0142a\u0144skie.<\/p>\n\n\n\n<p class=\"wp-block-paragraph\">J\u0119zyk sakramentalny.<\/p>\n\n\n\n<p class=\"wp-block-paragraph\">U\u017cycie kadzid\u0142a.<\/p>\n\n\n\n<p class=\"wp-block-paragraph\">Centralne miejsce tabernakulum.<\/p>\n\n\n\n<p class=\"wp-block-paragraph\">Uroczysto\u015b\u0107 s\u0142\u00f3w konsekracji.<\/p>\n\n\n\n<p class=\"wp-block-paragraph\">Wszystko to tworzy\u0142o prawdziwy <strong>ekosystem teologiczny<\/strong>.<\/p>\n\n\n\n<p class=\"wp-block-paragraph\">Katolik m\u00f3g\u0142 nie zna\u0107 s\u0142owa \u201etranssubstancjacja\u201d.<\/p>\n\n\n\n<p class=\"wp-block-paragraph\">Ale wiedzia\u0142, \u017ce stoi wobec czego\u015b osza\u0142amiaj\u0105cego i wznios\u0142ego.<\/p>\n\n\n\n<p class=\"wp-block-paragraph\">Sta\u0142 przed Bogiem.<\/p>\n\n\n\n<hr class=\"wp-block-separator has-alpha-channel-opacity\"\/>\n\n\n\n<h1 class=\"wp-block-heading\">13. Potem narodzi\u0142a si\u0119 liturgia o wiele bardziej wyja\u015bniaj\u0105ca<\/h1>\n\n\n\n<p class=\"wp-block-paragraph\">Reforma mia\u0142a na celu u\u0142atwienie zrozumienia.<\/p>\n\n\n\n<p class=\"wp-block-paragraph\">I niew\u0105tpliwie posiada to aspekty pozytywne.<\/p>\n\n\n\n<p class=\"wp-block-paragraph\">Nowy Lekcjonarz znacznie poszerzy\u0142 kontakt wiernych z Pismem \u015awi\u0119tym. Sam Sob\u00f3r Watyka\u0144ski II prosi\u0142, aby \u201eskarbiec Biblii\u201d zosta\u0142 szerzej otwarty.<\/p>\n\n\n\n<p class=\"wp-block-paragraph\">Jest to niezwykle wa\u017cne osi\u0105gni\u0119cie.<\/p>\n\n\n\n<p class=\"wp-block-paragraph\">Ale istnieje paradoks:<\/p>\n\n\n\n<h3 class=\"wp-block-heading\">Uczynienie czego\u015b bardziej zrozumia\u0142ym nie gwarantuje, \u017ce b\u0119dzie to g\u0142\u0119biej rozumiane.<\/h3>\n\n\n\n<p class=\"wp-block-paragraph\">Mo\u017cna przet\u0142umaczy\u0107 modlitw\u0119 na j\u0119zyk ludu i nikt nadal nie zrozumie jej g\u0142\u0119bi teologicznej.<\/p>\n\n\n\n<p class=\"wp-block-paragraph\">Mo\u017cna wyja\u015bni\u0107 ka\u017cdy gest i zniszczy\u0107 tajemnic\u0119.<\/p>\n\n\n\n<p class=\"wp-block-paragraph\">Mo\u017cna uczyni\u0107 wszystko natychmiast zrozumia\u0142ym i doprowadzi\u0107 do tego, \u017ce nic nie b\u0119dzie ju\u017c wydawa\u0142o si\u0119 transcendentne.<\/p>\n\n\n\n<hr class=\"wp-block-separator has-alpha-channel-opacity\"\/>\n\n\n\n<h1 class=\"wp-block-heading\">14. Niebezpiecze\u0144stwo nadmiernie \u201ehoryzontalnej\u201d liturgii<\/h1>\n\n\n\n<p class=\"wp-block-paragraph\">Tutaj znajdujemy jedn\u0105 z najpowa\u017cniejszych krytyk, jakie mo\u017cna skierowa\u0107 wobec okre\u015blonych sposob\u00f3w zastosowania reformy.<\/p>\n\n\n\n<p class=\"wp-block-paragraph\">Nie wobec samej reformy.<\/p>\n\n\n\n<p class=\"wp-block-paragraph\">Lecz wobec jej <strong>praktycznej recepcji<\/strong>.<\/p>\n\n\n\n<p class=\"wp-block-paragraph\">Kiedy wszystko jest ukierunkowane na to, aby by\u0142o natychmiast zrozumia\u0142e, uczestnicz\u0105ce i dost\u0119pne, istnieje ryzyko usuni\u0119cia w\u0142a\u015bnie tego, co odr\u00f3\u017cnia kult katolicki od zwyczajnego zgromadzenia.<\/p>\n\n\n\n<p class=\"wp-block-paragraph\">Zwyczajne zgromadzenie potrzebuje:<\/p>\n\n\n\n<ul class=\"wp-block-list\">\n<li>komunikacji;<\/li>\n\n\n\n<li>interakcji;<\/li>\n\n\n\n<li>uczestnictwa;<\/li>\n\n\n\n<li>jasno\u015bci.<\/li>\n<\/ul>\n\n\n\n<p class=\"wp-block-paragraph\">Kult potrzebuje r\u00f3wnie\u017c:<\/p>\n\n\n\n<ul class=\"wp-block-list\">\n<li>tajemnicy;<\/li>\n\n\n\n<li>adoracji;<\/li>\n\n\n\n<li>ciszy;<\/li>\n\n\n\n<li>ofiary;<\/li>\n\n\n\n<li>transcendencji;<\/li>\n\n\n\n<li>czci.<\/li>\n<\/ul>\n\n\n\n<p class=\"wp-block-paragraph\">Liturgia nie mo\u017ce sta\u0107 si\u0119 przyjemnym spotkaniem.<\/p>\n\n\n\n<p class=\"wp-block-paragraph\">Powinna prowadzi\u0107 nas do Boga.<\/p>\n\n\n\n<hr class=\"wp-block-separator has-alpha-channel-opacity\"\/>\n\n\n\n<h1 class=\"wp-block-heading\">15. Co sta\u0142o si\u0119 z muzyk\u0105?<\/h1>\n\n\n\n<p class=\"wp-block-paragraph\">To kolejny fundamentalny punkt.<\/p>\n\n\n\n<p class=\"wp-block-paragraph\"><em>Sacrosanctum Concilium<\/em> nie odrzuci\u0142o tradycji muzycznej Ko\u015bcio\u0142a.<\/p>\n\n\n\n<p class=\"wp-block-paragraph\">Wr\u0119cz przeciwnie.<\/p>\n\n\n\n<p class=\"wp-block-paragraph\">Domaga\u0142o si\u0119, aby skarbiec muzyki sakralnej by\u0142 starannie zachowywany i rozwijany oraz zach\u0119ca\u0142o do formacji <em>scholae cantorum<\/em>.<\/p>\n\n\n\n<p class=\"wp-block-paragraph\">\u015apiew gregoria\u0144ski nie zosta\u0142 uznany za przestarza\u0142y.<\/p>\n\n\n\n<p class=\"wp-block-paragraph\">Jednak w wielu miejscach muzyka liturgiczna po Soborze stopniowo porzuca\u0142a j\u0119zyk tradycyjny.<\/p>\n\n\n\n<p class=\"wp-block-paragraph\">Pojawi\u0142y si\u0119 pie\u015bni w stylu popularnym.<\/p>\n\n\n\n<p class=\"wp-block-paragraph\">Gitary.<\/p>\n\n\n\n<p class=\"wp-block-paragraph\">Melodie charakterystyczne dla muzyki \u015bwieckiej.<\/p>\n\n\n\n<p class=\"wp-block-paragraph\">Pie\u015bni skupione na wsp\u00f3lnocie.<\/p>\n\n\n\n<p class=\"wp-block-paragraph\">W niekt\u00f3rych przypadkach nawet style muzyczne trudne do odr\u00f3\u017cnienia od tych u\u017cywanych podczas wydarze\u0144 m\u0142odzie\u017cowych.<\/p>\n\n\n\n<p class=\"wp-block-paragraph\">I ponownie pojawia si\u0119 pytanie:<\/p>\n\n\n\n<h3 class=\"wp-block-heading\">Czy muzyka pomaga nam patrze\u0107 na Boga, czy sk\u0142ania nas do patrzenia na samych siebie?<\/h3>\n\n\n\n<p class=\"wp-block-paragraph\">Nie ka\u017cda muzyka wsp\u00f3\u0142czesna jest z\u0142a.<\/p>\n\n\n\n<p class=\"wp-block-paragraph\">I nie ka\u017cda muzyka dawna jest automatycznie sakralna.<\/p>\n\n\n\n<p class=\"wp-block-paragraph\">Katolickie kryterium powinno by\u0107 inne:<\/p>\n\n\n\n<blockquote class=\"wp-block-quote is-layout-flow wp-block-quote-is-layout-flow\">\n<p class=\"wp-block-paragraph\"><strong>Czy ta muzyka wyra\u017ca \u015bwi\u0119to\u015b\u0107 kultu i prowadzi dusz\u0119 do Boga?<\/strong><\/p>\n<\/blockquote>\n\n\n\n<hr class=\"wp-block-separator has-alpha-channel-opacity\"\/>\n\n\n\n<h1 class=\"wp-block-heading\">16. Kap\u0142an: kap\u0142an czy przewodnicz\u0105cy?<\/h1>\n\n\n\n<p class=\"wp-block-paragraph\">S\u0142owo ma znaczenie.<\/p>\n\n\n\n<p class=\"wp-block-paragraph\">W \u015brodowiskach znajduj\u0105cych si\u0119 pod wp\u0142ywem mentalno\u015bci socjologicznej kap\u0142an mo\u017ce by\u0107 stopniowo postrzegany jako ten,<\/p>\n\n\n\n<p class=\"wp-block-paragraph\"><strong>\u201ekt\u00f3ry przewodniczy celebracji\u201d.<\/strong><\/p>\n\n\n\n<p class=\"wp-block-paragraph\">Ale katolicki kap\u0142an jest kim\u015b wi\u0119cej.<\/p>\n\n\n\n<p class=\"wp-block-paragraph\">Jest kap\u0142anem.<\/p>\n\n\n\n<p class=\"wp-block-paragraph\">Dzia\u0142a sakramentalnie <strong>in persona Christi Capitis<\/strong>.<\/p>\n\n\n\n<p class=\"wp-block-paragraph\">Nie jest po prostu delegatem wsp\u00f3lnoty.<\/p>\n\n\n\n<p class=\"wp-block-paragraph\">A Eucharystia nie jest po prostu celebracj\u0105 wsp\u00f3lnoty, kt\u00f3ra wspomina Jezusa.<\/p>\n\n\n\n<p class=\"wp-block-paragraph\">To Chrystus dzia\u0142a sakramentalnie.<\/p>\n\n\n\n<p class=\"wp-block-paragraph\">Nie wyklucza to ludu.<\/p>\n\n\n\n<p class=\"wp-block-paragraph\">Wr\u0119cz przeciwnie.<\/p>\n\n\n\n<p class=\"wp-block-paragraph\">Ca\u0142y Ko\u015bci\u00f3\u0142 uczestniczy.<\/p>\n\n\n\n<p class=\"wp-block-paragraph\">Ale ka\u017cdy zgodnie ze swoim stanem.<\/p>\n\n\n\n<p class=\"wp-block-paragraph\"><em>Sacrosanctum Concilium<\/em> w\u0142a\u015bnie to podkre\u015bla: ka\u017cdy powinien wykonywa\u0107 te czynno\u015bci, kt\u00f3re nale\u017c\u0105 do niego zgodnie z natur\u0105 czynno\u015bci liturgicznej.<\/p>\n\n\n\n<hr class=\"wp-block-separator has-alpha-channel-opacity\"\/>\n\n\n\n<h1 class=\"wp-block-heading\">17. Wielki b\u0142\u0105d: mylenie powszechnego kap\u0142a\u0144stwa ochrzczonych z kap\u0142a\u0144stwem ministerialnym<\/h1>\n\n\n\n<p class=\"wp-block-paragraph\">Wszyscy ochrzczeni uczestnicz\u0105 w kap\u0142a\u0144stwie Chrystusa.<\/p>\n\n\n\n<p class=\"wp-block-paragraph\">Ale nie wszyscy posiadaj\u0105 kap\u0142a\u0144stwo ministerialne.<\/p>\n\n\n\n<p class=\"wp-block-paragraph\">R\u00f3\u017cnica nie jest jedynie funkcjonalna.<\/p>\n\n\n\n<p class=\"wp-block-paragraph\">Jest sakramentalna.<\/p>\n\n\n\n<p class=\"wp-block-paragraph\">Dlatego liturgia powinna jednocze\u015bnie wyra\u017ca\u0107:<\/p>\n\n\n\n<p class=\"wp-block-paragraph\"><strong>uczestnictwo ca\u0142ego ludu<\/strong><\/p>\n\n\n\n<p class=\"wp-block-paragraph\">oraz<\/p>\n\n\n\n<p class=\"wp-block-paragraph\"><strong>w\u0142a\u015bciwe i jedyne dzia\u0142anie kap\u0142a\u0144skie wy\u015bwi\u0119conego szafarza.<\/strong><\/p>\n\n\n\n<p class=\"wp-block-paragraph\">Kiedy wszyscy robi\u0105 to samo, istnieje ryzyko zatarcia w\u0142a\u015bnie tego rozr\u00f3\u017cnienia.<\/p>\n\n\n\n<p class=\"wp-block-paragraph\">A to nie jest katolickie.<\/p>\n\n\n\n<hr class=\"wp-block-separator has-alpha-channel-opacity\"\/>\n\n\n\n<h1 class=\"wp-block-heading\">18. \u015awi\u0119ta Komunia: zmiana, kt\u00f3ra r\u00f3wnie\u017c naucza<\/h1>\n\n\n\n<p class=\"wp-block-paragraph\">Tak\u017ce spos\u00f3b przyjmowania Eucharystii posiada ogromne znaczenie katechetyczne.<\/p>\n\n\n\n<p class=\"wp-block-paragraph\">Przez wieki w rycie rzymskim Komuni\u0119 \u015awi\u0119t\u0105 przyjmowano zazwyczaj kl\u0119cz\u0105c i bezpo\u015brednio na j\u0119zyk.<\/p>\n\n\n\n<p class=\"wp-block-paragraph\">Rozpowszechnienie Komunii na r\u0119k\u0119 g\u0142\u0119boko zmieni\u0142o cielesne do\u015bwiadczenie sakramentu.<\/p>\n\n\n\n<p class=\"wp-block-paragraph\">Nie oznacza to, \u017ce przyjmowanie Komunii na r\u0119k\u0119 jest automatycznie pozbawione czci tam, gdzie jest prawnie dozwolone.<\/p>\n\n\n\n<p class=\"wp-block-paragraph\">Ale stawia pytanie duszpasterskie:<\/p>\n\n\n\n<h3 class=\"wp-block-heading\">Jakie gesty najlepiej wyra\u017caj\u0105, \u017ce przyjmujemy Kr\u00f3la wszech\u015bwiata?<\/h3>\n\n\n\n<p class=\"wp-block-paragraph\">Liturgia wychowuje nas poprzez cia\u0142o.<\/p>\n\n\n\n<p class=\"wp-block-paragraph\">Kl\u0119kamy przed Bogiem.<\/p>\n\n\n\n<p class=\"wp-block-paragraph\">Pochylamy si\u0119.<\/p>\n\n\n\n<p class=\"wp-block-paragraph\">Pozostajemy w ciszy.<\/p>\n\n\n\n<p class=\"wp-block-paragraph\">Nie dlatego, \u017ce B\u00f3g potrzebuje naszych gest\u00f3w.<\/p>\n\n\n\n<p class=\"wp-block-paragraph\"><strong>Ale dlatego, \u017ce my potrzebujemy poprzez nie nauczy\u0107 si\u0119, kim jest B\u00f3g.<\/strong><\/p>\n\n\n\n<hr class=\"wp-block-separator has-alpha-channel-opacity\"\/>\n\n\n\n<h1 class=\"wp-block-heading\">19. Utrata poczucia sacrum<\/h1>\n\n\n\n<p class=\"wp-block-paragraph\">Jest to by\u0107 mo\u017ce jedna z najwa\u017cniejszych konsekwencji.<\/p>\n\n\n\n<p class=\"wp-block-paragraph\">Nie musi to by\u0107 konsekwencja zamierzona przez Sob\u00f3r.<\/p>\n\n\n\n<p class=\"wp-block-paragraph\">Ale z pewno\u015bci\u0105 jest to konsekwencja mo\u017cliwa do zaobserwowania w okre\u015blonych \u015brodowiskach.<\/p>\n\n\n\n<p class=\"wp-block-paragraph\">Kiedy stopniowo zanikaj\u0105:<\/p>\n\n\n\n<ul class=\"wp-block-list\">\n<li>cisza;<\/li>\n\n\n\n<li>\u0142acina;<\/li>\n\n\n\n<li>\u015bpiew gregoria\u0144ski;<\/li>\n\n\n\n<li>kadzid\u0142o;<\/li>\n\n\n\n<li>przykl\u0119kni\u0119cia;<\/li>\n\n\n\n<li>wsp\u00f3lna orientacja;<\/li>\n\n\n\n<li>wyra\u017ane oddzielenie prezbiterium od nawy;<\/li>\n\n\n\n<li>uroczysto\u015b\u0107;<\/li>\n\n\n\n<li>cz\u0119ste przykl\u0119kania;<\/li>\n<\/ul>\n\n\n\n<p class=\"wp-block-paragraph\">mo\u017ce powsta\u0107 konsekwencja psychologiczna:<\/p>\n\n\n\n<h3 class=\"wp-block-heading\">Ko\u015bci\u00f3\u0142 zaczyna przypomina\u0107 ka\u017cd\u0105 inn\u0105 ludzk\u0105 przestrze\u0144.<\/h3>\n\n\n\n<p class=\"wp-block-paragraph\">A kiedy \u015bwi\u0105tynia nie wydaje si\u0119 ju\u017c nale\u017ce\u0107 do innego porz\u0105dku, mo\u017ce r\u00f3wnie\u017c os\u0142abn\u0105\u0107 \u015bwiadomo\u015b\u0107, \u017ce dzieje si\u0119 tam co\u015b radykalnie innego.<\/p>\n\n\n\n<hr class=\"wp-block-separator has-alpha-channel-opacity\"\/>\n\n\n\n<h1 class=\"wp-block-heading\">20. \u201eB\u00f3g jest tutaj\u201d<\/h1>\n\n\n\n<p class=\"wp-block-paragraph\">Tradycyjna liturgia katolicka posiada niezwykle siln\u0105 pedagogik\u0119.<\/p>\n\n\n\n<p class=\"wp-block-paragraph\">Nie musi nieustannie wyja\u015bnia\u0107:<\/p>\n\n\n\n<blockquote class=\"wp-block-quote is-layout-flow wp-block-quote-is-layout-flow\">\n<p class=\"wp-block-paragraph\">\u201eJeste\u015bmy teraz w obecno\u015bci Boga\u201d.<\/p>\n<\/blockquote>\n\n\n\n<p class=\"wp-block-paragraph\">Wyra\u017ca to poprzez zachowanie.<\/p>\n\n\n\n<p class=\"wp-block-paragraph\">Cisza.<\/p>\n\n\n\n<p class=\"wp-block-paragraph\">Przykl\u0119kni\u0119cia.<\/p>\n\n\n\n<p class=\"wp-block-paragraph\">Kadzid\u0142o.<\/p>\n\n\n\n<p class=\"wp-block-paragraph\">Sacrum.<\/p>\n\n\n\n<p class=\"wp-block-paragraph\">\u015apiew.<\/p>\n\n\n\n<p class=\"wp-block-paragraph\">Gesty.<\/p>\n\n\n\n<p class=\"wp-block-paragraph\">Wszystko m\u00f3wi:<\/p>\n\n\n\n<blockquote class=\"wp-block-quote is-layout-flow wp-block-quote-is-layout-flow\">\n<p class=\"wp-block-paragraph\"><strong>Tutaj jest co\u015b, co niesko\u0144czenie przekracza cz\u0142owieka.<\/strong><\/p>\n<\/blockquote>\n\n\n\n<p class=\"wp-block-paragraph\">I jest to forma katechezy, kt\u00f3rej nasz czas pilnie potrzebuje.<\/p>\n\n\n\n<p class=\"wp-block-paragraph\">\u017byjemy w kulturze, kt\u00f3ra stawia cz\u0142owieka w centrum.<\/p>\n\n\n\n<p class=\"wp-block-paragraph\">Liturgia powinna nauczy\u0107 nas dok\u0142adnie czego\u015b przeciwnego:<\/p>\n\n\n\n<p class=\"wp-block-paragraph\"><strong>B\u00f3g jest w centrum.<\/strong><\/p>\n\n\n\n<hr class=\"wp-block-separator has-alpha-channel-opacity\"\/>\n\n\n\n<h1 class=\"wp-block-heading\">21. Czy liturgia powinna by\u0107 odpowiedzi\u0105 na wsp\u00f3\u0142czesnego cz\u0142owieka?<\/h1>\n\n\n\n<p class=\"wp-block-paragraph\">W du\u017cej mierze: tak.<\/p>\n\n\n\n<p class=\"wp-block-paragraph\">I nale\u017cy to uzna\u0107.<\/p>\n\n\n\n<p class=\"wp-block-paragraph\">Sob\u00f3r Watyka\u0144ski II chcia\u0142, aby wierni lepiej rozumieli liturgi\u0119 i uczestniczyli w niej \u015bwiadomie i owocnie. <em>Sacrosanctum Concilium<\/em> wielokrotnie podkre\u015bla znaczenie formacji liturgicznej.<\/p>\n\n\n\n<p class=\"wp-block-paragraph\">Problem niekoniecznie tkwi\u0142 w intencji.<\/p>\n\n\n\n<p class=\"wp-block-paragraph\">Problem pojawia si\u0119 wtedy, gdy dobra intencja duszpasterska opiera si\u0119 na b\u0142\u0119dnej antropologii.<\/p>\n\n\n\n<p class=\"wp-block-paragraph\">Je\u015bli my\u015blimy:<\/p>\n\n\n\n<blockquote class=\"wp-block-quote is-layout-flow wp-block-quote-is-layout-flow\">\n<p class=\"wp-block-paragraph\">\u201eWsp\u00f3\u0142czesny cz\u0142owiek nie znosi tajemnicy\u201d.<\/p>\n<\/blockquote>\n\n\n\n<p class=\"wp-block-paragraph\">w\u00f3wczas usuwamy tajemnic\u0119.<\/p>\n\n\n\n<p class=\"wp-block-paragraph\">Je\u015bli my\u015blimy:<\/p>\n\n\n\n<blockquote class=\"wp-block-quote is-layout-flow wp-block-quote-is-layout-flow\">\n<p class=\"wp-block-paragraph\">\u201eWsp\u00f3\u0142czesny cz\u0142owiek potrzebuje, aby wszystko mu wyja\u015bni\u0107\u201d.<\/p>\n<\/blockquote>\n\n\n\n<p class=\"wp-block-paragraph\">wype\u0142niamy liturgi\u0119 wyja\u015bnieniami.<\/p>\n\n\n\n<p class=\"wp-block-paragraph\">Je\u015bli my\u015blimy:<\/p>\n\n\n\n<blockquote class=\"wp-block-quote is-layout-flow wp-block-quote-is-layout-flow\">\n<p class=\"wp-block-paragraph\">\u201eWsp\u00f3\u0142czesny cz\u0142owiek chce czu\u0107 si\u0119 protagonist\u0105\u201d.<\/p>\n<\/blockquote>\n\n\n\n<p class=\"wp-block-paragraph\">czynimy cz\u0142owieka protagonist\u0105.<\/p>\n\n\n\n<p class=\"wp-block-paragraph\">Ale by\u0107 mo\u017ce wsp\u00f3\u0142czesny cz\u0142owiek potrzebuje w\u0142a\u015bnie czego\u015b przeciwnego.<\/p>\n\n\n\n<h3 class=\"wp-block-heading\">Potrzebuje odkry\u0107, \u017ce nie jest Bogiem.<\/h3>\n\n\n\n<p class=\"wp-block-paragraph\">Potrzebuje ciszy.<\/p>\n\n\n\n<p class=\"wp-block-paragraph\">Potrzebuje transcendencji.<\/p>\n\n\n\n<p class=\"wp-block-paragraph\">Potrzebuje ukl\u0119kn\u0105\u0107.<\/p>\n\n\n\n<p class=\"wp-block-paragraph\">Potrzebuje odkry\u0107, \u017ce istnieje rzeczywisto\u015b\u0107, kt\u00f3ra nie zale\u017cy od jego emocji.<\/p>\n\n\n\n<p class=\"wp-block-paragraph\">Potrzebuje ponownie us\u0142ysze\u0107:<\/p>\n\n\n\n<blockquote class=\"wp-block-quote is-layout-flow wp-block-quote-is-layout-flow\">\n<p class=\"wp-block-paragraph\"><strong>\u201e\u015awi\u0119ty, \u015awi\u0119ty, \u015awi\u0119ty, Pan Zast\u0119p\u00f3w\u201d.<\/strong><br><em>(Iz 6,3)<\/em><\/p>\n<\/blockquote>\n\n\n\n<hr class=\"wp-block-separator has-alpha-channel-opacity\"\/>\n\n\n\n<h1 class=\"wp-block-heading\">22. Czy istnia\u0142 wp\u0142yw protestancki?<\/h1>\n\n\n\n<p class=\"wp-block-paragraph\">Tutaj musimy by\u0107 niezwykle precyzyjni.<\/p>\n\n\n\n<p class=\"wp-block-paragraph\">Po Soborze istnia\u0142 kontekst ekumeniczny.<\/p>\n\n\n\n<p class=\"wp-block-paragraph\">Nawi\u0105zywano kontakty ze wsp\u00f3lnotami protestanckimi.<\/p>\n\n\n\n<p class=\"wp-block-paragraph\">Teologowie r\u00f3\u017cnych tradycji uczestniczyli jako obserwatorzy lub eksperci w okre\u015blonych procesach.<\/p>\n\n\n\n<p class=\"wp-block-paragraph\">A niekt\u00f3rzy krytycy reformy wskazywali na podobie\u0144stwa pomi\u0119dzy okre\u015blonymi zmianami liturgicznymi a pewnymi historycznymi postulatami reformacji protestanckiej, zw\u0142aszcza w odniesieniu do nacisku na:<\/p>\n\n\n\n<ul class=\"wp-block-list\">\n<li>st\u00f3\u0142;<\/li>\n\n\n\n<li>zgromadzenie;<\/li>\n\n\n\n<li>g\u0142oszenie S\u0142owa;<\/li>\n\n\n\n<li>rozumienie wsp\u00f3lnotowe;<\/li>\n\n\n\n<li>uczestnictwo;<\/li>\n\n\n\n<li>ograniczenie pewnych element\u00f3w uznawanych za drugorz\u0119dne.<\/li>\n<\/ul>\n\n\n\n<p class=\"wp-block-paragraph\">Ale z tego nie wynika automatycznie:<\/p>\n\n\n\n<blockquote class=\"wp-block-quote is-layout-flow wp-block-quote-is-layout-flow\">\n<p class=\"wp-block-paragraph\"><strong>\u201eNowa Msza zosta\u0142a zaprojektowana przez protestant\u00f3w\u201d.<\/strong><\/p>\n<\/blockquote>\n\n\n\n<p class=\"wp-block-paragraph\">Takie twierdzenie by\u0142oby historycznie przesadne i wymaga\u0142oby konkretnych dowod\u00f3w, kt\u00f3rych nie mo\u017cna zast\u0105pi\u0107 samymi podobie\u0144stwami.<\/p>\n\n\n\n<p class=\"wp-block-paragraph\">Ciekawsze pytanie brzmi:<\/p>\n\n\n\n<h3 class=\"wp-block-heading\">Czy niekt\u00f3re zmiany doprowadzi\u0142y w praktyce do postrzegania Mszy w spos\u00f3b bli\u017cszy niekt\u00f3rym protestanckim wra\u017cliwo\u015bciom?<\/h3>\n\n\n\n<p class=\"wp-block-paragraph\">W okre\u015blonych kontekstach <strong>mo\u017cna rzeczywi\u015bcie broni\u0107 takiego stanowiska jako krytyki teologicznej i duszpasterskiej<\/strong>, szczeg\u00f3lnie wtedy, gdy celebracja prze\u017cywana jest przede wszystkim jako wsp\u00f3lnota i g\u0142oszenie S\u0142owa, podczas gdy wymiar ofiarny i adoracyjny Mszy zostaje przes\u0142oni\u0119ty.<\/p>\n\n\n\n<p class=\"wp-block-paragraph\">Nie oznacza to jednak, \u017ce Ko\u015bci\u00f3\u0142 porzuci\u0142 doktryn\u0119 katolick\u0105.<\/p>\n\n\n\n<hr class=\"wp-block-separator has-alpha-channel-opacity\"\/>\n\n\n\n<h1 class=\"wp-block-heading\">23. Sam Ko\u015bci\u00f3\u0142 uzna\u0142, \u017ce pojawi\u0142y si\u0119 problemy<\/h1>\n\n\n\n<p class=\"wp-block-paragraph\">I jest to szczeg\u00f3lnie wa\u017cne.<\/p>\n\n\n\n<p class=\"wp-block-paragraph\">Benedykt XVI nie odrzuci\u0142 reformy liturgicznej.<\/p>\n\n\n\n<p class=\"wp-block-paragraph\">Wr\u0119cz przeciwnie.<\/p>\n\n\n\n<p class=\"wp-block-paragraph\">W <em>Sacramentum Caritatis<\/em> wyja\u015bnia\u0142, \u017ce odnowa liturgiczna zwi\u0105zana z Soborem Watyka\u0144skim II by\u0142a cenna i przynios\u0142a owoce, ale uznawa\u0142 r\u00f3wnie\u017c trudno\u015bci i nadu\u017cycia, kt\u00f3re towarzyszy\u0142y jej recepcji; podkre\u015bla\u0142, \u017ce zmiany powinny by\u0107 interpretowane w jedno\u015bci z historycznym rozwojem liturgii, a nie poprzez \u201esztuczne zerwania\u201d.<\/p>\n\n\n\n<p class=\"wp-block-paragraph\">To stwierdzenie jest niezwykle wa\u017cne.<\/p>\n\n\n\n<p class=\"wp-block-paragraph\">Pozwala nam bowiem unikn\u0105\u0107 dw\u00f3ch skrajno\u015bci.<\/p>\n\n\n\n<h3 class=\"wp-block-heading\">Pierwsza skrajno\u015b\u0107:<\/h3>\n\n\n\n<p class=\"wp-block-paragraph\">\u201eWszystko, co wydarzy\u0142o si\u0119 po Soborze Watyka\u0144skim II, by\u0142o doskona\u0142e i ka\u017cda krytyka jest niepos\u0142usze\u0144stwem\u201d.<\/p>\n\n\n\n<p class=\"wp-block-paragraph\">Nie.<\/p>\n\n\n\n<h3 class=\"wp-block-heading\">Druga skrajno\u015b\u0107:<\/h3>\n\n\n\n<p class=\"wp-block-paragraph\">\u201eSob\u00f3r Watyka\u0144ski II ca\u0142kowicie zniszczy\u0142 Ko\u015bci\u00f3\u0142 i stworzy\u0142 now\u0105 religi\u0119\u201d.<\/p>\n\n\n\n<p class=\"wp-block-paragraph\">To r\u00f3wnie\u017c nie jest poprawne.<\/p>\n\n\n\n<p class=\"wp-block-paragraph\">Rzeczywisto\u015b\u0107 historyczna jest bardziej z\u0142o\u017cona.<\/p>\n\n\n\n<hr class=\"wp-block-separator has-alpha-channel-opacity\"\/>\n\n\n\n<h1 class=\"wp-block-heading\">24. Benedykt XVI i hermeneutyka ci\u0105g\u0142o\u015bci<\/h1>\n\n\n\n<p class=\"wp-block-paragraph\">Benedykt XVI stara\u0142 si\u0119 w\u0142a\u015bnie spojrze\u0107 na t\u0119 kwesti\u0119 w perspektywie ci\u0105g\u0142o\u015bci.<\/p>\n\n\n\n<p class=\"wp-block-paragraph\">W <em>Summorum Pontificum<\/em> wyja\u015bnia\u0142, \u017ce Msza\u0142 Paw\u0142a VI stanowi zwyczajny wyraz <em>lex orandi<\/em> obrz\u0105dku rzymskiego, podczas gdy Msza\u0142 z 1962 roku by\u0142 w\u00f3wczas uwa\u017cany za nadzwyczajny wyraz tej samej <em>lex orandi<\/em>.<\/p>\n\n\n\n<p class=\"wp-block-paragraph\">Jego celem by\u0142o unikni\u0119cie idei, \u017ce istniej\u0105 dwa Ko\u015bcio\u0142y.<\/p>\n\n\n\n<p class=\"wp-block-paragraph\">Pytanie brzmia\u0142o:<\/p>\n\n\n\n<p class=\"wp-block-paragraph\"><strong>Jak Ko\u015bci\u00f3\u0142 mo\u017ce zachowa\u0107 swoj\u0105 tradycj\u0119 liturgiczn\u0105, a jednocze\u015bnie pozwoli\u0107, aby jej formy rozwija\u0142y si\u0119 w spos\u00f3b prawowity?<\/strong><\/p>\n\n\n\n<p class=\"wp-block-paragraph\">To pytanie pozostaje niezwykle aktualne.<\/p>\n\n\n\n<hr class=\"wp-block-separator has-alpha-channel-opacity\"\/>\n\n\n\n<h1 class=\"wp-block-heading\">25. Co wi\u0119c sta\u0142o si\u0119 z tradycyjn\u0105 liturgi\u0105?<\/h1>\n\n\n\n<p class=\"wp-block-paragraph\">Tutaj pojawia si\u0119 kolejne interesuj\u0105ce zjawisko.<\/p>\n\n\n\n<p class=\"wp-block-paragraph\">Wielu m\u0142odych ludzi, kt\u00f3rzy nigdy nie \u017cyli w epoce sprzed Soboru, zacz\u0119\u0142o odkrywa\u0107 tradycyjn\u0105 liturgi\u0119.<\/p>\n\n\n\n<p class=\"wp-block-paragraph\">I jest to szczeg\u00f3lnie znacz\u0105ce.<\/p>\n\n\n\n<p class=\"wp-block-paragraph\">Poniewa\u017c nie m\u00f3wimy wy\u0142\u0105cznie o starszych osobach zwi\u0105zanych ze wspomnieniami swojego dzieci\u0144stwa.<\/p>\n\n\n\n<p class=\"wp-block-paragraph\">S\u0105 m\u0142odzi ludzie, kt\u00f3rzy szukaj\u0105:<\/p>\n\n\n\n<ul class=\"wp-block-list\">\n<li>ciszy;<\/li>\n\n\n\n<li>czci;<\/li>\n\n\n\n<li>\u0142aciny;<\/li>\n\n\n\n<li>\u015bpiewu gregoria\u0144skiego;<\/li>\n\n\n\n<li>orientacji ku Bogu;<\/li>\n\n\n\n<li>pe\u0142nego szacunku przyjmowania Komunii \u015awi\u0119tej;<\/li>\n\n\n\n<li>jasno wyra\u017conego kap\u0142a\u0144stwa;<\/li>\n\n\n\n<li>ci\u0105g\u0142o\u015bci historycznej;<\/li>\n\n\n\n<li>uroczysto\u015bci;<\/li>\n\n\n\n<li>transcendencji.<\/li>\n<\/ul>\n\n\n\n<p class=\"wp-block-paragraph\">Dlaczego?<\/p>\n\n\n\n<p class=\"wp-block-paragraph\">By\u0107 mo\u017ce dlatego, \u017ce pokolenie przesycone ha\u0142asem odkrywa warto\u015b\u0107 ciszy.<\/p>\n\n\n\n<p class=\"wp-block-paragraph\">Pokolenie nieustannie pod\u0142\u0105czone do ekranu odkrywa warto\u015b\u0107 dystansu.<\/p>\n\n\n\n<p class=\"wp-block-paragraph\">Pokolenie przyzwyczajone do relatywizmu szuka czego\u015b, co si\u0119 nie zmienia.<\/p>\n\n\n\n<p class=\"wp-block-paragraph\">A pokolenie przyzwyczajone do \u017cycia skoncentrowanego na jednostce zaczyna odkrywa\u0107 pi\u0119kno liturgii, kt\u00f3ra m\u00f3wi:<\/p>\n\n\n\n<blockquote class=\"wp-block-quote is-layout-flow wp-block-quote-is-layout-flow\">\n<p class=\"wp-block-paragraph\"><strong>Ty nie jeste\u015b centrum.<\/strong><\/p>\n<\/blockquote>\n\n\n\n<hr class=\"wp-block-separator has-alpha-channel-opacity\"\/>\n\n\n\n<h1 class=\"wp-block-heading\">26. Tradycja nie jest nostalgi\u0105<\/h1>\n\n\n\n<p class=\"wp-block-paragraph\">Ten punkt ma fundamentalne znaczenie.<\/p>\n\n\n\n<p class=\"wp-block-paragraph\">Liturgii tradycyjnej nie mo\u017cna sprowadzi\u0107 do:<\/p>\n\n\n\n<blockquote class=\"wp-block-quote is-layout-flow wp-block-quote-is-layout-flow\">\n<p class=\"wp-block-paragraph\">\u201eKiedy\u015b wszystko by\u0142o lepsze\u201d.<\/p>\n<\/blockquote>\n\n\n\n<p class=\"wp-block-paragraph\">By\u0142aby to nostalgia.<\/p>\n\n\n\n<p class=\"wp-block-paragraph\">Katolicka Tradycja jest czym\u015b znacznie g\u0142\u0119bszym.<\/p>\n\n\n\n<p class=\"wp-block-paragraph\">Tradycja oznacza przyj\u0119cie czego\u015b, czego sami nie stworzyli\u015bmy.<\/p>\n\n\n\n<p class=\"wp-block-paragraph\">Chrze\u015bcijanin nie wymy\u015bla swojej wiary.<\/p>\n\n\n\n<p class=\"wp-block-paragraph\">Otrzymuje j\u0105.<\/p>\n\n\n\n<p class=\"wp-block-paragraph\">Otrzymuje Pismo \u015awi\u0119te.<\/p>\n\n\n\n<p class=\"wp-block-paragraph\">Otrzymuje sakramenty.<\/p>\n\n\n\n<p class=\"wp-block-paragraph\">Otrzymuje Credo.<\/p>\n\n\n\n<p class=\"wp-block-paragraph\">Otrzymuje nauk\u0119.<\/p>\n\n\n\n<p class=\"wp-block-paragraph\">Otrzymuje liturgi\u0119.<\/p>\n\n\n\n<p class=\"wp-block-paragraph\">Otrzymuje duchowo\u015b\u0107.<\/p>\n\n\n\n<p class=\"wp-block-paragraph\">Otrzymuje dziedzictwo.<\/p>\n\n\n\n<p class=\"wp-block-paragraph\">A nast\u0119pnie przyjmuje odpowiedzialno\u015b\u0107 za jego przekazanie.<\/p>\n\n\n\n<p class=\"wp-block-paragraph\">\u015awi\u0119ty Pawe\u0142 pisze:<\/p>\n\n\n\n<blockquote class=\"wp-block-quote is-layout-flow wp-block-quote-is-layout-flow\">\n<p class=\"wp-block-paragraph\"><strong>\u201ePrzekaza\u0142em wam na pocz\u0105tku to, co przej\u0105\u0142em od Pana\u201d.<\/strong><br><em>(1 Kor 11,23)<\/em><\/p>\n<\/blockquote>\n\n\n\n<p class=\"wp-block-paragraph\">Zdanie to mog\u0142oby niemal zosta\u0107 uznane za zasad\u0119 ca\u0142ej tradycyjnej duchowo\u015bci.<\/p>\n\n\n\n<h3 class=\"wp-block-heading\">Otrzyma\u0107.<\/h3>\n\n\n\n<h3 class=\"wp-block-heading\">Zachowa\u0107.<\/h3>\n\n\n\n<h3 class=\"wp-block-heading\">\u017by\u0107.<\/h3>\n\n\n\n<h3 class=\"wp-block-heading\">Przekaza\u0107.<\/h3>\n\n\n\n<hr class=\"wp-block-separator has-alpha-channel-opacity\"\/>\n\n\n\n<h1 class=\"wp-block-heading\">27. Liturgia nie nale\u017cy do jednego pokolenia<\/h1>\n\n\n\n<p class=\"wp-block-paragraph\">Jest to jeden z wielkich problem\u00f3w nowoczesno\u015bci.<\/p>\n\n\n\n<p class=\"wp-block-paragraph\">Istnieje pokusa my\u015blenia:<\/p>\n\n\n\n<blockquote class=\"wp-block-quote is-layout-flow wp-block-quote-is-layout-flow\">\n<p class=\"wp-block-paragraph\">\u201eM\u0142odzi wol\u0105 to\u201d.<\/p>\n<\/blockquote>\n\n\n\n<blockquote class=\"wp-block-quote is-layout-flow wp-block-quote-is-layout-flow\">\n<p class=\"wp-block-paragraph\">\u201eStarsi wol\u0105 tamto\u201d.<\/p>\n<\/blockquote>\n\n\n\n<blockquote class=\"wp-block-quote is-layout-flow wp-block-quote-is-layout-flow\">\n<p class=\"wp-block-paragraph\">\u201eTa muzyka jest bardziej nowoczesna\u201d.<\/p>\n<\/blockquote>\n\n\n\n<blockquote class=\"wp-block-quote is-layout-flow wp-block-quote-is-layout-flow\">\n<p class=\"wp-block-paragraph\">\u201eTen ryt jest zbyt stary\u201d.<\/p>\n<\/blockquote>\n\n\n\n<p class=\"wp-block-paragraph\">Ale liturgia nie powinna by\u0107 po prostu podporz\u0105dkowana modom.<\/p>\n\n\n\n<p class=\"wp-block-paragraph\">Poniewa\u017c liturgia nale\u017cy do ca\u0142ego Ko\u015bcio\u0142a:<\/p>\n\n\n\n<ul class=\"wp-block-list\">\n<li>do \u017cyj\u0105cych;<\/li>\n\n\n\n<li>do zmar\u0142ych;<\/li>\n\n\n\n<li>do \u015bwi\u0119tych;<\/li>\n\n\n\n<li>do anio\u0142\u00f3w;<\/li>\n\n\n\n<li>do ludzi wszystkich pokole\u0144.<\/li>\n<\/ul>\n\n\n\n<p class=\"wp-block-paragraph\">Kiedy idziemy na Msz\u0119, nie uczestniczymy w produkcie kulturowym roku 2026.<\/p>\n\n\n\n<p class=\"wp-block-paragraph\">Wchodzimy w kult Ko\u015bcio\u0142a.<\/p>\n\n\n\n<hr class=\"wp-block-separator has-alpha-channel-opacity\"\/>\n\n\n\n<h1 class=\"wp-block-heading\">28. Duszpasterski problem nadmiernie nieformalnej liturgii<\/h1>\n\n\n\n<p class=\"wp-block-paragraph\">W ostatnich dziesi\u0119cioleciach rozwin\u0119\u0142a si\u0119 r\u00f3wnie\u017c tendencja do nieformalno\u015bci.<\/p>\n\n\n\n<p class=\"wp-block-paragraph\">Kap\u0142ani, kt\u00f3rzy nieustannie improwizuj\u0105.<\/p>\n\n\n\n<p class=\"wp-block-paragraph\">Nieko\u0144cz\u0105ce si\u0119 komentarze.<\/p>\n\n\n\n<p class=\"wp-block-paragraph\">Oklaski.<\/p>\n\n\n\n<p class=\"wp-block-paragraph\">Nieodpowiednia muzyka.<\/p>\n\n\n\n<p class=\"wp-block-paragraph\">Celebracje tematyczne.<\/p>\n\n\n\n<p class=\"wp-block-paragraph\">Spontaniczne interwencje.<\/p>\n\n\n\n<p class=\"wp-block-paragraph\">Liturgia staje si\u0119 rodzajem wydarzenia.<\/p>\n\n\n\n<p class=\"wp-block-paragraph\">Tutaj nale\u017cy przypomnie\u0107 co\u015b, co Benedykt XVI mocno podkre\u015bla\u0142:<\/p>\n\n\n\n<h3 class=\"wp-block-heading\">Prawdziwe uczestnictwo jest wspierane przez odpowiedni\u0105 <em>ars celebrandi<\/em>.<\/h3>\n\n\n\n<p class=\"wp-block-paragraph\">To znaczy: przez sztuk\u0119 w\u0142a\u015bciwego celebrowania.<\/p>\n\n\n\n<p class=\"wp-block-paragraph\">Pos\u0142usze\u0144stwo normom liturgicznym nie jest wrogiem uczestnictwa.<\/p>\n\n\n\n<p class=\"wp-block-paragraph\">Jest w\u0142a\u015bnie jednym z jego fundament\u00f3w.<\/p>\n\n\n\n<hr class=\"wp-block-separator has-alpha-channel-opacity\"\/>\n\n\n\n<h1 class=\"wp-block-heading\">29. Kiedy kap\u0142an znika\u2026 i kiedy pojawia si\u0119 zbyt mocno<\/h1>\n\n\n\n<p class=\"wp-block-paragraph\">Wydaje si\u0119 to sprzeczne.<\/p>\n\n\n\n<p class=\"wp-block-paragraph\">Ale istniej\u0105 dwa przeciwstawne niebezpiecze\u0144stwa.<\/p>\n\n\n\n<h3 class=\"wp-block-heading\">Pierwsze niebezpiecze\u0144stwo: kap\u0142an znika<\/h3>\n\n\n\n<p class=\"wp-block-paragraph\">Wszystko wydaje si\u0119 dzia\u0142alno\u015bci\u0105 wsp\u00f3lnotow\u0105.<\/p>\n\n\n\n<h3 class=\"wp-block-heading\">Drugie niebezpiecze\u0144stwo: kap\u0142an pojawia si\u0119 zbyt mocno<\/h3>\n\n\n\n<p class=\"wp-block-paragraph\">Ca\u0142a Msza zale\u017cy od jego osobowo\u015bci.<\/p>\n\n\n\n<p class=\"wp-block-paragraph\">W obu przypadkach istnieje problem.<\/p>\n\n\n\n<p class=\"wp-block-paragraph\">Kap\u0142an nie powinien by\u0107 niewidzialny, jak gdyby nie posiada\u0142 szczeg\u00f3lnej funkcji.<\/p>\n\n\n\n<p class=\"wp-block-paragraph\">Ale r\u00f3wnie\u017c nie powinien stawa\u0107 si\u0119 protagonist\u0105.<\/p>\n\n\n\n<h3 class=\"wp-block-heading\">Protagonist\u0105 jest Chrystus.<\/h3>\n\n\n\n<p class=\"wp-block-paragraph\">Jest to prawdopodobnie jedna z najwa\u017cniejszych zasad odzyskiwania prawdziwej kultury liturgicznej.<\/p>\n\n\n\n<hr class=\"wp-block-separator has-alpha-channel-opacity\"\/>\n\n\n\n<h1 class=\"wp-block-heading\">30. O\u0142tarz nie jest scen\u0105<\/h1>\n\n\n\n<p class=\"wp-block-paragraph\">Scena s\u0142u\u017cy temu, aby kto\u015b wyst\u0119powa\u0142 przed innymi.<\/p>\n\n\n\n<p class=\"wp-block-paragraph\">O\u0142tarz s\u0142u\u017cy Ofierze.<\/p>\n\n\n\n<p class=\"wp-block-paragraph\">To rozr\u00f3\u017cnienie architektoniczne jest niezwykle wa\u017cne.<\/p>\n\n\n\n<p class=\"wp-block-paragraph\">Kiedy ko\u015bci\u00f3\u0142 jest zaprojektowany jak teatr, uwaga w naturalny spos\u00f3b skupia si\u0119 na tym, kto znajduje si\u0119 z przodu.<\/p>\n\n\n\n<p class=\"wp-block-paragraph\">Kiedy przestrze\u0144 jest skierowana ku o\u0142tarzowi i tabernakulum, ca\u0142y budynek zdaje si\u0119 g\u0142osi\u0107:<\/p>\n\n\n\n<blockquote class=\"wp-block-quote is-layout-flow wp-block-quote-is-layout-flow\">\n<p class=\"wp-block-paragraph\"><strong>B\u00f3g jest tutaj.<\/strong><\/p>\n<\/blockquote>\n\n\n\n<p class=\"wp-block-paragraph\">R\u00f3wnie\u017c architektura jest teologi\u0105.<\/p>\n\n\n\n<hr class=\"wp-block-separator has-alpha-channel-opacity\"\/>\n\n\n\n<h1 class=\"wp-block-heading\">31. A tabernakulum?<\/h1>\n\n\n\n<p class=\"wp-block-paragraph\">Kolejny element o ogromnym znaczeniu duszpasterskim.<\/p>\n\n\n\n<p class=\"wp-block-paragraph\">Miejsce Naj\u015bwi\u0119tszego Sakramentu przekazuje okre\u015blone przes\u0142anie.<\/p>\n\n\n\n<p class=\"wp-block-paragraph\">Kiedy tabernakulum zajmuje centralne miejsce w ko\u015bciele i wszystko prowadzi ku niemu, nawet odwiedzaj\u0105cy, kt\u00f3ry nic nie wie o teologii, rozumie, \u017ce znajduje si\u0119 tam szczeg\u00f3lna obecno\u015b\u0107.<\/p>\n\n\n\n<p class=\"wp-block-paragraph\">Kiedy natomiast tabernakulum zostaje umieszczone w k\u0105cie, postrzeganie mo\u017ce si\u0119 zmieni\u0107.<\/p>\n\n\n\n<p class=\"wp-block-paragraph\">Nie oznacza to, \u017ce Chrystus jest tam \u201emniej obecny\u201d.<\/p>\n\n\n\n<p class=\"wp-block-paragraph\">Ale zmienia nasz\u0105 pedagogik\u0119 wizualn\u0105.<\/p>\n\n\n\n<p class=\"wp-block-paragraph\">A liturgia r\u00f3wnie\u017c potrzebuje pedagogiki wizualnej.<\/p>\n\n\n\n<hr class=\"wp-block-separator has-alpha-channel-opacity\"\/>\n\n\n\n<h1 class=\"wp-block-heading\">32. Liturgia powinna nawraca\u0107 cz\u0142owieka, a nie go zabawia\u0107<\/h1>\n\n\n\n<p class=\"wp-block-paragraph\">Tutaj mo\u017cemy sformu\u0142owa\u0107 prost\u0105 zasad\u0119:<\/p>\n\n\n\n<h3 class=\"wp-block-heading\">Je\u015bli liturgia sprawia, \u017ce czuj\u0119 si\u0119 protagonist\u0105, ale nie prowadzi mnie do nawr\u00f3cenia, to duszpastersko ponios\u0142a pora\u017ck\u0119.<\/h3>\n\n\n\n<h3 class=\"wp-block-heading\">Je\u015bli liturgia prowadzi mnie do ukl\u0119kni\u0119cia przed Chrystusem, uznania w\u0142asnego grzechu, s\u0142uchania Jego S\u0142owa i ofiarowania Mu mojego \u017cycia, osi\u0105gn\u0119\u0142a sw\u00f3j cel.<\/h3>\n\n\n\n<p class=\"wp-block-paragraph\">Msza nie istnieje po to, aby wywo\u0142ywa\u0107 okre\u015blone wra\u017cenie.<\/p>\n\n\n\n<p class=\"wp-block-paragraph\">Istnieje po to, aby <strong>da\u0107 nam Chrystusa<\/strong>.<\/p>\n\n\n\n<hr class=\"wp-block-separator has-alpha-channel-opacity\"\/>\n\n\n\n<h1 class=\"wp-block-heading\">33. Nie jeste\u015bmy jedynie \u201eobecni\u201d na Mszy: sk\u0142adamy Ofiar\u0119 wraz z Chrystusem<\/h1>\n\n\n\n<p class=\"wp-block-paragraph\">Istnieje r\u00f3wnie\u017c tradycyjne katolickie wyra\u017cenie, kt\u00f3re warto ponownie odkry\u0107.<\/p>\n\n\n\n<p class=\"wp-block-paragraph\">Nie jeste\u015bmy widzami.<\/p>\n\n\n\n<p class=\"wp-block-paragraph\">Ale nie jeste\u015bmy te\u017c producentami Ofiary.<\/p>\n\n\n\n<p class=\"wp-block-paragraph\">Chrystus jest Najwy\u017cszym Kap\u0142anem.<\/p>\n\n\n\n<p class=\"wp-block-paragraph\">Kap\u0142an ministerialny dzia\u0142a sakramentalnie w Jego osobie.<\/p>\n\n\n\n<p class=\"wp-block-paragraph\">A wierni uczestnicz\u0105, ofiaruj\u0105c duchowo w\u0142asne \u017cycie.<\/p>\n\n\n\n<p class=\"wp-block-paragraph\">Jest to bardzo bliskie temu, czego sam Sob\u00f3r domaga\u0142 si\u0119:<\/p>\n\n\n\n<p class=\"wp-block-paragraph\">aby wierni uczyli si\u0119 sk\u0142ada\u0107 siebie w ofierze wraz z nieskalan\u0105 Ofiar\u0105, nie tylko przez r\u0119ce kap\u0142ana, lecz tak\u017ce razem z nim.<\/p>\n\n\n\n<p class=\"wp-block-paragraph\">Jakie\u017c jest to g\u0142\u0119bokie!<\/p>\n\n\n\n<p class=\"wp-block-paragraph\">Choroba.<\/p>\n\n\n\n<p class=\"wp-block-paragraph\">Praca.<\/p>\n\n\n\n<p class=\"wp-block-paragraph\">Problemy ma\u0142\u017ce\u0144skie.<\/p>\n\n\n\n<p class=\"wp-block-paragraph\">Zmartwienia.<\/p>\n\n\n\n<p class=\"wp-block-paragraph\">Grzechy, za kt\u00f3re \u017ca\u0142ujemy.<\/p>\n\n\n\n<p class=\"wp-block-paragraph\">Cierpienia.<\/p>\n\n\n\n<p class=\"wp-block-paragraph\">Po\u015bwi\u0119cenia.<\/p>\n\n\n\n<p class=\"wp-block-paragraph\">Dzieci.<\/p>\n\n\n\n<p class=\"wp-block-paragraph\">Projekty.<\/p>\n\n\n\n<p class=\"wp-block-paragraph\">Wszystko mo\u017ce zosta\u0107 z\u0142o\u017cone na o\u0142tarzu.<\/p>\n\n\n\n<hr class=\"wp-block-separator has-alpha-channel-opacity\"\/>\n\n\n\n<h1 class=\"wp-block-heading\">34. Msza jako szko\u0142a ofiary<\/h1>\n\n\n\n<p class=\"wp-block-paragraph\">Nasze spo\u0142ecze\u0144stwo uczy:<\/p>\n\n\n\n<blockquote class=\"wp-block-quote is-layout-flow wp-block-quote-is-layout-flow\">\n<p class=\"wp-block-paragraph\">\u201eSzukaj swojego komfortu\u201d.<\/p>\n<\/blockquote>\n\n\n\n<p class=\"wp-block-paragraph\">Msza uczy:<\/p>\n\n\n\n<blockquote class=\"wp-block-quote is-layout-flow wp-block-quote-is-layout-flow\">\n<p class=\"wp-block-paragraph\"><strong>\u201eOddaj samego siebie\u201d.<\/strong><\/p>\n<\/blockquote>\n\n\n\n<p class=\"wp-block-paragraph\">Nasze spo\u0142ecze\u0144stwo uczy:<\/p>\n\n\n\n<blockquote class=\"wp-block-quote is-layout-flow wp-block-quote-is-layout-flow\">\n<p class=\"wp-block-paragraph\">\u201eR\u00f3b wszystko, co czyni ci\u0119 szcz\u0119\u015bliwym\u201d.<\/p>\n<\/blockquote>\n\n\n\n<p class=\"wp-block-paragraph\">Krzy\u017c uczy:<\/p>\n\n\n\n<blockquote class=\"wp-block-quote is-layout-flow wp-block-quote-is-layout-flow\">\n<p class=\"wp-block-paragraph\"><strong>\u201eNie moja wola, lecz Twoja niech si\u0119 stanie\u201d.<\/strong><\/p>\n<\/blockquote>\n\n\n\n<p class=\"wp-block-paragraph\">Nasze spo\u0142ecze\u0144stwo uczy:<\/p>\n\n\n\n<blockquote class=\"wp-block-quote is-layout-flow wp-block-quote-is-layout-flow\">\n<p class=\"wp-block-paragraph\">\u201eTy jeste\u015b centrum\u201d.<\/p>\n<\/blockquote>\n\n\n\n<p class=\"wp-block-paragraph\">Liturgia uczy:<\/p>\n\n\n\n<blockquote class=\"wp-block-quote is-layout-flow wp-block-quote-is-layout-flow\">\n<p class=\"wp-block-paragraph\"><strong>\u201e\u015awi\u0119ty, \u015awi\u0119ty, \u015awi\u0119ty jest Pan\u201d.<\/strong><\/p>\n<\/blockquote>\n\n\n\n<p class=\"wp-block-paragraph\">Dlatego prawdziwie katolicka liturgia powinna formowa\u0107 ludzi zdolnych do ofiary.<\/p>\n\n\n\n<p class=\"wp-block-paragraph\">Poniewa\u017c chrze\u015bcija\u0144stwo bez ofiary jest niezrozumia\u0142e.<\/p>\n\n\n\n<hr class=\"wp-block-separator has-alpha-channel-opacity\"\/>\n\n\n\n<h1 class=\"wp-block-heading\">35. Co powinni\u015bmy dzisiaj na nowo odkry\u0107?<\/h1>\n\n\n\n<p class=\"wp-block-paragraph\">Nie musimy koniecznie my\u015ble\u0107 wy\u0142\u0105cznie w kategoriach \u201epowrotu do przesz\u0142o\u015bci\u201d.<\/p>\n\n\n\n<p class=\"wp-block-paragraph\">Mo\u017cemy raczej m\u00f3wi\u0107 o <strong>ponownym odkryciu tego, czego nigdy nie powinno si\u0119 utraci\u0107<\/strong>.<\/p>\n\n\n\n<h3 class=\"wp-block-heading\">1. Poczucie sacrum<\/h3>\n\n\n\n<p class=\"wp-block-paragraph\">Ko\u015bci\u00f3\u0142 powinien r\u00f3\u017cni\u0107 si\u0119 od ka\u017cdego innego budynku.<\/p>\n\n\n\n<h3 class=\"wp-block-heading\">2. Cisza<\/h3>\n\n\n\n<p class=\"wp-block-paragraph\">Musimy na nowo odkry\u0107 autentyczne chwile ciszy przed Msz\u0105, podczas niej i po niej.<\/p>\n\n\n\n<h3 class=\"wp-block-heading\">3. \u015apiew gregoria\u0144ski<\/h3>\n\n\n\n<p class=\"wp-block-paragraph\">Nie jako eksponat muzealny, ale jako \u017cywe dziedzictwo muzyczne Ko\u015bcio\u0142a \u0142aci\u0144skiego.<\/p>\n\n\n\n<h3 class=\"wp-block-heading\">4. \u0141acina<\/h3>\n\n\n\n<p class=\"wp-block-paragraph\">Nie jako barier\u0119, lecz jako wsp\u00f3lne dziedzictwo, kt\u00f3re mo\u017ce wsp\u00f3\u0142istnie\u0107 z j\u0119zykiem narodowym.<\/p>\n\n\n\n<h3 class=\"wp-block-heading\">5. Cze\u015b\u0107<\/h3>\n\n\n\n<p class=\"wp-block-paragraph\">Przykl\u0119kni\u0119cia, pok\u0142ony, cisza i godno\u015b\u0107.<\/p>\n\n\n\n<h3 class=\"wp-block-heading\">6. Zrozumienie Ofiary<\/h3>\n\n\n\n<p class=\"wp-block-paragraph\">Msza powinna by\u0107 ponownie jasno wyja\u015bniana jako Ofiara Chrystusa.<\/p>\n\n\n\n<h3 class=\"wp-block-heading\">7. Adoracja eucharystyczna<\/h3>\n\n\n\n<p class=\"wp-block-paragraph\">Nie mo\u017ce istnie\u0107 prawdziwa kultura eucharystyczna bez adoracji.<\/p>\n\n\n\n<h3 class=\"wp-block-heading\">8. Spowied\u017a<\/h3>\n\n\n\n<p class=\"wp-block-paragraph\">Uczestnictwo w Eucharystii wymaga \u017cycia nawr\u00f3cenia.<\/p>\n\n\n\n<h3 class=\"wp-block-heading\">9. Formacja liturgiczna<\/h3>\n\n\n\n<p class=\"wp-block-paragraph\">Nie wystarczy zmieni\u0107 form.<\/p>\n\n\n\n<p class=\"wp-block-paragraph\">Trzeba nauczy\u0107 ich znaczenia.<\/p>\n\n\n\n<h3 class=\"wp-block-heading\">10. Centralno\u015b\u0107 Chrystusa<\/h3>\n\n\n\n<p class=\"wp-block-paragraph\">Ponad kap\u0142anem, ch\u00f3rem, lektorami, grup\u0105 parafialn\u0105 i ka\u017cdym ruchem.<\/p>\n\n\n\n<p class=\"wp-block-paragraph\"><strong>Chrystus.<\/strong><\/p>\n\n\n\n<hr class=\"wp-block-separator has-alpha-channel-opacity\"\/>\n\n\n\n<h1 class=\"wp-block-heading\">36. Nie potrzebujemy \u201ebardziej nowoczesnej\u201d liturgii<\/h1>\n\n\n\n<p class=\"wp-block-paragraph\">By\u0107 mo\u017ce potrzebujemy liturgii <strong>bardziej katolickiej<\/strong>.<\/p>\n\n\n\n<p class=\"wp-block-paragraph\">To stwierdzenie jest o wiele g\u0142\u0119bsze.<\/p>\n\n\n\n<p class=\"wp-block-paragraph\">Poniewa\u017c \u201enowoczesne\u201d oznacza tymczasowe.<\/p>\n\n\n\n<p class=\"wp-block-paragraph\">\u201eKatolickie\u201d oznacza powszechne.<\/p>\n\n\n\n<p class=\"wp-block-paragraph\">Ko\u015bci\u00f3\u0142 nie powinien konkurowa\u0107 ze \u015bwiatem.<\/p>\n\n\n\n<p class=\"wp-block-paragraph\">Nie powinien u\u017cywa\u0107 dok\u0142adnie tych samych kod\u00f3w co \u015bwiat, aby go przyci\u0105gn\u0105\u0107.<\/p>\n\n\n\n<p class=\"wp-block-paragraph\">Ko\u015bci\u00f3\u0142 posiada co\u015b, czego \u015bwiat nie mo\u017ce zaoferowa\u0107:<\/p>\n\n\n\n<p class=\"wp-block-paragraph\"><strong>Chrystusa.<\/strong><\/p>\n\n\n\n<p class=\"wp-block-paragraph\">A kiedy liturgia rzeczywi\u015bcie czyni Chrystusa widzialnym, dzieje si\u0119 co\u015b niezwyk\u0142ego.<\/p>\n\n\n\n<p class=\"wp-block-paragraph\">Cz\u0142owiek wchodzi.<\/p>\n\n\n\n<p class=\"wp-block-paragraph\">Spotyka co\u015b, czego sam nie stworzy\u0142.<\/p>\n\n\n\n<p class=\"wp-block-paragraph\">I w\u0142a\u015bnie dlatego mo\u017ce zacz\u0105\u0107 si\u0119 zmienia\u0107.<\/p>\n\n\n\n<hr class=\"wp-block-separator has-alpha-channel-opacity\"\/>\n\n\n\n<h1 class=\"wp-block-heading\">37. Liturgia powinna by\u0107 dost\u0119pna, ale nie banalna<\/h1>\n\n\n\n<p class=\"wp-block-paragraph\">Istnieje ogromna r\u00f3\u017cnica pomi\u0119dzy:<\/p>\n\n\n\n<p class=\"wp-block-paragraph\"><strong>uczynieniem tajemnicy zrozumia\u0142\u0105<\/strong><\/p>\n\n\n\n<p class=\"wp-block-paragraph\">a<\/p>\n\n\n\n<p class=\"wp-block-paragraph\"><strong>usuni\u0119ciem tajemnicy, aby uczyni\u0107 j\u0105 zrozumia\u0142\u0105.<\/strong><\/p>\n\n\n\n<p class=\"wp-block-paragraph\">Pierwsze jest ewangelizacj\u0105.<\/p>\n\n\n\n<p class=\"wp-block-paragraph\">Drugie jest zubo\u017ceniem.<\/p>\n\n\n\n<p class=\"wp-block-paragraph\">Dziecko mo\u017ce nie rozumie\u0107 teologii transsubstancjacji.<\/p>\n\n\n\n<p class=\"wp-block-paragraph\">Ale mo\u017ce nauczy\u0107 si\u0119 kl\u0119ka\u0107.<\/p>\n\n\n\n<p class=\"wp-block-paragraph\">Mo\u017ce nauczy\u0107 si\u0119 pozostawa\u0107 w ciszy.<\/p>\n\n\n\n<p class=\"wp-block-paragraph\">Mo\u017ce nauczy\u0107 si\u0119, \u017ce o\u0142tarz jest \u015bwi\u0119ty.<\/p>\n\n\n\n<p class=\"wp-block-paragraph\">Mo\u017ce nauczy\u0107 si\u0119, \u017ce kap\u0142an nie odgrywa roli.<\/p>\n\n\n\n<p class=\"wp-block-paragraph\">Mo\u017ce nauczy\u0107 si\u0119, \u017ce konsekrowana hostia nie jest zwyk\u0142ym symbolem.<\/p>\n\n\n\n<p class=\"wp-block-paragraph\">A z czasem zrozumie.<\/p>\n\n\n\n<hr class=\"wp-block-separator has-alpha-channel-opacity\"\/>\n\n\n\n<h1 class=\"wp-block-heading\">38. R\u00f3wnie\u017c pi\u0119kno ewangelizuje<\/h1>\n\n\n\n<p class=\"wp-block-paragraph\">\u015awi\u0119ty Augustyn m\u00f3wi\u0142 o pi\u0119knie jako o czym\u015b zdolnym prowadzi\u0107 dusz\u0119 ku Bogu.<\/p>\n\n\n\n<p class=\"wp-block-paragraph\">Liturgia posiada pi\u0119kno, kt\u00f3re nie jest jedynie dekoracyjne.<\/p>\n\n\n\n<p class=\"wp-block-paragraph\">Jest teologiczne.<\/p>\n\n\n\n<p class=\"wp-block-paragraph\">Kadzid\u0142o m\u00f3wi:<\/p>\n\n\n\n<p class=\"wp-block-paragraph\"><strong>B\u00f3g jest \u015bwi\u0119ty.<\/strong><\/p>\n\n\n\n<p class=\"wp-block-paragraph\">Cisza m\u00f3wi:<\/p>\n\n\n\n<p class=\"wp-block-paragraph\"><strong>B\u00f3g jest tajemnic\u0105.<\/strong><\/p>\n\n\n\n<p class=\"wp-block-paragraph\">\u015apiew gregoria\u0144ski m\u00f3wi:<\/p>\n\n\n\n<p class=\"wp-block-paragraph\"><strong>Modlimy si\u0119, a nie jeste\u015bmy zabawiani.<\/strong><\/p>\n\n\n\n<p class=\"wp-block-paragraph\">O\u0142tarz m\u00f3wi:<\/p>\n\n\n\n<p class=\"wp-block-paragraph\"><strong>Chrystus sk\u0142ada Siebie w ofierze.<\/strong><\/p>\n\n\n\n<p class=\"wp-block-paragraph\">Tabernakulum m\u00f3wi:<\/p>\n\n\n\n<p class=\"wp-block-paragraph\"><strong>Chrystus jest rzeczywi\u015bcie obecny.<\/strong><\/p>\n\n\n\n<p class=\"wp-block-paragraph\">Przykl\u0119kni\u0119cie m\u00f3wi:<\/p>\n\n\n\n<p class=\"wp-block-paragraph\"><strong>B\u00f3g zas\u0142uguje na adoracj\u0119.<\/strong><\/p>\n\n\n\n<p class=\"wp-block-paragraph\">Kap\u0142an w szatach liturgicznych m\u00f3wi:<\/p>\n\n\n\n<p class=\"wp-block-paragraph\"><strong>Nie dzia\u0142a z w\u0142asnej inicjatywy.<\/strong><\/p>\n\n\n\n<p class=\"wp-block-paragraph\">Wszystko m\u00f3wi.<\/p>\n\n\n\n<hr class=\"wp-block-separator has-alpha-channel-opacity\"\/>\n\n\n\n<h1 class=\"wp-block-heading\">39. Wielka nauka Soboru Watyka\u0144skiego II<\/h1>\n\n\n\n<p class=\"wp-block-paragraph\">By\u0142oby niesprawiedliwe sprowadzi\u0107 ca\u0142\u0105 t\u0119 analiz\u0119 do oskar\u017cenia przeciwko Soborowi.<\/p>\n\n\n\n<p class=\"wp-block-paragraph\"><em>Sacrosanctum Concilium<\/em> zawiera g\u0142\u0119boko tradycyjne stwierdzenia:<\/p>\n\n\n\n<ul class=\"wp-block-list\">\n<li>liturgia jako kult Bo\u017cego majestatu;<\/li>\n\n\n\n<li>Eucharystia jako Ofiara;<\/li>\n\n\n\n<li>obecno\u015b\u0107 Chrystusa;<\/li>\n\n\n\n<li>znaczenie ciszy;<\/li>\n\n\n\n<li>zachowanie \u0142aciny;<\/li>\n\n\n\n<li>znaczenie \u015bpiewu gregoria\u0144skiego;<\/li>\n\n\n\n<li>znaczenie uczestnictwa wewn\u0119trznego;<\/li>\n\n\n\n<li>potrzeba formacji liturgicznej;<\/li>\n\n\n\n<li>cze\u015b\u0107;<\/li>\n\n\n\n<li>ci\u0105g\u0142o\u015b\u0107 z Tradycj\u0105.<\/li>\n<\/ul>\n\n\n\n<p class=\"wp-block-paragraph\">Problem historyczny polega na tym, \u017ce <strong>p\u00f3\u017aniejsza praktyczna realizacja posz\u0142a znacznie dalej i w niekt\u00f3rych kontekstach by\u0142a o wiele bardziej radykalna, ni\u017c wydawa\u0142o si\u0119 tego wymaga\u0107 wiele postanowie\u0144 samego Soboru<\/strong>.<\/p>\n\n\n\n<p class=\"wp-block-paragraph\">I w\u0142a\u015bnie to jest jedna z debat, kt\u00f3re nadal trwaj\u0105.<\/p>\n\n\n\n<hr class=\"wp-block-separator has-alpha-channel-opacity\"\/>\n\n\n\n<h1 class=\"wp-block-heading\">40. A ta debata pozostaje aktualna<\/h1>\n\n\n\n<p class=\"wp-block-paragraph\">Nie m\u00f3wimy o kwestii archeologicznej.<\/p>\n\n\n\n<p class=\"wp-block-paragraph\">Jest to kwestia ca\u0142kowicie aktualna.<\/p>\n\n\n\n<p class=\"wp-block-paragraph\">W 2026 roku nadal pytamy:<\/p>\n\n\n\n<ul class=\"wp-block-list\">\n<li>Co oznacza uczestnictwo we Mszy?<\/li>\n\n\n\n<li>Jakie miejsce powinna zajmowa\u0107 cisza?<\/li>\n\n\n\n<li>Jak kap\u0142an powinien celebrowa\u0107?<\/li>\n\n\n\n<li>W jaki spos\u00f3b wiara jest przekazywana poprzez obrz\u0119dy?<\/li>\n\n\n\n<li>Jak mo\u017cemy odzyska\u0107 poczucie sacrum?<\/li>\n\n\n\n<li>Jak mo\u017cemy przyci\u0105gn\u0105\u0107 m\u0142odych, nie banalizuj\u0105c kultu?<\/li>\n\n\n\n<li>Jak mo\u017cemy zachowa\u0107 Tradycj\u0119, nie zamieniaj\u0105c jej w nostalgi\u0119?<\/li>\n\n\n\n<li>Jak mo\u017cemy prawowicie reformowa\u0107 bez zerwania z ci\u0105g\u0142o\u015bci\u0105?<\/li>\n\n\n\n<li>Jak Eucharystia mo\u017ce ponownie sta\u0107 si\u0119 prawdziwym centrum \u017cycia katolickiego?<\/li>\n<\/ul>\n\n\n\n<p class=\"wp-block-paragraph\">Odpowiedzi nie znajdziemy po prostu poprzez zmian\u0119 kilku rubryk.<\/p>\n\n\n\n<p class=\"wp-block-paragraph\">Poniewa\u017c problem jest g\u0142\u0119bszy.<\/p>\n\n\n\n<h3 class=\"wp-block-heading\">Potrzebujemy odnowy liturgicznej, kt\u00f3ra b\u0119dzie jednocze\u015bnie odnow\u0105 wiary.<\/h3>\n\n\n\n<hr class=\"wp-block-separator has-alpha-channel-opacity\"\/>\n\n\n\n<h1 class=\"wp-block-heading\">41. Prawdziwym problemem nie jest \u0142acina przeciwko j\u0119zykowi polskiemu<\/h1>\n\n\n\n<p class=\"wp-block-paragraph\">Nie chodzi te\u017c o:<\/p>\n\n\n\n<p class=\"wp-block-paragraph\"><strong>Msz\u0119 tradycyjn\u0105 przeciwko nowej Mszy.<\/strong><\/p>\n\n\n\n<p class=\"wp-block-paragraph\">G\u0142\u0119bsza kwestia brzmi:<\/p>\n\n\n\n<h3 class=\"wp-block-heading\">B\u00f3g czy cz\u0142owiek?<\/h3>\n\n\n\n<p class=\"wp-block-paragraph\">Kiedy B\u00f3g jest w centrum:<\/p>\n\n\n\n<p class=\"wp-block-paragraph\">j\u0119zyk b\u0119dzie narz\u0119dziem.<\/p>\n\n\n\n<p class=\"wp-block-paragraph\">Muzyka b\u0119dzie narz\u0119dziem.<\/p>\n\n\n\n<p class=\"wp-block-paragraph\">Architektura b\u0119dzie narz\u0119dziem.<\/p>\n\n\n\n<p class=\"wp-block-paragraph\">Gesty b\u0119d\u0105 narz\u0119dziami.<\/p>\n\n\n\n<p class=\"wp-block-paragraph\">Kap\u0142an b\u0119dzie s\u0142ug\u0105.<\/p>\n\n\n\n<p class=\"wp-block-paragraph\">Wierni b\u0119d\u0105 adoruj\u0105cymi.<\/p>\n\n\n\n<p class=\"wp-block-paragraph\">Liturgia b\u0119dzie \u015bwi\u0119ta.<\/p>\n\n\n\n<p class=\"wp-block-paragraph\">Ale kiedy cz\u0142owiek zaczyna zajmowa\u0107 centrum:<\/p>\n\n\n\n<p class=\"wp-block-paragraph\">liturgia staje si\u0119 do\u015bwiadczeniem.<\/p>\n\n\n\n<p class=\"wp-block-paragraph\">Kap\u0142an staje si\u0119 protagonist\u0105.<\/p>\n\n\n\n<p class=\"wp-block-paragraph\">Muzyka staje si\u0119 rozrywk\u0105.<\/p>\n\n\n\n<p class=\"wp-block-paragraph\">Uczestnictwo staje si\u0119 aktywno\u015bci\u0105.<\/p>\n\n\n\n<p class=\"wp-block-paragraph\">Ko\u015bci\u00f3\u0142 staje si\u0119 sal\u0105.<\/p>\n\n\n\n<p class=\"wp-block-paragraph\">A Msza mo\u017ce w ko\u0144cu zacz\u0105\u0107 przypomina\u0107 zgromadzenie.<\/p>\n\n\n\n<hr class=\"wp-block-separator has-alpha-channel-opacity\"\/>\n\n\n\n<h1 class=\"wp-block-heading\">42. Odpowiedzi\u0105 nie jest nostalgia, lecz adoracja<\/h1>\n\n\n\n<p class=\"wp-block-paragraph\">Jest to by\u0107 mo\u017ce najwa\u017cniejszy wniosek dla katolika tradycyjnego.<\/p>\n\n\n\n<p class=\"wp-block-paragraph\">Nie bronimy dawnej liturgii tylko dlatego, \u017ce jest dawna.<\/p>\n\n\n\n<p class=\"wp-block-paragraph\">Bronimy jej wtedy, gdy jej formy pomagaj\u0105 przekazywa\u0107 to, w co wierzy Ko\u015bci\u00f3\u0142.<\/p>\n\n\n\n<p class=\"wp-block-paragraph\">Nie chcemy \u0142aciny dla samej \u0142aciny.<\/p>\n\n\n\n<p class=\"wp-block-paragraph\">Chcemy na nowo odkry\u0107 znaczenie powszechno\u015bci i \u015bwi\u0119to\u015bci, kt\u00f3re mo\u017ce ona wyra\u017ca\u0107.<\/p>\n\n\n\n<p class=\"wp-block-paragraph\">Nie chcemy ciszy po prostu dlatego, \u017ce lubimy cisz\u0119.<\/p>\n\n\n\n<p class=\"wp-block-paragraph\">Chcemy ciszy, poniewa\u017c potrzebujemy s\u0142ucha\u0107 Boga.<\/p>\n\n\n\n<p class=\"wp-block-paragraph\">Nie chcemy \u015bpiewu gregoria\u0144skiego dlatego, \u017ce jest \u015bredniowieczny.<\/p>\n\n\n\n<p class=\"wp-block-paragraph\">Chcemy ponownie odkry\u0107 muzyk\u0119 zrodzon\u0105 dla modlitwy.<\/p>\n\n\n\n<p class=\"wp-block-paragraph\">Nie chcemy kl\u0119ka\u0107 dlatego, \u017ce jest to dawny zwyczaj.<\/p>\n\n\n\n<p class=\"wp-block-paragraph\">Kl\u0119kamy, poniewa\u017c <strong>Chrystus jest Bogiem<\/strong>.<\/p>\n\n\n\n<p class=\"wp-block-paragraph\">Nie chcemy, aby kap\u0142an odwraca\u0142 si\u0119 plecami do ludu z powod\u00f3w czysto estetycznych.<\/p>\n\n\n\n<p class=\"wp-block-paragraph\">Chcemy, aby ca\u0142a wsp\u00f3lnota, wraz z kap\u0142anem, mog\u0142a wyrazi\u0107 cia\u0142em, \u017ce <strong>wszyscy patrzymy na Pana<\/strong>.<\/p>\n\n\n\n<hr class=\"wp-block-separator has-alpha-channel-opacity\"\/>\n\n\n\n<h1 class=\"wp-block-heading\">43. Liturgia, kt\u00f3rej potrzebujemy<\/h1>\n\n\n\n<p class=\"wp-block-paragraph\">By\u0107 mo\u017ce Ko\u015bci\u00f3\u0142 naszych czas\u00f3w nie potrzebuje liturgii, kt\u00f3ra stara si\u0119 by\u0107 bardziej podobna do \u015bwiata.<\/p>\n\n\n\n<p class=\"wp-block-paragraph\">By\u0107 mo\u017ce potrzebuje liturgii, kt\u00f3ra ponownie poka\u017ce \u015bwiatu <strong>co\u015b, czego sam \u015bwiat nie jest ju\u017c w stanie ukaza\u0107<\/strong>.<\/p>\n\n\n\n<p class=\"wp-block-paragraph\">Cisz\u0119.<\/p>\n\n\n\n<p class=\"wp-block-paragraph\">Wieczno\u015b\u0107.<\/p>\n\n\n\n<p class=\"wp-block-paragraph\">Ofiar\u0119.<\/p>\n\n\n\n<p class=\"wp-block-paragraph\">Pi\u0119kno.<\/p>\n\n\n\n<p class=\"wp-block-paragraph\">Prawd\u0119.<\/p>\n\n\n\n<p class=\"wp-block-paragraph\">Grzech.<\/p>\n\n\n\n<p class=\"wp-block-paragraph\">Mi\u0142osierdzie.<\/p>\n\n\n\n<p class=\"wp-block-paragraph\">Rzeczywist\u0105 obecno\u015b\u0107.<\/p>\n\n\n\n<p class=\"wp-block-paragraph\">Krzy\u017c.<\/p>\n\n\n\n<p class=\"wp-block-paragraph\">Zmartwychwstanie.<\/p>\n\n\n\n<p class=\"wp-block-paragraph\">A przede wszystkim:<\/p>\n\n\n\n<p class=\"wp-block-paragraph\"><strong>Jezusa Chrystusa.<\/strong><\/p>\n\n\n\n<p class=\"wp-block-paragraph\">Poniewa\u017c kiedy kap\u0142an m\u00f3wi:<\/p>\n\n\n\n<blockquote class=\"wp-block-quote is-layout-flow wp-block-quote-is-layout-flow\">\n<p class=\"wp-block-paragraph\"><strong>\u201eTo jest Cia\u0142o moje\u201d.<\/strong><\/p>\n<\/blockquote>\n\n\n\n<p class=\"wp-block-paragraph\">nie stoimy wobec metafory.<\/p>\n\n\n\n<p class=\"wp-block-paragraph\">Kiedy m\u00f3wi:<\/p>\n\n\n\n<blockquote class=\"wp-block-quote is-layout-flow wp-block-quote-is-layout-flow\">\n<p class=\"wp-block-paragraph\"><strong>\u201eTo jest kielich Krwi mojej\u201d.<\/strong><\/p>\n<\/blockquote>\n\n\n\n<p class=\"wp-block-paragraph\">nie stoimy wobec zwyk\u0142ego przedstawienia.<\/p>\n\n\n\n<p class=\"wp-block-paragraph\">Stoimy wobec tajemnicy wiary.<\/p>\n\n\n\n<p class=\"wp-block-paragraph\">I dlatego liturgia nie mo\u017ce by\u0107 traktowana jak jakakolwiek inna ludzka dzia\u0142alno\u015b\u0107.<\/p>\n\n\n\n<hr class=\"wp-block-separator has-alpha-channel-opacity\"\/>\n\n\n\n<h1 class=\"wp-block-heading\">44. Zako\u0144czenie: bardziej dost\u0119pna czy bardziej protestancka?<\/h1>\n\n\n\n<p class=\"wp-block-paragraph\">Powr\u00f3\u0107my wreszcie do naszego pocz\u0105tkowego pytania.<\/p>\n\n\n\n<p class=\"wp-block-paragraph\"><strong>Czy liturgia zosta\u0142a zmieniona, aby by\u0142a bardziej dost\u0119pna, czy aby sta\u0142a si\u0119 bardziej protestancka?<\/strong><\/p>\n\n\n\n<p class=\"wp-block-paragraph\">Historycznie \u015bcis\u0142a odpowied\u017a brzmi:<\/p>\n\n\n\n<h3 class=\"wp-block-heading\">Sob\u00f3r Watyka\u0144ski II d\u0105\u017cy\u0142 do odnowy liturgicznej, kt\u00f3ra mia\u0142a sprzyja\u0107 bardziej \u015bwiadomemu, aktywnemu i owocnemu uczestnictwu, wi\u0119kszemu bogactwu tekst\u00f3w biblijnych i lepszemu rozumieniu obrz\u0119d\u00f3w. Nie nakaza\u0142 przekszta\u0142cenia katolickiej liturgii w protestanck\u0105 form\u0119 kultu.<\/h3>\n\n\n\n<p class=\"wp-block-paragraph\">Ale r\u00f3wnie uprawnione jest pytanie, czy <strong>niekt\u00f3re sposoby zastosowania reformy<\/strong> doprowadzi\u0142y w niekt\u00f3rych miejscach do nadmiernie horyzontalnego, wsp\u00f3lnotowego lub dydaktycznego rozumienia Mszy, kt\u00f3re w praktyce \u2013 nie usuwaj\u0105c jej doktryny \u2013 przes\u0142oni\u0142o jej charakter ofiarny, kap\u0142a\u0144ski i adoracyjny.<\/p>\n\n\n\n<p class=\"wp-block-paragraph\">I w\u0142a\u015bnie tutaj znajduje si\u0119 jedno z wielkich wyzwa\u0144 Ko\u015bcio\u0142a XXI wieku:<\/p>\n\n\n\n<h3 class=\"wp-block-heading\">odnale\u017a\u0107 r\u00f3wnowag\u0119.<\/h3>\n\n\n\n<p class=\"wp-block-paragraph\">Nie powinni\u015bmy przeciwstawia\u0107:<\/p>\n\n\n\n<p class=\"wp-block-paragraph\"><strong>Tradycji i Soboru.<\/strong><\/p>\n\n\n\n<p class=\"wp-block-paragraph\">Powinni\u015bmy na nowo odkry\u0107:<\/p>\n\n\n\n<p class=\"wp-block-paragraph\"><strong>Tradycj\u0119 + prawdziw\u0105 reform\u0119 + cze\u015b\u0107 + ci\u0105g\u0142o\u015b\u0107.<\/strong><\/p>\n\n\n\n<p class=\"wp-block-paragraph\">Ko\u015bci\u00f3\u0142 nie powinien czyni\u0107 Mszy mniej tajemnicz\u0105.<\/p>\n\n\n\n<p class=\"wp-block-paragraph\">Powinien nauczy\u0107 wsp\u00f3\u0142czesnego cz\u0142owieka <strong>wchodzi\u0107 w tajemnic\u0119<\/strong>.<\/p>\n\n\n\n<p class=\"wp-block-paragraph\">By\u0107 mo\u017ce bowiem problem nie polega na tym, \u017ce liturgia jest zbyt trudna.<\/p>\n\n\n\n<p class=\"wp-block-paragraph\">By\u0107 mo\u017ce zapomnieli\u015bmy o czym\u015b o wiele prostszym:<\/p>\n\n\n\n<blockquote class=\"wp-block-quote is-layout-flow wp-block-quote-is-layout-flow\">\n<p class=\"wp-block-paragraph\"><strong>\u201eNie zbli\u017caj si\u0119 tutaj! Zdejmij sanda\u0142y z n\u00f3g, gdy\u017c miejsce, na kt\u00f3rym stoisz, jest ziemi\u0105 \u015bwi\u0119t\u0105\u201d.<\/strong><br><em>(Wj 3,5)<\/em><\/p>\n<\/blockquote>\n\n\n\n<p class=\"wp-block-paragraph\">Moj\u017cesz nie potrzebowa\u0142, aby B\u00f3g uczyni\u0142 p\u0142on\u0105cy krzew \u201ebardziej dost\u0119pnym\u201d.<\/p>\n\n\n\n<p class=\"wp-block-paragraph\">Potrzebowa\u0142 nauczy\u0107 si\u0119 <strong>zdejmowa\u0107 sanda\u0142y przed tajemnic\u0105<\/strong>.<\/p>\n\n\n\n<p class=\"wp-block-paragraph\">I by\u0107 mo\u017ce jest to r\u00f3wnie\u017c lekcja, kt\u00f3r\u0105 katolicka liturgia mo\u017ce ofiarowa\u0107 wsp\u00f3\u0142czesnemu cz\u0142owiekowi.<\/p>\n\n\n\n<p class=\"wp-block-paragraph\">W \u015bwiecie, kt\u00f3ry krzyczy \u2014 <strong>cisz\u0119<\/strong>.<\/p>\n\n\n\n<p class=\"wp-block-paragraph\">W \u015bwiecie, kt\u00f3ry wszystko banalizuje \u2014 <strong>sacrum<\/strong>.<\/p>\n\n\n\n<p class=\"wp-block-paragraph\">W \u015bwiecie, kt\u00f3ry oddaje cze\u015b\u0107 samemu sobie \u2014 <strong>adoracj\u0119<\/strong>.<\/p>\n\n\n\n<p class=\"wp-block-paragraph\">W \u015bwiecie, kt\u00f3ry ucieka od ofiary \u2014 <strong>Krzy\u017c<\/strong>.<\/p>\n\n\n\n<p class=\"wp-block-paragraph\">A w \u015bwiecie, kt\u00f3ry rozpaczliwie szuka czego\u015b prawdziwego:<\/p>\n\n\n\n<h3 class=\"wp-block-heading\"><strong>Chrystusa.<\/strong><\/h3>\n","protected":false},"excerpt":{"rendered":"<p>Cicha rewolucja, kt\u00f3ra zmieni\u0142a spos\u00f3b, w jaki miliony katolik\u00f3w rozumiej\u0105 Msz\u0119 \u015awi\u0119t\u0105 S\u0105 pytania, kt\u00f3re s\u0105 niewygodne w\u0142a\u015bnie dlatego, \u017ce zmuszaj\u0105 nas do spojrzenia poza pozory. Jedno z nich brzmi: Dlaczego liturgia katolicka zmieni\u0142a si\u0119 tak g\u0142\u0119boko po Soborze Watyka\u0144skim II? Czy sta\u0142o si\u0119 tak po prostu po to, aby wierni mogli lepiej zrozumie\u0107 to, &hellip;<\/p>\n","protected":false},"author":3,"featured_media":6358,"comment_status":"closed","ping_status":"closed","sticky":false,"template":"","format":"standard","meta":{"_seopress_titles_title":"","_seopress_titles_desc":"","_seopress_robots_index":"","_seopress_robots_follow":"","_seopress_robots_imageindex":"","_seopress_robots_snippet":"","_seopress_robots_primary_cat":"","_seopress_robots_breadcrumbs":"","_seopress_robots_freeze_modified_date":"","_seopress_robots_custom_modified_date":"","_seopress_robots_canonical":"","_seopress_social_fb_title":"","_seopress_social_fb_desc":"","_seopress_social_fb_img":"","_seopress_social_fb_img_attachment_id":0,"_seopress_social_fb_img_width":0,"_seopress_social_fb_img_height":0,"_seopress_social_twitter_title":"","_seopress_social_twitter_desc":"","_seopress_social_twitter_img":"","_seopress_social_twitter_img_attachment_id":0,"_seopress_social_twitter_img_width":0,"_seopress_social_twitter_img_height":0,"_seopress_redirections_value":"","_seopress_redirections_enabled":"","_seopress_redirections_enabled_regex":"","_seopress_redirections_logged_status":"","_seopress_redirections_param":"","_seopress_redirections_type":0,"_seopress_analysis_target_kw":"","footnotes":""},"categories":[38,52],"tags":[354],"class_list":["post-6357","post","type-post","status-publish","format-standard","has-post-thumbnail","","category-historia-i-tradycja","category-liturgia-i-rok-liturgiczny","tag-liturgia"],"_links":{"self":[{"href":"https:\/\/catholicus.eu\/pl\/wp-json\/wp\/v2\/posts\/6357","targetHints":{"allow":["GET"]}}],"collection":[{"href":"https:\/\/catholicus.eu\/pl\/wp-json\/wp\/v2\/posts"}],"about":[{"href":"https:\/\/catholicus.eu\/pl\/wp-json\/wp\/v2\/types\/post"}],"author":[{"embeddable":true,"href":"https:\/\/catholicus.eu\/pl\/wp-json\/wp\/v2\/users\/3"}],"replies":[{"embeddable":true,"href":"https:\/\/catholicus.eu\/pl\/wp-json\/wp\/v2\/comments?post=6357"}],"version-history":[{"count":1,"href":"https:\/\/catholicus.eu\/pl\/wp-json\/wp\/v2\/posts\/6357\/revisions"}],"predecessor-version":[{"id":6359,"href":"https:\/\/catholicus.eu\/pl\/wp-json\/wp\/v2\/posts\/6357\/revisions\/6359"}],"wp:featuredmedia":[{"embeddable":true,"href":"https:\/\/catholicus.eu\/pl\/wp-json\/wp\/v2\/media\/6358"}],"wp:attachment":[{"href":"https:\/\/catholicus.eu\/pl\/wp-json\/wp\/v2\/media?parent=6357"}],"wp:term":[{"taxonomy":"category","embeddable":true,"href":"https:\/\/catholicus.eu\/pl\/wp-json\/wp\/v2\/categories?post=6357"},{"taxonomy":"post_tag","embeddable":true,"href":"https:\/\/catholicus.eu\/pl\/wp-json\/wp\/v2\/tags?post=6357"}],"curies":[{"name":"wp","href":"https:\/\/api.w.org\/{rel}","templated":true}]}}