{"id":6333,"date":"2026-08-12T13:56:17","date_gmt":"2026-08-12T11:56:17","guid":{"rendered":"https:\/\/catholicus.eu\/pl\/?p=6333"},"modified":"2026-08-12T13:56:17","modified_gmt":"2026-08-12T11:56:17","slug":"zacmienia-w-biblii-kiedy-niebiosa-ciemnieja-a-bog-przypomina-nam-kto-jest-prawdziwym-panem-swiatla","status":"publish","type":"post","link":"https:\/\/catholicus.eu\/pl\/zacmienia-w-biblii-kiedy-niebiosa-ciemnieja-a-bog-przypomina-nam-kto-jest-prawdziwym-panem-swiatla\/","title":{"rendered":"Za\u0107mienia w Biblii: kiedy niebiosa ciemniej\u0105, a B\u00f3g przypomina nam, kto jest prawdziwym Panem \u015bwiat\u0142a"},"content":{"rendered":"\n<p class=\"wp-block-paragraph\">Istniej\u0105 zjawiska naturalne, kt\u00f3re nawet wtedy, gdy nauka potrafi dok\u0142adnie wyja\u015bni\u0107, jak powstaj\u0105, nadal budz\u0105 w nas g\u0142\u0119bokie zdumienie. Za\u0107mienie jest jednym z nich. Przez kilka chwil co\u015b, co wcze\u015bniej wydawa\u0142o si\u0119 niezmienne, zmienia si\u0119 na naszych oczach: \u015bwiat\u0142o dnia przybiera niezwyk\u0142y, mroczny odcie\u0144, S\u0142o\u0144ce zdaje si\u0119 znika\u0107, a krajobraz zostaje otulony niezwyk\u0142ym \u015bwiat\u0142em.<\/p>\n\n\n\n<p class=\"wp-block-paragraph\">Nic wi\u0119c dziwnego, \u017ce od czas\u00f3w staro\u017cytnych ludzie obserwowali za\u0107mienia z l\u0119kiem, zachwytem i w perspektywie religijnej.<\/p>\n\n\n\n<p class=\"wp-block-paragraph\">Tak\u017ce Pismo \u015awi\u0119te m\u00f3wi o zaciemnieniu S\u0142o\u0144ca, o Ksi\u0119\u017cycu trac\u0105cym swoje \u015bwiat\u0142o oraz o znakach na niebie, kt\u00f3re towarzysz\u0105 niekt\u00f3rym decyduj\u0105cym momentom historii zbawienia.<\/p>\n\n\n\n<p class=\"wp-block-paragraph\">Trzeba jednak od pocz\u0105tku poczyni\u0107 wa\u017cne zastrze\u017cenie: <strong>Biblia nie naucza, \u017ce ka\u017cde za\u0107mienie jest omenem, kar\u0105 Bo\u017c\u0105 czy bezpo\u015brednim znakiem ko\u0144ca \u015bwiata.<\/strong><\/p>\n\n\n\n<p class=\"wp-block-paragraph\">Perspektywa biblijna jest znacznie g\u0142\u0119bsza.<\/p>\n\n\n\n<p class=\"wp-block-paragraph\">Dla wiary katolickiej cia\u0142a niebieskie s\u0105 stworzeniami Boga. Za\u0107mienie nie jest zakodowan\u0105 wiadomo\u015bci\u0105, kt\u00f3r\u0105 powinni\u015bmy pr\u00f3bowa\u0107 odczytywa\u0107 w spos\u00f3b zabobonny, lecz wydarzeniem zachodz\u0105cym w stworzeniu, kt\u00f3re w \u015bwietle Objawienia mo\u017ce sta\u0107 si\u0119 wyj\u0105tkow\u0105 okazj\u0105 do kontemplowania pot\u0119gi Boga, przypomnienia sobie o w\u0142asnej ma\u0142o\u015bci i wzniesienia serca ku Chrystusowi.<\/p>\n\n\n\n<p class=\"wp-block-paragraph\">I w\u0142a\u015bnie dzisiaj, kiedy za\u0107mienia ponownie zajmuj\u0105 miejsce w nag\u0142\u00f3wkach gazet, mediach spo\u0142eczno\u015bciowych i rozmowach \u2014 szczeg\u00f3lnie w zwi\u0105zku z ca\u0142kowitym za\u0107mieniem S\u0142o\u0144ca z <strong>12 sierpnia 2026 roku<\/strong>, kt\u00f3rego pas przechodzi przez niekt\u00f3re obszary p\u00f3\u0142kuli p\u00f3\u0142nocnej \u2014 warto zada\u0107 sobie pytanie: <strong>co w\u0142a\u015bciwie Biblia m\u00f3wi o za\u0107mieniach?<\/strong><\/p>\n\n\n\n<h2 class=\"wp-block-heading\">1. S\u0142o\u0144ce, Ksi\u0119\u017cyc i gwiazdy nale\u017c\u0105 do Boga<\/h2>\n\n\n\n<p class=\"wp-block-paragraph\">Pierwszy klucz do zrozumienia wszelkich biblijnych odniesie\u0144 do zjawisk na niebie znajduje si\u0119 w Ksi\u0119dze Rodzaju.<\/p>\n\n\n\n<blockquote class=\"wp-block-quote is-layout-flow wp-block-quote-is-layout-flow\">\n<p class=\"wp-block-paragraph\">\u201eB\u00f3g uczyni\u0142 dwa wielkie \u015bwiat\u0142a: wi\u0119ksze, aby rz\u0105dzi\u0142o dniem, i mniejsze, aby rz\u0105dzi\u0142o noc\u0105; oraz gwiazdy.\u201d<br><strong>(Rdz 1,16)<\/strong><\/p>\n<\/blockquote>\n\n\n\n<p class=\"wp-block-paragraph\">To stwierdzenie ma niezwyk\u0142e znaczenie.<\/p>\n\n\n\n<p class=\"wp-block-paragraph\">W wielu staro\u017cytnych religiach S\u0142o\u0144ce, Ksi\u0119\u017cyc i gwiazdy by\u0142y uto\u017csamiane z b\u00f3stwami. Cia\u0142a niebieskie mog\u0142y by\u0107 czczone, budzi\u0107 l\u0119k lub by\u0107 postrzegane jako nadprzyrodzone moce.<\/p>\n\n\n\n<p class=\"wp-block-paragraph\">Biblia radykalnie zrywa z tak\u0105 mentalno\u015bci\u0105.<\/p>\n\n\n\n<p class=\"wp-block-paragraph\">S\u0142o\u0144ce <strong>nie jest Bogiem<\/strong>.<\/p>\n\n\n\n<p class=\"wp-block-paragraph\">Ksi\u0119\u017cyc <strong>nie jest bogini\u0105<\/strong>.<\/p>\n\n\n\n<p class=\"wp-block-paragraph\">Gwiazdy <strong>nie s\u0105 boskimi mocami, kt\u00f3re rz\u0105dz\u0105 naszym losem<\/strong>.<\/p>\n\n\n\n<p class=\"wp-block-paragraph\">S\u0105 stworzeniami.<\/p>\n\n\n\n<p class=\"wp-block-paragraph\">\u201eB\u00f3g stworzy\u0142\u201d. Oto podstawowe stwierdzenie.<\/p>\n\n\n\n<p class=\"wp-block-paragraph\">Dlatego chrze\u015bcijanin mo\u017ce kontemplowa\u0107 za\u0107mienie z ogromnym zachwytem, nie popadaj\u0105c w zabobon. W\u0142a\u015bnie dlatego, \u017ce wie, i\u017c to, na co patrzy, nie jest b\u00f3stwem, lecz stworzeniem, kt\u00f3re po\u015brednio ukazuje wielko\u015b\u0107 swojego Stw\u00f3rcy.<\/p>\n\n\n\n<p class=\"wp-block-paragraph\">Za\u0107mienie mo\u017ce wi\u0119c sta\u0107 si\u0119 swego rodzaju ma\u0142\u0105 kosmiczn\u0105 katechez\u0105: <strong>stworzenie jest wielkie, ale Stw\u00f3rca jest niesko\u0144czenie wi\u0119kszy<\/strong>.<\/p>\n\n\n\n<p class=\"wp-block-paragraph\">Nauka wyja\u015bnia, jak dochodzi do za\u0107mienia: podczas za\u0107mienia S\u0142o\u0144ca Ksi\u0119\u017cyc przechodzi mi\u0119dzy S\u0142o\u0144cem a Ziemi\u0105; podczas za\u0107mienia Ksi\u0119\u017cyca Ziemia znajduje si\u0119 mi\u0119dzy S\u0142o\u0144cem a Ksi\u0119\u017cycem. Niezwyk\u0142a precyzja, z jak\u0105 mo\u017cna przewidywa\u0107 te zjawiska, pokazuje w\u0142a\u015bnie, \u017ce wszech\u015bwiat posiada poznawalny porz\u0105dek.<\/p>\n\n\n\n<p class=\"wp-block-paragraph\">Naukowe wyja\u015bnienie nie musi wi\u0119c eliminowa\u0107 religijnego zachwytu.<\/p>\n\n\n\n<p class=\"wp-block-paragraph\">Mo\u017ce go nawet pog\u0142\u0119bi\u0107.<\/p>\n\n\n\n<h2 class=\"wp-block-heading\">2. Czy za\u0107mienia rzeczywi\u015bcie pojawiaj\u0105 si\u0119 w Biblii?<\/h2>\n\n\n\n<p class=\"wp-block-paragraph\">Musimy tutaj rozr\u00f3\u017cni\u0107 <strong>za\u0107mienia w \u015bcis\u0142ym sensie astronomicznym<\/strong> od biblijnego j\u0119zyka kosmicznej ciemno\u015bci.<\/p>\n\n\n\n<p class=\"wp-block-paragraph\">Biblia cz\u0119sto pos\u0142uguje si\u0119 obrazami zwi\u0105zanymi z zaciemnieniem S\u0142o\u0144ca, Ksi\u0119\u017cyca i gwiazd.<\/p>\n\n\n\n<p class=\"wp-block-paragraph\">Jeden z najbardziej znanych fragment\u00f3w znajduje si\u0119 u proroka Amosa:<\/p>\n\n\n\n<blockquote class=\"wp-block-quote is-layout-flow wp-block-quote-is-layout-flow\">\n<p class=\"wp-block-paragraph\">\u201eW owym dniu \u2014 wyrocznia Pana Boga \u2014 zajdzie s\u0142o\u0144ce w po\u0142udnie i w dzie\u0144 jasny zaciemni\u0119 ziemi\u0119.\u201d<br><strong>(Am 8,9)<\/strong><\/p>\n<\/blockquote>\n\n\n\n<p class=\"wp-block-paragraph\">Na pierwszy rzut oka mogliby\u015bmy natychmiast pomy\u015ble\u0107 o za\u0107mieniu S\u0142o\u0144ca.<\/p>\n\n\n\n<p class=\"wp-block-paragraph\">Musimy jednak zachowa\u0107 ostro\u017cno\u015b\u0107.<\/p>\n\n\n\n<p class=\"wp-block-paragraph\">J\u0119zyk prorocki nie funkcjonuje jak wsp\u00f3\u0142czesny podr\u0119cznik astronomii. Prorocy pos\u0142uguj\u0105 si\u0119 obrazami kosmicznymi, aby wyrazi\u0107 dzia\u0142anie Boga w historii, zw\u0142aszcza Jego s\u0105d nad grzechem.<\/p>\n\n\n\n<p class=\"wp-block-paragraph\">Zaciemnienie S\u0142o\u0144ca oznacza nadej\u015bcie chwili g\u0142\u0119bokiego wstrz\u0105su.<\/p>\n\n\n\n<p class=\"wp-block-paragraph\">Przes\u0142anie nie brzmi: \u201eKiedy zobaczycie za\u0107mienie, wiedzcie, \u017ce B\u00f3g kogo\u015b karze\u201d.<\/p>\n\n\n\n<p class=\"wp-block-paragraph\">Przes\u0142anie jest znacznie powa\u017cniejsze:<\/p>\n\n\n\n<p class=\"wp-block-paragraph\"><strong>cz\u0142owiek mo\u017ce \u017cy\u0107 tak, jakby Boga nie by\u0142o, ale nadejdzie chwila, w kt\u00f3rej b\u0119dzie musia\u0142 zmierzy\u0107 si\u0119 z prawd\u0105.<\/strong><\/p>\n\n\n\n<h2 class=\"wp-block-heading\">3. Joel: S\u0142o\u0144ce si\u0119 za\u0107mi, a Ksi\u0119\u017cyc stanie si\u0119 krwi\u0105<\/h2>\n\n\n\n<p class=\"wp-block-paragraph\">Kolejny fundamentalny tekst znajdujemy u proroka Joela:<\/p>\n\n\n\n<blockquote class=\"wp-block-quote is-layout-flow wp-block-quote-is-layout-flow\">\n<p class=\"wp-block-paragraph\">\u201eS\u0142o\u0144ce zamieni si\u0119 w ciemno\u015b\u0107, a ksi\u0119\u017cyc w krew, gdy przyjdzie dzie\u0144 Pa\u0144ski, dzie\u0144 wielki i straszny.\u201d<br><strong>(Jl 3,4)<\/strong><\/p>\n<\/blockquote>\n\n\n\n<p class=\"wp-block-paragraph\">To wyra\u017cenie jest szczeg\u00f3lnie interesuj\u0105ce, poniewa\u017c pojawia si\u0119 ponownie w Nowym Testamencie.<\/p>\n\n\n\n<p class=\"wp-block-paragraph\">\u015awi\u0119ty Piotr cytuje je w swoim przem\u00f3wieniu w dniu Pi\u0119\u0107dziesi\u0105tnicy:<\/p>\n\n\n\n<blockquote class=\"wp-block-quote is-layout-flow wp-block-quote-is-layout-flow\">\n<p class=\"wp-block-paragraph\">\u201eS\u0142o\u0144ce przemieni si\u0119 w ciemno\u015b\u0107, a ksi\u0119\u017cyc w krew, zanim nadejdzie dzie\u0144 Pa\u0144ski, wielki i wspania\u0142y.\u201d<br><strong>(Dz 2,20)<\/strong><\/p>\n<\/blockquote>\n\n\n\n<p class=\"wp-block-paragraph\">Podobnymi obrazami pos\u0142uguje si\u0119 tak\u017ce Ksi\u0119ga Apokalipsy:<\/p>\n\n\n\n<blockquote class=\"wp-block-quote is-layout-flow wp-block-quote-is-layout-flow\">\n<p class=\"wp-block-paragraph\">\u201eS\u0142o\u0144ce sta\u0142o si\u0119 czarne jak w\u0142osienny w\u00f3r, a ca\u0142y ksi\u0119\u017cyc sta\u0142 si\u0119 jak krew.\u201d<br><strong>(Ap 6,12)<\/strong><\/p>\n<\/blockquote>\n\n\n\n<p class=\"wp-block-paragraph\">Stajemy tutaj wobec fundamentalnego pytania wsp\u00f3\u0142czesnego czytelnika.<\/p>\n\n\n\n<p class=\"wp-block-paragraph\">Czy Biblia m\u00f3wi tutaj dos\u0142ownie o za\u0107mieniach?<\/p>\n\n\n\n<p class=\"wp-block-paragraph\">Katolicka odpowied\u017a wymaga roztropno\u015bci.<\/p>\n\n\n\n<p class=\"wp-block-paragraph\">Pismo \u015awi\u0119te cz\u0119sto wykorzystuje j\u0119zyk kosmiczny do opisywania wydarze\u0144 eschatologicznych i nadzwyczajnych przejaw\u00f3w Bo\u017cej mocy. Zaciemnione S\u0142o\u0144ce, Ksi\u0119\u017cyc podobny do krwi i spadaj\u0105ce gwiazdy nale\u017c\u0105 do niezwykle mocnego j\u0119zyka symbolicznego.<\/p>\n\n\n\n<p class=\"wp-block-paragraph\">Nie wolno nam zamienia\u0107 ka\u017cdego za\u0107mienia, kt\u00f3re pojawia si\u0119 w naszym kalendarzu astronomicznym, w wype\u0142nione proroctwo.<\/p>\n\n\n\n<p class=\"wp-block-paragraph\"><strong>Oznacza\u0142oby to porzucenie chrze\u015bcija\u0144skiej interpretacji Pisma \u015awi\u0119tego i wej\u015bcie w obszar zabobonu.<\/strong><\/p>\n\n\n\n<h2 class=\"wp-block-heading\">4. A co wydarzy\u0142o si\u0119 podczas \u015bmierci Jezusa Chrystusa?<\/h2>\n\n\n\n<p class=\"wp-block-paragraph\">Tutaj znajdujemy najbardziej przejmuj\u0105cy fragment ze wszystkich.<\/p>\n\n\n\n<p class=\"wp-block-paragraph\">Ewangelie synoptyczne opisuj\u0105 niezwyk\u0142\u0105 ciemno\u015b\u0107 podczas Ukrzy\u017cowania.<\/p>\n\n\n\n<p class=\"wp-block-paragraph\">\u015awi\u0119ty Mateusz pisze:<\/p>\n\n\n\n<blockquote class=\"wp-block-quote is-layout-flow wp-block-quote-is-layout-flow\">\n<p class=\"wp-block-paragraph\">\u201eOd godziny sz\u00f3stej mrok ogarn\u0105\u0142 ca\u0142\u0105 ziemi\u0119 a\u017c do godziny dziewi\u0105tej.\u201d<br><strong>(Mt 27,45)<\/strong><\/p>\n<\/blockquote>\n\n\n\n<p class=\"wp-block-paragraph\">\u015awi\u0119ty Marek r\u00f3wnie\u017c wspomina o trzech godzinach ciemno\u015bci.<\/p>\n\n\n\n<p class=\"wp-block-paragraph\">A \u015bwi\u0119ty \u0141ukasz m\u00f3wi:<\/p>\n\n\n\n<blockquote class=\"wp-block-quote is-layout-flow wp-block-quote-is-layout-flow\">\n<p class=\"wp-block-paragraph\">\u201eBy\u0142o ju\u017c oko\u0142o godziny sz\u00f3stej i mrok ogarn\u0105\u0142 ca\u0142\u0105 ziemi\u0119 a\u017c do godziny dziewi\u0105tej, gdy\u017c s\u0142o\u0144ce si\u0119 za\u0107mi\u0142o.\u201d<br><strong>(\u0141k 23,44-45)<\/strong><\/p>\n<\/blockquote>\n\n\n\n<p class=\"wp-block-paragraph\">Mamy tutaj do czynienia z jednym z najbardziej fascynuj\u0105cych fragment\u00f3w Biblii zwi\u0105zanych z astronomi\u0105.<\/p>\n\n\n\n<p class=\"wp-block-paragraph\">Ale w\u0142a\u015bnie tutaj musimy unikn\u0105\u0107 bardzo cz\u0119stego nieporozumienia.<\/p>\n\n\n\n<h3 class=\"wp-block-heading\">Czy by\u0142o to zwyczajne za\u0107mienie S\u0142o\u0144ca?<\/h3>\n\n\n\n<p class=\"wp-block-paragraph\">Nie mo\u017cemy po prostu uto\u017csami\u0107 ciemno\u015bci podczas Ukrzy\u017cowania ze zwyczajnym za\u0107mieniem S\u0142o\u0144ca.<\/p>\n\n\n\n<p class=\"wp-block-paragraph\">Pow\u00f3d jest zar\u00f3wno astronomiczny, jak i liturgiczny.<\/p>\n\n\n\n<p class=\"wp-block-paragraph\">Jezus umar\u0142 podczas \u017cydowskiego \u015bwi\u0119ta Paschy, kt\u00f3re przypada\u0142o w okolicach pe\u0142ni Ksi\u0119\u017cyca. Za\u0107mienie S\u0142o\u0144ca mo\u017ce natomiast nast\u0105pi\u0107 tylko podczas nowiu, gdy Ksi\u0119\u017cyc znajduje si\u0119 mi\u0119dzy Ziemi\u0105 a S\u0142o\u0144cem.<\/p>\n\n\n\n<p class=\"wp-block-paragraph\">Dlatego <strong>trzy godziny ciemno\u015bci podczas Ukrzy\u017cowania nie mog\u0105 by\u0107 po prostu wyja\u015bnione jako zwyczajne za\u0107mienie S\u0142o\u0144ca<\/strong>.<\/p>\n\n\n\n<p class=\"wp-block-paragraph\">To wa\u017cne.<\/p>\n\n\n\n<p class=\"wp-block-paragraph\">Wiara chrze\u015bcija\u0144ska nie potrzebuje zniekszta\u0142ca\u0107 astronomii, aby broni\u0107 Ewangelii.<\/p>\n\n\n\n<p class=\"wp-block-paragraph\">Przeciwnie: mo\u017ce w pe\u0142ni uzna\u0107 rzeczywisto\u015b\u0107 naukow\u0105, a jednocze\u015bnie potwierdzi\u0107 niezwyk\u0142y charakter tego, o czym opowiadaj\u0105 Ewangelie.<\/p>\n\n\n\n<h2 class=\"wp-block-heading\">5. Co zatem oznacza ciemno\u015b\u0107 podczas Ukrzy\u017cowania?<\/h2>\n\n\n\n<p class=\"wp-block-paragraph\">Wchodzimy tutaj w samo serce teologii.<\/p>\n\n\n\n<p class=\"wp-block-paragraph\">Ciemno\u015b\u0107, kt\u00f3ra ogarnia Golgot\u0119, nie jest po prostu zjawiskiem meteorologicznym.<\/p>\n\n\n\n<p class=\"wp-block-paragraph\">Ewangelie przedstawiaj\u0105 \u015bmier\u0107 Chrystusa jako wydarzenie kosmiczne.<\/p>\n\n\n\n<p class=\"wp-block-paragraph\">Stw\u00f3rca zostaje odrzucony przez swoje stworzenie.<\/p>\n\n\n\n<p class=\"wp-block-paragraph\">Autor \u017cycia zostaje przybity do Krzy\u017ca.<\/p>\n\n\n\n<p class=\"wp-block-paragraph\">Ten, kt\u00f3ry na pocz\u0105tku stworzenia powiedzia\u0142:<\/p>\n\n\n\n<blockquote class=\"wp-block-quote is-layout-flow wp-block-quote-is-layout-flow\">\n<p class=\"wp-block-paragraph\">\u201eNiechaj si\u0119 stanie \u015bwiat\u0142o\u015b\u0107\u201d<\/p>\n<\/blockquote>\n\n\n\n<p class=\"wp-block-paragraph\">teraz ukazuje si\u0119 otoczony ciemno\u015bci\u0105.<\/p>\n\n\n\n<p class=\"wp-block-paragraph\">Nie mamy tutaj do czynienia ze zwyk\u0142ym literackim zbiegiem okoliczno\u015bci.<\/p>\n\n\n\n<p class=\"wp-block-paragraph\">Tradycja chrze\u015bcija\u0144ska zawsze kontemplowa\u0142a ciemno\u015b\u0107 Golgoty jako znak o g\u0142\u0119bokim znaczeniu teologicznym.<\/p>\n\n\n\n<p class=\"wp-block-paragraph\">Wszech\u015bwiat zdaje si\u0119 milcze\u0107 wobec \u015bmierci Syna Bo\u017cego.<\/p>\n\n\n\n<p class=\"wp-block-paragraph\">Ziemia si\u0119 trz\u0119sie.<\/p>\n\n\n\n<p class=\"wp-block-paragraph\">Ska\u0142y p\u0119kaj\u0105.<\/p>\n\n\n\n<p class=\"wp-block-paragraph\">Zas\u0142ona \u015awi\u0105tyni rozdziera si\u0119.<\/p>\n\n\n\n<p class=\"wp-block-paragraph\">A ciemno\u015bci okrywaj\u0105 miejsce Ukrzy\u017cowania.<\/p>\n\n\n\n<p class=\"wp-block-paragraph\">Ca\u0142e stworzenie zdaje si\u0119 odpowiada\u0107 na dramat swojego Stw\u00f3rcy.<\/p>\n\n\n\n<h2 class=\"wp-block-heading\">6. A co z \u201eKsi\u0119\u017cycem, kt\u00f3ry sta\u0142 si\u0119 krwi\u0105\u201d?<\/h2>\n\n\n\n<p class=\"wp-block-paragraph\">Tutaj spotykamy kolejny punkt, kt\u00f3ry w ostatnich latach wzbudzi\u0142 ogromne zainteresowanie.<\/p>\n\n\n\n<p class=\"wp-block-paragraph\">Obliczenia astronomiczne wskazuj\u0105, \u017ce za\u0107mienie Ksi\u0119\u017cyca mog\u0142o by\u0107 widoczne z Jerozolimy <strong>3 kwietnia roku 33<\/strong>, jednej z proponowanych dat Ukrzy\u017cowania. NASA zauwa\u017ca, \u017ce chrze\u015bcija\u0144skie odniesienia do Ksi\u0119\u017cyca \u201ejak krew\u201d mog\u0105 mie\u0107 zwi\u0105zek z za\u0107mieniem Ksi\u0119\u017cyca, poniewa\u017c podczas takich zjawisk Ksi\u0119\u017cyc mo\u017ce przybra\u0107 czerwonawe zabarwienie.<\/p>\n\n\n\n<p class=\"wp-block-paragraph\">Jest to interesuj\u0105ce, ale nale\u017cy to w\u0142a\u015bciwie sformu\u0142owa\u0107.<\/p>\n\n\n\n<p class=\"wp-block-paragraph\"><strong>Nie oznacza to, \u017ce NASA udowodni\u0142a, i\u017c Jezus Chrystus umar\u0142 dok\u0142adnie 3 kwietnia roku 33.<\/strong><\/p>\n\n\n\n<p class=\"wp-block-paragraph\">Obliczenia astronomiczne mog\u0105 pom\u00f3c nam bada\u0107 mo\u017cliwe daty historyczne, ale nie zamieniaj\u0105 automatycznie hipotezy chronologicznej w dogmat wiary.<\/p>\n\n\n\n<p class=\"wp-block-paragraph\">A przede wszystkim nie wolno nam myli\u0107 za\u0107mienia Ksi\u0119\u017cyca z ciemno\u015bci\u0105 opisan\u0105 podczas centralnych godzin Ukrzy\u017cowania.<\/p>\n\n\n\n<p class=\"wp-block-paragraph\">Za\u0107mienie Ksi\u0119\u017cyca nast\u0119puje, gdy Ziemia rzuca sw\u00f3j cie\u0144 na Ksi\u0119\u017cyc, i mo\u017ce wyst\u0105pi\u0107 tylko podczas pe\u0142ni. Za\u0107mienie S\u0142o\u0144ca wyst\u0119puje podczas nowiu.<\/p>\n\n\n\n<p class=\"wp-block-paragraph\">Dlatego ewentualny czerwonawy Ksi\u0119\u017cyc o zachodzie s\u0142o\u0144ca oraz ciemno\u015b\u0107 trwaj\u0105ca kilka godzin podczas Ukrzy\u017cowania s\u0105 dwiema r\u00f3\u017cnymi kwestiami.<\/p>\n\n\n\n<p class=\"wp-block-paragraph\">Astronomia mo\u017ce rzuci\u0107 \u015bwiat\u0142o na niekt\u00f3re aspekty historyczne.<\/p>\n\n\n\n<p class=\"wp-block-paragraph\">Ale <strong>ostateczne znaczenie Ukrzy\u017cowania nale\u017cy do teologii<\/strong>.<\/p>\n\n\n\n<h2 class=\"wp-block-heading\">7. Jozue i S\u0142o\u0144ce, kt\u00f3re \u201estan\u0119\u0142o\u201d<\/h2>\n\n\n\n<p class=\"wp-block-paragraph\">Istnieje jeszcze jeden fragment biblijny cz\u0119sto \u0142\u0105czony z za\u0107mieniami.<\/p>\n\n\n\n<p class=\"wp-block-paragraph\">W Joz 10,12-13 czytamy:<\/p>\n\n\n\n<blockquote class=\"wp-block-quote is-layout-flow wp-block-quote-is-layout-flow\">\n<p class=\"wp-block-paragraph\">\u201eS\u0142o\u0144ce, zatrzymaj si\u0119 nad Gibeonem, a ty, ksi\u0119\u017cycu, nad dolin\u0105 Ajjalonu!\u201d<\/p>\n<\/blockquote>\n\n\n\n<p class=\"wp-block-paragraph\">Tekst m\u00f3wi dalej, \u017ce S\u0142o\u0144ce si\u0119 zatrzyma\u0142o, a Ksi\u0119\u017cyc pozosta\u0142 nieruchomy.<\/p>\n\n\n\n<p class=\"wp-block-paragraph\">Na przestrzeni wiek\u00f3w proponowano r\u00f3\u017cne interpretacje tego fragmentu, a tak\u017ce pr\u00f3bowano powi\u0105za\u0107 to wydarzenie z okre\u015blonymi historycznymi za\u0107mieniami. Niekt\u00f3re wsp\u00f3\u0142czesne badania astronomiczne wskazywa\u0142y konkretne mo\u017cliwo\u015bci, jednak identyfikacje te pozostaj\u0105 przedmiotem dyskusji i nie stanowi\u0105 obowi\u0105zuj\u0105cej interpretacji tekstu biblijnego.<\/p>\n\n\n\n<p class=\"wp-block-paragraph\">Tak\u017ce tutaj musimy rozpocz\u0105\u0107 od teologii.<\/p>\n\n\n\n<p class=\"wp-block-paragraph\">G\u0142\u00f3wnym celem tego opowiadania nie jest nauczanie nas mechaniki nieba.<\/p>\n\n\n\n<p class=\"wp-block-paragraph\">Jego celem jest ukazanie nadzwyczajnego dzia\u0142ania Boga na rzecz swojego ludu.<\/p>\n\n\n\n<p class=\"wp-block-paragraph\">Biblia nie zosta\u0142a napisana po to, aby odpowiada\u0107 na pytania wsp\u00f3\u0142czesnego podr\u0119cznika astronomii.<\/p>\n\n\n\n<p class=\"wp-block-paragraph\">Zosta\u0142a napisana, aby objawi\u0107, kim jest B\u00f3g i jaka jest Jego relacja z cz\u0142owiekiem.<\/p>\n\n\n\n<h2 class=\"wp-block-heading\">8. Za\u0107mienia nie s\u0105 chrze\u015bcija\u0144skimi horoskopami<\/h2>\n\n\n\n<p class=\"wp-block-paragraph\">Ten punkt jest szczeg\u00f3lnie potrzebny w naszych czasach.<\/p>\n\n\n\n<p class=\"wp-block-paragraph\">Za ka\u017cdym razem, gdy zbli\u017ca si\u0119 za\u0107mienie, w Internecie pojawiaj\u0105 si\u0119 r\u00f3\u017cnego rodzaju interpretacje:<\/p>\n\n\n\n<p class=\"wp-block-paragraph\">\u201eTo znak Apokalipsy\u201d.<\/p>\n\n\n\n<p class=\"wp-block-paragraph\">\u201eB\u00f3g zapowiada kar\u0119\u201d.<\/p>\n\n\n\n<p class=\"wp-block-paragraph\">\u201eTo za\u0107mienie dowodzi, \u017ce \u017cyjemy w czasach ostatecznych\u201d.<\/p>\n\n\n\n<p class=\"wp-block-paragraph\">\u201eBiblia dok\u0142adnie przepowiedzia\u0142a to wydarzenie\u201d.<\/p>\n\n\n\n<p class=\"wp-block-paragraph\">Problem polega na tym, \u017ce wiele z tych twierdze\u0144 miesza fragmenty biblijne, numerologi\u0119, astrologi\u0119, teorie spiskowe i osobiste spekulacje.<\/p>\n\n\n\n<p class=\"wp-block-paragraph\">To nie jest katolicyzm.<\/p>\n\n\n\n<p class=\"wp-block-paragraph\">Ko\u015bci\u00f3\u0142 uczy nas unika\u0107 zabobonu i wszelkich form wr\u00f3\u017cbiarstwa.<\/p>\n\n\n\n<p class=\"wp-block-paragraph\">Chrze\u015bcijanin nie pyta gwiazd o swoje przeznaczenie.<\/p>\n\n\n\n<p class=\"wp-block-paragraph\"><strong>Patrzy na Chrystusa.<\/strong><\/p>\n\n\n\n<p class=\"wp-block-paragraph\">To rozr\u00f3\u017cnienie ma fundamentalne znaczenie.<\/p>\n\n\n\n<p class=\"wp-block-paragraph\">Astrologia pyta:<\/p>\n\n\n\n<p class=\"wp-block-paragraph\"><strong>\u201eCo gwiazdy m\u00f3wi\u0105 mi o mojej przysz\u0142o\u015bci?\u201d<\/strong><\/p>\n\n\n\n<p class=\"wp-block-paragraph\">Wiara chrze\u015bcija\u0144ska pyta:<\/p>\n\n\n\n<p class=\"wp-block-paragraph\"><strong>\u201eCzego B\u00f3g \u017c\u0105da ode mnie dzisiaj?\u201d<\/strong><\/p>\n\n\n\n<p class=\"wp-block-paragraph\">S\u0105 to dwie radykalnie r\u00f3\u017cne postawy.<\/p>\n\n\n\n<h2 class=\"wp-block-heading\">9. Chrystus jest prawdziwym \u015awiat\u0142em<\/h2>\n\n\n\n<p class=\"wp-block-paragraph\">I tutaj znajduje si\u0119 najpi\u0119kniejszy klucz duchowy.<\/p>\n\n\n\n<p class=\"wp-block-paragraph\">Biblia rozpoczyna si\u0119 od stworzenia \u015bwiat\u0142a:<\/p>\n\n\n\n<blockquote class=\"wp-block-quote is-layout-flow wp-block-quote-is-layout-flow\">\n<p class=\"wp-block-paragraph\">\u201eWtedy B\u00f3g rzek\u0142: \u00abNiechaj si\u0119 stanie \u015bwiat\u0142o\u015b\u0107!\u00bb I sta\u0142a si\u0119 \u015bwiat\u0142o\u015b\u0107.\u201d<br><strong>(Rdz 1,3)<\/strong><\/p>\n<\/blockquote>\n\n\n\n<p class=\"wp-block-paragraph\">A Ewangelia \u015bwi\u0119tego Jana przedstawia Chrystusa jako prawdziwe \u015awiat\u0142o:<\/p>\n\n\n\n<blockquote class=\"wp-block-quote is-layout-flow wp-block-quote-is-layout-flow\">\n<p class=\"wp-block-paragraph\">\u201eBy\u0142a \u015bwiat\u0142o\u015b\u0107 prawdziwa, kt\u00f3ra o\u015bwieca ka\u017cdego cz\u0142owieka, gdy na \u015bwiat przychodzi.\u201d<br><strong>(J 1,9)<\/strong><\/p>\n<\/blockquote>\n\n\n\n<p class=\"wp-block-paragraph\">Dlatego kontemplowanie za\u0107mienia z perspektywy chrze\u015bcija\u0144skiej ma g\u0142\u0119bokie znaczenie.<\/p>\n\n\n\n<p class=\"wp-block-paragraph\">Przez kilka chwil S\u0142o\u0144ce wydaje si\u0119 znika\u0107.<\/p>\n\n\n\n<p class=\"wp-block-paragraph\">Ale Chrystus nie znika.<\/p>\n\n\n\n<p class=\"wp-block-paragraph\">Okoliczno\u015bci mog\u0105 sta\u0107 si\u0119 ciemne.<\/p>\n\n\n\n<p class=\"wp-block-paragraph\">Spo\u0142ecze\u0144stwo mo\u017ce przechodzi\u0107 kryzysy.<\/p>\n\n\n\n<p class=\"wp-block-paragraph\">Kultura mo\u017ce oddala\u0107 si\u0119 od Boga.<\/p>\n\n\n\n<p class=\"wp-block-paragraph\">Mo\u017cemy do\u015bwiadcza\u0107 zw\u0105tpienia, cierpienia, strat i chwil duchowej ciemno\u015bci.<\/p>\n\n\n\n<p class=\"wp-block-paragraph\">Ale <strong>brak \u015bwiat\u0142a w naszym do\u015bwiadczeniu nie oznacza, \u017ce B\u00f3g przesta\u0142 by\u0107 \u015awiat\u0142em<\/strong>.<\/p>\n\n\n\n<p class=\"wp-block-paragraph\">Istnieje r\u00f3\u017cnica mi\u0119dzy tym, \u017ce czego\u015b nie widzimy, a tym, \u017ce B\u00f3g przesta\u0142 istnie\u0107.<\/p>\n\n\n\n<p class=\"wp-block-paragraph\">Za\u0107mienie mo\u017ce zatem sta\u0107 si\u0119 duchow\u0105 przypowie\u015bci\u0105.<\/p>\n\n\n\n<p class=\"wp-block-paragraph\">Czasami \u015bwiat\u0142o zostaje na pewien czas zas\u0142oni\u0119te.<\/p>\n\n\n\n<p class=\"wp-block-paragraph\">Ale \u015bwiat\u0142o nadal istnieje.<\/p>\n\n\n\n<h2 class=\"wp-block-heading\">10. Za\u0107mienie jako wezwanie do pokory<\/h2>\n\n\n\n<p class=\"wp-block-paragraph\">\u017byjemy w epoce niezwyk\u0142ej wiary cz\u0142owieka we w\u0142asne mo\u017cliwo\u015bci.<\/p>\n\n\n\n<p class=\"wp-block-paragraph\">Wsp\u00f3\u0142czesny cz\u0142owiek potrafi przewidywa\u0107 za\u0107mienia z imponuj\u0105c\u0105 dok\u0142adno\u015bci\u0105. Potrafi obliczy\u0107 ich trajektorie, okre\u015bli\u0107 godziny i z niezwyk\u0142\u0105 precyzj\u0105 wiedzie\u0107, gdzie b\u0119d\u0105 widoczne.<\/p>\n\n\n\n<p class=\"wp-block-paragraph\">I wszystko to jest godne podziwu.<\/p>\n\n\n\n<p class=\"wp-block-paragraph\">Ale w\u0142a\u015bnie dlatego powinno prowadzi\u0107 nas do pokory.<\/p>\n\n\n\n<p class=\"wp-block-paragraph\">Im wi\u0119cej bowiem rozumiemy z wszech\u015bwiata, tym bardziej imponuj\u0105ca staje si\u0119 jego wielko\u015b\u0107.<\/p>\n\n\n\n<p class=\"wp-block-paragraph\">Wiedza naukowa nie musi koniecznie prowadzi\u0107 do ateizmu.<\/p>\n\n\n\n<p class=\"wp-block-paragraph\">Mo\u017ce r\u00f3wnie\u017c prowadzi\u0107 do znacznie g\u0142\u0119bszego pytania:<\/p>\n\n\n\n<p class=\"wp-block-paragraph\"><strong>Dlaczego istnieje uporz\u0105dkowany wszech\u015bwiat, kt\u00f3ry jeste\u015bmy w stanie zrozumie\u0107?<\/strong><\/p>\n\n\n\n<p class=\"wp-block-paragraph\">Kontemplacja kosmosu mo\u017ce sta\u0107 si\u0119 zaproszeniem do modlitwy s\u0142owami Psalmu:<\/p>\n\n\n\n<blockquote class=\"wp-block-quote is-layout-flow wp-block-quote-is-layout-flow\">\n<p class=\"wp-block-paragraph\">\u201eNiebiosa g\u0142osz\u0105 chwa\u0142\u0119 Boga, dzie\u0142o r\u0105k Jego niebosk\u0142on obwieszcza.\u201d<br><strong>(Ps 19,2)<\/strong><\/p>\n<\/blockquote>\n\n\n\n<p class=\"wp-block-paragraph\">Za\u0107mienie nie jest Bogiem.<\/p>\n\n\n\n<p class=\"wp-block-paragraph\">Ale mo\u017ce nam o Bogu przypomnie\u0107.<\/p>\n\n\n\n<h2 class=\"wp-block-heading\">11. Co powinni\u015bmy zrobi\u0107 duchowo wobec za\u0107mienia?<\/h2>\n\n\n\n<p class=\"wp-block-paragraph\">Katolik mo\u017ce wykorzysta\u0107 takie wydarzenie, aby zatrzyma\u0107 si\u0119 na kilka minut i odzyska\u0107 postaw\u0119, kt\u00f3r\u0105 nasze spo\u0142ecze\u0144stwo w du\u017cej mierze utraci\u0142o: <strong>kontemplacj\u0119<\/strong>.<\/p>\n\n\n\n<p class=\"wp-block-paragraph\">Zamiast jedynie robi\u0107 zdj\u0119cia na potrzeby medi\u00f3w spo\u0142eczno\u015bciowych, mo\u017cemy zada\u0107 sobie pytania:<\/p>\n\n\n\n<p class=\"wp-block-paragraph\"><strong>Kto stworzy\u0142 to wszystko?<\/strong><\/p>\n\n\n\n<p class=\"wp-block-paragraph\"><strong>Jakie miejsce B\u00f3g naprawd\u0119 zajmuje w moim \u017cyciu?<\/strong><\/p>\n\n\n\n<p class=\"wp-block-paragraph\"><strong>Czy \u017cyj\u0119 tak, jakby B\u00f3g rzeczywi\u015bcie istnia\u0142?<\/strong><\/p>\n\n\n\n<p class=\"wp-block-paragraph\"><strong>Jakie rzeczy przes\u0142aniaj\u0105 Chrystusa w mojej duszy?<\/strong><\/p>\n\n\n\n<p class=\"wp-block-paragraph\">To ostatnie pytanie mo\u017ce by\u0107 szczeg\u00f3lnie owocne.<\/p>\n\n\n\n<p class=\"wp-block-paragraph\">Istnieje bowiem za\u0107mienie znacznie bardziej niebezpieczne ni\u017c jakiekolwiek zjawisko astronomiczne: <strong>duchowe za\u0107mienie Boga w ludzkim sercu<\/strong>.<\/p>\n\n\n\n<p class=\"wp-block-paragraph\">Nie dlatego, \u017ce B\u00f3g przestaje istnie\u0107.<\/p>\n\n\n\n<p class=\"wp-block-paragraph\">Lecz dlatego, \u017ce pozwalamy, aby inne rzeczy zaj\u0119\u0142y miejsce nale\u017cne wy\u0142\u0105cznie Jemu.<\/p>\n\n\n\n<p class=\"wp-block-paragraph\">Pieni\u0105dze mog\u0105 przes\u0142oni\u0107 Boga.<\/p>\n\n\n\n<p class=\"wp-block-paragraph\">Sukces mo\u017ce przes\u0142oni\u0107 Boga.<\/p>\n\n\n\n<p class=\"wp-block-paragraph\">Polityka mo\u017ce przes\u0142oni\u0107 Boga.<\/p>\n\n\n\n<p class=\"wp-block-paragraph\">Media spo\u0142eczno\u015bciowe mog\u0105 przes\u0142oni\u0107 Boga.<\/p>\n\n\n\n<p class=\"wp-block-paragraph\">Wygoda mo\u017ce przes\u0142oni\u0107 Boga.<\/p>\n\n\n\n<p class=\"wp-block-paragraph\">Nawet nasze w\u0142asne troski mog\u0105 przes\u0142oni\u0107 Boga.<\/p>\n\n\n\n<p class=\"wp-block-paragraph\">Wtedy musimy ponownie us\u0142ysze\u0107 s\u0142owa Chrystusa:<\/p>\n\n\n\n<blockquote class=\"wp-block-quote is-layout-flow wp-block-quote-is-layout-flow\">\n<p class=\"wp-block-paragraph\">\u201eStarajcie si\u0119 naprz\u00f3d o kr\u00f3lestwo Boga i o Jego sprawiedliwo\u015b\u0107.\u201d<br><strong>(Mt 6,33)<\/strong><\/p>\n<\/blockquote>\n\n\n\n<h2 class=\"wp-block-heading\">12. Za\u0107mienie mo\u017ce r\u00f3wnie\u017c nauczy\u0107 nas czekania<\/h2>\n\n\n\n<p class=\"wp-block-paragraph\">W za\u0107mieniu jest co\u015b szczeg\u00f3lnie pi\u0119knego.<\/p>\n\n\n\n<p class=\"wp-block-paragraph\">Wiemy, \u017ce ciemno\u015b\u0107 ma swoj\u0105 granic\u0119.<\/p>\n\n\n\n<p class=\"wp-block-paragraph\">Wiemy, \u017ce \u015bwiat\u0142o powr\u00f3ci.<\/p>\n\n\n\n<p class=\"wp-block-paragraph\">Ta rzeczywisto\u015b\u0107 mo\u017ce sta\u0107 si\u0119 pi\u0119knym obrazem \u017cycia chrze\u015bcija\u0144skiego.<\/p>\n\n\n\n<p class=\"wp-block-paragraph\">S\u0105 chwile, w kt\u00f3rych B\u00f3g dopuszcza, aby\u015bmy przechodzili przez okresy pr\u00f3by, milczenia lub cierpienia.<\/p>\n\n\n\n<p class=\"wp-block-paragraph\">\u015awi\u0119ta Teresa od Jezusa, \u015bwi\u0119ty Jan od Krzy\u017ca i wielu innych \u015bwi\u0119tych znali do\u015bwiadczenie duchowej ciemno\u015bci.<\/p>\n\n\n\n<p class=\"wp-block-paragraph\">Ale noc nie ma ostatniego s\u0142owa.<\/p>\n\n\n\n<p class=\"wp-block-paragraph\">Dla chrze\u015bcijanina ostatnie s\u0142owo nale\u017cy do Chrystusa Zmartwychwsta\u0142ego.<\/p>\n\n\n\n<p class=\"wp-block-paragraph\">Historia zbawienia przechodzi przez Krzy\u017c, ale nie ko\u0144czy si\u0119 na Krzy\u017cu.<\/p>\n\n\n\n<p class=\"wp-block-paragraph\">Po Wielkim Pi\u0105tku przychodzi Niedziela Zmartwychwstania.<\/p>\n\n\n\n<p class=\"wp-block-paragraph\">Po ciemno\u015bci przychodzi \u015bwiat\u0142o.<\/p>\n\n\n\n<p class=\"wp-block-paragraph\">I ma to ogromne znaczenie duszpasterskie dla ka\u017cdego, kto obecnie prze\u017cywa trudny czas.<\/p>\n\n\n\n<p class=\"wp-block-paragraph\">By\u0107 mo\u017ce dzisiaj nie rozumiesz tego, na co B\u00f3g pozwala.<\/p>\n\n\n\n<p class=\"wp-block-paragraph\">By\u0107 mo\u017ce masz wra\u017cenie, \u017ce niebiosa si\u0119 zaciemni\u0142y.<\/p>\n\n\n\n<p class=\"wp-block-paragraph\">By\u0107 mo\u017ce nie znajdujesz odpowiedzi.<\/p>\n\n\n\n<p class=\"wp-block-paragraph\">Ale pami\u0119taj:<\/p>\n\n\n\n<p class=\"wp-block-paragraph\"><strong>to, \u017ce nie mo\u017cesz zobaczy\u0107 S\u0142o\u0144ca, nie oznacza, \u017ce S\u0142o\u0144ce znikn\u0119\u0142o.<\/strong><\/p>\n\n\n\n<p class=\"wp-block-paragraph\">I w sensie duchowym fakt, \u017ce nie dostrzegasz natychmiast dzia\u0142ania Boga, nie oznacza, \u017ce B\u00f3g jest nieobecny.<\/p>\n\n\n\n<h2 class=\"wp-block-heading\">13. Nie b\u00f3jmy si\u0119 nieba: kontemplujmy jego Stw\u00f3rc\u0119<\/h2>\n\n\n\n<p class=\"wp-block-paragraph\">Tradycja katolicka nigdy nie potrzebowa\u0142a ba\u0107 si\u0119 stworzenia.<\/p>\n\n\n\n<p class=\"wp-block-paragraph\">Ko\u015bci\u00f3\u0142 kontemplowa\u0142 niebiosa, bada\u0142 gwiazdy i rozwija\u0142 nauki.<\/p>\n\n\n\n<p class=\"wp-block-paragraph\">Astronomia i wiara nie musz\u0105 by\u0107 wrogami.<\/p>\n\n\n\n<p class=\"wp-block-paragraph\">Problem pojawia si\u0119 wtedy, gdy czynimy ze stworzenia substytut Stw\u00f3rcy.<\/p>\n\n\n\n<p class=\"wp-block-paragraph\">Za\u0107mienie mo\u017cna bada\u0107 naukowo, a jednocze\u015bnie kontemplowa\u0107 duchowo.<\/p>\n\n\n\n<p class=\"wp-block-paragraph\">Mo\u017cemy zna\u0107 jego fizyczn\u0105 przyczyn\u0119 i r\u00f3wnocze\u015bnie wznosi\u0107 serce ku Bogu.<\/p>\n\n\n\n<p class=\"wp-block-paragraph\">Mo\u017cemy dok\u0142adnie wiedzie\u0107, kiedy si\u0119 rozpocznie i kiedy zako\u0144czy, a jednocze\u015bnie pami\u0119ta\u0107, \u017ce nasze istnienie znajduje si\u0119 w r\u0119kach Opatrzno\u015bci.<\/p>\n\n\n\n<p class=\"wp-block-paragraph\">Nauka wyja\u015bnia <strong>jak<\/strong> dochodzi do za\u0107mienia.<\/p>\n\n\n\n<p class=\"wp-block-paragraph\">Wiara pomaga nam pyta\u0107, <strong>jakie dobro duchowe mo\u017ce wynikn\u0105\u0107 z jego kontemplacji<\/strong>.<\/p>\n\n\n\n<h2 class=\"wp-block-heading\">14. Wielkie pytanie nie dotyczy tego, kiedy nast\u0105pi nast\u0119pne za\u0107mienie<\/h2>\n\n\n\n<p class=\"wp-block-paragraph\">Ostatecznie Biblia prowadzi nas znacznie dalej ni\u017c samo zjawisko astronomiczne.<\/p>\n\n\n\n<p class=\"wp-block-paragraph\">Prorocy m\u00f3wi\u0105 o zaciemnionych niebiosach, aby przypomnie\u0107 nam, \u017ce ludzka historia podlega s\u0105dowi Boga.<\/p>\n\n\n\n<p class=\"wp-block-paragraph\">Ewangelie opisuj\u0105 ciemno\u015bci Golgoty, aby objawi\u0107 tajemnic\u0119 odkupie\u0144czej \u015bmierci Chrystusa.<\/p>\n\n\n\n<p class=\"wp-block-paragraph\">Apokalipsa pos\u0142uguje si\u0119 obrazami kosmicznymi, aby og\u0142osi\u0107, \u017ce historia ma sw\u00f3j kres i \u017ce Chrystus jest Panem historii.<\/p>\n\n\n\n<p class=\"wp-block-paragraph\">A Ksi\u0119ga Rodzaju przypomina nam, \u017ce wszystko zacz\u0119\u0142o si\u0119 dlatego, \u017ce B\u00f3g powiedzia\u0142:<\/p>\n\n\n\n<blockquote class=\"wp-block-quote is-layout-flow wp-block-quote-is-layout-flow\">\n<p class=\"wp-block-paragraph\">\u201eNiechaj si\u0119 stanie \u015bwiat\u0142o\u015b\u0107!\u201d<\/p>\n<\/blockquote>\n\n\n\n<p class=\"wp-block-paragraph\">Dlatego prawdziwe chrze\u015bcija\u0144skie pytanie nie brzmi:<\/p>\n\n\n\n<p class=\"wp-block-paragraph\"><strong>\u201eCo to za\u0107mienie oznacza dla mojej przysz\u0142o\u015bci?\u201d<\/strong><\/p>\n\n\n\n<p class=\"wp-block-paragraph\">Pytanie brzmi:<\/p>\n\n\n\n<p class=\"wp-block-paragraph\"><strong>\u201eCo Chrystus oznacza dla mojego \u017cycia?\u201d<\/strong><\/p>\n\n\n\n<p class=\"wp-block-paragraph\">Za\u0107mienie przeminie.<\/p>\n\n\n\n<p class=\"wp-block-paragraph\">Cie\u0144 przeminie.<\/p>\n\n\n\n<p class=\"wp-block-paragraph\">Wydarzenie astronomiczne pozostanie zapisane w ksi\u0105\u017ckach, fotografiach i archiwach naukowych.<\/p>\n\n\n\n<p class=\"wp-block-paragraph\">Ale Chrystus pozostaje.<\/p>\n\n\n\n<p class=\"wp-block-paragraph\">Jak m\u00f3wi List do Hebrajczyk\u00f3w:<\/p>\n\n\n\n<blockquote class=\"wp-block-quote is-layout-flow wp-block-quote-is-layout-flow\">\n<p class=\"wp-block-paragraph\">\u201eJezus Chrystus wczoraj i dzi\u015b, ten sam tak\u017ce na wieki.\u201d<br><strong>(Hbr 13,8)<\/strong><\/p>\n<\/blockquote>\n\n\n\n<h2 class=\"wp-block-heading\">Zako\u0144czenie: kiedy niebiosa ciemniej\u0105, wznie\u015bmy oczy ku Bogu<\/h2>\n\n\n\n<p class=\"wp-block-paragraph\">Za\u0107mienia mog\u0105 nas zachwyca\u0107, poniewa\u017c przez kilka chwil wydaj\u0105 si\u0119 zmienia\u0107 zwyczajny porz\u0105dek \u015bwiata.<\/p>\n\n\n\n<p class=\"wp-block-paragraph\">Jednak prawdziwa chrze\u015bcija\u0144ska lekcja nie polega na poszukiwaniu ukrytych wiadomo\u015bci ani na podsycaniu l\u0119ku przed ko\u0144cem \u015bwiata.<\/p>\n\n\n\n<p class=\"wp-block-paragraph\">Polega na tym, aby <strong>wznie\u015b\u0107 oczy ku Bogu<\/strong>.<\/p>\n\n\n\n<p class=\"wp-block-paragraph\">Dzi\u0119kowa\u0107 za stworzenie.<\/p>\n\n\n\n<p class=\"wp-block-paragraph\">Odrzuci\u0107 zabobon.<\/p>\n\n\n\n<p class=\"wp-block-paragraph\">Pami\u0119ta\u0107 o M\u0119ce naszego Pana.<\/p>\n\n\n\n<p class=\"wp-block-paragraph\">I prosi\u0107 o \u0142ask\u0119, aby \u017cadne stworzenie \u2014 ani w\u0142adza, ani pieni\u0105dze, ani s\u0142awa, ani technologia, ani nasze troski \u2014 nie zdo\u0142a\u0142o przes\u0142oni\u0107 w naszej duszy Tego, kt\u00f3ry powiedzia\u0142:<\/p>\n\n\n\n<blockquote class=\"wp-block-quote is-layout-flow wp-block-quote-is-layout-flow\">\n<p class=\"wp-block-paragraph\"><strong>\u201eJa jestem \u015bwiat\u0142o\u015bci\u0105 \u015bwiata. Kto idzie za Mn\u0105, nie b\u0119dzie chodzi\u0142 w ciemno\u015bci, lecz b\u0119dzie mia\u0142 \u015bwiat\u0142o \u017cycia.\u201d<\/strong><br><strong>(J 8,12)<\/strong><\/p>\n<\/blockquote>\n\n\n\n<p class=\"wp-block-paragraph\">Poniewa\u017c ka\u017cde za\u0107mienie si\u0119 ko\u0144czy.<\/p>\n\n\n\n<p class=\"wp-block-paragraph\">Ale <strong>\u015awiat\u0142o Chrystusa nigdy nie ga\u015bnie<\/strong>.<\/p>\n","protected":false},"excerpt":{"rendered":"<p>Istniej\u0105 zjawiska naturalne, kt\u00f3re nawet wtedy, gdy nauka potrafi dok\u0142adnie wyja\u015bni\u0107, jak powstaj\u0105, nadal budz\u0105 w nas g\u0142\u0119bokie zdumienie. Za\u0107mienie jest jednym z nich. Przez kilka chwil co\u015b, co wcze\u015bniej wydawa\u0142o si\u0119 niezmienne, zmienia si\u0119 na naszych oczach: \u015bwiat\u0142o dnia przybiera niezwyk\u0142y, mroczny odcie\u0144, S\u0142o\u0144ce zdaje si\u0119 znika\u0107, a krajobraz zostaje otulony niezwyk\u0142ym \u015bwiat\u0142em. Nic &hellip;<\/p>\n","protected":false},"author":3,"featured_media":6334,"comment_status":"closed","ping_status":"closed","sticky":false,"template":"","format":"standard","meta":{"_seopress_titles_title":"","_seopress_titles_desc":"","_seopress_robots_index":"","_seopress_robots_follow":"","_seopress_robots_imageindex":"","_seopress_robots_snippet":"","_seopress_robots_primary_cat":"","_seopress_robots_breadcrumbs":"","_seopress_robots_freeze_modified_date":"","_seopress_robots_custom_modified_date":"","_seopress_robots_canonical":"","_seopress_social_fb_title":"","_seopress_social_fb_desc":"","_seopress_social_fb_img":"","_seopress_social_fb_img_attachment_id":0,"_seopress_social_fb_img_width":0,"_seopress_social_fb_img_height":0,"_seopress_social_twitter_title":"","_seopress_social_twitter_desc":"","_seopress_social_twitter_img":"","_seopress_social_twitter_img_attachment_id":0,"_seopress_social_twitter_img_width":0,"_seopress_social_twitter_img_height":0,"_seopress_redirections_value":"","_seopress_redirections_enabled":"","_seopress_redirections_enabled_regex":"","_seopress_redirections_logged_status":"","_seopress_redirections_param":"","_seopress_redirections_type":0,"_seopress_analysis_target_kw":"","footnotes":""},"categories":[37,45],"tags":[],"class_list":["post-6333","post","type-post","status-publish","format-standard","has-post-thumbnail","","category-doktryna-i-wiara","category-pismo-swiete"],"_links":{"self":[{"href":"https:\/\/catholicus.eu\/pl\/wp-json\/wp\/v2\/posts\/6333","targetHints":{"allow":["GET"]}}],"collection":[{"href":"https:\/\/catholicus.eu\/pl\/wp-json\/wp\/v2\/posts"}],"about":[{"href":"https:\/\/catholicus.eu\/pl\/wp-json\/wp\/v2\/types\/post"}],"author":[{"embeddable":true,"href":"https:\/\/catholicus.eu\/pl\/wp-json\/wp\/v2\/users\/3"}],"replies":[{"embeddable":true,"href":"https:\/\/catholicus.eu\/pl\/wp-json\/wp\/v2\/comments?post=6333"}],"version-history":[{"count":1,"href":"https:\/\/catholicus.eu\/pl\/wp-json\/wp\/v2\/posts\/6333\/revisions"}],"predecessor-version":[{"id":6335,"href":"https:\/\/catholicus.eu\/pl\/wp-json\/wp\/v2\/posts\/6333\/revisions\/6335"}],"wp:featuredmedia":[{"embeddable":true,"href":"https:\/\/catholicus.eu\/pl\/wp-json\/wp\/v2\/media\/6334"}],"wp:attachment":[{"href":"https:\/\/catholicus.eu\/pl\/wp-json\/wp\/v2\/media?parent=6333"}],"wp:term":[{"taxonomy":"category","embeddable":true,"href":"https:\/\/catholicus.eu\/pl\/wp-json\/wp\/v2\/categories?post=6333"},{"taxonomy":"post_tag","embeddable":true,"href":"https:\/\/catholicus.eu\/pl\/wp-json\/wp\/v2\/tags?post=6333"}],"curies":[{"name":"wp","href":"https:\/\/api.w.org\/{rel}","templated":true}]}}