{"id":6327,"date":"2026-08-11T13:47:39","date_gmt":"2026-08-11T11:47:39","guid":{"rendered":"https:\/\/catholicus.eu\/pl\/?p=6327"},"modified":"2026-08-11T13:47:40","modified_gmt":"2026-08-11T11:47:40","slug":"kiedy-ziemia-drzy-i-drzy-takze-serce-wiara-katolicka-wobec-katastrofy-trzesienia-ziemi","status":"publish","type":"post","link":"https:\/\/catholicus.eu\/pl\/kiedy-ziemia-drzy-i-drzy-takze-serce-wiara-katolicka-wobec-katastrofy-trzesienia-ziemi\/","title":{"rendered":"KIEDY ZIEMIA DR\u017bY I DR\u017bY TAK\u017bE SERCE: Wiara katolicka wobec katastrofy trz\u0119sienia ziemi"},"content":{"rendered":"\n<p class=\"wp-block-paragraph\">Istniej\u0105 do\u015bwiadczenia, kt\u00f3re dziel\u0105 \u017cycie na \u201eprzed\u201d i \u201epo\u201d.<\/p>\n\n\n\n<p class=\"wp-block-paragraph\">Trz\u0119sienie ziemi jest jednym z nich.<\/p>\n\n\n\n<p class=\"wp-block-paragraph\">W ci\u0105gu kilku sekund to, co wydawa\u0142o si\u0119 trwa\u0142e i bezpieczne, mo\u017ce przesta\u0107 takie by\u0107. Dom mo\u017ce zamieni\u0107 si\u0119 w stert\u0119 gruz\u00f3w. Znana ulica mo\u017ce sta\u0107 si\u0119 miejscem nie do poznania. Rodzina mo\u017ce zosta\u0107 rozdzielona. Cz\u0142owiek mo\u017ce straci\u0107 wszystko: sw\u00f3j dom, dobytek, prac\u0119 albo \u2014 co najbardziej bolesne \u2014 kogo\u015b, kogo kocha\u0142.<\/p>\n\n\n\n<p class=\"wp-block-paragraph\">A kiedy wreszcie ruch ziemi ustaje, rozpoczyna si\u0119 inny, znacznie g\u0142\u0119bszy ruch: ruch serca.<\/p>\n\n\n\n<p class=\"wp-block-paragraph\">Pojawiaj\u0105 si\u0119 pytania.<\/p>\n\n\n\n<p class=\"wp-block-paragraph\"><strong>Dlaczego B\u00f3g na to pozwoli\u0142?<\/strong><\/p>\n\n\n\n<p class=\"wp-block-paragraph\"><strong>Gdzie by\u0142 B\u00f3g, kiedy ziemia dr\u017ca\u0142a?<\/strong><\/p>\n\n\n\n<p class=\"wp-block-paragraph\"><strong>Dlaczego jedni prze\u017cyli, a inni umarli?<\/strong><\/p>\n\n\n\n<p class=\"wp-block-paragraph\"><strong>Dlaczego wydarzy\u0142o si\u0119 to w\u0142a\u015bnie tutaj?<\/strong><\/p>\n\n\n\n<p class=\"wp-block-paragraph\"><strong>Jaki sens mo\u017ce mie\u0107 tak wielkie cierpienie?<\/strong><\/p>\n\n\n\n<p class=\"wp-block-paragraph\">Dla kogo\u015b, kto prze\u017cy\u0142 tak\u0105 katastrof\u0119, nie s\u0105 to pytania akademickie. S\u0105 to pytania, kt\u00f3re mog\u0105 pojawi\u0107 si\u0119 w\u015br\u00f3d \u0142ez, po\u015br\u00f3d l\u0119ku, przed zniszczonym domem albo przy ciele ukochanej osoby.<\/p>\n\n\n\n<p class=\"wp-block-paragraph\">Ko\u015bci\u00f3\u0142 nie odpowiada gotowymi formu\u0142kami.<\/p>\n\n\n\n<p class=\"wp-block-paragraph\">Wiara katolicka nie uczy nas zaprzeczania cierpieniu, udawania, \u017ce nic si\u0119 nie sta\u0142o, ani powierzchownego m\u00f3wienia: \u201ewszystko dzieje si\u0119 z jakiego\u015b powodu\u201d. Nie pozwala nam r\u00f3wnie\u017c twierdzi\u0107, \u017ce ofiary katastrofy zosta\u0142y ukarane przez Boga.<\/p>\n\n\n\n<p class=\"wp-block-paragraph\">Ko\u015bci\u00f3\u0142 proponuje co\u015b znacznie g\u0142\u0119bszego: <strong>wej\u015b\u0107 w tajemnic\u0119 cierpienia, maj\u0105c oczy utkwione w Chrystusie ukrzy\u017cowanym i zmartwychwsta\u0142ym.<\/strong><\/p>\n\n\n\n<p class=\"wp-block-paragraph\">Bo kiedy ziemia dr\u017cy, wszystko mo\u017ce wydawa\u0107 si\u0119 rozpada\u0107.<\/p>\n\n\n\n<p class=\"wp-block-paragraph\">Ale dla chrze\u015bcijanina istnieje prawda, kt\u00f3ra pozostaje:<\/p>\n\n\n\n<p class=\"wp-block-paragraph\"><strong>Chrystus si\u0119 nie rozpada.<\/strong><\/p>\n\n\n\n<hr class=\"wp-block-separator has-alpha-channel-opacity\"\/>\n\n\n\n<h2 class=\"wp-block-heading\">1. Pierwsza rzecz, kt\u00f3r\u0105 katolik powinien wiedzie\u0107: nie musisz wszystkiego rozumie\u0107<\/h2>\n\n\n\n<p class=\"wp-block-paragraph\">Jedn\u0105 z pierwszych pokus po tragedii jest natychmiastowe szukanie wyja\u015bnienia.<\/p>\n\n\n\n<p class=\"wp-block-paragraph\">Cz\u0142owiek potrzebuje zrozumie\u0107.<\/p>\n\n\n\n<p class=\"wp-block-paragraph\">Chcemy wiedzie\u0107, dlaczego to si\u0119 wydarzy\u0142o, dlaczego konkretna osoba zgin\u0119\u0142a, dlaczego jeden dom przetrwa\u0142 trz\u0119sienie ziemi, a drugi nie, dlaczego jedna osoba zosta\u0142a uratowana, podczas gdy inna pozosta\u0142a uwi\u0119ziona pod gruzami.<\/p>\n\n\n\n<p class=\"wp-block-paragraph\">Nauka mo\u017ce wyja\u015bni\u0107 wiele rzeczy dotycz\u0105cych zjawiska sejsmicznego: p\u0142yty tektoniczne, ruch uskok\u00f3w, magnitud\u0119, epicentrum, fale sejsmiczne oraz czynniki decyduj\u0105ce o rozmiarze zniszcze\u0144.<\/p>\n\n\n\n<p class=\"wp-block-paragraph\">Ale istnieje inne pytanie, nale\u017c\u0105ce do innego poziomu:<\/p>\n\n\n\n<p class=\"wp-block-paragraph\"><strong>Dlaczego B\u00f3g pozwala, aby istnia\u0142 \u015bwiat, w kt\u00f3rym mog\u0105 wydarza\u0107 si\u0119 takie rzeczy?<\/strong><\/p>\n\n\n\n<p class=\"wp-block-paragraph\">Tutaj wiara katolicka ukazuje si\u0119 jako g\u0142\u0119boko realistyczna.<\/p>\n\n\n\n<p class=\"wp-block-paragraph\">Katechizm wyja\u015bnia, \u017ce kwestia z\u0142a jest \u201etak nagl\u0105ca, jak nieunikniona, tak bolesna, jak tajemnicza\u201d, i ostrzega, \u017ce nie istnieje na ni\u0105 prosta odpowied\u017a. Chrze\u015bcija\u0144ska odpowied\u017a musi uwzgl\u0119dnia\u0107 ca\u0142\u0105 tre\u015b\u0107 wiary: dobro\u0107 stworzenia, dramat grzechu, odkupie\u0144cze Wcielenie Chrystusa, dzia\u0142anie Ducha \u015awi\u0119tego, Ko\u015bci\u00f3\u0142, sakramenty oraz powo\u0142anie do \u017cycia wiecznego.<\/p>\n\n\n\n<p class=\"wp-block-paragraph\">Oznacza to co\u015b bardzo wa\u017cnego dla ka\u017cdego, kto w\u0142a\u015bnie do\u015bwiadczy\u0142 tragedii:<\/p>\n\n\n\n<p class=\"wp-block-paragraph\"><strong>Mo\u017cesz mie\u0107 wiar\u0119 i nadal zadawa\u0107 pytania.<\/strong><\/p>\n\n\n\n<p class=\"wp-block-paragraph\">Mo\u017cesz p\u0142aka\u0107 i mie\u0107 wiar\u0119.<\/p>\n\n\n\n<p class=\"wp-block-paragraph\">Mo\u017cesz si\u0119 ba\u0107 i mie\u0107 wiar\u0119.<\/p>\n\n\n\n<p class=\"wp-block-paragraph\">Mo\u017cesz czego\u015b nie rozumie\u0107 i nadal ufa\u0107.<\/p>\n\n\n\n<p class=\"wp-block-paragraph\">Mo\u017cesz nawet prze\u017cywa\u0107 chwile duchowego zam\u0119tu, nie oznacza to jednak koniecznie, \u017ce opu\u015bci\u0142e\u015b Boga.<\/p>\n\n\n\n<p class=\"wp-block-paragraph\">Wiara nie oznacza posiadania natychmiastowego wyja\u015bnienia ka\u017cdego wydarzenia.<\/p>\n\n\n\n<p class=\"wp-block-paragraph\">Wiara oznacza ufno\u015b\u0107 Bogu nawet wtedy, gdy jeszcze nie rozumiemy.<\/p>\n\n\n\n<hr class=\"wp-block-separator has-alpha-channel-opacity\"\/>\n\n\n\n<h2 class=\"wp-block-heading\">2. Czy trz\u0119sienie ziemi jest kar\u0105 Bo\u017c\u0105?<\/h2>\n\n\n\n<p class=\"wp-block-paragraph\">Na to pytanie nale\u017cy odpowiada\u0107 z najwy\u017csz\u0105 ostro\u017cno\u015bci\u0105.<\/p>\n\n\n\n<p class=\"wp-block-paragraph\">W ci\u0105gu historii niekt\u00f3rzy ludzie interpretowali okre\u015blone katastrofy jako Bo\u017ce kary za konkretne grzechy. Pismo \u015awi\u0119te rzeczywi\u015bcie zawiera wydarzenia, w kt\u00f3rych B\u00f3g os\u0105dza i karze grzech.<\/p>\n\n\n\n<p class=\"wp-block-paragraph\">Ale to <strong>nie daje nam prawa do automatycznego uto\u017csamiania konkretnej katastrofy z konkretn\u0105 kar\u0105 Bo\u017c\u0105.<\/strong><\/p>\n\n\n\n<p class=\"wp-block-paragraph\">Sam Chrystus odrzuci\u0142 uproszczon\u0105 interpretacj\u0119 cierpienia.<\/p>\n\n\n\n<p class=\"wp-block-paragraph\">Kiedy pewni ludzie opowiedzieli Mu o osobach, kt\u00f3re do\u015bwiadczy\u0142y nieszcz\u0119\u015bcia, Jezus zapyta\u0142:<\/p>\n\n\n\n<blockquote class=\"wp-block-quote is-layout-flow wp-block-quote-is-layout-flow\">\n<p class=\"wp-block-paragraph\"><strong>\u201eCzy my\u015blicie, \u017ce ci Galilejczycy byli wi\u0119kszymi grzesznikami ni\u017c wszyscy inni Galilejczycy, \u017ce to ucierpieli?\u201d<\/strong><\/p>\n<\/blockquote>\n\n\n\n<p class=\"wp-block-paragraph\">I odpowiada: nie.<\/p>\n\n\n\n<p class=\"wp-block-paragraph\">To nauczanie ma fundamentalne znaczenie.<\/p>\n\n\n\n<p class=\"wp-block-paragraph\"><strong>Nie wolno nam patrze\u0107 na ofiary i wyci\u0105ga\u0107 wniosku, \u017ce by\u0142y gorsze od nas.<\/strong><\/p>\n\n\n\n<p class=\"wp-block-paragraph\">Trz\u0119sienie ziemi nie daje nam prawa do os\u0105dzania sumie\u0144 tych, kt\u00f3rzy zgin\u0119li.<\/p>\n\n\n\n<p class=\"wp-block-paragraph\">Tym bardziej nie wolno nam m\u00f3wi\u0107 rodzinie, kt\u00f3ra w\u0142a\u015bnie straci\u0142a dziecko:<\/p>\n\n\n\n<p class=\"wp-block-paragraph\">\u201eB\u00f3g was ukara\u0142\u201d.<\/p>\n\n\n\n<p class=\"wp-block-paragraph\">To nie jest duszpasterstwo.<\/p>\n\n\n\n<p class=\"wp-block-paragraph\">To nie jest mi\u0142o\u015b\u0107 bli\u017aniego.<\/p>\n\n\n\n<p class=\"wp-block-paragraph\">To nie jest prawid\u0142owe zastosowanie nauki katolickiej.<\/p>\n\n\n\n<p class=\"wp-block-paragraph\">Katolik powinien zbli\u017ca\u0107 si\u0119 do cierpi\u0105cego cz\u0142owieka tak, jak Chrystus zbli\u017ca\u0142 si\u0119 do tych, kt\u00f3rzy cierpieli: z mi\u0142osierdziem, szacunkiem, obecno\u015bci\u0105 i wsp\u00f3\u0142czuciem.<\/p>\n\n\n\n<hr class=\"wp-block-separator has-alpha-channel-opacity\"\/>\n\n\n\n<h2 class=\"wp-block-heading\">3. Z\u0142o fizyczne i tajemnica Bo\u017cej Opatrzno\u015bci<\/h2>\n\n\n\n<p class=\"wp-block-paragraph\">Wkraczamy tutaj w jeden z wielkich temat\u00f3w teologii katolickiej.<\/p>\n\n\n\n<p class=\"wp-block-paragraph\">Istnieje <strong>z\u0142o moralne<\/strong>, kt\u00f3re wynika z grzechu i niew\u0142a\u015bciwego korzystania z ludzkiej wolno\u015bci.<\/p>\n\n\n\n<p class=\"wp-block-paragraph\">Ale istnieje r\u00f3wnie\u017c <strong>z\u0142o fizyczne<\/strong>: choroba, trz\u0119sienia ziemi, powodzie, wypadki, niepe\u0142nosprawno\u015b\u0107, starzenie si\u0119 i \u015bmier\u0107.<\/p>\n\n\n\n<p class=\"wp-block-paragraph\">B\u00f3g nie jest autorem grzechu.<\/p>\n\n\n\n<p class=\"wp-block-paragraph\">A kiedy m\u00f3wimy o kl\u0119sce \u017cywio\u0142owej, nie powinni\u015bmy wyobra\u017ca\u0107 sobie Boga jako kogo\u015b, kto czerpie przyjemno\u015b\u0107 z powodowania cierpienia.<\/p>\n\n\n\n<p class=\"wp-block-paragraph\">Co zatem oznacza stwierdzenie, \u017ce B\u00f3g jest Opatrzno\u015bci\u0105?<\/p>\n\n\n\n<p class=\"wp-block-paragraph\">Oznacza to, \u017ce B\u00f3g podtrzymuje stworzenie, kieruje nim i prowadzi je ku jego ostatecznemu celowi. Katechizm naucza, \u017ce B\u00f3g nie opuszcza swoich stworze\u0144 i \u017ce w swojej Opatrzno\u015bci mo\u017ce dopu\u015bci\u0107 pewne z\u0142o, nie przestaj\u0105c przez to by\u0107 niesko\u0144czenie dobrym.<\/p>\n\n\n\n<p class=\"wp-block-paragraph\">Pojawia si\u0119 tutaj zasadnicze rozr\u00f3\u017cnienie:<\/p>\n\n\n\n<p class=\"wp-block-paragraph\"><strong>B\u00f3g mo\u017ce dopu\u015bci\u0107 z\u0142o, nie chc\u0105c z\u0142a jako z\u0142a.<\/strong><\/p>\n\n\n\n<p class=\"wp-block-paragraph\">I mo\u017ce je dopu\u015bci\u0107, poniewa\u017c Jego Opatrzno\u015b\u0107 mo\u017ce wyprowadzi\u0107 dobro, kt\u00f3rego z naszej ograniczonej perspektywy jeszcze nie potrafimy dostrzec.<\/p>\n\n\n\n<p class=\"wp-block-paragraph\">\u015awi\u0119ty Augustyn wyrazi\u0142 jedn\u0105 z podstawowych intuicji teologii chrze\u015bcija\u0144skiej poprzez my\u015bl, \u017ce B\u00f3g jest tak dobry i pot\u0119\u017cny, i\u017c mo\u017ce wyprowadzi\u0107 dobro nawet z tego, na co pozwoli\u0142.<\/p>\n\n\n\n<p class=\"wp-block-paragraph\">Musimy jednak zachowa\u0107 ostro\u017cno\u015b\u0107.<\/p>\n\n\n\n<p class=\"wp-block-paragraph\">Stwierdzenie, \u017ce B\u00f3g mo\u017ce wyprowadzi\u0107 dobro ze z\u0142a, <strong>nie oznacza, \u017ce z\u0142o staje si\u0119 dobrem.<\/strong><\/p>\n\n\n\n<p class=\"wp-block-paragraph\">\u015amier\u0107 cz\u0142owieka pozostaje bolesna.<\/p>\n\n\n\n<p class=\"wp-block-paragraph\">Zniszczenie rodziny pozostaje tragedi\u0105.<\/p>\n\n\n\n<p class=\"wp-block-paragraph\">Utrata domu pozostaje strat\u0105.<\/p>\n\n\n\n<p class=\"wp-block-paragraph\">Wiara nie nazywa z\u0142a dobrem.<\/p>\n\n\n\n<p class=\"wp-block-paragraph\">Wiara g\u0142osi, \u017ce <strong>z\u0142o nie ma ostatniego s\u0142owa.<\/strong><\/p>\n\n\n\n<hr class=\"wp-block-separator has-alpha-channel-opacity\"\/>\n\n\n\n<h2 class=\"wp-block-heading\">4. Ostateczna odpowied\u017a Boga na cierpienie ma twarz: Jezus Chrystus<\/h2>\n\n\n\n<p class=\"wp-block-paragraph\">Je\u015bli chcemy jako chrze\u015bcijanie zrozumie\u0107 cierpienie, nie mo\u017cemy rozpocz\u0105\u0107 i zako\u0144czy\u0107 na filozoficznym wyja\u015bnieniu.<\/p>\n\n\n\n<p class=\"wp-block-paragraph\">Musimy spojrze\u0107 na Chrystusa.<\/p>\n\n\n\n<p class=\"wp-block-paragraph\">Poniewa\u017c B\u00f3g nie pozosta\u0142 daleko od ludzkiego cierpienia.<\/p>\n\n\n\n<p class=\"wp-block-paragraph\"><strong>S\u0142owo sta\u0142o si\u0119 Cia\u0142em.<\/strong><\/p>\n\n\n\n<p class=\"wp-block-paragraph\">Chrystus zna\u0142 zm\u0119czenie.<\/p>\n\n\n\n<p class=\"wp-block-paragraph\">Zna\u0142 g\u0142\u00f3d.<\/p>\n\n\n\n<p class=\"wp-block-paragraph\">Zna\u0142 odrzucenie.<\/p>\n\n\n\n<p class=\"wp-block-paragraph\">Zna\u0142 niezrozumienie.<\/p>\n\n\n\n<p class=\"wp-block-paragraph\">P\u0142aka\u0142 przy grobie \u0141azarza.<\/p>\n\n\n\n<p class=\"wp-block-paragraph\">Do\u015bwiadczy\u0142 trwogi w Getsemani.<\/p>\n\n\n\n<p class=\"wp-block-paragraph\">By\u0142 bity.<\/p>\n\n\n\n<p class=\"wp-block-paragraph\">By\u0142 poni\u017cany.<\/p>\n\n\n\n<p class=\"wp-block-paragraph\">Zosta\u0142 przybity do Krzy\u017ca.<\/p>\n\n\n\n<p class=\"wp-block-paragraph\">I umar\u0142.<\/p>\n\n\n\n<p class=\"wp-block-paragraph\">Dlatego kiedy chrze\u015bcijanin staje przed miastem zniszczonym przez trz\u0119sienie ziemi, mo\u017ce spojrze\u0107 na Ukrzy\u017cowanego i powiedzie\u0107:<\/p>\n\n\n\n<p class=\"wp-block-paragraph\"><strong>\u201eB\u00f3g wie, co oznacza cierpienie\u201d.<\/strong><\/p>\n\n\n\n<p class=\"wp-block-paragraph\">Nie stoimy przed Bogiem, kt\u00f3ry obserwuje cierpienie z daleka.<\/p>\n\n\n\n<p class=\"wp-block-paragraph\">Stoimy przed Bogiem, kt\u00f3ry wszed\u0142 w histori\u0119 i przyj\u0105\u0142 nasz\u0105 ludzk\u0105 natur\u0119.<\/p>\n\n\n\n<p class=\"wp-block-paragraph\">Krzy\u017c nie wyja\u015bnia ka\u017cdego szczeg\u00f3\u0142u ka\u017cdej tragedii.<\/p>\n\n\n\n<p class=\"wp-block-paragraph\">Ale objawia nam co\u015b niesko\u0144czenie wa\u017cniejszego:<\/p>\n\n\n\n<p class=\"wp-block-paragraph\"><strong>B\u00f3g mo\u017ce by\u0107 obecny nawet tam, gdzie my widzimy jedynie opuszczenie.<\/strong><\/p>\n\n\n\n<hr class=\"wp-block-separator has-alpha-channel-opacity\"\/>\n\n\n\n<h2 class=\"wp-block-heading\">5. Krzy\u017c i Zmartwychwstanie: chrze\u015bcijanin nie wierzy w tragedi\u0119 bez ko\u0144ca<\/h2>\n\n\n\n<p class=\"wp-block-paragraph\">Tutaj znajduje si\u0119 serce naszej nadziei.<\/p>\n\n\n\n<p class=\"wp-block-paragraph\">Gdyby Chrystus jedynie umar\u0142, chrze\u015bcija\u0144stwo by\u0142oby religi\u0105 godnej podziwu rezygnacji.<\/p>\n\n\n\n<p class=\"wp-block-paragraph\">Ale Chrystus zmartwychwsta\u0142.<\/p>\n\n\n\n<p class=\"wp-block-paragraph\">Dlatego \u015bwi\u0119ty Pawe\u0142 mo\u017ce napisa\u0107:<\/p>\n\n\n\n<blockquote class=\"wp-block-quote is-layout-flow wp-block-quote-is-layout-flow\">\n<p class=\"wp-block-paragraph\"><strong>\u201eWiemy te\u017c, \u017ce B\u00f3g z tymi, kt\u00f3rzy Go mi\u0142uj\u0105, wsp\u00f3\u0142dzia\u0142a we wszystkim dla ich dobra\u201d<\/strong> (Rz 8,28).<\/p>\n<\/blockquote>\n\n\n\n<p class=\"wp-block-paragraph\">Nie oznacza to, \u017ce wszystko, co si\u0119 wydarza, jest dobre.<\/p>\n\n\n\n<p class=\"wp-block-paragraph\">Oznacza, \u017ce <strong>B\u00f3g mo\u017ce doprowadzi\u0107 nawet to, co bolesne, do ostatecznego dobra.<\/strong><\/p>\n\n\n\n<p class=\"wp-block-paragraph\">Zmartwychwstanie zmienia nasze spojrzenie na \u015bmier\u0107.<\/p>\n\n\n\n<p class=\"wp-block-paragraph\">Chrze\u015bcijanin nie m\u00f3wi:<\/p>\n\n\n\n<p class=\"wp-block-paragraph\">\u201e\u015amier\u0107 nie ma znaczenia\u201d.<\/p>\n\n\n\n<p class=\"wp-block-paragraph\">M\u00f3wi:<\/p>\n\n\n\n<p class=\"wp-block-paragraph\"><strong>\u201e\u015amier\u0107 nie ma ostatniego s\u0142owa\u201d.<\/strong><\/p>\n\n\n\n<p class=\"wp-block-paragraph\">Dlatego kiedy ludzie gin\u0105 w trz\u0119sieniu ziemi, Ko\u015bci\u00f3\u0142 nie ogranicza si\u0119 do z\u0142o\u017cenia kondolencji.<\/p>\n\n\n\n<p class=\"wp-block-paragraph\"><strong>Modli si\u0119 za ich dusze.<\/strong><\/p>\n\n\n\n<hr class=\"wp-block-separator has-alpha-channel-opacity\"\/>\n\n\n\n<h2 class=\"wp-block-heading\">6. Katolik powinien modli\u0107 si\u0119 za zmar\u0142ych<\/h2>\n\n\n\n<p class=\"wp-block-paragraph\">W spo\u0142ecze\u0144stwie, kt\u00f3re cz\u0119sto pr\u00f3buje ukry\u0107 rzeczywisto\u015b\u0107 \u015bmierci, katastrofa stawia j\u0105 bezpo\u015brednio przed naszymi oczami.<\/p>\n\n\n\n<p class=\"wp-block-paragraph\">Ko\u015bci\u00f3\u0142 odpowiada, przypominaj\u0105c prawd\u0119, kt\u00f3ra nigdy nie mo\u017ce znikn\u0105\u0107:<\/p>\n\n\n\n<p class=\"wp-block-paragraph\"><strong>cz\u0142owiek zosta\u0142 stworzony dla wieczno\u015bci.<\/strong><\/p>\n\n\n\n<p class=\"wp-block-paragraph\">Kiedy cz\u0142owiek umiera, jego dusza staje przed Bogiem.<\/p>\n\n\n\n<p class=\"wp-block-paragraph\">Dlatego modlitwa za zmar\u0142ych jest uczynkiem mi\u0142osierdzia duchowego.<\/p>\n\n\n\n<p class=\"wp-block-paragraph\">Msza \u015awi\u0119ta ofiarowana za nich.<\/p>\n\n\n\n<p class=\"wp-block-paragraph\">R\u00f3\u017caniec.<\/p>\n\n\n\n<p class=\"wp-block-paragraph\">Ojcze nasz.<\/p>\n\n\n\n<p class=\"wp-block-paragraph\">Zdrowa\u015b Maryjo.<\/p>\n\n\n\n<p class=\"wp-block-paragraph\"><em>De profundis<\/em>.<\/p>\n\n\n\n<p class=\"wp-block-paragraph\">Modlitwy za dusze czy\u015b\u0107cowe.<\/p>\n\n\n\n<p class=\"wp-block-paragraph\">Prosta modlitwa mo\u017ce duchowo towarzyszy\u0107 tym, kt\u00f3rych nie mo\u017cemy ju\u017c fizycznie obj\u0105\u0107:<\/p>\n\n\n\n<p class=\"wp-block-paragraph\"><strong>\u201eWieczny odpoczynek racz im da\u0107, Panie. A \u015bwiat\u0142o\u015b\u0107 wiekuista niechaj im \u015bwieci. Niech odpoczywaj\u0105 w pokoju. Amen\u201d.<\/strong><\/p>\n\n\n\n<p class=\"wp-block-paragraph\">Nie wiemy, jaki by\u0142 s\u0105d szczeg\u00f3\u0142owy dotycz\u0105cy konkretnego cz\u0142owieka.<\/p>\n\n\n\n<p class=\"wp-block-paragraph\">Dlatego nie powinni\u015bmy go pot\u0119pia\u0107.<\/p>\n\n\n\n<p class=\"wp-block-paragraph\">Ale nie powinni\u015bmy r\u00f3wnie\u017c popada\u0107 w przeciwn\u0105 skrajno\u015b\u0107 i zaprzecza\u0107 potrzebie modlitwy za zmar\u0142ych.<\/p>\n\n\n\n<p class=\"wp-block-paragraph\"><strong>Mi\u0142o\u015b\u0107 trwa poza \u015bmierci\u0105.<\/strong><\/p>\n\n\n\n<hr class=\"wp-block-separator has-alpha-channel-opacity\"\/>\n\n\n\n<h2 class=\"wp-block-heading\">7. A dla tych, kt\u00f3rzy prze\u017cyli: r\u00f3wnie\u017c zraniona dusza potrzebuje troski<\/h2>\n\n\n\n<p class=\"wp-block-paragraph\">Istnieje tutaj wymiar duszpasterski, o kt\u00f3rym czasami zapominamy.<\/p>\n\n\n\n<p class=\"wp-block-paragraph\">Cz\u0142owiek mo\u017ce fizycznie prze\u017cy\u0107, a mimo to pozosta\u0107 g\u0142\u0119boko zraniony wewn\u0119trznie.<\/p>\n\n\n\n<p class=\"wp-block-paragraph\">Mo\u017ce ba\u0107 si\u0119 ponownie wej\u015b\u0107 do domu.<\/p>\n\n\n\n<p class=\"wp-block-paragraph\">Mo\u017ce reagowa\u0107 l\u0119kiem na ka\u017cdy ha\u0142as.<\/p>\n\n\n\n<p class=\"wp-block-paragraph\">Mo\u017ce mie\u0107 poczucie winy, \u017ce prze\u017cy\u0142.<\/p>\n\n\n\n<p class=\"wp-block-paragraph\">Mo\u017ce zadawa\u0107 sobie pytanie:<\/p>\n\n\n\n<p class=\"wp-block-paragraph\"><strong>\u201eDlaczego ja, a nie m\u00f3j brat?\u201d<\/strong><\/p>\n\n\n\n<p class=\"wp-block-paragraph\">Mo\u017ce do\u015bwiadcza\u0107 smutku, gniewu, milczenia, a nawet poczucia opuszczenia przez Boga.<\/p>\n\n\n\n<p class=\"wp-block-paragraph\">Katolik, kt\u00f3ry towarzyszy takiemu cz\u0142owiekowi, musi zachowa\u0107 wielk\u0105 ostro\u017cno\u015b\u0107.<\/p>\n\n\n\n<p class=\"wp-block-paragraph\">Nie powinien m\u00f3wi\u0107:<\/p>\n\n\n\n<p class=\"wp-block-paragraph\">\u201eNie p\u0142acz\u201d.<\/p>\n\n\n\n<p class=\"wp-block-paragraph\">Powinien pozwoli\u0107 mu p\u0142aka\u0107.<\/p>\n\n\n\n<p class=\"wp-block-paragraph\">Nie powinien m\u00f3wi\u0107:<\/p>\n\n\n\n<p class=\"wp-block-paragraph\">\u201eMusisz by\u0107 silny\u201d.<\/p>\n\n\n\n<p class=\"wp-block-paragraph\">Powinien mu towarzyszy\u0107.<\/p>\n\n\n\n<p class=\"wp-block-paragraph\">Nie powinien m\u00f3wi\u0107:<\/p>\n\n\n\n<p class=\"wp-block-paragraph\">\u201eB\u00f3g wie, co robi\u201d, jakby by\u0142a to formu\u0142a maj\u0105ca szybko zako\u0144czy\u0107 rozmow\u0119.<\/p>\n\n\n\n<p class=\"wp-block-paragraph\">Cz\u0119sto powinien po prostu usi\u0105\u015b\u0107 obok niego.<\/p>\n\n\n\n<p class=\"wp-block-paragraph\"><strong>Obecno\u015b\u0107 r\u00f3wnie\u017c jest form\u0105 mi\u0142o\u015bci bli\u017aniego.<\/strong><\/p>\n\n\n\n<hr class=\"wp-block-separator has-alpha-channel-opacity\"\/>\n\n\n\n<h2 class=\"wp-block-heading\">8. Czy chrze\u015bcijanin mo\u017ce si\u0119 ba\u0107?<\/h2>\n\n\n\n<p class=\"wp-block-paragraph\">Tak.<\/p>\n\n\n\n<p class=\"wp-block-paragraph\">I jest to wa\u017cne.<\/p>\n\n\n\n<p class=\"wp-block-paragraph\">Cnota chrze\u015bcija\u0144ska nie polega na tym, \u017ce nigdy nie odczuwamy emocji.<\/p>\n\n\n\n<p class=\"wp-block-paragraph\">Strach jest naturaln\u0105 ludzk\u0105 reakcj\u0105 na rzeczywiste zagro\u017cenie.<\/p>\n\n\n\n<p class=\"wp-block-paragraph\">Kwestia moralna nie polega po prostu na tym, \u017ce odczuwamy strach, lecz na tym, co robimy z tym strachem.<\/p>\n\n\n\n<p class=\"wp-block-paragraph\">Mo\u017cemy przynie\u015b\u0107 go przed Boga.<\/p>\n\n\n\n<p class=\"wp-block-paragraph\">Mo\u017cemy modli\u0107 si\u0119, kiedy si\u0119 boimy.<\/p>\n\n\n\n<p class=\"wp-block-paragraph\">Mo\u017cemy powiedzie\u0107:<\/p>\n\n\n\n<p class=\"wp-block-paragraph\"><strong>\u201ePanie, boj\u0119 si\u0119. Pom\u00f3\u017c mi\u201d.<\/strong><\/p>\n\n\n\n<p class=\"wp-block-paragraph\">To r\u00f3wnie\u017c jest modlitwa.<\/p>\n\n\n\n<p class=\"wp-block-paragraph\">Psalmy s\u0105 pe\u0142ne ludzi, kt\u00f3rzy w swoim l\u0119ku wo\u0142aj\u0105 do Boga.<\/p>\n\n\n\n<p class=\"wp-block-paragraph\">Wiara nie zawsze zaczyna si\u0119 od s\u0142\u00f3w:<\/p>\n\n\n\n<p class=\"wp-block-paragraph\">\u201eJestem spokojny\u201d.<\/p>\n\n\n\n<p class=\"wp-block-paragraph\">Czasami zaczyna si\u0119 od s\u0142\u00f3w:<\/p>\n\n\n\n<p class=\"wp-block-paragraph\"><strong>\u201ePanie, ju\u017c nie daj\u0119 rady, ale mimo wszystko nadal Ci ufam\u201d.<\/strong><\/p>\n\n\n\n<hr class=\"wp-block-separator has-alpha-channel-opacity\"\/>\n\n\n\n<h2 class=\"wp-block-heading\">9. Modlitwa cz\u0142owieka, kt\u00f3ry straci\u0142 ukochan\u0105 osob\u0119<\/h2>\n\n\n\n<p class=\"wp-block-paragraph\">Istniej\u0105 cierpienia, kt\u00f3rych \u017cadna teologiczna odpowied\u017a nie jest w stanie natychmiast usun\u0105\u0107.<\/p>\n\n\n\n<p class=\"wp-block-paragraph\">Kiedy kto\u015b traci ojca, matk\u0119, dziecko, m\u0119\u017ca, \u017con\u0119 czy przyjaciela, nie potrzebuje przede wszystkim wyk\u0142adu.<\/p>\n\n\n\n<p class=\"wp-block-paragraph\">Potrzebuje towarzyszenia.<\/p>\n\n\n\n<p class=\"wp-block-paragraph\">Teologia powinna s\u0142u\u017cy\u0107 cz\u0142owiekowi.<\/p>\n\n\n\n<p class=\"wp-block-paragraph\">I tutaj musimy przypomnie\u0107 sobie s\u0142owa Ewangelii:<\/p>\n\n\n\n<blockquote class=\"wp-block-quote is-layout-flow wp-block-quote-is-layout-flow\">\n<p class=\"wp-block-paragraph\"><strong>\u201eB\u0142ogos\u0142awieni, kt\u00f3rzy si\u0119 smuc\u0105, albowiem oni b\u0119d\u0105 pocieszeni\u201d<\/strong> (Mt 5,4).<\/p>\n<\/blockquote>\n\n\n\n<p class=\"wp-block-paragraph\">Jezus nie m\u00f3wi, \u017ce ci, kt\u00f3rzy p\u0142acz\u0105, pope\u0142niaj\u0105 b\u0142\u0105d.<\/p>\n\n\n\n<p class=\"wp-block-paragraph\">Obiecuje pocieszenie.<\/p>\n\n\n\n<p class=\"wp-block-paragraph\">Dlatego je\u015bli straci\u0142e\u015b kogo\u015b w katastrofie, mo\u017cesz p\u0142aka\u0107 przed Bogiem.<\/p>\n\n\n\n<p class=\"wp-block-paragraph\">Mo\u017cesz rozmawia\u0107 z Nim o tej osobie.<\/p>\n\n\n\n<p class=\"wp-block-paragraph\">Mo\u017cesz dzi\u0119kowa\u0107 Mu za to, \u017ce pozwoli\u0142 ci j\u0105 pozna\u0107.<\/p>\n\n\n\n<p class=\"wp-block-paragraph\">Mo\u017cesz modli\u0107 si\u0119 za jej dusz\u0119.<\/p>\n\n\n\n<p class=\"wp-block-paragraph\">Mo\u017cesz prosi\u0107 o pomoc w zaakceptowaniu jej nieobecno\u015bci.<\/p>\n\n\n\n<p class=\"wp-block-paragraph\">I mo\u017cesz mie\u0107 nadziej\u0119, \u017ce spotkasz j\u0105 ponownie u Boga.<\/p>\n\n\n\n<p class=\"wp-block-paragraph\">Chrze\u015bcija\u0144ska nadzieja nie polega na udawaniu, \u017ce roz\u0142\u0105ka nie boli.<\/p>\n\n\n\n<p class=\"wp-block-paragraph\">Polega na wierze, \u017ce <strong>roz\u0142\u0105ka nie musi by\u0107 ostateczna.<\/strong><\/p>\n\n\n\n<hr class=\"wp-block-separator has-alpha-channel-opacity\"\/>\n\n\n\n<h2 class=\"wp-block-heading\">10. Katolik musi dzia\u0142a\u0107: mi\u0142o\u015b\u0107 nie mo\u017ce pozosta\u0107 jedynie s\u0142owami<\/h2>\n\n\n\n<p class=\"wp-block-paragraph\">Autentyczna wiara zawsze prowadzi do mi\u0142o\u015bci bli\u017aniego.<\/p>\n\n\n\n<p class=\"wp-block-paragraph\">Po trz\u0119sieniu ziemi nie wystarczy napisa\u0107:<\/p>\n\n\n\n<p class=\"wp-block-paragraph\">\u201eMoje modlitwy\u201d.<\/p>\n\n\n\n<p class=\"wp-block-paragraph\">Je\u017celi mo\u017cemy zrobi\u0107 wi\u0119cej, powinni\u015bmy to zrobi\u0107.<\/p>\n\n\n\n<p class=\"wp-block-paragraph\">Ofiarowa\u0107 pomoc.<\/p>\n\n\n\n<p class=\"wp-block-paragraph\">Dzieli\u0107 si\u0119 \u017cywno\u015bci\u0105.<\/p>\n\n\n\n<p class=\"wp-block-paragraph\">Zapewni\u0107 schronienie.<\/p>\n\n\n\n<p class=\"wp-block-paragraph\">Pomaga\u0107 w odbudowie.<\/p>\n\n\n\n<p class=\"wp-block-paragraph\">Pomaga\u0107 osobom starszym.<\/p>\n\n\n\n<p class=\"wp-block-paragraph\">Pomaga\u0107 dzieciom.<\/p>\n\n\n\n<p class=\"wp-block-paragraph\">Wsp\u00f3\u0142pracowa\u0107 ze specjalistami.<\/p>\n\n\n\n<p class=\"wp-block-paragraph\">Odda\u0107 krew, kiedy jest to potrzebne i bezpiecznie mo\u017cliwe.<\/p>\n\n\n\n<p class=\"wp-block-paragraph\">Udzieli\u0107 pomocy finansowej poszkodowanym rodzinom.<\/p>\n\n\n\n<p class=\"wp-block-paragraph\">Uczestniczy\u0107 w inicjatywach parafialnych.<\/p>\n\n\n\n<p class=\"wp-block-paragraph\">Ko\u015bci\u00f3\u0142 zawsze rozumia\u0142, \u017ce uczynki mi\u0142osierdzia s\u0105 istotn\u0105 cz\u0119\u015bci\u0105 \u017cycia chrze\u015bcija\u0144skiego.<\/p>\n\n\n\n<p class=\"wp-block-paragraph\">Katolik nie powinien patrze\u0107 na cierpienie z daleka, je\u015bli rzeczywi\u015bcie posiada mo\u017cliwo\u015b\u0107 jego z\u0142agodzenia.<\/p>\n\n\n\n<p class=\"wp-block-paragraph\"><strong>R\u0119ce chrze\u015bcijanina powinny sta\u0107 si\u0119 r\u0119kami Chrystusa.<\/strong><\/p>\n\n\n\n<hr class=\"wp-block-separator has-alpha-channel-opacity\"\/>\n\n\n\n<h2 class=\"wp-block-heading\">11. Parafia powinna by\u0107 domem po\u015br\u00f3d katastrofy<\/h2>\n\n\n\n<p class=\"wp-block-paragraph\">W tragedii parafia mo\u017ce odegra\u0107 niezwyk\u0142\u0105 rol\u0119.<\/p>\n\n\n\n<p class=\"wp-block-paragraph\">Mo\u017ce by\u0107 miejscem modlitwy.<\/p>\n\n\n\n<p class=\"wp-block-paragraph\">Mo\u017ce zapewni\u0107 schronienie.<\/p>\n\n\n\n<p class=\"wp-block-paragraph\">Mo\u017ce organizowa\u0107 pomoc materialn\u0105.<\/p>\n\n\n\n<p class=\"wp-block-paragraph\">Mo\u017ce gromadzi\u0107 wolontariuszy.<\/p>\n\n\n\n<p class=\"wp-block-paragraph\">Mo\u017ce towarzyszy\u0107 rodzinom.<\/p>\n\n\n\n<p class=\"wp-block-paragraph\">Mo\u017ce sprawowa\u0107 Msz\u0119 \u015awi\u0119t\u0105 za zmar\u0142ych.<\/p>\n\n\n\n<p class=\"wp-block-paragraph\">Mo\u017ce udziela\u0107 sakrament\u00f3w.<\/p>\n\n\n\n<p class=\"wp-block-paragraph\">Mo\u017ce udost\u0119pni\u0107 kap\u0142an\u00f3w do s\u0142uchania spowiedzi.<\/p>\n\n\n\n<p class=\"wp-block-paragraph\">Mo\u017ce duchowo towarzyszy\u0107 tym, kt\u00f3rych ogarnia przera\u017cenie.<\/p>\n\n\n\n<p class=\"wp-block-paragraph\">A przede wszystkim mo\u017ce przypomina\u0107 prawd\u0119:<\/p>\n\n\n\n<p class=\"wp-block-paragraph\"><strong>Ko\u015bci\u00f3\u0142 nie opuszcza swoich dzieci, kiedy nadchodzi nieszcz\u0119\u015bcie.<\/strong><\/p>\n\n\n\n<p class=\"wp-block-paragraph\">Duszpasterstwo musi obejmowa\u0107 ca\u0142ego cz\u0142owieka:<\/p>\n\n\n\n<p class=\"wp-block-paragraph\"><strong>cia\u0142o i dusz\u0119.<\/strong><\/p>\n\n\n\n<p class=\"wp-block-paragraph\">Nie by\u0142oby chrze\u015bcija\u0144skie troszczy\u0107 si\u0119 wy\u0142\u0105cznie o potrzeby materialne i zapomina\u0107 o duszy.<\/p>\n\n\n\n<p class=\"wp-block-paragraph\">Ale r\u00f3wnie niechrze\u015bcija\u0144skie by\u0142oby m\u00f3wienie wy\u0142\u0105cznie o duszy i ignorowanie cz\u0142owieka, kt\u00f3ry potrzebuje wody, jedzenia, lek\u00f3w czy schronienia.<\/p>\n\n\n\n<p class=\"wp-block-paragraph\">Chrystus karmi\u0142, uzdrawia\u0142, pociesza\u0142 i przebacza\u0142.<\/p>\n\n\n\n<p class=\"wp-block-paragraph\">Ko\u015bci\u00f3\u0142 zawsze musi uczy\u0107 si\u0119 od swojego Pana.<\/p>\n\n\n\n<hr class=\"wp-block-separator has-alpha-channel-opacity\"\/>\n\n\n\n<h2 class=\"wp-block-heading\">12. Roztropno\u015b\u0107 r\u00f3wnie\u017c jest cnot\u0105 chrze\u015bcija\u0144sk\u0105<\/h2>\n\n\n\n<p class=\"wp-block-paragraph\">W obliczu katastrofy musimy odrzuci\u0107 jeszcze jedno fa\u0142szywe przekonanie:<\/p>\n\n\n\n<p class=\"wp-block-paragraph\">\u201eJe\u015bli mam wiar\u0119, B\u00f3g mnie ochroni\u201d.<\/p>\n\n\n\n<p class=\"wp-block-paragraph\">Zaufanie Bogu nie oznacza lekcewa\u017cenia zasad bezpiecze\u0144stwa.<\/p>\n\n\n\n<p class=\"wp-block-paragraph\">Je\u017celi istnieje zagro\u017cenie zawaleniem, nale\u017cy si\u0119 oddali\u0107.<\/p>\n\n\n\n<p class=\"wp-block-paragraph\">Je\u017celi w\u0142adze nakazuj\u0105 ewakuacj\u0119, nale\u017cy si\u0119 ewakuowa\u0107.<\/p>\n\n\n\n<p class=\"wp-block-paragraph\">Je\u017celi specjali\u015bci zalecaj\u0105 okre\u015blone dzia\u0142ania, powinni\u015bmy ich s\u0142ucha\u0107.<\/p>\n\n\n\n<p class=\"wp-block-paragraph\">Budowa\u0107 budynki odporne na trz\u0119sienia ziemi.<\/p>\n\n\n\n<p class=\"wp-block-paragraph\">Przygotowa\u0107 plecaki ratunkowe.<\/p>\n\n\n\n<p class=\"wp-block-paragraph\">Zna\u0107 drogi ewakuacyjne.<\/p>\n\n\n\n<p class=\"wp-block-paragraph\">Wspiera\u0107 w\u0142adze.<\/p>\n\n\n\n<p class=\"wp-block-paragraph\">Stosowa\u0107 si\u0119 do instrukcji s\u0142u\u017cb ratunkowych.<\/p>\n\n\n\n<p class=\"wp-block-paragraph\">Wszystko to jest zgodne z wiar\u0105.<\/p>\n\n\n\n<p class=\"wp-block-paragraph\">Tak, nale\u017cy to wr\u0119cz do cnoty roztropno\u015bci.<\/p>\n\n\n\n<p class=\"wp-block-paragraph\"><strong>Wiara nie zast\u0119puje odpowiedzialno\u015bci.<\/strong><\/p>\n\n\n\n<p class=\"wp-block-paragraph\">\u0141aska nie niszczy natury.<\/p>\n\n\n\n<p class=\"wp-block-paragraph\">Ona j\u0105 udoskonala.<\/p>\n\n\n\n<hr class=\"wp-block-separator has-alpha-channel-opacity\"\/>\n\n\n\n<h2 class=\"wp-block-heading\">13. Musimy r\u00f3wnie\u017c zwraca\u0107 uwag\u0119 na nasze zachowanie w mediach spo\u0142eczno\u015bciowych<\/h2>\n\n\n\n<p class=\"wp-block-paragraph\">\u017byjemy w nowej rzeczywisto\u015bci.<\/p>\n\n\n\n<p class=\"wp-block-paragraph\">Podczas katastrofy media spo\u0142eczno\u015bciowe mog\u0105 sta\u0107 si\u0119 niezwyk\u0142ym narz\u0119dziem do odnajdywania ludzi, proszenia o pomoc i przekazywania informacji.<\/p>\n\n\n\n<p class=\"wp-block-paragraph\">Ale mog\u0105 r\u00f3wnie\u017c sta\u0107 si\u0119 fabryk\u0105 strachu.<\/p>\n\n\n\n<p class=\"wp-block-paragraph\">Plotki.<\/p>\n\n\n\n<p class=\"wp-block-paragraph\">Fa\u0142szywe nagrania.<\/p>\n\n\n\n<p class=\"wp-block-paragraph\">Niesprawdzone informacje.<\/p>\n\n\n\n<p class=\"wp-block-paragraph\">Wymy\u015blone liczby.<\/p>\n\n\n\n<p class=\"wp-block-paragraph\">Proroctwa apokaliptyczne.<\/p>\n\n\n\n<p class=\"wp-block-paragraph\">Wiadomo\u015bci, kt\u00f3re natychmiast przypisuj\u0105 trz\u0119sienie ziemi okre\u015blonym grzechom.<\/p>\n\n\n\n<p class=\"wp-block-paragraph\">Katolik powinien praktykowa\u0107 roztropno\u015b\u0107 r\u00f3wnie\u017c w Internecie.<\/p>\n\n\n\n<p class=\"wp-block-paragraph\"><strong>Nie wszystko, co wywo\u0142uje emocje, powinno by\u0107 przekazywane dalej.<\/strong><\/p>\n\n\n\n<p class=\"wp-block-paragraph\">Zanim co\u015b opublikujemy, powinni\u015bmy zapyta\u0107:<\/p>\n\n\n\n<p class=\"wp-block-paragraph\">Czy to jest prawda?<\/p>\n\n\n\n<p class=\"wp-block-paragraph\">Czy jest to konieczne?<\/p>\n\n\n\n<p class=\"wp-block-paragraph\">Czy mo\u017ce komu\u015b zaszkodzi\u0107?<\/p>\n\n\n\n<p class=\"wp-block-paragraph\">Czy szanuje godno\u015b\u0107 ofiar?<\/p>\n\n\n\n<p class=\"wp-block-paragraph\">Czy naprawd\u0119 pomagam, czy tylko szukam uwagi?<\/p>\n\n\n\n<p class=\"wp-block-paragraph\">Po\u015br\u00f3d tragedii mi\u0142o\u015b\u0107 bli\u017aniego oznacza r\u00f3wnie\u017c umiej\u0119tno\u015b\u0107 zachowania milczenia, kiedy jest ono potrzebne.<\/p>\n\n\n\n<hr class=\"wp-block-separator has-alpha-channel-opacity\"\/>\n\n\n\n<h2 class=\"wp-block-heading\">14. Trz\u0119sienie ziemi jako wezwanie do nawr\u00f3cenia<\/h2>\n\n\n\n<p class=\"wp-block-paragraph\">Istnieje wymiar duchowy, kt\u00f3rego nie mo\u017cemy ignorowa\u0107.<\/p>\n\n\n\n<p class=\"wp-block-paragraph\">Trz\u0119sienie ziemi mo\u017ce w dramatyczny spos\u00f3b przypomnie\u0107 nam, \u017ce nasze ziemskie zabezpieczenia s\u0105 kruche.<\/p>\n\n\n\n<p class=\"wp-block-paragraph\">Jezus pos\u0142u\u017cy\u0142 si\u0119 obrazem domu zbudowanego na skale.<\/p>\n\n\n\n<p class=\"wp-block-paragraph\">Mo\u017cemy mie\u0107 pieni\u0105dze.<\/p>\n\n\n\n<p class=\"wp-block-paragraph\">Dom.<\/p>\n\n\n\n<p class=\"wp-block-paragraph\">Prac\u0119.<\/p>\n\n\n\n<p class=\"wp-block-paragraph\">Presti\u017c.<\/p>\n\n\n\n<p class=\"wp-block-paragraph\">Plany.<\/p>\n\n\n\n<p class=\"wp-block-paragraph\">Projekty.<\/p>\n\n\n\n<p class=\"wp-block-paragraph\">Ale wszystko to mo\u017ce znikn\u0105\u0107.<\/p>\n\n\n\n<p class=\"wp-block-paragraph\">Wtedy pojawia si\u0119 zasadnicze pytanie:<\/p>\n\n\n\n<p class=\"wp-block-paragraph\"><strong>Na czym zbudowa\u0142em swoje \u017cycie?<\/strong><\/p>\n\n\n\n<p class=\"wp-block-paragraph\">Poniewa\u017c wcze\u015bniej czy p\u00f3\u017aniej dla ka\u017cdego nadejdzie ostateczne \u201etrz\u0119sienie ziemi\u201d: nasza w\u0142asna \u015bmier\u0107.<\/p>\n\n\n\n<p class=\"wp-block-paragraph\">I nie wiemy, kiedy.<\/p>\n\n\n\n<p class=\"wp-block-paragraph\">Dlatego katastrofa mo\u017ce sta\u0107 si\u0119 r\u00f3wnie\u017c wezwaniem do uporz\u0105dkowania naszego \u017cycia.<\/p>\n\n\n\n<p class=\"wp-block-paragraph\">Ponownie przyst\u0105pi\u0107 do spowiedzi.<\/p>\n\n\n\n<p class=\"wp-block-paragraph\">Pojedna\u0107 si\u0119 z kim\u015b.<\/p>\n\n\n\n<p class=\"wp-block-paragraph\">Porzuci\u0107 grzech.<\/p>\n\n\n\n<p class=\"wp-block-paragraph\">Wr\u00f3ci\u0107 do Mszy \u015awi\u0119tej.<\/p>\n\n\n\n<p class=\"wp-block-paragraph\">Ponownie rozpocz\u0105\u0107 modlitw\u0119.<\/p>\n\n\n\n<p class=\"wp-block-paragraph\">Codziennie odmawia\u0107 R\u00f3\u017caniec.<\/p>\n\n\n\n<p class=\"wp-block-paragraph\">Powierzy\u0107 nasz\u0105 rodzin\u0119 opiece Naj\u015bwi\u0119tszej Maryi Panny.<\/p>\n\n\n\n<p class=\"wp-block-paragraph\">Ponownie nauczy\u0107 si\u0119 \u017cy\u0107 dla Boga.<\/p>\n\n\n\n<p class=\"wp-block-paragraph\">Nie dlatego, \u017ce uwa\u017camy, i\u017c trz\u0119sienie ziemi zosta\u0142o koniecznie zes\u0142ane jako kara.<\/p>\n\n\n\n<p class=\"wp-block-paragraph\">Ale dlatego, \u017ce <strong>ka\u017cde wydarzenie przypominaj\u0105ce nam o krucho\u015bci \u017cycia mo\u017ce pom\u00f3c nam odzyska\u0107 perspektyw\u0119 wieczno\u015bci.<\/strong><\/p>\n\n\n\n<hr class=\"wp-block-separator has-alpha-channel-opacity\"\/>\n\n\n\n<h2 class=\"wp-block-heading\">15. \u201eCho\u0107 ziemia zadr\u017cy, nie b\u0119d\u0119 si\u0119 ba\u0142\u201d<\/h2>\n\n\n\n<p class=\"wp-block-paragraph\">Psalm g\u0142osi:<\/p>\n\n\n\n<blockquote class=\"wp-block-quote is-layout-flow wp-block-quote-is-layout-flow\">\n<p class=\"wp-block-paragraph\"><strong>\u201eB\u00f3g jest dla nas ucieczk\u0105 i moc\u0105, najpewniejsz\u0105 pomoc\u0105 w utrapieniach. Przeto si\u0119 nie l\u0119kamy, cho\u0107by wali\u0142a si\u0119 ziemia\u201d<\/strong> (Ps 46,2-3).<\/p>\n<\/blockquote>\n\n\n\n<p class=\"wp-block-paragraph\">S\u0142owa te nabieraj\u0105 niezwyk\u0142ej mocy po trz\u0119sieniu ziemi.<\/p>\n\n\n\n<p class=\"wp-block-paragraph\">Nie oznaczaj\u0105, \u017ce chrze\u015bcijanin nigdy nie b\u0119dzie odczuwa\u0142 strachu.<\/p>\n\n\n\n<p class=\"wp-block-paragraph\">Oznaczaj\u0105, \u017ce strach nie musi koniecznie przerodzi\u0107 si\u0119 w rozpacz.<\/p>\n\n\n\n<p class=\"wp-block-paragraph\">Ziemia mo\u017ce dr\u017ce\u0107.<\/p>\n\n\n\n<p class=\"wp-block-paragraph\">Nasze cia\u0142o mo\u017ce dr\u017ce\u0107.<\/p>\n\n\n\n<p class=\"wp-block-paragraph\">Nasz dom mo\u017ce dr\u017ce\u0107.<\/p>\n\n\n\n<p class=\"wp-block-paragraph\">Nasze serce mo\u017ce dr\u017ce\u0107.<\/p>\n\n\n\n<p class=\"wp-block-paragraph\"><strong>Ale B\u00f3g pozostaje Bogiem.<\/strong><\/p>\n\n\n\n<hr class=\"wp-block-separator has-alpha-channel-opacity\"\/>\n\n\n\n<h2 class=\"wp-block-heading\">16. A kiedy trz\u0119sienie ziemi si\u0119 ko\u0144czy, rozpoczyna si\u0119 kolejny etap<\/h2>\n\n\n\n<p class=\"wp-block-paragraph\">Istnieje naturalna tendencja, aby my\u015ble\u0107, \u017ce tragedia ko\u0144czy si\u0119, kiedy ustan\u0105 wstrz\u0105sy wt\u00f3rne.<\/p>\n\n\n\n<p class=\"wp-block-paragraph\">Ale dla wielu ludzi w\u0142a\u015bnie wtedy rozpoczyna si\u0119 kolejna walka.<\/p>\n\n\n\n<p class=\"wp-block-paragraph\">Odbudowa.<\/p>\n\n\n\n<p class=\"wp-block-paragraph\">Znalezienie miejsca do zamieszkania.<\/p>\n\n\n\n<p class=\"wp-block-paragraph\">Powr\u00f3t do pracy.<\/p>\n\n\n\n<p class=\"wp-block-paragraph\">Pogrzebanie zmar\u0142ych.<\/p>\n\n\n\n<p class=\"wp-block-paragraph\">Opieka nad rannymi.<\/p>\n\n\n\n<p class=\"wp-block-paragraph\">Przezwyci\u0119\u017cenie l\u0119ku.<\/p>\n\n\n\n<p class=\"wp-block-paragraph\">Ponowne zasypianie.<\/p>\n\n\n\n<p class=\"wp-block-paragraph\">Ponowne wej\u015bcie do domu.<\/p>\n\n\n\n<p class=\"wp-block-paragraph\">Ponowne \u015bwi\u0119towanie.<\/p>\n\n\n\n<p class=\"wp-block-paragraph\">Ponowne modlenie si\u0119.<\/p>\n\n\n\n<p class=\"wp-block-paragraph\">I w\u0142a\u015bnie tutaj Ko\u015bci\u00f3\u0142 powinien pozosta\u0107.<\/p>\n\n\n\n<p class=\"wp-block-paragraph\">Nie tylko przez pierwsze godziny.<\/p>\n\n\n\n<p class=\"wp-block-paragraph\">Nie tylko wtedy, gdy obecne s\u0105 kamery.<\/p>\n\n\n\n<p class=\"wp-block-paragraph\">Nie tylko tak d\u0142ugo, jak d\u0142ugo tragedia jest obecna w wiadomo\u015bciach.<\/p>\n\n\n\n<p class=\"wp-block-paragraph\"><strong>Chrze\u015bcija\u0144ska mi\u0142o\u015b\u0107 musi mie\u0107 pami\u0119\u0107.<\/strong><\/p>\n\n\n\n<p class=\"wp-block-paragraph\">Towarzyszenie duszpasterskie mo\u017ce trwa\u0107 miesi\u0105ce i lata.<\/p>\n\n\n\n<p class=\"wp-block-paragraph\">Poniewa\u017c niekt\u00f3re rany potrzebuj\u0105 bardzo du\u017co czasu, aby si\u0119 zagoi\u0107.<\/p>\n\n\n\n<hr class=\"wp-block-separator has-alpha-channel-opacity\"\/>\n\n\n\n<h2 class=\"wp-block-heading\">17. Szczeg\u00f3lne s\u0142owo do tych, kt\u00f3rzy cierpieli<\/h2>\n\n\n\n<p class=\"wp-block-paragraph\">Je\u015bli prze\u017cy\u0142e\u015b trz\u0119sienie ziemi i straci\u0142e\u015b dom, dobytek albo ukochan\u0105 osob\u0119, by\u0107 mo\u017ce teraz nie masz odpowiedzi.<\/p>\n\n\n\n<p class=\"wp-block-paragraph\">Nie musisz mie\u0107 wszystkich odpowiedzi.<\/p>\n\n\n\n<p class=\"wp-block-paragraph\">Je\u015bli jeste\u015b z\u0142y na Boga, rozmawiaj z Nim.<\/p>\n\n\n\n<p class=\"wp-block-paragraph\">Je\u015bli si\u0119 boisz, rozmawiaj z Nim.<\/p>\n\n\n\n<p class=\"wp-block-paragraph\">Je\u015bli p\u0142aczesz, p\u0142acz przed Nim.<\/p>\n\n\n\n<p class=\"wp-block-paragraph\">Je\u015bli nie potrafisz si\u0119 modli\u0107, powiedz po prostu:<\/p>\n\n\n\n<p class=\"wp-block-paragraph\"><strong>\u201ePanie, oto jestem\u201d.<\/strong><\/p>\n\n\n\n<p class=\"wp-block-paragraph\">To r\u00f3wnie\u017c mo\u017ce by\u0107 ju\u017c modlitwa.<\/p>\n\n\n\n<p class=\"wp-block-paragraph\">Nie my\u015bl, \u017ce B\u00f3g ci\u0119 opu\u015bci\u0142 dlatego, \u017ce nie rozumiesz, co si\u0119 wydarzy\u0142o.<\/p>\n\n\n\n<p class=\"wp-block-paragraph\">Nie myl milczenia Boga z Jego nieobecno\u015bci\u0105.<\/p>\n\n\n\n<p class=\"wp-block-paragraph\">Sam Chrystus na Krzy\u017cu wypowiedzia\u0142 s\u0142owa opuszczenia, a jednak w\u0142a\u015bnie tam dokonywa\u0142 najwy\u017cszego dzie\u0142a naszego Odkupienia.<\/p>\n\n\n\n<p class=\"wp-block-paragraph\">Twoje cierpienie nie oznacza, \u017ce B\u00f3g przesta\u0142 ci\u0119 kocha\u0107.<\/p>\n\n\n\n<p class=\"wp-block-paragraph\">I nawet je\u015bli teraz nie mo\u017cesz zrozumie\u0107, dlaczego to si\u0119 wydarzy\u0142o, mo\u017cesz prosi\u0107 o \u0142ask\u0119 przej\u015bcia przez t\u0119 pr\u00f3b\u0119 w Jego obecno\u015bci.<\/p>\n\n\n\n<hr class=\"wp-block-separator has-alpha-channel-opacity\"\/>\n\n\n\n<h1 class=\"wp-block-heading\"><strong>Kiedy wszystko si\u0119 rozpada, Chrystus pozostaje<\/strong><\/h1>\n\n\n\n<p class=\"wp-block-paragraph\">Trz\u0119sienie ziemi mo\u017ce zniszczy\u0107 budynki.<\/p>\n\n\n\n<p class=\"wp-block-paragraph\">Mo\u017ce zniszczy\u0107 drogi.<\/p>\n\n\n\n<p class=\"wp-block-paragraph\">Mo\u017ce rozdzieli\u0107 rodziny.<\/p>\n\n\n\n<p class=\"wp-block-paragraph\">Mo\u017ce zrani\u0107 ca\u0142e miasta.<\/p>\n\n\n\n<p class=\"wp-block-paragraph\">Ale nie mo\u017ce zniszczy\u0107 godno\u015bci cz\u0142owieka.<\/p>\n\n\n\n<p class=\"wp-block-paragraph\">Nie mo\u017ce zniszczy\u0107 mi\u0142o\u015bci.<\/p>\n\n\n\n<p class=\"wp-block-paragraph\">Nie mo\u017ce zniszczy\u0107 modlitwy.<\/p>\n\n\n\n<p class=\"wp-block-paragraph\">Nie mo\u017ce zniszczy\u0107 mi\u0142o\u015bci bli\u017aniego.<\/p>\n\n\n\n<p class=\"wp-block-paragraph\">A dla tego, kto \u017cyje w Chrystusie, nie mo\u017ce zniszczy\u0107 nadziei.<\/p>\n\n\n\n<p class=\"wp-block-paragraph\">Wiara katolicka nie obiecuje, \u017ce nigdy nie b\u0119dziemy cierpie\u0107.<\/p>\n\n\n\n<p class=\"wp-block-paragraph\">Obiecuje co\u015b niesko\u0144czenie wi\u0119kszego:<\/p>\n\n\n\n<p class=\"wp-block-paragraph\"><strong>\u017ce nasze cierpienie mo\u017ce zosta\u0107 zjednoczone z cierpieniem Chrystusa i \u017ce \u015bmier\u0107 nie b\u0119dzie mia\u0142a ostatniego s\u0142owa.<\/strong><\/p>\n\n\n\n<p class=\"wp-block-paragraph\">Dlatego chrze\u015bcijanin mo\u017ce p\u0142aka\u0107 i mie\u0107 nadziej\u0119.<\/p>\n\n\n\n<p class=\"wp-block-paragraph\">Mo\u017ce cierpie\u0107 i kocha\u0107.<\/p>\n\n\n\n<p class=\"wp-block-paragraph\">Mo\u017ce si\u0119 ba\u0107 i ufa\u0107.<\/p>\n\n\n\n<p class=\"wp-block-paragraph\">Mo\u017ce ukl\u0119kn\u0105\u0107 po\u015br\u00f3d gruz\u00f3w i nadal si\u0119 modli\u0107.<\/p>\n\n\n\n<p class=\"wp-block-paragraph\">Mo\u017ce patrze\u0107 na uszkodzony ko\u015bci\u00f3\u0142 i pami\u0119ta\u0107, \u017ce B\u00f3g nie jest zamkni\u0119ty w jego murach.<\/p>\n\n\n\n<p class=\"wp-block-paragraph\">Mo\u017ce straci\u0107 dom i na nowo odkry\u0107, gdzie znajduje si\u0119 jego prawdziwe mieszkanie.<\/p>\n\n\n\n<p class=\"wp-block-paragraph\">Mo\u017ce straci\u0107 swoje dobra i ponownie zrozumie\u0107, \u017ce istnieje skarb, kt\u00f3rego nikt nie mo\u017ce mu odebra\u0107.<\/p>\n\n\n\n<p class=\"wp-block-paragraph\">Mo\u017ce nawet stan\u0105\u0107 wobec \u015bmierci i przypomnie\u0107 sobie s\u0142owa \u015bwi\u0119tego Paw\u0142a:<\/p>\n\n\n\n<blockquote class=\"wp-block-quote is-layout-flow wp-block-quote-is-layout-flow\">\n<p class=\"wp-block-paragraph\"><strong>\u201eKt\u00f3\u017c nas mo\u017ce od\u0142\u0105czy\u0107 od mi\u0142o\u015bci Chrystusowej? Utrapienie, ucisk czy prze\u015bladowanie, g\u0142\u00f3d czy nago\u015b\u0107, niebezpiecze\u0144stwo czy miecz?\u201d<\/strong> (Rz 8,35).<\/p>\n<\/blockquote>\n\n\n\n<p class=\"wp-block-paragraph\">Odpowied\u017a Aposto\u0142a jest jasna: nic nie mo\u017ce oddzieli\u0107 nas od mi\u0142o\u015bci Boga objawionej w Jezusie Chrystusie.<\/p>\n\n\n\n<p class=\"wp-block-paragraph\">Dlatego kiedy ziemia ponownie zadr\u017cy \u2014 i kiedy nasze w\u0142asne zabezpieczenia zn\u00f3w zostan\u0105 wstrz\u0105\u015bni\u0119te \u2014 musimy pami\u0119ta\u0107, gdzie znajduje si\u0119 nasza prawdziwa ska\u0142a.<\/p>\n\n\n\n<p class=\"wp-block-paragraph\"><strong>Nie jest ni\u0105 nasz maj\u0105tek.<\/strong><\/p>\n\n\n\n<p class=\"wp-block-paragraph\"><strong>Nie jest ni\u0105 nasza w\u0142asna si\u0142a.<\/strong><\/p>\n\n\n\n<p class=\"wp-block-paragraph\"><strong>Nie jest ni\u0105 nasza zdolno\u015b\u0107 do kontrolowania wszystkiego.<\/strong><\/p>\n\n\n\n<p class=\"wp-block-paragraph\"><strong>Jest ni\u0105 Chrystus.<\/strong><\/p>\n\n\n\n<p class=\"wp-block-paragraph\">I wychodz\u0105c z tej pewno\u015bci, katolik powinien spojrze\u0107 na cierpi\u0105cego cz\u0142owieka i zbli\u017cy\u0107 si\u0119 do niego.<\/p>\n\n\n\n<p class=\"wp-block-paragraph\">Powinien si\u0119 modli\u0107.<\/p>\n\n\n\n<p class=\"wp-block-paragraph\">Powinien pomaga\u0107.<\/p>\n\n\n\n<p class=\"wp-block-paragraph\">Powinien pociesza\u0107.<\/p>\n\n\n\n<p class=\"wp-block-paragraph\">Powinien ofiarowa\u0107 Msz\u0119 \u015awi\u0119t\u0105 za zmar\u0142ych.<\/p>\n\n\n\n<p class=\"wp-block-paragraph\">Powinien korzysta\u0107 z sakrament\u00f3w.<\/p>\n\n\n\n<p class=\"wp-block-paragraph\">Powinien troszczy\u0107 si\u0119 o \u017cyj\u0105cych.<\/p>\n\n\n\n<p class=\"wp-block-paragraph\">Powinien pami\u0119ta\u0107 o zmar\u0142ych.<\/p>\n\n\n\n<p class=\"wp-block-paragraph\">Powinien odbudowywa\u0107.<\/p>\n\n\n\n<p class=\"wp-block-paragraph\">Powinien mie\u0107 nadziej\u0119.<\/p>\n\n\n\n<p class=\"wp-block-paragraph\">I w ko\u0144cu powinien z\u0142o\u017cy\u0107 wszystko w r\u0119ce Boga.<\/p>\n\n\n\n<p class=\"wp-block-paragraph\">By\u0107 mo\u017ce nie mo\u017cemy zrozumie\u0107, dlaczego ziemia zadr\u017ca\u0142a.<\/p>\n\n\n\n<p class=\"wp-block-paragraph\">Ale wiemy, kto pozostaje, kiedy wszystko zostaje wstrz\u0105\u015bni\u0119te:<\/p>\n\n\n\n<p class=\"wp-block-paragraph\"><strong>Jezus Chrystus, nasza Ska\u0142a, nasz Odkupiciel i nasza nadzieja.<\/strong><\/p>\n\n\n\n<blockquote class=\"wp-block-quote is-layout-flow wp-block-quote-is-layout-flow\">\n<p class=\"wp-block-paragraph\"><strong>\u201eJezus Chrystus wczoraj i dzi\u015b, ten sam tak\u017ce na wieki\u201d<\/strong> (Hbr 13,8).<\/p>\n<\/blockquote>\n\n\n\n<p class=\"wp-block-paragraph\">Kiedy wszystko inne si\u0119 porusza, <strong>On pozostaje.<\/strong><\/p>\n\n\n\n<h2 class=\"wp-block-heading\">Modlitwa za ofiary trz\u0119sienia ziemi<\/h2>\n\n\n\n<p class=\"wp-block-paragraph\"><strong>Panie, nasz Bo\u017ce, Ojcze mi\u0142osierdzia,<\/strong><\/p>\n\n\n\n<p class=\"wp-block-paragraph\"><strong>sk\u0142adamy przed Tob\u0105 wszystkich ludzi, kt\u00f3rzy ucierpieli z powodu tej straszliwej katastrofy.<\/strong><\/p>\n\n\n\n<p class=\"wp-block-paragraph\">Przyjmij do swojego Kr\u00f3lestwa tych, kt\u00f3rzy umarli, i obdarz ich wiecznym odpoczynkiem.<\/p>\n\n\n\n<p class=\"wp-block-paragraph\">Pociesz tych, kt\u00f3rzy op\u0142akuj\u0105 utrat\u0119 swoich bliskich.<\/p>\n\n\n\n<p class=\"wp-block-paragraph\">Umocnij tych, kt\u00f3rzy zostali ranni.<\/p>\n\n\n\n<p class=\"wp-block-paragraph\">Chro\u0144 tych, kt\u00f3rzy wci\u0105\u017c poszukuj\u0105 swoich bliskich.<\/p>\n\n\n\n<p class=\"wp-block-paragraph\">Umocnij ekipy ratunkowe, lekarzy, piel\u0119gniarki, stra\u017cak\u00f3w, policjant\u00f3w, kap\u0142an\u00f3w, wolontariuszy i wszystkich, kt\u00f3rzy pracuj\u0105, aby ul\u017cy\u0107 cierpieniu.<\/p>\n\n\n\n<p class=\"wp-block-paragraph\">Daj swojemu ludowi hojno\u015b\u0107 w dzieleniu si\u0119, si\u0142\u0119 w s\u0142u\u017cbie i cierpliwo\u015b\u0107 w odbudowie.<\/p>\n\n\n\n<p class=\"wp-block-paragraph\">Tym, kt\u00f3rzy stracili swoje domy, daj nadziej\u0119.<\/p>\n\n\n\n<p class=\"wp-block-paragraph\">Tym, kt\u00f3rzy stracili swoje dobra, daj ufno\u015b\u0107.<\/p>\n\n\n\n<p class=\"wp-block-paragraph\">Tym, kt\u00f3rzy stracili ukochan\u0105 osob\u0119, daj pocieszenie swojej obecno\u015bci.<\/p>\n\n\n\n<p class=\"wp-block-paragraph\">A tym, kt\u00f3rzy czuj\u0105 si\u0119 opuszczeni, poka\u017c, \u017ce nigdy nie opuszczasz swoich dzieci.<\/p>\n\n\n\n<p class=\"wp-block-paragraph\">\u015awi\u0119ta Maryjo, Matko Bolesna, Ty, kt\u00f3ra pozosta\u0142a\u015b pod Krzy\u017cem swojego Syna, pozosta\u0144 r\u00f3wnie\u017c przy wszystkich, kt\u00f3rzy dzisiaj p\u0142acz\u0105.<\/p>\n\n\n\n<p class=\"wp-block-paragraph\">Naucz nas pozostawa\u0107 przy tych, kt\u00f3rzy cierpi\u0105.<\/p>\n\n\n\n<p class=\"wp-block-paragraph\">Naucz nas nie szuka\u0107 \u0142atwych wyja\u015bnie\u0144.<\/p>\n\n\n\n<p class=\"wp-block-paragraph\">Naucz nas ufa\u0107, kiedy nie rozumiemy.<\/p>\n\n\n\n<p class=\"wp-block-paragraph\">Naucz nas przemienia\u0107 cierpienie w modlitw\u0119, a modlitw\u0119 w mi\u0142o\u015b\u0107 bli\u017aniego.<\/p>\n\n\n\n<p class=\"wp-block-paragraph\">A kiedy nadejdzie nasza godzina, udziel nam \u0142aski umrze\u0107 w Twojej \u0142asce i osi\u0105gn\u0105\u0107 \u017cycie wieczne.<\/p>\n\n\n\n<p class=\"wp-block-paragraph\"><strong>Przez Chrystusa, Pana naszego.<\/strong><\/p>\n\n\n\n<p class=\"wp-block-paragraph\"><strong>Amen.<\/strong><\/p>\n","protected":false},"excerpt":{"rendered":"<p>Istniej\u0105 do\u015bwiadczenia, kt\u00f3re dziel\u0105 \u017cycie na \u201eprzed\u201d i \u201epo\u201d. Trz\u0119sienie ziemi jest jednym z nich. W ci\u0105gu kilku sekund to, co wydawa\u0142o si\u0119 trwa\u0142e i bezpieczne, mo\u017ce przesta\u0107 takie by\u0107. Dom mo\u017ce zamieni\u0107 si\u0119 w stert\u0119 gruz\u00f3w. Znana ulica mo\u017ce sta\u0107 si\u0119 miejscem nie do poznania. Rodzina mo\u017ce zosta\u0107 rozdzielona. Cz\u0142owiek mo\u017ce straci\u0107 wszystko: sw\u00f3j &hellip;<\/p>\n","protected":false},"author":3,"featured_media":6328,"comment_status":"closed","ping_status":"closed","sticky":false,"template":"","format":"standard","meta":{"_seopress_titles_title":"","_seopress_titles_desc":"","_seopress_robots_index":"","_seopress_robots_follow":"","_seopress_robots_imageindex":"","_seopress_robots_snippet":"","_seopress_robots_primary_cat":"","_seopress_robots_breadcrumbs":"","_seopress_robots_freeze_modified_date":"","_seopress_robots_custom_modified_date":"","_seopress_robots_canonical":"","_seopress_social_fb_title":"","_seopress_social_fb_desc":"","_seopress_social_fb_img":"","_seopress_social_fb_img_attachment_id":0,"_seopress_social_fb_img_width":0,"_seopress_social_fb_img_height":0,"_seopress_social_twitter_title":"","_seopress_social_twitter_desc":"","_seopress_social_twitter_img":"","_seopress_social_twitter_img_attachment_id":0,"_seopress_social_twitter_img_width":0,"_seopress_social_twitter_img_height":0,"_seopress_redirections_value":"","_seopress_redirections_enabled":"","_seopress_redirections_enabled_regex":"","_seopress_redirections_logged_status":"","_seopress_redirections_param":"","_seopress_redirections_type":0,"_seopress_analysis_target_kw":"","footnotes":""},"categories":[66,41],"tags":[1908],"class_list":["post-6327","post","type-post","status-publish","format-standard","has-post-thumbnail","","category-kultura-popularna-i-katolicyzm","category-wiara-i-kultura","tag-katastrofy"],"_links":{"self":[{"href":"https:\/\/catholicus.eu\/pl\/wp-json\/wp\/v2\/posts\/6327","targetHints":{"allow":["GET"]}}],"collection":[{"href":"https:\/\/catholicus.eu\/pl\/wp-json\/wp\/v2\/posts"}],"about":[{"href":"https:\/\/catholicus.eu\/pl\/wp-json\/wp\/v2\/types\/post"}],"author":[{"embeddable":true,"href":"https:\/\/catholicus.eu\/pl\/wp-json\/wp\/v2\/users\/3"}],"replies":[{"embeddable":true,"href":"https:\/\/catholicus.eu\/pl\/wp-json\/wp\/v2\/comments?post=6327"}],"version-history":[{"count":1,"href":"https:\/\/catholicus.eu\/pl\/wp-json\/wp\/v2\/posts\/6327\/revisions"}],"predecessor-version":[{"id":6329,"href":"https:\/\/catholicus.eu\/pl\/wp-json\/wp\/v2\/posts\/6327\/revisions\/6329"}],"wp:featuredmedia":[{"embeddable":true,"href":"https:\/\/catholicus.eu\/pl\/wp-json\/wp\/v2\/media\/6328"}],"wp:attachment":[{"href":"https:\/\/catholicus.eu\/pl\/wp-json\/wp\/v2\/media?parent=6327"}],"wp:term":[{"taxonomy":"category","embeddable":true,"href":"https:\/\/catholicus.eu\/pl\/wp-json\/wp\/v2\/categories?post=6327"},{"taxonomy":"post_tag","embeddable":true,"href":"https:\/\/catholicus.eu\/pl\/wp-json\/wp\/v2\/tags?post=6327"}],"curies":[{"name":"wp","href":"https:\/\/api.w.org\/{rel}","templated":true}]}}