{"id":5900,"date":"2026-05-01T23:13:56","date_gmt":"2026-05-01T21:13:56","guid":{"rendered":"https:\/\/catholicus.eu\/pl\/?p=5900"},"modified":"2026-05-01T23:13:56","modified_gmt":"2026-05-01T21:13:56","slug":"laska-moc-boga-ktora-czyni-cie-prawdziwie-wolnym","status":"publish","type":"post","link":"https:\/\/catholicus.eu\/pl\/laska-moc-boga-ktora-czyni-cie-prawdziwie-wolnym\/","title":{"rendered":"\u0141aska: Moc Boga, Kt\u00f3ra Czyni Ci\u0119 Prawdziwie Wolnym"},"content":{"rendered":"\n<h2 class=\"wp-block-heading\"><em>Nie urodzi\u0142e\u015b si\u0119 po to, by pe\u0142za\u0107 jako niewolnik grzechu, lecz by \u017cy\u0107 w chwalebnej wolno\u015bci dzieci Bo\u017cych<\/em><\/h2>\n\n\n\n<h2 class=\"wp-block-heading\">Wprowadzenie: Wielkie wsp\u00f3\u0142czesne k\u0142amstwo o wolno\u015bci<\/h2>\n\n\n\n<p>\u017byjemy w epoce, kt\u00f3ra nieustannie powtarza uwodzicielsk\u0105, lecz g\u0142\u0119boko b\u0142\u0119dn\u0105 ide\u0119: <em>by\u0107 wolnym znaczy robi\u0107 to, co si\u0119 chce<\/em>.<\/p>\n\n\n\n<p>M\u00f3wi si\u0119 nam, \u017ce wolno\u015b\u0107 oznacza \u0142amanie granic, odrzucanie norm, negowanie ofiary, ignorowanie Boga i przekszta\u0142canie osobistego pragnienia w najwy\u017csze prawo.<\/p>\n\n\n\n<p>Ale ludzkie do\u015bwiadczenie dowodzi czego\u015b przeciwnego.<\/p>\n\n\n\n<p>Cz\u0142owiek, kt\u00f3ry zawsze robi tylko to, czego chce, cz\u0119sto ko\u0144czy jako niewolnik samego siebie: niewolnik swoich impuls\u00f3w, swoich ran, swoich wad, swojego ego, swoich nieuporz\u0105dkowanych nami\u0119tno\u015bci.<\/p>\n\n\n\n<p>Katolicka wizja oferuje prawd\u0119 znacznie g\u0142\u0119bsz\u0105, bardziej wymagaj\u0105c\u0105 i bardziej \u015bwietlan\u0105:<\/p>\n\n\n\n<p><strong>Prawdziwa wolno\u015b\u0107 nie polega na robieniu tego, czego si\u0119 chce, lecz na zdolno\u015bci czynienia dobra, do kt\u00f3rego cz\u0142owiek zosta\u0142 stworzony.<\/strong><\/p>\n\n\n\n<p>I w\u0142a\u015bnie tutaj pojawia si\u0119 ogromna tajemnica <strong>\u0141aski<\/strong>.<\/p>\n\n\n\n<p>\u0141aska nie jest abstrakcyjnym poj\u0119ciem, bezosobow\u0105 energi\u0105 ani powierzchownym \u201eb\u0142ogos\u0142awie\u0144stwem\u201d.<br>\u0141aska jest samym \u017cyciem Boga wlanym w ludzk\u0105 dusz\u0119, aby j\u0105 uzdrowi\u0107, wynie\u015b\u0107, przemieni\u0107 i poprowadzi\u0107 cz\u0142owieka ku jego nadprzyrodzonemu spe\u0142nieniu.<\/p>\n\n\n\n<p>\u0141aska nie niszczy twojej wolno\u015bci:<br><strong>ratuje j\u0105, oczyszcza i udoskonala.<\/strong><\/p>\n\n\n\n<p>Jak naucza \u015bwi\u0119ty Pawe\u0142:<\/p>\n\n\n\n<blockquote class=\"wp-block-quote is-layout-flow wp-block-quote-is-layout-flow\">\n<p><strong>\u201eKu wolno\u015bci wyswobodzi\u0142 nas Chrystus\u201d<\/strong> (Galat\u00f3w 5,1).<\/p>\n<\/blockquote>\n\n\n\n<p>Ten artyku\u0142 ma na celu rygorystyczne zg\u0142\u0119bienie jednego z najwa\u017cniejszych filar\u00f3w ca\u0142ej teologii katolickiej: \u0142aski, tej Bo\u017cej pomocy, bez kt\u00f3rej cz\u0142owiek nigdy nie zrozumie w pe\u0142ni samego siebie ani nie osi\u0105gnie swojego wiecznego przeznaczenia.<\/p>\n\n\n\n<hr class=\"wp-block-separator has-alpha-channel-opacity\"\/>\n\n\n\n<h1 class=\"wp-block-heading\">I. Ludzka krucho\u015b\u0107: Cz\u0142owiek zraniony, kt\u00f3ry potrzebuje podniesienia<\/h1>\n\n\n\n<h2 class=\"wp-block-heading\">Stworzony do wielko\u015bci<\/h2>\n\n\n\n<p>B\u00f3g stworzy\u0142 cz\u0142owieka w stanie pierwotnej sprawiedliwo\u015bci.<br>Adam i Ewa zostali stworzeni w przyja\u017ani z Bogiem, w wewn\u0119trznej harmonii, bez cierpienia moralnego, bez \u015bmierci, bez grzechu, z natur\u0105 w\u0142a\u015bciwie uporz\u0105dkowan\u0105.<\/p>\n\n\n\n<p>Cz\u0142owiek by\u0142 wolny, ale nie autonomiczny.<br>Z mi\u0142o\u015bci\u0105 zale\u017ca\u0142 od swojego Stw\u00f3rcy.<\/p>\n\n\n\n<h2 class=\"wp-block-heading\">Rana grzechu pierworodnego<\/h2>\n\n\n\n<p>Wraz z Upadkiem ludzko\u015b\u0107 nie zosta\u0142a zniszczona, lecz g\u0142\u0119boko zraniona.<\/p>\n\n\n\n<p>Ko\u015bci\u00f3\u0142 naucza, \u017ce natura ludzka zosta\u0142a dotkni\u0119ta w czterech wielkich wymiarach:<\/p>\n\n\n\n<h3 class=\"wp-block-heading\">1. Zaciemniony rozum<\/h3>\n\n\n\n<p>Cz\u0142owiek nie widzi ju\u017c jasno.<br>Myli prawd\u0119 z opini\u0105, dobro z przyjemno\u015bci\u0105, wolno\u015b\u0107 z kaprysem.<\/p>\n\n\n\n<h3 class=\"wp-block-heading\">2. Os\u0142abiona wola<\/h3>\n\n\n\n<p>Cz\u0119sto wiemy, co jest s\u0142uszne\u2026 ale tego nie czynimy.<\/p>\n\n\n\n<p>\u015awi\u0119ty Pawe\u0142 wyrazi\u0142 to z brutalnym realizmem:<\/p>\n\n\n\n<blockquote class=\"wp-block-quote is-layout-flow wp-block-quote-is-layout-flow\">\n<p><strong>\u201eNie czyni\u0119 dobra, kt\u00f3rego chc\u0119, ale czyni\u0119 z\u0142o, kt\u00f3rego nie chc\u0119\u201d<\/strong> (Rzymian 7,19).<\/p>\n<\/blockquote>\n\n\n\n<h3 class=\"wp-block-heading\">3. Nieuporz\u0105dkowana sfera uczu\u0107<\/h3>\n\n\n\n<p>Nami\u0119tno\u015bci, pragnienia, l\u0119ki, pycha, zmys\u0142owo\u015b\u0107.<\/p>\n\n\n\n<h3 class=\"wp-block-heading\">4. \u015amiertelno\u015b\u0107 i cierpienie<\/h3>\n\n\n\n<p>Cia\u0142o ulega rozk\u0142adowi, choruje i umiera.<\/p>\n\n\n\n<h2 class=\"wp-block-heading\">Wsp\u00f3\u0142czesna krucho\u015b\u0107<\/h2>\n\n\n\n<p>Dzi\u015b ta rana objawia si\u0119 dramatycznie poprzez:<\/p>\n\n\n\n<ul class=\"wp-block-list\">\n<li>uzale\u017cnienia,<\/li>\n\n\n\n<li>l\u0119k,<\/li>\n\n\n\n<li>nihilizm,<\/li>\n\n\n\n<li>pornografi\u0119,<\/li>\n\n\n\n<li>indywidualizm,<\/li>\n\n\n\n<li>rozpacz,<\/li>\n\n\n\n<li>kryzys to\u017csamo\u015bci.<\/li>\n<\/ul>\n\n\n\n<p>Wsp\u00f3\u0142czesny cz\u0142owiek posiada zaawansowan\u0105 technologi\u0119, ale cz\u0119sto zrujnowan\u0105 dusz\u0119.<\/p>\n\n\n\n<p>Doktryna katolicka nie upokarza cz\u0142owieka, m\u00f3wi\u0105c o jego krucho\u015bci; przeciwnie:<br><strong>wyja\u015bnia, dlaczego nawet pragn\u0105c dobra, tak cz\u0119sto upada.<\/strong><\/p>\n\n\n\n<hr class=\"wp-block-separator has-alpha-channel-opacity\"\/>\n\n\n\n<h1 class=\"wp-block-heading\">II. \u0141aska i grzech: Dwa stany, dwie drogi, dwa przeznaczenia<\/h1>\n\n\n\n<h2 class=\"wp-block-heading\">Po\u017c\u0105dliwo\u015b\u0107: wewn\u0119trzna sk\u0142onno\u015b\u0107 do nie\u0142adu<\/h2>\n\n\n\n<p>Po grzechu pierworodnym pozostaje wewn\u0119trzna tendencja ku z\u0142u. Sama w sobie nie jest grzechem, ale sk\u0142ania do grzechu.<\/p>\n\n\n\n<p>To nieustanna walka.<\/p>\n\n\n\n<h2 class=\"wp-block-heading\">Stan grzechu<\/h2>\n\n\n\n<p>\u017by\u0107 w grzechu \u015bmiertelnym oznacza dobrowolnie zerwa\u0107 przyja\u017a\u0144 z Bogiem w powa\u017cnej materii, z pe\u0142n\u0105 \u015bwiadomo\u015bci\u0105 i zgod\u0105.<\/p>\n\n\n\n<p>Konsekwencje:<\/p>\n\n\n\n<ul class=\"wp-block-list\">\n<li>utrata \u0142aski u\u015bwi\u0119caj\u0105cej,<\/li>\n\n\n\n<li>duchowe zaciemnienie,<\/li>\n\n\n\n<li>g\u0142\u0119boki smutek,<\/li>\n\n\n\n<li>wewn\u0119trzne zniewolenie,<\/li>\n\n\n\n<li>moralne os\u0142abienie.<\/li>\n<\/ul>\n\n\n\n<p>Chrystus by\u0142 radykalny:<\/p>\n\n\n\n<blockquote class=\"wp-block-quote is-layout-flow wp-block-quote-is-layout-flow\">\n<p><strong>\u201eKa\u017cdy, kto pope\u0142nia grzech, jest niewolnikiem grzechu\u201d<\/strong> (Jana 8,34).<\/p>\n<\/blockquote>\n\n\n\n<h2 class=\"wp-block-heading\">Stan \u0142aski<\/h2>\n\n\n\n<p>To \u017cycie w przyja\u017ani z Bogiem.<br>Nie oznacza absolutnej doskona\u0142o\u015bci, lecz \u017cyw\u0105 komuni\u0119 z Nim.<\/p>\n\n\n\n<p>Owoce:<\/p>\n\n\n\n<ul class=\"wp-block-list\">\n<li>pok\u00f3j,<\/li>\n\n\n\n<li>si\u0142a,<\/li>\n\n\n\n<li>rozw\u00f3j duchowy,<\/li>\n\n\n\n<li>nadprzyrodzona zdolno\u015b\u0107,<\/li>\n\n\n\n<li>g\u0142\u0119boka rado\u015b\u0107.<\/li>\n<\/ul>\n\n\n\n<p>\u0141aska czyni dusz\u0119 \u015bwi\u0105tyni\u0105 Boga.<\/p>\n\n\n\n<hr class=\"wp-block-separator has-alpha-channel-opacity\"\/>\n\n\n\n<h1 class=\"wp-block-heading\">III. \u0141aska u\u015bwi\u0119caj\u0105ca: Boskie \u017cycie w duszy<\/h1>\n\n\n\n<h2 class=\"wp-block-heading\">Czym jest?<\/h2>\n\n\n\n<p>\u0141aska u\u015bwi\u0119caj\u0105ca jest trwa\u0142ym, nadprzyrodzonym darem wlanym przez Boga w dusz\u0119, czyni\u0105cym nas uczestnikami Jego Boskiej natury.<\/p>\n\n\n\n<p>To nie symbolika.<br>To nadprzyrodzona rzeczywisto\u015b\u0107.<\/p>\n\n\n\n<blockquote class=\"wp-block-quote is-layout-flow wp-block-quote-is-layout-flow\">\n<p><strong>\u201eStali\u015bmy si\u0119 uczestnikami Boskiej natury\u201d<\/strong> (2 Piotra 1,4).<\/p>\n<\/blockquote>\n\n\n\n<h2 class=\"wp-block-heading\">Skutki<\/h2>\n\n\n\n<h3 class=\"wp-block-heading\">1. G\u0142adzi grzech \u015bmiertelny (gdy zostaje przywr\u00f3cona przez spowied\u017a)<\/h3>\n\n\n\n<h3 class=\"wp-block-heading\">2. Czyni nas przybranymi dzie\u0107mi Boga<\/h3>\n\n\n\n<h3 class=\"wp-block-heading\">3. Daje nam prawo do \u017cycia wiecznego<\/h3>\n\n\n\n<h3 class=\"wp-block-heading\">4. Sprawia, \u017ce Tr\u00f3jca \u015awi\u0119ta zamieszkuje w duszy<\/h3>\n\n\n\n<h2 class=\"wp-block-heading\">Wzrost w \u0142asce<\/h2>\n\n\n\n<p>\u0141aska mo\u017ce wzrasta\u0107 poprzez:<\/p>\n\n\n\n<ul class=\"wp-block-list\">\n<li>modlitw\u0119,<\/li>\n\n\n\n<li>mi\u0142o\u015b\u0107,<\/li>\n\n\n\n<li>ofiar\u0119,<\/li>\n\n\n\n<li>sakramenty,<\/li>\n\n\n\n<li>wierno\u015b\u0107.<\/li>\n<\/ul>\n\n\n\n<p>Tutaj pojawia si\u0119 zasada <strong>ex opere operantis<\/strong>:<br>osobiste usposobienie ma znaczenie.<\/p>\n\n\n\n<p>Dwie osoby mog\u0105 przyj\u0105\u0107 ten sam sakrament, ale nie z takim samym duchowym owocem.<\/p>\n\n\n\n<hr class=\"wp-block-separator has-alpha-channel-opacity\"\/>\n\n\n\n<h1 class=\"wp-block-heading\">IV. \u0141aska sakramentalna: Chrystus dzia\u0142aj\u0105cy dzisiaj<\/h1>\n\n\n\n<h2 class=\"wp-block-heading\">Sakramenty nie s\u0105 pustymi symbolami<\/h2>\n\n\n\n<p>S\u0105 skutecznymi znakami ustanowionymi przez Chrystusa, aby przekazywa\u0107 \u0142ask\u0119.<\/p>\n\n\n\n<h3 class=\"wp-block-heading\">Ex opere operato<\/h3>\n\n\n\n<p>Oznacza to, \u017ce sakrament udziela \u0142aski przez samo dzia\u0142anie Chrystusa, o ile nie ma powa\u017cnej przeszkody.<\/p>\n\n\n\n<h2 class=\"wp-block-heading\">Ka\u017cdy sakrament ma szczeg\u00f3ln\u0105 misj\u0119<\/h2>\n\n\n\n<h3 class=\"wp-block-heading\">Chrzest<\/h3>\n\n\n\n<ul class=\"wp-block-list\">\n<li>g\u0142adzi grzech pierworodny,<\/li>\n\n\n\n<li>wszczepia w Chrystusa.<\/li>\n<\/ul>\n\n\n\n<h3 class=\"wp-block-heading\">Bierzmowanie<\/h3>\n\n\n\n<ul class=\"wp-block-list\">\n<li>umacnia do duchowej walki.<\/li>\n<\/ul>\n\n\n\n<h3 class=\"wp-block-heading\">Eucharystia<\/h3>\n\n\n\n<ul class=\"wp-block-list\">\n<li>jednoczy g\u0142\u0119boko z Chrystusem.<\/li>\n<\/ul>\n\n\n\n<blockquote class=\"wp-block-quote is-layout-flow wp-block-quote-is-layout-flow\">\n<p><strong>\u201eKto spo\u017cywa moje Cia\u0142o i pije moj\u0105 Krew, trwa we Mnie\u201d<\/strong> (Jana 6,56).<\/p>\n<\/blockquote>\n\n\n\n<h3 class=\"wp-block-heading\">Pokuta<\/h3>\n\n\n\n<ul class=\"wp-block-list\">\n<li>przywraca utracon\u0105 \u0142ask\u0119.<\/li>\n<\/ul>\n\n\n\n<h3 class=\"wp-block-heading\">Namaszczenie<\/h3>\n\n\n\n<ul class=\"wp-block-list\">\n<li>umacnia w chorobie.<\/li>\n<\/ul>\n\n\n\n<h3 class=\"wp-block-heading\">Ma\u0142\u017ce\u0144stwo<\/h3>\n\n\n\n<ul class=\"wp-block-list\">\n<li>u\u015bwi\u0119ca mi\u0142o\u015b\u0107 ma\u0142\u017ce\u0144sk\u0105.<\/li>\n<\/ul>\n\n\n\n<h3 class=\"wp-block-heading\">Kap\u0142a\u0144stwo<\/h3>\n\n\n\n<ul class=\"wp-block-list\">\n<li>upodabnia do Chrystusa Kap\u0142ana.<\/li>\n<\/ul>\n\n\n\n<hr class=\"wp-block-separator has-alpha-channel-opacity\"\/>\n\n\n\n<h1 class=\"wp-block-heading\">V. \u0141aski aktualne: Konkretna pomoc w decyduj\u0105cych chwilach<\/h1>\n\n\n\n<p>S\u0105 to szczeg\u00f3lne interwencje Boga, aby o\u015bwieci\u0107 rozum i umocni\u0107 wol\u0119 w okre\u015blonych okoliczno\u015bciach.<\/p>\n\n\n\n<p>Przyk\u0142ady:<\/p>\n\n\n\n<ul class=\"wp-block-list\">\n<li>op\u00f3r wobec pokusy,<\/li>\n\n\n\n<li>przebaczenie zdrady,<\/li>\n\n\n\n<li>przyj\u0119cie krzy\u017ca,<\/li>\n\n\n\n<li>nawr\u00f3cenie,<\/li>\n\n\n\n<li>wytrwa\u0142o\u015b\u0107.<\/li>\n<\/ul>\n\n\n\n<p>Wiele radykalnych nawr\u00f3ce\u0144 rodzi si\u0119 z \u0142aski aktualnej.<\/p>\n\n\n\n<p>\u015awi\u0119ty Augustyn, kt\u00f3ry szuka\u0142 siebie w niew\u0142a\u015bciwych miejscach, zosta\u0142 \u015bwi\u0119tym, poniewa\u017c B\u00f3g wkroczy\u0142 w jego \u017cycie.<\/p>\n\n\n\n<h2 class=\"wp-block-heading\">Wa\u017cne:<\/h2>\n\n\n\n<p>\u0141aska aktualna nie znosi wolno\u015bci.<br>Porusza j\u0105, zaprasza, umacnia.<\/p>\n\n\n\n<hr class=\"wp-block-separator has-alpha-channel-opacity\"\/>\n\n\n\n<h1 class=\"wp-block-heading\">VI. Cnoty: Gdy \u0142aska przemienia nawyki<\/h1>\n\n\n\n<p>\u0141aska nie zast\u0119puje ludzkiego wysi\u0142ku; ona go wynosi.<\/p>\n\n\n\n<h2 class=\"wp-block-heading\">Cnoty teologalne<\/h2>\n\n\n\n<h3 class=\"wp-block-heading\">Wiara<\/h3>\n\n\n\n<p>Wierzy\u0107 Bogu.<\/p>\n\n\n\n<h3 class=\"wp-block-heading\">Nadzieja<\/h3>\n\n\n\n<p>Ufa\u0107 nawet w nocy.<\/p>\n\n\n\n<h3 class=\"wp-block-heading\">Mi\u0142o\u015b\u0107<\/h3>\n\n\n\n<p>Kocha\u0107 tak, jak kocha B\u00f3g.<\/p>\n\n\n\n<blockquote class=\"wp-block-quote is-layout-flow wp-block-quote-is-layout-flow\">\n<p><strong>\u201eTak wi\u0119c trwaj\u0105 wiara, nadzieja i mi\u0142o\u015b\u0107 \u2014 te trzy; z nich za\u015b najwi\u0119ksza jest mi\u0142o\u015b\u0107\u201d<\/strong> (1 Koryntian 13,13).<\/p>\n<\/blockquote>\n\n\n\n<h2 class=\"wp-block-heading\">Cnoty kardynalne<\/h2>\n\n\n\n<h3 class=\"wp-block-heading\">Roztropno\u015b\u0107<\/h3>\n\n\n\n<p>Wybiera\u0107 w\u0142a\u015bciwie.<\/p>\n\n\n\n<h3 class=\"wp-block-heading\">Sprawiedliwo\u015b\u0107<\/h3>\n\n\n\n<p>Oddawa\u0107 ka\u017cdemu to, co mu si\u0119 nale\u017cy.<\/p>\n\n\n\n<h3 class=\"wp-block-heading\">M\u0119stwo<\/h3>\n\n\n\n<p>Wytrwa\u0107.<\/p>\n\n\n\n<h3 class=\"wp-block-heading\">Umiarkowanie<\/h3>\n\n\n\n<p>Panowa\u0107 nad pragnieniami.<\/p>\n\n\n\n<h2 class=\"wp-block-heading\">Wsp\u00f3\u0142czesny \u015bwiat myli wolno\u015b\u0107 z brakiem dyscypliny.<\/h2>\n\n\n\n<p>Ko\u015bci\u00f3\u0142 naucza, \u017ce bez cnoty nie ma prawdziwej wolno\u015bci.<\/p>\n\n\n\n<p>Cz\u0142owiek zdominowany przez swoje impulsy nie jest wolny.<\/p>\n\n\n\n<hr class=\"wp-block-separator has-alpha-channel-opacity\"\/>\n\n\n\n<h1 class=\"wp-block-heading\">VII. Ofiara: Zapomniana droga do wolno\u015bci<\/h1>\n\n\n\n<h2 class=\"wp-block-heading\">Wsp\u00f3\u0142czesny skandal ofiary<\/h2>\n\n\n\n<p>Nasza kultura ub\u00f3stwia wygod\u0119, natychmiastow\u0105 przyjemno\u015b\u0107 i ucieczk\u0119.<\/p>\n\n\n\n<p>Ale Chrystus powiedzia\u0142:<\/p>\n\n\n\n<blockquote class=\"wp-block-quote is-layout-flow wp-block-quote-is-layout-flow\">\n<p><strong>\u201eJe\u015bli kto chce p\u00f3j\u015b\u0107 za Mn\u0105, niech si\u0119 zaprze samego siebie, niech co dnia bierze sw\u00f3j krzy\u017c i niech Mnie na\u015bladuje\u201d<\/strong> (\u0141ukasza 9,23).<\/p>\n<\/blockquote>\n\n\n\n<h2 class=\"wp-block-heading\">Chrze\u015bcija\u0144ska ofiara nie jest autodestrukcj\u0105<\/h2>\n\n\n\n<p>Jest treningiem duszy.<\/p>\n\n\n\n<h3 class=\"wp-block-heading\">Obejmuje:<\/h3>\n\n\n\n<h2 class=\"wp-block-heading\">1. Panowanie nad sob\u0105<\/h2>\n\n\n\n<p>Nie \u017cy\u0107 wed\u0142ug kaprys\u00f3w.<\/p>\n\n\n\n<h2 class=\"wp-block-heading\">2. Walk\u0119 ze z\u0142em<\/h2>\n\n\n\n<p>Odcinanie okazji do grzechu.<\/p>\n\n\n\n<h2 class=\"wp-block-heading\">3. D\u0105\u017cenie do dobra<\/h2>\n\n\n\n<p>Wzrastanie w cnocie, szerzenie pokoju i pozostawienie \u015bwiata lepszym, ni\u017c go zastali\u015bmy.<\/p>\n\n\n\n<p>Ofiara wyzwala, poniewa\u017c zrywa wewn\u0119trzne kajdany.<\/p>\n\n\n\n<p>Post, modlitwa, pokuta, dyscyplina\u2026 nie s\u0105 karami, lecz duchowym lekarstwem.<\/p>\n\n\n\n<hr class=\"wp-block-separator has-alpha-channel-opacity\"\/>\n\n\n\n<h1 class=\"wp-block-heading\">VIII. \u0141aska we wsp\u00f3\u0142czesnym \u015bwiecie: Pilna potrzeba duszpasterska<\/h1>\n\n\n\n<p>Dzi\u015b wielu ochrzczonych \u017cyje tak, jakby \u0142aska nie istnia\u0142a.<\/p>\n\n\n\n<h2 class=\"wp-block-heading\">Zast\u0119puj\u0105 j\u0105:<\/h2>\n\n\n\n<ul class=\"wp-block-list\">\n<li>samopomoc,<\/li>\n\n\n\n<li>psychologia bez transcendencji,<\/li>\n\n\n\n<li>relatywizm,<\/li>\n\n\n\n<li>pusta duchowo\u015b\u0107.<\/li>\n<\/ul>\n\n\n\n<p>Ale \u017cadna ludzka technika nie mo\u017ce zast\u0105pi\u0107 Boskiego \u017cycia.<\/p>\n\n\n\n<h2 class=\"wp-block-heading\">Wielki kryzys nie jest polityczny, ekonomiczny ani klimatyczny.<\/h2>\n\n\n\n<p>Jest duchowy.<\/p>\n\n\n\n<p>Gdy \u0142aska zostaje utracona:<\/p>\n\n\n\n<ul class=\"wp-block-list\">\n<li>grzech jest banalizowany,<\/li>\n\n\n\n<li>rodzina zostaje zniszczona,<\/li>\n\n\n\n<li>liturgia pustoszeje,<\/li>\n\n\n\n<li>mi\u0142o\u015b\u0107 stygnie.<\/li>\n<\/ul>\n\n\n\n<hr class=\"wp-block-separator has-alpha-channel-opacity\"\/>\n\n\n\n<h1 class=\"wp-block-heading\">IX. Praktyczny przewodnik: Jak \u017cy\u0107 w \u0142asce<\/h1>\n\n\n\n<h2 class=\"wp-block-heading\">1. Cz\u0119sta spowied\u017a<\/h2>\n\n\n\n<p>Nie tylko wtedy, gdy jest \u201enaprawd\u0119 \u017ale\u201d.<\/p>\n\n\n\n<h2 class=\"wp-block-heading\">2. Godne przyjmowanie Eucharystii<\/h2>\n\n\n\n<p>Najwy\u017csze \u017ar\u00f3d\u0142o \u0142aski.<\/p>\n\n\n\n<h2 class=\"wp-block-heading\">3. Codzienna modlitwa<\/h2>\n\n\n\n<p>Bez modlitwy nasza wsp\u00f3\u0142praca z \u0142ask\u0105 s\u0142abnie.<\/p>\n\n\n\n<h2 class=\"wp-block-heading\">4. Konkretne \u017cycie moralne<\/h2>\n\n\n\n<p>Unika\u0107 grzechu \u015bmiertelnego.<\/p>\n\n\n\n<h2 class=\"wp-block-heading\">5. Dobrowolna ofiara<\/h2>\n\n\n\n<p>Post, porz\u0105dek, dyscyplina.<\/p>\n\n\n\n<h2 class=\"wp-block-heading\">6. Pobo\u017cno\u015b\u0107 maryjna<\/h2>\n\n\n\n<p>Maryja prowadzi do \u0142aski, poniewa\u017c prowadzi do Chrystusa.<\/p>\n\n\n\n<hr class=\"wp-block-separator has-alpha-channel-opacity\"\/>\n\n\n\n<h1 class=\"wp-block-heading\">X. Zako\u0144czenie: \u0141aska niczego ci nie odbiera \u2014 oddaje ci ciebie samego<\/h1>\n\n\n\n<p>Tragedi\u0105 cz\u0142owieka nie jest po prostu cierpienie.<br>Jest ni\u0105 \u017cycie z dala od Boga przy jednoczesnym przekonaniu o w\u0142asnej wolno\u015bci.<\/p>\n\n\n\n<p>Bez \u0142aski wolno\u015b\u0107 ulega zniekszta\u0142ceniu.<br>Z \u0142ask\u0105 wolno\u015b\u0107 rozkwita.<\/p>\n\n\n\n<p>\u0141aska nie usuwa twojej osobowo\u015bci; uzdrawia j\u0105.<br>Nie niszczy twoich pragnie\u0144; porz\u0105dkuje je.<br>Nie gasi twojego cz\u0142owiecze\u0144stwa; przeb\u00f3stwia je.<\/p>\n\n\n\n<p>W spo\u0142ecze\u0144stwie, kt\u00f3re obiecuje wolno\u015b\u0107, a jednocze\u015bnie mno\u017cy niewole, Ko\u015bci\u00f3\u0142 nadal g\u0142osi odwieczn\u0105 prawd\u0119:<\/p>\n\n\n\n<h2 class=\"wp-block-heading\">Tylko \u0142aska czyni cz\u0142owieka prawdziwie wolnym.<\/h2>\n\n\n\n<p>Poniewa\u017c najwi\u0119ksza niewola nie jest polityczna.<br>Jest duchowa.<\/p>\n\n\n\n<p>A najwi\u0119ksze wyzwolenie nie polega na robieniu tego, co si\u0119 chce.<br>Polega na zdolno\u015bci kochania dobra.<\/p>\n\n\n\n<h2 class=\"wp-block-heading\">Dzi\u015b pytanie nie brzmi: czy jeste\u015b wolny, by wybra\u0107 cokolwiek.<\/h2>\n\n\n\n<h2 class=\"wp-block-heading\">Prawdziwe pytanie brzmi: Czy jeste\u015b wolny, by wybra\u0107 Boga?<\/h2>\n\n\n\n<blockquote class=\"wp-block-quote is-layout-flow wp-block-quote-is-layout-flow\">\n<p><strong>\u201eGdzie jest Duch Pa\u0144ski \u2014 tam wolno\u015b\u0107\u201d<\/strong> (2 Koryntian 3,17).<\/p>\n<\/blockquote>\n","protected":false},"excerpt":{"rendered":"<p>Nie urodzi\u0142e\u015b si\u0119 po to, by pe\u0142za\u0107 jako niewolnik grzechu, lecz by \u017cy\u0107 w chwalebnej wolno\u015bci dzieci Bo\u017cych Wprowadzenie: Wielkie wsp\u00f3\u0142czesne k\u0142amstwo o wolno\u015bci \u017byjemy w epoce, kt\u00f3ra nieustannie powtarza uwodzicielsk\u0105, lecz g\u0142\u0119boko b\u0142\u0119dn\u0105 ide\u0119: by\u0107 wolnym znaczy robi\u0107 to, co si\u0119 chce. M\u00f3wi si\u0119 nam, \u017ce wolno\u015b\u0107 oznacza \u0142amanie granic, odrzucanie norm, negowanie ofiary, &hellip;<\/p>\n","protected":false},"author":3,"featured_media":5901,"comment_status":"closed","ping_status":"closed","sticky":false,"template":"","format":"standard","meta":{"_seopress_robots_primary_cat":"","_seopress_titles_title":"","_seopress_titles_desc":"","_seopress_robots_index":"","footnotes":""},"categories":[37,43],"tags":[360],"class_list":["post-5900","post","type-post","status-publish","format-standard","has-post-thumbnail","","category-doktryna-i-wiara","category-katechizm-kosciola-katolickiego","tag-laska"],"_links":{"self":[{"href":"https:\/\/catholicus.eu\/pl\/wp-json\/wp\/v2\/posts\/5900","targetHints":{"allow":["GET"]}}],"collection":[{"href":"https:\/\/catholicus.eu\/pl\/wp-json\/wp\/v2\/posts"}],"about":[{"href":"https:\/\/catholicus.eu\/pl\/wp-json\/wp\/v2\/types\/post"}],"author":[{"embeddable":true,"href":"https:\/\/catholicus.eu\/pl\/wp-json\/wp\/v2\/users\/3"}],"replies":[{"embeddable":true,"href":"https:\/\/catholicus.eu\/pl\/wp-json\/wp\/v2\/comments?post=5900"}],"version-history":[{"count":1,"href":"https:\/\/catholicus.eu\/pl\/wp-json\/wp\/v2\/posts\/5900\/revisions"}],"predecessor-version":[{"id":5902,"href":"https:\/\/catholicus.eu\/pl\/wp-json\/wp\/v2\/posts\/5900\/revisions\/5902"}],"wp:featuredmedia":[{"embeddable":true,"href":"https:\/\/catholicus.eu\/pl\/wp-json\/wp\/v2\/media\/5901"}],"wp:attachment":[{"href":"https:\/\/catholicus.eu\/pl\/wp-json\/wp\/v2\/media?parent=5900"}],"wp:term":[{"taxonomy":"category","embeddable":true,"href":"https:\/\/catholicus.eu\/pl\/wp-json\/wp\/v2\/categories?post=5900"},{"taxonomy":"post_tag","embeddable":true,"href":"https:\/\/catholicus.eu\/pl\/wp-json\/wp\/v2\/tags?post=5900"}],"curies":[{"name":"wp","href":"https:\/\/api.w.org\/{rel}","templated":true}]}}