{"id":5870,"date":"2026-04-29T22:03:36","date_gmt":"2026-04-29T20:03:36","guid":{"rendered":"https:\/\/catholicus.eu\/pl\/?p=5870"},"modified":"2026-04-29T22:03:37","modified_gmt":"2026-04-29T20:03:37","slug":"o-dziewiatym-artykule-credo-wierze-w-swiety-kosciol-powszechny-swietych-obcowanie","status":"publish","type":"post","link":"https:\/\/catholicus.eu\/pl\/o-dziewiatym-artykule-credo-wierze-w-swiety-kosciol-powszechny-swietych-obcowanie\/","title":{"rendered":"O dziewi\u0105tym artykule Credo: \u201eWierz\u0119 w \u015bwi\u0119ty Ko\u015bci\u00f3\u0142 powszechny, \u015bwi\u0119tych obcowanie\u201d"},"content":{"rendered":"\n<p>Kiedy odmawiamy Credo podczas Mszy \u015awi\u0119tej, cz\u0119sto wypowiadamy jego s\u0142owa z przyzwyczajeniem, niemal z pami\u0119ci, nie zatrzymuj\u0105c si\u0119, aby rozwa\u017cy\u0107 ogromne bogactwo, kt\u00f3re w sobie zawieraj\u0105. A przecie\u017c ka\u017cdy artyku\u0142 Credo kryje w sobie ocean prawdy, \u0142aski i \u017cycia duchowego.<\/p>\n\n\n\n<p>Jednym z najg\u0142\u0119bszych, a zarazem najbardziej niezrozumianych w naszych czasach, jest artyku\u0142 dziewi\u0105ty:<\/p>\n\n\n\n<p><strong>\u201eWierz\u0119 w \u015bwi\u0119ty Ko\u015bci\u00f3\u0142 powszechny, \u015bwi\u0119tych obcowanie.\u201d<\/strong><\/p>\n\n\n\n<p>\u017byjemy w epoce, w kt\u00f3rej wielu m\u00f3wi: \u201eWierz\u0119 w Boga, ale nie w Ko\u015bci\u00f3\u0142\u201d, a nawet: \u201eNie potrzebuj\u0119 Ko\u015bcio\u0142a, aby si\u0119 zbawi\u0107\u201d. Taka mentalno\u015b\u0107, tak rozpowszechniona dzisiaj, ujawnia powa\u017cn\u0105 utrat\u0119 zmys\u0142u nadprzyrodzonego.<\/p>\n\n\n\n<p>Chrystus nie przyszed\u0142 jedynie po to, aby pozostawi\u0107 nauk\u0119, ani tylko zbi\u00f3r warto\u015bci moralnych. Chrystus przyszed\u0142, aby za\u0142o\u017cy\u0107 Ko\u015bci\u00f3\u0142. Nie zostawi\u0142 jedynie ksi\u0119gi jako jedynego przewodnika; pozostawi\u0142 widzialn\u0105 spo\u0142eczno\u015b\u0107, nadprzyrodzon\u0105 rodzin\u0119, \u015bwi\u0119t\u0105 Oblubienic\u0119, bezpieczn\u0105 ark\u0119 po\u015br\u00f3d potopu \u015bwiata.<\/p>\n\n\n\n<p>M\u00f3wi\u0107 o Ko\u015bciele nie znaczy m\u00f3wi\u0107 o jeszcze jednej ludzkiej instytucji. To znaczy m\u00f3wi\u0107 o Mistycznym Ciele Chrystusa.<\/p>\n\n\n\n<p>A zrozumienie tego ca\u0142kowicie zmienia \u017cycie chrze\u015bcija\u0144skie.<\/p>\n\n\n\n<hr class=\"wp-block-separator has-alpha-channel-opacity\"\/>\n\n\n\n<h1 class=\"wp-block-heading\">1. Czego uczy nas ten artyku\u0142 Credo?<\/h1>\n\n\n\n<p>Dziewi\u0105ty artyku\u0142 uczy nas, \u017ce Jezus Chrystus za\u0142o\u017cy\u0142 na ziemi widzialn\u0105 spo\u0142eczno\u015b\u0107, kt\u00f3ra nazywa si\u0119 Ko\u015bcio\u0142em Katolickim, i \u017ce wszyscy, kt\u00f3rzy nale\u017c\u0105 do tego Ko\u015bcio\u0142a, pozostaj\u0105 ze sob\u0105 w prawdziwej komunii duchowej.<\/p>\n\n\n\n<p>Nie chodzi o ide\u0119 abstrakcyjn\u0105 ani o zwyk\u0142e religijne uczucie.<\/p>\n\n\n\n<p>Ko\u015bci\u00f3\u0142 jest rzeczywisty.<\/p>\n\n\n\n<p>Widzialny.<\/p>\n\n\n\n<p>Konkretny.<\/p>\n\n\n\n<p>Ma doktryn\u0119, sakramenty, hierarchi\u0119, w\u0142adz\u0119 i misj\u0119.<\/p>\n\n\n\n<p>Nie jest \u201eniewidzialnym Ko\u015bcio\u0142em\u201d, z\u0142o\u017conym jedynie z tych, kt\u00f3rzy \u201eczuj\u0105 Boga w swoim sercu\u201d, jak twierdz\u0105 niekt\u00f3re wsp\u00f3\u0142czesne b\u0142\u0119dy. Nasz Pan chcia\u0142 Ko\u015bcio\u0142a widzialnego, rozpoznawalnego, mo\u017cliwego do wskazania.<\/p>\n\n\n\n<p>Tak jak S\u0142owo sta\u0142o si\u0119 cia\u0142em i by\u0142o widzialne po\u015br\u00f3d nas, tak r\u00f3wnie\u017c Jego Ko\u015bci\u00f3\u0142 posiada wymiar widzialny i konkretny.<\/p>\n\n\n\n<p>Chrystus nie za\u0142o\u017cy\u0142 wielu ko\u015bcio\u0142\u00f3w.<\/p>\n\n\n\n<p>Za\u0142o\u017cy\u0142 tylko jeden.<\/p>\n\n\n\n<p>I ten Ko\u015bci\u00f3\u0142 trwa w Ko\u015bciele Katolickim.<\/p>\n\n\n\n<hr class=\"wp-block-separator has-alpha-channel-opacity\"\/>\n\n\n\n<h1 class=\"wp-block-heading\">2. Dlaczego po Duchu \u015awi\u0119tym m\u00f3wi si\u0119 od razu o Ko\u015bciele?<\/h1>\n\n\n\n<p>To nie jest przypadek.<\/p>\n\n\n\n<p>Po wyznaniu wiary w Ducha \u015awi\u0119tego natychmiast wyznajemy wiar\u0119 w Ko\u015bci\u00f3\u0142.<\/p>\n\n\n\n<p>Dlaczego?<\/p>\n\n\n\n<p>Poniewa\u017c ca\u0142a \u015bwi\u0119to\u015b\u0107 Ko\u015bcio\u0142a pochodzi od Ducha \u015awi\u0119tego.<\/p>\n\n\n\n<p>To On jest Bosk\u0105 dusz\u0105, kt\u00f3ra daje \u017cycie Ko\u015bcio\u0142owi.<\/p>\n\n\n\n<p>On u\u015bwi\u0119ca.<\/p>\n\n\n\n<p>On o\u015bwieca.<\/p>\n\n\n\n<p>On umacnia.<\/p>\n\n\n\n<p>On zachowuje prawd\u0119.<\/p>\n\n\n\n<p>On podtrzymuje m\u0119czennik\u00f3w.<\/p>\n\n\n\n<p>On inspiruje \u015bwi\u0119tych.<\/p>\n\n\n\n<p>On dzia\u0142a w sakramentach.<\/p>\n\n\n\n<p>On chroni Ko\u015bci\u00f3\u0142 przed popadni\u0119ciem w b\u0142\u0105d, gdy uroczy\u015bcie naucza wiary.<\/p>\n\n\n\n<p>Bez Ducha \u015awi\u0119tego Ko\u015bci\u00f3\u0142 by\u0142by jedynie ludzk\u0105 organizacj\u0105.<\/p>\n\n\n\n<p>Z Nim jest narz\u0119dziem zbawienia wiecznego.<\/p>\n\n\n\n<p>Dlatego nie mo\u017cna naprawd\u0119 kocha\u0107 Ducha \u015awi\u0119tego i gardzi\u0107 Ko\u015bcio\u0142em.<\/p>\n\n\n\n<p>By\u0142aby to sprzeczno\u015b\u0107.<\/p>\n\n\n\n<hr class=\"wp-block-separator has-alpha-channel-opacity\"\/>\n\n\n\n<h1 class=\"wp-block-heading\">3. Co oznacza s\u0142owo Ko\u015bci\u00f3\u0142?<\/h1>\n\n\n\n<p>S\u0142owo \u201eKo\u015bci\u00f3\u0142\u201d oznacza zwo\u0142anie, zgromadzenie, wsp\u00f3lnot\u0119.<\/p>\n\n\n\n<p>To znaczy: B\u00f3g wzywa.<\/p>\n\n\n\n<p>B\u00f3g zwo\u0142uje.<\/p>\n\n\n\n<p>B\u00f3g gromadzi.<\/p>\n\n\n\n<p>Nie jeste\u015bmy chrze\u015bcijanami przez przypadek.<\/p>\n\n\n\n<p>Nie jeste\u015bmy w Ko\u015bciele przypadkowo.<\/p>\n\n\n\n<p>Zostali\u015bmy wezwani szczeg\u00f3ln\u0105 \u0142ask\u0105.<\/p>\n\n\n\n<p>B\u00f3g wyprowadzi\u0142 nas z ciemno\u015bci, aby wprowadzi\u0107 nas do swego Kr\u00f3lestwa.<\/p>\n\n\n\n<p>Da\u0142 nam \u015bwiat\u0142o wiary.<\/p>\n\n\n\n<p>Udzieli\u0142 nam Chrztu.<\/p>\n\n\n\n<p>Otworzy\u0142 nam drog\u0119 do \u017cycia wiecznego.<\/p>\n\n\n\n<p>Bycie katolikiem nie jest kulturowym przyzwyczajeniem.<\/p>\n\n\n\n<p>Jest nadprzyrodzonym powo\u0142aniem.<\/p>\n\n\n\n<p>Jest Bo\u017cym wyborem.<\/p>\n\n\n\n<p>I to powinno nape\u0142nia\u0107 nas g\u0142\u0119bok\u0105 wdzi\u0119czno\u015bci\u0105.<\/p>\n\n\n\n<hr class=\"wp-block-separator has-alpha-channel-opacity\"\/>\n\n\n\n<h1 class=\"wp-block-heading\">4. Trzy cz\u0119\u015bci Ko\u015bcio\u0142a<\/h1>\n\n\n\n<p>Wielu my\u015bli, \u017ce Ko\u015bci\u00f3\u0142 tworz\u0105 tylko ci, kt\u00f3rzy obecnie \u017cyj\u0105 na ziemi.<\/p>\n\n\n\n<p>Ale Ko\u015bci\u00f3\u0142 jest o wiele wi\u0119kszy.<\/p>\n\n\n\n<p>Znacznie wi\u0119kszy.<\/p>\n\n\n\n<p>Jego cz\u0142onkowie znajduj\u0105 si\u0119 w trzech stanach:<\/p>\n\n\n\n<h2 class=\"wp-block-heading\">Ko\u015bci\u00f3\u0142 triumfuj\u0105cy<\/h2>\n\n\n\n<p>To \u015bwi\u0119ci, kt\u00f3rzy ju\u017c s\u0105 w Niebie i ogl\u0105daj\u0105 Boga twarz\u0105 w twarz.<\/p>\n\n\n\n<p>Zwyci\u0119\u017cyli.<\/p>\n\n\n\n<p>Osi\u0105gn\u0119li cel.<\/p>\n\n\n\n<p>S\u0105 naszymi uwielbionymi bra\u0107mi i siostrami.<\/p>\n\n\n\n<p>Nie s\u0105 nieobecni.<\/p>\n\n\n\n<p>S\u0105 bardziej \u017cywi ni\u017c my.<\/p>\n\n\n\n<h2 class=\"wp-block-heading\">Ko\u015bci\u00f3\u0142 cierpi\u0105cy<\/h2>\n\n\n\n<p>To dusze czy\u015b\u0107cowe.<\/p>\n\n\n\n<p>Umar\u0142y w \u0142asce Bo\u017cej, ale potrzebuj\u0105 jeszcze oczyszczenia, zanim wejd\u0105 do wizji uszcz\u0119\u015bliwiaj\u0105cej.<\/p>\n\n\n\n<p>Cierpi\u0105.<\/p>\n\n\n\n<p>Czekaj\u0105.<\/p>\n\n\n\n<p>Kochaj\u0105.<\/p>\n\n\n\n<p>I potrzebuj\u0105 naszej pomocy.<\/p>\n\n\n\n<h2 class=\"wp-block-heading\">Ko\u015bci\u00f3\u0142 wojuj\u0105cy<\/h2>\n\n\n\n<p>To my, ci, kt\u00f3rzy jeszcze pielgrzymujemy po ziemi.<\/p>\n\n\n\n<p>Tutaj walczymy.<\/p>\n\n\n\n<p>Zmagamy si\u0119.<\/p>\n\n\n\n<p>Upadamy.<\/p>\n\n\n\n<p>Powstajemy.<\/p>\n\n\n\n<p>Wytrwamy.<\/p>\n\n\n\n<p>Jeste\u015bmy \u017co\u0142nierzami w duchowej walce.<\/p>\n\n\n\n<p>Dlatego nazywa si\u0119 wojuj\u0105cy.<\/p>\n\n\n\n<p>Nie turystyczny.<\/p>\n\n\n\n<p>Nie bierny.<\/p>\n\n\n\n<p>Wojuj\u0105cy.<\/p>\n\n\n\n<hr class=\"wp-block-separator has-alpha-channel-opacity\"\/>\n\n\n\n<h1 class=\"wp-block-heading\">5. Jeden Ko\u015bci\u00f3\u0142, jedno Cia\u0142o<\/h1>\n\n\n\n<p>Te trzy cz\u0119\u015bci nie tworz\u0105 oddzielnych ko\u015bcio\u0142\u00f3w.<\/p>\n\n\n\n<p>Tworz\u0105 jeden Ko\u015bci\u00f3\u0142.<\/p>\n\n\n\n<p>Jedno Cia\u0142o.<\/p>\n\n\n\n<p>Jedn\u0105 rodzin\u0119.<\/p>\n\n\n\n<p>Jedn\u0105 komuni\u0119.<\/p>\n\n\n\n<p>Mamy jedn\u0105 G\u0142ow\u0119: Jezusa Chrystusa.<\/p>\n\n\n\n<p>Jednego Ducha: Ducha \u015awi\u0119tego.<\/p>\n\n\n\n<p>Jeden cel: wieczn\u0105 szcz\u0119\u015bliwo\u015b\u0107.<\/p>\n\n\n\n<p>Ci w Niebie ju\u017c j\u0105 posiadaj\u0105.<\/p>\n\n\n\n<p>Ci w Czy\u015b\u0107cu na ni\u0105 oczekuj\u0105.<\/p>\n\n\n\n<p>My jej szukamy.<\/p>\n\n\n\n<p>Ale wszyscy nale\u017cymy do tej samej tajemnicy zbawienia.<\/p>\n\n\n\n<p>Ta prawda niszczy wsp\u00f3\u0142czesny indywidualizm.<\/p>\n\n\n\n<p>Nikt nie zbawia si\u0119 sam.<\/p>\n\n\n\n<p>Nikt nie idzie sam.<\/p>\n\n\n\n<p>\u017bycie chrze\u015bcija\u0144skie zawsze jest komuni\u0105.<\/p>\n\n\n\n<hr class=\"wp-block-separator has-alpha-channel-opacity\"\/>\n\n\n\n<h1 class=\"wp-block-heading\">6. Czym jest Ko\u015bci\u00f3\u0142 Katolicki?<\/h1>\n\n\n\n<p>Ko\u015bci\u00f3\u0142 Katolicki jest zgromadzeniem wszystkich ochrzczonych, kt\u00f3rzy:<\/p>\n\n\n\n<ul class=\"wp-block-list\">\n<li>wyznaj\u0105 t\u0119 sam\u0105 wiar\u0119 Chrystusa<\/li>\n\n\n\n<li>uczestnicz\u0105 w tych samych sakramentach<\/li>\n\n\n\n<li>s\u0105 pos\u0142uszni prawowitym Pasterzom<\/li>\n\n\n\n<li>szczeg\u00f3lnie uznaj\u0105 Biskupa Rzymu, Papie\u017ca<\/li>\n<\/ul>\n\n\n\n<p>Tutaj pojawia si\u0119 co\u015b fundamentalnego: nie wystarczy powiedzie\u0107 \u201eid\u0119 za Jezusem\u201d.<\/p>\n\n\n\n<p>Chrystus chcia\u0142 konkretnych po\u015brednictw.<\/p>\n\n\n\n<p>Konkretnych sakrament\u00f3w.<\/p>\n\n\n\n<p>Konkretnej w\u0142adzy.<\/p>\n\n\n\n<p>Konkretnych pasterzy.<\/p>\n\n\n\n<p>I jednej konkretnej widzialnej g\u0142owy: Papie\u017ca.<\/p>\n\n\n\n<p>Oddziela\u0107 Chrystusa od Jego Ko\u015bcio\u0142a to okalecza\u0107 Ewangeli\u0119.<\/p>\n\n\n\n<hr class=\"wp-block-separator has-alpha-channel-opacity\"\/>\n\n\n\n<h1 class=\"wp-block-heading\">7. Cztery znamiona prawdziwego Ko\u015bcio\u0142a<\/h1>\n\n\n\n<p>Jak odr\u00f3\u017cni\u0107 prawdziwy Ko\u015bci\u00f3\u0142 spo\u015br\u00f3d tylu wsp\u00f3lnot chrze\u015bcija\u0144skich?<\/p>\n\n\n\n<p>Po czterech nieomylnych znakach:<\/p>\n\n\n\n<h2 class=\"wp-block-heading\">Jeden<\/h2>\n\n\n\n<p>Jest jedna wiara.<\/p>\n\n\n\n<p>Jeden Chrzest.<\/p>\n\n\n\n<p>Jeden Pan.<\/p>\n\n\n\n<p>Jedna widzialna g\u0142owa.<\/p>\n\n\n\n<p>Jedno\u015b\u0107 nie jest opcjonalna.<\/p>\n\n\n\n<p>Jest konstytutywna.<\/p>\n\n\n\n<p>Chrystus nie za\u0142o\u017cy\u0142 konfederacji opinii.<\/p>\n\n\n\n<p>Za\u0142o\u017cy\u0142 jeden Ko\u015bci\u00f3\u0142.<\/p>\n\n\n\n<h2 class=\"wp-block-heading\">\u015awi\u0119ty<\/h2>\n\n\n\n<p>Jego niewidzialn\u0105 G\u0142ow\u0105 jest Chrystus.<\/p>\n\n\n\n<p>Jego nauka jest \u015bwi\u0119ta.<\/p>\n\n\n\n<p>Jego sakramenty s\u0105 \u015bwi\u0119te.<\/p>\n\n\n\n<p>Jego prawo prowadzi do \u015bwi\u0119to\u015bci.<\/p>\n\n\n\n<p>Cho\u0107 s\u0105 w nim grzesznicy \u2014 a s\u0105 \u2014 Ko\u015bci\u00f3\u0142 pozostaje \u015bwi\u0119ty, poniewa\u017c jego \u015bwi\u0119to\u015b\u0107 pochodzi od Boga, a nie z ludzkiej doskona\u0142o\u015bci jego cz\u0142onk\u00f3w.<\/p>\n\n\n\n<h2 class=\"wp-block-heading\">Powszechny<\/h2>\n\n\n\n<p>\u201eKatolicki\u201d oznacza powszechny.<\/p>\n\n\n\n<p>Dla wszystkich.<\/p>\n\n\n\n<p>Ze wszystkich czas\u00f3w.<\/p>\n\n\n\n<p>Dla wszystkich narod\u00f3w.<\/p>\n\n\n\n<p>Dla wszystkich stan\u00f3w.<\/p>\n\n\n\n<p>Ko\u015bci\u00f3\u0142 nie nale\u017cy do jednej kultury ani jednego narodu.<\/p>\n\n\n\n<p>Nale\u017cy do Chrystusa.<\/p>\n\n\n\n<h2 class=\"wp-block-heading\">Apostolski<\/h2>\n\n\n\n<p>Poniewa\u017c pochodzi od Aposto\u0142\u00f3w.<\/p>\n\n\n\n<p>Poniewa\u017c zachowuje t\u0119 sam\u0105 wiar\u0119.<\/p>\n\n\n\n<p>Poniewa\u017c kontynuuje t\u0119 sam\u0105 misj\u0119.<\/p>\n\n\n\n<p>Poniewa\u017c jest prowadzony przez ich prawowitych nast\u0119pc\u00f3w: Papie\u017ca i Biskup\u00f3w.<\/p>\n\n\n\n<p>I w\u0142a\u015bnie z powodu tych czterech znamion nazywa si\u0119 r\u00f3wnie\u017c Rzymskim, poniewa\u017c te znamiona w pe\u0142ni znajduj\u0105 si\u0119 w Ko\u015bciele zjednoczonym z Biskupem Rzymu.<\/p>\n\n\n\n<hr class=\"wp-block-separator has-alpha-channel-opacity\"\/>\n\n\n\n<h1 class=\"wp-block-heading\">8. Papie\u017c: widzialna zasada jedno\u015bci<\/h1>\n\n\n\n<p>W czasach zam\u0119tu doktrynalnego ta prawda staje si\u0119 szczeg\u00f3lnie wa\u017cna.<\/p>\n\n\n\n<p>Papie\u017c nie jest jedynie religijnym administratorem.<\/p>\n\n\n\n<p>Jest nast\u0119pc\u0105 \u015awi\u0119tego Piotra.<\/p>\n\n\n\n<p>Wikariuszem Chrystusa.<\/p>\n\n\n\n<p>Pasterzem powszechnym.<\/p>\n\n\n\n<p>Widzialn\u0105 g\u0142ow\u0105 Ko\u015bcio\u0142a.<\/p>\n\n\n\n<p>Chrystus powiedzia\u0142:<\/p>\n\n\n\n<p><strong>\u201eTy jeste\u015b Piotr, i na tej opoce zbuduj\u0119 m\u00f3j Ko\u015bci\u00f3\u0142.\u201d<\/strong><\/p>\n\n\n\n<p>Nie powiedzia\u0142: \u201ena osobistych opiniach\u201d.<\/p>\n\n\n\n<p>Nie powiedzia\u0142: \u201ena ludzkich uzgodnieniach\u201d.<\/p>\n\n\n\n<p>Powiedzia\u0142: na Piotrze.<\/p>\n\n\n\n<p>Papiestwo nie jest historycznym wynalazkiem.<\/p>\n\n\n\n<p>Jest instytucj\u0105 Bo\u017c\u0105.<\/p>\n\n\n\n<p>A jego celem nie jest polityka, lecz rzeczywisto\u015b\u0107 nadprzyrodzona: strzec jedno\u015bci i prawdy.<\/p>\n\n\n\n<hr class=\"wp-block-separator has-alpha-channel-opacity\"\/>\n\n\n\n<h1 class=\"wp-block-heading\">9. Nieomylno\u015b\u0107 Ko\u015bcio\u0142a i Papie\u017ca<\/h1>\n\n\n\n<p>Dzisiaj ta nauka bywa cz\u0119sto \u017ale rozumiana.<\/p>\n\n\n\n<p>Nieomylno\u015b\u0107 nie oznacza bezgrzeszno\u015bci.<\/p>\n\n\n\n<p>Papie\u017c mo\u017ce grzeszy\u0107 jako cz\u0142owiek.<\/p>\n\n\n\n<p>Mo\u017ce cierpie\u0107.<\/p>\n\n\n\n<p>Mo\u017ce pope\u0142nia\u0107 b\u0142\u0119dy w sprawach roztropno\u015bciowych.<\/p>\n\n\n\n<p>Ale kiedy uroczy\u015bcie definiuje nauk\u0119 wiary lub moralno\u015bci dla ca\u0142ego Ko\u015bcio\u0142a, nie mo\u017ce si\u0119 myli\u0107.<\/p>\n\n\n\n<p>Dlaczego?<\/p>\n\n\n\n<p>Poniewa\u017c Chrystus to obieca\u0142.<\/p>\n\n\n\n<p>Poniewa\u017c Duch \u015awi\u0119ty wspomaga sw\u00f3j Ko\u015bci\u00f3\u0142.<\/p>\n\n\n\n<p>Poniewa\u017c prawda objawiona nie mo\u017ce by\u0107 pozostawiona ludzkiej dezorientacji.<\/p>\n\n\n\n<p>Bez tej Bo\u017cej gwarancji wiara by\u0142aby zdana na zmienne opinie.<\/p>\n\n\n\n<p>Z ni\u0105 mamy pewno\u015b\u0107.<\/p>\n\n\n\n<p>Nie idziemy za modami.<\/p>\n\n\n\n<p>Idziemy za prawd\u0105.<\/p>\n\n\n\n<hr class=\"wp-block-separator has-alpha-channel-opacity\"\/>\n\n\n\n<h1 class=\"wp-block-heading\">10. Nie wystarczy nale\u017ce\u0107: trzeba \u017cy\u0107<\/h1>\n\n\n\n<p>Tutaj pojawia si\u0119 bardzo twarda, ale konieczna nauka.<\/p>\n\n\n\n<p>Nie wystarczy \u201eby\u0107 katolikiem\u201d.<\/p>\n\n\n\n<p>Nie wystarczy by\u0107 ochrzczonym.<\/p>\n\n\n\n<p>Nie wystarczy figurowa\u0107 w ksi\u0119dze parafialnej.<\/p>\n\n\n\n<p>S\u0105 cz\u0142onkowie \u017cywi i martwi.<\/p>\n\n\n\n<h2 class=\"wp-block-heading\">Cz\u0142onkowie \u017cywi<\/h2>\n\n\n\n<p>To ci, kt\u00f3rzy s\u0105 w \u0142asce Bo\u017cej.<\/p>\n\n\n\n<p>Sprawiedliwi.<\/p>\n\n\n\n<p>Ci, kt\u00f3rzy \u017cyj\u0105 nadprzyrodzenie zjednoczeni z Chrystusem.<\/p>\n\n\n\n<h2 class=\"wp-block-heading\">Cz\u0142onkowie martwi<\/h2>\n\n\n\n<p>To ci, kt\u00f3rzy trwaj\u0105 w grzechu \u015bmiertelnym.<\/p>\n\n\n\n<p>Zewn\u0119trznie nale\u017c\u0105 do Ko\u015bcio\u0142a, ale wewn\u0119trznie s\u0105 duchowo martwi.<\/p>\n\n\n\n<p>To jest bardzo aktualne.<\/p>\n\n\n\n<p>Wielu chce katolicyzmu bez nawr\u00f3cenia.<\/p>\n\n\n\n<p>Wiary bez Krzy\u017ca.<\/p>\n\n\n\n<p>Religii bez skruchy.<\/p>\n\n\n\n<p>Ale to nie istnieje.<\/p>\n\n\n\n<p>Nie wystarczy powiedzie\u0107: \u201eJestem katolikiem\u201d.<\/p>\n\n\n\n<p>Trzeba \u017cy\u0107 jak katolik.<\/p>\n\n\n\n<hr class=\"wp-block-separator has-alpha-channel-opacity\"\/>\n\n\n\n<h1 class=\"wp-block-heading\">11. Poza Ko\u015bcio\u0142em nie ma zbawienia<\/h1>\n\n\n\n<p>To zdanie gorszy wsp\u00f3\u0142czesn\u0105 mentalno\u015b\u0107, ale musi by\u0107 w\u0142a\u015bciwie rozumiane.<\/p>\n\n\n\n<p>Oznacza ono, \u017ce ca\u0142e zbawienie pochodzi od Chrystusa i Jego Ko\u015bcio\u0142a.<\/p>\n\n\n\n<p>Nie ma innego Zbawiciela.<\/p>\n\n\n\n<p>Nie ma innej drogi.<\/p>\n\n\n\n<p>Nie ma innej Arki.<\/p>\n\n\n\n<p>Tak jak poza Ark\u0105 Noego nie by\u0142o ocalenia od potopu, tak poza Ko\u015bcio\u0142em nie ma zbawienia wiecznego.<\/p>\n\n\n\n<p>Ko\u015bci\u00f3\u0142 naucza jednak tak\u017ce, \u017ce ten, kto bez w\u0142asnej winy nie zna w pe\u0142ni prawdy katolickiej, ale szczerze szuka Boga i wype\u0142nia Jego wol\u0119 zgodnie z prawym i dobrze uformowanym sumieniem, mo\u017ce by\u0107 zjednoczony z dusz\u0105 Ko\u015bcio\u0142a i i\u015b\u0107 ku zbawieniu przez \u0142ask\u0119 Chrystusa.<\/p>\n\n\n\n<p>To nie relatywizuje misji.<\/p>\n\n\n\n<p>To j\u0105 umacnia.<\/p>\n\n\n\n<p>Bo je\u015bli pe\u0142nia znajduje si\u0119 w Ko\u015bciele Katolickim, ewangelizacja pozostaje pilnym dzie\u0142em mi\u0142o\u015bci.<\/p>\n\n\n\n<hr class=\"wp-block-separator has-alpha-channel-opacity\"\/>\n\n\n\n<h1 class=\"wp-block-heading\">12. \u015awi\u0119tych obcowanie<\/h1>\n\n\n\n<p>Tutaj wchodzimy w jedn\u0105 z najpi\u0119kniejszych prawd chrze\u015bcija\u0144stwa.<\/p>\n\n\n\n<p>Nic dobrego nie pozostaje odosobnione.<\/p>\n\n\n\n<p>Ka\u017cde prawdziwe dobro jest wsp\u00f3\u0142dzielone.<\/p>\n\n\n\n<p>W Ko\u015bciele istnieje nadprzyrodzona wsp\u00f3lnota d\u00f3br duchowych:<\/p>\n\n\n\n<ul class=\"wp-block-list\">\n<li>\u0142aska<\/li>\n\n\n\n<li>wiara<\/li>\n\n\n\n<li>nadzieja<\/li>\n\n\n\n<li>mi\u0142o\u015b\u0107<\/li>\n\n\n\n<li>zas\u0142ugi Chrystusa<\/li>\n\n\n\n<li>zas\u0142ugi Naj\u015bwi\u0119tszej Maryi Panny<\/li>\n\n\n\n<li>modlitwy \u015bwi\u0119tych<\/li>\n\n\n\n<li>owoce Mszy \u015awi\u0119tej<\/li>\n\n\n\n<li>odpusty<\/li>\n\n\n\n<li>dobre uczynki<\/li>\n<\/ul>\n\n\n\n<p>Nie idziemy sami.<\/p>\n\n\n\n<p>Jeste\u015bmy wspierani.<\/p>\n\n\n\n<p>Podtrzymywani.<\/p>\n\n\n\n<p>Umacniani.<\/p>\n\n\n\n<p>Kiedy matka modli si\u0119 za swojego syna, dzia\u0142a \u015bwi\u0119tych obcowanie.<\/p>\n\n\n\n<p>Kiedy ofiarujemy Msz\u0119 za zmar\u0142ego, dzia\u0142a \u015bwi\u0119tych obcowanie.<\/p>\n\n\n\n<p>Kiedy prosimy \u015bwi\u0119tego o wstawiennictwo, dzia\u0142a \u015bwi\u0119tych obcowanie.<\/p>\n\n\n\n<p>Kiedy podejmujemy pokut\u0119 za innych, dzia\u0142a \u015bwi\u0119tych obcowanie.<\/p>\n\n\n\n<p>Ko\u015bci\u00f3\u0142 nie jest sum\u0105 jednostek.<\/p>\n\n\n\n<p>Jest tajemnic\u0105 wsp\u00f3\u0142dzielonej mi\u0142o\u015bci.<\/p>\n\n\n\n<hr class=\"wp-block-separator has-alpha-channel-opacity\"\/>\n\n\n\n<h1 class=\"wp-block-heading\">13. Kocha\u0107 Ko\u015bci\u00f3\u0142 w trudnych czasach<\/h1>\n\n\n\n<p>\u017byjemy w czasach skomplikowanych.<\/p>\n\n\n\n<p>Skandale.<\/p>\n\n\n\n<p>Zam\u0119t.<\/p>\n\n\n\n<p>Podzia\u0142y.<\/p>\n\n\n\n<p>Rany.<\/p>\n\n\n\n<p>I wielu u\u017cywa tego jako wym\u00f3wki, aby odej\u015b\u0107.<\/p>\n\n\n\n<p>Ale w\u0142a\u015bnie teraz musimy bardziej kocha\u0107 Ko\u015bci\u00f3\u0142.<\/p>\n\n\n\n<p>Nie mniej.<\/p>\n\n\n\n<p>Nie porzuca si\u0119 matki dlatego, \u017ce jest zraniona.<\/p>\n\n\n\n<p>Kocha si\u0119 j\u0105 bardziej.<\/p>\n\n\n\n<p>Modli si\u0119 wi\u0119cej.<\/p>\n\n\n\n<p>Cierpi si\u0119 razem z ni\u0105.<\/p>\n\n\n\n<p>Pracuje si\u0119 dla jej chwa\u0142y.<\/p>\n\n\n\n<p>Ka\u017cdy katolik powinien uwa\u017ca\u0107 za ogromny zaszczyt nale\u017ce\u0107 do Ko\u015bcio\u0142a.<\/p>\n\n\n\n<p>Nie jako pow\u00f3d do pychy, ale jako \u015bwi\u0119t\u0105 odpowiedzialno\u015b\u0107.<\/p>\n\n\n\n<p>Broni\u0107 go.<\/p>\n\n\n\n<p>S\u0142u\u017cy\u0107 mu.<\/p>\n\n\n\n<p>Poznawa\u0107 go.<\/p>\n\n\n\n<p>Czci\u0107 go.<\/p>\n\n\n\n<p>Pozosta\u0107 wiernym.<\/p>\n\n\n\n<p>Zw\u0142aszcza wtedy, gdy to kosztuje.<\/p>\n\n\n\n<p>W\u0142a\u015bnie tam sprawdza si\u0119 mi\u0142o\u015b\u0107.<\/p>\n\n\n\n<hr class=\"wp-block-separator has-alpha-channel-opacity\"\/>\n\n\n\n<h1 class=\"wp-block-heading\">Zako\u0144czenie: wierzy\u0107 w Ko\u015bci\u00f3\u0142 to wierzy\u0107 w Chrystusa dzia\u0142aj\u0105cego dzisiaj<\/h1>\n\n\n\n<p>Powiedzie\u0107:<\/p>\n\n\n\n<p><strong>\u201eWierz\u0119 w \u015bwi\u0119ty Ko\u015bci\u00f3\u0142 powszechny\u201d<\/strong><\/p>\n\n\n\n<p>to nie tylko zaakceptowa\u0107 instytucj\u0119.<\/p>\n\n\n\n<p>To wierzy\u0107, \u017ce Chrystus nadal dzia\u0142a dzisiaj.<\/p>\n\n\n\n<p>\u017be nadal naucza.<\/p>\n\n\n\n<p>\u017be nadal przebacza.<\/p>\n\n\n\n<p>\u017be nadal karmi.<\/p>\n\n\n\n<p>\u017be nadal u\u015bwi\u0119ca.<\/p>\n\n\n\n<p>\u017be nadal zbawia.<\/p>\n\n\n\n<p>A powiedzie\u0107:<\/p>\n\n\n\n<p><strong>\u201eWierz\u0119 w \u015bwi\u0119tych obcowanie\u201d<\/strong><\/p>\n\n\n\n<p>to wyzna\u0107, \u017ce nie jeste\u015bmy sami.<\/p>\n\n\n\n<p>\u017be Niebo nie jest daleko.<\/p>\n\n\n\n<p>\u017be nasi zmarli w \u0142asce pozostaj\u0105 z nami zjednoczeni.<\/p>\n\n\n\n<p>\u017be \u015bwi\u0119ci wstawiaj\u0105 si\u0119 za nami.<\/p>\n\n\n\n<p>\u017be nasze modlitwy maj\u0105 wieczn\u0105 wag\u0119.<\/p>\n\n\n\n<p>\u017be Ko\u015bci\u00f3\u0142 przekracza czas, \u015bmier\u0107 i wieczno\u015b\u0107.<\/p>\n\n\n\n<p>W epoce samotno\u015bci, rozbicia i relatywizmu ten artyku\u0142 Credo jest og\u0142oszeniem nadziei.<\/p>\n\n\n\n<p>Nie jeste\u015bmy sierotami.<\/p>\n\n\n\n<p>Mamy Matk\u0119.<\/p>\n\n\n\n<p>A t\u0105 Matk\u0105 jest Ko\u015bci\u00f3\u0142.<\/p>\n\n\n\n<p>Wierzy\u0107 w to.<\/p>\n\n\n\n<p>Kocha\u0107 Go.<\/p>\n\n\n\n<p>Broni\u0107 Go.<\/p>\n\n\n\n<p>\u017by\u0107 w Nim.<\/p>\n\n\n\n<p>I umrze\u0107 w Nim.<\/p>\n\n\n\n<p>To jest pewna droga do Nieba.<\/p>\n","protected":false},"excerpt":{"rendered":"<p>Kiedy odmawiamy Credo podczas Mszy \u015awi\u0119tej, cz\u0119sto wypowiadamy jego s\u0142owa z przyzwyczajeniem, niemal z pami\u0119ci, nie zatrzymuj\u0105c si\u0119, aby rozwa\u017cy\u0107 ogromne bogactwo, kt\u00f3re w sobie zawieraj\u0105. A przecie\u017c ka\u017cdy artyku\u0142 Credo kryje w sobie ocean prawdy, \u0142aski i \u017cycia duchowego. Jednym z najg\u0142\u0119bszych, a zarazem najbardziej niezrozumianych w naszych czasach, jest artyku\u0142 dziewi\u0105ty: \u201eWierz\u0119 w &hellip;<\/p>\n","protected":false},"author":3,"featured_media":5871,"comment_status":"closed","ping_status":"closed","sticky":false,"template":"","format":"standard","meta":{"_seopress_robots_primary_cat":"","_seopress_titles_title":"","_seopress_titles_desc":"","_seopress_robots_index":"","footnotes":""},"categories":[37,43],"tags":[1836],"class_list":["post-5870","post","type-post","status-publish","format-standard","has-post-thumbnail","","category-doktryna-i-wiara","category-katechizm-kosciola-katolickiego","tag-credo"],"_links":{"self":[{"href":"https:\/\/catholicus.eu\/pl\/wp-json\/wp\/v2\/posts\/5870","targetHints":{"allow":["GET"]}}],"collection":[{"href":"https:\/\/catholicus.eu\/pl\/wp-json\/wp\/v2\/posts"}],"about":[{"href":"https:\/\/catholicus.eu\/pl\/wp-json\/wp\/v2\/types\/post"}],"author":[{"embeddable":true,"href":"https:\/\/catholicus.eu\/pl\/wp-json\/wp\/v2\/users\/3"}],"replies":[{"embeddable":true,"href":"https:\/\/catholicus.eu\/pl\/wp-json\/wp\/v2\/comments?post=5870"}],"version-history":[{"count":1,"href":"https:\/\/catholicus.eu\/pl\/wp-json\/wp\/v2\/posts\/5870\/revisions"}],"predecessor-version":[{"id":5872,"href":"https:\/\/catholicus.eu\/pl\/wp-json\/wp\/v2\/posts\/5870\/revisions\/5872"}],"wp:featuredmedia":[{"embeddable":true,"href":"https:\/\/catholicus.eu\/pl\/wp-json\/wp\/v2\/media\/5871"}],"wp:attachment":[{"href":"https:\/\/catholicus.eu\/pl\/wp-json\/wp\/v2\/media?parent=5870"}],"wp:term":[{"taxonomy":"category","embeddable":true,"href":"https:\/\/catholicus.eu\/pl\/wp-json\/wp\/v2\/categories?post=5870"},{"taxonomy":"post_tag","embeddable":true,"href":"https:\/\/catholicus.eu\/pl\/wp-json\/wp\/v2\/tags?post=5870"}],"curies":[{"name":"wp","href":"https:\/\/api.w.org\/{rel}","templated":true}]}}