{"id":5867,"date":"2026-04-29T20:52:36","date_gmt":"2026-04-29T18:52:36","guid":{"rendered":"https:\/\/catholicus.eu\/pl\/?p=5867"},"modified":"2026-04-29T20:52:37","modified_gmt":"2026-04-29T18:52:37","slug":"o-osmym-artykule-credo-wierze-w-ducha-swietego","status":"publish","type":"post","link":"https:\/\/catholicus.eu\/pl\/o-osmym-artykule-credo-wierze-w-ducha-swietego\/","title":{"rendered":"O \u00f3smym artykule Credo: \u201eWierz\u0119 w Ducha \u015awi\u0119tego\u201d"},"content":{"rendered":"\n<h2 class=\"wp-block-heading\">Wielki Nieznany dla wielu\u2026 a jednak ogie\u0144, bez kt\u00f3rego dusza umiera<\/h2>\n\n\n\n<p>Istniej\u0105 prawdy wiary, kt\u00f3re wielu katolik\u00f3w recytuje\u2026 lecz niewielu naprawd\u0119 nad nimi rozmy\u015bla.<\/p>\n\n\n\n<p>W ka\u017cd\u0105 niedziel\u0119 m\u00f3wimy: <strong>\u201eWierz\u0119 w Ducha \u015awi\u0119tego\u201d<\/strong>, a jednak zbyt cz\u0119sto te s\u0142owa przechodz\u0105 przez nasze usta, nie rozpalaj\u0105c naszego serca.<\/p>\n\n\n\n<p>Wierzymy w Ojca, poniewa\u017c uznajemy Go za Stw\u00f3rc\u0119.<br>Wierzymy w Syna, poniewa\u017c kontemplujemy Jego Krzy\u017c.<br>Ale kiedy chodzi o Ducha \u015awi\u0119tego\u2026 wielu sprowadza Go do \u201esi\u0142y\u201d, \u201eenergii\u201d albo \u201enatchnienia\u201d.<\/p>\n\n\n\n<p>I w\u0142a\u015bnie tutaj zaczyna si\u0119 jedna z wielkich duchowych tragedii naszych czas\u00f3w.<\/p>\n\n\n\n<p>Poniewa\u017c Duch \u015awi\u0119ty nie jest religijn\u0105 emocj\u0105.<br>Nie jest fal\u0105 entuzjazmu.<br>Nie jest poetyck\u0105 metafor\u0105.<\/p>\n\n\n\n<p><strong>Jest Bogiem.<\/strong><\/p>\n\n\n\n<p>Prawdziwym Bogiem.<br>Trzeci\u0105 Osob\u0105 Przenaj\u015bwi\u0119tszej Tr\u00f3jcy.<br>Panem i Dawc\u0105 \u017cycia.<br>Wiecznym ogniem mi\u0142o\u015bci mi\u0119dzy Ojcem a Synem.<\/p>\n\n\n\n<p>Zrozumienie \u00f3smego artyku\u0142u Credo nie jest spraw\u0105 drugorz\u0119dn\u0105: oznacza odkrycie, kto u\u015bwi\u0119ca twoj\u0105 dusz\u0119, kto walczy z twoj\u0105 ozi\u0119b\u0142o\u015bci\u0105, kto umacnia ci\u0119 w duchowej walce i kto mo\u017ce przemieni\u0107 tch\u00f3rza w m\u0119czennika.<\/p>\n\n\n\n<hr class=\"wp-block-separator has-alpha-channel-opacity\"\/>\n\n\n\n<h1 class=\"wp-block-heading\">1. \u201eWierz\u0119 w Ducha \u015awi\u0119tego\u201d: rewolucyjne wyznanie<\/h1>\n\n\n\n<p>Katechizm naucza:<\/p>\n\n\n\n<p><strong>\u201e\u00d3smy artyku\u0142 Credo uczy nas, \u017ce istnieje Duch \u015awi\u0119ty, trzecia Osoba Przenaj\u015bwi\u0119tszej Tr\u00f3jcy, kt\u00f3ry jest Bogiem wiecznym, niesko\u0144czonym, wszechmog\u0105cym, Stw\u00f3rc\u0105 i Panem wszystkich rzeczy, jak Ojciec i Syn.\u201d<\/strong><\/p>\n\n\n\n<p>To oznacza co\u015b ogromnego:<br>Duch \u015awi\u0119ty nie jest ni\u017cszy od Ojca ani od Syna.<\/p>\n\n\n\n<p>Nie zosta\u0142 stworzony.<br>Nie pojawi\u0142 si\u0119 p\u00f3\u017aniej.<br>Nie jest \u201emniej Bogiem\u201d.<\/p>\n\n\n\n<p>Jest wsp\u00f3\u0142istotny: posiada t\u0119 sam\u0105 Bosk\u0105 natur\u0119.<\/p>\n\n\n\n<h2 class=\"wp-block-heading\">Jest wieczny<\/h2>\n\n\n\n<p>Nigdy nie zacz\u0105\u0142 istnie\u0107.<\/p>\n\n\n\n<h2 class=\"wp-block-heading\">Jest niesko\u0144czony<\/h2>\n\n\n\n<p>Nie ma granic.<\/p>\n\n\n\n<h2 class=\"wp-block-heading\">Jest wszechmog\u0105cy<\/h2>\n\n\n\n<p>Ca\u0142a Boska moc nale\u017cy do Niego.<\/p>\n\n\n\n<h2 class=\"wp-block-heading\">Jest Panem<\/h2>\n\n\n\n<p>Rz\u0105dzi ca\u0142ym stworzeniem wraz z Ojcem i Synem.<\/p>\n\n\n\n<p>Tutaj Ko\u015bci\u00f3\u0142 burzy wieki b\u0142\u0119d\u00f3w: Duch \u015awi\u0119ty nie jest stworzeniem anielskim, ani zwyk\u0142ym przejawem Boga, ani bezosobow\u0105 obecno\u015bci\u0105.<\/p>\n\n\n\n<p><strong>Jest Osob\u0105.<\/strong><br>Kocha.<br>U\u015bwi\u0119ca.<br>M\u00f3wi.<br>Prowadzi.<br>Posy\u0142a.<br>Pociesza.<\/p>\n\n\n\n<p>Dlatego ok\u0142ama\u0107 Ducha \u015awi\u0119tego, jak uczynili Ananiasz i Safira, znaczy\u0142o ok\u0142ama\u0107 samego Boga (Dz 5).<\/p>\n\n\n\n<hr class=\"wp-block-separator has-alpha-channel-opacity\"\/>\n\n\n\n<h1 class=\"wp-block-heading\">2. Od kogo pochodzi Duch \u015awi\u0119ty?<\/h1>\n\n\n\n<p>Katechizm odpowiada:<\/p>\n\n\n\n<p><strong>\u201eDuch \u015awi\u0119ty pochodzi od Ojca i Syna, drog\u0105 woli i mi\u0142o\u015bci, jako od jednej zasady.\u201d<\/strong><\/p>\n\n\n\n<p>Tutaj wchodzimy w jedn\u0105 z najg\u0142\u0119bszych tajemnic Tr\u00f3jcy.<\/p>\n\n\n\n<h2 class=\"wp-block-heading\">Ojciec rodzi Syna<\/h2>\n\n\n\n<p>Drog\u0105 wiecznego poznania.<\/p>\n\n\n\n<h2 class=\"wp-block-heading\">Duch \u015awi\u0119ty pochodzi od Ojca i Syna<\/h2>\n\n\n\n<p>Drog\u0105 wiecznej mi\u0142o\u015bci.<\/p>\n\n\n\n<p>M\u00f3wi\u0105c prosto:<\/p>\n\n\n\n<p>Ojciec doskonale zna Syna.<br>Syn doskonale zna Ojca.<br>A z tej niesko\u0144czonej Mi\u0142o\u015bci pochodzi Duch \u015awi\u0119ty.<\/p>\n\n\n\n<p>Nie jako co\u015b oddzielonego.<br>Lecz jako Boska Osoba.<\/p>\n\n\n\n<hr class=\"wp-block-separator has-alpha-channel-opacity\"\/>\n\n\n\n<h1 class=\"wp-block-heading\">3. Tajemnica \u201eFilioque\u201d: dlaczego to ma znaczenie<\/h1>\n\n\n\n<p>Kiedy Ko\u015bci\u00f3\u0142 \u0142aci\u0144ski wyznaje, \u017ce Duch \u015awi\u0119ty pochodzi \u201eod Ojca <strong>i Syna<\/strong>\u201d (Filioque), nie dodaje teologicznej ciekawostki, lecz broni fundamentalnej prawdy o komunii trynitarnej.<\/p>\n\n\n\n<p>Poniewa\u017c Duch jest samoistn\u0105 Mi\u0142o\u015bci\u0105 mi\u0119dzy Oboma.<\/p>\n\n\n\n<p>Zaprzeczenie temu nie jest drobiazgiem; dotyka rozumienia wewn\u0119trznego \u017cycia Boga.<\/p>\n\n\n\n<p>I cho\u0107 ta tajemnica przekracza ludzki rozum, Ko\u015bci\u00f3\u0142 jej strze\u017ce, poniewa\u017c Chrystus obieca\u0142, \u017ce Duch poprowadzi Jego Ko\u015bci\u00f3\u0142 do ca\u0142ej prawdy.<\/p>\n\n\n\n<hr class=\"wp-block-separator has-alpha-channel-opacity\"\/>\n\n\n\n<h1 class=\"wp-block-heading\">4. Czy Duch \u015awi\u0119ty jest \u201ep\u00f3\u017aniejszy\u201d ni\u017c Ojciec i Syn?<\/h1>\n\n\n\n<p>Klasyczne pytanie:<br>Je\u015bli pochodzi od Ojca i Syna, czy przyszed\u0142 p\u00f3\u017aniej?<\/p>\n\n\n\n<p>Odpowied\u017a: <strong>Nie.<\/strong><\/p>\n\n\n\n<p>B\u00f3g nie \u017cyje w czasie.<\/p>\n\n\n\n<p>W Bogu nie ma \u201eprzed\u201d ani \u201epo\u201d.<\/p>\n\n\n\n<p>Ojciec rodzi odwiecznie.<br>Syn jest odwiecznie rodzony.<br>Duch odwiecznie pochodzi.<\/p>\n\n\n\n<p>Nigdy nie by\u0142o \u201emomentu\u201d, w kt\u00f3rym Duch \u015awi\u0119ty nie istnia\u0142.<\/p>\n\n\n\n<p>To burzy nasze ludzkie kategorie, poniewa\u017c my\u015blimy chronologicznie. Lecz Boska wieczno\u015b\u0107 nie dzia\u0142a jak zegar.<\/p>\n\n\n\n<hr class=\"wp-block-separator has-alpha-channel-opacity\"\/>\n\n\n\n<h1 class=\"wp-block-heading\">5. Dlaczego nazywa si\u0119 \u201eDuchem \u015awi\u0119tym\u201d?<\/h1>\n\n\n\n<p>Poniewa\u017c pochodzi drog\u0105 tchnienia i mi\u0142o\u015bci.<\/p>\n\n\n\n<p>\u201eDuch\u201d wyra\u017ca to niematerialne i Boskie pochodzenie.<br>\u201e\u015awi\u0119ty\u201d, poniewa\u017c jest samoistn\u0105 \u015bwi\u0119to\u015bci\u0105, absolutn\u0105 czysto\u015bci\u0105, Boskim ogniem, kt\u00f3ry oczyszcza.<\/p>\n\n\n\n<p>Nie tylko posiada \u015bwi\u0119to\u015b\u0107.<br><strong>On jest \u015awi\u0119to\u015bci\u0105.<\/strong><\/p>\n\n\n\n<p>Dlatego tam, gdzie wchodzi Duch \u015awi\u0119ty:<\/p>\n\n\n\n<ul class=\"wp-block-list\">\n<li>Umys\u0142 zostaje o\u015bwiecony<\/li>\n\n\n\n<li>Wola zostaje umocniona<\/li>\n\n\n\n<li>Serce zostaje oczyszczone<\/li>\n\n\n\n<li>Grzech zostaje zniszczony, je\u015bli dusza wsp\u00f3\u0142pracuje<\/li>\n<\/ul>\n\n\n\n<hr class=\"wp-block-separator has-alpha-channel-opacity\"\/>\n\n\n\n<h1 class=\"wp-block-heading\">6. Wielkie dzie\u0142o Ducha \u015awi\u0119tego: u\u015bwi\u0119cenie dusz<\/h1>\n\n\n\n<p>Katechizm m\u00f3wi:<\/p>\n\n\n\n<p><strong>\u201eDuchowi \u015awi\u0119temu przypisuje si\u0119 szczeg\u00f3lnie u\u015bwi\u0119cenie dusz.\u201d<\/strong><\/p>\n\n\n\n<p>Chocia\u017c ca\u0142a Tr\u00f3jca dzia\u0142a wsp\u00f3lnie, u\u015bwi\u0119cenie przypisuje si\u0119 szczeg\u00f3lnie Duchowi \u015awi\u0119temu, poniewa\u017c jest dzie\u0142em mi\u0142o\u015bci.<\/p>\n\n\n\n<p>I tutaj znajduje si\u0119 prawda niezwykle pilna:<\/p>\n\n\n\n<h2 class=\"wp-block-heading\">Bez Ducha \u015awi\u0119tego nie ma \u015bwi\u0119to\u015bci.<\/h2>\n\n\n\n<p>Mo\u017cesz mie\u0107 religijn\u0105 struktur\u0119\u2026 ale nie \u017cycie.<br>Mo\u017cesz mie\u0107 zasady\u2026 ale nie ogie\u0144.<br>Mo\u017cesz mie\u0107 zewn\u0119trzn\u0105 tradycj\u0119\u2026 ale nie wewn\u0119trzn\u0105 przemian\u0119.<\/p>\n\n\n\n<p>Duch \u015awi\u0119ty:<\/p>\n\n\n\n<ul class=\"wp-block-list\">\n<li>Wlewa \u0142ask\u0119 u\u015bwi\u0119caj\u0105c\u0105<\/li>\n\n\n\n<li>Udziela dar\u00f3w<\/li>\n\n\n\n<li>Rodzi cnoty<\/li>\n\n\n\n<li>Inspiruje dobre uczynki<\/li>\n\n\n\n<li>Podtrzymuje w pr\u00f3bie<\/li>\n\n\n\n<li>Daje wytrwanie do ko\u0144ca<\/li>\n<\/ul>\n\n\n\n<hr class=\"wp-block-separator has-alpha-channel-opacity\"\/>\n\n\n\n<h1 class=\"wp-block-heading\">7. Pi\u0119\u0107dziesi\u0105tnica: kiedy strach sta\u0142 si\u0119 ogniem<\/h1>\n\n\n\n<p>Przed Pi\u0119\u0107dziesi\u0105tnic\u0105:<br>Aposto\u0142owie si\u0119 ukrywali.<\/p>\n\n\n\n<p>Po Pi\u0119\u0107dziesi\u0105tnicy:<br>G\u0142osili publicznie.<br>Nawracali narody.<br>Przyj\u0119li m\u0119cze\u0144stwo.<\/p>\n\n\n\n<p>Co si\u0119 zmieni\u0142o?<\/p>\n\n\n\n<p><strong>Duch \u015awi\u0119ty.<\/strong><\/p>\n\n\n\n<p>Pi\u0119\u0107dziesi\u0105t dni po Zmartwychwstaniu, dziesi\u0119\u0107 dni po Wniebowst\u0105pieniu, zst\u0105pi\u0142 na nich jak gwa\u0142towny wiatr i j\u0119zyki ognia.<\/p>\n\n\n\n<p>Nie by\u0142 to pusty symbolizm.<\/p>\n\n\n\n<p>By\u0142a to prawdziwa przemiana.<\/p>\n\n\n\n<p>Piotr, kt\u00f3ry zapar\u0142 si\u0119 Chrystusa przed s\u0142u\u017c\u0105c\u0105, teraz stawia czo\u0142a w\u0142adzom religijnym.<\/p>\n\n\n\n<p>To w\u0142a\u015bnie czyni Duch \u015awi\u0119ty:<br>Przemienia krucho\u015b\u0107 w nadprzyrodzon\u0105 si\u0142\u0119.<\/p>\n\n\n\n<hr class=\"wp-block-separator has-alpha-channel-opacity\"\/>\n\n\n\n<h1 class=\"wp-block-heading\">8. Wieczernik: szko\u0142a oczekiwania, ciszy i Maryi<\/h1>\n\n\n\n<p>Aposto\u0142owie nie otrzymali Ducha przypadkowo.<\/p>\n\n\n\n<p>Czekali na modlitwie.<br>Wytrwale.<br>Z Matk\u0105 Bo\u017c\u0105.<\/p>\n\n\n\n<p>To ma dzi\u015b ogromne znaczenie.<\/p>\n\n\n\n<p>Wielu chce dar\u00f3w\u2026 bez modlitwy.<br>Chce charyzmat\u00f3w\u2026 bez nawr\u00f3cenia.<br>Chce natchnienia\u2026 bez skupienia.<\/p>\n\n\n\n<p>Ale Pi\u0119\u0107dziesi\u0105tnica narodzi\u0142a si\u0119 w Wieczerniku.<\/p>\n\n\n\n<h2 class=\"wp-block-heading\">Tam, gdzie jest Maryja, Duch \u015awi\u0119ty znajduje uleg\u0142o\u015b\u0107.<\/h2>\n\n\n\n<p>Poniewa\u017c nikt nigdy nie by\u0142 bardziej uleg\u0142y Duchowi ni\u017c Naj\u015bwi\u0119tsza Dziewica.<\/p>\n\n\n\n<hr class=\"wp-block-separator has-alpha-channel-opacity\"\/>\n\n\n\n<h1 class=\"wp-block-heading\">9. Dary Ducha \u015awi\u0119tego: bro\u0144 na czasy zam\u0119tu<\/h1>\n\n\n\n<p>Duch nie tylko \u201etowarzyszy\u201d; On uzdalnia.<\/p>\n\n\n\n<p>Jego siedem dar\u00f3w:<br><strong>M\u0105dro\u015b\u0107, rozum, rada, m\u0119stwo, umiej\u0119tno\u015b\u0107, pobo\u017cno\u015b\u0107 i boja\u017a\u0144 Bo\u017ca.<\/strong><\/p>\n\n\n\n<p>Dzi\u015b, w epoce relatywizmu, ozi\u0119b\u0142o\u015bci i moralnego chaosu, te dary s\u0105 potrzebniejsze ni\u017c kiedykolwiek:<\/p>\n\n\n\n<h3 class=\"wp-block-heading\">M\u0105dro\u015b\u0107<\/h3>\n\n\n\n<p>Aby smakowa\u0107 sprawy Bo\u017ce.<\/p>\n\n\n\n<h3 class=\"wp-block-heading\">Rozum<\/h3>\n\n\n\n<p>Aby przenika\u0107 prawdy objawione.<\/p>\n\n\n\n<h3 class=\"wp-block-heading\">Rada<\/h3>\n\n\n\n<p>Aby decydowa\u0107 wed\u0142ug Boga.<\/p>\n\n\n\n<h3 class=\"wp-block-heading\">M\u0119stwo<\/h3>\n\n\n\n<p>Aby opiera\u0107 si\u0119 presji kulturowej, prze\u015bladowaniom i pokusie.<\/p>\n\n\n\n<h3 class=\"wp-block-heading\">Umiej\u0119tno\u015b\u0107<\/h3>\n\n\n\n<p>Aby w\u0142a\u015bciwie porz\u0105dkowa\u0107 rzeczy stworzone.<\/p>\n\n\n\n<h3 class=\"wp-block-heading\">Pobo\u017cno\u015b\u0107<\/h3>\n\n\n\n<p>Aby kocha\u0107 Boga synowskim oddaniem.<\/p>\n\n\n\n<h3 class=\"wp-block-heading\">Boja\u017a\u0144 Bo\u017ca<\/h3>\n\n\n\n<p>Aby unika\u0107 grzechu z \u015bwi\u0119tej czci.<\/p>\n\n\n\n<hr class=\"wp-block-separator has-alpha-channel-opacity\"\/>\n\n\n\n<h1 class=\"wp-block-heading\">10. Duch \u015awi\u0119ty i Ko\u015bci\u00f3\u0142: dusza Cia\u0142a Mistycznego<\/h1>\n\n\n\n<p>Katechizm naucza pot\u0119\u017cnego obrazu:<\/p>\n\n\n\n<p><strong>Jak dusza o\u017cywia cia\u0142o, tak Duch \u015awi\u0119ty o\u017cywia Ko\u015bci\u00f3\u0142.<\/strong><\/p>\n\n\n\n<p>Bez Niego Ko\u015bci\u00f3\u0142 by\u0142by tylko kolejn\u0105 ludzk\u0105 instytucj\u0105.<\/p>\n\n\n\n<p>Z Nim:<\/p>\n\n\n\n<ul class=\"wp-block-list\">\n<li>Zachowuje prawd\u0119<\/li>\n\n\n\n<li>Udziela skutecznych sakrament\u00f3w<\/li>\n\n\n\n<li>Rodzi \u015bwi\u0119tych<\/li>\n\n\n\n<li>Ewangelizuje<\/li>\n\n\n\n<li>Trwa<\/li>\n<\/ul>\n\n\n\n<p>Dlatego mimo ludzkich kryzys\u00f3w, grzech\u00f3w cz\u0142onk\u00f3w i historycznych prze\u015bladowa\u0144 Ko\u015bci\u00f3\u0142 nie znika.<\/p>\n\n\n\n<p>Poniewa\u017c jego zasada \u017cycia nie jest polityczna.<br>Jest Boska.<\/p>\n\n\n\n<hr class=\"wp-block-separator has-alpha-channel-opacity\"\/>\n\n\n\n<h1 class=\"wp-block-heading\">11. Wsp\u00f3\u0142czesne ostrze\u017cenie: opieranie si\u0119 Duchowi \u015awi\u0119temu<\/h1>\n\n\n\n<p>Jednym z najwi\u0119kszych wsp\u00f3\u0142czesnych zagro\u017ce\u0144 jest sprowadzenie wiary do zewn\u0119trznego zwyczaju przy jednoczesnym t\u0142umieniu wewn\u0119trznego dzia\u0142ania Ducha.<\/p>\n\n\n\n<p>Cz\u0142owiek opiera si\u0119 Duchowi, gdy:<\/p>\n\n\n\n<ul class=\"wp-block-list\">\n<li>Usprawiedliwia grzech<\/li>\n\n\n\n<li>Gardzi \u0142ask\u0105<\/li>\n\n\n\n<li>Odrzuca prawd\u0119<\/li>\n\n\n\n<li>\u017byje w dobrowolnej ozi\u0119b\u0142o\u015bci<\/li>\n\n\n\n<li>Zatwardza serce<\/li>\n<\/ul>\n\n\n\n<p>Blu\u017anierstwo przeciw Duchowi \u015awi\u0119temu oznacza to uporczywe zamkni\u0119cie si\u0119 na \u0142ask\u0119, kt\u00f3ra chce zbawi\u0107.<\/p>\n\n\n\n<hr class=\"wp-block-separator has-alpha-channel-opacity\"\/>\n\n\n\n<h1 class=\"wp-block-heading\">12. Jak dzi\u015b \u017cy\u0107 \u00f3smym artyku\u0142em Credo<\/h1>\n\n\n\n<h2 class=\"wp-block-heading\">Wzywaj Go ka\u017cdego dnia:<\/h2>\n\n\n\n<p>\u201ePrzyjd\u017a, Duchu \u015awi\u0119ty.\u201d<\/p>\n\n\n\n<h2 class=\"wp-block-heading\">Cz\u0119sto si\u0119 spowiadaj:<\/h2>\n\n\n\n<p>\u0141aska przywraca uleg\u0142o\u015b\u0107.<\/p>\n\n\n\n<h2 class=\"wp-block-heading\">M\u00f3dl si\u0119 o \u015bwicie:<\/h2>\n\n\n\n<p>Po\u015bwi\u0119\u0107 Mu swoje decyzje.<\/p>\n\n\n\n<h2 class=\"wp-block-heading\">Czytaj Pismo \u015awi\u0119te:<\/h2>\n\n\n\n<p>To On natchn\u0105\u0142 S\u0142owo.<\/p>\n\n\n\n<h2 class=\"wp-block-heading\">Kochaj prawd\u0119:<\/h2>\n\n\n\n<p>Duch nigdy nie sprzeciwia si\u0119 Chrystusowi.<\/p>\n\n\n\n<h2 class=\"wp-block-heading\">Trwaj blisko Maryi:<\/h2>\n\n\n\n<p>Oblubienicy Ducha \u015awi\u0119tego.<\/p>\n\n\n\n<hr class=\"wp-block-separator has-alpha-channel-opacity\"\/>\n\n\n\n<h1 class=\"wp-block-heading\">Zako\u0144czenie: Bez Ducha \u015awi\u0119tego chrze\u015bcija\u0144stwo staje si\u0119 popio\u0142em<\/h1>\n\n\n\n<p>Ojciec ci\u0119 stworzy\u0142.<br>Syn ci\u0119 odkupi\u0142.<br>Duch \u015awi\u0119ty chce ci\u0119 u\u015bwi\u0119ci\u0107.<\/p>\n\n\n\n<p>Wielu \u017cyje jak ochrzczeni\u2026 ale duchowo wygaszeni.<\/p>\n\n\n\n<p>A jednak ten sam ogie\u0144 Pi\u0119\u0107dziesi\u0105tnicy pozostaje dost\u0119pny.<\/p>\n\n\n\n<p>Ten sam Duch, kt\u00f3ry zst\u0105pi\u0142 na Aposto\u0142\u00f3w, mo\u017ce:<\/p>\n\n\n\n<ul class=\"wp-block-list\">\n<li>Zerwa\u0107 twoje kajdany<\/li>\n\n\n\n<li>Uleczy\u0107 twoj\u0105 ozi\u0119b\u0142o\u015b\u0107<\/li>\n\n\n\n<li>Umocni\u0107 twoj\u0105 czysto\u015b\u0107<\/li>\n\n\n\n<li>Uczyni\u0107 ci\u0119 odwa\u017cnym \u015bwiadkiem<\/li>\n<\/ul>\n\n\n\n<p>Nie jeste\u015b powo\u0142any jedynie do tego, by \u201ewierzy\u0107, \u017ce On istnieje\u201d.<\/p>\n\n\n\n<p>Jeste\u015b powo\u0142any, by \u017cy\u0107 w Nim.<\/p>\n\n\n\n<h2 class=\"wp-block-heading\">Poniewa\u017c Duch \u015awi\u0119ty nie przyszed\u0142 jedynie ci\u0119 odwiedzi\u0107.<\/h2>\n\n\n\n<p>Przyszed\u0142, aby uczyni\u0107 twoj\u0105 dusz\u0119 swoj\u0105 \u015bwi\u0105tyni\u0105.<\/p>\n\n\n\n<p><strong>\u201ePrzyjd\u017a, Duchu Stworzycielu, nawied\u017a dusze swoich wiernych i nape\u0142nij Bo\u017c\u0105 \u0142ask\u0105 serca, kt\u00f3re sam stworzy\u0142e\u015b.\u201d<\/strong><\/p>\n","protected":false},"excerpt":{"rendered":"<p>Wielki Nieznany dla wielu\u2026 a jednak ogie\u0144, bez kt\u00f3rego dusza umiera Istniej\u0105 prawdy wiary, kt\u00f3re wielu katolik\u00f3w recytuje\u2026 lecz niewielu naprawd\u0119 nad nimi rozmy\u015bla. W ka\u017cd\u0105 niedziel\u0119 m\u00f3wimy: \u201eWierz\u0119 w Ducha \u015awi\u0119tego\u201d, a jednak zbyt cz\u0119sto te s\u0142owa przechodz\u0105 przez nasze usta, nie rozpalaj\u0105c naszego serca. Wierzymy w Ojca, poniewa\u017c uznajemy Go za Stw\u00f3rc\u0119.Wierzymy w &hellip;<\/p>\n","protected":false},"author":3,"featured_media":5868,"comment_status":"closed","ping_status":"closed","sticky":false,"template":"","format":"standard","meta":{"_seopress_robots_primary_cat":"","_seopress_titles_title":"","_seopress_titles_desc":"","_seopress_robots_index":"","footnotes":""},"categories":[37,43],"tags":[1836],"class_list":["post-5867","post","type-post","status-publish","format-standard","has-post-thumbnail","","category-doktryna-i-wiara","category-katechizm-kosciola-katolickiego","tag-credo"],"_links":{"self":[{"href":"https:\/\/catholicus.eu\/pl\/wp-json\/wp\/v2\/posts\/5867","targetHints":{"allow":["GET"]}}],"collection":[{"href":"https:\/\/catholicus.eu\/pl\/wp-json\/wp\/v2\/posts"}],"about":[{"href":"https:\/\/catholicus.eu\/pl\/wp-json\/wp\/v2\/types\/post"}],"author":[{"embeddable":true,"href":"https:\/\/catholicus.eu\/pl\/wp-json\/wp\/v2\/users\/3"}],"replies":[{"embeddable":true,"href":"https:\/\/catholicus.eu\/pl\/wp-json\/wp\/v2\/comments?post=5867"}],"version-history":[{"count":1,"href":"https:\/\/catholicus.eu\/pl\/wp-json\/wp\/v2\/posts\/5867\/revisions"}],"predecessor-version":[{"id":5869,"href":"https:\/\/catholicus.eu\/pl\/wp-json\/wp\/v2\/posts\/5867\/revisions\/5869"}],"wp:featuredmedia":[{"embeddable":true,"href":"https:\/\/catholicus.eu\/pl\/wp-json\/wp\/v2\/media\/5868"}],"wp:attachment":[{"href":"https:\/\/catholicus.eu\/pl\/wp-json\/wp\/v2\/media?parent=5867"}],"wp:term":[{"taxonomy":"category","embeddable":true,"href":"https:\/\/catholicus.eu\/pl\/wp-json\/wp\/v2\/categories?post=5867"},{"taxonomy":"post_tag","embeddable":true,"href":"https:\/\/catholicus.eu\/pl\/wp-json\/wp\/v2\/tags?post=5867"}],"curies":[{"name":"wp","href":"https:\/\/api.w.org\/{rel}","templated":true}]}}