{"id":5862,"date":"2026-04-29T16:35:14","date_gmt":"2026-04-29T14:35:14","guid":{"rendered":"https:\/\/catholicus.eu\/pl\/?p=5862"},"modified":"2026-04-29T16:40:11","modified_gmt":"2026-04-29T14:40:11","slug":"swieta-katarzyna-ze-sieny-kobieta-ktora-rozmawiala-z-bogiem-rzucala-wyzwanie-moznym-i-ocalila-kosciol-w-czasach-chaosu","status":"publish","type":"post","link":"https:\/\/catholicus.eu\/pl\/swieta-katarzyna-ze-sieny-kobieta-ktora-rozmawiala-z-bogiem-rzucala-wyzwanie-moznym-i-ocalila-kosciol-w-czasach-chaosu\/","title":{"rendered":"\u015awi\u0119ta Katarzyna ze Sieny: Kobieta, kt\u00f3ra rozmawia\u0142a z Bogiem, rzuca\u0142a wyzwanie mo\u017cnym i ocali\u0142a Ko\u015bci\u00f3\u0142 w czasach chaosu"},"content":{"rendered":"\n<h2 class=\"wp-block-heading\">Wprowadzenie: Gdy \u015bwiat p\u0142onie, B\u00f3g wzbudza \u015bwi\u0119tych<\/h2>\n\n\n\n<p>S\u0105 w historii chwile, kiedy wszystko wydaje si\u0119 chwia\u0107: moralna korupcja, polityczne podzia\u0142y, kryzys duchowy, s\u0142abi przyw\u00f3dcy i zagubione spo\u0142ecze\u0144stwo. Wielu wtedy uwa\u017ca, \u017ce ciemno\u015b\u0107 zwyci\u0119\u017cy\u0142a\u2026 lecz historia Ko\u015bcio\u0142a dowodzi czego\u015b przeciwnego: w\u0142a\u015bnie w najciemniejszych czasach B\u00f3g wzbudza dusze ognia.<\/p>\n\n\n\n<p>Jedn\u0105 z takich dusz by\u0142a \u015awi\u0119ta Katarzyna ze Sieny.<\/p>\n\n\n\n<p>Nie by\u0142a kr\u00f3low\u0105, ani mniszk\u0105 klauzurow\u0105, ani teolo\u017ck\u0105 uniwersyteck\u0105. By\u0142a m\u0142od\u0105 \u015bwieck\u0105 kobiet\u0105, tercjark\u0105 dominika\u0144sk\u0105, bez formalnego wykszta\u0142cenia, urodzon\u0105 w Europie poranionej przez wojny, zaraz\u0119, upadek ko\u015bcielny i walki o w\u0142adz\u0119. A jednak ta prosta kobieta ostatecznie upomina\u0142a papie\u017cy, godzi\u0142a miasta, prowadzi\u0142a dusze, pisa\u0142a nie\u015bmiertelne dzie\u0142a mistyczne i zosta\u0142a Doktorem Ko\u015bcio\u0142a oraz Patronk\u0105 Europy.<\/p>\n\n\n\n<p>Jak mog\u0142a kobieta XIV wieku zmieni\u0107 histori\u0119 Ko\u015bcio\u0142a i nadal przemawia\u0107 z tak\u0105 si\u0142\u0105 do XXI wieku?<\/p>\n\n\n\n<p>Poniewa\u017c \u015awi\u0119ta Katarzyna nie by\u0142a jedynie postaci\u0105 historyczn\u0105: by\u0142a g\u0142osem prorockim.<\/p>\n\n\n\n<p>Dzi\u015b, w epoce r\u00f3wnie\u017c naznaczonej kryzysami doktrynalnymi, relatywizmem moralnym, duchow\u0105 powierzchowno\u015bci\u0105 i kulturowym zam\u0119tem, jej \u017cycie brzmi z zadziwiaj\u0105c\u0105 aktualno\u015bci\u0105.<\/p>\n\n\n\n<hr class=\"wp-block-separator has-alpha-channel-opacity\"\/>\n\n\n\n<h1 class=\"wp-block-heading\">I. Kontekst historyczny: Zraniony Ko\u015bci\u00f3\u0142 i Europa w kryzysie<\/h1>\n\n\n\n<p>Katarzyna urodzi\u0142a si\u0119 25 marca 1347 roku w Sienie we W\u0142oszech, w wieku g\u0142\u0119boko burzliwym.<\/p>\n\n\n\n<p>Europa do\u015bwiadcza\u0142a:<\/p>\n\n\n\n<ul class=\"wp-block-list\">\n<li>Czarnej \u015amierci (1348), kt\u00f3ra zniszczy\u0142a miliony istnie\u0144<\/li>\n\n\n\n<li>Nieustannych wojen mi\u0119dzy miastami-pa\u0144stwami<\/li>\n\n\n\n<li>Moralnej korupcji w wielu sektorach ko\u015bcielnych<\/li>\n\n\n\n<li>Niewoli awinio\u0144skiej papiestwa, gdy papie\u017ce przebywali poza Rzymem pod silnym wp\u0142ywem polityki francuskiej<\/li>\n\n\n\n<li>Powszechnego kryzysu duchowego i spo\u0142ecznego<\/li>\n<\/ul>\n\n\n\n<p>W takim kontek\u015bcie wielu mog\u0142o popa\u015b\u0107 w rozpacz. Ale B\u00f3g przygotowywa\u0142 dziecko, aby sta\u0142o si\u0119 pochodni\u0105.<\/p>\n\n\n\n<p>Katarzyna Benincasa urodzi\u0142a si\u0119 w licznej rodzinie jako 24. lub 25. dziecko. Ju\u017c od najm\u0142odszych lat przejawia\u0142a intensywne \u017cycie duchowe. W wieku sze\u015bciu lat mia\u0142a wizj\u0119 Chrystusa odzianego jak papie\u017c, w towarzystwie \u015awi\u0119tego Piotra, \u015awi\u0119tego Paw\u0142a i \u015awi\u0119tego Jana.<\/p>\n\n\n\n<p>To spotkanie naznaczy\u0142o ca\u0142e jej \u017cycie.<\/p>\n\n\n\n<hr class=\"wp-block-separator has-alpha-channel-opacity\"\/>\n\n\n\n<h1 class=\"wp-block-heading\">II. Nadprzyrodzone dzieci\u0144stwo: Dusza konsekrowana od m\u0142odo\u015bci<\/h1>\n\n\n\n<p>Podczas gdy inne dziewcz\u0119ta marzy\u0142y o ma\u0142\u017ce\u0144stwie lub presti\u017cu, Katarzyna ju\u017c bardzo m\u0142odo z\u0142o\u017cy\u0142a \u015blub dziewictwa Chrystusowi.<\/p>\n\n\n\n<p>Jej rodzina pr\u00f3bowa\u0142a wyda\u0107 j\u0105 za m\u0105\u017c, ale ona opiera\u0142a si\u0119 z niezwyk\u0142\u0105 radykalno\u015bci\u0105. Obci\u0119\u0142a nawet w\u0142osy, by unikn\u0105\u0107 nacisk\u00f3w.<\/p>\n\n\n\n<p>Ten gest nie by\u0142 buntem nastolatki; by\u0142 duchow\u0105 deklaracj\u0105:<\/p>\n\n\n\n<p><strong>\u201eMoim jedynym Oblubie\u0144cem b\u0119dzie Chrystus.\u201d<\/strong><\/p>\n\n\n\n<p>Tutaj odnajdujemy fundamentaln\u0105 prawd\u0119 teologiczn\u0105: powo\u0142anie nie rodzi si\u0119 z ludzkiego kaprysu, lecz z Bo\u017cego wezwania.<\/p>\n\n\n\n<p>Jak m\u00f3wi Jeremiasz:<\/p>\n\n\n\n<p><strong>\u201eZanim ukszta\u0142towa\u0142em ci\u0119 w \u0142onie matki, zna\u0142em ci\u0119; nim przyszed\u0142e\u015b na \u015bwiat, po\u015bwi\u0119ci\u0142em ci\u0119\u201d (Jeremiasz 1,5).<\/strong><\/p>\n\n\n\n<p>Katarzyna zrozumia\u0142a, \u017ce ca\u0142kowicie nale\u017cy do Boga.<\/p>\n\n\n\n<p>Ostatecznie wst\u0105pi\u0142a do Trzeciego Zakonu \u015awi\u0119tego Dominika (Mantellate), \u017cyj\u0105c w \u015bwiecie, ale nie b\u0119d\u0105c ze \u015bwiata.<\/p>\n\n\n\n<hr class=\"wp-block-separator has-alpha-channel-opacity\"\/>\n\n\n\n<h1 class=\"wp-block-heading\">III. \u201eWewn\u0119trzna cela\u201d: Wielka szko\u0142a duchowa Katarzyny<\/h1>\n\n\n\n<p>Jednym z najg\u0142\u0119bszych wk\u0142ad\u00f3w \u015awi\u0119tej Katarzyny by\u0142a jej duchowo\u015b\u0107 \u201ewewn\u0119trznej celi\u201d.<\/p>\n\n\n\n<p>Cho\u0107 mieszka\u0142a w swoim domu, przemieni\u0142a swoj\u0105 dusz\u0119 w klasztor.<\/p>\n\n\n\n<p>Naucza\u0142a, \u017ce serce powinno by\u0107 miejscem, gdzie dusza nieustannie spotyka Boga.<\/p>\n\n\n\n<p>Przypomina to s\u0142owa Chrystusa:<\/p>\n\n\n\n<p><strong>\u201eTy za\u015b, gdy chcesz si\u0119 modli\u0107, wejd\u017a do swej izdebki, zamknij drzwi i m\u00f3dl si\u0119 do Ojca twego w ukryciu\u201d (Mateusz 6,6).<\/strong><\/p>\n\n\n\n<p>Dla Katarzyny ta \u201eizdebka\u201d by\u0142a wn\u0119trzem duszy.<\/p>\n\n\n\n<h3 class=\"wp-block-heading\">Aktualne zastosowanie duszpasterskie:<\/h3>\n\n\n\n<p>W \u015bwiecie przesyconym ha\u0142asem, mediami spo\u0142eczno\u015bciowymi, cyfrowym l\u0119kiem i nieustannym rozproszeniem, \u015awi\u0119ta Katarzyna proponuje pilne lekarstwo:<\/p>\n\n\n\n<p><strong>Odzyska\u0107 wewn\u0119trzn\u0105 cisz\u0119.<\/strong><\/p>\n\n\n\n<p>Nie mo\u017cna us\u0142ysze\u0107 Boga po\u015br\u00f3d nieustannego chaosu.<\/p>\n\n\n\n<hr class=\"wp-block-separator has-alpha-channel-opacity\"\/>\n\n\n\n<h1 class=\"wp-block-heading\">IV. Mistyczne za\u015blubiny z Chrystusem: Radykalne zjednoczenie<\/h1>\n\n\n\n<p>Katarzyna prze\u017cywa\u0142a niezwyk\u0142e do\u015bwiadczenia mistyczne, w\u015br\u00f3d nich swoje \u201emistyczne za\u015blubiny\u201d z Chrystusem, podczas kt\u00f3rych otrzyma\u0142a niewidzialny pier\u015bcie\u0144.<\/p>\n\n\n\n<p>Dalekie od sentymentalnej pobo\u017cno\u015bci, wydarzenie to wyra\u017ca centraln\u0105 prawd\u0119 duchowo\u015bci katolickiej:<\/p>\n\n\n\n<h3 class=\"wp-block-heading\">Dusza jest powo\u0142ana do oblubie\u0144czego zjednoczenia z Bogiem.<\/h3>\n\n\n\n<p>Ko\u015bci\u00f3\u0142 nie rozumie \u015bwi\u0119to\u015bci jedynie jako moralnego pos\u0142usze\u0144stwa, ale jako przemieniaj\u0105c\u0105 komuni\u0119.<\/p>\n\n\n\n<p>Katarzyna nie chcia\u0142a po prostu \u201eczyni\u0107 dobra\u201d; chcia\u0142a ca\u0142kowicie nale\u017ce\u0107 do Chrystusa ukrzy\u017cowanego.<\/p>\n\n\n\n<p>Jej duchowo\u015b\u0107 by\u0142a g\u0142\u0119boko chrystocentryczna:<\/p>\n\n\n\n<ul class=\"wp-block-list\">\n<li>Mi\u0142o\u015b\u0107 do Krwi Chrystusa<\/li>\n\n\n\n<li>Pobo\u017cno\u015b\u0107 wobec Krzy\u017ca<\/li>\n\n\n\n<li>Pokuta<\/li>\n\n\n\n<li>Czynna mi\u0142o\u015b\u0107 bli\u017aniego<\/li>\n<\/ul>\n\n\n\n<p>Nieustannie powtarza\u0142a znaczenie Krwi Chrystusa jako \u017ar\u00f3d\u0142a odkupienia.<\/p>\n\n\n\n<p>\u0141\u0105czy si\u0119 to ze \u015awi\u0119tym Piotrem:<\/p>\n\n\n\n<p><strong>\u201eZostali\u015bcie wykupieni\u2026 drogocenn\u0105 Krwi\u0105 Chrystusa\u201d (1 Piotra 1,18-19).<\/strong><\/p>\n\n\n\n<hr class=\"wp-block-separator has-alpha-channel-opacity\"\/>\n\n\n\n<h1 class=\"wp-block-heading\">V. Mistyczka w dzia\u0142aniu: S\u0142u\u017cy\u0107 Chrystusowi w ubogich, chorych i grzesznikach<\/h1>\n\n\n\n<p>\u015awi\u0119ta Katarzyna nie by\u0142a kontemplatyczk\u0105 oderwan\u0105 od ludzkiego cierpienia.<\/p>\n\n\n\n<p>Opiekowa\u0142a si\u0119 chorymi, s\u0142u\u017cy\u0142a ofiarom zarazy, towarzyszy\u0142a skaza\u0144com i pracowa\u0142a nad nawr\u00f3ceniem grzesznik\u00f3w.<\/p>\n\n\n\n<p>Tutaj pojawia si\u0119 istotny wymiar:<\/p>\n\n\n\n<h2 class=\"wp-block-heading\">Prawdziwa mistyka rodzi konkretn\u0105 mi\u0142o\u015b\u0107.<\/h2>\n\n\n\n<p>Nie ma prawdziwego zjednoczenia z Bogiem bez ofiarnej mi\u0142o\u015bci bli\u017aniego.<\/p>\n\n\n\n<p>Jak naucza \u015bwi\u0119ty Jakub:<\/p>\n\n\n\n<p><strong>\u201eWiara bez uczynk\u00f3w jest martwa\u201d (Jakub 2,26).<\/strong><\/p>\n\n\n\n<p>Katarzyna obejmowa\u0142a Chrystusa w Eucharystii i w ranach cierpi\u0105cych.<\/p>\n\n\n\n<hr class=\"wp-block-separator has-alpha-channel-opacity\"\/>\n\n\n\n<h1 class=\"wp-block-heading\">VI. Katarzyna i papiestwo: \u015awi\u0119ta, kt\u00f3ra upomnia\u0142a papie\u017ca<\/h1>\n\n\n\n<p>By\u0107 mo\u017ce jednym z najbardziej uderzaj\u0105cych aspekt\u00f3w jej \u017cycia by\u0142a interwencja w kryzys papiestwa awinio\u0144skiego.<\/p>\n\n\n\n<p>Z nadprzyrodzon\u0105 odwag\u0105 pisa\u0142a do papie\u017ca Grzegorza XI, nalegaj\u0105c, by powr\u00f3ci\u0142 do Rzymu.<\/p>\n\n\n\n<p>Nie czyni\u0142a tego z politycznej pychy, lecz z ko\u015bcielnej wierno\u015bci.<\/p>\n\n\n\n<p>Jej zasadnicze przes\u0142anie by\u0142o jasne:<\/p>\n\n\n\n<p><strong>Ko\u015bci\u00f3\u0142 musi by\u0107 rz\u0105dzony \u015bwi\u0119to\u015bci\u0105, odwag\u0105 i prawd\u0105.<\/strong><\/p>\n\n\n\n<p>A najbardziej zdumiewaj\u0105ce jest to, \u017ce zosta\u0142a wys\u0142uchana.<\/p>\n\n\n\n<p>Grzegorz XI ostatecznie powr\u00f3ci\u0142 do Rzymu w 1377 roku.<\/p>\n\n\n\n<h3 class=\"wp-block-heading\">Znaczenie teologiczne:<\/h3>\n\n\n\n<p>\u015awi\u0119ta Katarzyna pokazuje, \u017ce kocha\u0107 Ko\u015bci\u00f3\u0142 nie oznacza milcze\u0107 wobec jego ran.<\/p>\n\n\n\n<p>Synowskie, pe\u0142ne czci i \u015bwi\u0119te upomnienie mo\u017ce by\u0107 g\u0142\u0119bok\u0105 form\u0105 wierno\u015bci.<\/p>\n\n\n\n<h3 class=\"wp-block-heading\">Na dzi\u015b:<\/h3>\n\n\n\n<p>W czasach skandalu czy zam\u0119tu katolik nie powinien popada\u0107 ani w \u015blep\u0105 uleg\u0142o\u015b\u0107, ani w destrukcyjny bunt, lecz w odwa\u017cn\u0105 wierno\u015b\u0107.<\/p>\n\n\n\n<p>Katarzyna kocha\u0142a papiestwo nami\u0119tnie, ale nie schlebia\u0142a jego s\u0142abo\u015bciom.<\/p>\n\n\n\n<hr class=\"wp-block-separator has-alpha-channel-opacity\"\/>\n\n\n\n<h1 class=\"wp-block-heading\">VII. Wielka Schizma i jej walka o jedno\u015b\u0107<\/h1>\n\n\n\n<p>Po \u015bmierci Grzegorza XI wybuch\u0142a Wielka Schizma Zachodnia.<\/p>\n\n\n\n<p>Katarzyna zdecydowanie broni\u0142a prawowito\u015bci papie\u017ca Urbana VI i niestrudzenie pracowa\u0142a na rzecz jedno\u015bci.<\/p>\n\n\n\n<p>Poniewa\u017c rozumia\u0142a co\u015b zasadniczego:<\/p>\n\n\n\n<h2 class=\"wp-block-heading\">Szatan dzieli; Chrystus jednoczy.<\/h2>\n\n\n\n<p>Jedno\u015b\u0107 Ko\u015bcio\u0142a nie jest administracyjnym szczeg\u00f3\u0142em: jest znakiem teologicznym.<\/p>\n\n\n\n<p>Chrystus modli\u0142 si\u0119:<\/p>\n\n\n\n<p><strong>\u201eAby wszyscy stanowili jedno\u201d (Jan 17,21).<\/strong><\/p>\n\n\n\n<p>Katarzyna g\u0142\u0119boko cierpia\u0142a z powodu podzia\u0142\u00f3w, ofiarowuj\u0105c modlitw\u0119, ofiar\u0119 i dzia\u0142anie.<\/p>\n\n\n\n<hr class=\"wp-block-separator has-alpha-channel-opacity\"\/>\n\n\n\n<h1 class=\"wp-block-heading\">VIII. Doktor Ko\u015bcio\u0142a: Kobieta bez akademickiego wykszta\u0142cenia, kt\u00f3ra naucza\u0142a pokolenia<\/h1>\n\n\n\n<p>W 1970 roku \u015awi\u0119ty Pawe\u0142 VI og\u0142osi\u0142 j\u0105 Doktorem Ko\u015bcio\u0142a.<\/p>\n\n\n\n<p>By\u0142o to rewolucyjne: \u015bredniowieczna \u015bwiecka kobieta, bez formalnego wykszta\u0142cenia uniwersyteckiego, zosta\u0142a uznana za jednego z wielkich nauczycieli doktryny Ko\u015bcio\u0142a.<\/p>\n\n\n\n<p>Jej najs\u0142ynniejsze dzie\u0142o, <em>Dialog<\/em>, jest per\u0142\u0105 teologii duchowej.<\/p>\n\n\n\n<h3 class=\"wp-block-heading\">Kluczowe tematy jej doktryny:<\/h3>\n\n\n\n<ul class=\"wp-block-list\">\n<li>Poznanie Boga i siebie<\/li>\n\n\n\n<li>Mi\u0142osierdzie Bo\u017ce<\/li>\n\n\n\n<li>Godno\u015b\u0107 duszy<\/li>\n\n\n\n<li>Cnota jako droga przemiany<\/li>\n\n\n\n<li>Chrystus jako most mi\u0119dzy Bogiem a cz\u0142owiekiem<\/li>\n<\/ul>\n\n\n\n<p>Jedno z jej najs\u0142ynniejszych zda\u0144 streszcza jej misj\u0119:<\/p>\n\n\n\n<p><strong>\u201eJe\u015bli b\u0119dziecie tym, czym powinni\u015bcie by\u0107, podpalicie ca\u0142y \u015bwiat.\u201d<\/strong><\/p>\n\n\n\n<p>To nie jest samopomoc; to teologia \u0142aski:<br>Gdy dusza w pe\u0142ni \u017cyje swoim powo\u0142aniem w Bogu, przemienia histori\u0119.<\/p>\n\n\n\n<hr class=\"wp-block-separator has-alpha-channel-opacity\"\/>\n\n\n\n<h1 class=\"wp-block-heading\">IX. Patronka Europy: Dlaczego Katarzyna pozostaje niezb\u0119dna dla Zachodu<\/h1>\n\n\n\n<p>\u015awi\u0119ty Jan Pawe\u0142 II og\u0142osi\u0142 j\u0105 Patronk\u0105 Europy w 1999 roku.<\/p>\n\n\n\n<p>Dlaczego?<\/p>\n\n\n\n<p>Poniewa\u017c Europy nie mo\u017cna rozumie\u0107 jedynie jako projektu gospodarczego czy politycznego.<\/p>\n\n\n\n<p>Europa narodzi\u0142a si\u0119 z chrze\u015bcija\u0144skich korzeni.<\/p>\n\n\n\n<p>Katarzyna reprezentuje:<\/p>\n\n\n\n<ul class=\"wp-block-list\">\n<li>Godno\u015b\u0107 sumienia o\u015bwieconego przez Boga<\/li>\n\n\n\n<li>Centralno\u015b\u0107 Chrystusa<\/li>\n\n\n\n<li>Obron\u0119 prawdy<\/li>\n\n\n\n<li>Reform\u0119 moraln\u0105<\/li>\n\n\n\n<li>Jedno\u015b\u0107 duchow\u0105<\/li>\n<\/ul>\n\n\n\n<p>W zsekularyzowanej, technokratycznej Europie, cz\u0119sto oderwanej od w\u0142asnych korzeni, \u015awi\u0119ta Katarzyna przypomina, \u017ce cywilizacja bez duszy ostatecznie gubi sam\u0105 siebie.<\/p>\n\n\n\n<hr class=\"wp-block-separator has-alpha-channel-opacity\"\/>\n\n\n\n<h1 class=\"wp-block-heading\">X. Praktyczne zastosowania na dzi\u015b: Jak \u017cy\u0107 jak \u015awi\u0119ta Katarzyna w XXI wieku<\/h1>\n\n\n\n<h2 class=\"wp-block-heading\">1. Odzyskaj \u017cycie wewn\u0119trzne<\/h2>\n\n\n\n<p>Mniej ha\u0142asu, wi\u0119cej modlitwy.<\/p>\n\n\n\n<h2 class=\"wp-block-heading\">2. Kochaj Ko\u015bci\u00f3\u0142 bez naiwno\u015bci<\/h2>\n\n\n\n<p>Wierno\u015b\u0107 nie oznacza zaprzeczania problemom, lecz walk\u0119 o \u015bwi\u0119to\u015b\u0107.<\/p>\n\n\n\n<h2 class=\"wp-block-heading\">3. \u0141\u0105cz kontemplacj\u0119 z dzia\u0142aniem<\/h2>\n\n\n\n<p>Nie wystarczy si\u0119 modli\u0107; trzeba tak\u017ce s\u0142u\u017cy\u0107.<\/p>\n\n\n\n<h2 class=\"wp-block-heading\">4. M\u00f3w prawd\u0119<\/h2>\n\n\n\n<p>Katarzyna nie szuka\u0142a tego, by si\u0119 podoba\u0107, lecz by ratowa\u0107.<\/p>\n\n\n\n<h2 class=\"wp-block-heading\">5. \u017byj skupiony na Chrystusie ukrzy\u017cowanym<\/h2>\n\n\n\n<p>Krzy\u017c pozostaje odpowiedzi\u0105 na chaos.<\/p>\n\n\n\n<hr class=\"wp-block-separator has-alpha-channel-opacity\"\/>\n\n\n\n<h1 class=\"wp-block-heading\">XI. Duchowo\u015b\u0107 na czasy kryzysu<\/h1>\n\n\n\n<p>\u015awi\u0119ta Katarzyna uczy, \u017ce kryzysy nie s\u0105 wym\u00f3wk\u0105 do porzucenia wiary, lecz okazj\u0105 do radykalizacji \u015bwi\u0119to\u015bci.<\/p>\n\n\n\n<p>Nie czeka\u0142a na lepsze czasy, by dzia\u0142a\u0107.<br>Sta\u0142a si\u0119 \u015bwi\u0119t\u0105 po\u015br\u00f3d katastrofy.<\/p>\n\n\n\n<p>I by\u0107 mo\u017ce to jest jej najpilniejsza lekcja dla nas:<\/p>\n\n\n\n<h3 class=\"wp-block-heading\">Nie przeklinaj ciemno\u015bci; sta\u0144 si\u0119 \u015bwiat\u0142em.<\/h3>\n\n\n\n<hr class=\"wp-block-separator has-alpha-channel-opacity\"\/>\n\n\n\n<h1 class=\"wp-block-heading\">Zako\u0144czenie: \u015awi\u0119ta Katarzyna i twoje w\u0142asne powo\u0142anie<\/h1>\n\n\n\n<p>\u015awi\u0119ta Katarzyna ze Sieny nie by\u0142a wielka dzi\u0119ki ludzkiej w\u0142adzy, lecz dzi\u0119ki absolutnej uleg\u0142o\u015bci wobec Boga.<\/p>\n\n\n\n<p>Jej \u017cycie g\u0142osi, \u017ce \u015bwi\u0119to\u015b\u0107 nie jest zarezerwowana dla duchowie\u0144stwa, uczonych czy niezwyk\u0142ych postaci historycznych.<\/p>\n\n\n\n<p>Jest otwarta dla ka\u017cdego, kto bez zastrze\u017ce\u0144 powie \u201etak\u201d.<\/p>\n\n\n\n<p>W epoce zam\u0119tu, letnio\u015bci i ha\u0142asu jej g\u0142os nadal rozbrzmiewa:<\/p>\n\n\n\n<h2 class=\"wp-block-heading\">\u201eDo\u015b\u0107 tch\u00f3rzliwego milczenia. Do\u015b\u0107 powierzchownej wiary. Do\u015b\u0107 wygodnego chrze\u015bcija\u0144stwa.\u201d<\/h2>\n\n\n\n<p>Chrystus nadal szuka dusz p\u0142on\u0105cych.<\/p>\n\n\n\n<p>I by\u0107 mo\u017ce, jak w Sienie, tak\u017ce dzi\u015b chce zmieni\u0107 \u015bwiat\u2026 poprzez jedn\u0105 osob\u0119 ca\u0142kowicie oddan\u0105.<\/p>\n\n\n\n<h2 class=\"wp-block-heading\">\u201eSta\u0144cie si\u0119 tym, kim B\u00f3g chce, aby\u015bcie byli, a podpalicie \u015bwiat.\u201d<\/h2>\n\n\n\n<p>\u2014 \u015awi\u0119ta Katarzyna ze Sieny<\/p>\n","protected":false},"excerpt":{"rendered":"<p>Wprowadzenie: Gdy \u015bwiat p\u0142onie, B\u00f3g wzbudza \u015bwi\u0119tych S\u0105 w historii chwile, kiedy wszystko wydaje si\u0119 chwia\u0107: moralna korupcja, polityczne podzia\u0142y, kryzys duchowy, s\u0142abi przyw\u00f3dcy i zagubione spo\u0142ecze\u0144stwo. Wielu wtedy uwa\u017ca, \u017ce ciemno\u015b\u0107 zwyci\u0119\u017cy\u0142a\u2026 lecz historia Ko\u015bcio\u0142a dowodzi czego\u015b przeciwnego: w\u0142a\u015bnie w najciemniejszych czasach B\u00f3g wzbudza dusze ognia. Jedn\u0105 z takich dusz by\u0142a \u015awi\u0119ta Katarzyna ze &hellip;<\/p>\n","protected":false},"author":3,"featured_media":5859,"comment_status":"closed","ping_status":"closed","sticky":false,"template":"","format":"standard","meta":{"_seopress_robots_primary_cat":"","_seopress_titles_title":"","_seopress_titles_desc":"","_seopress_robots_index":"","footnotes":""},"categories":[38,49],"tags":[1837],"class_list":["post-5862","post","type-post","status-publish","format-standard","has-post-thumbnail","","category-historia-i-tradycja","category-ojcowie-kosciola-i-doktorzy-kosciola","tag-swieta-katarzyna-ze-sieny"],"_links":{"self":[{"href":"https:\/\/catholicus.eu\/pl\/wp-json\/wp\/v2\/posts\/5862","targetHints":{"allow":["GET"]}}],"collection":[{"href":"https:\/\/catholicus.eu\/pl\/wp-json\/wp\/v2\/posts"}],"about":[{"href":"https:\/\/catholicus.eu\/pl\/wp-json\/wp\/v2\/types\/post"}],"author":[{"embeddable":true,"href":"https:\/\/catholicus.eu\/pl\/wp-json\/wp\/v2\/users\/3"}],"replies":[{"embeddable":true,"href":"https:\/\/catholicus.eu\/pl\/wp-json\/wp\/v2\/comments?post=5862"}],"version-history":[{"count":1,"href":"https:\/\/catholicus.eu\/pl\/wp-json\/wp\/v2\/posts\/5862\/revisions"}],"predecessor-version":[{"id":5863,"href":"https:\/\/catholicus.eu\/pl\/wp-json\/wp\/v2\/posts\/5862\/revisions\/5863"}],"wp:featuredmedia":[{"embeddable":true,"href":"https:\/\/catholicus.eu\/pl\/wp-json\/wp\/v2\/media\/5859"}],"wp:attachment":[{"href":"https:\/\/catholicus.eu\/pl\/wp-json\/wp\/v2\/media?parent=5862"}],"wp:term":[{"taxonomy":"category","embeddable":true,"href":"https:\/\/catholicus.eu\/pl\/wp-json\/wp\/v2\/categories?post=5862"},{"taxonomy":"post_tag","embeddable":true,"href":"https:\/\/catholicus.eu\/pl\/wp-json\/wp\/v2\/tags?post=5862"}],"curies":[{"name":"wp","href":"https:\/\/api.w.org\/{rel}","templated":true}]}}