{"id":5847,"date":"2026-04-29T13:00:35","date_gmt":"2026-04-29T11:00:35","guid":{"rendered":"https:\/\/catholicus.eu\/pl\/?p=5847"},"modified":"2026-04-29T13:00:35","modified_gmt":"2026-04-29T11:00:35","slug":"o-czwartym-artykule-credo-umeczon-pod-poncjuszem-pilatem-ukrzyzowan-umarl-i-pogrzebion","status":"publish","type":"post","link":"https:\/\/catholicus.eu\/pl\/o-czwartym-artykule-credo-umeczon-pod-poncjuszem-pilatem-ukrzyzowan-umarl-i-pogrzebion\/","title":{"rendered":"O czwartym artykule Credo: \u201eUm\u0119czon pod Poncjuszem Pi\u0142atem; ukrzy\u017cowan, umar\u0142 i pogrzebion\u201d"},"content":{"rendered":"\n<h2 class=\"wp-block-heading\">Niesko\u0144czona cena naszego odkupienia i poruszaj\u0105ca tajemnica Krzy\u017ca<\/h2>\n\n\n\n<p>S\u0105 s\u0142owa, kt\u00f3re przez to, \u017ce powtarzali\u015bmy je tak wiele razy, ryzykuj\u0105, \u017ce przestaj\u0105 nas porusza\u0107.<\/p>\n\n\n\n<p>\u201eUm\u0119czon pod Poncjuszem Pi\u0142atem; ukrzy\u017cowan, umar\u0142 i pogrzebion.\u201d<\/p>\n\n\n\n<p>Wypowiadamy je w ka\u017cdym Credo. S\u0142yszymy je od dzieci\u0144stwa. Znamy je na pami\u0119\u0107.<\/p>\n\n\n\n<p>Ale gdyby\u015bmy naprawd\u0119 zrozumieli, co zawieraj\u0105\u2026 upadliby\u015bmy na kolana.<\/p>\n\n\n\n<p>Bo nie jeste\u015bmy tu jedynie przed formu\u0142\u0105 doktrynaln\u0105: stoimy przed samym centrum historii ludzko\u015bci. Tu skupia si\u0119 dramat grzechu, Bo\u017ca sprawiedliwo\u015b\u0107, niesko\u0144czona mi\u0142o\u015b\u0107 Boga, kl\u0119ska Szatana i odkupienie cz\u0142owieka.<\/p>\n\n\n\n<p>Czwarty artyku\u0142 Credo nie jest drugorz\u0119dnym szczeg\u00f3\u0142em naszej wiary. Jest krwawi\u0105cym sercem chrze\u015bcija\u0144stwa.<\/p>\n\n\n\n<p>Bez M\u0119ki nie ma odkupienia.<br>Bez Krzy\u017ca nie ma zbawienia.<br>Bez Krwi Baranka nie ma nadziei.<\/p>\n\n\n\n<h2 class=\"wp-block-heading\">I. \u201eUm\u0119czon\u201d: ma\u0142e s\u0142owo dla oceanu cierpienia<\/h2>\n\n\n\n<p>Katechizm uczy, \u017ce s\u0142owo \u201eum\u0119czon\u201d wyra\u017ca wszystkie cierpienia, kt\u00f3re Jezus Chrystus zni\u00f3s\u0142 w swojej M\u0119ce.<\/p>\n\n\n\n<p>I tutaj trzeba si\u0119 g\u0142\u0119boko zatrzyma\u0107.<\/p>\n\n\n\n<p>Nie m\u00f3wi jedynie, \u017ce \u201eumar\u0142\u201d. Najpierw m\u00f3wi, \u017ce \u201ecierpia\u0142\u201d.<\/p>\n\n\n\n<p>Bo Chrystus nie przyszed\u0142 tylko po to, aby umrze\u0107, ale aby dobrowolnie cierpie\u0107 z mi\u0142o\u015bci.<\/p>\n\n\n\n<p>Od Getsemani a\u017c po Golgot\u0119, Pan nasz przyj\u0105\u0142 \u0142a\u0144cuch cierpie\u0144 fizycznych, moralnych, duchowych i mistycznych, kt\u00f3rych nie spos\u00f3b w pe\u0142ni zmierzy\u0107:<\/p>\n\n\n\n<h3 class=\"wp-block-heading\">1. Cierpienie fizyczne<\/h3>\n\n\n\n<ul class=\"wp-block-list\">\n<li>Agonia w Ogrodzie, a\u017c do krwawego potu.<\/li>\n\n\n\n<li>Brutalne biczowanie przy kolumnie.<\/li>\n\n\n\n<li>Korona cierniowa.<\/li>\n\n\n\n<li>Uderzenia, policzkowania i plucie.<\/li>\n\n\n\n<li>Ci\u0119\u017car Krzy\u017ca.<\/li>\n\n\n\n<li>Ukrzy\u017cowanie gwo\u017ad\u017ami.<\/li>\n\n\n\n<li>Stopniowe duszenie si\u0119.<\/li>\n\n\n\n<li>Ostatnie przebicie w\u0142\u00f3czni\u0105.<\/li>\n<\/ul>\n\n\n\n<h3 class=\"wp-block-heading\">2. Cierpienie moralne<\/h3>\n\n\n\n<ul class=\"wp-block-list\">\n<li>Zdrada Judasza.<\/li>\n\n\n\n<li>Opuszczenie przez wielu uczni\u00f3w.<\/li>\n\n\n\n<li>Zaparcie si\u0119 Piotra.<\/li>\n\n\n\n<li>Szyderstwa t\u0142umu.<\/li>\n\n\n\n<li>Tch\u00f3rzostwo Pi\u0142ata.<\/li>\n\n\n\n<li>Publiczne upokorzenie.<\/li>\n<\/ul>\n\n\n\n<h3 class=\"wp-block-heading\">3. Cierpienie duchowe<\/h3>\n\n\n\n<p>Chrystus, w tajemniczy spos\u00f3b nios\u0105cy grzechy \u015bwiata, zechcia\u0142 do\u015bwiadczy\u0107 ci\u0119\u017caru oddzielenia spowodowanego przez grzech:<br>\u201eBo\u017ce m\u00f3j, Bo\u017ce m\u00f3j, czemu\u015b Mnie opu\u015bci\u0142?\u201d<\/p>\n\n\n\n<p>Nie dlatego, \u017ce Ojciec naprawd\u0119 opu\u015bci\u0142 Syna w Jego B\u00f3stwie, lecz dlatego, \u017ce Chrystus chcia\u0142 wypi\u0107 a\u017c do dna kielich ludzkiego cierpienia.<\/p>\n\n\n\n<h2 class=\"wp-block-heading\">II. Czy B\u00f3g umar\u0142?<\/h2>\n\n\n\n<p>Wchodzimy tutaj w jedn\u0105 z najwznio\u015blejszych tajemnic teologii katolickiej.<\/p>\n\n\n\n<p>Jezus Chrystus umar\u0142 w swojej naturze ludzkiej, nie w naturze Boskiej.<\/p>\n\n\n\n<p>Natura Bo\u017ca jest niecierpi\u0119tliwa i nie\u015bmiertelna. B\u00f3g nie mo\u017ce przesta\u0107 istnie\u0107.<\/p>\n\n\n\n<p>Ale Jezus Chrystus jest jedn\u0105 Osob\u0105 Bosk\u0105 w dw\u00f3ch naturach:<\/p>\n\n\n\n<ul class=\"wp-block-list\">\n<li>prawdziwy B\u00f3g<\/li>\n\n\n\n<li>prawdziwy cz\u0142owiek<\/li>\n<\/ul>\n\n\n\n<p>Jego cia\u0142o naprawd\u0119 umar\u0142o. Jego dusza ludzka oddzieli\u0142a si\u0119 od cia\u0142a. Ale Jego B\u00f3stwo pozosta\u0142o zjednoczone z oboma.<\/p>\n\n\n\n<p>Ten punkt jest fundamentalny.<\/p>\n\n\n\n<p>Nie umar\u0142 po prostu dobry cz\u0142owiek.<br>Nie umar\u0142 prorok.<br>Nie umar\u0142 zwyk\u0142y m\u0119czennik.<\/p>\n\n\n\n<p>S\u0142owo Wcielone umar\u0142o w swojej naturze ludzkiej.<\/p>\n\n\n\n<p>Dlatego ka\u017cda kropla Krwi ma niesko\u0144czon\u0105 warto\u015b\u0107.<\/p>\n\n\n\n<h2 class=\"wp-block-heading\">III. Poncjusz Pi\u0142at: wieczny symbol ludzkiego respektu i politycznej tch\u00f3rzliwo\u015bci<\/h2>\n\n\n\n<p>Credo wspomina Poncjusza Pi\u0142ata z imienia. Nie jest to przypadek.<\/p>\n\n\n\n<p>Pi\u0142at reprezentuje wszystkich, kt\u00f3rzy rozpoznaj\u0105 prawd\u0119, ale ulegaj\u0105 presji \u015bwiata.<\/p>\n\n\n\n<p>Wiedzia\u0142, \u017ce Chrystus jest niewinny. Og\u0142osi\u0142 to publicznie. Chcia\u0142 umy\u0107 r\u0119ce.<\/p>\n\n\n\n<p>Ale ust\u0105pi\u0142.<\/p>\n\n\n\n<p>Tu jest bardzo aktualna lekcja.<\/p>\n\n\n\n<p>Ilu dzi\u015b wie, co jest prawd\u0105, ale milczy ze strachu?<br>Ilu woli przypodoba\u0107 si\u0119 t\u0142umowi ni\u017c broni\u0107 Chrystusa?<br>Ilu, aby zachowa\u0107 w\u0142adz\u0119, presti\u017c lub akceptacj\u0119 spo\u0142eczn\u0105, ponownie Go pot\u0119pia?<\/p>\n\n\n\n<p>Pi\u0142at nie by\u0142 tylko postaci\u0105 historyczn\u0105.<\/p>\n\n\n\n<p>Pi\u0142at powraca zawsze, gdy prawda zostaje po\u015bwi\u0119cona wygodzie.<\/p>\n\n\n\n<h2 class=\"wp-block-heading\">IV. Krzy\u017c: najokrutniejsza i najbardziej chwalebna kara<\/h2>\n\n\n\n<p>Rzymskie ukrzy\u017cowanie by\u0142o najokrutniejsz\u0105 i najbardziej upokarzaj\u0105c\u0105 kar\u0105.<\/p>\n\n\n\n<p>Nie tylko zabija\u0142o, ale poni\u017ca\u0142o.<\/p>\n\n\n\n<p>By\u0142a to \u015bmier\u0107:<\/p>\n\n\n\n<ul class=\"wp-block-list\">\n<li>publiczna<\/li>\n\n\n\n<li>powolna<\/li>\n\n\n\n<li>bolesna<\/li>\n\n\n\n<li>haniebna<\/li>\n<\/ul>\n\n\n\n<p>I w\u0142a\u015bnie tak\u0105 wybra\u0142 Chrystus.<\/p>\n\n\n\n<p>Dlaczego?<\/p>\n\n\n\n<p>Poniewa\u017c chcia\u0142 zej\u015b\u0107 do najg\u0142\u0119bszej otch\u0142ani naszej n\u0119dzy, aby wszystko odkupi\u0107.<\/p>\n\n\n\n<p>Krzy\u017c, narz\u0119dzie tortur, sta\u0142 si\u0119 tronem.<br>Ha\u0144ba sta\u0142a si\u0119 chwa\u0142\u0105.<br>Pozorna kl\u0119ska sta\u0142a si\u0119 wiecznym zwyci\u0119stwem.<\/p>\n\n\n\n<p>Dlatego katolik nie widzi Krzy\u017ca jako zwyk\u0142ego symbolu dekoracyjnego. Widzi go jako o\u0142tarz, na kt\u00f3rym zap\u0142acono jego okup.<\/p>\n\n\n\n<h2 class=\"wp-block-heading\">V. Czy Jezus m\u00f3g\u0142 si\u0119 uwolni\u0107?<\/h2>\n\n\n\n<p>Tak. Absolutnie.<\/p>\n\n\n\n<p>Jednym s\u0142owem m\u00f3g\u0142 powali\u0107 swoich wrog\u00f3w.<\/p>\n\n\n\n<p>Pokaza\u0142 to ju\u017c w Getsemani, gdy powiedzia\u0142: \u201eJa jestem\u201d, i upadli na ziemi\u0119.<\/p>\n\n\n\n<p>Chrystus nie by\u0142 bezsiln\u0105 ofiar\u0105. By\u0142 Kap\u0142anem i dobrowoln\u0105 Ofiar\u0105.<\/p>\n\n\n\n<p>Nikt nie odebra\u0142 Mu \u017cycia. On je odda\u0142.<\/p>\n\n\n\n<p>Tu ja\u015bnieje prawdziwa mi\u0142o\u015b\u0107:<br>Nie kocha\u0107 wtedy, gdy nie ma innego wyj\u015bcia\u2026<br>lecz wybra\u0107 ofiar\u0119, cho\u0107 mo\u017cna jej unikn\u0105\u0107.<\/p>\n\n\n\n<h2 class=\"wp-block-heading\">VI. Dlaczego musia\u0142 by\u0107 jednocze\u015bnie Bogiem i cz\u0142owiekiem?<\/h2>\n\n\n\n<p>To pytanie dotyka samego rdzenia odkupienia.<\/p>\n\n\n\n<p>Grzech obra\u017ca Boga, kt\u00f3rego majestat jest niesko\u0144czony.<br>Dlatego zado\u015b\u0107uczynienie musia\u0142o mie\u0107 niesko\u0144czon\u0105 warto\u015b\u0107.<\/p>\n\n\n\n<p>Ale cz\u0142owiek zgrzeszy\u0142, wi\u0119c cz\u0142owiek musia\u0142 zap\u0142aci\u0107.<\/p>\n\n\n\n<p>Problem:<br>Cz\u0142owiek sko\u0144czony nie mo\u017ce da\u0107 niesko\u0144czonego zado\u015b\u0107uczynienia.<\/p>\n\n\n\n<p>Rozwi\u0105zanie Bo\u017ce:<br>Syn Bo\u017cy staje si\u0119 cz\u0142owiekiem.<\/p>\n\n\n\n<p>Jako cz\u0142owiek mo\u017ce cierpie\u0107.<br>Jako B\u00f3g Jego cierpienie ma warto\u015b\u0107 niesko\u0144czon\u0105.<\/p>\n\n\n\n<p>Tylko Jezus Chrystus m\u00f3g\u0142 zbudowa\u0107 most.<\/p>\n\n\n\n<p>\u017baden anio\u0142 nie wystarczy\u0142by.<br>Nie ca\u0142a ludzko\u015b\u0107 razem.<br>Nie wieki pokuty.<\/p>\n\n\n\n<p>Tylko B\u00f3g-Cz\u0142owiek.<\/p>\n\n\n\n<h2 class=\"wp-block-heading\">VII. Czy by\u0142o konieczne a\u017c tak wielkie cierpienie?<\/h2>\n\n\n\n<p>Teologicznie: nie.<\/p>\n\n\n\n<p>Najmniejszy czyn Chrystusa mia\u0142 warto\u015b\u0107 niesko\u0144czon\u0105.<\/p>\n\n\n\n<p>Jedna \u0142za wystarczy\u0142aby.<\/p>\n\n\n\n<p>Dlaczego wi\u0119c tak wiele b\u00f3lu?<\/p>\n\n\n\n<h3 class=\"wp-block-heading\">Poniewa\u017c chcia\u0142:<\/h3>\n\n\n\n<h3 class=\"wp-block-heading\">1. Pokaza\u0107 straszliw\u0105 powag\u0119 grzechu<\/h3>\n\n\n\n<p>Je\u015bli grzech by\u0142by czym\u015b ma\u0142ym, czy taki koszt by\u0142by potrzebny?<\/p>\n\n\n\n<h3 class=\"wp-block-heading\">2. Objawi\u0107 bezmiar mi\u0142o\u015bci Boga<\/h3>\n\n\n\n<p>Krzy\u017c odpowiada na zawsze ka\u017cdemu, kto w\u0105tpi w Bo\u017c\u0105 mi\u0142o\u015b\u0107.<\/p>\n\n\n\n<h3 class=\"wp-block-heading\">3. Poruszy\u0107 nasze serca do nawr\u00f3cenia<\/h3>\n\n\n\n<p>Ka\u017cda rana wo\u0142a:<br>\u201eTak ci\u0119 kocham.\u201d<br>\u201eTak wielki jest grzech.\u201d<br>\u201eNie krzy\u017cuj Mnie ponownie.\u201d<\/p>\n\n\n\n<h2 class=\"wp-block-heading\">VIII. Siedem s\u0142\u00f3w z Krzy\u017ca: wieczny testament<\/h2>\n\n\n\n<p>Z Krzy\u017ca Chrystus:<\/p>\n\n\n\n<ul class=\"wp-block-list\">\n<li>przebacza swoim oprawcom,<\/li>\n\n\n\n<li>obiecuje Raj dobremu \u0142otrowi,<\/li>\n\n\n\n<li>daje nam Maryj\u0119 za Matk\u0119,<\/li>\n\n\n\n<li>wyra\u017ca swoje pragnienie,<\/li>\n\n\n\n<li>og\u0142asza wype\u0142nienie,<\/li>\n\n\n\n<li>oddaje swojego ducha.<\/li>\n<\/ul>\n\n\n\n<p>Na Golgocie rodzi si\u0119 tak\u017ce nasze duchowe macierzy\u0144stwo:<br>\u201eOto Matka twoja.\u201d<\/p>\n\n\n\n<p>Maryja nie jest dodatkiem emocjonalnym. Jest darem Ukrzy\u017cowanego Chrystusa.<\/p>\n\n\n\n<h2 class=\"wp-block-heading\">IX. Cuda Jego \u015bmierci: stworzenie dr\u017cy<\/h2>\n\n\n\n<p>Gdy Chrystus umiera:<\/p>\n\n\n\n<ul class=\"wp-block-list\">\n<li>s\u0142o\u0144ce si\u0119 za\u0107miewa,<\/li>\n\n\n\n<li>ziemia si\u0119 trz\u0119sie,<\/li>\n\n\n\n<li>zas\u0142ona \u015bwi\u0105tyni si\u0119 rozdziera,<\/li>\n\n\n\n<li>groby si\u0119 otwieraj\u0105.<\/li>\n<\/ul>\n\n\n\n<p>Natura reaguje, poniewa\u017c jej Stw\u00f3rca jest sk\u0142adany w ofierze.<\/p>\n\n\n\n<p>Rozdarcie zas\u0142ony oznacza co\u015b wielkiego:<br>Dost\u0119p do Boga zosta\u0142 otwarty przez Krew Baranka.<\/p>\n\n\n\n<h2 class=\"wp-block-heading\">X. Zosta\u0142 pogrzebany: pe\u0142na rzeczywisto\u015b\u0107 Jego \u015bmierci<\/h2>\n\n\n\n<p>Chrystus zosta\u0142 naprawd\u0119 pogrzebany.<\/p>\n\n\n\n<p>Nie tylko wydawa\u0142 si\u0119 martwy.<br>Nie tylko zemdla\u0142.<br>Nie by\u0142 symbolem.<\/p>\n\n\n\n<p>Naprawd\u0119 umar\u0142.<\/p>\n\n\n\n<p>Nowy gr\u00f3b potwierdza historyczn\u0105 rzeczywisto\u015b\u0107 Jego \u015bmierci\u2026 i przygotowuje niewyobra\u017caln\u0105 chwa\u0142\u0119 Zmartwychwstania.<\/p>\n\n\n\n<h2 class=\"wp-block-heading\">XI. Umar\u0142 za wszystkich\u2026 ale nie wszyscy s\u0105 zbawieni<\/h2>\n\n\n\n<p>Tu teologia katolicka jest jasna:<\/p>\n\n\n\n<p>Chrystus umar\u0142 za wszystkich bez wyj\u0105tku.<br>Jego ofiara jest wystarczaj\u0105ca dla wszystkich.<br>Ale nie wszyscy przyjmuj\u0105 jej owoce.<\/p>\n\n\n\n<p>Zbawienie nie jest narzucone.<\/p>\n\n\n\n<p>Wielu odrzuca:<\/p>\n\n\n\n<ul class=\"wp-block-list\">\n<li>wiar\u0119<\/li>\n\n\n\n<li>nawr\u00f3cenie<\/li>\n\n\n\n<li>sakramenty<\/li>\n\n\n\n<li>pos\u0142usze\u0144stwo<\/li>\n<\/ul>\n\n\n\n<p>Krzy\u017c otwiera drzwi.<br>Ale ka\u017cda dusza musi wej\u015b\u0107.<\/p>\n\n\n\n<h2 class=\"wp-block-heading\">XII. Sakramenty: \u017cywe zastosowanie M\u0119ki<\/h2>\n\n\n\n<p>Ko\u015bci\u00f3\u0142 uczy czego\u015b istotnego: nie wystarczy wiedzie\u0107, \u017ce Chrystus umar\u0142.<\/p>\n\n\n\n<p>Zas\u0142ugi Jego M\u0119ki musz\u0105 by\u0107 zastosowane osobi\u015bcie.<\/p>\n\n\n\n<p>Jak?<br>Przede wszystkim przez sakramenty:<\/p>\n\n\n\n<ul class=\"wp-block-list\">\n<li>Chrzest<\/li>\n\n\n\n<li>Spowied\u017a<\/li>\n\n\n\n<li>Eucharystia<\/li>\n\n\n\n<li>itd.<\/li>\n<\/ul>\n\n\n\n<p>Sakramenty nie s\u0105 pustymi rytua\u0142ami; s\u0105 kana\u0142ami Krwi Chrystusa.<\/p>\n\n\n\n<p>Gardzi\u0107 nimi to odrzuca\u0107 lekarstwo.<\/p>\n\n\n\n<h2 class=\"wp-block-heading\">XIII. Wielka wsp\u00f3\u0142czesna tragedia: chcie\u0107 Chrystusa bez Krzy\u017ca<\/h2>\n\n\n\n<p>Dzi\u015b wielu chce Jezusa inspiruj\u0105cego, ale nie ukrzy\u017cowanego.<br>Jezusa terapeuty, ale nie Odkupiciela.<br>Jezusa tolerancyjnego, ale nie Zbawiciela.<\/p>\n\n\n\n<p>Ale Credo nie m\u00f3wi:<br>\u201eBy\u0142 podziwiany, oklaskiwany i rozumiany.\u201d<\/p>\n\n\n\n<p>M\u00f3wi:<br>\u201eCierpia\u0142\u2026 zosta\u0142 ukrzy\u017cowany\u2026\u201d<\/p>\n\n\n\n<p>Chrze\u015bcija\u0144stwo bez Krzy\u017ca nie zbawia.<br>Wiara bez ofiary pustoszeje.<br>Religia bez zado\u015b\u0107uczynienia staje si\u0119 sentymentalizmem.<\/p>\n\n\n\n<h2 class=\"wp-block-heading\">XIV. Czego ten artyku\u0142 od nas wymaga?<\/h2>\n\n\n\n<h3 class=\"wp-block-heading\">1. Wstr\u0119t do grzechu<\/h3>\n\n\n\n<p>Ka\u017cdy grzech \u015bmiertelny wo\u0142a: \u201eUkrzy\u017cuj Go.\u201d<\/p>\n\n\n\n<h3 class=\"wp-block-heading\">2. Niesko\u0144czona wdzi\u0119czno\u015b\u0107<\/h3>\n\n\n\n<p>Zostali\u015bmy kupieni nie z\u0142otem, lecz Krwi\u0105.<\/p>\n\n\n\n<h3 class=\"wp-block-heading\">3. Zjednoczenie z naszym cierpieniem<\/h3>\n\n\n\n<p>Gdy cierpimy zjednoczeni z Chrystusem, Krzy\u017c staje si\u0119 drog\u0105 u\u015bwi\u0119cenia.<\/p>\n\n\n\n<h3 class=\"wp-block-heading\">4. Wierno\u015b\u0107<\/h3>\n\n\n\n<p>Nie wystarczy wzruszy\u0107 si\u0119 przed Ukrzy\u017cowanym. Trzeba za Nim i\u015b\u0107.<\/p>\n\n\n\n<h2 class=\"wp-block-heading\">Zako\u0144czenie: patrze\u0107 na Krzy\u017c, a\u017c zrozumiemy, kim jeste\u015bmy<\/h2>\n\n\n\n<p>Czwarty artyku\u0142 Credo uczy nas dw\u00f3ch nieroz\u0142\u0105cznych prawd:<\/p>\n\n\n\n<h3 class=\"wp-block-heading\">Grozy grzechu<\/h3>\n\n\n\n<p>i<\/p>\n\n\n\n<h3 class=\"wp-block-heading\">Bezmiaru Bo\u017cej mi\u0142o\u015bci<\/h3>\n\n\n\n<p>Sp\u00f3jrz na Krzy\u017c i zrozumiesz, ile kosztuje grzech.<br>Sp\u00f3jrz na Krzy\u017c i zrozumiesz, ile jeste\u015b wart dla Boga.<\/p>\n\n\n\n<p>Nie jeste\u015b przypadkiem.<br>Nie jeste\u015b statystyk\u0105.<br>Nie jeste\u015b odpadem.<\/p>\n\n\n\n<p>Jeste\u015b dusz\u0105, za kt\u00f3r\u0105 Chrystus przyj\u0105\u0142:<\/p>\n\n\n\n<ul class=\"wp-block-list\">\n<li>biczowanie,<\/li>\n\n\n\n<li>ciernie,<\/li>\n\n\n\n<li>gwo\u017adzie,<\/li>\n\n\n\n<li>pragnienie,<\/li>\n\n\n\n<li>w\u0142\u00f3czni\u0119,<\/li>\n\n\n\n<li>gr\u00f3b.<\/li>\n<\/ul>\n\n\n\n<p>Ka\u017cdy Wielki Pi\u0105tek ca\u0142y wszech\u015bwiat zdaje si\u0119 szepta\u0107:<\/p>\n\n\n\n<p>\u201eTo nie \u017celazo utrzyma\u0142o Chrystusa na Krzy\u017cu\u2026 to by\u0142a mi\u0142o\u015b\u0107.\u201d<\/p>\n\n\n\n<p>A teraz wielkie pytanie nie brzmi tylko:<br>\u201eCo Chrystus wycierpia\u0142?\u201d<\/p>\n\n\n\n<p>Ale:<br>\u201eCo ja zrobi\u0119 z t\u0105 ofiar\u0105?\u201d<\/p>\n\n\n\n<p>Bo wobec Krzy\u017ca nikt nie pozostaje neutralny.<br>Albo go przyjmiesz\u2026<br>albo nim wzgardzisz.<\/p>\n\n\n\n<p>A od tej odpowiedzi zale\u017cy wieczno\u015b\u0107.<\/p>\n","protected":false},"excerpt":{"rendered":"<p>Niesko\u0144czona cena naszego odkupienia i poruszaj\u0105ca tajemnica Krzy\u017ca S\u0105 s\u0142owa, kt\u00f3re przez to, \u017ce powtarzali\u015bmy je tak wiele razy, ryzykuj\u0105, \u017ce przestaj\u0105 nas porusza\u0107. \u201eUm\u0119czon pod Poncjuszem Pi\u0142atem; ukrzy\u017cowan, umar\u0142 i pogrzebion.\u201d Wypowiadamy je w ka\u017cdym Credo. S\u0142yszymy je od dzieci\u0144stwa. Znamy je na pami\u0119\u0107. Ale gdyby\u015bmy naprawd\u0119 zrozumieli, co zawieraj\u0105\u2026 upadliby\u015bmy na kolana. Bo &hellip;<\/p>\n","protected":false},"author":3,"featured_media":5848,"comment_status":"closed","ping_status":"closed","sticky":false,"template":"","format":"standard","meta":{"_seopress_robots_primary_cat":"","_seopress_titles_title":"","_seopress_titles_desc":"","_seopress_robots_index":"","footnotes":""},"categories":[37,43],"tags":[1836],"class_list":["post-5847","post","type-post","status-publish","format-standard","has-post-thumbnail","","category-doktryna-i-wiara","category-katechizm-kosciola-katolickiego","tag-credo"],"_links":{"self":[{"href":"https:\/\/catholicus.eu\/pl\/wp-json\/wp\/v2\/posts\/5847","targetHints":{"allow":["GET"]}}],"collection":[{"href":"https:\/\/catholicus.eu\/pl\/wp-json\/wp\/v2\/posts"}],"about":[{"href":"https:\/\/catholicus.eu\/pl\/wp-json\/wp\/v2\/types\/post"}],"author":[{"embeddable":true,"href":"https:\/\/catholicus.eu\/pl\/wp-json\/wp\/v2\/users\/3"}],"replies":[{"embeddable":true,"href":"https:\/\/catholicus.eu\/pl\/wp-json\/wp\/v2\/comments?post=5847"}],"version-history":[{"count":1,"href":"https:\/\/catholicus.eu\/pl\/wp-json\/wp\/v2\/posts\/5847\/revisions"}],"predecessor-version":[{"id":5849,"href":"https:\/\/catholicus.eu\/pl\/wp-json\/wp\/v2\/posts\/5847\/revisions\/5849"}],"wp:featuredmedia":[{"embeddable":true,"href":"https:\/\/catholicus.eu\/pl\/wp-json\/wp\/v2\/media\/5848"}],"wp:attachment":[{"href":"https:\/\/catholicus.eu\/pl\/wp-json\/wp\/v2\/media?parent=5847"}],"wp:term":[{"taxonomy":"category","embeddable":true,"href":"https:\/\/catholicus.eu\/pl\/wp-json\/wp\/v2\/categories?post=5847"},{"taxonomy":"post_tag","embeddable":true,"href":"https:\/\/catholicus.eu\/pl\/wp-json\/wp\/v2\/tags?post=5847"}],"curies":[{"name":"wp","href":"https:\/\/api.w.org\/{rel}","templated":true}]}}