{"id":5838,"date":"2026-04-29T10:09:19","date_gmt":"2026-04-29T08:09:19","guid":{"rendered":"https:\/\/catholicus.eu\/pl\/?p=5838"},"modified":"2026-04-29T10:09:19","modified_gmt":"2026-04-29T08:09:19","slug":"o-pierwszym-artykule-credo-wierze-w-boga-ojca-wszechmogacego-stworzyciela-nieba-i-ziemi","status":"publish","type":"post","link":"https:\/\/catholicus.eu\/pl\/o-pierwszym-artykule-credo-wierze-w-boga-ojca-wszechmogacego-stworzyciela-nieba-i-ziemi\/","title":{"rendered":"O pierwszym artykule Credo: \u201eWierz\u0119 w Boga Ojca wszechmog\u0105cego, Stworzyciela nieba i ziemi\u201d"},"content":{"rendered":"\n<h2 class=\"wp-block-heading\">Fundament ca\u0142ej wiary katolickiej: kim jest B\u00f3g, kim jeste\u015b ty i dlaczego istniejesz<\/h2>\n\n\n\n<p>Istniej\u0105 prawdy, kt\u00f3rych nie tylko si\u0119 studiuje: one podtrzymuj\u0105 ca\u0142e \u017cycie.<\/p>\n\n\n\n<p>Pierwszy artyku\u0142 Credo nie jest po prostu zdaniem nauczonym w dzieci\u0144stwie ani mechaniczn\u0105 formu\u0142\u0105 powtarzan\u0105 podczas Mszy \u015awi\u0119tej. Jest kamieniem w\u0119gielnym ca\u0142ej katolickiej wizji \u015bwiata. Jest pocz\u0105tkiem ca\u0142ej teologii, ca\u0142ej prawdziwej antropologii, ca\u0142ej moralno\u015bci i ca\u0142ej nadziei.<\/p>\n\n\n\n<p><strong>\u201eWierz\u0119 w Boga Ojca wszechmog\u0105cego, Stworzyciela nieba i ziemi.\u201d<\/strong><\/p>\n\n\n\n<p>W tych kilku s\u0142owach ateizm upada, materializm zostaje skorygowany, wsp\u00f3\u0142czesny chaos otrzymuje odpowied\u017a, sens cierpienia zostaje o\u015bwietlony, a godno\u015b\u0107 cz\u0142owieka zostaje objawiona.<\/p>\n\n\n\n<p>Dzi\u015b \u017cyjemy w epoce, w kt\u00f3rej wielu potrafi korzysta\u0107 z technologii, ale nie wie, kto ich stworzy\u0142. M\u00f3wi si\u0119 o post\u0119pie, ale ignoruje si\u0119 pocz\u0105tek. Ub\u00f3stwia si\u0119 wolno\u015b\u0107, ale nie zna si\u0119 jej celu.<\/p>\n\n\n\n<p>Dlatego powr\u00f3t do Credo nie jest nostalgi\u0105: jest duchowym przetrwaniem.<\/p>\n\n\n\n<hr class=\"wp-block-separator has-alpha-channel-opacity\"\/>\n\n\n\n<h1 class=\"wp-block-heading\">I. \u201eWIERZ\u0118\u201d: NAJBARDZIEJ REWOLUCYJNY AKT W SCEPTYCZNYM \u015aWIECIE<\/h1>\n\n\n\n<p>Powiedzie\u0107 \u201ewierz\u0119\u201d nie znaczy \u201es\u0105dz\u0119\u201d.<\/p>\n\n\n\n<p>To nie jest mglista emocja.<br>To nie jest kulturowa preferencja.<br>To nie jest odziedziczona tradycja przyj\u0119ta bez refleksji.<\/p>\n\n\n\n<p>Wierzy\u0107, w sensie katolickim, oznacza przylgn\u0105\u0107 rozumem i wol\u0105 do Prawdy objawionej przez Boga.<\/p>\n\n\n\n<p>Wiara nie niszczy rozumu: ona go podnosi.<\/p>\n\n\n\n<h2 class=\"wp-block-heading\">Rozum i wiara: dwa skrzyd\u0142a ku Bogu<\/h2>\n\n\n\n<p>Tradycyjny katechizm naucza:<\/p>\n\n\n\n<p><strong>Wiemy, \u017ce B\u00f3g istnieje, poniewa\u017c rozum to wykazuje, a wiara to potwierdza.<\/strong><\/p>\n\n\n\n<p>To jest kluczowe.<\/p>\n\n\n\n<p>Ko\u015bci\u00f3\u0142 nigdy nie naucza\u0142 wiary irracjonalnej. Od Ojc\u00f3w Ko\u015bcio\u0142a po \u015bwi\u0119tego Tomasza z Akwinu chrze\u015bcija\u0144stwo broni\u0142o prawdy, \u017ce samo stworzenie wo\u0142a o istnienie Stw\u00f3rcy.<\/p>\n\n\n\n<h2 class=\"wp-block-heading\">Jak rozum to wykazuje?<\/h2>\n\n\n\n<h3 class=\"wp-block-heading\">1. Porz\u0105dek wszech\u015bwiata wymaga porz\u0105dkuj\u0105cej inteligencji<\/h3>\n\n\n\n<p>Nie mo\u017ce by\u0107 projektu bez Projektanta.<\/p>\n\n\n\n<h3 class=\"wp-block-heading\">2. Ka\u017cdy skutek ma przyczyn\u0119<\/h3>\n\n\n\n<p>Nic nie mo\u017ce absolutnie samo z siebie powsta\u0107 z niczego.<\/p>\n\n\n\n<h3 class=\"wp-block-heading\">3. Wewn\u0119trzne prawo moralne wskazuje na Prawodawc\u0119<\/h3>\n\n\n\n<p>Sumienie nie jest chemicznym przypadkiem.<\/p>\n\n\n\n<h3 class=\"wp-block-heading\">4. Przygodno\u015b\u0107 \u015bwiata wymaga Bytu koniecznego<\/h3>\n\n\n\n<p>Gdyby wszystko zale\u017ca\u0142o od czego\u015b innego, nic by nie istnia\u0142o.<\/p>\n\n\n\n<p>Innymi s\u0142owy:<\/p>\n\n\n\n<p><strong>Niewiara w Boga wymaga wi\u0119cej irracjonalnej wiary ni\u017c wiara w Niego.<\/strong><\/p>\n\n\n\n<hr class=\"wp-block-separator has-alpha-channel-opacity\"\/>\n\n\n\n<h1 class=\"wp-block-heading\">II. B\u00d3G JEST JEDEN: PRZECIW STARO\u017bYTNEJ WIELOBO\u017bNO\u015aCI I WSP\u00d3\u0141CZESNYM BO\u017bKOM<\/h1>\n\n\n\n<p>Wiara katolicka g\u0142osi absolutn\u0105 prawd\u0119:<\/p>\n\n\n\n<h2 class=\"wp-block-heading\">Jest tylko jeden B\u00f3g.<\/h2>\n\n\n\n<p>Nie wielu.<br>Nie bezosobowe energie.<br>Nie \u201ewszech\u015bwiat\u201d.<br>Nie \u201ematka ziemia\u201d.<br>Nie \u201emoja prawda\u201d.<\/p>\n\n\n\n<p>Jeden prawdziwy B\u00f3g: wieczny, niesko\u0144czony, doskona\u0142y, czysty duch.<\/p>\n\n\n\n<h2 class=\"wp-block-heading\">Nowe bo\u017cki nie znikn\u0119\u0142y; zmieni\u0142y jedynie nazwy<\/h2>\n\n\n\n<p>Dawniej czczono Baala.<br>Dzi\u015b czci si\u0119 pieni\u0105dz.<\/p>\n\n\n\n<p>Dawniej sk\u0142adano kadzid\u0142o pos\u0105gom.<br>Dzi\u015b po\u015bwi\u0119ca si\u0119 dusz\u0119 przyjemno\u015bci, w\u0142adzy, publicznemu wizerunkowi i ideologii.<\/p>\n\n\n\n<p>Cz\u0142owiek zawsze co\u015b czci.<br>Pytanie nie brzmi, czy czci, ale co czci.<\/p>\n\n\n\n<p>A gdy przestaje czci\u0107 Boga, ko\u0144czy na czczeniu rzeczy ni\u017cszych\u2026 nawet samego siebie.<\/p>\n\n\n\n<hr class=\"wp-block-separator has-alpha-channel-opacity\"\/>\n\n\n\n<h1 class=\"wp-block-heading\">III. \u201eOJCIEC\u201d: BOSKIE OJCOSTWO, KT\u00d3RE NADAJE SENS CA\u0141EMU ISTNIENIU<\/h1>\n\n\n\n<p>Nazywanie Boga Ojcem nie jest sentymentaln\u0105 metafor\u0105.<\/p>\n\n\n\n<p>To prawda o ogromnej g\u0142\u0119bi.<\/p>\n\n\n\n<h2 class=\"wp-block-heading\">B\u00f3g jest Ojcem na trzy sposoby:<\/h2>\n\n\n\n<h3 class=\"wp-block-heading\">1. Wieczny Ojciec Syna<\/h3>\n\n\n\n<p>Odwiecznie Ojciec rodzi Syna.<br>Nie stworzonego.<br>Nie p\u00f3\u017aniejszego.<br>Lecz wsp\u00f3\u0142istotnego.<\/p>\n\n\n\n<p>Tutaj wchodzimy w wznios\u0142\u0105 tajemnic\u0119 Tr\u00f3jcy Przenaj\u015bwi\u0119tszej.<\/p>\n\n\n\n<h3 class=\"wp-block-heading\">2. Ojciec ca\u0142ej ludzko\u015bci przez stworzenie<\/h3>\n\n\n\n<p>On nas stworzy\u0142.<br>On nas zachowuje.<br>On nami rz\u0105dzi.<\/p>\n\n\n\n<p>Nie jeste\u015bmy biologicznymi przypadkami.<br>Nie jeste\u015bmy produktami przypadku.<br>Jeste\u015bmy stworzeniami umi\u0142owanymi przez Boga.<\/p>\n\n\n\n<h3 class=\"wp-block-heading\">3. Ojciec przez \u0142ask\u0119 chrze\u015bcijan<\/h3>\n\n\n\n<p>Przez Chrzest jeste\u015bmy dzie\u0107mi przybranymi.<\/p>\n\n\n\n<p>To zmienia wszystko.<\/p>\n\n\n\n<p>Nie modlimy si\u0119 do kosmicznej si\u0142y.<br>Modlimy si\u0119 do naszego Ojca.<\/p>\n\n\n\n<h2 class=\"wp-block-heading\">Wsp\u00f3\u0142czesny kryzys ojcostwa jest tak\u017ce kryzysem duchowym<\/h2>\n\n\n\n<p>Gdy niszczy si\u0119 posta\u0107 ojca w spo\u0142ecze\u0144stwie, trudniej jest zrozumie\u0107 Boga.<br>A gdy odrzuca si\u0119 Boga Ojca, kultura staje si\u0119 sierot\u0105.<\/p>\n\n\n\n<p>Cywilizacja bez Ojca ostatecznie si\u0119 gubi.<\/p>\n\n\n\n<hr class=\"wp-block-separator has-alpha-channel-opacity\"\/>\n\n\n\n<h1 class=\"wp-block-heading\">IV. \u201eWSZECHMOG\u0104CY\u201d: B\u00d3G MO\u017bE WSZYSTKO\u2026 ALE NIE TAK, JAK WYOBRA\u017bA TO SOBIE CZ\u0141OWIEK<\/h1>\n\n\n\n<p>Boska wszechmoc nie oznacza dowolno\u015bci.<\/p>\n\n\n\n<p>B\u00f3g mo\u017ce uczyni\u0107 wszystko, co odpowiada Jego doskona\u0142ej naturze.<\/p>\n\n\n\n<h2 class=\"wp-block-heading\">Dlaczego wi\u0119c nie mo\u017ce grzeszy\u0107?<\/h2>\n\n\n\n<p>Poniewa\u017c grzech nie jest moc\u0105.<br>Jest s\u0142abo\u015bci\u0105.<\/p>\n\n\n\n<p>K\u0142amstwo nie doskonali.<br>Psuje.<\/p>\n\n\n\n<p>\u015amier\u0107 nie wywy\u017csza.<br>Ogranicza.<\/p>\n\n\n\n<p>B\u00f3g nie mo\u017ce przesta\u0107 by\u0107 Bogiem.<\/p>\n\n\n\n<p>Jego moc nie polega na sprzeczno\u015bci, lecz na absolutnej doskona\u0142o\u015bci.<\/p>\n\n\n\n<h2 class=\"wp-block-heading\">To ma ogromne konsekwencje duchowe:<\/h2>\n\n\n\n<ul class=\"wp-block-list\">\n<li>\u017baden grzech nie jest wi\u0119kszy ni\u017c Jego mi\u0142osierdzie.<\/li>\n\n\n\n<li>\u017baden chaos nie przewy\u017csza Jego Opatrzno\u015bci.<\/li>\n\n\n\n<li>\u017baden wr\u00f3g nie pokona Jego planu.<\/li>\n<\/ul>\n\n\n\n<p>\u015awiat cz\u0119sto wydaje si\u0119 poza kontrol\u0105.<br>Ale nie jest poza rz\u0105dami Boga.<\/p>\n\n\n\n<hr class=\"wp-block-separator has-alpha-channel-opacity\"\/>\n\n\n\n<h1 class=\"wp-block-heading\">V. \u201eSTWORZYCIEL NIEBA I ZIEMI\u201d: WSZYSTKO POCHODZI OD BOGA<\/h1>\n\n\n\n<h2 class=\"wp-block-heading\">Stwarza\u0107 oznacza uczyni\u0107 co\u015b z niczego.<\/h2>\n\n\n\n<p>Tylko B\u00f3g stwarza.<\/p>\n\n\n\n<p>Cz\u0142owiek przekszta\u0142ca.<br>B\u00f3g stwarza.<\/p>\n\n\n\n<p>To obala dwa wsp\u00f3\u0142czesne b\u0142\u0119dy:<\/p>\n\n\n\n<h3 class=\"wp-block-heading\">Materializm:<\/h3>\n\n\n\n<p>Materia nie jest wieczna.<\/p>\n\n\n\n<h3 class=\"wp-block-heading\">Panteizm:<\/h3>\n\n\n\n<p>B\u00f3g nie jest wszech\u015bwiatem; B\u00f3g stworzy\u0142 wszech\u015bwiat.<\/p>\n\n\n\n<h2 class=\"wp-block-heading\">Niebo i ziemia obejmuj\u0105:<\/h2>\n\n\n\n<ul class=\"wp-block-list\">\n<li>Anio\u0142\u00f3w<\/li>\n\n\n\n<li>Materi\u0119<\/li>\n\n\n\n<li>Czas<\/li>\n\n\n\n<li>Przestrze\u0144<\/li>\n\n\n\n<li>Prawa natury<\/li>\n\n\n\n<li>Cz\u0142owieka<\/li>\n<\/ul>\n\n\n\n<p>Nic nie istnieje poza zale\u017cno\u015bci\u0105 od Niego.<\/p>\n\n\n\n<hr class=\"wp-block-separator has-alpha-channel-opacity\"\/>\n\n\n\n<h1 class=\"wp-block-heading\">VI. OPATRZNO\u015a\u0106: B\u00d3G NIE PORZUCI\u0141 SWOJEGO STWORZENIA<\/h1>\n\n\n\n<p>B\u00f3g nie jest nieobecnym zegarmistrzem.<\/p>\n\n\n\n<p>Nie stworzy\u0142 \u015bwiata po to, by zostawi\u0107 go samemu sobie.<\/p>\n\n\n\n<h2 class=\"wp-block-heading\">B\u00f3g zachowuje, rz\u0105dzi i dopuszcza<\/h2>\n\n\n\n<p>Tu znajduje si\u0119 jedno z najtrudniejszych pyta\u0144:<\/p>\n\n\n\n<h3 class=\"wp-block-heading\">Je\u015bli B\u00f3g rz\u0105dzi wszystkim, dlaczego istnieje z\u0142o?<\/h3>\n\n\n\n<p>Nauka katolicka rozr\u00f3\u017cnia:<\/p>\n\n\n\n<h3 class=\"wp-block-heading\">B\u00f3g chce dobra<\/h3>\n\n\n\n<h3 class=\"wp-block-heading\">B\u00f3g dopuszcza pewne z\u0142a, aby wyprowadzi\u0107 wi\u0119ksze dobra<\/h3>\n\n\n\n<p>Najwy\u017cszy przyk\u0142ad:<br>Krzy\u017c.<\/p>\n\n\n\n<p>Najwi\u0119ksza zbrodnia w historii (zabicie Syna Bo\u017cego) zosta\u0142a dopuszczona, aby dokona\u0142o si\u0119 najwi\u0119ksze dzie\u0142o mi\u0142osierdzia (Odkupienie).<\/p>\n\n\n\n<p>To nie banalizuje cierpienia.<br>Ale potwierdza, \u017ce nic nie wymyka si\u0119 odkupie\u0144czej mocy Boga.<\/p>\n\n\n\n<hr class=\"wp-block-separator has-alpha-channel-opacity\"\/>\n\n\n\n<h1 class=\"wp-block-heading\">VII. ANIO\u0141OWIE: NIEWIDZIALNY \u015aWIAT JEST REALNY<\/h1>\n\n\n\n<p>Wsp\u00f3\u0142czesno\u015b\u0107 wy\u015bmiewa anio\u0142\u00f3w i demony jako symbole psychologiczne.<\/p>\n\n\n\n<p>Wiara katolicka naucza czego\u015b radykalnie innego:<\/p>\n\n\n\n<h2 class=\"wp-block-heading\">Anio\u0142owie istniej\u0105.<\/h2>\n\n\n\n<p>S\u0105 stworzeniami:<\/p>\n\n\n\n<ul class=\"wp-block-list\">\n<li>Inteligentnymi<\/li>\n\n\n\n<li>Duchowymi<\/li>\n\n\n\n<li>Wolnymi<\/li>\n<\/ul>\n\n\n\n<p>Zostali stworzeni, by chwali\u0107 Boga.<\/p>\n\n\n\n<h2 class=\"wp-block-heading\">Bunt Lucyfera<\/h2>\n\n\n\n<p>Grzechem anio\u0142\u00f3w by\u0142a pycha:<br><strong>\u201eNie b\u0119d\u0119 s\u0142u\u017cy\u0142.\u201d<\/strong><\/p>\n\n\n\n<p>I to pozostaje istot\u0105 ka\u017cdego buntu przeciw Bogu.<\/p>\n\n\n\n<p>Ka\u017cdy grzech powtarza, w miniaturze, echo Lucyfera.<\/p>\n\n\n\n<hr class=\"wp-block-separator has-alpha-channel-opacity\"\/>\n\n\n\n<h1 class=\"wp-block-heading\">VIII. DEMONY, POKUSA I WOJNA DUCHOWA<\/h1>\n\n\n\n<p>M\u00f3wienie o diable nie jest \u015bredniowiecznym fanatyzmem.<br>To chrze\u015bcija\u0144ska doktryna.<\/p>\n\n\n\n<p>Szatan nienawidzi cz\u0142owieka, poniewa\u017c cz\u0142owiek zosta\u0142 powo\u0142any do chwa\u0142y, kt\u00f3r\u0105 on utraci\u0142.<\/p>\n\n\n\n<h2 class=\"wp-block-heading\">Jak kusi?<\/h2>\n\n\n\n<ul class=\"wp-block-list\">\n<li>Pycha<\/li>\n\n\n\n<li>Nieczysto\u015b\u0107<\/li>\n\n\n\n<li>Rozpacz<\/li>\n\n\n\n<li>Letnio\u015b\u0107<\/li>\n\n\n\n<li>B\u0142\u0105d doktrynalny<\/li>\n<\/ul>\n\n\n\n<h2 class=\"wp-block-heading\">Jak go zwyci\u0119\u017cy\u0107?<\/h2>\n\n\n\n<p>Katechizm streszcza to z nie\u015bmierteln\u0105 m\u0105dro\u015bci\u0105:<\/p>\n\n\n\n<h3 class=\"wp-block-heading\">Czujno\u015b\u0107<\/h3>\n\n\n\n<h3 class=\"wp-block-heading\">Modlitwa<\/h3>\n\n\n\n<h3 class=\"wp-block-heading\">Umartwienie<\/h3>\n\n\n\n<p>Nie ma powa\u017cnego chrze\u015bcija\u0144stwa bez walki duchowej.<\/p>\n\n\n\n<hr class=\"wp-block-separator has-alpha-channel-opacity\"\/>\n\n\n\n<h1 class=\"wp-block-heading\">IX. ANIO\u0141 STR\u00d3\u017b: TW\u00d3J NIEWIDZIALNY TOWARZYSZ<\/h1>\n\n\n\n<p>Ka\u017cda wierna dusza ma Anio\u0142a Str\u00f3\u017ca.<\/p>\n\n\n\n<p>To nie jest pobo\u017cna poezja.<br>To sta\u0142e nauczanie Tradycji.<\/p>\n\n\n\n<p>Tw\u00f3j anio\u0142:<\/p>\n\n\n\n<ul class=\"wp-block-list\">\n<li>Chroni<\/li>\n\n\n\n<li>Inspiruje<\/li>\n\n\n\n<li>Ostrzega<\/li>\n\n\n\n<li>Wstawia si\u0119<\/li>\n<\/ul>\n\n\n\n<h2 class=\"wp-block-heading\">Jaka wsp\u00f3\u0142czesna tragedia:<\/h2>\n\n\n\n<p>Wielu konsultuje horoskopy\u2026 ale ignoruje swojego Anio\u0142a Str\u00f3\u017ca.<\/p>\n\n\n\n<hr class=\"wp-block-separator has-alpha-channel-opacity\"\/>\n\n\n\n<h1 class=\"wp-block-heading\">X. CZ\u0141OWIEK: OBRAZ BOGA, A NIE PRODUKT CHAOSU<\/h1>\n\n\n\n<h2 class=\"wp-block-heading\">Czym jest cz\u0142owiek?<\/h2>\n\n\n\n<p>Rozumnym stworzeniem z\u0142o\u017conym z cia\u0142a i duszy.<\/p>\n\n\n\n<p>Tutaj znajduje si\u0119 odpowied\u017a na wielki wsp\u00f3\u0142czesny kryzys antropologiczny.<\/p>\n\n\n\n<p>Nie jeste\u015b tylko biologi\u0105.<br>Nie jeste\u015b tylko pragnieniem.<br>Nie jeste\u015b tylko materi\u0105.<\/p>\n\n\n\n<p>Masz nie\u015bmierteln\u0105 dusz\u0119.<\/p>\n\n\n\n<h2 class=\"wp-block-heading\">Godno\u015b\u0107 cz\u0142owieka nie zale\u017cy od:<\/h2>\n\n\n\n<ul class=\"wp-block-list\">\n<li>Wieku<\/li>\n\n\n\n<li>U\u017cyteczno\u015bci<\/li>\n\n\n\n<li>Zdrowia<\/li>\n\n\n\n<li>Produktywno\u015bci<\/li>\n<\/ul>\n\n\n\n<p>Zale\u017cy od tego, \u017ce zosta\u0142 stworzony na obraz Boga.<\/p>\n\n\n\n<p>Dlatego ka\u017cda kultura, kt\u00f3ra zaprzecza duszy, ostatecznie degraduje cia\u0142o.<\/p>\n\n\n\n<hr class=\"wp-block-separator has-alpha-channel-opacity\"\/>\n\n\n\n<h1 class=\"wp-block-heading\">XI. GRZECH PIERWORODNY: RANA, KT\u00d3RA WYJA\u015aNIA \u015aWIAT<\/h1>\n\n\n\n<p>Bez tej doktryny \u015bwiat wydaje si\u0119 niezrozumia\u0142y.<\/p>\n\n\n\n<h2 class=\"wp-block-heading\">Dlaczego istniej\u0105:<\/h2>\n\n\n\n<ul class=\"wp-block-list\">\n<li>\u015bmier\u0107?<\/li>\n\n\n\n<li>cierpienie?<\/li>\n\n\n\n<li>po\u017c\u0105dliwo\u015b\u0107?<\/li>\n\n\n\n<li>niesprawiedliwo\u015b\u0107?<\/li>\n\n\n\n<li>sk\u0142onno\u015b\u0107 do z\u0142a?<\/li>\n<\/ul>\n\n\n\n<p>Poniewa\u017c cz\u0142owiek upad\u0142.<\/p>\n\n\n\n<p>Adam nie pope\u0142ni\u0142 \u201emitologicznego b\u0142\u0119du\u201d.<br>Pope\u0142ni\u0142 realne niepos\u0142usze\u0144stwo z realnymi konsekwencjami.<\/p>\n\n\n\n<h2 class=\"wp-block-heading\">Grzech pierworodny wyja\u015bnia:<\/h2>\n\n\n\n<p>Pragniemy dobra\u2026 ale czynimy z\u0142o.<br>Szukamy porz\u0105dku\u2026 ale tworzymy chaos.<\/p>\n\n\n\n<p>Ludzko\u015b\u0107 nie jest po prostu \u201eniedoinformowana\u201d.<br>Jest zraniona.<\/p>\n\n\n\n<hr class=\"wp-block-separator has-alpha-channel-opacity\"\/>\n\n\n\n<h1 class=\"wp-block-heading\">XII. MARYJA NIEPOKALANA: CHWALEBNY WYJ\u0104TEK<\/h1>\n\n\n\n<p>Tam, gdzie Adam upad\u0142,<br>Chrystus odkupuje.<\/p>\n\n\n\n<p>Tam, gdzie Ewa zosta\u0142a zraniona,<br>Maryja zosta\u0142a zachowana.<\/p>\n\n\n\n<h2 class=\"wp-block-heading\">Niepokalane Pocz\u0119cie<\/h2>\n\n\n\n<p>Maryja zosta\u0142a pocz\u0119ta bez grzechu pierworodnego dzi\u0119ki uprzedzaj\u0105cym zas\u0142ugom Chrystusa.<\/p>\n\n\n\n<p>Nie potrzebowa\u0142a mniej Zbawiciela.<br>Otrzyma\u0142a zbawienie w spos\u00f3b doskonalszy.<\/p>\n\n\n\n<hr class=\"wp-block-separator has-alpha-channel-opacity\"\/>\n\n\n\n<h1 class=\"wp-block-heading\">XIII. OBIECANY MESJASZ: MI\u0141OSIERDZIE ZACZYNA SI\u0118 W KSI\u0118DZE RODZAJU<\/h1>\n\n\n\n<p>Po Upadku B\u00f3g nie porzuca.<\/p>\n\n\n\n<p>Obiecuje Odkupiciela.<\/p>\n\n\n\n<p>Od tego momentu ca\u0142a historia ludzko\u015bci si\u0119 zmienia.<\/p>\n\n\n\n<p>Ca\u0142y Stary Testament jest oczekiwaniem.<br>Nowy jest wype\u0142nieniem.<\/p>\n\n\n\n<p>Chrystus nie pojawia si\u0119 niespodziewanie.<br>Jest Mesjaszem obiecanym od pocz\u0105tku.<\/p>\n\n\n\n<hr class=\"wp-block-separator has-alpha-channel-opacity\"\/>\n\n\n\n<h1 class=\"wp-block-heading\">XIV. DLACZEGO TEN ARTYKU\u0141 CREDO JEST DZI\u015a TAK PILNY?<\/h1>\n\n\n\n<p>Poniewa\u017c wsp\u00f3\u0142czesny \u015bwiat zaprzecza w\u0142a\u015bnie tym prawdom:<\/p>\n\n\n\n<h2 class=\"wp-block-heading\">Zaprzecza Bogu \u2192 relatywizm<\/h2>\n\n\n\n<h2 class=\"wp-block-heading\">Zaprzecza Stw\u00f3rcy \u2192 nihilizm<\/h2>\n\n\n\n<h2 class=\"wp-block-heading\">Zaprzecza duszy \u2192 materializm<\/h2>\n\n\n\n<h2 class=\"wp-block-heading\">Zaprzecza grzechowi \u2192 moralne zepsucie<\/h2>\n\n\n\n<h2 class=\"wp-block-heading\">Zaprzecza diab\u0142u \u2192 duchowa naiwno\u015b\u0107<\/h2>\n\n\n\n<h2 class=\"wp-block-heading\">Zaprzecza Odkupicielowi \u2192 rozpacz<\/h2>\n\n\n\n<p>Credo nie jest reliktem:<br>Jest map\u0105 duchowego przetrwania.<\/p>\n\n\n\n<hr class=\"wp-block-separator has-alpha-channel-opacity\"\/>\n\n\n\n<h1 class=\"wp-block-heading\">ZAKO\u0143CZENIE: WIEDZIE\u0106, SK\u0104D POCHODZISZ, ABY WIEDZIE\u0106, DOK\u0104D ZMIERZASZ<\/h1>\n\n\n\n<p>Pierwszy artyku\u0142 Credo odpowiada na najbardziej decyduj\u0105ce pytania:<\/p>\n\n\n\n<h2 class=\"wp-block-heading\">Kto ci\u0119 stworzy\u0142?<\/h2>\n\n\n\n<p>B\u00f3g.<\/p>\n\n\n\n<h2 class=\"wp-block-heading\">Dlaczego istniejesz?<\/h2>\n\n\n\n<p>Aby Go pozna\u0107, kocha\u0107 i s\u0142u\u017cy\u0107 Mu.<\/p>\n\n\n\n<h2 class=\"wp-block-heading\">Dlaczego \u015bwiat jest zraniony?<\/h2>\n\n\n\n<p>Z powodu grzechu.<\/p>\n\n\n\n<h2 class=\"wp-block-heading\">Czy jeste\u015b sam?<\/h2>\n\n\n\n<p>Nie. Masz Opatrzno\u015b\u0107, \u0142ask\u0119, anio\u0142\u00f3w i Odkupiciela.<\/p>\n\n\n\n<h2 class=\"wp-block-heading\">Jaki jest tw\u00f3j cel?<\/h2>\n\n\n\n<p>Niebo.<\/p>\n\n\n\n<p>Wierzy\u0107 w Boga Ojca wszechmog\u0105cego to nie pusta formu\u0142a:<br>To odzyska\u0107 rzeczywisto\u015b\u0107.<\/p>\n\n\n\n<p>W czasach zam\u0119tu powr\u00f3t do Credo oznacza powr\u00f3t do domu.<\/p>\n\n\n\n<p>Bo ten, kto wie, \u017ce zosta\u0142 stworzony przez Boga\u2026<br>\u017cyje inaczej.<\/p>\n\n\n\n<p>A ten, kto wie, \u017ce ma Ojca\u2026<br>nigdy naprawd\u0119 nie jest sierot\u0105.<\/p>\n","protected":false},"excerpt":{"rendered":"<p>Fundament ca\u0142ej wiary katolickiej: kim jest B\u00f3g, kim jeste\u015b ty i dlaczego istniejesz Istniej\u0105 prawdy, kt\u00f3rych nie tylko si\u0119 studiuje: one podtrzymuj\u0105 ca\u0142e \u017cycie. Pierwszy artyku\u0142 Credo nie jest po prostu zdaniem nauczonym w dzieci\u0144stwie ani mechaniczn\u0105 formu\u0142\u0105 powtarzan\u0105 podczas Mszy \u015awi\u0119tej. Jest kamieniem w\u0119gielnym ca\u0142ej katolickiej wizji \u015bwiata. Jest pocz\u0105tkiem ca\u0142ej teologii, ca\u0142ej prawdziwej &hellip;<\/p>\n","protected":false},"author":3,"featured_media":5839,"comment_status":"closed","ping_status":"closed","sticky":false,"template":"","format":"standard","meta":{"_seopress_robots_primary_cat":"","_seopress_titles_title":"","_seopress_titles_desc":"","_seopress_robots_index":"","footnotes":""},"categories":[37,43],"tags":[1836],"class_list":["post-5838","post","type-post","status-publish","format-standard","has-post-thumbnail","","category-doktryna-i-wiara","category-katechizm-kosciola-katolickiego","tag-credo"],"_links":{"self":[{"href":"https:\/\/catholicus.eu\/pl\/wp-json\/wp\/v2\/posts\/5838","targetHints":{"allow":["GET"]}}],"collection":[{"href":"https:\/\/catholicus.eu\/pl\/wp-json\/wp\/v2\/posts"}],"about":[{"href":"https:\/\/catholicus.eu\/pl\/wp-json\/wp\/v2\/types\/post"}],"author":[{"embeddable":true,"href":"https:\/\/catholicus.eu\/pl\/wp-json\/wp\/v2\/users\/3"}],"replies":[{"embeddable":true,"href":"https:\/\/catholicus.eu\/pl\/wp-json\/wp\/v2\/comments?post=5838"}],"version-history":[{"count":1,"href":"https:\/\/catholicus.eu\/pl\/wp-json\/wp\/v2\/posts\/5838\/revisions"}],"predecessor-version":[{"id":5840,"href":"https:\/\/catholicus.eu\/pl\/wp-json\/wp\/v2\/posts\/5838\/revisions\/5840"}],"wp:featuredmedia":[{"embeddable":true,"href":"https:\/\/catholicus.eu\/pl\/wp-json\/wp\/v2\/media\/5839"}],"wp:attachment":[{"href":"https:\/\/catholicus.eu\/pl\/wp-json\/wp\/v2\/media?parent=5838"}],"wp:term":[{"taxonomy":"category","embeddable":true,"href":"https:\/\/catholicus.eu\/pl\/wp-json\/wp\/v2\/categories?post=5838"},{"taxonomy":"post_tag","embeddable":true,"href":"https:\/\/catholicus.eu\/pl\/wp-json\/wp\/v2\/tags?post=5838"}],"curies":[{"name":"wp","href":"https:\/\/api.w.org\/{rel}","templated":true}]}}