{"id":5829,"date":"2026-04-28T09:59:33","date_gmt":"2026-04-28T07:59:33","guid":{"rendered":"https:\/\/catholicus.eu\/pl\/?p=5829"},"modified":"2026-04-28T09:59:33","modified_gmt":"2026-04-28T07:59:33","slug":"dzieci-najwiekszy-skarb-powierzony-rodzinie-przez-boga","status":"publish","type":"post","link":"https:\/\/catholicus.eu\/pl\/dzieci-najwiekszy-skarb-powierzony-rodzinie-przez-boga\/","title":{"rendered":"Dzieci: Najwi\u0119kszy skarb powierzony rodzinie przez Boga"},"content":{"rendered":"\n<h2 class=\"wp-block-heading\">Ochrona, wychowanie, godno\u015b\u0107 i chrze\u015bcija\u0144ska misja w \u015bwiecie, kt\u00f3ry zdaje si\u0119 zapomina\u0107 o ich warto\u015bci<\/h2>\n\n\n\n<p>\u017byjemy w paradoksalnej epoce. Nigdy wcze\u015bniej tak wiele nie m\u00f3wiono o \u201eprawach dziecka\u201d, a jednak rzadko kiedy dzieci by\u0142y tak bardzo nara\u017cone na moralne zamieszanie, rozpad rodziny, ideologiczn\u0105 manipulacj\u0119 w edukacji i duchowe porzucenie.<\/p>\n\n\n\n<p>S\u0105 chronione fizycznie, ale cz\u0119sto zranione w duszy.<br>Priorytetem staje si\u0119 ich rozrywka, lecz zaniedbuje si\u0119 ich formacj\u0119.<br>Daje si\u0119 im technologi\u0119, ale nie zawsze prawd\u0119.<br>Oferuje si\u0119 im wygod\u0119, ale niekoniecznie cnot\u0119.<\/p>\n\n\n\n<p>I tutaj pojawia si\u0119 decyduj\u0105ce pytanie dla ka\u017cdego prawdziwie ludzkiego spo\u0142ecze\u0144stwa:<\/p>\n\n\n\n<h2 class=\"wp-block-heading\">Czego naprawd\u0119 potrzebuje dziecko?<\/h2>\n\n\n\n<p>Chrze\u015bcija\u0144ska odpowied\u017a jest jasna, g\u0142\u0119boka i rewolucyjna:<\/p>\n\n\n\n<p><strong>Dziecko potrzebuje rodziny, mi\u0142o\u015bci, ochrony, wychowania i Boga.<\/strong><\/p>\n\n\n\n<p>Nie wystarczy je nakarmi\u0107 ani ubra\u0107.<br>Nie wystarczy pos\u0142a\u0107 go do szko\u0142y.<br>Nie wystarczy po prostu \u201epozwoli\u0107 mu by\u0107 sob\u0105\u201d.<\/p>\n\n\n\n<p>Dziecko musi by\u0107 formowane integralnie: cia\u0142o, inteligencja, wola, emocje i dusza.<\/p>\n\n\n\n<p>Poniewa\u017c ka\u017cde dziecko nie jest jedynie przysz\u0142ym doros\u0142ym.<br>Ju\u017c teraz jest osob\u0105 stworzon\u0105 na obraz Boga, z wiecznym powo\u0142aniem.<\/p>\n\n\n\n<hr class=\"wp-block-separator has-alpha-channel-opacity\"\/>\n\n\n\n<h1 class=\"wp-block-heading\">I. Dziecko: Dar Boga, a nie ludzki produkt<\/h1>\n\n\n\n<p>Chrze\u015bcija\u0144ska wizja zaczyna si\u0119 tutaj:<\/p>\n\n\n\n<h2 class=\"wp-block-heading\">Ka\u017cde dziecko jest chciane przez Boga.<\/h2>\n\n\n\n<p>Dziecko nie jest biologicznym przypadkiem.<br>Nie jest spo\u0142ecznym ci\u0119\u017carem.<br>Nie jest przedmiotem pragnie\u0144 doros\u0142ych.<br>Nie jest w\u0142asno\u015bci\u0105 swoich rodzic\u00f3w.<\/p>\n\n\n\n<p>Ka\u017cde dziecko jest wyj\u0105tkowym, niezast\u0105pionym i nie\u015bmiertelnym stworzeniem.<\/p>\n\n\n\n<p>Dusza ka\u017cdego dziecka zosta\u0142a stworzona bezpo\u015brednio przez Boga z nadprzyrodzonym przeznaczeniem.<\/p>\n\n\n\n<p>Dlatego Chrystus okazywa\u0142 szczeg\u00f3ln\u0105 czu\u0142o\u015b\u0107 najmniejszym:<\/p>\n\n\n\n<p><strong>\u201ePozw\u00f3lcie dzieciom przychodzi\u0107 do Mnie i nie przeszkadzajcie im, albowiem do takich nale\u017cy Kr\u00f3lestwo Niebieskie\u201d (Mt 19,14).<\/strong><\/p>\n\n\n\n<p>To zdanie niszczy ka\u017cd\u0105 utylitarn\u0105 wizj\u0119 dzieci\u0144stwa.<\/p>\n\n\n\n<p>Warto\u015b\u0107 dziecka nie pochodzi z jego produktywno\u015bci.<br>Warto\u015b\u0107 dziecka pochodzi z tego, kim jest przed Bogiem.<\/p>\n\n\n\n<hr class=\"wp-block-separator has-alpha-channel-opacity\"\/>\n\n\n\n<h1 class=\"wp-block-heading\">II. Co dzieci powinny znale\u017a\u0107 w swoich rodzinach?<\/h1>\n\n\n\n<h2 class=\"wp-block-heading\">1. Ochrona: Schronienie w zranionym \u015bwiecie<\/h2>\n\n\n\n<p>Rodzina musi by\u0107 pierwszym sanktuarium.<\/p>\n\n\n\n<p>Dziecko potrzebuje bezpiecze\u0144stwa fizycznego, tak, ale tak\u017ce:<\/p>\n\n\n\n<ul class=\"wp-block-list\">\n<li>Bezpiecze\u0144stwa emocjonalnego<\/li>\n\n\n\n<li>Bezpiecze\u0144stwa moralnego<\/li>\n\n\n\n<li>Bezpiecze\u0144stwa duchowego<\/li>\n<\/ul>\n\n\n\n<p>Rodzice nie s\u0105 jedynie dostawcami.<br>S\u0105 stra\u017cnikami.<\/p>\n\n\n\n<p>Dzi\u015b istniej\u0105 nowe zagro\u017cenia:<\/p>\n\n\n\n<ul class=\"wp-block-list\">\n<li>Wczesny kontakt z pornografi\u0105<\/li>\n\n\n\n<li>Ideologie antychrze\u015bcija\u0144skie<\/li>\n\n\n\n<li>Hiperseksualizacja<\/li>\n\n\n\n<li>Kultura relatywizmu<\/li>\n\n\n\n<li>Nieograniczona technologia<\/li>\n<\/ul>\n\n\n\n<p>Dlatego ochrona nie oznacza ju\u017c tylko \u201ezapewnienia ciep\u0142a\u201d.<\/p>\n\n\n\n<p>Oznacza strze\u017cenie niewinno\u015bci.<\/p>\n\n\n\n<p>Niewinno\u015b\u0107 nie jest niewiedz\u0105;<br>jest wewn\u0119trzn\u0105 czysto\u015bci\u0105, zdolno\u015bci\u0105 do prawdy i otwarto\u015bci\u0105 na dobro.<\/p>\n\n\n\n<p>Utraci\u0107 j\u0105 przedwcze\u015bnie to forma przemocy.<\/p>\n\n\n\n<hr class=\"wp-block-separator has-alpha-channel-opacity\"\/>\n\n\n\n<h2 class=\"wp-block-heading\">2. Troska: Kocha\u0107 konkretnie i ofiarnie<\/h2>\n\n\n\n<p>Prawdziwa mi\u0142o\u015b\u0107 rodzinna nie polega jedynie na uczuciach.<\/p>\n\n\n\n<p>Polega na obecno\u015bci.<\/p>\n\n\n\n<p>Dzieci potrzebuj\u0105:<\/p>\n\n\n\n<ul class=\"wp-block-list\">\n<li>Czasu<\/li>\n\n\n\n<li>S\u0142uchania<\/li>\n\n\n\n<li>Korekty<\/li>\n\n\n\n<li>Czu\u0142o\u015bci<\/li>\n\n\n\n<li>Przyk\u0142adu<\/li>\n<\/ul>\n\n\n\n<p>Wielu rodzic\u00f3w uwa\u017ca, \u017ce kocha g\u0142\u0119boko, poniewa\u017c ci\u0119\u017cko pracuje dla swoich dzieci.<br>Ale cz\u0119sto dziecko zamieni\u0142oby zabawki na uwag\u0119.<\/p>\n\n\n\n<p>Brak emocjonalnej obecno\u015bci pozostawia g\u0142\u0119bokie rany.<\/p>\n\n\n\n<p>Dziecko musi wiedzie\u0107, \u017ce jest kochane nie za swoje osi\u0105gni\u0119cia, ale za samo swoje istnienie.<\/p>\n\n\n\n<p>Tak w\u0142a\u015bnie kocha B\u00f3g.<\/p>\n\n\n\n<hr class=\"wp-block-separator has-alpha-channel-opacity\"\/>\n\n\n\n<h2 class=\"wp-block-heading\">3. Wychowanie: Formowa\u0107 dusz\u0119, nie tylko kszta\u0142ci\u0107 umys\u0142<\/h2>\n\n\n\n<p>Tutaj znajduje si\u0119 jeden z najwi\u0119kszych wsp\u00f3\u0142czesnych kryzys\u00f3w.<\/p>\n\n\n\n<p>Wychowanie nie oznacza jedynie nauczania matematyki czy j\u0119zyk\u00f3w.<\/p>\n\n\n\n<p>Wychowywa\u0107 pochodzi od <em>educere<\/em>: \u201ewyprowadza\u0107\u201d, pomaga\u0107 wydoby\u0107 to, co najlepsze w duszy.<\/p>\n\n\n\n<h2 class=\"wp-block-heading\">Wychowywa\u0107 po chrze\u015bcija\u0144sku oznacza uczy\u0107:<\/h2>\n\n\n\n<ul class=\"wp-block-list\">\n<li>Odr\u00f3\u017cniania dobra od z\u0142a<\/li>\n\n\n\n<li>Panowania nad impulsami<\/li>\n\n\n\n<li>M\u00f3wienia prawdy<\/li>\n\n\n\n<li>Szacunku dla prawowitej w\u0142adzy<\/li>\n\n\n\n<li>Modlitwy<\/li>\n\n\n\n<li>Mi\u0142o\u015bci do Boga<\/li>\n\n\n\n<li>S\u0142u\u017cby innym<\/li>\n<\/ul>\n\n\n\n<p>Bez tego mo\u017ce istnie\u0107 szkolenie techniczne, ale nie prawdziwe wychowanie.<\/p>\n\n\n\n<p>Spo\u0142ecze\u0144stwo mo\u017ce tworzy\u0107 b\u0142yskotliwych profesjonalist\u00f3w\u2026<br>a jednocze\u015bnie moralnie rozbitych obywateli.<\/p>\n\n\n\n<hr class=\"wp-block-separator has-alpha-channel-opacity\"\/>\n\n\n\n<h1 class=\"wp-block-heading\">III. Wychowanie: Jedna z najbardziej wznios\u0142ych misji cz\u0142owieka<\/h1>\n\n\n\n<h2 class=\"wp-block-heading\">\u201eDobrze uformowa\u0107 dusz\u0119 m\u0142odego cz\u0142owieka to jedno z najbardziej donios\u0142ych zada\u0144, jakie cz\u0142owiek mo\u017ce podj\u0105\u0107.\u201d<\/h2>\n\n\n\n<p>To nie jest przesada.<br>To cywilizacyjna prawda.<\/p>\n\n\n\n<p>Kto wychowuje, wsp\u00f3\u0142pracuje z Bogiem.<\/p>\n\n\n\n<p>Rodzice uczestnicz\u0105 w Bo\u017cej mocy stw\u00f3rczej nie tylko daj\u0105c \u017cycie fizyczne, ale prowadz\u0105c to \u017cycie ku pe\u0142ni.<\/p>\n\n\n\n<hr class=\"wp-block-separator has-alpha-channel-opacity\"\/>\n\n\n\n<h2 class=\"wp-block-heading\">1. Wychowanie wymaga ofiary<\/h2>\n\n\n\n<p>By\u0107 naprawd\u0119 ojcem lub matk\u0105 to nie tylko biologia:<br>to powo\u0142anie do daru z siebie.<\/p>\n\n\n\n<p>Wychowywanie oznacza:<\/p>\n\n\n\n<ul class=\"wp-block-list\">\n<li>Rezygnacj\u0119 z wygody<\/li>\n\n\n\n<li>Powtarzanie upomnie\u0144 tysi\u0105ce razy<\/li>\n\n\n\n<li>Dawanie przyk\u0142adu nawet wtedy, gdy jest trudno<\/li>\n\n\n\n<li>Utrzymywanie dyscypliny<\/li>\n\n\n\n<li>Walk\u0119 ze szkodliwymi wp\u0142ywami zewn\u0119trznymi<\/li>\n<\/ul>\n\n\n\n<p>Rodzicielska cierpliwo\u015b\u0107 jest form\u0105 codziennego m\u0119cze\u0144stwa.<\/p>\n\n\n\n<p>Ale tak\u017ce u\u015bwi\u0119cenia.<\/p>\n\n\n\n<hr class=\"wp-block-separator has-alpha-channel-opacity\"\/>\n\n\n\n<h2 class=\"wp-block-heading\">2. Przyk\u0142ad wychowuje bardziej ni\u017c s\u0142owa<\/h2>\n\n\n\n<p>Dzieci s\u0142uchaj\u0105\u2026<br>ale przede wszystkim obserwuj\u0105.<\/p>\n\n\n\n<p>Je\u015bli ojciec m\u00f3wi o modlitwie, ale nigdy si\u0119 nie modli, uczy hipokryzji.<br>Je\u015bli matka m\u00f3wi o czysto\u015bci, ale podwa\u017ca godno\u015b\u0107, uczy sprzeczno\u015bci.<\/p>\n\n\n\n<p>Dzieci ucz\u0105 si\u0119 mi\u0142o\u015bci, widz\u0105c jak kochaj\u0105 si\u0119 ich rodzice.<br>Ucz\u0105 si\u0119 przebaczenia, widz\u0105c przebaczenie.<br>Ucz\u0105 si\u0119 wiary, widz\u0105c wiar\u0119.<\/p>\n\n\n\n<p>Pierwsza katecheza nie odbywa si\u0119 w klasie.<br>Odbywa si\u0119 w domu.<\/p>\n\n\n\n<hr class=\"wp-block-separator has-alpha-channel-opacity\"\/>\n\n\n\n<h1 class=\"wp-block-heading\">IV. Dzieci pocz\u0119te poza ma\u0142\u017ce\u0144stwem: Sprawiedliwo\u015b\u0107, odpowiedzialno\u015b\u0107 i odkupienie<\/h1>\n\n\n\n<p>\u017byjemy w kulturze, kt\u00f3ra normalizuje decyzje doros\u0142ych bez mierzenia ich konsekwencji dla dzieci.<\/p>\n\n\n\n<p>Chrze\u015bcija\u0144ska doktryna moralna przypomina nam co\u015b istotnego:<\/p>\n\n\n\n<h2 class=\"wp-block-heading\">Dziecko nigdy nie jest winne okoliczno\u015bci swojego pocz\u0119cia.<\/h2>\n\n\n\n<p>Nigdy.<\/p>\n\n\n\n<p>Jego godno\u015b\u0107 pozostaje nienaruszona.<\/p>\n\n\n\n<p>Musi by\u0107 kochane, chronione i wychowywane z pe\u0142n\u0105 sprawiedliwo\u015bci\u0105.<\/p>\n\n\n\n<hr class=\"wp-block-separator has-alpha-channel-opacity\"\/>\n\n\n\n<h2 class=\"wp-block-heading\">1. Odpowiedzialno\u015b\u0107 rodzic\u00f3w<\/h2>\n\n\n\n<p>Gdy dziecko zosta\u0142o pocz\u0119te poza ma\u0142\u017ce\u0144stwem, obowi\u0105zek moralny nie znika:<\/p>\n\n\n\n<ul class=\"wp-block-list\">\n<li>Odpowiedzialno\u015b\u0107 materialna<\/li>\n\n\n\n<li>Obecno\u015b\u0107 emocjonalna<\/li>\n\n\n\n<li>Wychowanie moralne<\/li>\n\n\n\n<li>Przyk\u0142ad naprawy \u017cycia<\/li>\n<\/ul>\n\n\n\n<p>Nie wystarczy \u201euzna\u0107\u201d dziecka; trzeba wzi\u0105\u0107 odpowiedzialno\u015b\u0107.<\/p>\n\n\n\n<p>Grzech doros\u0142ych nie mo\u017ce sta\u0107 si\u0119 porzuceniem dziecka.<\/p>\n\n\n\n<hr class=\"wp-block-separator has-alpha-channel-opacity\"\/>\n\n\n\n<h2 class=\"wp-block-heading\">2. Naprawa tak\u017ce wychowuje<\/h2>\n\n\n\n<p>Je\u015bli pope\u0142niono b\u0142\u0105d, chrze\u015bcija\u0144sk\u0105 odpowiedzi\u0105 nie jest rozpacz, lecz nawr\u00f3cenie.<\/p>\n\n\n\n<p>Rodzice mog\u0105 uczy\u0107 nawet poprzez w\u0142asn\u0105 krucho\u015b\u0107, pokazuj\u0105c skruch\u0119, odpowiedzialno\u015b\u0107 i pragnienie porz\u0105dku.<\/p>\n\n\n\n<p>Mi\u0142osierdzie nie zaprzecza prawdzie:<br>Idea\u0142em pozostaje to, aby ka\u017cde dziecko wzrasta\u0142o w stabilnej rodzinie opartej na ma\u0142\u017ce\u0144stwie.<\/p>\n\n\n\n<p>Poniewa\u017c dziecko ma prawo, zgodnie ze sprawiedliwo\u015bci\u0105, do mo\u017cliwie najwi\u0119kszej stabilno\u015bci.<\/p>\n\n\n\n<hr class=\"wp-block-separator has-alpha-channel-opacity\"\/>\n\n\n\n<h1 class=\"wp-block-heading\">V. Czy ma\u0142\u017ce\u0144stwo bez dzieci ponios\u0142o pora\u017ck\u0119?<\/h1>\n\n\n\n<p>Tutaj trzeba skorygowa\u0107 powierzchowne spojrzenie.<\/p>\n\n\n\n<h2 class=\"wp-block-heading\">Nie.<\/h2>\n\n\n\n<p>Niep\u0142odno\u015b\u0107 nie odbiera ma\u0142\u017ce\u0144stwu godno\u015bci.<\/p>\n\n\n\n<p>Ma\u0142\u017ce\u0144stwo nie sprowadza si\u0119 do biologii.<\/p>\n\n\n\n<p>Jego istota pozostaje w:<\/p>\n\n\n\n<ul class=\"wp-block-list\">\n<li>Wiernej mi\u0142o\u015bci<\/li>\n\n\n\n<li>Wzajemnym darze z siebie<\/li>\n\n\n\n<li>Wzajemnym u\u015bwi\u0119ceniu<\/li>\n\n\n\n<li>S\u0142u\u017cbie<\/li>\n<\/ul>\n\n\n\n<hr class=\"wp-block-separator has-alpha-channel-opacity\"\/>\n\n\n\n<h2 class=\"wp-block-heading\">1. Cierpienie niep\u0142odno\u015bci<\/h2>\n\n\n\n<p>Mo\u017ce by\u0107 g\u0142\u0119bokim krzy\u017cem.<br>I powinno by\u0107 traktowane ze wsp\u00f3\u0142czuciem, nigdy z okrutnym os\u0105dem.<\/p>\n\n\n\n<p>Ale krzy\u017c mo\u017ce tak\u017ce sta\u0107 si\u0119 duchow\u0105 p\u0142odno\u015bci\u0105.<\/p>\n\n\n\n<hr class=\"wp-block-separator has-alpha-channel-opacity\"\/>\n\n\n\n<h2 class=\"wp-block-heading\">2. Inne formy p\u0142odno\u015bci<\/h2>\n\n\n\n<p>Wiele ma\u0142\u017ce\u0144stw bez dzieci staje si\u0119:<\/p>\n\n\n\n<ul class=\"wp-block-list\">\n<li>Rodzicami adopcyjnymi<\/li>\n\n\n\n<li>Wychowawcami<\/li>\n\n\n\n<li>Opiekunami<\/li>\n\n\n\n<li>Katechetami<\/li>\n\n\n\n<li>Dobroczy\u0144cami<\/li>\n<\/ul>\n\n\n\n<p>Historia Ko\u015bcio\u0142a pe\u0142na jest ma\u0142\u017ce\u0144stw, kt\u00f3rych p\u0142odno\u015b\u0107 przekroczy\u0142a wi\u0119zy krwi.<\/p>\n\n\n\n<p>Poniewa\u017c zrodzi\u0107 cia\u0142a to rzecz wielka.<br>Ale pomaga\u0107 ratowa\u0107 dusze \u2014 r\u00f3wnie\u017c.<\/p>\n\n\n\n<hr class=\"wp-block-separator has-alpha-channel-opacity\"\/>\n\n\n\n<h1 class=\"wp-block-heading\">VI. Wsp\u00f3\u0142czesna wojna przeciw dzieci\u0144stwu<\/h1>\n\n\n\n<p>Dzi\u015b wiele atak\u00f3w przeciw dzieciom nie wygl\u0105da jak ataki.<\/p>\n\n\n\n<p>Przedstawia si\u0119 je jako post\u0119p.<\/p>\n\n\n\n<p>Ale potrzebne jest rozeznanie:<\/p>\n\n\n\n<h2 class=\"wp-block-heading\">Kiedy dziecko zostaje pozbawione:<\/h2>\n\n\n\n<ul class=\"wp-block-list\">\n<li>Niewinno\u015bci<\/li>\n\n\n\n<li>Ojca lub matki bez powa\u017cnej przyczyny<\/li>\n\n\n\n<li>Naturalnej to\u017csamo\u015bci<\/li>\n\n\n\n<li>Formacji moralnej<\/li>\n\n\n\n<li>Prawa do Boga<\/li>\n<\/ul>\n\n\n\n<p>\u2026jego rozw\u00f3j doznaje g\u0142\u0119bokiej szkody.<\/p>\n\n\n\n<p>Spo\u0142ecze\u0144stwo, kt\u00f3re wprowadza zam\u0119t w \u017cycie swoich dzieci, nara\u017ca swoj\u0105 przysz\u0142o\u015b\u0107.<\/p>\n\n\n\n<hr class=\"wp-block-separator has-alpha-channel-opacity\"\/>\n\n\n\n<h1 class=\"wp-block-heading\">VII. \u015awi\u0119ta Rodzina: Doskona\u0142y wz\u00f3r<\/h1>\n\n\n\n<h2 class=\"wp-block-heading\">Jezus, Maryja i J\u00f3zef<\/h2>\n\n\n\n<p>W Nazarecie znajdujemy wzorzec:<\/p>\n\n\n\n<h3 class=\"wp-block-heading\">Jezus:<\/h3>\n\n\n\n<p>Synowskie pos\u0142usze\u0144stwo.<\/p>\n\n\n\n<h3 class=\"wp-block-heading\">Maryja:<\/h3>\n\n\n\n<p>Czu\u0142o\u015b\u0107, czysto\u015b\u0107, dar z siebie.<\/p>\n\n\n\n<h3 class=\"wp-block-heading\">J\u00f3zef:<\/h3>\n\n\n\n<p>Ochrona, praca, cicha w\u0142adza.<\/p>\n\n\n\n<p>Ka\u017cda chrze\u015bcija\u0144ska rodzina powinna kontemplowa\u0107 ten dom.<\/p>\n\n\n\n<p>Nie by\u0142 bogaty.<br>Nie by\u0142 pot\u0119\u017cny.<br>Ale by\u0142 \u015bwi\u0119ty.<\/p>\n\n\n\n<p>A \u015bwi\u0119to\u015b\u0107 pozostaje najwi\u0119kszym darem, jaki rodzice mog\u0105 ofiarowa\u0107.<\/p>\n\n\n\n<hr class=\"wp-block-separator has-alpha-channel-opacity\"\/>\n\n\n\n<h1 class=\"wp-block-heading\">VIII. Praktyczne rady dotycz\u0105ce wychowania chrze\u015bcija\u0144skich dzieci dzisiaj<\/h1>\n\n\n\n<h2 class=\"wp-block-heading\">1. M\u00f3dlcie si\u0119 z nimi ka\u017cdego dnia<\/h2>\n\n\n\n<p>Nawet kr\u00f3tko.<\/p>\n\n\n\n<h2 class=\"wp-block-heading\">2. B\u0142ogos\u0142awcie je<\/h2>\n\n\n\n<p>Rodzicielskie b\u0142ogos\u0142awie\u0144stwo ma duchow\u0105 moc.<\/p>\n\n\n\n<h2 class=\"wp-block-heading\">3. Ograniczajcie ekrany<\/h2>\n\n\n\n<p>Nie ka\u017cda tre\u015b\u0107 dobrze formuje.<\/p>\n\n\n\n<h2 class=\"wp-block-heading\">4. Uczcie ofiary<\/h2>\n\n\n\n<p>Nie dawajcie wszystkiego natychmiast.<\/p>\n\n\n\n<h2 class=\"wp-block-heading\">5. Prowad\u017acie je na Msz\u0119 \u015awi\u0119t\u0105<\/h2>\n\n\n\n<p>Nie jako pusty obowi\u0105zek, ale jako spotkanie z Bogiem.<\/p>\n\n\n\n<h2 class=\"wp-block-heading\">6. Korygujcie z mi\u0142o\u015bci\u0105 i stanowczo\u015bci\u0105<\/h2>\n\n\n\n<p>Dyscyplina bez mi\u0142o\u015bci niszczy; mi\u0142o\u015b\u0107 bez dyscypliny psuje.<\/p>\n\n\n\n<h2 class=\"wp-block-heading\">7. Okazujcie sp\u00f3jno\u015b\u0107<\/h2>\n\n\n\n<p>Wiara przekazywana jest bardziej przez \u015bwiadectwo ni\u017c przez narzucanie.<\/p>\n\n\n\n<hr class=\"wp-block-separator has-alpha-channel-opacity\"\/>\n\n\n\n<h1 class=\"wp-block-heading\">IX. Cywilizacja stawia swoj\u0105 przysz\u0142o\u015b\u0107 na swoich dzieciach<\/h1>\n\n\n\n<p>Ka\u017cde pokolenie decyduje, czy przeka\u017ce swoim dzieciom:<\/p>\n\n\n\n<h2 class=\"wp-block-heading\">Albo:<\/h2>\n\n\n\n<p>Konsumpcjonizm, relatywizm i pustk\u0119.<\/p>\n\n\n\n<h2 class=\"wp-block-heading\">Albo:<\/h2>\n\n\n\n<p>Prawd\u0119, cnot\u0119 i wieczno\u015b\u0107.<\/p>\n\n\n\n<p>Dzisiejsze dzieci b\u0119d\u0105:<\/p>\n\n\n\n<ul class=\"wp-block-list\">\n<li>Rodzicami jutra<\/li>\n\n\n\n<li>Kap\u0142anami jutra<\/li>\n\n\n\n<li>Przyw\u00f3dcami jutra<\/li>\n\n\n\n<li>\u015awi\u0119tymi albo zagubionymi jutra<\/li>\n<\/ul>\n\n\n\n<p>Dlatego dobre wychowanie dzieci nie jest jedynie prywatnym zadaniem.<\/p>\n\n\n\n<p>Jest dzie\u0142em cywilizacji.<\/p>\n\n\n\n<hr class=\"wp-block-separator has-alpha-channel-opacity\"\/>\n\n\n\n<h1 class=\"wp-block-heading\">Zako\u0144czenie: Kto przyjmuje, formuje i kocha dziecko, dotyka serca Chrystusa<\/h1>\n\n\n\n<p>Chrystus powiedzia\u0142 to z wieczn\u0105 powag\u0105:<\/p>\n\n\n\n<p><strong>\u201eWszystko, co uczynili\u015bcie jednemu z tych najmniejszych, Mnie\u015bcie uczynili\u201d (por. Mt 25,40).<\/strong><\/p>\n\n\n\n<p>Ka\u017cda pielucha zmieniona z mi\u0142o\u015bci\u0105,<br>ka\u017cda nieprzespana noc,<br>ka\u017cde cierpliwe upomnienie,<br>ka\u017cdy nauczony r\u00f3\u017caniec,<br>ka\u017cda cicha ofiara\u2026<\/p>\n\n\n\n<p>Ma nadprzyrodzon\u0105 warto\u015b\u0107.<\/p>\n\n\n\n<p>Poniewa\u017c wychowanie dziecka nie polega jedynie na przygotowaniu kogo\u015b do \u017cycia.<\/p>\n\n\n\n<p>Polega na przygotowaniu duszy do wieczno\u015bci.<\/p>\n\n\n\n<h2 class=\"wp-block-heading\">W \u015bwiecie, kt\u00f3ry cz\u0119sto myli wolno\u015b\u0107 z porzuceniem,<\/h2>\n\n\n\n<p>chrze\u015bcija\u0144ska rodzina jest wezwana, aby pami\u0119ta\u0107 o tej prawdzie:<\/p>\n\n\n\n<p><strong>Dzieci nie s\u0105 dodatkiem do spo\u0142ecze\u0144stwa.<br>S\u0105 jego naj\u015bwi\u0119tszym skarbem.<\/strong><\/p>\n","protected":false},"excerpt":{"rendered":"<p>Ochrona, wychowanie, godno\u015b\u0107 i chrze\u015bcija\u0144ska misja w \u015bwiecie, kt\u00f3ry zdaje si\u0119 zapomina\u0107 o ich warto\u015bci \u017byjemy w paradoksalnej epoce. Nigdy wcze\u015bniej tak wiele nie m\u00f3wiono o \u201eprawach dziecka\u201d, a jednak rzadko kiedy dzieci by\u0142y tak bardzo nara\u017cone na moralne zamieszanie, rozpad rodziny, ideologiczn\u0105 manipulacj\u0119 w edukacji i duchowe porzucenie. S\u0105 chronione fizycznie, ale cz\u0119sto zranione &hellip;<\/p>\n","protected":false},"author":3,"featured_media":5830,"comment_status":"closed","ping_status":"closed","sticky":false,"template":"","format":"standard","meta":{"_seopress_robots_primary_cat":"","_seopress_titles_title":"","_seopress_titles_desc":"","_seopress_robots_index":"","footnotes":""},"categories":[39,55],"tags":[675],"class_list":["post-5829","post","type-post","status-publish","format-standard","has-post-thumbnail","","category-moralnosc-i-zycie-chrzescijanskie","category-rodzina-i-malzenstwo","tag-dzieci"],"_links":{"self":[{"href":"https:\/\/catholicus.eu\/pl\/wp-json\/wp\/v2\/posts\/5829","targetHints":{"allow":["GET"]}}],"collection":[{"href":"https:\/\/catholicus.eu\/pl\/wp-json\/wp\/v2\/posts"}],"about":[{"href":"https:\/\/catholicus.eu\/pl\/wp-json\/wp\/v2\/types\/post"}],"author":[{"embeddable":true,"href":"https:\/\/catholicus.eu\/pl\/wp-json\/wp\/v2\/users\/3"}],"replies":[{"embeddable":true,"href":"https:\/\/catholicus.eu\/pl\/wp-json\/wp\/v2\/comments?post=5829"}],"version-history":[{"count":1,"href":"https:\/\/catholicus.eu\/pl\/wp-json\/wp\/v2\/posts\/5829\/revisions"}],"predecessor-version":[{"id":5831,"href":"https:\/\/catholicus.eu\/pl\/wp-json\/wp\/v2\/posts\/5829\/revisions\/5831"}],"wp:featuredmedia":[{"embeddable":true,"href":"https:\/\/catholicus.eu\/pl\/wp-json\/wp\/v2\/media\/5830"}],"wp:attachment":[{"href":"https:\/\/catholicus.eu\/pl\/wp-json\/wp\/v2\/media?parent=5829"}],"wp:term":[{"taxonomy":"category","embeddable":true,"href":"https:\/\/catholicus.eu\/pl\/wp-json\/wp\/v2\/categories?post=5829"},{"taxonomy":"post_tag","embeddable":true,"href":"https:\/\/catholicus.eu\/pl\/wp-json\/wp\/v2\/tags?post=5829"}],"curies":[{"name":"wp","href":"https:\/\/api.w.org\/{rel}","templated":true}]}}