{"id":5805,"date":"2026-04-26T12:57:32","date_gmt":"2026-04-26T10:57:32","guid":{"rendered":"https:\/\/catholicus.eu\/pl\/?p=5805"},"modified":"2026-04-26T12:57:32","modified_gmt":"2026-04-26T10:57:32","slug":"zaprawde-zaprawde-powiadam-wam-glos-ktory-nie-zwodzi-w-swiecie-pelnym-halasu","status":"publish","type":"post","link":"https:\/\/catholicus.eu\/pl\/zaprawde-zaprawde-powiadam-wam-glos-ktory-nie-zwodzi-w-swiecie-pelnym-halasu\/","title":{"rendered":"\u201eZaprawd\u0119, zaprawd\u0119 powiadam wam\u201d: g\u0142os, kt\u00f3ry nie zwodzi w \u015bwiecie pe\u0142nym ha\u0142asu"},"content":{"rendered":"\n<p>S\u0105 w Ewangelii wyra\u017cenia, kt\u00f3re ze wzgl\u0119du na swoj\u0105 si\u0142\u0119 powinny nas zatrzyma\u0107. To nie s\u0105 zwyk\u0142e zdania: to progi. W\u015br\u00f3d nich jedno rozbrzmiewa z wyj\u0105tkow\u0105 powag\u0105: <strong>\u201eZaprawd\u0119, zaprawd\u0119 powiadam wam.\u201d<\/strong> To nie jest ozdobna formu\u0142a ani zwyk\u0142e retoryczne wprowadzenie. To brama do tego, co istotne, ostateczne, do tego, co nie dopuszcza \u017cadnych niuans\u00f3w ani relatywizmu.<\/p>\n\n\n\n<p>W czasach takich jak nasze \u2014 naznaczonych zam\u0119tem, nadmiarem informacji i ci\u0105g\u0142\u0105 podejrzliwo\u015bci\u0105 wobec prawdy \u2014 to wyra\u017cenie Chrystusa staje si\u0119 bardziej aktualne ni\u017c kiedykolwiek. Bo tam, gdzie wszystko wydaje si\u0119 podlega\u0107 dyskusji, On m\u00f3wi z absolutnym autorytetem.<\/p>\n\n\n\n<p>Ale\u2026 co tak naprawd\u0119 oznacza to zdanie? Dlaczego Jezus je powtarza? Co m\u00f3wi nam dzisiaj, w naszym konkretnym \u017cyciu?<\/p>\n\n\n\n<hr class=\"wp-block-separator has-alpha-channel-opacity\"\/>\n\n\n\n<h2 class=\"wp-block-heading\"><strong>1. Ci\u0119\u017car s\u0142owa: powt\u00f3rzone \u201eAmen\u201d<\/strong><\/h2>\n\n\n\n<p>Wyra\u017cenie \u201eZaprawd\u0119, zaprawd\u0119 powiadam wam\u201d pochodzi z hebrajskiego i aramejskiego <strong>\u201eAmen, amen.\u201d<\/strong> S\u0142owo <em>amen<\/em> nie oznacza po prostu \u201eniech tak b\u0119dzie\u201d, jak cz\u0119sto my\u015blimy. Jego rdze\u0144 wskazuje na co\u015b znacznie g\u0142\u0119bszego: <strong>trwa\u0142o\u015b\u0107, pewno\u015b\u0107, niewzruszon\u0105 prawd\u0119<\/strong>.<\/p>\n\n\n\n<p>Kiedy Jezus m\u00f3wi \u201eamen\u201d, potwierdza: <em>to jest absolutnie prawdziwe<\/em>. Ale kiedy powtarza \u2014 \u201eamen, amen\u201d \u2014 podnosi to stwierdzenie do wyj\u0105tkowego poziomu: <strong>to, co zaraz powiem, jest prawd\u0105 Bo\u017c\u0105, ostateczn\u0105, kt\u00f3ra domaga si\u0119 wiary i odpowiedzi<\/strong>.<\/p>\n\n\n\n<p>To co\u015b ca\u0142kowicie nowego. W Starym Testamencie prorocy m\u00f3wili: <em>\u201eTak m\u00f3wi Pan.\u201d<\/em> Jezus natomiast m\u00f3wi: <strong>\u201eJa wam powiadam.\u201d<\/strong> Nie przemawia jako po\u015brednik. M\u00f3wi jako sam B\u00f3g.<\/p>\n\n\n\n<hr class=\"wp-block-separator has-alpha-channel-opacity\"\/>\n\n\n\n<h2 class=\"wp-block-heading\"><strong>2. Chrystus, Prawda, kt\u00f3ra m\u00f3wi z autorytetem<\/strong><\/h2>\n\n\n\n<p>To wyra\u017cenie pojawia si\u0119 szczeg\u00f3lnie w Ewangelii wed\u0142ug \u015bw. Jana. Na przyk\u0142ad:<\/p>\n\n\n\n<blockquote class=\"wp-block-quote is-layout-flow wp-block-quote-is-layout-flow\">\n<p><em>\u201eZaprawd\u0119, zaprawd\u0119 powiadam wam: kto wierzy, ma \u017cycie wieczne\u201d<\/em> (J 6,47)<\/p>\n<\/blockquote>\n\n\n\n<p>Nie ma tu \u017cadnej niejednoznaczno\u015bci. Nie m\u00f3wi \u201emo\u017ce\u201d, ani \u201eto zale\u017cy\u201d, ani \u201ewed\u0142ug twojej interpretacji\u201d. Chrystus og\u0142asza z boskim autorytetem prawd\u0119, kt\u00f3ra zmienia \u017cycie cz\u0142owieka.<\/p>\n\n\n\n<p>To wprowadza nas w fundamentaln\u0105 rzeczywisto\u015b\u0107 teologiczn\u0105:<br><strong>Jezus Chrystus nie tylko naucza prawdy; On jest Prawd\u0105.<\/strong><\/p>\n\n\n\n<blockquote class=\"wp-block-quote is-layout-flow wp-block-quote-is-layout-flow\">\n<p><em>\u201eJa jestem drog\u0105, prawd\u0105 i \u017cyciem\u201d<\/em> (J 14,6)<\/p>\n<\/blockquote>\n\n\n\n<p>Dlatego kiedy m\u00f3wi, nie wyra\u017ca opinii. Nie przedstawia teorii. <strong>Objawia to, co jest.<\/strong><\/p>\n\n\n\n<hr class=\"wp-block-separator has-alpha-channel-opacity\"\/>\n\n\n\n<h2 class=\"wp-block-heading\"><strong>3. Boska pedagogia: przebudzenie duszy<\/strong><\/h2>\n\n\n\n<p>Dlaczego Jezus u\u017cywa tej powtarzaj\u0105cej si\u0119 formu\u0142y?<\/p>\n\n\n\n<p>Poniewa\u017c zna ludzkie serce. Wie, \u017ce jeste\u015bmy rozproszeni, zatwardziali, rozkojarzeni. Potrzebujemy przebudzenia.<\/p>\n\n\n\n<p>Za ka\u017cdym razem, gdy m\u00f3wi \u201eZaprawd\u0119, zaprawd\u0119 powiadam wam\u201d, jest to jakby m\u00f3wi\u0142:<\/p>\n\n\n\n<ul class=\"wp-block-list\">\n<li>\u201eS\u0142uchaj uwa\u017cnie\u201d<\/li>\n\n\n\n<li>\u201eTo jest kluczowe\u201d<\/li>\n\n\n\n<li>\u201eNie mo\u017cesz tego zignorowa\u0107\u201d<\/li>\n<\/ul>\n\n\n\n<p>To g\u0142\u0119boko duszpasterski \u015brodek pedagogiczny. Nie chce imponowa\u0107, lecz <strong>przebudzi\u0107<\/strong>.<\/p>\n\n\n\n<hr class=\"wp-block-separator has-alpha-channel-opacity\"\/>\n\n\n\n<h2 class=\"wp-block-heading\"><strong>4. Prawdy, kt\u00f3re niepokoj\u0105\u2026 ale zbawiaj\u0105<\/strong><\/h2>\n\n\n\n<p>Je\u015bli przyjrzymy si\u0119 fragmentom, w kt\u00f3rych pojawia si\u0119 to wyra\u017cenie, odkryjemy co\u015b wa\u017cnego:<br>cz\u0119sto wprowadza ono trudne nauki.<\/p>\n\n\n\n<p>Na przyk\u0142ad:<\/p>\n\n\n\n<blockquote class=\"wp-block-quote is-layout-flow wp-block-quote-is-layout-flow\">\n<p><em>\u201eZaprawd\u0119, zaprawd\u0119 powiadam wam: je\u015bli nie b\u0119dziecie spo\u017cywa\u0107 cia\u0142a Syna Cz\u0142owieczego i nie b\u0119dziecie pi\u0107 Jego krwi, nie b\u0119dziecie mieli \u017cycia w sobie\u201d<\/em> (J 6,53)<\/p>\n<\/blockquote>\n\n\n\n<p>To stwierdzenie wywo\u0142a\u0142o zgorszenie. Wielu uczni\u00f3w odesz\u0142o od Jezusa.<\/p>\n\n\n\n<p>Tutaj widzimy co\u015b istotnego dla naszego \u017cycia duchowego:<br><strong>prawda Chrystusa nie zawsze jest wygodna, ale zawsze jest zbawcza.<\/strong><\/p>\n\n\n\n<p>W kulturze, kt\u00f3ra pr\u00f3buje dostosowa\u0107 prawd\u0119 do osobistych pragnie\u0144, Jezus czyni odwrotnie:<br><strong>wzywa cz\u0142owieka do nawr\u00f3cenia, aby wej\u015b\u0107 w prawd\u0119.<\/strong><\/p>\n\n\n\n<hr class=\"wp-block-separator has-alpha-channel-opacity\"\/>\n\n\n\n<h2 class=\"wp-block-heading\"><strong>5. Wezwanie do wiary w czasach relatywizmu<\/strong><\/h2>\n\n\n\n<p>\u017byjemy w epoce, w kt\u00f3rej nieustannie si\u0119 powtarza:<br>\u201eka\u017cdy ma swoj\u0105 prawd\u0119\u201d,<br>\u201eto zale\u017cy\u201d,<br>\u201enie ma prawd absolutnych\u201d.<\/p>\n\n\n\n<p>Wobec tego wyra\u017cenie Chrystusa jest radykalnie kontrkulturowe.<\/p>\n\n\n\n<p><strong>\u201eZaprawd\u0119, zaprawd\u0119 powiadam wam\u2026\u201d<\/strong> oznacza:<\/p>\n\n\n\n<ul class=\"wp-block-list\">\n<li>Istnieje prawda obiektywna<\/li>\n\n\n\n<li>Ta prawda pochodzi od Boga<\/li>\n\n\n\n<li>A cz\u0142owiek jest wezwany, by przyj\u0105\u0107 j\u0105 w wierze<\/li>\n<\/ul>\n\n\n\n<p>Nie jako narzucenie, lecz jako drog\u0119 do wolno\u015bci.<\/p>\n\n\n\n<p>Bo tylko prawda wyzwala:<\/p>\n\n\n\n<blockquote class=\"wp-block-quote is-layout-flow wp-block-quote-is-layout-flow\">\n<p><em>\u201ePrawda was wyzwoli\u201d<\/em> (J 8,32)<\/p>\n<\/blockquote>\n\n\n\n<hr class=\"wp-block-separator has-alpha-channel-opacity\"\/>\n\n\n\n<h2 class=\"wp-block-heading\"><strong>6. Zastosowania praktyczne: \u017cy\u0107 prawd\u0105<\/strong><\/h2>\n\n\n\n<p>To nie jest jedynie abstrakcyjny temat teologiczny. Ma konkretne konsekwencje w naszym codziennym \u017cyciu.<\/p>\n\n\n\n<h3 class=\"wp-block-heading\"><strong>a) S\u0142ucha\u0107 Chrystusa ponad ha\u0142asem<\/strong><\/h3>\n\n\n\n<p>Dzi\u015b jeste\u015bmy otoczeni g\u0142osami: media spo\u0142eczno\u015bciowe, opinie, ideologie\u2026<br>Ale rzadko naprawd\u0119 s\u0142uchamy Chrystusa.<\/p>\n\n\n\n<p>Pytanie jest proste:<br><strong>Jak\u0105 w\u0142adz\u0119 ma Jego s\u0142owo w twoim \u017cyciu?<\/strong><\/p>\n\n\n\n<p>Czytanie Ewangelii nie jako jednego z wielu tekst\u00f3w, lecz jako \u017cywego s\u0142owa, zmienia wszystko.<\/p>\n\n\n\n<hr class=\"wp-block-separator has-alpha-channel-opacity\"\/>\n\n\n\n<h3 class=\"wp-block-heading\"><strong>b) Kszta\u0142towa\u0107 sumienie w prawdzie<\/strong><\/h3>\n\n\n\n<p>Nie wystarczy \u201eczu\u0107, \u017ce co\u015b jest dobre\u201d.<br>Chrze\u015bcijanin jest wezwany do formowania swojego sumienia wed\u0142ug objawionej prawdy.<\/p>\n\n\n\n<p>To oznacza:<\/p>\n\n\n\n<ul class=\"wp-block-list\">\n<li>Studiowanie wiary<\/li>\n\n\n\n<li>Znajomo\u015b\u0107 nauczania Ko\u015bcio\u0142a<\/li>\n\n\n\n<li>Rozeznawanie z pokor\u0105<\/li>\n<\/ul>\n\n\n\n<p>Bo nie wszystko, co wydaje si\u0119 dobre\u2026 rzeczywi\u015bcie takie jest.<\/p>\n\n\n\n<hr class=\"wp-block-separator has-alpha-channel-opacity\"\/>\n\n\n\n<h3 class=\"wp-block-heading\"><strong>c) \u017by\u0107 w sp\u00f3jno\u015bci<\/strong><\/h3>\n\n\n\n<p>Je\u015bli Chrystus m\u00f3wi \u201ew prawdzie\u201d, nasze \u017cycie musi odpowiedzie\u0107 autentyczno\u015bci\u0105.<\/p>\n\n\n\n<p>Nie mo\u017cna \u017cy\u0107 w wierze\u2026 i w k\u0142amstwie.<br>Nie mo\u017cna i\u015b\u0107 za Chrystusem\u2026 i relatywizowa\u0107 Jego nauczania.<\/p>\n\n\n\n<p>Sp\u00f3jno\u015b\u0107 jest dzi\u015b najpot\u0119\u017cniejszym \u015bwiadectwem.<\/p>\n\n\n\n<hr class=\"wp-block-separator has-alpha-channel-opacity\"\/>\n\n\n\n<h3 class=\"wp-block-heading\"><strong>d) G\u0142osi\u0107 prawd\u0119 z mi\u0142o\u015bci\u0105<\/strong><\/h3>\n\n\n\n<p>W zranionym \u015bwiecie prawda nie jest narzucana: jest proponowana z mi\u0142o\u015bci\u0105.<\/p>\n\n\n\n<p>Ale <strong>nie jest ukrywana<\/strong>.<\/p>\n\n\n\n<p>Chrze\u015bcijanin jest wezwany, by by\u0107 \u015bwiadkiem prawdy, nawet gdy to kosztuje.<\/p>\n\n\n\n<hr class=\"wp-block-separator has-alpha-channel-opacity\"\/>\n\n\n\n<h2 class=\"wp-block-heading\"><strong>7. Wymiar duchowy: prawda, kt\u00f3ra przemienia<\/strong><\/h2>\n\n\n\n<p>Za ka\u017cdym razem, gdy Jezus m\u00f3wi \u201eZaprawd\u0119, zaprawd\u0119 powiadam wam\u201d, nie tylko informuje\u2026<br><strong>On przemienia<\/strong>.<\/p>\n\n\n\n<p>Jego s\u0142owo ma moc:<\/p>\n\n\n\n<ul class=\"wp-block-list\">\n<li>O\u015bwieca umys\u0142<\/li>\n\n\n\n<li>Koryguje serce<\/li>\n\n\n\n<li>Umacnia wol\u0119<\/li>\n<\/ul>\n\n\n\n<p>Dlatego \u017cycie chrze\u015bcija\u0144skie nie polega jedynie na wiedzy o Bogu,<br>lecz na <strong>pozwoleniu, by Jego s\u0142owo nas przemienia\u0142o<\/strong>.<\/p>\n\n\n\n<hr class=\"wp-block-separator has-alpha-channel-opacity\"\/>\n\n\n\n<h2 class=\"wp-block-heading\"><strong>8. Osobiste zaproszenie<\/strong><\/h2>\n\n\n\n<p>Ten temat nie ko\u0144czy si\u0119 na analizie. To zaproszenie.<\/p>\n\n\n\n<p>Nast\u0119pnym razem, gdy b\u0119dziesz czyta\u0107 Ewangeli\u0119 i natkniesz si\u0119 na to wyra\u017cenie, zatrzymaj si\u0119.<\/p>\n\n\n\n<p>Zadaj sobie pytania:<\/p>\n\n\n\n<ul class=\"wp-block-list\">\n<li>Czy naprawd\u0119 s\u0142ucham?<\/li>\n\n\n\n<li>Czy wierz\u0119 w to, co m\u00f3wi Chrystus?<\/li>\n\n\n\n<li>Czy \u017cyj\u0119 zgodnie z t\u0105 prawd\u0105?<\/li>\n<\/ul>\n\n\n\n<p>Bo w tych s\u0142owach chodzi o co\u015b wi\u0119cej ni\u017c nauczanie:<br><strong>chodzi o twoj\u0105 relacj\u0119 z Bogiem<\/strong>.<\/p>\n\n\n\n<hr class=\"wp-block-separator has-alpha-channel-opacity\"\/>\n\n\n\n<h2 class=\"wp-block-heading\"><strong>Zako\u0144czenie: pewno\u015b\u0107, kt\u00f3ra podtrzymuje \u017cycie<\/strong><\/h2>\n\n\n\n<p>W \u015bwiecie pe\u0142nym niepewno\u015bci Chrystus daje absolutn\u0105 pewno\u015b\u0107.<\/p>\n\n\n\n<p>Gdy m\u00f3wi <strong>\u201eZaprawd\u0119, zaprawd\u0119 powiadam wam\u201d<\/strong>, m\u00f3wi:<\/p>\n\n\n\n<p>\ud83d\udc49 <em>Mo\u017cesz Mi zaufa\u0107<\/em><br>\ud83d\udc49 <em>To nie zawodzi<\/em><br>\ud83d\udc49 <em>Tu jest prawdziwe \u017cycie<\/em><\/p>\n\n\n\n<p>To nie jest zimna ani abstrakcyjna prawda.<br>To prawda, kt\u00f3ra ma twarz: <strong>Jezus Chrystus<\/strong>.<\/p>\n\n\n\n<p>A kto si\u0119 na Nim opiera, nawet je\u015bli \u015bwiat si\u0119 chwieje,<br>pozostaje niewzruszony.<\/p>\n","protected":false},"excerpt":{"rendered":"<p>S\u0105 w Ewangelii wyra\u017cenia, kt\u00f3re ze wzgl\u0119du na swoj\u0105 si\u0142\u0119 powinny nas zatrzyma\u0107. To nie s\u0105 zwyk\u0142e zdania: to progi. W\u015br\u00f3d nich jedno rozbrzmiewa z wyj\u0105tkow\u0105 powag\u0105: \u201eZaprawd\u0119, zaprawd\u0119 powiadam wam.\u201d To nie jest ozdobna formu\u0142a ani zwyk\u0142e retoryczne wprowadzenie. To brama do tego, co istotne, ostateczne, do tego, co nie dopuszcza \u017cadnych niuans\u00f3w ani &hellip;<\/p>\n","protected":false},"author":3,"featured_media":5806,"comment_status":"closed","ping_status":"closed","sticky":false,"template":"","format":"standard","meta":{"_seopress_robots_primary_cat":"","_seopress_titles_title":"","_seopress_titles_desc":"","_seopress_robots_index":"","footnotes":""},"categories":[37,45],"tags":[1827,1828],"class_list":["post-5805","post","type-post","status-publish","format-standard","has-post-thumbnail","","category-doktryna-i-wiara","category-pismo-swiete","tag-zaprawde","tag-zaprawde-powiadam-wam"],"_links":{"self":[{"href":"https:\/\/catholicus.eu\/pl\/wp-json\/wp\/v2\/posts\/5805","targetHints":{"allow":["GET"]}}],"collection":[{"href":"https:\/\/catholicus.eu\/pl\/wp-json\/wp\/v2\/posts"}],"about":[{"href":"https:\/\/catholicus.eu\/pl\/wp-json\/wp\/v2\/types\/post"}],"author":[{"embeddable":true,"href":"https:\/\/catholicus.eu\/pl\/wp-json\/wp\/v2\/users\/3"}],"replies":[{"embeddable":true,"href":"https:\/\/catholicus.eu\/pl\/wp-json\/wp\/v2\/comments?post=5805"}],"version-history":[{"count":1,"href":"https:\/\/catholicus.eu\/pl\/wp-json\/wp\/v2\/posts\/5805\/revisions"}],"predecessor-version":[{"id":5807,"href":"https:\/\/catholicus.eu\/pl\/wp-json\/wp\/v2\/posts\/5805\/revisions\/5807"}],"wp:featuredmedia":[{"embeddable":true,"href":"https:\/\/catholicus.eu\/pl\/wp-json\/wp\/v2\/media\/5806"}],"wp:attachment":[{"href":"https:\/\/catholicus.eu\/pl\/wp-json\/wp\/v2\/media?parent=5805"}],"wp:term":[{"taxonomy":"category","embeddable":true,"href":"https:\/\/catholicus.eu\/pl\/wp-json\/wp\/v2\/categories?post=5805"},{"taxonomy":"post_tag","embeddable":true,"href":"https:\/\/catholicus.eu\/pl\/wp-json\/wp\/v2\/tags?post=5805"}],"curies":[{"name":"wp","href":"https:\/\/api.w.org\/{rel}","templated":true}]}}