{"id":5656,"date":"2026-04-09T11:10:45","date_gmt":"2026-04-09T09:10:45","guid":{"rendered":"https:\/\/catholicus.eu\/pl\/?p=5656"},"modified":"2026-04-09T11:10:46","modified_gmt":"2026-04-09T09:10:46","slug":"to-nie-byl-symbol-chrystus-powrocil-i-dal-sie-zobaczyc-objawienia-zmartwychwstalego-jezusa-ktore-zmienily-historie-i-moga-zmienic-twoje-zycie-dzis","status":"publish","type":"post","link":"https:\/\/catholicus.eu\/pl\/to-nie-byl-symbol-chrystus-powrocil-i-dal-sie-zobaczyc-objawienia-zmartwychwstalego-jezusa-ktore-zmienily-historie-i-moga-zmienic-twoje-zycie-dzis\/","title":{"rendered":"To nie by\u0142 symbol: Chrystus powr\u00f3ci\u0142 i da\u0142 si\u0119 zobaczy\u0107 \u2014 Objawienia Zmartwychwsta\u0142ego Jezusa, kt\u00f3re zmieni\u0142y histori\u0119 (i mog\u0105 zmieni\u0107 twoje \u017cycie dzi\u015b)"},"content":{"rendered":"\n<h2 class=\"wp-block-heading\">Wst\u0119p: kiedy wiara przestaje by\u0107 teori\u0105<\/h2>\n\n\n\n<p>Wiara chrze\u015bcija\u0144ska nie rodzi si\u0119 z pi\u0119knego pomys\u0142u, ani z wysokiej filozofii, ani z zestawu regu\u0142 moralnych. Rodzi si\u0119 z faktu: <strong>Jezus Chrystus umar\u0142\u2026 i zmartwychwsta\u0142.<\/strong><\/p>\n\n\n\n<p>I nie tylko to: <strong>da\u0142 si\u0119 zobaczy\u0107.<\/strong><\/p>\n\n\n\n<p>Przez czterdzie\u015bci dni Zmartwychwsta\u0142y Pan nie pozostawa\u0142 ukryty w odleg\u0142ej chwale. Przeciwnie, szuka\u0142 swoich, wychodzi\u0142 im naprzeciw, rozmawia\u0142 z nimi, jad\u0142 z nimi, naucza\u0142 ich, poprawia\u0142 i posy\u0142a\u0142.<\/p>\n\n\n\n<p>Objawienia Zmartwychwsta\u0142ego s\u0105 mostem mi\u0119dzy dramatem Golgoty a misj\u0105 Ko\u015bcio\u0142a. Bez nich nie by\u0142oby chrze\u015bcija\u0144stwa. Bez nich krzy\u017c by\u0142by pora\u017ck\u0105. Dzi\u0119ki nim \u015bmier\u0107 zosta\u0142a pokonana na zawsze.<\/p>\n\n\n\n<p>Ten artyku\u0142 nie s\u0142u\u017cy tylko temu, by zrozumie\u0107, co si\u0119 wydarzy\u0142o\u2026<br>ale by odkry\u0107, co nadal si\u0119 dzieje dzisiaj.<\/p>\n\n\n\n<hr class=\"wp-block-separator has-alpha-channel-opacity\"\/>\n\n\n\n<h2 class=\"wp-block-heading\">1. Co oznacza, \u017ce Chrystus \u201esi\u0119 ukaza\u0142\u201d?<\/h2>\n\n\n\n<p>W j\u0119zyku teologicznym objawienia Zmartwychwsta\u0142ego nie s\u0105 jedynie subiektywnymi wizjami czy wewn\u0119trznymi do\u015bwiadczeniami. S\u0105 <strong>rzeczywistymi spotkaniami z prawdziwie zmartwychwsta\u0142ym Chrystusem<\/strong>, uwielbionym, ale namacalnym.<\/p>\n\n\n\n<p>Nie jest duchem. Nie jest projekcj\u0105 emocjonaln\u0105. Nie jest wspomnieniem.<\/p>\n\n\n\n<p>On sam jasno to stwierdza:<\/p>\n\n\n\n<blockquote class=\"wp-block-quote is-layout-flow wp-block-quote-is-layout-flow\">\n<p>\u201eZobaczcie moje r\u0119ce i moje nogi: to ja sam. Dotknijcie mnie i zobaczcie; duch nie ma cia\u0142a ani ko\u015bci, jak widzicie, \u017ce ja mam.\u201d (\u0141ukasz 24,39)<\/p>\n<\/blockquote>\n\n\n\n<p>Tu kryje si\u0119 zasadnicza prawda:<br><strong>Zmartwychwstanie nie jest tylko duchowe, jest cielesne.<\/strong><\/p>\n\n\n\n<p>To samo cia\u0142o, kt\u00f3re zosta\u0142o ukrzy\u017cowane, zmartwychwstaje \u2014 lecz przemienione, uwielbione i wolne od ogranicze\u0144 czasu i przestrzeni.<\/p>\n\n\n\n<hr class=\"wp-block-separator has-alpha-channel-opacity\"\/>\n\n\n\n<h2 class=\"wp-block-heading\">2. Objawienia: droga, kt\u00f3ra ukazuje serce Boga<\/h2>\n\n\n\n<p>Objawienia nie s\u0105 przypadkowe. Maj\u0105 porz\u0105dek, cel i g\u0142\u0119bokie przes\u0142anie.<\/p>\n\n\n\n<h3 class=\"wp-block-heading\">\u2726 Marii Magdalenie: gdy mi\u0142o\u015b\u0107 rozpoznaje pierwsza<\/h3>\n\n\n\n<p>Pierwsze spotkanie jest niezwykle znacz\u0105ce. Nie ukazuje si\u0119 on mocarzom, ani kap\u0142anom, ani uczonym\u2026 ale kobiecie, kt\u00f3ra p\u0142aka\u0142a.<\/p>\n\n\n\n<blockquote class=\"wp-block-quote is-layout-flow wp-block-quote-is-layout-flow\">\n<p>\u201eJezus rzek\u0142 do niej: \u2018Mario!\u2019 Ona odwr\u00f3ci\u0142a si\u0119 i rzek\u0142a do niego: \u2018Rabbuni!\u2019\u201d (Jan 20,16)<\/p>\n<\/blockquote>\n\n\n\n<p>Zmartwychwsta\u0142y objawia si\u0119 w osobistym, w intymnym.<br>B\u00f3g wzywa ci\u0119 po imieniu.<\/p>\n\n\n\n<hr class=\"wp-block-separator has-alpha-channel-opacity\"\/>\n\n\n\n<h3 class=\"wp-block-heading\">\u2726 U uczni\u00f3w w Emaus: gdy wiara na drodze odradza si\u0119 na nowo<\/h3>\n\n\n\n<p>Dw\u00f3ch uczni\u00f3w idzie smutnych i rozczarowanych. Jezus przychodzi do nich, ale go nie rozpoznaj\u0105.<\/p>\n\n\n\n<p>T\u0142umaczy im Pisma\u2026 a w ko\u0144cu, przy \u0142amaniu chleba, otwieraj\u0105 si\u0119 ich oczy.<\/p>\n\n\n\n<p>Tu tkwi ogromny klucz pastoralny:<br><strong>Chrystus objawia si\u0119 w S\u0142owie i w Eucharystii.<\/strong><\/p>\n\n\n\n<hr class=\"wp-block-separator has-alpha-channel-opacity\"\/>\n\n\n\n<h3 class=\"wp-block-heading\">\u2726 Aposto\u0142om: gdy strach staje si\u0119 misj\u0105<\/h3>\n\n\n\n<p>Zamkni\u0119ci z obawy, uczniowie otrzymuj\u0105 wizyt\u0119 Zmartwychwsta\u0142ego:<\/p>\n\n\n\n<blockquote class=\"wp-block-quote is-layout-flow wp-block-quote-is-layout-flow\">\n<p>\u201ePok\u00f3j wam\u201d (Jan 20,19)<\/p>\n<\/blockquote>\n\n\n\n<p>Bez wyrzut\u00f3w. Bez pot\u0119pienia.<br>Jest pok\u00f3j\u2026 i pos\u0142anie.<\/p>\n\n\n\n<p>Pokazuje im swoje rany. Tchnie na nich. Daje im Ducha \u015awi\u0119tego.<\/p>\n\n\n\n<p>Tu rodzi si\u0119 Ko\u015bci\u00f3\u0142.<\/p>\n\n\n\n<hr class=\"wp-block-separator has-alpha-channel-opacity\"\/>\n\n\n\n<h3 class=\"wp-block-heading\">\u2726 Tomasz: gdy w\u0105tpliwo\u015b\u0107 staje si\u0119 wiar\u0105<\/h3>\n\n\n\n<p>W\u0105tpi\u0105cy aposto\u0142 przedstawia nas wszystkich.<\/p>\n\n\n\n<blockquote class=\"wp-block-quote is-layout-flow wp-block-quote-is-layout-flow\">\n<p>\u201ePan m\u00f3j i B\u00f3g m\u00f3j\u201d (Jan 20,28)<\/p>\n<\/blockquote>\n\n\n\n<p>Jezus nie odrzuca szczerej w\u0105tpliwo\u015bci, lecz prowadzi j\u0105 do g\u0142\u0119bszej wiary.<br>I wypowiada b\u0142ogos\u0142awie\u0144stwo, kt\u00f3re brzmi przez wieki:<\/p>\n\n\n\n<blockquote class=\"wp-block-quote is-layout-flow wp-block-quote-is-layout-flow\">\n<p>\u201eB\u0142ogos\u0142awieni, kt\u00f3rzy nie widzieli, a uwierzyli\u201d (Jan 20,29)<\/p>\n<\/blockquote>\n\n\n\n<p>To jeste\u015b ty.<\/p>\n\n\n\n<hr class=\"wp-block-separator has-alpha-channel-opacity\"\/>\n\n\n\n<h3 class=\"wp-block-heading\">\u2726 Ponad 500 braci: gdy wiara staje si\u0119 \u015bwiadectwem publicznym<\/h3>\n\n\n\n<p>\u015awi\u0119ty Pawe\u0142 podaje ten niezwyk\u0142y fakt (1 Kor 15,6):<br>Chrystus ukaza\u0142 si\u0119 ponad pi\u0119ciuset osobom.<\/p>\n\n\n\n<p>To nie jest prywatne do\u015bwiadczenie. To wydarzenie historyczne z licznymi \u015bwiadkami.<\/p>\n\n\n\n<hr class=\"wp-block-separator has-alpha-channel-opacity\"\/>\n\n\n\n<h3 class=\"wp-block-heading\">\u2726 Piotrowi: gdy mi\u0142o\u015b\u0107 naprawia zdrad\u0119<\/h3>\n\n\n\n<p>Po tym, jak trzy razy go zapar\u0142 si\u0119, Piotr otrzymuje now\u0105 szans\u0119:<\/p>\n\n\n\n<blockquote class=\"wp-block-quote is-layout-flow wp-block-quote-is-layout-flow\">\n<p>\u201eCzy Mnie kochasz?\u201d (Jan 21)<\/p>\n<\/blockquote>\n\n\n\n<p>Trzy razy.<\/p>\n\n\n\n<p>Chrystus nie upokarza. <strong>Przywraca.<\/strong><br>Nie odrzuca. <strong>Podnosi.<\/strong><\/p>\n\n\n\n<p>I powierza mu sw\u00f3j Ko\u015bci\u00f3\u0142.<\/p>\n\n\n\n<hr class=\"wp-block-separator has-alpha-channel-opacity\"\/>\n\n\n\n<h3 class=\"wp-block-heading\">\u2726 Wniebowst\u0105pienie: gdy zaczyna si\u0119 nasza misja<\/h3>\n\n\n\n<p>Po czterdziestu dniach Chrystus wst\u0119puje do nieba, nie po to, by si\u0119 oddali\u0107\u2026 lecz by panowa\u0107.<\/p>\n\n\n\n<p>Zanim odchodzi, daje jasne polecenie:<\/p>\n\n\n\n<blockquote class=\"wp-block-quote is-layout-flow wp-block-quote-is-layout-flow\">\n<p>\u201eId\u017acie wi\u0119c i nauczajcie wszystkie narody\u201d (Mateusz 28,19)<\/p>\n<\/blockquote>\n\n\n\n<hr class=\"wp-block-separator has-alpha-channel-opacity\"\/>\n\n\n\n<h2 class=\"wp-block-heading\">3. Liczba 40: to nie przypadek<\/h2>\n\n\n\n<p>W Biblii liczba 40 zawsze oznacza <strong>czas przygotowania, oczyszczenia i pos\u0142ania<\/strong>:<\/p>\n\n\n\n<ul class=\"wp-block-list\">\n<li>40 dni potopu<\/li>\n\n\n\n<li>40 lat na pustyni<\/li>\n\n\n\n<li>40 dni postu Chrystusa<\/li>\n<\/ul>\n\n\n\n<p>Objawienia przez 40 dni nie s\u0105 marginalnym szczeg\u00f3\u0142em.<br>To <strong>czas pedagogiczny Boga<\/strong>, by formowa\u0107 swoich uczni\u00f3w przed wys\u0142aniem ich na \u015bwiat.<\/p>\n\n\n\n<hr class=\"wp-block-separator has-alpha-channel-opacity\"\/>\n\n\n\n<h2 class=\"wp-block-heading\">4. Znaczenie teologiczne: dlaczego to wszystko zmienia wszystko<\/h2>\n\n\n\n<p>Objawienia Zmartwychwsta\u0142ego opieraj\u0105 cztery filary wiary chrze\u015bcija\u0144skiej:<\/p>\n\n\n\n<h3 class=\"wp-block-heading\">1. Potwierdzaj\u0105 bosko\u015b\u0107 Chrystusa<\/h3>\n\n\n\n<p>Tylko B\u00f3g ma w\u0142adz\u0119 nad \u015bmierci\u0105.<\/p>\n\n\n\n<h3 class=\"wp-block-heading\">2. Potwierdzaj\u0105 zbawienie<\/h3>\n\n\n\n<p>Krzy\u017c nie by\u0142 pora\u017ck\u0105, lecz zwyci\u0119stwem.<\/p>\n\n\n\n<h3 class=\"wp-block-heading\">3. Fundamentuj\u0105 Ko\u015bci\u00f3\u0142<\/h3>\n\n\n\n<p>Aposto\u0142owie nie g\u0142osz\u0105 idei, lecz tego, co <strong>widzieli<\/strong>.<\/p>\n\n\n\n<h3 class=\"wp-block-heading\">4. Zapowiadaj\u0105 nasze w\u0142asne zmartwychwstanie<\/h3>\n\n\n\n<p>Chrystus jest \u201epierwszym owocem\u201d (1 Kor 15,20).<br>To, co wydarzy\u0142o si\u0119 w Nim\u2026 wydarzy si\u0119 w nas.<\/p>\n\n\n\n<hr class=\"wp-block-separator has-alpha-channel-opacity\"\/>\n\n\n\n<h2 class=\"wp-block-heading\">5. Co te objawienia m\u00f3wi\u0105 nam dzi\u015b? (Zastosowanie praktyczne)<\/h2>\n\n\n\n<p>Tu wszystko o\u017cywa.<\/p>\n\n\n\n<h3 class=\"wp-block-heading\">\u2726 1. Chrystus nadal przychodzi do ciebie<\/h3>\n\n\n\n<p>Nie musisz by\u0107 doskona\u0142y.<br>Maria p\u0142aka\u0142a. Tomasz w\u0105tpi\u0142. Piotr upad\u0142.<\/p>\n\n\n\n<p>A jednak Chrystus poszed\u0142 do nich.<\/p>\n\n\n\n<hr class=\"wp-block-separator has-alpha-channel-opacity\"\/>\n\n\n\n<h3 class=\"wp-block-heading\">\u2726 2. Wiara nie jest \u015blepa\u2026 ale nie zale\u017cy od widzenia<\/h3>\n\n\n\n<p>\u017byjemy w kulturze op\u0119tanej tym, co widzialne.<br>Jednak Jezus podnosi wiar\u0119:<\/p>\n\n\n\n<p>Uwierz bez widzenia nie jest nieracjonalne.<br>To zaufanie solidnemu \u015bwiadectwu\u2026 i rzeczywistej obecno\u015bci.<\/p>\n\n\n\n<hr class=\"wp-block-separator has-alpha-channel-opacity\"\/>\n\n\n\n<h3 class=\"wp-block-heading\">\u2726 3. Eucharystia jest uprzywilejowanym miejscem spotkania<\/h3>\n\n\n\n<p>Jak w Emaus, dzi\u015b Chrystus jest obecny w \u0142amaniu chleba.<\/p>\n\n\n\n<p>Nie widzimy Go oczami cia\u0142a\u2026<br>ale On naprawd\u0119 jest obecny.<\/p>\n\n\n\n<hr class=\"wp-block-separator has-alpha-channel-opacity\"\/>\n\n\n\n<h3 class=\"wp-block-heading\">\u2726 4. Twoja historia si\u0119 nie ko\u0144czy<\/h3>\n\n\n\n<p>Piotr upad\u0142.<br>A jednak zosta\u0142 wybrany.<\/p>\n\n\n\n<p>Ty te\u017c mo\u017cesz powr\u00f3ci\u0107.<br>Zawsze.<\/p>\n\n\n\n<hr class=\"wp-block-separator has-alpha-channel-opacity\"\/>\n\n\n\n<h3 class=\"wp-block-heading\">\u2726 5. Masz misj\u0119<\/h3>\n\n\n\n<p>Nie jeste\u015b widzem.<br>Jeste\u015b pos\u0142any.<\/p>\n\n\n\n<p>Chrze\u015bcijanin, kt\u00f3ry \u201ezobaczy\u0142\u201d Chrystusa oczami wiary\u2026 nie mo\u017ce milcze\u0107.<\/p>\n\n\n\n<hr class=\"wp-block-separator has-alpha-channel-opacity\"\/>\n\n\n\n<h2 class=\"wp-block-heading\">6. Ostrze\u017cenie dla naszych czas\u00f3w<\/h2>\n\n\n\n<p>Dzi\u015b wielu redukuje zmartwychwstanie do symbolu, do metafory nadziei.<\/p>\n\n\n\n<p>Ale je\u015bli Chrystus naprawd\u0119 nie zmartwychwsta\u0142\u2026<\/p>\n\n\n\n<blockquote class=\"wp-block-quote is-layout-flow wp-block-quote-is-layout-flow\">\n<p>\u201eJe\u017celi Chrystus nie zmartwychwsta\u0142, daremna jest wasza wiara\u201d (1 Kor 15,17)<\/p>\n<\/blockquote>\n\n\n\n<p>Chrze\u015bcija\u0144stwo nie opiera si\u0119 na metaforach.<br>Opiera si\u0119 na fakcie.<\/p>\n\n\n\n<p>A fakt ten wymaga odpowiedzi.<\/p>\n\n\n\n<hr class=\"wp-block-separator has-alpha-channel-opacity\"\/>\n\n\n\n<h2 class=\"wp-block-heading\">Zako\u0144czenie: Zmartwychwsta\u0142y szuka ci\u0119 dzi\u015b<\/h2>\n\n\n\n<p>Objawienia Jezusa nie s\u0105 jedynie wydarzeniem z przesz\u0142o\u015bci.<br>S\u0105 wzorem tego, jak dzia\u0142a B\u00f3g.<\/p>\n\n\n\n<p>Chrystus nadal:<\/p>\n\n\n\n<ul class=\"wp-block-list\">\n<li>wzywa ci\u0119 po imieniu<\/li>\n\n\n\n<li>idzie u twojego boku<\/li>\n\n\n\n<li>pokazuje swoje rany<\/li>\n\n\n\n<li>daje ci sw\u00f3j pok\u00f3j<\/li>\n\n\n\n<li>posy\u0142a ci\u0119<\/li>\n<\/ul>\n\n\n\n<p>Pytanie nie brzmi, czy si\u0119 ukazuje\u2026<\/p>\n\n\n\n<p>Pytanie brzmi:<br><strong>Czy go rozpoznasz?<\/strong><\/p>\n","protected":false},"excerpt":{"rendered":"<p>Wst\u0119p: kiedy wiara przestaje by\u0107 teori\u0105 Wiara chrze\u015bcija\u0144ska nie rodzi si\u0119 z pi\u0119knego pomys\u0142u, ani z wysokiej filozofii, ani z zestawu regu\u0142 moralnych. Rodzi si\u0119 z faktu: Jezus Chrystus umar\u0142\u2026 i zmartwychwsta\u0142. I nie tylko to: da\u0142 si\u0119 zobaczy\u0107. Przez czterdzie\u015bci dni Zmartwychwsta\u0142y Pan nie pozostawa\u0142 ukryty w odleg\u0142ej chwale. Przeciwnie, szuka\u0142 swoich, wychodzi\u0142 im &hellip;<\/p>\n","protected":false},"author":3,"featured_media":5657,"comment_status":"closed","ping_status":"closed","sticky":false,"template":"","format":"standard","meta":{"_seopress_robots_primary_cat":"","_seopress_titles_title":"","_seopress_titles_desc":"","_seopress_robots_index":"","footnotes":""},"categories":[37,45],"tags":[1796],"class_list":["post-5656","post","type-post","status-publish","format-standard","has-post-thumbnail","","category-doktryna-i-wiara","category-pismo-swiete","tag-objawienia-zmartwychwstalego-jezusa"],"_links":{"self":[{"href":"https:\/\/catholicus.eu\/pl\/wp-json\/wp\/v2\/posts\/5656","targetHints":{"allow":["GET"]}}],"collection":[{"href":"https:\/\/catholicus.eu\/pl\/wp-json\/wp\/v2\/posts"}],"about":[{"href":"https:\/\/catholicus.eu\/pl\/wp-json\/wp\/v2\/types\/post"}],"author":[{"embeddable":true,"href":"https:\/\/catholicus.eu\/pl\/wp-json\/wp\/v2\/users\/3"}],"replies":[{"embeddable":true,"href":"https:\/\/catholicus.eu\/pl\/wp-json\/wp\/v2\/comments?post=5656"}],"version-history":[{"count":1,"href":"https:\/\/catholicus.eu\/pl\/wp-json\/wp\/v2\/posts\/5656\/revisions"}],"predecessor-version":[{"id":5658,"href":"https:\/\/catholicus.eu\/pl\/wp-json\/wp\/v2\/posts\/5656\/revisions\/5658"}],"wp:featuredmedia":[{"embeddable":true,"href":"https:\/\/catholicus.eu\/pl\/wp-json\/wp\/v2\/media\/5657"}],"wp:attachment":[{"href":"https:\/\/catholicus.eu\/pl\/wp-json\/wp\/v2\/media?parent=5656"}],"wp:term":[{"taxonomy":"category","embeddable":true,"href":"https:\/\/catholicus.eu\/pl\/wp-json\/wp\/v2\/categories?post=5656"},{"taxonomy":"post_tag","embeddable":true,"href":"https:\/\/catholicus.eu\/pl\/wp-json\/wp\/v2\/tags?post=5656"}],"curies":[{"name":"wp","href":"https:\/\/api.w.org\/{rel}","templated":true}]}}