{"id":5644,"date":"2026-04-03T23:40:32","date_gmt":"2026-04-03T21:40:32","guid":{"rendered":"https:\/\/catholicus.eu\/pl\/?p=5644"},"modified":"2026-04-03T23:40:33","modified_gmt":"2026-04-03T21:40:33","slug":"7-niewygodnych-powodow-by-szukac-boga","status":"publish","type":"post","link":"https:\/\/catholicus.eu\/pl\/7-niewygodnych-powodow-by-szukac-boga\/","title":{"rendered":"7 niewygodnych powod\u00f3w, by szuka\u0107 Boga"},"content":{"rendered":"\n<p><em>(I dlaczego ich ignorowanie nie czyni ci\u0119 wolnym, lecz bardziej pustym)<\/em><\/p>\n\n\n\n<p>\u017byjemy w czasach, w kt\u00f3rych wszystko wydaje si\u0119 opcjonalne: relacje, prawda, to\u017csamo\u015b\u0107\u2026 nawet B\u00f3g. Nauczono nas, \u017ce wiara jest prywatnym, niemal estetycznym wyborem \u2014 jak wyb\u00f3r hobby. A jednak jest co\u015b g\u0142\u0119boko niepokoj\u0105cego: bez wzgl\u0119du na to, jak bardzo pr\u00f3bujemy ignorowa\u0107 Boga, pewne pytania nie znikaj\u0105.<\/p>\n\n\n\n<p>Ten artyku\u0142 nie ma na celu niczego \u0142agodzi\u0107. Wr\u0119cz przeciwnie \u2014 chce ci\u0119 skonfrontowa\u0107, z mi\u0142o\u015bci\u0105, ale i z jasno\u015bci\u0105, z siedmioma niewygodnymi prawdami, kt\u00f3re wprost wskazuj\u0105 na potrzeb\u0119 szukania Boga. Nie ze strachu, lecz z prawdy. Nie z przymusu, lecz z tej wewn\u0119trznej oczywisto\u015bci, kt\u00f3r\u0105 wszyscy nosimy w sobie.<\/p>\n\n\n\n<hr class=\"wp-block-separator has-alpha-channel-opacity\"\/>\n\n\n\n<h2 class=\"wp-block-heading\">1. Poniewa\u017c umrzesz<\/h2>\n\n\n\n<p>To nie jest dramatyczne zdanie. To fakt.<\/p>\n\n\n\n<p>Wsp\u00f3\u0142czesna kultura pr\u00f3buje znieczuli\u0107 t\u0119 rzeczywisto\u015b\u0107: ci\u0105g\u0142a rozrywka, obsesja na punkcie m\u0142odo\u015bci, ucieczka od ciszy. Ale \u015bmier\u0107 nie znika tylko dlatego, \u017ce o niej nie m\u00f3wisz.<\/p>\n\n\n\n<p>Tradycja chrze\u015bcija\u0144ska od zawsze mia\u0142a w tym g\u0142\u0119bok\u0105 m\u0105dro\u015b\u0107: <em>memento mori<\/em> \u2014 pami\u0119taj, \u017ce umrzesz \u2014 nie jako gro\u017ab\u0119, lecz jako kompas.<\/p>\n\n\n\n<blockquote class=\"wp-block-quote is-layout-flow wp-block-quote-is-layout-flow\">\n<p>\u201ePostanowione jest ludziom raz umrze\u0107, a potem s\u0105d\u201d (Hebrajczyk\u00f3w 9,27).<\/p>\n<\/blockquote>\n\n\n\n<p>Z teologicznego punktu widzenia \u015bmier\u0107 nie jest ko\u0144cem, lecz progiem. \u017bycie nie jest absurdem: to czas przygotowania, decyzji, odpowiedzi na mi\u0142o\u015b\u0107 Boga.<\/p>\n\n\n\n<p><strong>Zastosowanie praktyczne:<\/strong><\/p>\n\n\n\n<ul class=\"wp-block-list\">\n<li>Zapytaj siebie: gdyby dzi\u015b by\u0142 m\u00f3j ostatni dzie\u0144, co bym zmieni\u0142?<\/li>\n\n\n\n<li>Czy \u017cyj\u0119 z my\u015bl\u0105 o wieczno\u015bci, czy tylko o najbli\u017cszym weekendzie?<\/li>\n\n\n\n<li>Czy moje \u017cycie ma sens, kt\u00f3ry przetrwa moj\u0105 \u015bmier\u0107?<\/li>\n<\/ul>\n\n\n\n<p>Szukania Boga nie mo\u017cna traktowa\u0107 jako opcji drugorz\u0119dnej: to przygotowanie do najwa\u017cniejszego spotkania w twoim \u017cyciu.<\/p>\n\n\n\n<hr class=\"wp-block-separator has-alpha-channel-opacity\"\/>\n\n\n\n<h2 class=\"wp-block-heading\">2. Poniewa\u017c sukces nie wype\u0142nia pustki<\/h2>\n\n\n\n<p>Nigdy nie by\u0142o tylu mo\u017cliwo\u015bci\u2026 i jednocze\u015bnie tyle niezadowolenia.<\/p>\n\n\n\n<p>Ludzie maj\u0105 pieni\u0105dze, uznanie, pi\u0119kno, wp\u0142ywy\u2026 a mimo to nosz\u0105 w sobie pustk\u0119, kt\u00f3rej nic nie potrafi wype\u0142ni\u0107. Dlaczego?<\/p>\n\n\n\n<p>Poniewa\u017c cz\u0142owiek nie jest stworzony wy\u0142\u0105cznie dla rzeczy materialnych.<\/p>\n\n\n\n<p>\u015awi\u0119ty Augustyn wyrazi\u0142 to w spos\u00f3b mistrzowski:<\/p>\n\n\n\n<blockquote class=\"wp-block-quote is-layout-flow wp-block-quote-is-layout-flow\">\n<p>\u201eStworzy\u0142e\u015b nas dla siebie, Panie, i niespokojne jest nasze serce, dop\u00f3ki nie spocznie w Tobie\u201d.<\/p>\n<\/blockquote>\n\n\n\n<p>Sukces mo\u017ce da\u0107 ci wygod\u0119, ale nie pe\u0142ni\u0119. Mo\u017ce ci\u0119 rozproszy\u0107, ale nie zbawi\u0107.<\/p>\n\n\n\n<p><strong>Teologicznie<\/strong> ma to jasne wyja\u015bnienie: dusza ludzka jest duchowa i skierowana ku Bogu. \u017badna rzeczywisto\u015b\u0107 sko\u0144czona nie mo\u017ce zaspokoi\u0107 niesko\u0144czonego pragnienia.<\/p>\n\n\n\n<p><strong>Zastosowanie praktyczne:<\/strong><\/p>\n\n\n\n<ul class=\"wp-block-list\">\n<li>Zobacz, czy nie u\u017cywasz pracy, pieni\u0119dzy lub uznania, by uciec od pustki.<\/li>\n\n\n\n<li>Naucz si\u0119 rozr\u00f3\u017cnia\u0107 mi\u0119dzy chwilow\u0105 satysfakcj\u0105 a g\u0142\u0119bokim spe\u0142nieniem.<\/li>\n\n\n\n<li>Znajd\u017a czas na cisz\u0119: tam ujawnia si\u0119 to, czego naprawd\u0119 szukasz.<\/li>\n<\/ul>\n\n\n\n<hr class=\"wp-block-separator has-alpha-channel-opacity\"\/>\n\n\n\n<h2 class=\"wp-block-heading\">3. Poniewa\u017c twoje sumienie nie jest przypadkiem<\/h2>\n\n\n\n<p>Jest w tobie co\u015b, co m\u00f3wi: \u201eto jest dobre\u201d albo \u201eto jest z\u0142e\u201d\u2026 nawet gdy nikt ci\u0119 nie widzi.<\/p>\n\n\n\n<p>To nie jest tylko uwarunkowanie kulturowe. To co\u015b g\u0142\u0119bszego.<\/p>\n\n\n\n<p>Ko\u015bci\u00f3\u0142 naucza, \u017ce sumienie jest \u201eg\u0142osem Boga\u201d w duszy cz\u0142owieka \u2014 nie w sensie sentymentalnym, lecz jako uczestnictwo w obiektywnym prawie moralnym.<\/p>\n\n\n\n<p>\u015awi\u0119ty Pawe\u0142 wyja\u015bnia to tak:<\/p>\n\n\n\n<blockquote class=\"wp-block-quote is-layout-flow wp-block-quote-is-layout-flow\">\n<p>\u201eWykazuj\u0105 oni, \u017ce tre\u015b\u0107 Prawa jest zapisana w ich sercach, a ich sumienie daje o tym \u015bwiadectwo\u201d (Rzymian 2,15).<\/p>\n<\/blockquote>\n\n\n\n<p>Gdyby wszystko by\u0142o wzgl\u0119dne, poczucie winy nie mia\u0142oby sensu. A jednak je odczuwasz. I odczuwasz tak\u017ce pragnienie czynienia dobra.<\/p>\n\n\n\n<p><strong>Zastosowanie praktyczne:<\/strong><\/p>\n\n\n\n<ul class=\"wp-block-list\">\n<li>Nie zag\u0142uszaj swojego sumienia: formuj je.<\/li>\n\n\n\n<li>Analizuj swoje decyzje: czy wynikaj\u0105 z prawdy, czy z wygody?<\/li>\n\n\n\n<li>Praktykuj codzienny rachunek sumienia.<\/li>\n<\/ul>\n\n\n\n<p>Szukanie Boga oznacza s\u0142uchanie tego wewn\u0119trznego g\u0142osu\u2026 nawet gdy jest niewygodny.<\/p>\n\n\n\n<hr class=\"wp-block-separator has-alpha-channel-opacity\"\/>\n\n\n\n<h2 class=\"wp-block-heading\">4. Poniewa\u017c cierpienie potrzebuje sensu<\/h2>\n\n\n\n<p>B\u00f3l jest nieunikniony. Ale bezsens \u2014 nie.<\/p>\n\n\n\n<p>Bez Boga cierpienie jest absurdem. To tylko co\u015b, czego trzeba unika\u0107 albo co trzeba znosi\u0107. Ale w chrze\u015bcija\u0144stwie cierpienie mo\u017ce mie\u0107 warto\u015b\u0107 odkupie\u0144cz\u0105.<\/p>\n\n\n\n<p>Nie dlatego, \u017ce b\u00f3l sam w sobie jest dobry, lecz dlatego, \u017ce <strong>B\u00f3g wzi\u0105\u0142 go na siebie na Krzy\u017cu<\/strong>.<\/p>\n\n\n\n<p>W Ewangelia wed\u0142ug \u015bwi\u0119tego Mateusza czytamy:<\/p>\n\n\n\n<blockquote class=\"wp-block-quote is-layout-flow wp-block-quote-is-layout-flow\">\n<p>\u201eJe\u015bli kto\u015b chce i\u015b\u0107 za Mn\u0105, niech si\u0119 zaprze samego siebie, niech we\u017amie sw\u00f3j krzy\u017c i niech Mnie na\u015bladuje\u201d (Mt 16,24).<\/p>\n<\/blockquote>\n\n\n\n<p>Chrystus nie usuwa cierpienia. On je przemienia.<\/p>\n\n\n\n<p><strong>Zastosowanie praktyczne:<\/strong><\/p>\n\n\n\n<ul class=\"wp-block-list\">\n<li>Nie uciekaj automatycznie od b\u00f3lu: zapytaj, czego mo\u017cesz si\u0119 z niego nauczy\u0107.<\/li>\n\n\n\n<li>Z\u0142\u0105cz swoje cierpienie z cierpieniem Chrystusa poprzez modlitw\u0119.<\/li>\n\n\n\n<li>Towarzysz cierpieniu innych: tam tak\u017ce znajdziesz Boga.<\/li>\n<\/ul>\n\n\n\n<hr class=\"wp-block-separator has-alpha-channel-opacity\"\/>\n\n\n\n<h2 class=\"wp-block-heading\">5. Poniewa\u017c kochasz tak, jakby\u015b by\u0142 wieczny<\/h2>\n\n\n\n<p>Kiedy naprawd\u0119 kochasz, nie chcesz, aby to si\u0119 sko\u0144czy\u0142o.<\/p>\n\n\n\n<p>Prawdziwa mi\u0142o\u015b\u0107 niesie w sobie roszczenie do wieczno\u015bci: \u201ena zawsze\u201d, \u201enigdy ci\u0119 nie strac\u0119\u201d, \u201eto nie mo\u017ce si\u0119 sko\u0144czy\u0107\u201d.<\/p>\n\n\n\n<p>Ale rzeczywisto\u015b\u0107 jest twarda: wszystko na tym \u015bwiecie przemija.<\/p>\n\n\n\n<p>Dlaczego wi\u0119c kochamy w ten spos\u00f3b?<\/p>\n\n\n\n<p>Poniewa\u017c ludzka mi\u0142o\u015b\u0107 wskazuje na co\u015b wi\u0119kszego. Jest odbiciem wiecznej mi\u0142o\u015bci Boga.<\/p>\n\n\n\n<p>Z teologicznego punktu widzenia mi\u0142o\u015b\u0107 nie jest tylko emocj\u0105: jest uczestnictwem w \u017cyciu Bo\u017cym. Dlatego tak bardzo boli, gdy si\u0119 rozpada \u2014 bo zosta\u0142a stworzona, by trwa\u0107.<\/p>\n\n\n\n<p><strong>Zastosowanie praktyczne:<\/strong><\/p>\n\n\n\n<ul class=\"wp-block-list\">\n<li>Oczy\u015b\u0107 sw\u00f3j spos\u00f3b kochania: mniej posiadania, wi\u0119cej daru z siebie.<\/li>\n\n\n\n<li>Zapytaj, czy twoja mi\u0142o\u015b\u0107 prowadzi do Boga, czy Go zast\u0119puje.<\/li>\n\n\n\n<li>\u017byj swoimi relacjami z perspektyw\u0105 wieczno\u015bci.<\/li>\n<\/ul>\n\n\n\n<hr class=\"wp-block-separator has-alpha-channel-opacity\"\/>\n\n\n\n<h2 class=\"wp-block-heading\">6. Poniewa\u017c szukasz czego\u015b niesko\u0144czonego<\/h2>\n\n\n\n<p>Niezale\u017cnie od tego, czy to przyznajesz, czy nie \u2014 zawsze szukasz \u201ewi\u0119cej\u201d.<\/p>\n\n\n\n<p>Wi\u0119cej szcz\u0119\u015bcia. Wi\u0119cej prawdy. Wi\u0119cej pi\u0119kna. Wi\u0119cej spe\u0142nienia.<\/p>\n\n\n\n<p>A kiedy to osi\u0105gasz\u2026 wraca poczucie, \u017ce czego\u015b jeszcze brakuje.<\/p>\n\n\n\n<p>To nie jest b\u0142\u0105d systemu. To wskaz\u00f3wka.<\/p>\n\n\n\n<p>Cz\u0142owiek pragnie niesko\u0144czono\u015bci, poniewa\u017c zosta\u0142 stworzony dla niesko\u0144czono\u015bci.<\/p>\n\n\n\n<blockquote class=\"wp-block-quote is-layout-flow wp-block-quote-is-layout-flow\">\n<p>\u201ePro\u015bcie, a b\u0119dzie wam dane; szukajcie, a znajdziecie\u201d (Mateusza 7,7).<\/p>\n<\/blockquote>\n\n\n\n<p>Problem nie polega na tym, \u017ce pragniesz za du\u017co. Problem polega na tym, \u017ce czasem pragniesz za ma\u0142o.<\/p>\n\n\n\n<p><strong>Zastosowanie praktyczne:<\/strong><\/p>\n\n\n\n<ul class=\"wp-block-list\">\n<li>Zidentyfikuj swoje \u201esubstytuty Boga\u201d: przyjemno\u015b\u0107, rozproszenie, kontrola\u2026<\/li>\n\n\n\n<li>Kszta\u0142tuj swoje pragnienie duchowe: modlitwa, lektura, sakramenty.<\/li>\n\n\n\n<li>Nie zadowalaj si\u0119 powierzchownym \u017cyciem.<\/li>\n<\/ul>\n\n\n\n<hr class=\"wp-block-separator has-alpha-channel-opacity\"\/>\n\n\n\n<h2 class=\"wp-block-heading\">7. Poniewa\u017c unikanie pytania go nie usuwa<\/h2>\n\n\n\n<p>Mo\u017cesz si\u0119 rozprasza\u0107. Mo\u017cesz si\u0119 \u015bmia\u0107. Mo\u017cesz pracowa\u0107 bez przerwy.<\/p>\n\n\n\n<p>Ale s\u0105 momenty \u2014 by\u0107 mo\u017ce w nocy, w ciszy, w kryzysie \u2014 kiedy pytanie si\u0119 pojawia:<\/p>\n\n\n\n<p><strong>A je\u015bli B\u00f3g istnieje?<br>A je\u015bli moje \u017cycie ma g\u0142\u0119bszy sens?<br>A je\u015bli ignoruj\u0119 to, co najwa\u017cniejsze?<\/strong><\/p>\n\n\n\n<p>Unikanie pytania go nie rozwi\u0105zuje. Tylko je odsuwa w czasie.<\/p>\n\n\n\n<p>A im bardziej je odsuwasz, tym wi\u0119kszy staje si\u0119 niepok\u00f3j.<\/p>\n\n\n\n<p>Z perspektywy duszpasterskiej jest to jeden z wielkich dramat\u00f3w naszych czas\u00f3w: nie chodzi o to, \u017ce ludzie odpowiedzieli Bogu \u201enie\u201d\u2026 lecz o to, \u017ce nawet nie odwa\u017caj\u0105 si\u0119 postawi\u0107 pytania.<\/p>\n\n\n\n<p><strong>Zastosowanie praktyczne:<\/strong><\/p>\n\n\n\n<ul class=\"wp-block-list\">\n<li>Po\u015bwi\u0119\u0107 realny czas, aby powa\u017cnie zastanowi\u0107 si\u0119 nad kwesti\u0105 Boga.<\/li>\n\n\n\n<li>Czytaj Ewangeli\u0119 z otwartym umys\u0142em.<\/li>\n\n\n\n<li>Poszukaj kierownictwa duchowego, je\u015bli tego potrzebujesz.<\/li>\n<\/ul>\n\n\n\n<hr class=\"wp-block-separator has-alpha-channel-opacity\"\/>\n\n\n\n<h1 class=\"wp-block-heading\">Zako\u0144czenie: niewygoda, kt\u00f3ra zbawia<\/h1>\n\n\n\n<p>Te siedem powod\u00f3w ma co\u015b wsp\u00f3lnego: s\u0105 niewygodne.<\/p>\n\n\n\n<p>Ale ta niewygoda nie jest twoim wrogiem. Jest wezwaniem.<\/p>\n\n\n\n<p>Szukanie Boga nie jest ucieczk\u0105 od rzeczywisto\u015bci. Jest jej radykalnym zmierzeniem si\u0119 z ni\u0105.<\/p>\n\n\n\n<p>Nie chodzi o to, by sta\u0107 si\u0119 \u201ereligijnym\u201d powierzchownie, lecz by odpowiedzie\u0107 na najg\u0142\u0119bsze pytania swojego \u017cycia.<\/p>\n\n\n\n<p>Bo ostatecznie nie chodzi tylko o to, czy ty szukasz Boga\u2026<\/p>\n\n\n\n<p><strong>lecz o to, \u017ce B\u00f3g ju\u017c szuka ciebie.<\/strong><\/p>\n","protected":false},"excerpt":{"rendered":"<p>(I dlaczego ich ignorowanie nie czyni ci\u0119 wolnym, lecz bardziej pustym) \u017byjemy w czasach, w kt\u00f3rych wszystko wydaje si\u0119 opcjonalne: relacje, prawda, to\u017csamo\u015b\u0107\u2026 nawet B\u00f3g. Nauczono nas, \u017ce wiara jest prywatnym, niemal estetycznym wyborem \u2014 jak wyb\u00f3r hobby. A jednak jest co\u015b g\u0142\u0119boko niepokoj\u0105cego: bez wzgl\u0119du na to, jak bardzo pr\u00f3bujemy ignorowa\u0107 Boga, pewne pytania &hellip;<\/p>\n","protected":false},"author":3,"featured_media":5645,"comment_status":"closed","ping_status":"closed","sticky":false,"template":"","format":"standard","meta":{"_seopress_robots_primary_cat":"","_seopress_titles_title":"","_seopress_titles_desc":"","_seopress_robots_index":"","footnotes":""},"categories":[66,41],"tags":[],"class_list":["post-5644","post","type-post","status-publish","format-standard","has-post-thumbnail","","category-kultura-popularna-i-katolicyzm","category-wiara-i-kultura"],"_links":{"self":[{"href":"https:\/\/catholicus.eu\/pl\/wp-json\/wp\/v2\/posts\/5644","targetHints":{"allow":["GET"]}}],"collection":[{"href":"https:\/\/catholicus.eu\/pl\/wp-json\/wp\/v2\/posts"}],"about":[{"href":"https:\/\/catholicus.eu\/pl\/wp-json\/wp\/v2\/types\/post"}],"author":[{"embeddable":true,"href":"https:\/\/catholicus.eu\/pl\/wp-json\/wp\/v2\/users\/3"}],"replies":[{"embeddable":true,"href":"https:\/\/catholicus.eu\/pl\/wp-json\/wp\/v2\/comments?post=5644"}],"version-history":[{"count":1,"href":"https:\/\/catholicus.eu\/pl\/wp-json\/wp\/v2\/posts\/5644\/revisions"}],"predecessor-version":[{"id":5646,"href":"https:\/\/catholicus.eu\/pl\/wp-json\/wp\/v2\/posts\/5644\/revisions\/5646"}],"wp:featuredmedia":[{"embeddable":true,"href":"https:\/\/catholicus.eu\/pl\/wp-json\/wp\/v2\/media\/5645"}],"wp:attachment":[{"href":"https:\/\/catholicus.eu\/pl\/wp-json\/wp\/v2\/media?parent=5644"}],"wp:term":[{"taxonomy":"category","embeddable":true,"href":"https:\/\/catholicus.eu\/pl\/wp-json\/wp\/v2\/categories?post=5644"},{"taxonomy":"post_tag","embeddable":true,"href":"https:\/\/catholicus.eu\/pl\/wp-json\/wp\/v2\/tags?post=5644"}],"curies":[{"name":"wp","href":"https:\/\/api.w.org\/{rel}","templated":true}]}}