{"id":5610,"date":"2026-04-02T14:23:37","date_gmt":"2026-04-02T12:23:37","guid":{"rendered":"https:\/\/catholicus.eu\/pl\/?p=5610"},"modified":"2026-04-02T14:23:37","modified_gmt":"2026-04-02T12:23:37","slug":"ustanowienie-eucharystii-w-czasach-utraty-sacrum-odkryc-na-nowo-tajemnice-ktora-nas-zbawia","status":"publish","type":"post","link":"https:\/\/catholicus.eu\/pl\/ustanowienie-eucharystii-w-czasach-utraty-sacrum-odkryc-na-nowo-tajemnice-ktora-nas-zbawia\/","title":{"rendered":"Ustanowienie Eucharystii w czasach utraty sacrum: odkry\u0107 na nowo Tajemnic\u0119, kt\u00f3ra nas zbawia"},"content":{"rendered":"\n<p>\u017byjemy w epoce naznaczonej po\u015bpiechem, powierzchowno\u015bci\u0105 i post\u0119puj\u0105c\u0105 utrat\u0105 poczucia sacrum. To, co dawniej by\u0142o postrzegane jako tajemnica, dzi\u015b ulega banalizacji; to, co by\u0142o przedmiotem adoracji, sprowadza si\u0119 do symbolu lub zwyk\u0142ego zwyczaju. W tym kontek\u015bcie <strong>Eucharystia<\/strong>, bij\u0105ce serce \u017cycia chrze\u015bcija\u0144skiego, nara\u017cona jest na to, by by\u0142a prze\u017cywana bez \u015bwiadomo\u015bci, bez zachwytu i bez \u017cywej wiary.<\/p>\n\n\n\n<p>A jednak w\u0142a\u015bnie w takich czasach Eucharystia ukazuje si\u0119 z jeszcze wi\u0119ksz\u0105 moc\u0105 jako odpowied\u017a Boga na pustk\u0119 wsp\u00f3\u0142czesnego cz\u0142owieka. Odkrycie na nowo jej ustanowienia, g\u0142\u0119bi teologicznej i wp\u0142ywu na codzienne \u017cycie nie jest jedynie zadaniem intelektualnym, lecz piln\u0105 potrzeb\u0105 duchow\u0105.<\/p>\n\n\n\n<hr class=\"wp-block-separator has-alpha-channel-opacity\"\/>\n\n\n\n<h2 class=\"wp-block-heading\"><strong>1. Noc, kt\u00f3ra wszystko zmieni\u0142a: ustanowienie Eucharystii<\/strong><\/h2>\n\n\n\n<p>Eucharystia rodzi si\u0119 w momencie niezwykle znacz\u0105cym: podczas Ostatniej Wieczerzy Jezusa Chrystusa z Jego uczniami, w kontek\u015bcie \u017cydowskiej Paschy. Nie by\u0142 to gest improwizowany, lecz wype\u0142nienie d\u0142ugiej historii zbawienia.<\/p>\n\n\n\n<p>Ewangelie synoptyczne przekazuj\u0105 ten moment z wielk\u0105 powag\u0105:<\/p>\n\n\n\n<blockquote class=\"wp-block-quote is-layout-flow wp-block-quote-is-layout-flow\">\n<p>\u201eA gdy jedli, wzi\u0105\u0142 chleb, odm\u00f3wi\u0142 b\u0142ogos\u0142awie\u0144stwo, po\u0142ama\u0142 go i da\u0142 im, m\u00f3wi\u0105c: \u2018Bierzcie, to jest Cia\u0142o moje\u2019. Potem wzi\u0105\u0142 kielich, odm\u00f3wi\u0142 dzi\u0119kczynienie i poda\u0142 im, i pili z niego wszyscy. I powiedzia\u0142 im: \u2018To jest moja Krew Przymierza, kt\u00f3ra za wielu b\u0119dzie wylana\u2019\u201d (Mk 14, 22-24).<\/p>\n<\/blockquote>\n\n\n\n<p>W tej chwili Chrystus nie tylko uprzedza swoj\u0105 ofiar\u0119 na Krzy\u017cu, ale czyni j\u0105 <strong>sakramentalnie obecn\u0105 na wszystkie czasy<\/strong>. Eucharystia nie jest jedynie symbolicznym wspomnieniem: jest <strong>\u017cyw\u0105 pami\u0105tk\u0105<\/strong>, rzeczywistym uobecnieniem ofiary odkupienia.<\/p>\n\n\n\n<p>To, co dokonuje si\u0119 podczas Ostatniej Wieczerzy, jest wi\u0119c cich\u0105 rewolucj\u0105: B\u00f3g pozostaje z cz\u0142owiekiem pod postaciami chleba i wina.<\/p>\n\n\n\n<hr class=\"wp-block-separator has-alpha-channel-opacity\"\/>\n\n\n\n<h2 class=\"wp-block-heading\"><strong>2. Serce teologiczne: rzeczywista obecno\u015b\u0107 i ofiara<\/strong><\/h2>\n\n\n\n<p>Aby zrozumie\u0107 Eucharysti\u0119 w jej g\u0142\u0119bi, nale\u017cy wej\u015b\u0107 w dwa fundamentalne filary:<\/p>\n\n\n\n<h3 class=\"wp-block-heading\"><strong>a) Rzeczywista obecno\u015b\u0107<\/strong><\/h3>\n\n\n\n<p>Ko\u015bci\u00f3\u0142 zawsze naucza\u0142, \u017ce w Eucharystii Chrystus jest <strong>rzeczywi\u015bcie, prawdziwie i substancjalnie obecny<\/strong>. Nie jest to metafora ani zwyk\u0142e wspomnienie. To On sam: Jego Cia\u0142o, Jego Krew, Jego Dusza i Jego B\u00f3stwo.<\/p>\n\n\n\n<p>Ta tajemnica wyra\u017ca si\u0119 terminem \u201etranssubstancjacja\u201d: substancja chleba i wina zostaje przemieniona w substancj\u0119 Chrystusa, podczas gdy zewn\u0119trzne postacie pozostaj\u0105.<\/p>\n\n\n\n<p>W \u015bwiecie, kt\u00f3ry sk\u0142onny jest redukowa\u0107 wszystko do tego, co widzialne i mierzalne, ta prawda wymaga wiary. Ale daje tak\u017ce niezr\u00f3wnan\u0105 pewno\u015b\u0107: <strong>B\u00f3g jest naprawd\u0119 z nami<\/strong>.<\/p>\n\n\n\n<hr class=\"wp-block-separator has-alpha-channel-opacity\"\/>\n\n\n\n<h3 class=\"wp-block-heading\"><strong>b) Ofiara uobecniana<\/strong><\/h3>\n\n\n\n<p>Eucharystia jest nierozerwalnie zwi\u0105zana z ofiar\u0105 Krzy\u017ca. Nie jest to nowa ofiara, lecz ta sama ofiara Chrystusa uobecniona w spos\u00f3b bezkrwawy.<\/p>\n\n\n\n<p>Ka\u017cda Msza \u015bwi\u0119ta nie powtarza Krzy\u017ca, lecz wprowadza nas w niego. Jest to Kalwaria uobecniona, dost\u0119pna tu i teraz.<\/p>\n\n\n\n<p>Uczestniczy\u0107 w Eucharystii oznacza wi\u0119c wej\u015b\u0107 w najwy\u017cszy akt mi\u0142o\u015bci Boga. Nie jeste\u015bmy widzami, lecz uczestnikami.<\/p>\n\n\n\n<hr class=\"wp-block-separator has-alpha-channel-opacity\"\/>\n\n\n\n<h2 class=\"wp-block-heading\"><strong>3. Kryzys sacrum: konieczna diagnoza<\/strong><\/h2>\n\n\n\n<p>Dzi\u015b jeste\u015bmy \u015bwiadkami post\u0119puj\u0105cej utraty poczucia sacrum. Objawia si\u0119 to na wiele sposob\u00f3w:<\/p>\n\n\n\n<ul class=\"wp-block-list\">\n<li>Brak ciszy i skupienia w ko\u015bcio\u0142ach<\/li>\n\n\n\n<li>Sprowadzenie Mszy do aktu spo\u0142ecznego lub rutynowego<\/li>\n\n\n\n<li>Nieznajomo\u015b\u0107 tajemnicy eucharystycznej<\/li>\n\n\n\n<li>Utrata poczucia adoracji<\/li>\n<\/ul>\n\n\n\n<p>W wielu przypadkach Eucharystia jest przyjmowana bez przygotowania, bez wcze\u015bniejszej spowiedzi, bez \u015bwiadomo\u015bci tego, co naprawd\u0119 si\u0119 przyjmuje.<\/p>\n\n\n\n<p>Ten kryzys nie jest jedynie liturgiczny, lecz g\u0142\u0119boko duchowy. Gdy traci si\u0119 poczucie sacrum, traci si\u0119 tak\u017ce poczucie Boga\u2026 a w konsekwencji tak\u017ce poczucie samego cz\u0142owieka.<\/p>\n\n\n\n<hr class=\"wp-block-separator has-alpha-channel-opacity\"\/>\n\n\n\n<h2 class=\"wp-block-heading\"><strong>4. Odkry\u0107 na nowo zachwyt: Eucharystia jako odpowied\u017a na pustk\u0119<\/strong><\/h2>\n\n\n\n<p>Wobec tej sytuacji odpowiedzi\u0105 nie jest zniech\u0119cenie, lecz ponowne odkrycie.<\/p>\n\n\n\n<p>Eucharystia jest lekarstwem na egzystencjaln\u0105 pustk\u0119 wsp\u00f3\u0142czesnego cz\u0142owieka, poniewa\u017c:<\/p>\n\n\n\n<ul class=\"wp-block-list\">\n<li><strong>Odpowiada na g\u0142\u00f3d niesko\u0144czono\u015bci<\/strong>: cz\u0142owiek szuka pe\u0142ni, a Chrystus daje si\u0119 jako pokarm<\/li>\n\n\n\n<li><strong>Leczy samotno\u015b\u0107<\/strong>: nie jeste\u015bmy sami, B\u00f3g mieszka po\u015br\u00f3d nas<\/li>\n\n\n\n<li><strong>Nadaje sens cierpieniu<\/strong>: jednoczy nas z ofiar\u0105 odkupienia<\/li>\n\n\n\n<li><strong>Przemienia codzienne \u017cycie<\/strong>: to, co zwyczajne, staje si\u0119 miejscem spotkania z Bogiem<\/li>\n<\/ul>\n\n\n\n<p>Powr\u00f3t do Eucharystii oznacza powr\u00f3t do centrum.<\/p>\n\n\n\n<hr class=\"wp-block-separator has-alpha-channel-opacity\"\/>\n\n\n\n<h2 class=\"wp-block-heading\"><strong>5. Zastosowania praktyczne: \u017cy\u0107 eucharystycznie dzi\u015b<\/strong><\/h2>\n\n\n\n<p>Teologia nie mo\u017ce pozosta\u0107 na poziomie poj\u0119\u0107. Musi przek\u0142ada\u0107 si\u0119 na \u017cycie. Jak mo\u017cemy \u017cy\u0107 Eucharysti\u0105 na co dzie\u0144?<\/p>\n\n\n\n<h3 class=\"wp-block-heading\"><strong>a) Przygotowanie wewn\u0119trzne<\/strong><\/h3>\n\n\n\n<p>Przed przyj\u0119ciem Komunii:<\/p>\n\n\n\n<ul class=\"wp-block-list\">\n<li>Zbada\u0107 swoje sumienie<\/li>\n\n\n\n<li>Skorzysta\u0107 z sakramentu pojednania, je\u015bli to konieczne<\/li>\n\n\n\n<li>Przyj\u015b\u0107 wcze\u015bniej na Msz\u0119 \u015bwi\u0119t\u0105<\/li>\n<\/ul>\n\n\n\n<p>Eucharystia nie jest aktem automatycznym, lecz osobistym spotkaniem.<\/p>\n\n\n\n<hr class=\"wp-block-separator has-alpha-channel-opacity\"\/>\n\n\n\n<h3 class=\"wp-block-heading\"><strong>b) Odzyska\u0107 cisz\u0119 i adoracj\u0119<\/strong><\/h3>\n\n\n\n<p>Cisza nie jest pustk\u0105, lecz obecno\u015bci\u0105.<\/p>\n\n\n\n<p>Po\u015bwi\u0119canie czasu na adoracj\u0119 eucharystyczn\u0105 przemienia serce. Przed tabernakulum dusza uczy si\u0119 s\u0142ucha\u0107, kocha\u0107 i oddawa\u0107 siebie.<\/p>\n\n\n\n<hr class=\"wp-block-separator has-alpha-channel-opacity\"\/>\n\n\n\n<h3 class=\"wp-block-heading\"><strong>c) \u017by\u0107 tym, co si\u0119 przyjmuje<\/strong><\/h3>\n\n\n\n<p>Przyj\u0119cie Chrystusa oznacza pozwoli\u0107 si\u0119 przez Niego przemienia\u0107.<\/p>\n\n\n\n<ul class=\"wp-block-list\">\n<li>By\u0107 bardziej mi\u0142osiernym<\/li>\n\n\n\n<li>Przebacza\u0107<\/li>\n\n\n\n<li>S\u0142u\u017cy\u0107 innym<\/li>\n\n\n\n<li>\u017by\u0107 sp\u00f3jnie<\/li>\n<\/ul>\n\n\n\n<p>Eucharystia nie ko\u0144czy si\u0119 wraz z Msz\u0105: tam zaczyna si\u0119 jej dzia\u0142anie w \u017cyciu.<\/p>\n\n\n\n<hr class=\"wp-block-separator has-alpha-channel-opacity\"\/>\n\n\n\n<h3 class=\"wp-block-heading\"><strong>d) Wychowywa\u0107 do tajemnicy<\/strong><\/h3>\n\n\n\n<p>W zsekularyzowanym \u015bwiecie konieczne jest przekazywanie warto\u015bci Eucharystii:<\/p>\n\n\n\n<ul class=\"wp-block-list\">\n<li>Dzieciom<\/li>\n\n\n\n<li>M\u0142odzie\u017cy<\/li>\n\n\n\n<li>Tym, kt\u00f3rzy si\u0119 oddalili<\/li>\n<\/ul>\n\n\n\n<p>Nie poprzez narzucanie, lecz przez \u015bwiadectwo.<\/p>\n\n\n\n<hr class=\"wp-block-separator has-alpha-channel-opacity\"\/>\n\n\n\n<h2 class=\"wp-block-heading\"><strong>6. Pilne wezwanie: powr\u00f3t do tego, co istotne<\/strong><\/h2>\n\n\n\n<p>Utrata poczucia sacrum nie jest nieodwracalna. Jest wezwaniem do przebudzenia.<\/p>\n\n\n\n<p>Eucharystia pozostaje tym, czym zawsze by\u0142a: najwi\u0119kszym darem Boga dla cz\u0142owieka. Nie utraci\u0142a swojej mocy; to my potrzebujemy j\u0105 na nowo odkry\u0107.<\/p>\n\n\n\n<p>Jak powiedzia\u0142 sam Chrystus:<\/p>\n\n\n\n<blockquote class=\"wp-block-quote is-layout-flow wp-block-quote-is-layout-flow\">\n<p>\u201eJa jestem chlebem \u017cywym, kt\u00f3ry zst\u0105pi\u0142 z nieba; je\u015bli kto\u015b spo\u017cywa ten chleb, b\u0119dzie \u017cy\u0142 na wieki\u201d (J 6, 51).<\/p>\n<\/blockquote>\n\n\n\n<hr class=\"wp-block-separator has-alpha-channel-opacity\"\/>\n\n\n\n<h2 class=\"wp-block-heading\"><strong>Zako\u0144czenie: Tajemnica, kt\u00f3ra nas podtrzymuje<\/strong><\/h2>\n\n\n\n<p>Po\u015br\u00f3d ha\u0142asu, po\u015bpiechu i zam\u0119tu Eucharystia pozostaje jak cichy \u015bwiat\u0142o przewodnie.<\/p>\n\n\n\n<p>Tam jest Chrystus, kt\u00f3ry czeka.<\/p>\n\n\n\n<p>Czeka, aby zosta\u0142 rozpoznany, pokochany i przyj\u0119ty z wiar\u0105.<\/p>\n\n\n\n<p>Odkry\u0107 na nowo Eucharysti\u0119 to nie jest jedna z wielu opcji \u017cycia chrze\u015bcija\u0144skiego: to powr\u00f3t do \u017ar\u00f3d\u0142a, do pocz\u0105tku, do ostatecznego sensu wszystkiego.<\/p>\n\n\n\n<p>W czasach utraty sacrum Eucharystia nie jest tylko konieczna\u2026 jest absolutnie niezb\u0119dna.<\/p>\n","protected":false},"excerpt":{"rendered":"<p>\u017byjemy w epoce naznaczonej po\u015bpiechem, powierzchowno\u015bci\u0105 i post\u0119puj\u0105c\u0105 utrat\u0105 poczucia sacrum. To, co dawniej by\u0142o postrzegane jako tajemnica, dzi\u015b ulega banalizacji; to, co by\u0142o przedmiotem adoracji, sprowadza si\u0119 do symbolu lub zwyk\u0142ego zwyczaju. W tym kontek\u015bcie Eucharystia, bij\u0105ce serce \u017cycia chrze\u015bcija\u0144skiego, nara\u017cona jest na to, by by\u0142a prze\u017cywana bez \u015bwiadomo\u015bci, bez zachwytu i bez \u017cywej &hellip;<\/p>\n","protected":false},"author":3,"featured_media":5611,"comment_status":"closed","ping_status":"closed","sticky":false,"template":"","format":"standard","meta":{"_seopress_robots_primary_cat":"","_seopress_titles_title":"","_seopress_titles_desc":"","_seopress_robots_index":"","footnotes":""},"categories":[59,40],"tags":[97],"class_list":["post-5610","post","type-post","status-publish","format-standard","has-post-thumbnail","","category-eucharystia-i-adoracja","category-modlitwa-i-duchowosc","tag-eucharystii"],"_links":{"self":[{"href":"https:\/\/catholicus.eu\/pl\/wp-json\/wp\/v2\/posts\/5610","targetHints":{"allow":["GET"]}}],"collection":[{"href":"https:\/\/catholicus.eu\/pl\/wp-json\/wp\/v2\/posts"}],"about":[{"href":"https:\/\/catholicus.eu\/pl\/wp-json\/wp\/v2\/types\/post"}],"author":[{"embeddable":true,"href":"https:\/\/catholicus.eu\/pl\/wp-json\/wp\/v2\/users\/3"}],"replies":[{"embeddable":true,"href":"https:\/\/catholicus.eu\/pl\/wp-json\/wp\/v2\/comments?post=5610"}],"version-history":[{"count":1,"href":"https:\/\/catholicus.eu\/pl\/wp-json\/wp\/v2\/posts\/5610\/revisions"}],"predecessor-version":[{"id":5612,"href":"https:\/\/catholicus.eu\/pl\/wp-json\/wp\/v2\/posts\/5610\/revisions\/5612"}],"wp:featuredmedia":[{"embeddable":true,"href":"https:\/\/catholicus.eu\/pl\/wp-json\/wp\/v2\/media\/5611"}],"wp:attachment":[{"href":"https:\/\/catholicus.eu\/pl\/wp-json\/wp\/v2\/media?parent=5610"}],"wp:term":[{"taxonomy":"category","embeddable":true,"href":"https:\/\/catholicus.eu\/pl\/wp-json\/wp\/v2\/categories?post=5610"},{"taxonomy":"post_tag","embeddable":true,"href":"https:\/\/catholicus.eu\/pl\/wp-json\/wp\/v2\/tags?post=5610"}],"curies":[{"name":"wp","href":"https:\/\/api.w.org\/{rel}","templated":true}]}}