{"id":5594,"date":"2026-03-31T22:18:04","date_gmt":"2026-03-31T20:18:04","guid":{"rendered":"https:\/\/catholicus.eu\/pl\/?p=5594"},"modified":"2026-03-31T22:18:04","modified_gmt":"2026-03-31T20:18:04","slug":"obowiazek-stanu-swietosc-zaczyna-sie-tam-gdzie-jestes-a-nie-tam-gdzie-chcialbys-byc","status":"publish","type":"post","link":"https:\/\/catholicus.eu\/pl\/obowiazek-stanu-swietosc-zaczyna-sie-tam-gdzie-jestes-a-nie-tam-gdzie-chcialbys-byc\/","title":{"rendered":"Obowi\u0105zek stanu: \u015bwi\u0119to\u015b\u0107 zaczyna si\u0119 tam, gdzie jeste\u015b (a nie tam, gdzie chcia\u0142by\u015b by\u0107)"},"content":{"rendered":"\n<p class=\"wp-block-paragraph\">W \u015bwiecie, kt\u00f3ry nieustannie popycha nas do szukania \u201eczego\u015b wi\u0119cej\u201d, do zmiany, do ci\u0105g\u0142ego wymy\u015blania siebie na nowo i d\u0105\u017cenia do wyidealizowanego \u017cycia, tradycyjna duchowo\u015b\u0107 katolicka stawia przed nami prawd\u0119 g\u0142\u0119boko wyzwalaj\u0105c\u0105 \u2014 a zarazem wymagaj\u0105c\u0105 \u2014: <strong>B\u00f3g chce, aby\u015b by\u0142 \u015bwi\u0119ty dok\u0142adnie tam, gdzie jeste\u015b<\/strong>. Nie jutro, nie w innym powo\u0142aniu, nie w innym \u017cyciu. Tu. Teraz.<\/p>\n\n\n\n<p class=\"wp-block-paragraph\">To jest istota <strong>obowi\u0105zku stanu<\/strong>.<\/p>\n\n\n\n<hr class=\"wp-block-separator has-alpha-channel-opacity\"\/>\n\n\n\n<h2 class=\"wp-block-heading\"><strong>Czym jest obowi\u0105zek stanu? Definicja, kt\u00f3ra zmienia \u017cycie<\/strong><\/h2>\n\n\n\n<p class=\"wp-block-paragraph\">Obowi\u0105zek stanu to zesp\u00f3\u0142 zobowi\u0105za\u0144, odpowiedzialno\u015bci i zada\u0144 w\u0142a\u015bciwych konkretnej sytuacji, w kt\u00f3rej B\u00f3g postawi\u0142 ka\u017cdego cz\u0142owieka: jego powo\u0142aniu, zawodowi, rodzinie, pozycji spo\u0142ecznej i etapowi \u017cycia.<\/p>\n\n\n\n<p class=\"wp-block-paragraph\">Nie chodzi tylko o \u201erobienie tego, co trzeba\u201d, ale o zrozumienie, \u017ce <strong>te obowi\u0105zki s\u0105 zwyczajn\u0105 drog\u0105 u\u015bwi\u0119cenia<\/strong>.<\/p>\n\n\n\n<p class=\"wp-block-paragraph\">Innymi s\u0142owy:<br><strong>twoja praca, twoja rodzina, twoje codzienne zmagania\u2026 s\u0105 twoim o\u0142tarzem.<\/strong><\/p>\n\n\n\n<hr class=\"wp-block-separator has-alpha-channel-opacity\"\/>\n\n\n\n<h2 class=\"wp-block-heading\"><strong>Zapomniana prawda: \u015bwi\u0119to\u015b\u0107 to nie ucieczka, lecz wcielenie<\/strong><\/h2>\n\n\n\n<p class=\"wp-block-paragraph\">Cz\u0119sto wyobra\u017camy sobie \u015bwi\u0119to\u015b\u0107 jako co\u015b nadzwyczajnego: mistyczne wizje, odosobnienia na pustyni, heroiczne \u017cycie poza zwyczajno\u015bci\u0105. Jednak tradycja Ko\u015bcio\u0142a, g\u0142\u0119boko realistyczna, uczy czego\u015b przeciwnego:<\/p>\n\n\n\n<p class=\"wp-block-paragraph\">\u015awi\u0119to\u015b\u0107 nie polega na czynieniu rzeczy nadzwyczajnych, lecz na <strong>czynieniu rzeczy zwyczajnych w spos\u00f3b nadzwyczajny<\/strong>.<\/p>\n\n\n\n<p class=\"wp-block-paragraph\">Jesucristo sam sp\u0119dzi\u0142 wi\u0119kszo\u015b\u0107 swojego \u017cycia w ukryciu, w Nazarecie, pracuj\u0105c w\u0142asnymi r\u0119kami i \u017cyj\u0105c w rodzinie. Trzydzie\u015bci lat \u017cycia \u201ezwyczajnego\u201d przed trzema latami dzia\u0142alno\u015bci publicznej.<\/p>\n\n\n\n<p class=\"wp-block-paragraph\">Przypadek? W \u017cadnym razie. To lekcja.<\/p>\n\n\n\n<hr class=\"wp-block-separator has-alpha-channel-opacity\"\/>\n\n\n\n<h2 class=\"wp-block-heading\"><strong>Podstawa biblijna: B\u00f3g powo\u0142uje ci\u0119 w konkretno\u015bci<\/strong><\/h2>\n\n\n\n<p class=\"wp-block-paragraph\">Pismo \u015awi\u0119te jest pe\u0142ne przyk\u0142ad\u00f3w, w kt\u00f3rych B\u00f3g powo\u0142uje ludzi <strong>po\u015br\u00f3d ich codziennego \u017cycia<\/strong>, a nie poza nim:<\/p>\n\n\n\n<blockquote class=\"wp-block-quote is-layout-flow wp-block-quote-is-layout-flow\">\n<p class=\"wp-block-paragraph\">\u201eKa\u017cdy wi\u0119c, bracia, niech trwa przed Bogiem w tym stanie, w jakim zosta\u0142 powo\u0142any.\u201d<br><em>(1 Koryntian 7,24)<\/em><\/p>\n<\/blockquote>\n\n\n\n<p class=\"wp-block-paragraph\">\u015awi\u0119ty Pawe\u0142 nie zach\u0119ca do ucieczki, lecz do tego, by <strong>trwa\u0107 i u\u015bwi\u0119ca\u0107<\/strong>.<\/p>\n\n\n\n<p class=\"wp-block-paragraph\">Czytamy tak\u017ce:<\/p>\n\n\n\n<blockquote class=\"wp-block-quote is-layout-flow wp-block-quote-is-layout-flow\">\n<p class=\"wp-block-paragraph\">\u201eCzy jecie, czy pijecie, czy cokolwiek innego czynicie, wszystko czy\u0144cie na chwa\u0142\u0119 Bo\u017c\u0105.\u201d<br><em>(1 Koryntian 10,31)<\/em><\/p>\n<\/blockquote>\n\n\n\n<p class=\"wp-block-paragraph\">Nie ma podzia\u0142u na \u201e\u015bwi\u0119te\u201d i \u201e\u015bwieckie\u201d, gdy dusza \u017cyje w \u0142asce. Wszystko mo\u017ce by\u0107 ofiarowane.<\/p>\n\n\n\n<hr class=\"wp-block-separator has-alpha-channel-opacity\"\/>\n\n\n\n<h2 class=\"wp-block-heading\"><strong>Historia i tradycja: sta\u0142e nauczanie Ko\u015bcio\u0142a<\/strong><\/h2>\n\n\n\n<p class=\"wp-block-paragraph\">Ju\u017c od pierwszych wiek\u00f3w Ojcowie Ko\u015bcio\u0142a nauczali, \u017ce <strong>ka\u017cdy stan \u017cycia ma swoj\u0105 w\u0142asn\u0105 drog\u0119 do doskona\u0142o\u015bci<\/strong>.<\/p>\n\n\n\n<ul class=\"wp-block-list\">\n<li>Mnisi na pustyni u\u015bwi\u0119cali cisz\u0119.<\/li>\n\n\n\n<li>M\u0119czennicy u\u015bwi\u0119cali cierpienie.<\/li>\n\n\n\n<li>Ojcowie i matki u\u015bwi\u0119cali dom.<\/li>\n\n\n\n<li>Pracownicy u\u015bwi\u0119cali codzienny trud.<\/li>\n<\/ul>\n\n\n\n<p class=\"wp-block-paragraph\">P\u00f3\u017aniej \u015bwi\u0119ci, jak \u015bw. Franciszek Salezy, podkre\u015blali, \u017ce pobo\u017cno\u015b\u0107 <strong>nie niszczy powo\u0142ania, lecz je udoskonala<\/strong>:<\/p>\n\n\n\n<blockquote class=\"wp-block-quote is-layout-flow wp-block-quote-is-layout-flow\">\n<p class=\"wp-block-paragraph\">\u201ePobo\u017cno\u015b\u0107 powinna by\u0107 praktykowana w r\u00f3\u017cny spos\u00f3b przez szlachcica, rzemie\u015blnika, s\u0142ug\u0119, ksi\u0119cia, wdow\u0119, m\u0142od\u0105 kobiet\u0119 i \u017con\u0119.\u201d<\/p>\n<\/blockquote>\n\n\n\n<p class=\"wp-block-paragraph\">Ka\u017cdy na swoim miejscu. Ka\u017cdy w swojej misji.<\/p>\n\n\n\n<hr class=\"wp-block-separator has-alpha-channel-opacity\"\/>\n\n\n\n<h2 class=\"wp-block-heading\"><strong>Wielki b\u0142\u0105d wsp\u00f3\u0142czesny: chcie\u0107 s\u0142u\u017cy\u0107 Bogu\u2026 w innym \u017cyciu<\/strong><\/h2>\n\n\n\n<p class=\"wp-block-paragraph\">Jednym z najwi\u0119kszych zagro\u017ce\u0144 duchowych naszych czas\u00f3w nie jest jawne odrzucenie Boga, lecz co\u015b bardziej subtelnego:<br><strong>chcie\u0107 Mu s\u0142u\u017cy\u0107 \u2014 ale nie z miejsca, w kt\u00f3rym On nas postawi\u0142.<\/strong><\/p>\n\n\n\n<ul class=\"wp-block-list\">\n<li>Ojciec rodziny, kt\u00f3ry marzy o \u017cyciu na odosobnieniu\u2026 ale zaniedbuje swoje dzieci.<\/li>\n\n\n\n<li>Pracownik, kt\u00f3ry szuka intensywnych do\u015bwiadcze\u0144 duchowych\u2026 ale \u017ale wykonuje swoj\u0105 prac\u0119.<\/li>\n\n\n\n<li>M\u0142ody cz\u0142owiek, kt\u00f3ry chce zmienia\u0107 \u015bwiat\u2026 ale nie jest wierny w ma\u0142ych rzeczach.<\/li>\n<\/ul>\n\n\n\n<p class=\"wp-block-paragraph\">To sta\u0142a pokusa: <strong>ucieka\u0107 od tera\u017aniejszo\u015bci w imi\u0119 duchowego idea\u0142u<\/strong>.<\/p>\n\n\n\n<p class=\"wp-block-paragraph\">Ale B\u00f3g nie zapyta ci\u0119 o \u017cycie, kt\u00f3re sobie wyobra\u017ca\u0142e\u015b, lecz o to, kt\u00f3re ci da\u0142.<\/p>\n\n\n\n<hr class=\"wp-block-separator has-alpha-channel-opacity\"\/>\n\n\n\n<h2 class=\"wp-block-heading\"><strong>G\u0142\u0119bia teologiczna: wsp\u00f3\u0142praca z wol\u0105 Bo\u017c\u0105<\/strong><\/h2>\n\n\n\n<p class=\"wp-block-paragraph\">Z teologicznego punktu widzenia obowi\u0105zek stanu zakorzeniony jest w tajemnicy <strong>Opatrzno\u015bci Bo\u017cej<\/strong>.<\/p>\n\n\n\n<p class=\"wp-block-paragraph\">B\u00f3g nie dzia\u0142a abstrakcyjnie: <strong>kieruje \u015bwiatem poprzez konkretne okoliczno\u015bci<\/strong>. Twoje \u017cycie nie jest przypadkiem. Jest misj\u0105.<\/p>\n\n\n\n<p class=\"wp-block-paragraph\">Wype\u0142nia\u0107 obowi\u0105zek stanu oznacza:<\/p>\n\n\n\n<ul class=\"wp-block-list\">\n<li>Przyj\u0105\u0107 dopuszczaj\u0105c\u0105 wol\u0119 Boga<\/li>\n\n\n\n<li>Wsp\u00f3\u0142pracowa\u0107 z Jego wol\u0105 pozytywn\u0105<\/li>\n\n\n\n<li>Uporz\u0105dkowa\u0107 swoje \u017cycie wed\u0142ug Jego zamys\u0142u<\/li>\n<\/ul>\n\n\n\n<p class=\"wp-block-paragraph\">To w istocie praktyczny spos\u00f3b prze\u017cywania s\u0142\u00f3w <strong>\u201eb\u0105d\u017a wola Twoja\u201d<\/strong> z modlitwy \u201eOjcze nasz\u201d.<\/p>\n\n\n\n<hr class=\"wp-block-separator has-alpha-channel-opacity\"\/>\n\n\n\n<h2 class=\"wp-block-heading\"><strong>Wymiar moralny: obowi\u0105zek stanu jako powa\u017cne zobowi\u0105zanie<\/strong><\/h2>\n\n\n\n<p class=\"wp-block-paragraph\">To nie jest opcjonalne.<\/p>\n\n\n\n<p class=\"wp-block-paragraph\">Obowi\u0105zek stanu nale\u017cy do sfery <strong>moralno\u015bci obiektywnej<\/strong>. Zaniedbanie go, zw\u0142aszcza w sprawach powa\u017cnych, mo\u017ce stanowi\u0107 grzech.<\/p>\n\n\n\n<p class=\"wp-block-paragraph\">Dlaczego? Poniewa\u017c oznacza:<\/p>\n\n\n\n<ul class=\"wp-block-list\">\n<li>Zaniedbanie obowi\u0105zk\u00f3w powierzonych przez Boga<\/li>\n\n\n\n<li>Szkod\u0119 wyrz\u0105dzon\u0105 bli\u017aniemu (rodzina, praca, spo\u0142ecze\u0144stwo)<\/li>\n\n\n\n<li>Nie\u0142ad w swoim powo\u0142aniu<\/li>\n<\/ul>\n\n\n\n<p class=\"wp-block-paragraph\">Nie chodzi o perfekcjonizm, lecz o wierno\u015b\u0107.<\/p>\n\n\n\n<hr class=\"wp-block-separator has-alpha-channel-opacity\"\/>\n\n\n\n<h2 class=\"wp-block-heading\"><strong>Zastosowania praktyczne: jak \u017cy\u0107 obowi\u0105zkiem stanu dzisiaj<\/strong><\/h2>\n\n\n\n<p class=\"wp-block-paragraph\">To tutaj ta nauka staje si\u0119 naprawd\u0119 rewolucyjna.<\/p>\n\n\n\n<h3 class=\"wp-block-heading\"><strong>1. U\u015bwi\u0119caj swoj\u0105 prac\u0119 (nawet je\u015bli jej nie lubisz)<\/strong><\/h3>\n\n\n\n<p class=\"wp-block-paragraph\">Nie musisz kocha\u0107 swojej pracy, aby j\u0105 u\u015bwi\u0119ci\u0107. Wystarczy j\u0105 wykonywa\u0107:<\/p>\n\n\n\n<ul class=\"wp-block-list\">\n<li>Z odpowiedzialno\u015bci\u0105<\/li>\n\n\n\n<li>Z w\u0142a\u015bciw\u0105 intencj\u0105<\/li>\n\n\n\n<li>Ofiarowuj\u0105c j\u0105 Bogu<\/li>\n<\/ul>\n\n\n\n<p class=\"wp-block-paragraph\">Praca staje si\u0119 modlitw\u0105, gdy jest wykonywana z mi\u0142o\u015bci.<\/p>\n\n\n\n<hr class=\"wp-block-separator has-alpha-channel-opacity\"\/>\n\n\n\n<h3 class=\"wp-block-heading\"><strong>2. Nadaj pierwsze\u0144stwo temu, co B\u00f3g ci powierzy\u0142<\/strong><\/h3>\n\n\n\n<p class=\"wp-block-paragraph\">Twoja rodzina, twoje powo\u0142anie, twoje konkretne obowi\u0105zki\u2026 nie s\u0105 przeszkod\u0105 w \u017cyciu duchowym. S\u0105 drog\u0105.<\/p>\n\n\n\n<p class=\"wp-block-paragraph\"><strong>Nie zaniedbuj tego, co istotne, dla tego, co drugorz\u0119dne.<\/strong><\/p>\n\n\n\n<hr class=\"wp-block-separator has-alpha-channel-opacity\"\/>\n\n\n\n<h3 class=\"wp-block-heading\"><strong>3. \u017byj obecno\u015bci\u0105 Boga w codzienno\u015bci<\/strong><\/h3>\n\n\n\n<p class=\"wp-block-paragraph\">Nie musisz czeka\u0107 na ko\u015bci\u00f3\u0142 ani na \u201educhowe\u201d chwile.<\/p>\n\n\n\n<ul class=\"wp-block-list\">\n<li>Gotowanie<\/li>\n\n\n\n<li>Sprz\u0105tanie<\/li>\n\n\n\n<li>Obs\u0142uga klient\u00f3w<\/li>\n\n\n\n<li>S\u0142uchanie drugiego cz\u0142owieka<\/li>\n<\/ul>\n\n\n\n<p class=\"wp-block-paragraph\">Wszystko to mo\u017ce sta\u0107 si\u0119 spotkaniem z Bogiem.<\/p>\n\n\n\n<hr class=\"wp-block-separator has-alpha-channel-opacity\"\/>\n\n\n\n<h3 class=\"wp-block-heading\"><strong>4. Unikaj duchowego rozproszenia<\/strong><\/h3>\n\n\n\n<p class=\"wp-block-paragraph\">Dzi\u015b istnieje nadmiar bod\u017ac\u00f3w duchowych: podcasty, ksi\u0105\u017cki, rekolekcje, media spo\u0142eczno\u015bciowe\u2026<\/p>\n\n\n\n<p class=\"wp-block-paragraph\">To wszystko jest dobre, ale mo\u017ce sta\u0107 si\u0119 pu\u0142apk\u0105, je\u015bli zast\u0105pi to, co najwa\u017cniejsze:<\/p>\n\n\n\n<p class=\"wp-block-paragraph\"><strong>wierne wype\u0142nianie obowi\u0105zku stanu.<\/strong><\/p>\n\n\n\n<hr class=\"wp-block-separator has-alpha-channel-opacity\"\/>\n\n\n\n<h3 class=\"wp-block-heading\"><strong>5. Ofiaruj ma\u0142e rzeczy: w tym tkwi klucz<\/strong><\/h3>\n\n\n\n<p class=\"wp-block-paragraph\">Wielko\u015b\u0107 duchowa nie tkwi w tym, co spektakularne, lecz w wierno\u015bci:<\/p>\n\n\n\n<ul class=\"wp-block-list\">\n<li>By\u0107 punktualnym<\/li>\n\n\n\n<li>By\u0107 cierpliwym<\/li>\n\n\n\n<li>Nie narzeka\u0107<\/li>\n\n\n\n<li>Dobrze wykonywa\u0107 to, czego nikt nie widzi<\/li>\n<\/ul>\n\n\n\n<p class=\"wp-block-paragraph\">To w\u0142a\u015bnie tutaj kszta\u0142tuj\u0105 si\u0119 \u015bwi\u0119ci.<\/p>\n\n\n\n<hr class=\"wp-block-separator has-alpha-channel-opacity\"\/>\n\n\n\n<h2 class=\"wp-block-heading\"><strong>Obowi\u0105zek stanu i krzy\u017c: przyj\u0105\u0107 to, czego nie wybra\u0142e\u015b<\/strong><\/h2>\n\n\n\n<p class=\"wp-block-paragraph\">Istnieje jeszcze g\u0142\u0119bszy wymiar.<\/p>\n\n\n\n<p class=\"wp-block-paragraph\">Obowi\u0105zek stanu obejmuje tak\u017ce to, czego <strong>nie wybra\u0142e\u015b<\/strong>:<\/p>\n\n\n\n<ul class=\"wp-block-list\">\n<li>Choroby<\/li>\n\n\n\n<li>Ograniczenia<\/li>\n\n\n\n<li>Trudne sytuacje rodzinne<\/li>\n\n\n\n<li>Niepowodzenia<\/li>\n<\/ul>\n\n\n\n<p class=\"wp-block-paragraph\">Przyj\u0119cie i ofiarowanie tych rzeczywisto\u015bci jest bardzo wysok\u0105 form\u0105 zjednoczenia z Krzy\u017cem.<\/p>\n\n\n\n<hr class=\"wp-block-separator has-alpha-channel-opacity\"\/>\n\n\n\n<h2 class=\"wp-block-heading\"><strong>Duchowo\u015b\u0107 na XXI wiek<\/strong><\/h2>\n\n\n\n<p class=\"wp-block-paragraph\">W \u015bwiecie naznaczonym l\u0119kiem, ci\u0105g\u0142ym por\u00f3wnywaniem si\u0119 i niezadowoleniem, obowi\u0105zek stanu daje radykaln\u0105 odpowied\u017a:<\/p>\n\n\n\n<ul class=\"wp-block-list\">\n<li>Skupia ci\u0119<\/li>\n\n\n\n<li>Porz\u0105dkuje twoje \u017cycie<\/li>\n\n\n\n<li>Uwalnia od nierealistycznego perfekcjonizmu<\/li>\n\n\n\n<li>\u0141\u0105czy ci\u0119 z wol\u0105 Boga<\/li>\n<\/ul>\n\n\n\n<p class=\"wp-block-paragraph\">Nie potrzebujesz innego \u017cycia, aby zosta\u0107 \u015bwi\u0119tym.<br><strong>Potrzebujesz \u017cy\u0107 tym \u017cyciem w inny spos\u00f3b.<\/strong><\/p>\n\n\n\n<hr class=\"wp-block-separator has-alpha-channel-opacity\"\/>\n\n\n\n<h2 class=\"wp-block-heading\"><strong>Zako\u0144czenie: tam, gdzie jeste\u015b, B\u00f3g na ciebie czeka<\/strong><\/h2>\n\n\n\n<p class=\"wp-block-paragraph\">Obowi\u0105zek stanu nie jest ci\u0119\u017carem. Jest kompasem.<\/p>\n\n\n\n<p class=\"wp-block-paragraph\">M\u00f3wi ci jasno:<br><strong>\u201eTo tutaj B\u00f3g ci\u0119 chce. To tutaj stajesz si\u0119 \u015bwi\u0119ty.\u201d<\/strong><\/p>\n\n\n\n<p class=\"wp-block-paragraph\">Nie w teoriach.<br>Nie w marzeniach.<br>Nie w por\u00f3wnaniach.<\/p>\n\n\n\n<p class=\"wp-block-paragraph\">Lecz w tym, co konkretne, codzienne, pozornie ma\u0142e.<\/p>\n\n\n\n<p class=\"wp-block-paragraph\">Bo ostatecznie \u015bwi\u0119to\u015b\u0107 nie polega na robieniu wielu rzeczy, lecz na pe\u0142nieniu woli Bo\u017cej\u2026 <strong>dok\u0142adnie tam, gdzie jeste\u015b.<\/strong><\/p>\n","protected":false},"excerpt":{"rendered":"<p>W \u015bwiecie, kt\u00f3ry nieustannie popycha nas do szukania \u201eczego\u015b wi\u0119cej\u201d, do zmiany, do ci\u0105g\u0142ego wymy\u015blania siebie na nowo i d\u0105\u017cenia do wyidealizowanego \u017cycia, tradycyjna duchowo\u015b\u0107 katolicka stawia przed nami prawd\u0119 g\u0142\u0119boko wyzwalaj\u0105c\u0105 \u2014 a zarazem wymagaj\u0105c\u0105 \u2014: B\u00f3g chce, aby\u015b by\u0142 \u015bwi\u0119ty dok\u0142adnie tam, gdzie jeste\u015b. Nie jutro, nie w innym powo\u0142aniu, nie w innym &hellip;<\/p>\n","protected":false},"author":3,"featured_media":5595,"comment_status":"closed","ping_status":"closed","sticky":false,"template":"","format":"standard","meta":{"_seopress_titles_title":"","_seopress_titles_desc":"","_seopress_robots_index":"","_seopress_robots_follow":"","_seopress_robots_imageindex":"","_seopress_robots_snippet":"","_seopress_robots_primary_cat":"","_seopress_robots_breadcrumbs":"","_seopress_robots_freeze_modified_date":"","_seopress_robots_custom_modified_date":"","_seopress_robots_canonical":"","_seopress_social_fb_title":"","_seopress_social_fb_desc":"","_seopress_social_fb_img":"","_seopress_social_fb_img_attachment_id":0,"_seopress_social_fb_img_width":0,"_seopress_social_fb_img_height":0,"_seopress_social_twitter_title":"","_seopress_social_twitter_desc":"","_seopress_social_twitter_img":"","_seopress_social_twitter_img_attachment_id":0,"_seopress_social_twitter_img_width":0,"_seopress_social_twitter_img_height":0,"_seopress_redirections_value":"","_seopress_redirections_enabled":"","_seopress_redirections_enabled_regex":"","_seopress_redirections_logged_status":"","_seopress_redirections_param":"","_seopress_redirections_type":0,"_seopress_analysis_target_kw":"","footnotes":""},"categories":[57,39],"tags":[],"class_list":["post-5594","post","type-post","status-publish","format-standard","has-post-thumbnail","","category-cnoty-chrzescijanskie","category-moralnosc-i-zycie-chrzescijanskie"],"_links":{"self":[{"href":"https:\/\/catholicus.eu\/pl\/wp-json\/wp\/v2\/posts\/5594","targetHints":{"allow":["GET"]}}],"collection":[{"href":"https:\/\/catholicus.eu\/pl\/wp-json\/wp\/v2\/posts"}],"about":[{"href":"https:\/\/catholicus.eu\/pl\/wp-json\/wp\/v2\/types\/post"}],"author":[{"embeddable":true,"href":"https:\/\/catholicus.eu\/pl\/wp-json\/wp\/v2\/users\/3"}],"replies":[{"embeddable":true,"href":"https:\/\/catholicus.eu\/pl\/wp-json\/wp\/v2\/comments?post=5594"}],"version-history":[{"count":1,"href":"https:\/\/catholicus.eu\/pl\/wp-json\/wp\/v2\/posts\/5594\/revisions"}],"predecessor-version":[{"id":5596,"href":"https:\/\/catholicus.eu\/pl\/wp-json\/wp\/v2\/posts\/5594\/revisions\/5596"}],"wp:featuredmedia":[{"embeddable":true,"href":"https:\/\/catholicus.eu\/pl\/wp-json\/wp\/v2\/media\/5595"}],"wp:attachment":[{"href":"https:\/\/catholicus.eu\/pl\/wp-json\/wp\/v2\/media?parent=5594"}],"wp:term":[{"taxonomy":"category","embeddable":true,"href":"https:\/\/catholicus.eu\/pl\/wp-json\/wp\/v2\/categories?post=5594"},{"taxonomy":"post_tag","embeddable":true,"href":"https:\/\/catholicus.eu\/pl\/wp-json\/wp\/v2\/tags?post=5594"}],"curies":[{"name":"wp","href":"https:\/\/api.w.org\/{rel}","templated":true}]}}