{"id":5573,"date":"2026-03-29T15:38:04","date_gmt":"2026-03-29T13:38:04","guid":{"rendered":"https:\/\/catholicus.eu\/pl\/?p=5573"},"modified":"2026-03-29T15:38:04","modified_gmt":"2026-03-29T13:38:04","slug":"mater-gloriosa-krolowa-ktora-prowadzi-nas-ku-wiecznosci","status":"publish","type":"post","link":"https:\/\/catholicus.eu\/pl\/mater-gloriosa-krolowa-ktora-prowadzi-nas-ku-wiecznosci\/","title":{"rendered":"Mater Gloriosa: Kr\u00f3lowa, kt\u00f3ra prowadzi nas ku wieczno\u015bci"},"content":{"rendered":"\n<p>M\u00f3wi\u0107 o <em>Mater Gloriosa<\/em> to nie tylko przywo\u0142ywa\u0107 pi\u0119kny obraz Dziewicy Maryi ukoronowanej w niebie. To wej\u015b\u0107 w jedn\u0105 z najg\u0142\u0119bszych i najbardziej pocieszaj\u0105cych tajemnic wiary chrze\u015bcija\u0144skiej: chwalebne przeznaczenie, do kt\u00f3rego B\u00f3g powo\u0142uje ca\u0142\u0105 ludzko\u015b\u0107, ju\u017c w pe\u0142ni zrealizowane w Matce Chrystusa.<\/p>\n\n\n\n<p><em>Mater Gloriosa<\/em> \u2014 Chwalebna Matka \u2014 nie jest ide\u0105 poetyck\u0105 ani drugorz\u0119dnym nabo\u017ce\u0144stwem. Jest g\u0142\u0119boko teologiczn\u0105 prawd\u0105, zakorzenion\u0105 w Pi\u015bmie \u015awi\u0119tym, Tradycji Ko\u015bcio\u0142a oraz w \u017cywym do\u015bwiadczeniu wiernych na przestrzeni wiek\u00f3w. Jej zrozumienie rzuca \u015bwiat\u0142o nie tylko na to, kim jest Maryja, ale tak\u017ce na to, kim my jeste\u015bmy powo\u0142ani si\u0119 sta\u0107.<\/p>\n\n\n\n<hr class=\"wp-block-separator has-alpha-channel-opacity\"\/>\n\n\n\n<h2 class=\"wp-block-heading\"><strong>1. Co oznacza \u201eMater Gloriosa\u201d?<\/strong><\/h2>\n\n\n\n<p>Tytu\u0142 <em>Mater Gloriosa<\/em> odnosi si\u0119 do Maryja, matka Jezusa w jej uwielbionym stanie w niebie, w pe\u0142nym uczestnictwie w chwale jej Syna, Jezus Chrystus.<\/p>\n\n\n\n<p>Nie chodzi tylko o to, \u017ce Maryja jest w niebie, ale \u017ce zosta\u0142a wyniesiona \u2014 z cia\u0142em i dusz\u0105 \u2014 do wyj\u0105tkowego stanu uczestnictwa w \u017cyciu Bo\u017cym. Ta tajemnica jest \u015bci\u015ble zwi\u0105zana z dogmatem Wniebowzi\u0119cia oraz z jej kr\u00f3lewsk\u0105 godno\u015bci\u0105 jako Kr\u00f3lowej Nieba.<\/p>\n\n\n\n<p>Ko\u015bci\u00f3\u0142 kontempluje w Maryi to, czym sam ma nadziej\u0119 si\u0119 sta\u0107: ludzko\u015b\u0107 w pe\u0142ni odkupion\u0105 i przemienion\u0105 przez \u0142ask\u0119.<\/p>\n\n\n\n<hr class=\"wp-block-separator has-alpha-channel-opacity\"\/>\n\n\n\n<h2 class=\"wp-block-heading\"><strong>2. Fundament biblijny: chwa\u0142a obiecana i spe\u0142niona<\/strong><\/h2>\n\n\n\n<p>Chocia\u017c termin <em>Mater Gloriosa<\/em> nie pojawia si\u0119 dos\u0142ownie w Biblii, jego tre\u015b\u0107 jest w niej g\u0142\u0119boko zakorzeniona.<\/p>\n\n\n\n<p>Jednym z najwa\u017cniejszych tekst\u00f3w jest fragment z Ksi\u0119gi Apokalipsy:<\/p>\n\n\n\n<blockquote class=\"wp-block-quote is-layout-flow wp-block-quote-is-layout-flow\">\n<p>\u201eUkaza\u0142 si\u0119 wielki znak na niebie: Niewiasta obleczona w s\u0142o\u0144ce, a ksi\u0119\u017cyc pod jej stopami, i na jej g\u0142owie wieniec z dwunastu gwiazd\u201d (Ap 12,1).<\/p>\n<\/blockquote>\n\n\n\n<p>Tradycja chrze\u015bcija\u0144ska widzia\u0142a w tej \u201eNiewie\u015bcie\u201d obraz Ko\u015bcio\u0142a, ale tak\u017ce \u2014 w spos\u00f3b szczeg\u00f3lny \u2014 uwielbionej Maryi.<\/p>\n\n\n\n<p>Podobnie Magnificat zapowiada t\u0119 chwa\u0142\u0119:<\/p>\n\n\n\n<blockquote class=\"wp-block-quote is-layout-flow wp-block-quote-is-layout-flow\">\n<p>\u201eOdt\u0105d b\u0142ogos\u0142awion\u0105 nazywa\u0107 mnie b\u0119d\u0105 wszystkie pokolenia, gdy\u017c wielkie rzeczy uczyni\u0142 mi Wszechmocny\u201d (\u0141k 1,48-49).<\/p>\n<\/blockquote>\n\n\n\n<p>Maryja nie szuka w\u0142asnej chwa\u0142y, lecz B\u00f3g j\u0105 wywy\u017csza. Jej pokora staje si\u0119 drog\u0105 do Bo\u017cego wywy\u017cszenia.<\/p>\n\n\n\n<hr class=\"wp-block-separator has-alpha-channel-opacity\"\/>\n\n\n\n<h2 class=\"wp-block-heading\"><strong>3. Rozw\u00f3j teologiczny: Maryja, pierwocina Ko\u015bcio\u0142a uwielbionego<\/strong><\/h2>\n\n\n\n<p>Ju\u017c od pierwszych wiek\u00f3w Ojcowie Ko\u015bcio\u0142a rozumieli, \u017ce Maryja zajmuje wyj\u0105tkowe miejsce w historii zbawienia. Je\u015bli Chrystus jest nowym Adamem, Maryja jest now\u0105 Ew\u0105.<\/p>\n\n\n\n<p>Jednak jej rola nie ko\u0144czy si\u0119 na Wcieleniu ani na Krzy\u017cu. <em>Mater Gloriosa<\/em> jest tak\u017ce wype\u0142nieniem tej drogi:<\/p>\n\n\n\n<ul class=\"wp-block-list\">\n<li>Jest pierwsz\u0105 w pe\u0142ni odkupion\u0105.<\/li>\n\n\n\n<li>Jest doskona\u0142ym obrazem przysz\u0142ego Ko\u015bcio\u0142a.<\/li>\n\n\n\n<li>Jest znakiem pewnej nadziei dla wierz\u0105cych.<\/li>\n<\/ul>\n\n\n\n<p>Sob\u00f3r Watyka\u0144ski II wyra\u017ca to w spos\u00f3b g\u0142\u0119boki:<\/p>\n\n\n\n<blockquote class=\"wp-block-quote is-layout-flow wp-block-quote-is-layout-flow\">\n<p>\u201eMatka Jezusa, ju\u017c uwielbiona z cia\u0142em i dusz\u0105 w niebie, jest obrazem i pocz\u0105tkiem Ko\u015bcio\u0142a, kt\u00f3ry ma osi\u0105gn\u0105\u0107 pe\u0142ni\u0119 w przysz\u0142ym wieku.\u201d<\/p>\n<\/blockquote>\n\n\n\n<p>Tutaj znajdujemy klucz: Maryja nie jest \u201edaleko\u201d od nas. Jest przed nami, jako cel ju\u017c osi\u0105gni\u0119ty.<\/p>\n\n\n\n<hr class=\"wp-block-separator has-alpha-channel-opacity\"\/>\n\n\n\n<h2 class=\"wp-block-heading\"><strong>4. Wymiar duchowy: chwa\u0142a rodz\u0105ca si\u0119 z pokory<\/strong><\/h2>\n\n\n\n<p><em>Mater Gloriosa<\/em> nie jest owocem ludzkiej pot\u0119gi, lecz ca\u0142kowitego otwarcia na Boga. Jej droga nie by\u0142a drog\u0105 ziemskich triumf\u00f3w, lecz wiary, pos\u0142usze\u0144stwa i oddania.<\/p>\n\n\n\n<ul class=\"wp-block-list\">\n<li>W Nazarecie: \u017cycie ukryte.<\/li>\n\n\n\n<li>W Betlejem: ub\u00f3stwo.<\/li>\n\n\n\n<li>Na Kalwarii: skrajne cierpienie.<\/li>\n\n\n\n<li>W niebie: wieczna chwa\u0142a.<\/li>\n<\/ul>\n\n\n\n<p>To ukazuje g\u0142\u0119boko chrze\u015bcija\u0144sk\u0105 logik\u0119: prawdziwa chwa\u0142a prowadzi przez krzy\u017c.<\/p>\n\n\n\n<p>Maryja jest uwielbiona nie dlatego, \u017ce unikn\u0119\u0142a cierpienia, ale dlatego, \u017ce prze\u017cy\u0142a je w doskona\u0142ej jedno\u015bci z Bogiem.<\/p>\n\n\n\n<hr class=\"wp-block-separator has-alpha-channel-opacity\"\/>\n\n\n\n<h2 class=\"wp-block-heading\"><strong>5. Aktualno\u015b\u0107: co dzi\u015b m\u00f3wi nam Mater Gloriosa?<\/strong><\/h2>\n\n\n\n<p>\u017byjemy w kulturze, kt\u00f3ra szuka natychmiastowej chwa\u0142y: sukcesu, uznania, w\u0142adzy. <em>Mater Gloriosa<\/em> proponuje drog\u0119 radykalnie odmienn\u0105:<\/p>\n\n\n\n<ul class=\"wp-block-list\">\n<li>Wielko\u015b\u0107 znajduje si\u0119 w pokorze.<\/li>\n\n\n\n<li>Spe\u0142nienie znajduje si\u0119 w s\u0142u\u017cbie.<\/li>\n\n\n\n<li>Zwyci\u0119stwo przychodzi przez wierno\u015b\u0107, nawet w ciemno\u015bci.<\/li>\n<\/ul>\n\n\n\n<p>W \u015bwiecie naznaczonym niepewno\u015bci\u0105 uwielbiona Maryja przypomina nam, \u017ce historia nie ko\u0144czy si\u0119 chaosem, lecz chwa\u0142\u0105.<\/p>\n\n\n\n<p>Jest \u017cywym dowodem na to, \u017ce obietnica Boga si\u0119 spe\u0142nia.<\/p>\n\n\n\n<hr class=\"wp-block-separator has-alpha-channel-opacity\"\/>\n\n\n\n<h2 class=\"wp-block-heading\"><strong>6. Zastosowania praktyczne w \u017cyciu codziennym<\/strong><\/h2>\n\n\n\n<p>Pobo\u017cno\u015b\u0107 wobec <em>Mater Gloriosa<\/em> nie powinna pozostawa\u0107 abstrakcyjna. Ma bardzo konkretne konsekwencje:<\/p>\n\n\n\n<h3 class=\"wp-block-heading\"><strong>1. \u017by\u0107 nadziej\u0105<\/strong><\/h3>\n\n\n\n<p>Gdy wszystko wydaje si\u0119 stracone, spojrzenie na uwielbion\u0105 Maryj\u0119 przypomina nam, \u017ce B\u00f3g zawsze ma ostatnie s\u0142owo.<\/p>\n\n\n\n<h3 class=\"wp-block-heading\"><strong>2. Przyjmowa\u0107 Bo\u017ce drogi<\/strong><\/h3>\n\n\n\n<p>Nie wszystko dzieje si\u0119 natychmiast. Chwa\u0142a Maryi jest owocem ca\u0142ego \u017cycia wierno\u015bci.<\/p>\n\n\n\n<h3 class=\"wp-block-heading\"><strong>3. Szuka\u0107 \u015bwi\u0119to\u015bci w codzienno\u015bci<\/strong><\/h3>\n\n\n\n<p>Nie potrzebujemy wielkich czyn\u00f3w. Maryja zosta\u0142a uwielbiona dzi\u0119ki wierno\u015bci w ma\u0142ych rzeczach.<\/p>\n\n\n\n<h3 class=\"wp-block-heading\"><strong>4. Ofiarowa\u0107 cierpienie<\/strong><\/h3>\n\n\n\n<p>Zjednoczone z Chrystusem cierpienie nie jest bezsensowne. Staje si\u0119 drog\u0105 przemiany.<\/p>\n\n\n\n<h3 class=\"wp-block-heading\"><strong>5. Modli\u0107 si\u0119 z dzieci\u0119c\u0105 ufno\u015bci\u0105<\/strong><\/h3>\n\n\n\n<p>Jako Chwalebna Matka Maryja wstawia si\u0119 za nami. Nie jeste\u015bmy sami.<\/p>\n\n\n\n<hr class=\"wp-block-separator has-alpha-channel-opacity\"\/>\n\n\n\n<h2 class=\"wp-block-heading\"><strong>7. Ostateczna kontemplacja: nasze powo\u0142anie to chwa\u0142a<\/strong><\/h2>\n\n\n\n<p><em>Mater Gloriosa<\/em> nie jest tylko tytu\u0142em Maryi. Jest zwierciad\u0142em, w kt\u00f3rym odbija si\u0119 nasze przeznaczenie.<\/p>\n\n\n\n<p>B\u00f3g nie stworzy\u0142 nas dla przeci\u0119tno\u015bci ani dla zniszczenia, lecz dla chwa\u0142y.<\/p>\n\n\n\n<p>Maryja ju\u017c tam jest.<\/p>\n\n\n\n<p>Czeka na nas, towarzyszy nam i prowadzi nas.<\/p>\n\n\n\n<p>A w swoim milczeniu pe\u0142nym \u015bwiat\u0142a zdaje si\u0119 szepta\u0107:<\/p>\n\n\n\n<blockquote class=\"wp-block-quote is-layout-flow wp-block-quote-is-layout-flow\">\n<p>\u201eTo, co B\u00f3g uczyni\u0142 we mnie\u2026 chce uczyni\u0107 tak\u017ce w tobie.\u201d<\/p>\n<\/blockquote>\n\n\n\n<hr class=\"wp-block-separator has-alpha-channel-opacity\"\/>\n\n\n\n<h2 class=\"wp-block-heading\"><strong>Zako\u0144czenie<\/strong><\/h2>\n\n\n\n<p>Kontemplowa\u0107 <em>Mater Gloriosa<\/em> to podnie\u015b\u0107 wzrok. To przypomnie\u0107 sobie, \u017ce wiara to nie tylko walka, ale tak\u017ce spe\u0142niona obietnica. To odkry\u0107, \u017ce niebo nie jest odleg\u0142\u0105 ide\u0105, lecz rzeczywisto\u015bci\u0105 ju\u017c zapocz\u0105tkowan\u0105 w konkretnej kobiecie: Maryi.<\/p>\n\n\n\n<p>A je\u015bli ona tam dotar\u0142a, my r\u00f3wnie\u017c mo\u017cemy.<\/p>\n\n\n\n<p>Bo tam, gdzie jest Matka, jest tak\u017ce droga do Syna.<\/p>\n\n\n\n<p>A tam, gdzie jest Syn\u2026 jest wieczna chwa\u0142a.<\/p>\n","protected":false},"excerpt":{"rendered":"<p>M\u00f3wi\u0107 o Mater Gloriosa to nie tylko przywo\u0142ywa\u0107 pi\u0119kny obraz Dziewicy Maryi ukoronowanej w niebie. To wej\u015b\u0107 w jedn\u0105 z najg\u0142\u0119bszych i najbardziej pocieszaj\u0105cych tajemnic wiary chrze\u015bcija\u0144skiej: chwalebne przeznaczenie, do kt\u00f3rego B\u00f3g powo\u0142uje ca\u0142\u0105 ludzko\u015b\u0107, ju\u017c w pe\u0142ni zrealizowane w Matce Chrystusa. Mater Gloriosa \u2014 Chwalebna Matka \u2014 nie jest ide\u0105 poetyck\u0105 ani drugorz\u0119dnym nabo\u017ce\u0144stwem. &hellip;<\/p>\n","protected":false},"author":3,"featured_media":5574,"comment_status":"closed","ping_status":"closed","sticky":false,"template":"","format":"standard","meta":{"_seopress_robots_primary_cat":"","_seopress_titles_title":"","_seopress_titles_desc":"","_seopress_robots_index":"","footnotes":""},"categories":[40,60],"tags":[1785],"class_list":["post-5573","post","type-post","status-publish","format-standard","has-post-thumbnail","","category-modlitwa-i-duchowosc","category-nabozenstwa-maryjne","tag-mater-gloriosa"],"_links":{"self":[{"href":"https:\/\/catholicus.eu\/pl\/wp-json\/wp\/v2\/posts\/5573","targetHints":{"allow":["GET"]}}],"collection":[{"href":"https:\/\/catholicus.eu\/pl\/wp-json\/wp\/v2\/posts"}],"about":[{"href":"https:\/\/catholicus.eu\/pl\/wp-json\/wp\/v2\/types\/post"}],"author":[{"embeddable":true,"href":"https:\/\/catholicus.eu\/pl\/wp-json\/wp\/v2\/users\/3"}],"replies":[{"embeddable":true,"href":"https:\/\/catholicus.eu\/pl\/wp-json\/wp\/v2\/comments?post=5573"}],"version-history":[{"count":1,"href":"https:\/\/catholicus.eu\/pl\/wp-json\/wp\/v2\/posts\/5573\/revisions"}],"predecessor-version":[{"id":5575,"href":"https:\/\/catholicus.eu\/pl\/wp-json\/wp\/v2\/posts\/5573\/revisions\/5575"}],"wp:featuredmedia":[{"embeddable":true,"href":"https:\/\/catholicus.eu\/pl\/wp-json\/wp\/v2\/media\/5574"}],"wp:attachment":[{"href":"https:\/\/catholicus.eu\/pl\/wp-json\/wp\/v2\/media?parent=5573"}],"wp:term":[{"taxonomy":"category","embeddable":true,"href":"https:\/\/catholicus.eu\/pl\/wp-json\/wp\/v2\/categories?post=5573"},{"taxonomy":"post_tag","embeddable":true,"href":"https:\/\/catholicus.eu\/pl\/wp-json\/wp\/v2\/tags?post=5573"}],"curies":[{"name":"wp","href":"https:\/\/api.w.org\/{rel}","templated":true}]}}