{"id":5564,"date":"2026-03-28T23:40:54","date_gmt":"2026-03-28T22:40:54","guid":{"rendered":"https:\/\/catholicus.eu\/pl\/?p=5564"},"modified":"2026-03-28T23:40:55","modified_gmt":"2026-03-28T22:40:55","slug":"blogoslawione-palmy-zapomniane-dusze-duchowe-ryzyko-powierzchownej-poboznosci","status":"publish","type":"post","link":"https:\/\/catholicus.eu\/pl\/blogoslawione-palmy-zapomniane-dusze-duchowe-ryzyko-powierzchownej-poboznosci\/","title":{"rendered":"B\u0142ogos\u0142awione palmy, zapomniane dusze: duchowe ryzyko powierzchownej pobo\u017cno\u015bci"},"content":{"rendered":"\n<h2 class=\"wp-block-heading\">Wprowadzenie: gdy gest zast\u0119puje serce<\/h2>\n\n\n\n<p>Ka\u017cdego roku tysi\u0105ce wiernych id\u0105 do ko\u015bcio\u0142a z ga\u0142\u0105zkami w r\u0119kach. Plecione palmy, ga\u0142\u0105zki oliwne, a nawet ma\u0142e krzy\u017cyki wykonane starannie. To pi\u0119kny gest, pe\u0142en tradycji, g\u0142\u0119boko zakorzeniony w \u017cyciu katolickim. Ale pojawia si\u0119 niewygodne pytanie:<\/p>\n\n\n\n<p><strong>Czy niesiemy ga\u0142\u0105zki\u2026 czy niesiemy Chrystusa?<\/strong><\/p>\n\n\n\n<p>Duchowe ryzyko naszych czas\u00f3w nie polega tak bardzo na otwartym odrzuceniu Boga, lecz na czym\u015b znacznie subtelniejszym: <strong>redukcji wiary do pustych gest\u00f3w, tradycji bez nawr\u00f3cenia, symboli bez \u017cycia wewn\u0119trznego<\/strong>.<\/p>\n\n\n\n<p>A Niedziela Palmowa \u2014 tak bogata w znaczenie \u2014 paradoksalnie mo\u017ce sta\u0107 si\u0119 jednym z najbardziej wyra\u017anych przyk\u0142ad\u00f3w tej powierzchowno\u015bci.<\/p>\n\n\n\n<hr class=\"wp-block-separator has-alpha-channel-opacity\"\/>\n\n\n\n<h2 class=\"wp-block-heading\">1. Pocz\u0105tek: t\u0142um, kt\u00f3ry wiwatowa\u0142\u2026 a potem opu\u015bci\u0142<\/h2>\n\n\n\n<p>Niedziela Palmowa to nie zwyk\u0142e \u015bwi\u0119to. Jest g\u0142\u0119boko dramatyczna.<\/p>\n\n\n\n<p>Upami\u0119tnia triumfalny wjazd Chrystusa do Jerozolimy, kiedy zosta\u0142 przyj\u0119ty jako Kr\u00f3l i Mesjasz przez t\u0142um, kt\u00f3ry macha\u0142 palmami i ga\u0142\u0105zkami oliwnymi, wo\u0142aj\u0105c:<\/p>\n\n\n\n<blockquote class=\"wp-block-quote is-layout-flow wp-block-quote-is-layout-flow\">\n<p>\u201eHosanna! B\u0142ogos\u0142awiony, kt\u00f3ry przychodzi w imi\u0119 Pana!\u201d (Mk 11,9)<\/p>\n<\/blockquote>\n\n\n\n<p>To wydarzenie oznacza pocz\u0105tek Wielkiego Tygodnia i zapowiada M\u0119k\u0119 Chrystusa.<\/p>\n\n\n\n<p>Ale tu pojawia si\u0119 zasadniczy punkt teologiczny, kt\u00f3rego nie mo\u017cemy ignorowa\u0107:<\/p>\n\n\n\n<p>\ud83d\udc49 <strong>Ten sam t\u0142um, kt\u00f3ry Go wiwatowa\u0142\u2026 kilka dni p\u00f3\u017aniej b\u0119dzie wo\u0142a\u0142: \u201eUkrzy\u017cuj Go!\u201d<\/strong><\/p>\n\n\n\n<p>Ten kontrast nie jest b\u0142ahym faktem historycznym. To zwierciad\u0142o ludzkiej duszy.<\/p>\n\n\n\n<ul class=\"wp-block-list\">\n<li>Dzi\u015b entuzjazm<\/li>\n\n\n\n<li>Jutro opuszczenie<\/li>\n\n\n\n<li>Dzi\u015b pobo\u017cno\u015b\u0107<\/li>\n\n\n\n<li>Jutro oboj\u0119tno\u015b\u0107<\/li>\n<\/ul>\n\n\n\n<p>Niedziela Palmowa nie celebruje tylko triumfalnego wjazdu. <strong>Ukazuje niekonsekwencj\u0119 ludzkiego serca<\/strong>.<\/p>\n\n\n\n<hr class=\"wp-block-separator has-alpha-channel-opacity\"\/>\n\n\n\n<h2 class=\"wp-block-heading\">2. Znaczenie ga\u0142\u0105zki: sakramental, nie talizman<\/h2>\n\n\n\n<p>B\u0142ogos\u0142awione ga\u0142\u0105zki nie s\u0105 przedmiotami dekoracyjnymi ani amuletami. S\u0105 <strong>sakramentalami<\/strong>, czyli znakami \u015bwi\u0119tymi, kt\u00f3re przygotowuj\u0105 dusz\u0119 do przyj\u0119cia \u0142aski.<\/p>\n\n\n\n<p>Ko\u015bci\u00f3\u0142 b\u0142ogos\u0142awi ga\u0142\u0105zki, aby nam przypomnie\u0107:<\/p>\n\n\n\n<ul class=\"wp-block-list\">\n<li>\u017be Chrystus jest Kr\u00f3lem<\/li>\n\n\n\n<li>\u017be powinni\u015bmy Go przyj\u0105\u0107 w nasze \u017cycie<\/li>\n\n\n\n<li>\u017be Jego kr\u00f3lestwo przechodzi przez Krzy\u017c<\/li>\n<\/ul>\n\n\n\n<p>Tradycyjnie:<\/p>\n\n\n\n<ul class=\"wp-block-list\">\n<li>Umieszcza si\u0119 je w domu jako znak wiary<\/li>\n\n\n\n<li>Przechowuje z szacunkiem<\/li>\n\n\n\n<li>Spala dla popio\u0142u na nast\u0119pny \u015arodek Popielcowy<\/li>\n<\/ul>\n\n\n\n<p>Ale tutaj pojawia si\u0119 niebezpiecze\u0144stwo:<\/p>\n\n\n\n<p>\ud83d\udc49 Kiedy ga\u0142\u0105zka przestaje by\u0107 znakiem\u2026 i staje si\u0119 przes\u0105dem.<\/p>\n\n\n\n<ul class=\"wp-block-list\">\n<li>\u201eK\u0142ad\u0119 j\u0105 za drzwiami, \u017ceby chroni\u0142a dom\u201d<\/li>\n\n\n\n<li>\u201eOdp\u0119dza z\u0142o\u201d<\/li>\n\n\n\n<li>\u201ePrzynosi szcz\u0119\u015bcie\u201d<\/li>\n<\/ul>\n\n\n\n<p>To nie jest wiara katolicka. To magia przebrana za religi\u0119.<\/p>\n\n\n\n<p>R\u00f3\u017cnica jest g\u0142\u0119boka:<\/p>\n\n\n\n<figure class=\"wp-block-table\"><table class=\"has-fixed-layout\"><thead><tr><th>Prawdziwa wiara<\/th><th>Przes\u0105d<\/th><\/tr><\/thead><tbody><tr><td>Ufno\u015b\u0107 w Bogu<\/td><td>Ufno\u015b\u0107 w przedmiot<\/td><\/tr><tr><td>Szukanie nawr\u00f3cenia<\/td><td>Szukanie automatycznej ochrony<\/td><\/tr><tr><td>Przemienia serce<\/td><td>Unika zobowi\u0105za\u0144<\/td><\/tr><\/tbody><\/table><\/figure>\n\n\n\n<hr class=\"wp-block-separator has-alpha-channel-opacity\"\/>\n\n\n\n<h2 class=\"wp-block-heading\">3. Powierzchowna pobo\u017cno\u015b\u0107: wielkie ryzyko naszych czas\u00f3w<\/h2>\n\n\n\n<p>\u017byjemy w kulturze natychmiastowo\u015bci, estetyki i emocji. I to r\u00f3wnie\u017c wp\u0142yn\u0119\u0142o na \u017cycie duchowe.<\/p>\n\n\n\n<p>Dzi\u015b \u0142atwo jest:<\/p>\n\n\n\n<ul class=\"wp-block-list\">\n<li>I\u015b\u0107 po\u015bwi\u0119ci\u0107 ga\u0142\u0105zki<\/li>\n\n\n\n<li>Zrobi\u0107 zdj\u0119cie<\/li>\n\n\n\n<li>Udost\u0119pni\u0107 je w mediach spo\u0142eczno\u015bciowych<\/li>\n\n\n\n<li>I zapomnie\u0107 o Bogu reszt\u0119 roku<\/li>\n<\/ul>\n\n\n\n<p>To nie jest karykatura. To rzeczywisto\u015b\u0107 duszpasterska.<\/p>\n\n\n\n<p>\ud83d\udc49 <strong>Niebezpiecze\u0144stwo polega nie na posiadaniu ga\u0142\u0105zek\u2026 lecz na braku nawr\u00f3cenia.<\/strong><\/p>\n\n\n\n<p>Chrystus nie szuka widz\u00f3w, lecz uczni\u00f3w.<\/p>\n\n\n\n<p>Nie chce t\u0142um\u00f3w, kt\u00f3re klaszcz\u0105\u2026 lecz dusz, kt\u00f3re trwaj\u0105.<\/p>\n\n\n\n<p>Jak sam m\u00f3wi:<\/p>\n\n\n\n<blockquote class=\"wp-block-quote is-layout-flow wp-block-quote-is-layout-flow\">\n<p>\u201eTen lud czci mnie ustami, ale serce ich jest daleko ode Mnie\u201d (Mt 15,8)<\/p>\n<\/blockquote>\n\n\n\n<hr class=\"wp-block-separator has-alpha-channel-opacity\"\/>\n\n\n\n<h2 class=\"wp-block-heading\">4. Prawdziwe znaczenie: wej\u015b\u0107 w M\u0119k\u0119 z Chrystusem<\/h2>\n\n\n\n<p>Niedziela Palmowa nie jest celem. To drzwi.<\/p>\n\n\n\n<p>Nie jest ko\u0144cem pobo\u017cno\u015bci, lecz pocz\u0105tkiem drogi:<\/p>\n\n\n\n<ul class=\"wp-block-list\">\n<li>Od entuzjazmu do Krzy\u017ca<\/li>\n\n\n\n<li>Od ga\u0142\u0105zki do Kalwarii<\/li>\n\n\n\n<li>Od okrzyku do po\u015bwi\u0119cenia<\/li>\n<\/ul>\n\n\n\n<p>Liturgicznie ten dzie\u0144 jest g\u0142\u0119boko wymowny:<\/p>\n\n\n\n<ul class=\"wp-block-list\">\n<li>Zaczyna si\u0119 rado\u015bci\u0105 (procesja)<\/li>\n\n\n\n<li>Ko\u0144czy M\u0119k\u0105<\/li>\n<\/ul>\n\n\n\n<p>To tak, jakby Ko\u015bci\u00f3\u0142 m\u00f3wi\u0142 nam:<\/p>\n\n\n\n<p>\ud83d\udc49 \u201eNie zatrzymuj si\u0119 przy ga\u0142\u0105zce. Id\u017a a\u017c do Krzy\u017ca.\u201d<\/p>\n\n\n\n<p>Bo pod\u0105\u017canie za Chrystusem oznacza:<\/p>\n\n\n\n<ul class=\"wp-block-list\">\n<li>Wyrzeczenie si\u0119 grzechu<\/li>\n\n\n\n<li>Codzienne noszenie krzy\u017ca<\/li>\n\n\n\n<li>Trwanie wiernie nawet w ciemno\u015bci<\/li>\n<\/ul>\n\n\n\n<hr class=\"wp-block-separator has-alpha-channel-opacity\"\/>\n\n\n\n<h2 class=\"wp-block-heading\">5. Zastosowania praktyczne: jak \u017cy\u0107 autentyczn\u0105 pobo\u017cno\u015bci\u0105<\/h2>\n\n\n\n<p>Tu wszystko staje si\u0119 konkretne. Bo wiary nie mierzy si\u0119 emocjami, lecz \u017cyciem.<\/p>\n\n\n\n<h3 class=\"wp-block-heading\">1. Nie ograniczaj si\u0119 do gestu<\/h3>\n\n\n\n<p>Niesienie ga\u0142\u0105zki jest dobre. Ale zapytaj siebie:<\/p>\n\n\n\n<ul class=\"wp-block-list\">\n<li>Czy przygotowa\u0142em swoj\u0105 dusz\u0119?<\/li>\n\n\n\n<li>Czy jestem w stanie \u0142aski?<\/li>\n\n\n\n<li>Czy wyspowiada\u0142em swoje grzechy?<\/li>\n<\/ul>\n\n\n\n<h3 class=\"wp-block-heading\">2. Uczy\u0144 sw\u00f3j dom miejscem wiary, a nie przes\u0105du<\/h3>\n\n\n\n<p>Umie\u015b\u0107 ga\u0142\u0105zk\u0119 jako przypomnienie o Chrystusie Kr\u00f3lu, nie jako przedmiot magiczny.<\/p>\n\n\n\n<p>Za ka\u017cdym razem, gdy j\u0105 widzisz, pytaj siebie:<\/p>\n\n\n\n<p>\ud83d\udc49 \u201eCzy pozwalam Chrystusowi panowa\u0107 w moim \u017cyciu?\u201d<\/p>\n\n\n\n<h3 class=\"wp-block-heading\">3. Prze\u017cywaj ca\u0142y Wielki Tydzie\u0144<\/h3>\n\n\n\n<p>Niedziela Palmowa nie wystarczy.<\/p>\n\n\n\n<ul class=\"wp-block-list\">\n<li>Wielki Czwartek: Eucharystia<\/li>\n\n\n\n<li>Wielki Pi\u0105tek: Krzy\u017c<\/li>\n\n\n\n<li>Wigilia Paschalna: Zmartwychwstanie<\/li>\n<\/ul>\n\n\n\n<p>Ga\u0142\u0105zka bez Krzy\u017ca\u2026 nie ma sensu.<\/p>\n\n\n\n<h3 class=\"wp-block-heading\">4. B\u0105d\u017a konsekwentny<\/h3>\n\n\n\n<p>Nie b\u0105d\u017a cz\u0119\u015bci\u0105 t\u0142umu, kt\u00f3ry zmienia zdanie.<\/p>\n\n\n\n<ul class=\"wp-block-list\">\n<li>B\u0105d\u017a wierny w ma\u0142ych rzeczach<\/li>\n\n\n\n<li>B\u0105d\u017a wytrwa\u0142y w modlitwie<\/li>\n\n\n\n<li>B\u0105d\u017a sta\u0142y w prawdzie<\/li>\n<\/ul>\n\n\n\n<h3 class=\"wp-block-heading\">5. Przejd\u017a od emocji do decyzji<\/h3>\n\n\n\n<p>Wiara to nie tylko uczucie. To decyzja.<\/p>\n\n\n\n<ul class=\"wp-block-list\">\n<li>Zdecydowa\u0107 si\u0119 przebaczy\u0107<\/li>\n\n\n\n<li>Zdecydowa\u0107 si\u0119 zmieni\u0107<\/li>\n\n\n\n<li>Zdecydowa\u0107 si\u0119 i\u015b\u0107 za Chrystusem<\/li>\n<\/ul>\n\n\n\n<hr class=\"wp-block-separator has-alpha-channel-opacity\"\/>\n\n\n\n<h2 class=\"wp-block-heading\">6. Pilne wezwanie: od pozor\u00f3w do nawr\u00f3cenia<\/h2>\n\n\n\n<p>Dzi\u015b bardziej ni\u017c kiedykolwiek Ko\u015bci\u00f3\u0142 potrzebuje autentycznych chrze\u015bcijan.<\/p>\n\n\n\n<p>Nie wystarczy mie\u0107:<\/p>\n\n\n\n<ul class=\"wp-block-list\">\n<li>Dziedziczone tradycje<\/li>\n\n\n\n<li>Zewn\u0119trzne obrz\u0119dy<\/li>\n\n\n\n<li>Kulturalne zwyczaje<\/li>\n<\/ul>\n\n\n\n<p>B\u00f3g szuka serc.<\/p>\n\n\n\n<p>Wielka tragedia nie polega na tym, \u017ce w r\u0119kach jest mniej ga\u0142\u0105zek\u2026<br>\ud83d\udc49 lecz na tym, \u017ce w duszach jest mniej wiary.<\/p>\n\n\n\n<hr class=\"wp-block-separator has-alpha-channel-opacity\"\/>\n\n\n\n<h2 class=\"wp-block-heading\">Zako\u0144czenie: Hosanna czy Ukrzy\u017cuj Go?<\/h2>\n\n\n\n<p>Niedziela Palmowa stawia nas przed radykalnym wyborem.<\/p>\n\n\n\n<p>Nie mi\u0119dzy p\u00f3j\u015bciem a niep\u00f3j\u015bciem na Msz\u0119.<br>Nie mi\u0119dzy niesieniem ga\u0142\u0105zki a jej niezniesieniem.<\/p>\n\n\n\n<p>Lecz mi\u0119dzy:<\/p>\n\n\n\n<ul class=\"wp-block-list\">\n<li><strong>Powierzchown\u0105 wiar\u0105\u2026 a \u017cyciem przemienionym<\/strong><\/li>\n\n\n\n<li><strong>Chrze\u015bcija\u0144stwem kulturowym\u2026 a prawdziwym uczniostwem<\/strong><\/li>\n<\/ul>\n\n\n\n<p>Bo ostatecznie wszyscy jeste\u015bmy w t\u0142umie.<\/p>\n\n\n\n<p>Jedynym pytaniem jest:<\/p>\n\n\n\n<p>\ud83d\udc49 <strong>Co wo\u0142amy swoim \u017cyciem?<\/strong><\/p>\n\n\n\n<p>\u201eHosanna\u201d tylko na jeden dzie\u0144\u2026<br>czy wierno\u015b\u0107 a\u017c do Krzy\u017ca?<\/p>\n\n\n\n<p><\/p>\n","protected":false},"excerpt":{"rendered":"<p>Wprowadzenie: gdy gest zast\u0119puje serce Ka\u017cdego roku tysi\u0105ce wiernych id\u0105 do ko\u015bcio\u0142a z ga\u0142\u0105zkami w r\u0119kach. Plecione palmy, ga\u0142\u0105zki oliwne, a nawet ma\u0142e krzy\u017cyki wykonane starannie. To pi\u0119kny gest, pe\u0142en tradycji, g\u0142\u0119boko zakorzeniony w \u017cyciu katolickim. Ale pojawia si\u0119 niewygodne pytanie: Czy niesiemy ga\u0142\u0105zki\u2026 czy niesiemy Chrystusa? Duchowe ryzyko naszych czas\u00f3w nie polega tak bardzo &hellip;<\/p>\n","protected":false},"author":3,"featured_media":5565,"comment_status":"closed","ping_status":"closed","sticky":false,"template":"","format":"standard","meta":{"_seopress_robots_primary_cat":"","_seopress_titles_title":"","_seopress_titles_desc":"","_seopress_robots_index":"","footnotes":""},"categories":[66,41],"tags":[612],"class_list":["post-5564","post","type-post","status-publish","format-standard","has-post-thumbnail","","category-kultura-popularna-i-katolicyzm","category-wiara-i-kultura","tag-niedziela-palmowa"],"_links":{"self":[{"href":"https:\/\/catholicus.eu\/pl\/wp-json\/wp\/v2\/posts\/5564","targetHints":{"allow":["GET"]}}],"collection":[{"href":"https:\/\/catholicus.eu\/pl\/wp-json\/wp\/v2\/posts"}],"about":[{"href":"https:\/\/catholicus.eu\/pl\/wp-json\/wp\/v2\/types\/post"}],"author":[{"embeddable":true,"href":"https:\/\/catholicus.eu\/pl\/wp-json\/wp\/v2\/users\/3"}],"replies":[{"embeddable":true,"href":"https:\/\/catholicus.eu\/pl\/wp-json\/wp\/v2\/comments?post=5564"}],"version-history":[{"count":1,"href":"https:\/\/catholicus.eu\/pl\/wp-json\/wp\/v2\/posts\/5564\/revisions"}],"predecessor-version":[{"id":5566,"href":"https:\/\/catholicus.eu\/pl\/wp-json\/wp\/v2\/posts\/5564\/revisions\/5566"}],"wp:featuredmedia":[{"embeddable":true,"href":"https:\/\/catholicus.eu\/pl\/wp-json\/wp\/v2\/media\/5565"}],"wp:attachment":[{"href":"https:\/\/catholicus.eu\/pl\/wp-json\/wp\/v2\/media?parent=5564"}],"wp:term":[{"taxonomy":"category","embeddable":true,"href":"https:\/\/catholicus.eu\/pl\/wp-json\/wp\/v2\/categories?post=5564"},{"taxonomy":"post_tag","embeddable":true,"href":"https:\/\/catholicus.eu\/pl\/wp-json\/wp\/v2\/tags?post=5564"}],"curies":[{"name":"wp","href":"https:\/\/api.w.org\/{rel}","templated":true}]}}