{"id":5555,"date":"2026-03-27T22:40:34","date_gmt":"2026-03-27T21:40:34","guid":{"rendered":"https:\/\/catholicus.eu\/pl\/?p=5555"},"modified":"2026-03-27T22:40:34","modified_gmt":"2026-03-27T21:40:34","slug":"gdy-wiara-staje-sie-zyciem-dyrektorium-o-poboznosci-ludowej-i-liturgii-zapomniany-skarb-ktory-moze-przemienic-twoja-codziennosc","status":"publish","type":"post","link":"https:\/\/catholicus.eu\/pl\/gdy-wiara-staje-sie-zyciem-dyrektorium-o-poboznosci-ludowej-i-liturgii-zapomniany-skarb-ktory-moze-przemienic-twoja-codziennosc\/","title":{"rendered":"Gdy wiara staje si\u0119 \u017cyciem: \u201eDyrektorium o pobo\u017cno\u015bci ludowej i liturgii\u201d \u2013 zapomniany skarb, kt\u00f3ry mo\u017ce przemieni\u0107 twoj\u0105 codzienno\u015b\u0107"},"content":{"rendered":"\n<p>W szybkim, rozbitym i cz\u0119sto oderwanym od sacrum \u015bwiecie Ko\u015bci\u00f3\u0142 katolicki daje nam zaskakuj\u0105co aktualny kompas duchowy: <strong>Dyrektorium o pobo\u017cno\u015bci ludowej i liturgii<\/strong>. Dokument ten, opublikowany przez <strong>Kongregacja ds. Kultu Bo\u017cego i Dyscypliny Sakrament\u00f3w<\/strong> w 2001 roku, nie jest zwyk\u0142ym podr\u0119cznikiem liturgicznym, lecz prawdziwym przewodnikiem duszpasterskim, kt\u00f3ry pomaga zharmonizowa\u0107 wiar\u0119 celebrowan\u0105 w liturgii z wiar\u0105 prze\u017cywan\u0105 w codziennym \u017cyciu ludu chrze\u015bcija\u0144skiego.<\/p>\n\n\n\n<p>Ale\u2026 co to naprawd\u0119 oznacza? Dlaczego jest to dzi\u015b tak wa\u017cne? I jak mo\u017ce konkretnie przemieni\u0107 twoje \u017cycie duchowe?<\/p>\n\n\n\n<hr class=\"wp-block-separator has-alpha-channel-opacity\"\/>\n\n\n\n<h2 class=\"wp-block-heading\"><strong>1. Czym jest Dyrektorium o pobo\u017cno\u015bci ludowej i liturgii?<\/strong><\/h2>\n\n\n\n<p>Dyrektorium jest oficjalnym nauczaniem Ko\u015bcio\u0142a, kt\u00f3re stara si\u0119 ukaza\u0107 relacj\u0119 mi\u0119dzy dwiema fundamentalnymi rzeczywisto\u015bciami \u017cycia chrze\u015bcija\u0144skiego:<\/p>\n\n\n\n<ul class=\"wp-block-list\">\n<li><strong>Liturgi\u0105<\/strong>, zw\u0142aszcza Msz\u0105 \u015awi\u0119t\u0105 i sakramentami<\/li>\n\n\n\n<li><strong>Pobo\u017cno\u015bci\u0105 ludow\u0105<\/strong>, czyli nabo\u017ce\u0144stwami, procesjami, r\u00f3\u017ca\u0144cem, nowennami, pielgrzymkami i prostymi wyrazami wiary ludu<\/li>\n<\/ul>\n\n\n\n<p>Zamiast je przeciwstawia\u0107, dokument jasno stwierdza:<br>\ud83d\udc49 <strong>liturgia jest centrum, ale pobo\u017cno\u015b\u0107 ludowa jest jej \u017cywym przed\u0142u\u017ceniem w sercu ludu.<\/strong><\/p>\n\n\n\n<p>Ta idea g\u0142\u0119boko \u0142\u0105czy si\u0119 z nauczaniem <strong>Sob\u00f3r Watyka\u0144ski II<\/strong>, kt\u00f3ry okre\u015bli\u0142 liturgi\u0119 jako \u201e\u017ar\u00f3d\u0142o i szczyt ca\u0142ego \u017cycia chrze\u015bcija\u0144skiego\u201d (<em>Sacrosanctum Concilium<\/em>, 10).<\/p>\n\n\n\n<hr class=\"wp-block-separator has-alpha-channel-opacity\"\/>\n\n\n\n<h2 class=\"wp-block-heading\"><strong>2. Korzenie historyczne: wiara wcielona w lud<\/strong><\/h2>\n\n\n\n<p>Od pierwszych wiek\u00f3w chrze\u015bcija\u0144stwa wierni nie tylko sprawowali Eucharysti\u0119, ale tak\u017ce wyra\u017cali swoj\u0105 wiar\u0119 poprzez codzienne gesty:<\/p>\n\n\n\n<ul class=\"wp-block-list\">\n<li>Pielgrzymki do miejsc \u015bwi\u0119tych<\/li>\n\n\n\n<li>Kult relikwii<\/li>\n\n\n\n<li>Modlitwa w rodzinie<\/li>\n\n\n\n<li>Posty i praktyki pokutne<\/li>\n<\/ul>\n\n\n\n<p>Z biegiem czasu powsta\u0142a bogata tradycja: r\u00f3\u017caniec, droga krzy\u017cowa, procesje Bo\u017cego Cia\u0142a, nabo\u017ce\u0144stwa maryjne\u2026<\/p>\n\n\n\n<p>Te praktyki nie s\u0105 \u201edodatkami folklorystycznymi\u201d, lecz <strong>odpowiedzi\u0105 wierz\u0105cego serca na misterium Boga<\/strong>.<\/p>\n\n\n\n<p>Dyrektorium uznaje t\u0119 warto\u015b\u0107 i stwierdza, \u017ce pobo\u017cno\u015b\u0107 ludowa jest:<\/p>\n\n\n\n<blockquote class=\"wp-block-quote is-layout-flow wp-block-quote-is-layout-flow\">\n<p>\u201eprawdziwym wyrazem sensus fidei Ludu Bo\u017cego\u201d.<\/p>\n<\/blockquote>\n\n\n\n<hr class=\"wp-block-separator has-alpha-channel-opacity\"\/>\n\n\n\n<h2 class=\"wp-block-heading\"><strong>3. Klucz teologiczny: dlaczego to jest tak wa\u017cne?<\/strong><\/h2>\n\n\n\n<p>Tutaj znajduje si\u0119 g\u0142\u0119bokie serce dokumentu.<\/p>\n\n\n\n<h3 class=\"wp-block-heading\"><strong>3.1. Wcielenie wiary<\/strong><\/h3>\n\n\n\n<p>B\u00f3g nie objawia si\u0119 w spos\u00f3b abstrakcyjny, lecz konkretny. W <strong>Jezus Chrystus<\/strong> B\u00f3g staje si\u0119 cia\u0142em, histori\u0105, kultur\u0105.<\/p>\n\n\n\n<p>Dlatego wiara wyra\u017ca si\u0119 tak\u017ce w rzeczywisto\u015bciach ludzkich:<\/p>\n\n\n\n<ul class=\"wp-block-list\">\n<li>W zapalonej \u015bwiecy<\/li>\n\n\n\n<li>W czczonym obrazie<\/li>\n\n\n\n<li>W procesji ulicami<\/li>\n\n\n\n<li>W prostej modlitwie<\/li>\n<\/ul>\n\n\n\n<p>Pobo\u017cno\u015b\u0107 ludowa jest wi\u0119c <strong>przed\u0142u\u017ceniem Wcielenia w \u017cyciu ludu<\/strong>.<\/p>\n\n\n\n<hr class=\"wp-block-separator has-alpha-channel-opacity\"\/>\n\n\n\n<h3 class=\"wp-block-heading\"><strong>3.2. Liturgia i pobo\u017cno\u015b\u0107: uporz\u0105dkowana relacja<\/strong><\/h3>\n\n\n\n<p>Dyrektorium ustanawia podstawow\u0105 zasad\u0119:<\/p>\n\n\n\n<ul class=\"wp-block-list\">\n<li>\u274c Pobo\u017cno\u015b\u0107 ludowa nie <strong>zast\u0119puje<\/strong> liturgii<\/li>\n\n\n\n<li>\u274c Nie powinna jej zniekszta\u0142ca\u0107<\/li>\n\n\n\n<li>\u2705 Powinna <strong>prowadzi\u0107 do niej<\/strong><\/li>\n<\/ul>\n\n\n\n<p>Liturgia jest centrum obiektywnym (Chrystus dzia\u0142aj\u0105cy w sakramentach).<br>Pobo\u017cno\u015b\u0107 ludowa jest odpowiedzi\u0105 subiektywn\u0105 (serce wierz\u0105cego przyjmuj\u0105ce to misterium).<\/p>\n\n\n\n<hr class=\"wp-block-separator has-alpha-channel-opacity\"\/>\n\n\n\n<h3 class=\"wp-block-heading\"><strong>3.3. Pedagogia duchowa<\/strong><\/h3>\n\n\n\n<p>Pobo\u017cno\u015b\u0107 ludowa ma ogromn\u0105 warto\u015b\u0107 katechetyczn\u0105:<\/p>\n\n\n\n<ul class=\"wp-block-list\">\n<li>Uczy wiary prostych ludzi<\/li>\n\n\n\n<li>Przekazuje tradycj\u0119 z pokolenia na pokolenie<\/li>\n\n\n\n<li>Wprowadza w misterium bez potrzeby wielkich traktat\u00f3w<\/li>\n<\/ul>\n\n\n\n<p>Jest w pewnym sensie <strong>teologi\u0105 ludu<\/strong>.<\/p>\n\n\n\n<hr class=\"wp-block-separator has-alpha-channel-opacity\"\/>\n\n\n\n<h2 class=\"wp-block-heading\"><strong>4. \u015awiat\u0142o dla naszych czas\u00f3w: kryzys i szansa<\/strong><\/h2>\n\n\n\n<p>Dzi\u015b \u017cyjemy w paradoksie:<\/p>\n\n\n\n<ul class=\"wp-block-list\">\n<li>Z jednej strony sekularyzacja i oboj\u0119tno\u015b\u0107 religijna<\/li>\n\n\n\n<li>Z drugiej intensywne poszukiwanie duchowe<\/li>\n<\/ul>\n\n\n\n<p>W tym kontek\u015bcie Dyrektorium jest prorocze.<\/p>\n\n\n\n<hr class=\"wp-block-separator has-alpha-channel-opacity\"\/>\n\n\n\n<h3 class=\"wp-block-heading\"><strong>4.1. Przeciw ch\u0142odowi: ciep\u0142o wiary<\/strong><\/h3>\n\n\n\n<p>Wiele os\u00f3b oddala si\u0119 od liturgii, poniewa\u017c wydaje si\u0119 ona odleg\u0142a i niezrozumia\u0142a.<br>Pobo\u017cno\u015b\u0107 ludowa natomiast <strong>porusza serce<\/strong>.<\/p>\n\n\n\n<p>R\u00f3\u017caniec odmawiany w rodzinie, procesja, adoracja Naj\u015bwi\u0119tszego Sakramentu\u2026<br>\ud83d\udc49 To s\u0105 bramy prowadz\u0105ce do Boga.<\/p>\n\n\n\n<hr class=\"wp-block-separator has-alpha-channel-opacity\"\/>\n\n\n\n<h3 class=\"wp-block-heading\"><strong>4.2. Przeciw indywidualizmowi: wsp\u00f3lnota<\/strong><\/h3>\n\n\n\n<p>Przejawy pobo\u017cno\u015bci ludowej buduj\u0105 wsp\u00f3lnot\u0119:<\/p>\n\n\n\n<ul class=\"wp-block-list\">\n<li>Wsp\u00f3lne pielgrzymowanie<\/li>\n\n\n\n<li>Wsp\u00f3lna modlitwa<\/li>\n\n\n\n<li>Wsp\u00f3lne \u015bwi\u0119towanie<\/li>\n<\/ul>\n\n\n\n<p>Wiara przestaje by\u0107 prywatna i staje si\u0119 <strong>\u017cyciem dzielonym z innymi<\/strong>.<\/p>\n\n\n\n<hr class=\"wp-block-separator has-alpha-channel-opacity\"\/>\n\n\n\n<h3 class=\"wp-block-heading\"><strong>4.3. Przeciw relatywizmowi: to\u017csamo\u015b\u0107<\/strong><\/h3>\n\n\n\n<p>Pobo\u017cno\u015b\u0107 ludowa zakorzenia wiar\u0119 w konkretnej kulturze, nadaj\u0105c chrze\u015bcija\u0144sk\u0105 to\u017csamo\u015b\u0107 ca\u0142ym narodom.<\/p>\n\n\n\n<hr class=\"wp-block-separator has-alpha-channel-opacity\"\/>\n\n\n\n<h2 class=\"wp-block-heading\"><strong>5. \u015awiat\u0142o biblijne: wiara prze\u017cywana w konkretnych gestach<\/strong><\/h2>\n\n\n\n<p>Pismo \u015awi\u0119te ukazuje, \u017ce wiara zawsze wyra\u017ca si\u0119 poprzez znaki widzialne.<\/p>\n\n\n\n<p>Przypomnijmy ten fragment:<\/p>\n\n\n\n<blockquote class=\"wp-block-quote is-layout-flow wp-block-quote-is-layout-flow\">\n<p>\u201eTen lud czci Mnie wargami, lecz sercem swym daleko jest ode Mnie\u201d<br>(por. <strong>Ewangelia wed\u0142ug \u015bw. Mateusza<\/strong>)<\/p>\n<\/blockquote>\n\n\n\n<p>Jezus nie odrzuca gest\u00f3w zewn\u0119trznych, lecz ob\u0142ud\u0119.<br>Kluczem nie jest wi\u0119c usuni\u0119cie pobo\u017cno\u015bci ludowej, ale <strong>prze\u017cywanie jej z autentyczn\u0105 wewn\u0119trzno\u015bci\u0105<\/strong>.<\/p>\n\n\n\n<p>Znajdujemy te\u017c przyk\u0142ady pozytywne:<\/p>\n\n\n\n<ul class=\"wp-block-list\">\n<li>Kobieta dotykaj\u0105ca p\u0142aszcza Jezusa (Mk 5,25\u201334)<\/li>\n\n\n\n<li>U\u017cycie oleju, na\u0142o\u017cenie r\u0105k, znaki widzialne<\/li>\n<\/ul>\n\n\n\n<p>\ud83d\udc49 B\u00f3g dzia\u0142a poprzez to, co zmys\u0142owe.<\/p>\n\n\n\n<hr class=\"wp-block-separator has-alpha-channel-opacity\"\/>\n\n\n\n<h2 class=\"wp-block-heading\"><strong>6. Zastosowania praktyczne: jak \u017cy\u0107 Dyrektorium dzisiaj<\/strong><\/h2>\n\n\n\n<p>Oto najwa\u017cniejsze: jak wprowadzi\u0107 je w \u017cycie.<\/p>\n\n\n\n<hr class=\"wp-block-separator has-alpha-channel-opacity\"\/>\n\n\n\n<h3 class=\"wp-block-heading\"><strong>6.1. Odkryj na nowo tradycyjne nabo\u017ce\u0144stwa<\/strong><\/h3>\n\n\n\n<ul class=\"wp-block-list\">\n<li>Odmawiaj r\u00f3\u017caniec \u015bwiadomie, a nie mechanicznie<\/li>\n\n\n\n<li>Prze\u017cywaj drog\u0119 krzy\u017cow\u0105 w Wielkim Po\u015bcie<\/li>\n\n\n\n<li>\u015awi\u0119tuj uroczysto\u015bci liturgiczne w spos\u00f3b pog\u0142\u0119biony<\/li>\n<\/ul>\n\n\n\n<p>To nie s\u0105 rutyny, lecz drogi spotkania z Bogiem.<\/p>\n\n\n\n<hr class=\"wp-block-separator has-alpha-channel-opacity\"\/>\n\n\n\n<h3 class=\"wp-block-heading\"><strong>6.2. Zawsze \u0142\u0105cz pobo\u017cno\u015b\u0107 z liturgi\u0105<\/strong><\/h3>\n\n\n\n<ul class=\"wp-block-list\">\n<li>Nabo\u017ce\u0144stwo powinno prowadzi\u0107 do Mszy<\/li>\n\n\n\n<li>Msza powinna karmi\u0107 twoj\u0105 pobo\u017cno\u015b\u0107<\/li>\n<\/ul>\n\n\n\n<p>Przyk\u0142ad praktyczny:<br>\ud83d\udc49 Modlitwa przed lub po Komunii przed\u0142u\u017ca \u0142ask\u0119 sakramentu.<\/p>\n\n\n\n<hr class=\"wp-block-separator has-alpha-channel-opacity\"\/>\n\n\n\n<h3 class=\"wp-block-heading\"><strong>6.3. Dbaj o znaki<\/strong><\/h3>\n\n\n\n<ul class=\"wp-block-list\">\n<li>\u015awieca zapalona z wiar\u0105<\/li>\n\n\n\n<li>Gest czci<\/li>\n\n\n\n<li>Dobrze prze\u017cyte milczenie<\/li>\n<\/ul>\n\n\n\n<p>Te ma\u0142e akty kszta\u0142tuj\u0105 dusz\u0119.<\/p>\n\n\n\n<hr class=\"wp-block-separator has-alpha-channel-opacity\"\/>\n\n\n\n<h3 class=\"wp-block-heading\"><strong>6.4. Prze\u017cywaj wiar\u0119 w rodzinie<\/strong><\/h3>\n\n\n\n<p>Pobo\u017cno\u015b\u0107 ludowa jest szczeg\u00f3lnie silna w domu:<\/p>\n\n\n\n<ul class=\"wp-block-list\">\n<li>B\u0142ogos\u0142awienie sto\u0142u<\/li>\n\n\n\n<li>Wsp\u00f3lna modlitwa<\/li>\n\n\n\n<li>Obecno\u015b\u0107 \u015bwi\u0119tych obraz\u00f3w<\/li>\n<\/ul>\n\n\n\n<p>\ud83d\udc49 Dom staje si\u0119 \u201eKo\u015bcio\u0142em domowym\u201d.<\/p>\n\n\n\n<hr class=\"wp-block-separator has-alpha-channel-opacity\"\/>\n\n\n\n<h3 class=\"wp-block-heading\"><strong>6.5. Oczyszczaj, nie niszcz<\/strong><\/h3>\n\n\n\n<p>Dyrektorium ostrzega tak\u017ce:<br>nie ka\u017cda praktyka ludowa jest doskona\u0142a.<\/p>\n\n\n\n<p>Dlatego proponuje:<\/p>\n\n\n\n<ul class=\"wp-block-list\">\n<li>Oczyszczanie przes\u0105d\u00f3w<\/li>\n\n\n\n<li>Unikanie przesady<\/li>\n\n\n\n<li>Skupienie wszystkiego na Chrystusie<\/li>\n<\/ul>\n\n\n\n<hr class=\"wp-block-separator has-alpha-channel-opacity\"\/>\n\n\n\n<h2 class=\"wp-block-heading\"><strong>7. G\u0142\u0119boka synteza: serce i o\u0142tarz<\/strong><\/h2>\n\n\n\n<p>Wielkie przes\u0142anie Dyrektorium jest nast\u0119puj\u0105ce:<\/p>\n\n\n\n<p>\ud83d\udc49 <strong>Wiara nie mo\u017ce pozosta\u0107 w \u015bwi\u0105tyni, ale nie mo\u017ce te\u017c bez niej istnie\u0107.<\/strong><\/p>\n\n\n\n<p>Potrzebujemy:<\/p>\n\n\n\n<ul class=\"wp-block-list\">\n<li><strong>Liturgii<\/strong>, kt\u00f3ra daje nam Chrystusa obiektywnie<\/li>\n\n\n\n<li><strong>Pobo\u017cno\u015bci ludowej<\/strong>, kt\u00f3ra sprawia, \u017ce Chrystus zamieszkuje w naszym konkretnym \u017cyciu<\/li>\n<\/ul>\n\n\n\n<hr class=\"wp-block-separator has-alpha-channel-opacity\"\/>\n\n\n\n<h2 class=\"wp-block-heading\"><strong>Zako\u0144czenie: gdy wiara staje si\u0119 \u017cyciem<\/strong><\/h2>\n\n\n\n<p><strong>Dyrektorium o pobo\u017cno\u015bci ludowej i liturgii<\/strong> nie jest dokumentem przesz\u0142o\u015bci. To pilne wezwanie na dzi\u015b.<\/p>\n\n\n\n<p>W \u015bwiecie, kt\u00f3ry szuka do\u015bwiadcze\u0144, Ko\u015bci\u00f3\u0142 odpowiada:<br>\ud83d\udc49 <strong>prawdziwe do\u015bwiadczenie Boga znajduje si\u0119 w jedno\u015bci liturgii i \u017cycia.<\/strong><\/p>\n\n\n\n<p>Je\u015bli przyjmiesz t\u0119 drog\u0119:<\/p>\n\n\n\n<ul class=\"wp-block-list\">\n<li>Twoja modlitwa stanie si\u0119 g\u0142\u0119bsza<\/li>\n\n\n\n<li>Twoja wiara b\u0119dzie bardziej wcielona<\/li>\n\n\n\n<li>Twoje codzienne \u017cycie nabierze sensu<\/li>\n<\/ul>\n\n\n\n<p>Bo ostatecznie celem nie jest tylko \u201epraktykowanie religii\u201d, lecz <strong>\u017cycie w komunii z Bogiem w ka\u017cdym ge\u015bcie, ka\u017cdego dnia, w ka\u017cdym uderzeniu serca<\/strong>.<\/p>\n\n\n\n<p>I w\u0142a\u015bnie tam\u2014dok\u0142adnie tam\u2014pobo\u017cno\u015b\u0107 ludowa, w\u0142a\u015bciwie prze\u017cywana, staje si\u0119 mostem do Nieba.<\/p>\n","protected":false},"excerpt":{"rendered":"<p>W szybkim, rozbitym i cz\u0119sto oderwanym od sacrum \u015bwiecie Ko\u015bci\u00f3\u0142 katolicki daje nam zaskakuj\u0105co aktualny kompas duchowy: Dyrektorium o pobo\u017cno\u015bci ludowej i liturgii. Dokument ten, opublikowany przez Kongregacja ds. Kultu Bo\u017cego i Dyscypliny Sakrament\u00f3w w 2001 roku, nie jest zwyk\u0142ym podr\u0119cznikiem liturgicznym, lecz prawdziwym przewodnikiem duszpasterskim, kt\u00f3ry pomaga zharmonizowa\u0107 wiar\u0119 celebrowan\u0105 w liturgii z wiar\u0105 &hellip;<\/p>\n","protected":false},"author":3,"featured_media":5556,"comment_status":"closed","ping_status":"closed","sticky":false,"template":"","format":"standard","meta":{"_seopress_robots_primary_cat":"","_seopress_titles_title":"","_seopress_titles_desc":"","_seopress_robots_index":"","footnotes":""},"categories":[38,51],"tags":[],"class_list":["post-5555","post","type-post","status-publish","format-standard","has-post-thumbnail","","category-historia-i-tradycja","category-magisterium-kosciola"],"_links":{"self":[{"href":"https:\/\/catholicus.eu\/pl\/wp-json\/wp\/v2\/posts\/5555","targetHints":{"allow":["GET"]}}],"collection":[{"href":"https:\/\/catholicus.eu\/pl\/wp-json\/wp\/v2\/posts"}],"about":[{"href":"https:\/\/catholicus.eu\/pl\/wp-json\/wp\/v2\/types\/post"}],"author":[{"embeddable":true,"href":"https:\/\/catholicus.eu\/pl\/wp-json\/wp\/v2\/users\/3"}],"replies":[{"embeddable":true,"href":"https:\/\/catholicus.eu\/pl\/wp-json\/wp\/v2\/comments?post=5555"}],"version-history":[{"count":1,"href":"https:\/\/catholicus.eu\/pl\/wp-json\/wp\/v2\/posts\/5555\/revisions"}],"predecessor-version":[{"id":5557,"href":"https:\/\/catholicus.eu\/pl\/wp-json\/wp\/v2\/posts\/5555\/revisions\/5557"}],"wp:featuredmedia":[{"embeddable":true,"href":"https:\/\/catholicus.eu\/pl\/wp-json\/wp\/v2\/media\/5556"}],"wp:attachment":[{"href":"https:\/\/catholicus.eu\/pl\/wp-json\/wp\/v2\/media?parent=5555"}],"wp:term":[{"taxonomy":"category","embeddable":true,"href":"https:\/\/catholicus.eu\/pl\/wp-json\/wp\/v2\/categories?post=5555"},{"taxonomy":"post_tag","embeddable":true,"href":"https:\/\/catholicus.eu\/pl\/wp-json\/wp\/v2\/tags?post=5555"}],"curies":[{"name":"wp","href":"https:\/\/api.w.org\/{rel}","templated":true}]}}