{"id":5473,"date":"2026-03-23T20:46:10","date_gmt":"2026-03-23T19:46:10","guid":{"rendered":"https:\/\/catholicus.eu\/pl\/?p=5473"},"modified":"2026-03-23T20:46:10","modified_gmt":"2026-03-23T19:46:10","slug":"praesto-sum-oto-jestem-panie-zapomniana-duchowosc-ktora-moze-dzis-przemienic-twoje-zycie","status":"publish","type":"post","link":"https:\/\/catholicus.eu\/pl\/praesto-sum-oto-jestem-panie-zapomniana-duchowosc-ktora-moze-dzis-przemienic-twoje-zycie\/","title":{"rendered":"\u201ePraesto Sum: Oto jestem, Panie\u201d \u2014 Zapomniana duchowo\u015b\u0107, kt\u00f3ra mo\u017ce dzi\u015b przemieni\u0107 twoje \u017cycie"},"content":{"rendered":"\n<p>S\u0105 s\u0142owa, kt\u00f3re nie s\u0105 tylko s\u0142owami. S\u0105 decyzjami. S\u0105 oddaniem. S\u0105 ogniem.<\/p>\n\n\n\n<p><strong>\u201ePraesto sum\u201d<\/strong> \u2014 po \u0142acinie \u2014 oznacza: <em>\u201eJestem obecny\u201d, \u201eOto jestem\u201d, \u201eJestem got\u00f3w\u201d.<\/em> To nie jest ozdobna formu\u0142a dawnej duchowo\u015bci. To radykalne wyznanie, kt\u00f3re przenika ca\u0142e Pismo \u015awi\u0119te i okre\u015bla \u017cycie \u015bwi\u0119tych.<\/p>\n\n\n\n<p>W \u015bwiecie naznaczonym rozproszeniem, po\u015bpiechem i ucieczk\u0105 od zobowi\u0105za\u0144, odkrycie na nowo g\u0142\u0119bokiego sensu tego \u201eoto jestem\u201d mo\u017ce sta\u0107 si\u0119 prawdziw\u0105 wewn\u0119trzn\u0105 rewolucj\u0105.<\/p>\n\n\n\n<p>Ten artyku\u0142 nie jest tylko po to, by zrozumie\u0107 ten koncept. Jest po to, by nim \u017cy\u0107.<\/p>\n\n\n\n<hr class=\"wp-block-separator has-alpha-channel-opacity\"\/>\n\n\n\n<h2 class=\"wp-block-heading\"><strong>1. \u201ePraesto sum\u201d: wi\u0119cej ni\u017c obecno\u015b\u0107, ca\u0142kowita dyspozycyjno\u015b\u0107<\/strong><\/h2>\n\n\n\n<p>Powiedzie\u0107 \u201epraesto sum\u201d to nie znaczy jedynie by\u0107 fizycznie obecnym. To co\u015b o wiele bardziej wymagaj\u0105cego:<\/p>\n\n\n\n<ul class=\"wp-block-list\">\n<li>To <strong>wewn\u0119trzna dyspozycyjno\u015b\u0107<\/strong><\/li>\n\n\n\n<li>To <strong>wolne pos\u0142usze\u0144stwo<\/strong><\/li>\n\n\n\n<li>To <strong>ca\u0142kowite oddanie<\/strong><\/li>\n\n\n\n<li>To <strong>odpowied\u017a na wezwanie<\/strong><\/li>\n<\/ul>\n\n\n\n<p>Nie to samo znaczy powiedzie\u0107 \u201ejestem tutaj\u201d, co <strong>\u201ejestem tutaj dla Ciebie\u201d<\/strong>.<\/p>\n\n\n\n<p>W teologii duchowo\u015bci wi\u0105\u017ce si\u0119 to bezpo\u015brednio z cnot\u0105 <strong>uleg\u0142o\u015bci wobec woli Bo\u017cej<\/strong>, kt\u00f3ra nie jest bierno\u015bci\u0105, lecz aktywn\u0105 wsp\u00f3\u0142prac\u0105 z \u0142ask\u0105.<\/p>\n\n\n\n<hr class=\"wp-block-separator has-alpha-channel-opacity\"\/>\n\n\n\n<h2 class=\"wp-block-heading\"><strong>2. Biblijny fundament: \u201eOto jestem\u201d, kt\u00f3re zmienia histori\u0119<\/strong><\/h2>\n\n\n\n<p>Ca\u0142a historia zbawienia jest pe\u0142na m\u0119\u017cczyzn i kobiet, kt\u00f3rzy odpowiedzieli \u201epraesto sum\u201d.<\/p>\n\n\n\n<h3 class=\"wp-block-heading\"><strong>Abraham: wiara, kt\u00f3ra odpowiada bez zrozumienia<\/strong><\/h3>\n\n\n\n<blockquote class=\"wp-block-quote is-layout-flow wp-block-quote-is-layout-flow\">\n<p>\u201eB\u00f3g zawo\u0142a\u0142 Abrahama\u2026 A on odpowiedzia\u0142: \u2018Oto jestem\u2019\u201d (por. Ksi\u0119ga Rodzaju 22,1)<\/p>\n<\/blockquote>\n\n\n\n<p>Abraham nie wiedzia\u0142, co si\u0119 wydarzy. Ale by\u0142 gotowy. I to wystarczy\u0142o, by B\u00f3g zbudowa\u0142 na nim wieczne przymierze.<\/p>\n\n\n\n<h3 class=\"wp-block-heading\"><strong>Samuel: serce, kt\u00f3re uczy si\u0119 s\u0142ucha\u0107<\/strong><\/h3>\n\n\n\n<blockquote class=\"wp-block-quote is-layout-flow wp-block-quote-is-layout-flow\">\n<p>\u201eM\u00f3w, Panie, bo s\u0142uga Tw\u00f3j s\u0142ucha\u201d (1 Ksi\u0119ga Samuela 3,10)<\/p>\n<\/blockquote>\n\n\n\n<p>Samuel pocz\u0105tkowo nie rozpoznaje g\u0142osu Boga. Ale jego postawa jest kluczowa: pokorna dyspozycyjno\u015b\u0107.<\/p>\n\n\n\n<h3 class=\"wp-block-heading\"><strong>Izajasz: prorok, kt\u00f3ry si\u0119 ofiarowuje<\/strong><\/h3>\n\n\n\n<blockquote class=\"wp-block-quote is-layout-flow wp-block-quote-is-layout-flow\">\n<p>\u201eKogo mam pos\u0142a\u0107?\u2026 Oto jestem, po\u015blij mnie\u201d (Ksi\u0119ga Izajasza 6,8)<\/p>\n<\/blockquote>\n\n\n\n<p>Tutaj \u201epraesto sum\u201d ukazuje si\u0119 w najbardziej misyjnej formie: nie tylko jestem\u2026 <strong>chc\u0119 by\u0107 pos\u0142any<\/strong>.<\/p>\n\n\n\n<h3 class=\"wp-block-heading\"><strong>Naj\u015bwi\u0119tsza Maryja Panna: doskona\u0142e \u201etak\u201d<\/strong><\/h3>\n\n\n\n<blockquote class=\"wp-block-quote is-layout-flow wp-block-quote-is-layout-flow\">\n<p>\u201eOto ja s\u0142u\u017cebnica Pa\u0144ska; niech mi si\u0119 stanie wed\u0142ug s\u0142owa twego\u201d (Ewangelia wed\u0142ug \u015bw. \u0141ukasza 1,38)<\/p>\n<\/blockquote>\n\n\n\n<p>To szczyt. Maryja nie tylko jest gotowa: <strong>oddaje si\u0119 ca\u0142kowicie planowi Boga<\/strong>, bez zastrze\u017ce\u0144.<\/p>\n\n\n\n<h3 class=\"wp-block-heading\"><strong>Sam Chrystus: wcielone \u201ePraesto Sum\u201d<\/strong><\/h3>\n\n\n\n<blockquote class=\"wp-block-quote is-layout-flow wp-block-quote-is-layout-flow\">\n<p>\u201eOto id\u0119, o Bo\u017ce, aby pe\u0142ni\u0107 Twoj\u0105 wol\u0119\u201d (por. List do Hebrajczyk\u00f3w 10,7)<\/p>\n<\/blockquote>\n\n\n\n<p>Jezus Chrystus jest ostatecznym \u201eoto jestem\u201d. Ca\u0142e Jego \u017cycie jest odpowiedzi\u0105 na Ojca.<\/p>\n\n\n\n<hr class=\"wp-block-separator has-alpha-channel-opacity\"\/>\n\n\n\n<h2 class=\"wp-block-heading\"><strong>3. Wymiar teologiczny: \u201epraesto sum\u201d jako akt mi\u0142o\u015bci<\/strong><\/h2>\n\n\n\n<p>Z teologicznego punktu widzenia powiedzenie \u201epraesto sum\u201d oznacza kilka g\u0142\u0119bokich rzeczywisto\u015bci:<\/p>\n\n\n\n<h3 class=\"wp-block-heading\"><strong>a) Jest aktem wiary<\/strong><\/h3>\n\n\n\n<p>Wierzy\u0107, \u017ce B\u00f3g wo\u0142a. Wierzy\u0107, \u017ce Jego wola jest dobra.<\/p>\n\n\n\n<h3 class=\"wp-block-heading\"><strong>b) Jest aktem nadziei<\/strong><\/h3>\n\n\n\n<p>Ufa\u0107, \u017ce nawet je\u015bli nie rozumiemy, On prowadzi.<\/p>\n\n\n\n<h3 class=\"wp-block-heading\"><strong>c) Jest aktem mi\u0142o\u015bci<\/strong><\/h3>\n\n\n\n<p>Kocha\u0107 Boga a\u017c do tego stopnia, by przed\u0142o\u017cy\u0107 Jego wol\u0119 nad w\u0142asn\u0105.<\/p>\n\n\n\n<p>\u015awi\u0119ty Tomasz z Akwinu wyja\u015bnia, \u017ce doskona\u0142o\u015b\u0107 chrze\u015bcija\u0144ska polega na zgodno\u015bci z wol\u0105 Bo\u017c\u0105. \u201ePraesto sum\u201d jest w\u0142a\u015bnie tym: <strong>wewn\u0119trznym zjednoczeniem z Bogiem<\/strong>.<\/p>\n\n\n\n<hr class=\"wp-block-separator has-alpha-channel-opacity\"\/>\n\n\n\n<h2 class=\"wp-block-heading\"><strong>4. Wsp\u00f3\u0142czesny dramat: pokolenie, kt\u00f3re unika powiedzenia \u201eoto jestem\u201d<\/strong><\/h2>\n\n\n\n<p>\u017byjemy w czasach, kt\u00f3re uciekaj\u0105 od zobowi\u0105za\u0144:<\/p>\n\n\n\n<ul class=\"wp-block-list\">\n<li>Relacje bez oddania<\/li>\n\n\n\n<li>Powo\u0142ania odk\u0142adane na p\u00f3\u017aniej<\/li>\n\n\n\n<li>Decyzje, kt\u00f3rych si\u0119 unika<\/li>\n\n\n\n<li>Wiara prze\u017cywana \u201epo\u0142owicznie\u201d<\/li>\n<\/ul>\n\n\n\n<p>Problem nie polega na tym, \u017ce B\u00f3g przesta\u0142 wo\u0142a\u0107.<\/p>\n\n\n\n<p>Problem polega na tym, \u017ce <strong>przestali\u015bmy odpowiada\u0107<\/strong>.<\/p>\n\n\n\n<p>M\u00f3wimy:<\/p>\n\n\n\n<ul class=\"wp-block-list\">\n<li>\u201eZobaczymy\u201d<\/li>\n\n\n\n<li>\u201eP\u00f3\u017aniej\u201d<\/li>\n\n\n\n<li>\u201eTo nie jest w\u0142a\u015bciwy moment\u201d<\/li>\n<\/ul>\n\n\n\n<p>A B\u00f3g nadal pyta:<br><strong>\u201eKogo mam pos\u0142a\u0107?\u201d<\/strong><\/p>\n\n\n\n<p>I milczenie duszy staje si\u0119 form\u0105 odrzucenia.<\/p>\n\n\n\n<hr class=\"wp-block-separator has-alpha-channel-opacity\"\/>\n\n\n\n<h2 class=\"wp-block-heading\"><strong>5. Przeszkody w \u017cyciu \u201epraesto sum\u201d<\/strong><\/h2>\n\n\n\n<h3 class=\"wp-block-heading\"><strong>Strach<\/strong><\/h3>\n\n\n\n<p>Boimy si\u0119 utraty kontroli. Ale nie ma oddania bez ryzyka.<\/p>\n\n\n\n<h3 class=\"wp-block-heading\"><strong>Wygoda<\/strong><\/h3>\n\n\n\n<p>Wolimy \u017cycie bezpieczne ni\u017c pe\u0142ne.<\/p>\n\n\n\n<h3 class=\"wp-block-heading\"><strong>Wewn\u0119trzny ha\u0142as<\/strong><\/h3>\n\n\n\n<p>Nie s\u0142uchamy, bo jeste\u015bmy prze\u0142adowani bod\u017acami.<\/p>\n\n\n\n<h3 class=\"wp-block-heading\"><strong>Brak modlitwy<\/strong><\/h3>\n\n\n\n<p>Bez modlitwy nie ma wezwania\u2026 a bez wezwania nie ma odpowiedzi.<\/p>\n\n\n\n<hr class=\"wp-block-separator has-alpha-channel-opacity\"\/>\n\n\n\n<h2 class=\"wp-block-heading\"><strong>6. Jak \u017cy\u0107 \u201epraesto sum\u201d dzisiaj (praktyczny przewodnik)<\/strong><\/h2>\n\n\n\n<p>Tu to przes\u0142anie staje si\u0119 konkretnym \u017cyciem.<\/p>\n\n\n\n<h3 class=\"wp-block-heading\"><strong>1. Zacznij dzie\u0144 od s\u0142\u00f3w: \u201ePanie, oto jestem\u201d<\/strong><\/h3>\n\n\n\n<p>Zanim si\u0119gniesz po telefon. Zanim zacznie si\u0119 ha\u0142as.<\/p>\n\n\n\n<p>Prosta modlitwa:<\/p>\n\n\n\n<blockquote class=\"wp-block-quote is-layout-flow wp-block-quote-is-layout-flow\">\n<p>\u201ePanie, oto jestem. Uczy\u0144 ze mn\u0105, co chcesz.\u201d<\/p>\n<\/blockquote>\n\n\n\n<p>To zmienia kierunek ca\u0142ego dnia.<\/p>\n\n\n\n<hr class=\"wp-block-separator has-alpha-channel-opacity\"\/>\n\n\n\n<h3 class=\"wp-block-heading\"><strong>2. Naucz si\u0119 s\u0142ucha\u0107<\/strong><\/h3>\n\n\n\n<p>\u201ePraesto sum\u201d to nie m\u00f3wienie\u2026 to najpierw s\u0142uchanie.<\/p>\n\n\n\n<ul class=\"wp-block-list\">\n<li>Po\u015bwi\u0119\u0107 czas na cisz\u0119<\/li>\n\n\n\n<li>Czytaj Pismo \u015awi\u0119te<\/li>\n\n\n\n<li>Praktykuj adoracj\u0119<\/li>\n<\/ul>\n\n\n\n<p>B\u00f3g nie krzyczy. On szepcze.<\/p>\n\n\n\n<hr class=\"wp-block-separator has-alpha-channel-opacity\"\/>\n\n\n\n<h3 class=\"wp-block-heading\"><strong>3. Odpowiadaj w ma\u0142ych rzeczach<\/strong><\/h3>\n\n\n\n<p>Nie czekaj na wielk\u0105 misj\u0119.<\/p>\n\n\n\n<p>\u201eOto jestem\u201d realizuje si\u0119 w:<\/p>\n\n\n\n<ul class=\"wp-block-list\">\n<li>Przebaczaniu<\/li>\n\n\n\n<li>S\u0142u\u017cbie<\/li>\n\n\n\n<li>Milczeniu, gdy trzeba<\/li>\n\n\n\n<li>M\u00f3wieniu prawdy z mi\u0142o\u015bci\u0105<\/li>\n<\/ul>\n\n\n\n<hr class=\"wp-block-separator has-alpha-channel-opacity\"\/>\n\n\n\n<h3 class=\"wp-block-heading\"><strong>4. Przyjmij krzy\u017c<\/strong><\/h3>\n\n\n\n<p>Powiedzenie \u201epraesto sum\u201d oznacza tak\u017ce przyj\u0119cie tego, czego nie wybra\u0142e\u015b.<\/p>\n\n\n\n<p>Chrystus nie powiedzia\u0142 \u201eoto jestem\u201d tylko w chwale\u2026 ale tak\u017ce w Getsemani.<\/p>\n\n\n\n<hr class=\"wp-block-separator has-alpha-channel-opacity\"\/>\n\n\n\n<h3 class=\"wp-block-heading\"><strong>5. Rozeznaj swoje powo\u0142anie<\/strong><\/h3>\n\n\n\n<p>Twoje \u017cycie ma konkretn\u0105 misj\u0119.<\/p>\n\n\n\n<ul class=\"wp-block-list\">\n<li>Ma\u0142\u017ce\u0144stwo<\/li>\n\n\n\n<li>Kap\u0142a\u0144stwo<\/li>\n\n\n\n<li>\u017bycie konsekrowane<\/li>\n\n\n\n<li>Zaanga\u017cowane \u017cycie \u015bwieckie<\/li>\n<\/ul>\n\n\n\n<p>\u201ePraesto sum\u201d nie jest og\u00f3lne. Jest osobiste.<\/p>\n\n\n\n<hr class=\"wp-block-separator has-alpha-channel-opacity\"\/>\n\n\n\n<h3 class=\"wp-block-heading\"><strong>6. Wytrwaj, nawet gdy nic nie czujesz<\/strong><\/h3>\n\n\n\n<p>Prawdziwa dyspozycyjno\u015b\u0107 nie zale\u017cy od emocji.<\/p>\n\n\n\n<p>To wierno\u015b\u0107.<\/p>\n\n\n\n<hr class=\"wp-block-separator has-alpha-channel-opacity\"\/>\n\n\n\n<h2 class=\"wp-block-heading\"><strong>7. Owoc: \u017cycie pe\u0142ne sensu<\/strong><\/h2>\n\n\n\n<p>Ten, kto \u017cyje \u201epraesto sum\u201d, odkrywa co\u015b niezwyk\u0142ego:<\/p>\n\n\n\n<ul class=\"wp-block-list\">\n<li>Nie \u017cyje ju\u017c dla siebie<\/li>\n\n\n\n<li>Przestaje nieustannie szuka\u0107 samego siebie<\/li>\n\n\n\n<li>Znajduje pok\u00f3j po\u015br\u00f3d chaosu<\/li>\n\n\n\n<li>\u017byje z celem<\/li>\n<\/ul>\n\n\n\n<p>Bo najwi\u0119ksza wolno\u015b\u0107 nie polega na robieniu tego, co si\u0119 chce\u2026<\/p>\n\n\n\n<p>Lecz na <strong>chceniu tego, czego chce B\u00f3g<\/strong>.<\/p>\n\n\n\n<hr class=\"wp-block-separator has-alpha-channel-opacity\"\/>\n\n\n\n<h2 class=\"wp-block-heading\"><strong>8. Modlitwa ko\u0144cowa: nauczy\u0107 si\u0119 m\u00f3wi\u0107 \u201ePraesto Sum\u201d<\/strong><\/h2>\n\n\n\n<p>Mo\u017cesz modli\u0107 si\u0119 tak:<\/p>\n\n\n\n<blockquote class=\"wp-block-quote is-layout-flow wp-block-quote-is-layout-flow\">\n<p>Panie,<br>tyle razy by\u0142em obecny\u2026 ale nie dla Ciebie.<br>tyle razy s\u0142ysza\u0142em\u2026 ale nie odpowiedzia\u0142em.<\/p>\n\n\n\n<p>Dzi\u015b chc\u0119 Ci powiedzie\u0107: oto jestem.<br>Bez warunk\u00f3w. Bez wym\u00f3wek. Bez zastrze\u017ce\u0144.<\/p>\n\n\n\n<p>We\u017a moje \u017cycie, moje plany, moje l\u0119ki.<br>Uczy\u0144 ze mn\u0105, co chcesz.<\/p>\n\n\n\n<p>Naucz mnie s\u0142ucha\u0107.<br>Naucz mnie ufa\u0107.<br>Naucz mnie kocha\u0107.<\/p>\n\n\n\n<p><strong>Praesto sum, Domine.<\/strong><br>Oto jestem, Panie.<br>Amen.<\/p>\n<\/blockquote>\n\n\n\n<hr class=\"wp-block-separator has-alpha-channel-opacity\"\/>\n\n\n\n<h2 class=\"wp-block-heading\"><strong>Zako\u0144czenie: pytanie, kt\u00f3rego nie mo\u017cesz zignorowa\u0107<\/strong><\/h2>\n\n\n\n<p>B\u00f3g nadal wo\u0142a.<\/p>\n\n\n\n<p>Nie tylko \u015bwi\u0119tych.<br>Nie tylko osoby konsekrowane.<br><strong>Ciebie. Dzi\u015b.<\/strong><\/p>\n\n\n\n<p>Jedno pytanie pozostaje:<\/p>\n\n\n\n<p><strong>Czy b\u0119dziesz dalej odk\u0142ada\u0107\u2026 czy odpowiesz?<\/strong><\/p>\n\n\n\n<p>Bo ka\u017cde autentyczne \u017cycie chrze\u015bcija\u0144skie zaczyna si\u0119 od dw\u00f3ch s\u0142\u00f3w:<\/p>\n\n\n\n<p><strong>\u201ePraesto sum.\u201d<\/strong><\/p>\n","protected":false},"excerpt":{"rendered":"<p>S\u0105 s\u0142owa, kt\u00f3re nie s\u0105 tylko s\u0142owami. S\u0105 decyzjami. S\u0105 oddaniem. S\u0105 ogniem. \u201ePraesto sum\u201d \u2014 po \u0142acinie \u2014 oznacza: \u201eJestem obecny\u201d, \u201eOto jestem\u201d, \u201eJestem got\u00f3w\u201d. To nie jest ozdobna formu\u0142a dawnej duchowo\u015bci. To radykalne wyznanie, kt\u00f3re przenika ca\u0142e Pismo \u015awi\u0119te i okre\u015bla \u017cycie \u015bwi\u0119tych. W \u015bwiecie naznaczonym rozproszeniem, po\u015bpiechem i ucieczk\u0105 od zobowi\u0105za\u0144, odkrycie &hellip;<\/p>\n","protected":false},"author":3,"featured_media":5474,"comment_status":"closed","ping_status":"closed","sticky":false,"template":"","format":"standard","meta":{"_seopress_robots_primary_cat":"","_seopress_titles_title":"","_seopress_titles_desc":"","_seopress_robots_index":"","footnotes":""},"categories":[40,58],"tags":[1761],"class_list":["post-5473","post","type-post","status-publish","format-standard","has-post-thumbnail","","category-modlitwa-i-duchowosc","category-modlitwa-i-zycie-duchowe","tag-praesto-sum"],"_links":{"self":[{"href":"https:\/\/catholicus.eu\/pl\/wp-json\/wp\/v2\/posts\/5473","targetHints":{"allow":["GET"]}}],"collection":[{"href":"https:\/\/catholicus.eu\/pl\/wp-json\/wp\/v2\/posts"}],"about":[{"href":"https:\/\/catholicus.eu\/pl\/wp-json\/wp\/v2\/types\/post"}],"author":[{"embeddable":true,"href":"https:\/\/catholicus.eu\/pl\/wp-json\/wp\/v2\/users\/3"}],"replies":[{"embeddable":true,"href":"https:\/\/catholicus.eu\/pl\/wp-json\/wp\/v2\/comments?post=5473"}],"version-history":[{"count":1,"href":"https:\/\/catholicus.eu\/pl\/wp-json\/wp\/v2\/posts\/5473\/revisions"}],"predecessor-version":[{"id":5475,"href":"https:\/\/catholicus.eu\/pl\/wp-json\/wp\/v2\/posts\/5473\/revisions\/5475"}],"wp:featuredmedia":[{"embeddable":true,"href":"https:\/\/catholicus.eu\/pl\/wp-json\/wp\/v2\/media\/5474"}],"wp:attachment":[{"href":"https:\/\/catholicus.eu\/pl\/wp-json\/wp\/v2\/media?parent=5473"}],"wp:term":[{"taxonomy":"category","embeddable":true,"href":"https:\/\/catholicus.eu\/pl\/wp-json\/wp\/v2\/categories?post=5473"},{"taxonomy":"post_tag","embeddable":true,"href":"https:\/\/catholicus.eu\/pl\/wp-json\/wp\/v2\/tags?post=5473"}],"curies":[{"name":"wp","href":"https:\/\/api.w.org\/{rel}","templated":true}]}}