{"id":5452,"date":"2026-03-22T16:21:21","date_gmt":"2026-03-22T15:21:21","guid":{"rendered":"https:\/\/catholicus.eu\/pl\/?p=5452"},"modified":"2026-03-22T16:21:21","modified_gmt":"2026-03-22T15:21:21","slug":"nikodem-wierzacy-ktory-bal-sie-uwierzyc-i-co-jego-historia-mowi-o-tobie-dzisiaj","status":"publish","type":"post","link":"https:\/\/catholicus.eu\/pl\/nikodem-wierzacy-ktory-bal-sie-uwierzyc-i-co-jego-historia-mowi-o-tobie-dzisiaj\/","title":{"rendered":"Nikodem: Wierz\u0105cy, kt\u00f3ry ba\u0142 si\u0119 uwierzy\u0107 (i co jego historia m\u00f3wi o tobie dzisiaj)"},"content":{"rendered":"\n<p>S\u0105 postacie w Ewangelii, kt\u00f3re b\u0142yszcz\u0105 swoj\u0105 oczywist\u0105 \u015bwi\u0119to\u015bci\u0105\u2026 i inne, kt\u00f3re poruszaj\u0105 nas w\u0142a\u015bnie swoj\u0105 s\u0142abo\u015bci\u0105. Nikodem nale\u017cy do tej drugiej grupy. Nie jest aposto\u0142em, nie jest m\u0119czennikiem, nie jest \u015bwi\u0119tym znanym z wielkich heroicznych czyn\u00f3w\u2026 przynajmniej nie na pocz\u0105tku.<\/p>\n\n\n\n<p>Jest raczej cz\u0142owiekiem podzielonym.<\/p>\n\n\n\n<p>Cz\u0142owiekiem, kt\u00f3ry szuka prawdy\u2026 ale boi si\u0119 konsekwencji jej znalezienia.<\/p>\n\n\n\n<p>I z tego powodu jego historia nie jest tylko staro\u017cytna. Jest g\u0142\u0119boko aktualna. To historia milion\u00f3w ludzi dzisiaj.<\/p>\n\n\n\n<hr class=\"wp-block-separator has-alpha-channel-opacity\"\/>\n\n\n\n<h2 class=\"wp-block-heading\"><strong>Kim by\u0142 Nikodem? Wa\u017cny cz\u0142owiek\u2026 a jednak pusty<\/strong><\/h2>\n\n\n\n<p>Nikodem pojawia si\u0119 w Ewangelia wed\u0142ug \u015bw. Jana jako:<\/p>\n\n\n\n<ul class=\"wp-block-list\">\n<li>Faryzeusz<\/li>\n\n\n\n<li>Cz\u0142onek Sanhedrynu (religijnej elity Izraela)<\/li>\n\n\n\n<li>Nauczyciel Prawa<\/li>\n<\/ul>\n\n\n\n<p>Innymi s\u0142owy, nie by\u0142 ignorantem ani powierzchownym cz\u0142owiekiem. By\u0142 wykszta\u0142cony, religijny, szanowany. Mia\u0142 presti\u017c, wiedz\u0119 i pozycj\u0119 spo\u0142eczn\u0105.<\/p>\n\n\n\n<p>Ale czego\u015b mu brakowa\u0142o.<\/p>\n\n\n\n<p>Brakowa\u0142o mu tego, co najwa\u017cniejsze: <strong>\u017cycia wewn\u0119trznie przemienionego przez Boga<\/strong>.<\/p>\n\n\n\n<p>Oto pierwsza wielka lekcja:<\/p>\n\n\n\n<blockquote class=\"wp-block-quote is-layout-flow wp-block-quote-is-layout-flow\">\n<p>Mo\u017cesz wiedzie\u0107 wiele o Bogu\u2026 i nie zna\u0107 Boga.<\/p>\n<\/blockquote>\n\n\n\n<hr class=\"wp-block-separator has-alpha-channel-opacity\"\/>\n\n\n\n<h2 class=\"wp-block-heading\"><strong>Noc Nikodema: gdy dusza szuka w ukryciu<\/strong><\/h2>\n\n\n\n<p>Kluczowym momentem jego historii jest decyzja, aby odwiedzi\u0107 Jezus Chrystus.<\/p>\n\n\n\n<p>Ale jest jeden szczeg\u00f3\u0142, kt\u00f3ry nie jest przypadkowy:<\/p>\n\n\n\n<p><strong>Przychodzi w nocy.<\/strong><\/p>\n\n\n\n<blockquote class=\"wp-block-quote is-layout-flow wp-block-quote-is-layout-flow\">\n<p>\u201eBy\u0142 w\u015br\u00f3d faryzeuszy cz\u0142owiek imieniem Nikodem\u2026 Przyszed\u0142 do Jezusa noc\u0105\u2026\u201d (J 3,1\u20132)<\/p>\n<\/blockquote>\n\n\n\n<p>Dlaczego w nocy?<\/p>\n\n\n\n<ul class=\"wp-block-list\">\n<li>Z obawy przed tym, co inni powiedz\u0105<\/li>\n\n\n\n<li>Z l\u0119ku przed utrat\u0105 statusu<\/li>\n\n\n\n<li>Z powodu wewn\u0119trznej niepewno\u015bci<\/li>\n\n\n\n<li>Z powodu niech\u0119ci do wystawienia si\u0119<\/li>\n<\/ul>\n\n\n\n<p>Nikodem wierzy\u2026 ale nie na tyle, by podj\u0105\u0107 publiczny krok.<\/p>\n\n\n\n<p>I tu jego historia bezpo\u015brednio nas wyzywa:<\/p>\n\n\n\n<p>\ud83d\udc49 Ile razy ty te\u017c \u201echodzisz noc\u0105\u201d do Boga?<\/p>\n\n\n\n<ul class=\"wp-block-list\">\n<li>Kiedy modlisz si\u0119 w ukryciu, ale nie o\u015bmielasz si\u0119 \u017cy\u0107 wiar\u0105 publicznie<\/li>\n\n\n\n<li>Kiedy wiesz, co jest dobre, ale boisz si\u0119 \u017ale wygl\u0105da\u0107<\/li>\n\n\n\n<li>Kiedy wyczuwasz prawd\u0119\u2026 ale nie chcesz, aby zmieni\u0142a twoje \u017cycie<\/li>\n<\/ul>\n\n\n\n<hr class=\"wp-block-separator has-alpha-channel-opacity\"\/>\n\n\n\n<h2 class=\"wp-block-heading\"><strong>\u201eTrzeba narodzi\u0107 si\u0119 na nowo\u201d: zdanie, kt\u00f3re dezorientuje Nikodema<\/strong><\/h2>\n\n\n\n<p>Podczas tego spotkania Jezus m\u00f3wi co\u015b, co burzy wszystkie jego dotychczasowe schematy:<\/p>\n\n\n\n<blockquote class=\"wp-block-quote is-layout-flow wp-block-quote-is-layout-flow\">\n<p>\u201eJe\u015bli kto\u015b nie narodzi si\u0119 na nowo, nie mo\u017ce ujrze\u0107 Kr\u00f3lestwa Bo\u017cego.\u201d (J 3,3)<\/p>\n<\/blockquote>\n\n\n\n<p>Nikodem, cz\u0142owiek racjonalny i wykszta\u0142cony, nie rozumie.<\/p>\n\n\n\n<p>Odpowiada prawie z ironi\u0105:<\/p>\n\n\n\n<blockquote class=\"wp-block-quote is-layout-flow wp-block-quote-is-layout-flow\">\n<p>\u201eJak cz\u0142owiek mo\u017ce narodzi\u0107 si\u0119, b\u0119d\u0105c starym?\u201d<\/p>\n<\/blockquote>\n\n\n\n<p>Oto starcie:<\/p>\n\n\n\n<ul class=\"wp-block-list\">\n<li>Nikodem reprezentuje religi\u0119 pojmowan\u0105 jako zasady, tradycj\u0119, struktur\u0119<\/li>\n\n\n\n<li>Chrystus przynosi nowe, radykalne, wewn\u0119trzne \u017cycie<\/li>\n<\/ul>\n\n\n\n<p>Nie chodzi tylko o \u201edobre zachowanie\u201d.<\/p>\n\n\n\n<p>Chodzi o <strong>odrodzenie wewn\u0119trzne<\/strong>.<\/p>\n\n\n\n<p>O pozwolenie Bogu, by przemieni\u0142 ci\u0119 w najg\u0142\u0119bszym wn\u0119trzu.<\/p>\n\n\n\n<hr class=\"wp-block-separator has-alpha-channel-opacity\"\/>\n\n\n\n<h2 class=\"wp-block-heading\"><strong>Dramat Nikodema: wierzy\u0107\u2026 ale nie ca\u0142kowicie<\/strong><\/h2>\n\n\n\n<p>Nikodem nie odrzuca Jezusa.<\/p>\n\n\n\n<p>Ale te\u017c nie poddaje si\u0119 ca\u0142kowicie.<\/p>\n\n\n\n<p>Pozostaje w stanie po\u015brednim \u2014 niewygodnym, niestabilnym.<\/p>\n\n\n\n<p>I to jeden z najbardziej niebezpiecznych stan\u00f3w duchowych:<\/p>\n\n\n\n<p>\ud83d\udc49 Nie by\u0107 daleko od Boga\u2026 ale te\u017c nie by\u0107 naprawd\u0119 z Nim.<\/p>\n\n\n\n<p>To letnio\u015b\u0107.<\/p>\n\n\n\n<p>To wiara bez konsekwencji.<\/p>\n\n\n\n<p>To chrze\u015bcija\u0144stwo bez Krzy\u017ca.<\/p>\n\n\n\n<hr class=\"wp-block-separator has-alpha-channel-opacity\"\/>\n\n\n\n<h2 class=\"wp-block-heading\"><strong>Promie\u0144 \u015bwiat\u0142a: Nikodem zaczyna si\u0119 zmienia\u0107<\/strong><\/h2>\n\n\n\n<p>Nikodem pojawia si\u0119 ponownie p\u00f3\u017aniej w Ewangelii.<\/p>\n\n\n\n<p>Kiedy faryzeusze chc\u0105 skaza\u0107 Jezusa, odwa\u017ca si\u0119 powiedzie\u0107:<\/p>\n\n\n\n<blockquote class=\"wp-block-quote is-layout-flow wp-block-quote-is-layout-flow\">\n<p>\u201eCzy nasze Prawo os\u0105dza cz\u0142owieka, nie wys\u0142uchawszy go najpierw?\u201d (J 7,51)<\/p>\n<\/blockquote>\n\n\n\n<p>To nie jest otwarta obrona.<\/p>\n\n\n\n<p>Ale nie milczy ju\u017c ca\u0142kowicie.<\/p>\n\n\n\n<p>Co\u015b si\u0119 zmienia.<\/p>\n\n\n\n<p>\u0141aska dzia\u0142a.<\/p>\n\n\n\n<hr class=\"wp-block-separator has-alpha-channel-opacity\"\/>\n\n\n\n<h2 class=\"wp-block-heading\"><strong>Decyduj\u0105cy moment: kiedy nie ma ju\u017c odwrotu<\/strong><\/h2>\n\n\n\n<p>Wreszcie Nikodem pojawia si\u0119 w najtrudniejszym momencie:<\/p>\n\n\n\n<p>\u015amier\u0107 Chrystusa.<\/p>\n\n\n\n<p>Po ukrzy\u017cowaniu, razem z J\u00f3zef z Arymatei, dokonuje czego\u015b niewyobra\u017calnego:<\/p>\n\n\n\n<p>\ud83d\udc49 Publicznie wystawia si\u0119, aby godnie pochowa\u0107 Jezusa.<\/p>\n\n\n\n<blockquote class=\"wp-block-quote is-layout-flow wp-block-quote-is-layout-flow\">\n<p>\u201eNikodem\u2026 przyni\u00f3s\u0142 mieszank\u0119 mirry i aloesu\u2026 i wzi\u0119li cia\u0142o Jezusa\u2026\u201d (J 19,39\u201340)<\/p>\n<\/blockquote>\n\n\n\n<p>Tu nie ma ju\u017c nocy.<\/p>\n\n\n\n<p>Tu nie ma ju\u017c ukrytego strachu.<\/p>\n\n\n\n<p>Tu jest cz\u0142owiek, kt\u00f3ry p\u00f3\u017ano, ale naprawd\u0119, podj\u0105\u0142 decyzj\u0119.<\/p>\n\n\n\n<hr class=\"wp-block-separator has-alpha-channel-opacity\"\/>\n\n\n\n<h2 class=\"wp-block-heading\"><strong>Nauka teologiczna: droga duszy ku \u015bwiat\u0142u<\/strong><\/h2>\n\n\n\n<p>Posta\u0107 Nikodema jest niezwykle bogata teologicznie:<\/p>\n\n\n\n<h3 class=\"wp-block-heading\">1. <strong>\u0141aska dzia\u0142a powoli<\/strong><\/h3>\n\n\n\n<p>B\u00f3g nie przemienia od razu.<\/p>\n\n\n\n<p>Czasami dzia\u0142a stopniowo w sercu.<\/p>\n\n\n\n<p>Nikodem nie przechodzi od w\u0105tpliwo\u015bci do \u015bwi\u0119to\u015bci w jeden dzie\u0144.<\/p>\n\n\n\n<p>Ale posuwa si\u0119 naprz\u00f3d.<\/p>\n\n\n\n<hr class=\"wp-block-separator has-alpha-channel-opacity\"\/>\n\n\n\n<h3 class=\"wp-block-heading\">2. <strong>Wiara wi\u0105\u017ce si\u0119 z ryzykiem<\/strong><\/h3>\n\n\n\n<p>Prawdziwe wierzenie oznacza utrat\u0119 czego\u015b:<\/p>\n\n\n\n<ul class=\"wp-block-list\">\n<li>Reputacji<\/li>\n\n\n\n<li>Komfortu<\/li>\n\n\n\n<li>Bezpiecze\u0144stwa<\/li>\n<\/ul>\n\n\n\n<p>Nikodem o tym wiedzia\u0142. Dlatego waha\u0142 si\u0119.<\/p>\n\n\n\n<p>Ale w ko\u0144cu zrozumia\u0142, \u017ce <strong>straci\u0107 dla Chrystusa, to zyska\u0107 na wieczno\u015b\u0107<\/strong>.<\/p>\n\n\n\n<hr class=\"wp-block-separator has-alpha-channel-opacity\"\/>\n\n\n\n<h3 class=\"wp-block-heading\">3. <strong>Znajomo\u015b\u0107 prawdy nie wystarcza<\/strong><\/h3>\n\n\n\n<p>Nikodem wiele wiedzia\u0142.<\/p>\n\n\n\n<p>Ale musia\u0142 nauczy\u0107 si\u0119, \u017ce:<\/p>\n\n\n\n<p>\ud83d\udc49 Zbawienie nie pochodzi ze znajomo\u015bci\u2026 lecz z nawr\u00f3cenia.<\/p>\n\n\n\n<hr class=\"wp-block-separator has-alpha-channel-opacity\"\/>\n\n\n\n<h2 class=\"wp-block-heading\"><strong>Nikodem dzisiaj: cichy chrze\u015bcijanin XXI wieku<\/strong><\/h2>\n\n\n\n<p>Nikodem nie jest tylko postaci\u0105 ewangeliczn\u0105.<\/p>\n\n\n\n<p>To bardzo aktualny profil duchowy.<\/p>\n\n\n\n<p>Dzi\u015b jest wielu \u201eNikodem\u00f3w\u201d:<\/p>\n\n\n\n<ul class=\"wp-block-list\">\n<li>Wierz\u0105, ale nie m\u00f3wi\u0105 tego<\/li>\n\n\n\n<li>Praktykuj\u0105, ale z zak\u0142opotaniem<\/li>\n\n\n\n<li>Wyczuwaj\u0105 prawd\u0119, ale si\u0119 nie anga\u017cuj\u0105<\/li>\n<\/ul>\n\n\n\n<p>W \u015bwiecie, w kt\u00f3rym wiara jest kwestionowana, wy\u015bmiewana lub ignorowana, strach przed ujawnieniem si\u0119 jest realny.<\/p>\n\n\n\n<p>Ale Ewangelia nie pozostawia miejsca na p\u00f3\u0142\u015brodki.<\/p>\n\n\n\n<hr class=\"wp-block-separator has-alpha-channel-opacity\"\/>\n\n\n\n<h2 class=\"wp-block-heading\"><strong>Praktyczny przewodnik: jak przesta\u0107 by\u0107 \u201enocnym Nikodemem\u201d<\/strong><\/h2>\n\n\n\n<p>Tutaj jego historia staje si\u0119 drog\u0105 duchow\u0105:<\/p>\n\n\n\n<h3 class=\"wp-block-heading\"><strong>1. Zr\u00f3b widoczny krok w wierze<\/strong><\/h3>\n\n\n\n<p>Nie trzeba zaczyna\u0107 od wielkich gest\u00f3w.<\/p>\n\n\n\n<p>Ale potrzebujesz czego\u015b konkretnego:<\/p>\n\n\n\n<ul class=\"wp-block-list\">\n<li>Znak krzy\u017ca publicznie<\/li>\n\n\n\n<li>Obrona prawdy w mi\u0142o\u015bci bli\u017aniego<\/li>\n\n\n\n<li>Nie ukrywanie swoich warto\u015bci<\/li>\n<\/ul>\n\n\n\n<hr class=\"wp-block-separator has-alpha-channel-opacity\"\/>\n\n\n\n<h3 class=\"wp-block-heading\"><strong>2. Zaakceptuj koszt wiary<\/strong><\/h3>\n\n\n\n<p>Bycie chrze\u015bcijaninem nie jest wygodne.<\/p>\n\n\n\n<p>Nigdy nie by\u0142o.<\/p>\n\n\n\n<p>Ale warto.<\/p>\n\n\n\n<hr class=\"wp-block-separator has-alpha-channel-opacity\"\/>\n\n\n\n<h3 class=\"wp-block-heading\"><strong>3. Szukaj prawdziwych spotka\u0144 z Chrystusem<\/strong><\/h3>\n\n\n\n<p>Nikodem mia\u0142 osobiste spotkanie z Jezusem.<\/p>\n\n\n\n<p>Ty te\u017c tego potrzebujesz:<\/p>\n\n\n\n<ul class=\"wp-block-list\">\n<li>W modlitwie<\/li>\n\n\n\n<li>W sakramentach<\/li>\n\n\n\n<li>W ciszy<\/li>\n<\/ul>\n\n\n\n<hr class=\"wp-block-separator has-alpha-channel-opacity\"\/>\n\n\n\n<h3 class=\"wp-block-heading\"><strong>4. Nie odk\u0142adaj na p\u00f3\u017aniej nawr\u00f3cenia<\/strong><\/h3>\n\n\n\n<p>Nikodem przyby\u0142\u2026 ale p\u00f3\u017ano.<\/p>\n\n\n\n<p>Nie czekaj na ekstremalne momenty.<\/p>\n\n\n\n<p>Zacznij dzi\u015b.<\/p>\n\n\n\n<hr class=\"wp-block-separator has-alpha-channel-opacity\"\/>\n\n\n\n<h2 class=\"wp-block-heading\"><strong>Zako\u0144czenie: z nocy do \u015bwiat\u0142a<\/strong><\/h2>\n\n\n\n<p>Historia Nikodema jest histori\u0105 nadziei.<\/p>\n\n\n\n<p>Bo pokazuje, \u017ce:<\/p>\n\n\n\n<ul class=\"wp-block-list\">\n<li>Nawet s\u0142aba wiara mo\u017ce wzrasta\u0107<\/li>\n\n\n\n<li>Nawet podzielone serce mo\u017ce zdecydowa\u0107<\/li>\n\n\n\n<li>Nawet strach mo\u017ce zamieni\u0107 si\u0119 w odwag\u0119<\/li>\n<\/ul>\n\n\n\n<p>Ale to tak\u017ce ostrze\u017cenie:<\/p>\n\n\n\n<p>\ud83d\udc49 Nie zostawaj w nocy.<\/p>\n\n\n\n<p>Chrystus nie przyszed\u0142, aby\u015b szuka\u0142 Go w ukryciu.<\/p>\n\n\n\n<p>Przyszed\u0142, aby\u015b \u017cy\u0142 w \u015bwietle.<\/p>\n\n\n\n<blockquote class=\"wp-block-quote is-layout-flow wp-block-quote-is-layout-flow\">\n<p>\u201e\u015awiat\u0142o przysz\u0142o na \u015bwiat\u2026 lecz ludzie bardziej umi\u0142owali ciemno\u015b\u0107 ni\u017c \u015bwiat\u0142o\u2026\u201d (J 3,19)<\/p>\n<\/blockquote>\n\n\n\n<p>Pytanie jest bezpo\u015brednie, niewygodne, nieuniknione:<\/p>\n\n\n\n<p><strong>Czy pozostaniesz nocnym Nikodemem\u2026 czy staniesz si\u0119 tym, kt\u00f3ry wreszcie wchodzi w \u015bwiat\u0142o?<\/strong><\/p>\n","protected":false},"excerpt":{"rendered":"<p>S\u0105 postacie w Ewangelii, kt\u00f3re b\u0142yszcz\u0105 swoj\u0105 oczywist\u0105 \u015bwi\u0119to\u015bci\u0105\u2026 i inne, kt\u00f3re poruszaj\u0105 nas w\u0142a\u015bnie swoj\u0105 s\u0142abo\u015bci\u0105. Nikodem nale\u017cy do tej drugiej grupy. Nie jest aposto\u0142em, nie jest m\u0119czennikiem, nie jest \u015bwi\u0119tym znanym z wielkich heroicznych czyn\u00f3w\u2026 przynajmniej nie na pocz\u0105tku. Jest raczej cz\u0142owiekiem podzielonym. Cz\u0142owiekiem, kt\u00f3ry szuka prawdy\u2026 ale boi si\u0119 konsekwencji jej znalezienia. &hellip;<\/p>\n","protected":false},"author":3,"featured_media":5453,"comment_status":"closed","ping_status":"closed","sticky":false,"template":"","format":"standard","meta":{"_seopress_robots_primary_cat":"","_seopress_titles_title":"","_seopress_titles_desc":"","_seopress_robots_index":"","footnotes":""},"categories":[37,45],"tags":[1758],"class_list":["post-5452","post","type-post","status-publish","format-standard","has-post-thumbnail","","category-doktryna-i-wiara","category-pismo-swiete","tag-nikodem"],"_links":{"self":[{"href":"https:\/\/catholicus.eu\/pl\/wp-json\/wp\/v2\/posts\/5452","targetHints":{"allow":["GET"]}}],"collection":[{"href":"https:\/\/catholicus.eu\/pl\/wp-json\/wp\/v2\/posts"}],"about":[{"href":"https:\/\/catholicus.eu\/pl\/wp-json\/wp\/v2\/types\/post"}],"author":[{"embeddable":true,"href":"https:\/\/catholicus.eu\/pl\/wp-json\/wp\/v2\/users\/3"}],"replies":[{"embeddable":true,"href":"https:\/\/catholicus.eu\/pl\/wp-json\/wp\/v2\/comments?post=5452"}],"version-history":[{"count":1,"href":"https:\/\/catholicus.eu\/pl\/wp-json\/wp\/v2\/posts\/5452\/revisions"}],"predecessor-version":[{"id":5454,"href":"https:\/\/catholicus.eu\/pl\/wp-json\/wp\/v2\/posts\/5452\/revisions\/5454"}],"wp:featuredmedia":[{"embeddable":true,"href":"https:\/\/catholicus.eu\/pl\/wp-json\/wp\/v2\/media\/5453"}],"wp:attachment":[{"href":"https:\/\/catholicus.eu\/pl\/wp-json\/wp\/v2\/media?parent=5452"}],"wp:term":[{"taxonomy":"category","embeddable":true,"href":"https:\/\/catholicus.eu\/pl\/wp-json\/wp\/v2\/categories?post=5452"},{"taxonomy":"post_tag","embeddable":true,"href":"https:\/\/catholicus.eu\/pl\/wp-json\/wp\/v2\/tags?post=5452"}],"curies":[{"name":"wp","href":"https:\/\/api.w.org\/{rel}","templated":true}]}}