{"id":5437,"date":"2026-03-20T10:27:55","date_gmt":"2026-03-20T09:27:55","guid":{"rendered":"https:\/\/catholicus.eu\/pl\/?p=5437"},"modified":"2026-03-20T10:28:01","modified_gmt":"2026-03-20T09:28:01","slug":"trzy-niezwyciezone-oreza-przeciwko-szatanowi-moc-ktora-niebo-zlozylo-w-twoich-rekach","status":"publish","type":"post","link":"https:\/\/catholicus.eu\/pl\/trzy-niezwyciezone-oreza-przeciwko-szatanowi-moc-ktora-niebo-zlozylo-w-twoich-rekach\/","title":{"rendered":"Trzy niezwyci\u0119\u017cone or\u0119\u017ca przeciwko Szatanowi: moc, kt\u00f3r\u0105 Niebo z\u0142o\u017cy\u0142o w twoich r\u0119kach"},"content":{"rendered":"\n<p>\u017byjemy w czasach, w kt\u00f3rych z\u0142o nie tylko istnieje, ale tak\u017ce si\u0119 maskuje, uwodzi i jest normalizowane. Walka duchowa nie jest metafor\u0105: jest rzeczywisto\u015bci\u0105 g\u0142\u0119boko potwierdzon\u0105 przez Pismo \u015awi\u0119te, Tradycj\u0119 Ko\u015bcio\u0142a oraz do\u015bwiadczenie \u015bwi\u0119tych. Jak napomina aposto\u0142 \u015awi\u0119ty Piotr: <em>\u201eB\u0105d\u017acie trze\u017awi! Czuwajcie! Przeciwnik wasz, diabe\u0142, jak lew rycz\u0105cy kr\u0105\u017cy, szukaj\u0105c kogo po\u017cre\u0107\u201d<\/em> (1 P 5,8).<\/p>\n\n\n\n<p>Ale B\u00f3g nie pozostawia nas bez obrony. Nie posy\u0142a nas do walki bez broni. Przeciwnie: daje nam <strong>trzy pot\u0119\u017cne, skuteczne i dost\u0119pne dla wszystkich or\u0119\u017ca<\/strong>, zdolne pokona\u0107 wroga w ka\u017cdej sytuacji. Nie s\u0105 to ludzkie techniki ani magiczne formu\u0142y, lecz <strong>rzeczywisto\u015bci nadprzyrodzone<\/strong>, kt\u00f3re wyp\u0142ywaj\u0105 z samego serca Odkupienia.<\/p>\n\n\n\n<p>Oto one:<\/p>\n\n\n\n<ol class=\"wp-block-list\">\n<li><strong>\u015awi\u0119te Imi\u0119 Jezusa<\/strong><\/li>\n\n\n\n<li><strong>Krew Chrystusa<\/strong><\/li>\n\n\n\n<li><strong>Nabo\u017ce\u0144stwo do Naj\u015bwi\u0119tszej Maryi Panny<\/strong><\/li>\n<\/ol>\n\n\n\n<p>Przyjrzyjmy si\u0119 ka\u017cdemu z nich w \u015bwietle teologii oraz w praktycznym zastosowaniu w codziennym \u017cyciu.<\/p>\n\n\n\n<hr class=\"wp-block-separator has-alpha-channel-opacity\"\/>\n\n\n\n<h1 class=\"wp-block-heading\"><strong>1. \u015awi\u0119te Imi\u0119 Jezusa: Imi\u0119, kt\u00f3re sprawia, \u017ce piek\u0142o dr\u017cy<\/strong><\/h1>\n\n\n\n<p>Od pierwszych wiek\u00f3w chrze\u015bcijanie do\u015bwiadczali mocy Imienia Jezusa. To nie jest zwyk\u0142e imi\u0119. To Imi\u0119, kt\u00f3re zawiera w sobie sam\u0105 obecno\u015b\u0107 Boga, kt\u00f3ry sta\u0142 si\u0119 cz\u0142owiekiem.<\/p>\n\n\n\n<p>Aposto\u0142 \u015awi\u0119ty Pawe\u0142 jasno g\u0142osi:<\/p>\n\n\n\n<blockquote class=\"wp-block-quote is-layout-flow wp-block-quote-is-layout-flow\">\n<p><em>\u201eAby na imi\u0119 Jezusa zgi\u0119\u0142o si\u0119 wszelkie kolano w niebie, na ziemi i pod ziemi\u0105\u201d<\/em> (Flp 2,10).<\/p>\n<\/blockquote>\n\n\n\n<h2 class=\"wp-block-heading\"><strong>Podstawa teologiczna<\/strong><\/h2>\n\n\n\n<p>W biblijnym rozumieniu imi\u0119 wyra\u017ca to\u017csamo\u015b\u0107 i misj\u0119. Imi\u0119 \u201eJezus\u201d oznacza: <strong>\u201eB\u00f3g zbawia\u201d<\/strong>. Dlatego wzywanie Jego Imienia oznacza <strong>uobecnienie Jego zbawczej mocy<\/strong>.<\/p>\n\n\n\n<p>Ojcowie Ko\u015bcio\u0142a nauczali, \u017ce demony boj\u0105 si\u0119 Imienia Jezusa, poniewa\u017c rozpoznaj\u0105 w Nim swojego zwyci\u0119zc\u0119. Nie jest to zwyk\u0142e s\u0142owo: to <strong>wezwanie pe\u0142ne Bo\u017cej w\u0142adzy<\/strong>.<\/p>\n\n\n\n<h2 class=\"wp-block-heading\"><strong>Historia i Tradycja<\/strong><\/h2>\n\n\n\n<p>\u015awi\u0119ci tacy jak \u015awi\u0119ty Bernard z Clairvaux oraz \u015awi\u0119ty Bernardyn ze Sieny gorliwie szerzyli nabo\u017ce\u0144stwo do \u015awi\u0119tego Imienia. \u015awi\u0119ty Bernardyn nosi\u0142 monogram \u201eIHS\u201d i g\u0142osi\u0142, \u017ce Imi\u0119 Jezusa jest \u201e\u015bwiat\u0142em, pokarmem i lekarstwem\u201d.<\/p>\n\n\n\n<h2 class=\"wp-block-heading\"><strong>Zastosowanie praktyczne<\/strong><\/h2>\n\n\n\n<ul class=\"wp-block-list\">\n<li>Powtarzaj z wiar\u0105: <strong>\u201eJezu, ufam Tobie\u201d<\/strong><\/li>\n\n\n\n<li>Wzywaj Jego Imienia w chwilach pokusy<\/li>\n\n\n\n<li>Wymawiaj je z mi\u0142o\u015bci\u0105 rano i przed snem<\/li>\n\n\n\n<li>U\u017cywaj jako kr\u00f3tkiej modlitwy: <em>\u201eJezu, Jezu, Jezu\u201d<\/em><\/li>\n<\/ul>\n\n\n\n<p>Kiedy wypowiadasz Jego Imi\u0119 z wiar\u0105, <strong>nie jeste\u015b sam: On dzia\u0142a<\/strong>.<\/p>\n\n\n\n<hr class=\"wp-block-separator has-alpha-channel-opacity\"\/>\n\n\n\n<h1 class=\"wp-block-heading\"><strong>2. Krew Chrystusa: cena twojego odkupienia<\/strong><\/h1>\n\n\n\n<p>Je\u015bli Imi\u0119 Jezusa jest pot\u0119\u017cne, to Jego Krew jest cen\u0105 naszego zbawienia. Pismo \u015awi\u0119te m\u00f3wi jasno:<\/p>\n\n\n\n<blockquote class=\"wp-block-quote is-layout-flow wp-block-quote-is-layout-flow\">\n<p><em>\u201eBez przelania krwi nie ma odpuszczenia grzech\u00f3w\u201d<\/em> (Hbr 9,22).<\/p>\n<\/blockquote>\n\n\n\n<h2 class=\"wp-block-heading\"><strong>Podstawa teologiczna<\/strong><\/h2>\n\n\n\n<p>Krew Chrystusa nie jest tylko symbolem: jest <strong>rzeczywisto\u015bci\u0105 odkupie\u0144cz\u0105<\/strong>. Na krzy\u017cu Jezus Chrystus oddaje swoje \u017cycie jako doskona\u0142\u0105 ofiar\u0119.<\/p>\n\n\n\n<p>\u015awi\u0119ty Pawe\u0142 stwierdza:<\/p>\n\n\n\n<blockquote class=\"wp-block-quote is-layout-flow wp-block-quote-is-layout-flow\">\n<p><em>\u201eZostali\u015bmy usprawiedliwieni przez Jego krew\u201d<\/em> (Rz 5,9).<\/p>\n<\/blockquote>\n\n\n\n<p>To oznacza, \u017ce Krew Chrystusa:<\/p>\n\n\n\n<ul class=\"wp-block-list\">\n<li>oczyszcza nas z grzechu<\/li>\n\n\n\n<li>pojednuje nas z Bogiem<\/li>\n\n\n\n<li>chroni nas przed wrogiem<\/li>\n<\/ul>\n\n\n\n<p>W Apokalipsie czytamy:<\/p>\n\n\n\n<blockquote class=\"wp-block-quote is-layout-flow wp-block-quote-is-layout-flow\">\n<p><em>\u201eOni zwyci\u0119\u017cyli go przez krew Baranka\u201d<\/em> (Ap 12,11).<\/p>\n<\/blockquote>\n\n\n\n<h2 class=\"wp-block-heading\"><strong>Wymiar duchowy<\/strong><\/h2>\n\n\n\n<p>Demony nie mog\u0105 oprze\u0107 si\u0119 Krwi Chrystusa, poniewa\u017c jest ona znakiem ich ostatecznej kl\u0119ski. Za ka\u017cdym razem, gdy wzywamy jej z wiar\u0105, <strong>og\u0142aszamy zwyci\u0119stwo krzy\u017ca w naszym \u017cyciu<\/strong>.<\/p>\n\n\n\n<h2 class=\"wp-block-heading\"><strong>Zastosowanie praktyczne<\/strong><\/h2>\n\n\n\n<ul class=\"wp-block-list\">\n<li>M\u00f3dl si\u0119: <strong>\u201ePrzez Krew Chrystusa, chro\u0144 mnie, Panie\u201d<\/strong><\/li>\n\n\n\n<li>Oddaj swoj\u0105 rodzin\u0119 pod opiek\u0119 Krwi Chrystusa<\/li>\n\n\n\n<li>Wzywaj jej w chwilach l\u0119ku i niepokoju<\/li>\n\n\n\n<li>Uczestnicz w Eucharystii, gdzie ta Krew jest sakramentalnie obecna<\/li>\n<\/ul>\n\n\n\n<p>Krew Chrystusa nie nale\u017cy do przesz\u0142o\u015bci: <strong>jest obecna i skuteczna dzi\u015b<\/strong>.<\/p>\n\n\n\n<hr class=\"wp-block-separator has-alpha-channel-opacity\"\/>\n\n\n\n<h1 class=\"wp-block-heading\"><strong>3. Nabo\u017ce\u0144stwo do Naj\u015bwi\u0119tszej Maryi Panny: Niewiasta, kt\u00f3ra mia\u017cd\u017cy g\u0142ow\u0119 w\u0119\u017ca<\/strong><\/h1>\n\n\n\n<p>Ju\u017c w Ksi\u0119dze Rodzaju B\u00f3g zapowiada zwyci\u0119stwo nad szatanem przez kobiet\u0119:<\/p>\n\n\n\n<blockquote class=\"wp-block-quote is-layout-flow wp-block-quote-is-layout-flow\">\n<p><em>\u201eWprowadzam nieprzyja\u017a\u0144 mi\u0119dzy ciebie a niewiast\u0119\u2026 ona zmia\u017cd\u017cy ci g\u0142ow\u0119\u201d<\/em> (Rdz 3,15).<\/p>\n<\/blockquote>\n\n\n\n<p>T\u0105 niewiast\u0105 jest Naj\u015bwi\u0119tsza Maryja Panna.<\/p>\n\n\n\n<h2 class=\"wp-block-heading\"><strong>Podstawa teologiczna<\/strong><\/h2>\n\n\n\n<p>Maryja nie jest boska, ale zosta\u0142a wyniesiona przez Boga do wyj\u0105tkowej misji: <strong>by\u0107 Matk\u0105 Odkupiciela i wsp\u00f3\u0142pracowa\u0107 w dziele zbawienia<\/strong>.<\/p>\n\n\n\n<p>Jej pokora pokonuje pych\u0119 szatana. Jej pos\u0142usze\u0144stwo zwyci\u0119\u017ca niepos\u0142usze\u0144stwo grzechu pierworodnego.<\/p>\n\n\n\n<h2 class=\"wp-block-heading\"><strong>\u015awiadectwo \u015bwi\u0119tych<\/strong><\/h2>\n\n\n\n<p>\u015awi\u0119ty Ludwik Maria Grignion de Montfort podkre\u015bla\u0142, \u017ce <strong>Maryja jest najpewniejsz\u0105, najkr\u00f3tsz\u0105 i najdoskonalsz\u0105 drog\u0105 do Chrystusa<\/strong>. M\u00f3wi\u0142 tak\u017ce, \u017ce demony boj\u0105 si\u0119 Maryi bardziej ni\u017c wszystkich anio\u0142\u00f3w razem wzi\u0119tych.<\/p>\n\n\n\n<h2 class=\"wp-block-heading\"><strong>R\u00f3\u017caniec: or\u0119\u017c duchowy<\/strong><\/h2>\n\n\n\n<p>R\u00f3\u017caniec by\u0142 nazywany \u201epot\u0119\u017cn\u0105 broni\u0105\u201d w wielu objawieniach i nauczaniu. Nie jest pustym powtarzaniem, lecz <strong>g\u0142\u0119bok\u0105 medytacj\u0105 tajemnicy Chrystusa z Maryj\u0105<\/strong>.<\/p>\n\n\n\n<h2 class=\"wp-block-heading\"><strong>Zastosowanie praktyczne<\/strong><\/h2>\n\n\n\n<ul class=\"wp-block-list\">\n<li>Odmawiaj r\u00f3\u017caniec ka\u017cdego dnia<\/li>\n\n\n\n<li>Po\u015bwi\u0119\u0107 si\u0119 Naj\u015bwi\u0119tszej Maryi Pannie<\/li>\n\n\n\n<li>Wzywaj Jej wstawiennictwa: <em>\u201e\u015awi\u0119ta Maryjo, m\u00f3dl si\u0119 za nami\u201d<\/em><\/li>\n\n\n\n<li>Umieszczaj obrazy lub symbole maryjne w swoim domu<\/li>\n<\/ul>\n\n\n\n<p>Tam, gdzie jest Maryja, <strong>szatan traci grunt<\/strong>.<\/p>\n\n\n\n<hr class=\"wp-block-separator has-alpha-channel-opacity\"\/>\n\n\n\n<h1 class=\"wp-block-heading\"><strong>Podsumowanie: nie jeste\u015b sam w walce<\/strong><\/h1>\n\n\n\n<p>Walka duchowa jest realna, ale zwyci\u0119stwo r\u00f3wnie\u017c. B\u00f3g da\u0142 ci proste, ale niesko\u0144czenie pot\u0119\u017cne narz\u0119dzia:<\/p>\n\n\n\n<ul class=\"wp-block-list\">\n<li><strong>Imi\u0119 Jezusa<\/strong>, kt\u00f3re odp\u0119dza wroga<\/li>\n\n\n\n<li><strong>Krew Chrystusa<\/strong>, kt\u00f3ra ci\u0119 odkupia i chroni<\/li>\n\n\n\n<li><strong>Naj\u015bwi\u0119tsz\u0105 Maryj\u0119 Pann\u0119<\/strong>, kt\u00f3ra wstawia si\u0119 i mia\u017cd\u017cy g\u0142ow\u0119 w\u0119\u017ca<\/li>\n<\/ul>\n\n\n\n<p>Nie musisz by\u0107 teologiem ani mistykiem, aby z nich korzysta\u0107. Wystarczy <strong>wiara, wytrwa\u0142o\u015b\u0107 i pokora<\/strong>.<\/p>\n\n\n\n<p>Dzi\u015b bardziej ni\u017c kiedykolwiek, w\u015br\u00f3d zam\u0119tu \u015bwiata, te or\u0119\u017ca s\u0105 pilnie potrzebne. Nie zostawiaj ich niewykorzystanych. U\u017cywaj ich. \u017byj nimi. Ufaj im.<\/p>\n\n\n\n<p>Bo jak m\u00f3wi Pismo \u015awi\u0119te:<\/p>\n\n\n\n<blockquote class=\"wp-block-quote is-layout-flow wp-block-quote-is-layout-flow\">\n<p><em>\u201eJe\u015bli B\u00f3g z nami, kt\u00f3\u017c przeciwko nam?\u201d<\/em> (Rz 8,31)<\/p>\n<\/blockquote>\n\n\n\n<p>I pami\u0119taj: zwyci\u0119stwo nie jest niepewne. <strong>Chrystus ju\u017c zwyci\u0119\u017cy\u0142.<\/strong><\/p>\n","protected":false},"excerpt":{"rendered":"<p>\u017byjemy w czasach, w kt\u00f3rych z\u0142o nie tylko istnieje, ale tak\u017ce si\u0119 maskuje, uwodzi i jest normalizowane. Walka duchowa nie jest metafor\u0105: jest rzeczywisto\u015bci\u0105 g\u0142\u0119boko potwierdzon\u0105 przez Pismo \u015awi\u0119te, Tradycj\u0119 Ko\u015bcio\u0142a oraz do\u015bwiadczenie \u015bwi\u0119tych. Jak napomina aposto\u0142 \u015awi\u0119ty Piotr: \u201eB\u0105d\u017acie trze\u017awi! Czuwajcie! Przeciwnik wasz, diabe\u0142, jak lew rycz\u0105cy kr\u0105\u017cy, szukaj\u0105c kogo po\u017cre\u0107\u201d (1 P 5,8). &hellip;<\/p>\n","protected":false},"author":3,"featured_media":5438,"comment_status":"closed","ping_status":"closed","sticky":false,"template":"","format":"standard","meta":{"_seopress_robots_primary_cat":"","_seopress_titles_title":"","_seopress_titles_desc":"","_seopress_robots_index":"","footnotes":""},"categories":[40,58],"tags":[],"class_list":["post-5437","post","type-post","status-publish","format-standard","has-post-thumbnail","","category-modlitwa-i-duchowosc","category-modlitwa-i-zycie-duchowe"],"_links":{"self":[{"href":"https:\/\/catholicus.eu\/pl\/wp-json\/wp\/v2\/posts\/5437","targetHints":{"allow":["GET"]}}],"collection":[{"href":"https:\/\/catholicus.eu\/pl\/wp-json\/wp\/v2\/posts"}],"about":[{"href":"https:\/\/catholicus.eu\/pl\/wp-json\/wp\/v2\/types\/post"}],"author":[{"embeddable":true,"href":"https:\/\/catholicus.eu\/pl\/wp-json\/wp\/v2\/users\/3"}],"replies":[{"embeddable":true,"href":"https:\/\/catholicus.eu\/pl\/wp-json\/wp\/v2\/comments?post=5437"}],"version-history":[{"count":1,"href":"https:\/\/catholicus.eu\/pl\/wp-json\/wp\/v2\/posts\/5437\/revisions"}],"predecessor-version":[{"id":5439,"href":"https:\/\/catholicus.eu\/pl\/wp-json\/wp\/v2\/posts\/5437\/revisions\/5439"}],"wp:featuredmedia":[{"embeddable":true,"href":"https:\/\/catholicus.eu\/pl\/wp-json\/wp\/v2\/media\/5438"}],"wp:attachment":[{"href":"https:\/\/catholicus.eu\/pl\/wp-json\/wp\/v2\/media?parent=5437"}],"wp:term":[{"taxonomy":"category","embeddable":true,"href":"https:\/\/catholicus.eu\/pl\/wp-json\/wp\/v2\/categories?post=5437"},{"taxonomy":"post_tag","embeddable":true,"href":"https:\/\/catholicus.eu\/pl\/wp-json\/wp\/v2\/tags?post=5437"}],"curies":[{"name":"wp","href":"https:\/\/api.w.org\/{rel}","templated":true}]}}