{"id":5431,"date":"2026-03-20T09:30:28","date_gmt":"2026-03-20T08:30:28","guid":{"rendered":"https:\/\/catholicus.eu\/pl\/?p=5431"},"modified":"2026-03-20T09:30:28","modified_gmt":"2026-03-20T08:30:28","slug":"przestan-uzywac-swojej-rany-jako-tozsamosci-nie-jestes-swoja-przeszloscia-jestes-nowym-stworzeniem","status":"publish","type":"post","link":"https:\/\/catholicus.eu\/pl\/przestan-uzywac-swojej-rany-jako-tozsamosci-nie-jestes-swoja-przeszloscia-jestes-nowym-stworzeniem\/","title":{"rendered":"Przesta\u0144 u\u017cywa\u0107 swojej rany jako to\u017csamo\u015bci: nie jeste\u015b swoj\u0105 przesz\u0142o\u015bci\u0105, jeste\u015b nowym stworzeniem"},"content":{"rendered":"\n<p>\u017byjemy w czasach, w kt\u00f3rych b\u00f3l sta\u0142 si\u0119, prawie niezauwa\u017calnie, wizyt\u00f3wk\u0105. Rany z przesz\u0142o\u015bci \u2014 odrzucenia, zdrady, pora\u017cki, grzechy \u2014 nie s\u0105 ju\u017c tylko wspominane: s\u0105 eksponowane, powtarzane, przekszta\u0142cane w to\u017csamo\u015b\u0107. Jednak z perspektywy tradycyjnej wiary katolickiej istnieje rewolucyjna prawda, kt\u00f3ra prze\u0142amuje t\u0119 logik\u0119: <strong>Twoja rana nie definiuje tego, kim jeste\u015b<\/strong>.<\/p>\n\n\n\n<p>A co wi\u0119cej: <strong>B\u00f3g nie wzywa Ci\u0119 przez Tw\u00f3j uraz, lecz przez Twoje odkupienie<\/strong>.<\/p>\n\n\n\n<hr class=\"wp-block-separator has-alpha-channel-opacity\"\/>\n\n\n\n<h2 class=\"wp-block-heading\"><strong>1. Wielkie z\u0142udzenie naszych czas\u00f3w: identyfikowanie si\u0119 z w\u0142asn\u0105 ran\u0105<\/strong><\/h2>\n\n\n\n<p>Dzi\u015b uczymy si\u0119 \u2014 wprost lub po\u015brednio \u2014 \u017ce musimy \u201eprzyj\u0105\u0107 nasz b\u00f3l\u201d do tego stopnia, \u017ce budujemy na nim nasz\u0105 to\u017csamo\u015b\u0107. Powstaj\u0105 w ten spos\u00f3b frazy takie jak:<\/p>\n\n\n\n<ul class=\"wp-block-list\">\n<li>\u201eJestem z\u0142amanym cz\u0142owiekiem\u201d<\/li>\n\n\n\n<li>\u201eJestem taki, poniewa\u017c zrobiono mi krzywd\u0119\u201d<\/li>\n\n\n\n<li>\u201eMoja przesz\u0142o\u015b\u0107 mnie definiuje\u201d<\/li>\n<\/ul>\n\n\n\n<p>Jednak ta wizja, cho\u0107 pozornie terapeutyczna, skrywa g\u0142\u0119bok\u0105 duchow\u0105 pu\u0142apk\u0119: <strong>wi\u0105\u017ce Ci\u0119 z tym, od czego Chrystus przyszed\u0142 Ci\u0119 uwolni\u0107<\/strong>.<\/p>\n\n\n\n<p>Z teologicznego punktu widzenia jest to problematyczne, poniewa\u017c przeczy istocie Ewangelii. Chrze\u015bcija\u0144stwo nie jest religi\u0105 traumy\u2026 <strong>jest religi\u0105 odkupienia<\/strong>.<\/p>\n\n\n\n<hr class=\"wp-block-separator has-alpha-channel-opacity\"\/>\n\n\n\n<h2 class=\"wp-block-heading\"><strong>2. Prawda, kt\u00f3ra zmienia wszystko: jeste\u015b nowym stworzeniem<\/strong><\/h2>\n\n\n\n<p>Aposto\u0142 \u015awi\u0119ty Pawe\u0142 wyra\u017ca to z niezwyk\u0142\u0105 klarowno\u015bci\u0105:<\/p>\n\n\n\n<blockquote class=\"wp-block-quote is-layout-flow wp-block-quote-is-layout-flow\">\n<p><em>\u201eJe\u015bli wi\u0119c kto\u015b jest w Chrystusie, jest nowym stworzeniem; stare przemin\u0119\u0142o, oto wszystko sta\u0142o si\u0119 nowe.\u201d<\/em><br>(2 List do Koryntian 5,17)<\/p>\n<\/blockquote>\n\n\n\n<p>To stwierdzenie nie jest poetyckie. Jest ontologiczne. Jest realne.<\/p>\n\n\n\n<p>Kiedy cz\u0142owiek wchodzi w komunj\u0119 z Chrystusem \u2014 szczeg\u00f3lnie przez Chrzest i \u0142ask\u0119 \u2014 dzieje si\u0119 co\u015b radykalnego:<\/p>\n\n\n\n<ul class=\"wp-block-list\">\n<li>Nie jeste\u015b ulepszon\u0105 wersj\u0105 swojego starego \u201eja\u201d<\/li>\n\n\n\n<li>Nie jeste\u015b \u201eosob\u0105 w procesie traumatycznego leczenia\u201d<\/li>\n\n\n\n<li><strong>Jeste\u015b nowym stworzeniem<\/strong><\/li>\n<\/ul>\n\n\n\n<p>Oznacza to, \u017ce Twoja najg\u0142\u0119bsza to\u017csamo\u015b\u0107 nie le\u017cy ju\u017c w tym, czego do\u015bwiadczy\u0142e\u015b, lecz w tym, co Chrystus uczyni\u0142 w Tobie.<\/p>\n\n\n\n<hr class=\"wp-block-separator has-alpha-channel-opacity\"\/>\n\n\n\n<h2 class=\"wp-block-heading\"><strong>3. Chrystus nie przyszed\u0142, by zatwierdzi\u0107 Twoj\u0105 ran\u0119\u2026 przyszed\u0142, by j\u0105 uleczy\u0107<\/strong><\/h2>\n\n\n\n<p>Trzeba to powiedzie\u0107 jasno: <strong>B\u00f3g nie zaprzecza Twojemu b\u00f3lowi<\/strong>, ale te\u017c nie chce, aby\u015b \u017cy\u0142 zniewolony przez niego.<\/p>\n\n\n\n<p>Jezus Chrystus nie zbli\u017ca si\u0119 do rannego cz\u0142owieka, by powiedzie\u0107: \u201eZdefiniuj swoje \u017cycie przez to.\u201d<br>Przychodzi, aby powiedzie\u0107: \u201ePowsta\u0144.\u201d<\/p>\n\n\n\n<ul class=\"wp-block-list\">\n<li>Do paralityka: \u201eWsta\u0144 i chod\u017a\u201d<\/li>\n\n\n\n<li>Do niewidomego: \u201eOtrzymaj wzrok\u201d<\/li>\n\n\n\n<li>Do grzesznika: \u201eId\u017a i ju\u017c nie grzesz\u201d<\/li>\n<\/ul>\n\n\n\n<p>Chrystus nigdy nie absolutyzuje rany. <strong>Przechodzi przez ni\u0105, odkupuje j\u0105 i przemienia<\/strong>.<\/p>\n\n\n\n<hr class=\"wp-block-separator has-alpha-channel-opacity\"\/>\n\n\n\n<h2 class=\"wp-block-heading\"><strong>4. Duchowe niebezpiecze\u0144stwo m\u00f3wienia wi\u0119cej o ranie ni\u017c o uzdrowieniu<\/strong><\/h2>\n\n\n\n<p>Istnieje realne \u2014 i bardzo aktualne \u2014 ryzyko: <strong>utkni\u0119cia w narracji b\u00f3lu<\/strong>.<\/p>\n\n\n\n<p>Gdy cz\u0142owiek stale m\u00f3wi o tym, co mu zrobiono, co prze\u017cy\u0142, co straci\u0142\u2026 ale prawie wcale nie m\u00f3wi o \u0142asce, przebaczeniu czy uzdrowieniu, dzieje si\u0119 co\u015b wewn\u0119trznie:<\/p>\n\n\n\n<ul class=\"wp-block-list\">\n<li>To\u017csamo\u015b\u0107 ofiary zostaje wzmocniona<\/li>\n\n\n\n<li>Nadzieja s\u0142abnie<\/li>\n\n\n\n<li>Dzia\u0142anie \u0142aski jest blokowane<\/li>\n<\/ul>\n\n\n\n<p>Nie chodzi o zapominanie przesz\u0142o\u015bci. Chodzi o <strong>nie\u017cycie zakotwiczonym w niej<\/strong>.<\/p>\n\n\n\n<p>Z perspektywy duszpasterskiej jest to kluczowe:<br><strong>przypominanie sobie nie jest tym samym, co ci\u0105g\u0142e prze\u017cywanie na nowo<\/strong>.<\/p>\n\n\n\n<hr class=\"wp-block-separator has-alpha-channel-opacity\"\/>\n\n\n\n<h2 class=\"wp-block-heading\"><strong>5. Chrze\u015bcija\u0144ski pogl\u0105d na przesz\u0142o\u015b\u0107: odkupiona, nie wymazana<\/strong><\/h2>\n\n\n\n<p>Chrze\u015bcija\u0144stwo nie proponuje emocjonalnej ani duchowej amnezji. B\u00f3g nie usuwa magicznie Twojej historii. Robi co\u015b znacznie wi\u0119kszego:<\/p>\n\n\n\n<p>\ud83d\udc49 <strong>Odkupuje j\u0105<\/strong><\/p>\n\n\n\n<p>To oznacza, \u017ce:<\/p>\n\n\n\n<ul class=\"wp-block-list\">\n<li>Twoja przesz\u0142o\u015b\u0107 nie znika<\/li>\n\n\n\n<li>Ale traci moc definiowania Ciebie<\/li>\n\n\n\n<li>I staje si\u0119 narz\u0119dziem \u0142aski<\/li>\n<\/ul>\n\n\n\n<p>Jak m\u00f3wi tradycja duchowa:<br><strong>\u201eB\u00f3g pisze prosto po krzywych liniach.\u201d<\/strong><\/p>\n\n\n\n<p>Nawet Twoje rany \u2014 gdy zostan\u0105 prawdziwie powierzone Bogu \u2014 mog\u0105 sta\u0107 si\u0119:<\/p>\n\n\n\n<ul class=\"wp-block-list\">\n<li>\u0179r\u00f3d\u0142em pokory<\/li>\n\n\n\n<li>Drog\u0105 do u\u015bwi\u0119cenia<\/li>\n\n\n\n<li>Drzwiami, by pomaga\u0107 innym<\/li>\n<\/ul>\n\n\n\n<hr class=\"wp-block-separator has-alpha-channel-opacity\"\/>\n\n\n\n<h2 class=\"wp-block-heading\"><strong>6. Nie jeste\u015b swoj\u0105 przesz\u0142o\u015bci\u0105: jeste\u015b dzieckiem Bo\u017cym<\/strong><\/h2>\n\n\n\n<p>Tu le\u017cy sedno wszystkiego: <strong>Twoja to\u017csamo\u015b\u0107 nie tkwi w Twojej historii, lecz w Twoim boskim synostwie<\/strong>.<\/p>\n\n\n\n<p>Je\u015bli redukujesz swoj\u0105 to\u017csamo\u015b\u0107 do tego, co Ci si\u0119 przytrafi\u0142o, patrzysz na siebie od do\u0142u.<br>Ale je\u015bli patrzysz na siebie z perspektywy Boga, odkrywasz co\u015b niesko\u0144czenie wi\u0119kszego:<\/p>\n\n\n\n<ul class=\"wp-block-list\">\n<li>Nie jeste\u015b \u201eporzuconym\u201d \u2192 jeste\u015b kochany<\/li>\n\n\n\n<li>Nie jeste\u015b \u201enieudacznikiem\u201d \u2192 jeste\u015b odkupiony<\/li>\n\n\n\n<li>Nie jeste\u015b \u201egrzesznikiem bez wyj\u015bcia\u201d \u2192 jeste\u015b powo\u0142any do \u015bwi\u0119to\u015bci<\/li>\n<\/ul>\n\n\n\n<p>Teologia katolicka jest jasna:<br><strong>\u0142aska nie tylko przebacza, ona wynosi<\/strong>.<\/p>\n\n\n\n<hr class=\"wp-block-separator has-alpha-channel-opacity\"\/>\n\n\n\n<h2 class=\"wp-block-heading\"><strong>7. Praktyczne klucze, aby przesta\u0107 \u017cy\u0107 z ran\u0105<\/strong><\/h2>\n\n\n\n<p>Ta droga nie jest automatyczna. Wymaga decyzji, \u0142aski i duchowej walki. Oto konkretny przewodnik:<\/p>\n\n\n\n<h3 class=\"wp-block-heading\"><strong>1. Uporz\u0105dkuj sw\u00f3j j\u0119zyk<\/strong><\/h3>\n\n\n\n<p>To, co m\u00f3wisz, kszta\u0142tuje Twoj\u0105 to\u017csamo\u015b\u0107.<\/p>\n\n\n\n<p>\u274c \u201eJestem taki z powodu tego, co mi si\u0119 przydarzy\u0142o\u201d<br>\u2705 \u201eTo mi si\u0119 przydarzy\u0142o, ale nie definiuje tego, kim jestem\u201d<\/p>\n\n\n\n<hr class=\"wp-block-separator has-alpha-channel-opacity\"\/>\n\n\n\n<h3 class=\"wp-block-heading\"><strong>2. G\u0142o\u015bniej g\u0142os o dzia\u0142aniu Boga ni\u017c o swoim b\u00f3lu<\/strong><\/h3>\n\n\n\n<p>M\u00f3w o tym, jak B\u00f3g Ci\u0119 leczy, a nie tylko o tym, co przeszed\u0142e\u015b.<\/p>\n\n\n\n<hr class=\"wp-block-separator has-alpha-channel-opacity\"\/>\n\n\n\n<h3 class=\"wp-block-heading\"><strong>3. Korzystaj z sakrament\u00f3w<\/strong><\/h3>\n\n\n\n<p>W szczeg\u00f3lno\u015bci:<\/p>\n\n\n\n<ul class=\"wp-block-list\">\n<li>Spowied\u017a \u2192 \u0142amie \u0142a\u0144cuchy przesz\u0142o\u015bci<\/li>\n\n\n\n<li>Eucharystia \u2192 wzmacnia Twoj\u0105 now\u0105 to\u017csamo\u015b\u0107<\/li>\n<\/ul>\n\n\n\n<hr class=\"wp-block-separator has-alpha-channel-opacity\"\/>\n\n\n\n<h3 class=\"wp-block-heading\"><strong>4. Praktykuj przebaczenie (nawet gdy jest trudno)<\/strong><\/h3>\n\n\n\n<p>Urazy wi\u0105\u017c\u0105 Ci\u0119 z przesz\u0142o\u015bci\u0105. Przebaczenie uwalnia.<\/p>\n\n\n\n<hr class=\"wp-block-separator has-alpha-channel-opacity\"\/>\n\n\n\n<h3 class=\"wp-block-heading\"><strong>5. Przesta\u0144 tkwi\u0107 w ranie<\/strong><\/h3>\n\n\n\n<p>Nie ka\u017cde wspomnienie jest zdrowe. Niekt\u00f3re trzeba odda\u0107, a nie karmi\u0107.<\/p>\n\n\n\n<hr class=\"wp-block-separator has-alpha-channel-opacity\"\/>\n\n\n\n<h3 class=\"wp-block-heading\"><strong>6. Szukaj kierownictwa duchowego<\/strong><\/h3>\n\n\n\n<p>Dobry przewodnik pomo\u017ce Ci nie myli\u0107 uzdrowienia z postaw\u0105 ofiary.<\/p>\n\n\n\n<hr class=\"wp-block-separator has-alpha-channel-opacity\"\/>\n\n\n\n<h2 class=\"wp-block-heading\"><strong>8. Konieczne ostrze\u017cenie: uzdrawianie nie oznacza zaprzeczania b\u00f3lowi<\/strong><\/h2>\n\n\n\n<p>Nie chodzi o duchowienie wszystkiego ani zaprzeczanie cierpieniu. B\u00f3l jest realny. Rany istniej\u0105.<\/p>\n\n\n\n<p>Ale istnieje zasadnicza r\u00f3\u017cnica mi\u0119dzy:<\/p>\n\n\n\n<ul class=\"wp-block-list\">\n<li><strong>Uznaniem rany<\/strong><br>a<\/li>\n\n\n\n<li><strong>Uczynieniem z niej swojej to\u017csamo\u015bci<\/strong><\/li>\n<\/ul>\n\n\n\n<p>Pierwsze jest konieczne.<br>Drugie jest destrukcyjne.<\/p>\n\n\n\n<hr class=\"wp-block-separator has-alpha-channel-opacity\"\/>\n\n\n\n<h2 class=\"wp-block-heading\"><strong>9. Prawdziwa wolno\u015b\u0107: \u017cy\u0107 z Chrystusem, nie z przesz\u0142o\u015bci\u0105<\/strong><\/h2>\n\n\n\n<p>\u015awiat powie Ci: \u201eWyra\u017caj siebie poprzez swoj\u0105 ran\u0119.\u201d<br>Chrystus m\u00f3wi Ci: <strong>\u201e\u017byj ze swojego odkupienia.\u201d<\/strong><\/p>\n\n\n\n<p>I to zmienia wszystko.<\/p>\n\n\n\n<p>Bo ostatecznie pytanie nie brzmi:<\/p>\n\n\n\n<p>\ud83d\udc49 \u201eCo ci si\u0119 przydarzy\u0142o?\u201d<br>ale<br>\ud83d\udc49 \u201eKim jeste\u015b w Chrystusie?\u201d<\/p>\n\n\n\n<hr class=\"wp-block-separator has-alpha-channel-opacity\"\/>\n\n\n\n<h2 class=\"wp-block-heading\"><strong>Zako\u0144czenie: przesta\u0144 patrze\u0107 wstecz, aby naprawd\u0119 zacz\u0105\u0107 \u017cy\u0107<\/strong><\/h2>\n\n\n\n<p>Nie jeste\u015b swoim traum\u0105.<br>Nie jeste\u015b swoim grzechem.<br>Nie jeste\u015b swoj\u0105 z\u0142aman\u0105 histori\u0105.<\/p>\n\n\n\n<p><strong>Jeste\u015b nowym stworzeniem w Chrystusie.<\/strong><\/p>\n\n\n\n<p>I im szybciej przestaniesz m\u00f3wi\u0107 wi\u0119cej o swojej ranie ni\u017c o swoim uzdrowieniu, tym szybciej zaczniesz do\u015bwiadcza\u0107 prawdziwej wolno\u015bci dzieci Bo\u017cych.<\/p>\n\n\n\n<p>Bo chrze\u015bcija\u0144stwo to nie historia tego, co ci zrobiono\u2026<br><strong>to historia tego, co B\u00f3g robi z tob\u0105.<\/strong><\/p>\n","protected":false},"excerpt":{"rendered":"<p>\u017byjemy w czasach, w kt\u00f3rych b\u00f3l sta\u0142 si\u0119, prawie niezauwa\u017calnie, wizyt\u00f3wk\u0105. Rany z przesz\u0142o\u015bci \u2014 odrzucenia, zdrady, pora\u017cki, grzechy \u2014 nie s\u0105 ju\u017c tylko wspominane: s\u0105 eksponowane, powtarzane, przekszta\u0142cane w to\u017csamo\u015b\u0107. Jednak z perspektywy tradycyjnej wiary katolickiej istnieje rewolucyjna prawda, kt\u00f3ra prze\u0142amuje t\u0119 logik\u0119: Twoja rana nie definiuje tego, kim jeste\u015b. A co wi\u0119cej: B\u00f3g &hellip;<\/p>\n","protected":false},"author":3,"featured_media":5432,"comment_status":"closed","ping_status":"closed","sticky":false,"template":"","format":"standard","meta":{"_seopress_robots_primary_cat":"","_seopress_titles_title":"","_seopress_titles_desc":"","_seopress_robots_index":"","footnotes":""},"categories":[54,39],"tags":[],"class_list":["post-5431","post","type-post","status-publish","format-standard","has-post-thumbnail","","category-bioetyka-i-wspolczesne-problemy","category-moralnosc-i-zycie-chrzescijanskie"],"_links":{"self":[{"href":"https:\/\/catholicus.eu\/pl\/wp-json\/wp\/v2\/posts\/5431","targetHints":{"allow":["GET"]}}],"collection":[{"href":"https:\/\/catholicus.eu\/pl\/wp-json\/wp\/v2\/posts"}],"about":[{"href":"https:\/\/catholicus.eu\/pl\/wp-json\/wp\/v2\/types\/post"}],"author":[{"embeddable":true,"href":"https:\/\/catholicus.eu\/pl\/wp-json\/wp\/v2\/users\/3"}],"replies":[{"embeddable":true,"href":"https:\/\/catholicus.eu\/pl\/wp-json\/wp\/v2\/comments?post=5431"}],"version-history":[{"count":1,"href":"https:\/\/catholicus.eu\/pl\/wp-json\/wp\/v2\/posts\/5431\/revisions"}],"predecessor-version":[{"id":5433,"href":"https:\/\/catholicus.eu\/pl\/wp-json\/wp\/v2\/posts\/5431\/revisions\/5433"}],"wp:featuredmedia":[{"embeddable":true,"href":"https:\/\/catholicus.eu\/pl\/wp-json\/wp\/v2\/media\/5432"}],"wp:attachment":[{"href":"https:\/\/catholicus.eu\/pl\/wp-json\/wp\/v2\/media?parent=5431"}],"wp:term":[{"taxonomy":"category","embeddable":true,"href":"https:\/\/catholicus.eu\/pl\/wp-json\/wp\/v2\/categories?post=5431"},{"taxonomy":"post_tag","embeddable":true,"href":"https:\/\/catholicus.eu\/pl\/wp-json\/wp\/v2\/tags?post=5431"}],"curies":[{"name":"wp","href":"https:\/\/api.w.org\/{rel}","templated":true}]}}