{"id":5422,"date":"2026-03-19T23:05:08","date_gmt":"2026-03-19T22:05:08","guid":{"rendered":"https:\/\/catholicus.eu\/pl\/?p=5422"},"modified":"2026-03-19T23:05:09","modified_gmt":"2026-03-19T22:05:09","slug":"problem-zla-i-logika-boza","status":"publish","type":"post","link":"https:\/\/catholicus.eu\/pl\/problem-zla-i-logika-boza\/","title":{"rendered":"Problem z\u0142a i logika Bo\u017ca"},"content":{"rendered":"\n<h2 class=\"wp-block-heading\">Teologiczne i filozoficzne spojrzenie dla wsp\u00f3\u0142czesnego cz\u0142owieka<\/h2>\n\n\n\n<p>\u017byjemy w epoce naznaczonej niepewno\u015bci\u0105, widocznym cierpieniem i cz\u0119sto utrat\u0105 sensu. Wojny, choroby, niesprawiedliwo\u015bci, osobiste dramaty\u2026 Wobec tego wszystkiego pojawia si\u0119 pytanie tak stare jak sama ludzko\u015b\u0107:<\/p>\n\n\n\n<p><strong>Dlaczego istnieje z\u0142o, je\u015bli B\u00f3g jest dobry?<\/strong><\/p>\n\n\n\n<p>To pytanie nie jest tylko filozoficzne; jest g\u0142\u0119boko egzystencjalne. Nie rodzi si\u0119 w ksi\u0105\u017ckach, lecz w zranionym sercu cz\u0142owieka. A wiara chrze\u015bcija\u0144ska, daleka od unikania go, podejmuje je z wyj\u0105tkow\u0105 g\u0142\u0119bi\u0105.<\/p>\n\n\n\n<hr class=\"wp-block-separator has-alpha-channel-opacity\"\/>\n\n\n\n<h2 class=\"wp-block-heading\">1. Skandal z\u0142a: pytanie uniwersalne<\/h2>\n\n\n\n<p>Tak zwany \u201eproblem z\u0142a\u201d towarzyszy ludzko\u015bci od jej pocz\u0105tk\u00f3w. Filozofowie tacy jak Epicuro ju\u017c formu\u0142owali go w ten spos\u00f3b:<\/p>\n\n\n\n<blockquote class=\"wp-block-quote is-layout-flow wp-block-quote-is-layout-flow\">\n<p>\u201eJe\u015bli B\u00f3g chce usun\u0105\u0107 z\u0142o i nie mo\u017ce, nie jest wszechmocny; je\u015bli mo\u017ce, ale nie chce, nie jest dobry.\u201d<\/p>\n<\/blockquote>\n\n\n\n<p>Ten, pozornie rozstrzygaj\u0105cy, zarzut pozostaje \u017cywy do dzi\u015b w wielu rozmowach, zw\u0142aszcza w\u015br\u00f3d tych, kt\u00f3rzy g\u0142\u0119boko cierpieli.<\/p>\n\n\n\n<p>Chrze\u015bcija\u0144stwo nie odpowiada jednak zimn\u0105 teori\u0105. Odpowiada <strong>histori\u0105<\/strong>, <strong>objawieniem<\/strong>, a przede wszystkim <strong>osob\u0105: ukrzy\u017cowanym Chrystusem<\/strong>.<\/p>\n\n\n\n<hr class=\"wp-block-separator has-alpha-channel-opacity\"\/>\n\n\n\n<h2 class=\"wp-block-heading\">2. Czym w\u0142a\u015bciwie jest z\u0142o? Kluczowe doprecyzowanie<\/h2>\n\n\n\n<p>Aby podej\u015b\u0107 do tego zagadnienia, trzeba dobrze zrozumie\u0107, czym z\u0142o jest z perspektywy teologicznej.<\/p>\n\n\n\n<p>Id\u0105c za San Agust\u00edn de Hipona, z\u0142o nie jest \u201erzecz\u0105\u201d stworzon\u0105 przez Boga, lecz <strong>brakiem dobra<\/strong>. To znaczy:<\/p>\n\n\n\n<ul class=\"wp-block-list\">\n<li>Z\u0142o nie ma w\u0142asnego bytu<\/li>\n\n\n\n<li>Jest zniekszta\u0142ceniem, brakiem, nie\u0142adem<\/li>\n<\/ul>\n\n\n\n<p>Tak jak ciemno\u015b\u0107 nie jest czym\u015b samym w sobie, lecz brakiem \u015bwiat\u0142a, tak z\u0142o jest brakiem dobra, kt\u00f3re powinno by\u0107 obecne.<\/p>\n\n\n\n<p>Ma to fundamentaln\u0105 konsekwencj\u0119:<br>\ud83d\udc49 <strong>B\u00f3g nie stwarza z\u0142a.<\/strong><\/p>\n\n\n\n<hr class=\"wp-block-separator has-alpha-channel-opacity\"\/>\n\n\n\n<h2 class=\"wp-block-heading\">3. \u0179r\u00f3d\u0142o z\u0142a: wolno\u015b\u0107 i grzech<\/h2>\n\n\n\n<p>Chrze\u015bcija\u0144stwo uczy, \u017ce z\u0142o wchodzi w \u015bwiat przez niew\u0142a\u015bciwe u\u017cycie wolno\u015bci.<\/p>\n\n\n\n<p>B\u00f3g w swojej mi\u0142o\u015bci nie stworzy\u0142 robot\u00f3w, lecz wolne istoty zdolne do mi\u0142o\u015bci. Ale ta wolno\u015b\u0107 niesie ze sob\u0105 ryzyko.<\/p>\n\n\n\n<h3 class=\"wp-block-heading\">Grzech pierworodny<\/h3>\n\n\n\n<p>Opis w G\u00e9nesis ukazuje, jak cz\u0142owiek na pocz\u0105tku wybiera oddalenie si\u0119 od Boga. Ten akt nie jest jedynie \u201eniepos\u0142usze\u0144stwem\u201d, lecz zerwaniem harmonii:<\/p>\n\n\n\n<ul class=\"wp-block-list\">\n<li>Z Bogiem<\/li>\n\n\n\n<li>Z innymi<\/li>\n\n\n\n<li>Ze stworzeniem<\/li>\n\n\n\n<li>Z samym sob\u0105<\/li>\n<\/ul>\n\n\n\n<p>Od tego momentu z\u0142o moralne i cierpienie wchodz\u0105 w histori\u0119 ludzko\u015bci.<\/p>\n\n\n\n<hr class=\"wp-block-separator has-alpha-channel-opacity\"\/>\n\n\n\n<h2 class=\"wp-block-heading\">4. A cierpienie? Tajemnica niewinnego b\u00f3lu<\/h2>\n\n\n\n<p>Tutaj dochodzimy do najtrudniejszego punktu:<br><strong>Dlaczego cierpi\u0105 niewinni?<\/strong><\/p>\n\n\n\n<p>Ksi\u0119ga Job jest by\u0107 mo\u017ce najg\u0142\u0119bsz\u0105 odpowiedzi\u0105, jak\u0105 daje Pismo \u015awi\u0119te.<\/p>\n\n\n\n<p>Hiob jest sprawiedliwy, a jednak cierpi. Traci wszystko. I stawia pytania Bogu.<\/p>\n\n\n\n<p>B\u00f3g nie daje mu logicznego wyja\u015bnienia. Daje mu co\u015b wi\u0119kszego:<br>\ud83d\udc49 <strong>Swoj\u0105 obecno\u015b\u0107.<\/strong><\/p>\n\n\n\n<p>To objawia kluczow\u0105 prawd\u0119:<br><strong>Problem z\u0142a nie rozwi\u0105zuje si\u0119 jedynie argumentami, lecz relacj\u0105.<\/strong><\/p>\n\n\n\n<hr class=\"wp-block-separator has-alpha-channel-opacity\"\/>\n\n\n\n<h2 class=\"wp-block-heading\">5. Odpowied\u017a chrze\u015bcija\u0144ska: Krzy\u017c Chrystusa<\/h2>\n\n\n\n<p>Chrze\u015bcija\u0144stwo nie usuwa tajemnicy z\u0142a, ale przemienia j\u0105 od wewn\u0105trz.<\/p>\n\n\n\n<p>W Evangelio seg\u00fan San Juan czytamy:<\/p>\n\n\n\n<blockquote class=\"wp-block-quote is-layout-flow wp-block-quote-is-layout-flow\">\n<p>\u201eTak bowiem B\u00f3g umi\u0142owa\u0142 \u015bwiat, \u017ce Syna swego Jednorodzonego da\u0142\u2026\u201d (J 3,16)<\/p>\n<\/blockquote>\n\n\n\n<p>B\u00f3g nie pozostaje poza ludzkim cierpieniem. W Jezusie Chrystusie:<\/p>\n\n\n\n<ul class=\"wp-block-list\">\n<li><strong>B\u00f3g wchodzi w ludzki b\u00f3l<\/strong><\/li>\n\n\n\n<li><strong>Przyjmuje z\u0142o, nie pope\u0142niaj\u0105c go<\/strong><\/li>\n\n\n\n<li><strong>Odkupia je od wewn\u0105trz<\/strong><\/li>\n<\/ul>\n\n\n\n<p>Krzy\u017c nie jest tylko symbolem religijnym. Jest kluczem do zrozumienia ludzkiego cierpienia.<\/p>\n\n\n\n<p>\ud83d\udc49 Tam, gdzie \u015bwiat widzi pora\u017ck\u0119, B\u00f3g dokonuje zbawienia.<\/p>\n\n\n\n<hr class=\"wp-block-separator has-alpha-channel-opacity\"\/>\n\n\n\n<h2 class=\"wp-block-heading\">6. Logika Bo\u017ca: poza naszym rozumieniem<\/h2>\n\n\n\n<p>Tutaj pojawia si\u0119 to, co mo\u017cemy nazwa\u0107 \u201elogik\u0105 Bo\u017c\u0105\u201d.<\/p>\n\n\n\n<p>B\u00f3g nie dzia\u0142a wed\u0142ug naszych natychmiastowych schemat\u00f3w. Jego spos\u00f3b dzia\u0142ania jest g\u0142\u0119bszy, bardziej tajemniczy, ale te\u017c bardziej owocny.<\/p>\n\n\n\n<p>Jak m\u00f3wi prorok Izajasz:<\/p>\n\n\n\n<blockquote class=\"wp-block-quote is-layout-flow wp-block-quote-is-layout-flow\">\n<p>\u201eMy\u015bli moje nie s\u0105 my\u015blami waszymi\u201d (Iz 55,8)<\/p>\n<\/blockquote>\n\n\n\n<p>Logika Boga:<\/p>\n\n\n\n<ul class=\"wp-block-list\">\n<li>Wyprowadza dobro ze z\u0142a<\/li>\n\n\n\n<li>Przemienia krzy\u017c w zmartwychwstanie<\/li>\n\n\n\n<li>Czyni cierpienie owocnym, gdy jest ofiarowane<\/li>\n<\/ul>\n\n\n\n<p>Ta zasada jest centralna w teologii chrze\u015bcija\u0144skiej:<br>\ud83d\udc49 <strong>B\u00f3g dopuszcza z\u0142o, poniewa\u017c mo\u017ce wyprowadzi\u0107 z niego wi\u0119ksze dobro.<\/strong><\/p>\n\n\n\n<hr class=\"wp-block-separator has-alpha-channel-opacity\"\/>\n\n\n\n<h2 class=\"wp-block-heading\">7. Klucz zasadniczy: Opatrzno\u015b\u0107 Bo\u017ca<\/h2>\n\n\n\n<p>Opatrzno\u015b\u0107 nie oznacza, \u017ce wszystko, co si\u0119 dzieje, jest chciane przez Boga, lecz \u017ce:<\/p>\n\n\n\n<p>\ud83d\udc49 <strong>Nic nie wymyka si\u0119 Jego zdolno\u015bci odkupienia i ukierunkowania ku dobru.<\/strong><\/p>\n\n\n\n<p>Nawet najciemniejsze sytuacje mog\u0105 mie\u0107 sens w Bo\u017cym planie, cho\u0107 w danym momencie go nie rozumiemy.<\/p>\n\n\n\n<hr class=\"wp-block-separator has-alpha-channel-opacity\"\/>\n\n\n\n<h2 class=\"wp-block-heading\">8. Zastosowania praktyczne: jak \u017cy\u0107 tajemnic\u0105 z\u0142a dzi\u015b<\/h2>\n\n\n\n<p>To zagadnienie nie jest tylko teoretyczne. Ma bardzo konkretne konsekwencje dla naszego codziennego \u017cycia.<\/p>\n\n\n\n<h3 class=\"wp-block-heading\">1. Uczy\u0107 si\u0119 zaufania po\u015br\u00f3d niepewno\u015bci<\/h3>\n\n\n\n<p>Gdy nie rozumiemy, mo\u017cemy popa\u015b\u0107 w rozpacz albo wybra\u0107 zaufanie.<\/p>\n\n\n\n<p>Wiara nie usuwa pyta\u0144, ale daje nam solidny fundament.<\/p>\n\n\n\n<hr class=\"wp-block-separator has-alpha-channel-opacity\"\/>\n\n\n\n<h3 class=\"wp-block-heading\">2. Nadawa\u0107 sens cierpieniu<\/h3>\n\n\n\n<p>Chrze\u015bcija\u0144stwo proponuje co\u015b rewolucyjnego:<br>\ud83d\udc49 <strong>Zjednoczy\u0107 nasze cierpienie z cierpieniem Chrystusa.<\/strong><\/p>\n\n\n\n<p>To przemienia b\u00f3l w ofiar\u0119, wstawiennictwo i drog\u0119 u\u015bwi\u0119cenia.<\/p>\n\n\n\n<hr class=\"wp-block-separator has-alpha-channel-opacity\"\/>\n\n\n\n<h3 class=\"wp-block-heading\">3. Nie banalizowa\u0107 z\u0142a<\/h3>\n\n\n\n<p>Z\u0142o jest realne i powa\u017cne. Nie wolno go usprawiedliwia\u0107 ani minimalizowa\u0107.<\/p>\n\n\n\n<p>Ale nie wolno go te\u017c absolutyzowa\u0107:<br>\ud83d\udc49 <strong>Z\u0142o nie ma ostatniego s\u0142owa.<\/strong><\/p>\n\n\n\n<hr class=\"wp-block-separator has-alpha-channel-opacity\"\/>\n\n\n\n<h3 class=\"wp-block-heading\">4. Stawa\u0107 si\u0119 narz\u0119dziami dobra<\/h3>\n\n\n\n<p>Ka\u017cdy chrze\u015bcijanin jest powo\u0142any do zwalczania z\u0142a nie przemoc\u0105, lecz dobrem:<\/p>\n\n\n\n<ul class=\"wp-block-list\">\n<li>Pociesza\u0107 cierpi\u0105cych<\/li>\n\n\n\n<li>Przebacza\u0107<\/li>\n\n\n\n<li>Dzia\u0142a\u0107 sprawiedliwie<\/li>\n\n\n\n<li>\u017by\u0107 mi\u0142o\u015bci\u0105 bli\u017aniego<\/li>\n<\/ul>\n\n\n\n<hr class=\"wp-block-separator has-alpha-channel-opacity\"\/>\n\n\n\n<h3 class=\"wp-block-heading\">5. Odzyska\u0107 nadziej\u0119<\/h3>\n\n\n\n<p>W \u015bwiecie naznaczonym pesymizmem chrze\u015bcijanin jest powo\u0142any, by by\u0107 \u015bwiadkiem nadziei.<\/p>\n\n\n\n<p>Bo wie, \u017ce:<\/p>\n\n\n\n<p>\ud83d\udc49 <strong>Historia nie ko\u0144czy si\u0119 na krzy\u017cu, lecz na zmartwychwstaniu.<\/strong><\/p>\n\n\n\n<hr class=\"wp-block-separator has-alpha-channel-opacity\"\/>\n\n\n\n<h2 class=\"wp-block-heading\">9. Perspektywa duszpasterska: towarzyszenie w cierpieniu<\/h2>\n\n\n\n<p>W realnym \u017cyciu wielu ludzi nie potrzebuje wyja\u015bnie\u0144, lecz obecno\u015bci.<\/p>\n\n\n\n<p>Przyk\u0142ad Chrystusa uczy nas, \u017ce:<\/p>\n\n\n\n<ul class=\"wp-block-list\">\n<li>Czasem milczenie m\u00f3wi wi\u0119cej ni\u017c s\u0142owa<\/li>\n\n\n\n<li>Obecno\u015b\u0107 pociesza bardziej ni\u017c argumenty<\/li>\n\n\n\n<li>Mi\u0142o\u015b\u0107 jest prawdziw\u0105 odpowiedzi\u0105 na z\u0142o<\/li>\n<\/ul>\n\n\n\n<hr class=\"wp-block-separator has-alpha-channel-opacity\"\/>\n\n\n\n<h2 class=\"wp-block-heading\">10. Zako\u0144czenie: tajemnica o\u015bwietlona mi\u0142o\u015bci\u0105<\/h2>\n\n\n\n<p>Problem z\u0142a pozostaje tajemnic\u0105. Ale w chrze\u015bcija\u0144stwie nie jest to tajemnica pusta, lecz o\u015bwietlona.<\/p>\n\n\n\n<p>Nie mamy wszystkich odpowiedzi\u2026<br>ale mamy Chrystusa.<\/p>\n\n\n\n<p>I w Nim znajdujemy pewno\u015b\u0107:<\/p>\n\n\n\n<blockquote class=\"wp-block-quote is-layout-flow wp-block-quote-is-layout-flow\">\n<p>\u201eWiemy, \u017ce B\u00f3g z tymi, kt\u00f3rzy Go mi\u0142uj\u0105, wsp\u00f3\u0142dzia\u0142a we wszystkim dla ich dobra\u201d (Rz 8,28)<\/p>\n<\/blockquote>\n\n\n\n<hr class=\"wp-block-separator has-alpha-channel-opacity\"\/>\n\n\n\n<h2 class=\"wp-block-heading\">Epilog duchowy<\/h2>\n\n\n\n<p>Gdy z\u0142o ci\u0119 dotknie \u2014 bo tak si\u0119 stanie \u2014 pami\u0119taj:<\/p>\n\n\n\n<ul class=\"wp-block-list\">\n<li>B\u00f3g nie jest oboj\u0119tny<\/li>\n\n\n\n<li>B\u00f3g nie jest nieobecny<\/li>\n\n\n\n<li>B\u00f3g nie utraci\u0142 kontroli<\/li>\n<\/ul>\n\n\n\n<p>On dzia\u0142a, nawet w tym, co niewidzialne.<\/p>\n\n\n\n<p>I by\u0107 mo\u017ce w\u0142a\u015bnie w tym momencie ciemno\u015bci rodzi si\u0119 \u015bwiat\u0142o, kt\u00f3rego jeszcze nie widzisz.<\/p>\n","protected":false},"excerpt":{"rendered":"<p>Teologiczne i filozoficzne spojrzenie dla wsp\u00f3\u0142czesnego cz\u0142owieka \u017byjemy w epoce naznaczonej niepewno\u015bci\u0105, widocznym cierpieniem i cz\u0119sto utrat\u0105 sensu. Wojny, choroby, niesprawiedliwo\u015bci, osobiste dramaty\u2026 Wobec tego wszystkiego pojawia si\u0119 pytanie tak stare jak sama ludzko\u015b\u0107: Dlaczego istnieje z\u0142o, je\u015bli B\u00f3g jest dobry? To pytanie nie jest tylko filozoficzne; jest g\u0142\u0119boko egzystencjalne. Nie rodzi si\u0119 w ksi\u0105\u017ckach, &hellip;<\/p>\n","protected":false},"author":3,"featured_media":5423,"comment_status":"closed","ping_status":"closed","sticky":false,"template":"","format":"standard","meta":{"_seopress_robots_primary_cat":"","_seopress_titles_title":"","_seopress_titles_desc":"","_seopress_robots_index":"","footnotes":""},"categories":[63,41],"tags":[],"class_list":["post-5422","post","type-post","status-publish","format-standard","has-post-thumbnail","","category-filozofia-i-wiara","category-wiara-i-kultura"],"_links":{"self":[{"href":"https:\/\/catholicus.eu\/pl\/wp-json\/wp\/v2\/posts\/5422","targetHints":{"allow":["GET"]}}],"collection":[{"href":"https:\/\/catholicus.eu\/pl\/wp-json\/wp\/v2\/posts"}],"about":[{"href":"https:\/\/catholicus.eu\/pl\/wp-json\/wp\/v2\/types\/post"}],"author":[{"embeddable":true,"href":"https:\/\/catholicus.eu\/pl\/wp-json\/wp\/v2\/users\/3"}],"replies":[{"embeddable":true,"href":"https:\/\/catholicus.eu\/pl\/wp-json\/wp\/v2\/comments?post=5422"}],"version-history":[{"count":1,"href":"https:\/\/catholicus.eu\/pl\/wp-json\/wp\/v2\/posts\/5422\/revisions"}],"predecessor-version":[{"id":5424,"href":"https:\/\/catholicus.eu\/pl\/wp-json\/wp\/v2\/posts\/5422\/revisions\/5424"}],"wp:featuredmedia":[{"embeddable":true,"href":"https:\/\/catholicus.eu\/pl\/wp-json\/wp\/v2\/media\/5423"}],"wp:attachment":[{"href":"https:\/\/catholicus.eu\/pl\/wp-json\/wp\/v2\/media?parent=5422"}],"wp:term":[{"taxonomy":"category","embeddable":true,"href":"https:\/\/catholicus.eu\/pl\/wp-json\/wp\/v2\/categories?post=5422"},{"taxonomy":"post_tag","embeddable":true,"href":"https:\/\/catholicus.eu\/pl\/wp-json\/wp\/v2\/tags?post=5422"}],"curies":[{"name":"wp","href":"https:\/\/api.w.org\/{rel}","templated":true}]}}