{"id":5419,"date":"2026-03-19T22:38:41","date_gmt":"2026-03-19T21:38:41","guid":{"rendered":"https:\/\/catholicus.eu\/pl\/?p=5419"},"modified":"2026-03-19T22:38:41","modified_gmt":"2026-03-19T21:38:41","slug":"nie-kazdy-kto-mowi-o-bogu-mu-sluzy-rozeznanie-w-erze-katolickiego-influencera","status":"publish","type":"post","link":"https:\/\/catholicus.eu\/pl\/nie-kazdy-kto-mowi-o-bogu-mu-sluzy-rozeznanie-w-erze-katolickiego-influencera\/","title":{"rendered":"Nie ka\u017cdy, kto m\u00f3wi o Bogu, Mu s\u0142u\u017cy: rozeznanie w erze katolickiego influencera"},"content":{"rendered":"\n<p>\u017byjemy w paradoksalnych czasach: nigdy wcze\u015bniej m\u00f3wienie o Bogu nie by\u0142o tak \u0142atwe\u2026 i nigdy wcze\u015bniej nie by\u0142o tak trudno rozezna\u0107, kto czyni to w prawdzie. Media spo\u0142eczno\u015bciowe, viralowe filmy, podcasty, konta \u201eewangelizacyjne\u201d\u2026 wszystko zdaje si\u0119 wskazywa\u0107 na duchowe przebudzenie. A jednak po\u015br\u00f3d tego ha\u0142asu pojawia si\u0119 niewygodne i g\u0142\u0119boko potrzebne pytanie:<\/p>\n\n\n\n<p><strong>Czy ka\u017cdy, kto m\u00f3wi o Bogu, naprawd\u0119 s\u0142u\u017cy Bogu?<\/strong><\/p>\n\n\n\n<p>Odpowied\u017a, z punktu widzenia klasycznej teologii katolickiej, jest jasna: <strong>nie<\/strong>. I nie jest to ani nowoczesna opinia, ani powierzchowna krytyka. To nauczanie, kt\u00f3re przenika Pismo \u015awi\u0119te, Tradycj\u0119 i Magisterium.<\/p>\n\n\n\n<hr class=\"wp-block-separator has-alpha-channel-opacity\"\/>\n\n\n\n<h2 class=\"wp-block-heading\">\ud83d\udcd6 1. Ostrze\u017cenie Chrystusa: nie ka\u017cdy, kto m\u00f3wi \u201ePanie, Panie\u2026\u201d<\/h2>\n\n\n\n<p>Sam Chrystus ostrzeg\u0142 nas z jasno\u015bci\u0105, kt\u00f3ra dzi\u015b brzmi niemal proroczo:<\/p>\n\n\n\n<blockquote class=\"wp-block-quote is-layout-flow wp-block-quote-is-layout-flow\">\n<p>\u201eNie ka\u017cdy, kto Mi m\u00f3wi: \u2018Panie, Panie\u2019, wejdzie do Kr\u00f3lestwa Niebieskiego, lecz ten, kto spe\u0142nia wol\u0119 mojego Ojca\u201d (Mateusz 7,21)<\/p>\n<\/blockquote>\n\n\n\n<p>Te s\u0142owa, zawarte w Biblia, nie pozostawiaj\u0105 miejsca na wygodne interpretacje. Nie wystarczy m\u00f3wi\u0107 o Bogu. Nie wystarczy publicznie Go wzywa\u0107. Nie wystarczy tworzy\u0107 religijnych tre\u015bci.<\/p>\n\n\n\n<p><strong>Naprawd\u0119 liczy si\u0119 to, by pe\u0142ni\u0107 wol\u0119 Bo\u017c\u0105.<\/strong><\/p>\n\n\n\n<p>I tutaj pojawia si\u0119 pierwsze wielkie kryterium rozeznania:<br>\ud83d\udc49 <strong>zgodno\u015b\u0107 mi\u0119dzy tym, co si\u0119 m\u00f3wi, a tym, jak si\u0119 \u017cyje.<\/strong><\/p>\n\n\n\n<hr class=\"wp-block-separator has-alpha-channel-opacity\"\/>\n\n\n\n<h2 class=\"wp-block-heading\">\ud83d\udd4a\ufe0f 2. Stara pokusa w nowym wydaniu<\/h2>\n\n\n\n<p>Cho\u0107 dzi\u015b m\u00f3wimy o \u201ekatolickich influencerach\u201d, pokusa nie jest nowa. Ju\u017c w pierwszych wiekach chrze\u015bcija\u0144stwa istnieli fa\u0142szywi nauczyciele, kaznodzieje kierowani pr\u00f3\u017cno\u015bci\u0105, a nawet herezje szerzone z wielk\u0105 elokwencj\u0105.<\/p>\n\n\n\n<p>\u015awi\u0119ty Pawe\u0142 m\u00f3wi\u0142 o tym stanowczo:<\/p>\n\n\n\n<blockquote class=\"wp-block-quote is-layout-flow wp-block-quote-is-layout-flow\">\n<p>\u201ePrzyjdzie bowiem czas, kiedy zdrowej nauki nie b\u0119d\u0105 znosili\u2026\u201d (2 Tymoteusza 4,3)<\/p>\n<\/blockquote>\n\n\n\n<p>R\u00f3\u017cnica dzi\u015b polega na globalnym i natychmiastowym zasi\u0119gu. Jedna wiadomo\u015b\u0107 mo\u017ce w kilka sekund dotrze\u0107 do milion\u00f3w ludzi. To sprawia, \u017ce problem staje si\u0119 znacznie bardziej delikatny.<\/p>\n\n\n\n<p>Dawniej z\u0142y kaznodzieja wp\u0142ywa\u0142 na jedn\u0105 wsp\u00f3lnot\u0119.<br>Dzi\u015b mo\u017ce wp\u0142yn\u0105\u0107 na ca\u0142e pokolenie.<\/p>\n\n\n\n<hr class=\"wp-block-separator has-alpha-channel-opacity\"\/>\n\n\n\n<h2 class=\"wp-block-heading\">\ud83d\udcf1 3. Niebezpiecze\u0144stwo \u201eja\u201d przebrane za apostolat<\/h2>\n\n\n\n<p>Jednym z najwi\u0119kszych zagro\u017ce\u0144 naszych czas\u00f3w jest co\u015b subtelnego, ale niszcz\u0105cego:<br><strong>u\u017cywanie Boga jako \u015brodka do w\u0142asnej promocji.<\/strong><\/p>\n\n\n\n<p>Nie zawsze jest to oczywiste. Cz\u0119sto przybiera pozory dobra:<\/p>\n\n\n\n<ul class=\"wp-block-list\">\n<li>\u201eBuduj\u0105ce\u201d tre\u015bci<\/li>\n\n\n\n<li>Emocjonalne przekazy<\/li>\n\n\n\n<li>Staranna estetyka<\/li>\n\n\n\n<li>Pozornie ortodoksyjne wypowiedzi<\/li>\n<\/ul>\n\n\n\n<p>A jednak w g\u0142\u0119bi mo\u017ce dokonywa\u0107 si\u0119 niebezpieczne przesuni\u0119cie:<\/p>\n\n\n\n<p>\ud83d\udc49 <strong>B\u00f3g przestaje by\u0107 centrum\u2026 a tw\u00f3rca tre\u015bci zajmuje Jego miejsce.<\/strong><\/p>\n\n\n\n<p>Tutaj pojawia si\u0119 kluczowe kryterium duchowe:<\/p>\n\n\n\n<h3 class=\"wp-block-heading\">\u2757 Czy to prowadzi mnie do Boga\u2026 czy do osoby, kt\u00f3ra o Nim m\u00f3wi?<\/h3>\n\n\n\n<p>Je\u015bli skutkiem jest emocjonalna zale\u017cno\u015b\u0107 od influencera, nieuporz\u0105dkowany podziw czy kult jednostki \u2014 mamy powa\u017cny problem.<\/p>\n\n\n\n<p>Prawdziwa ewangelizacja <strong>znika za Chrystusem<\/strong>.<br>Nie szuka obserwuj\u0105cych dla siebie, lecz dusz dla Boga.<\/p>\n\n\n\n<hr class=\"wp-block-separator has-alpha-channel-opacity\"\/>\n\n\n\n<h2 class=\"wp-block-heading\">\ud83e\udde0 4. Klasyczne kryteria rozeznania (bardziej aktualne ni\u017c kiedykolwiek)<\/h2>\n\n\n\n<p>Tradycja duchowa Ko\u015bcio\u0142a daje bardzo konkretne narz\u0119dzia rozeznania. W kontek\u015bcie cyfrowym s\u0105 one dzi\u015b bardziej potrzebne ni\u017c kiedykolwiek:<\/p>\n\n\n\n<h3 class=\"wp-block-heading\">1. <strong>Wierno\u015b\u0107 doktrynie<\/strong><\/h3>\n\n\n\n<p>Czy to, co jest g\u0142oszone, pozostaje w ci\u0105g\u0142o\u015bci z nauczaniem Ko\u015bcio\u0142a?<br>Czy te\u017c wprowadza idee niejasne, relatywistyczne lub czysto emocjonalne, bez teologicznych podstaw?<\/p>\n\n\n\n<h3 class=\"wp-block-heading\">2. <strong>Pokora<\/strong><\/h3>\n\n\n\n<p>Prawdziwy s\u0142uga Bo\u017cy nie szuka oklask\u00f3w.<br>Typowy znak fa\u0142szu: sta\u0142a potrzeba uznania.<\/p>\n\n\n\n<h3 class=\"wp-block-heading\">3. <strong>Owoce duchowe<\/strong><\/h3>\n\n\n\n<p>Chrystus powiedzia\u0142 jasno:<\/p>\n\n\n\n<blockquote class=\"wp-block-quote is-layout-flow wp-block-quote-is-layout-flow\">\n<p>\u201ePo ich owocach ich poznacie\u201d (Mateusz 7,16)<\/p>\n<\/blockquote>\n\n\n\n<p>Czy te tre\u015bci rodz\u0105 nawr\u00f3cenie, \u017cycie sakramentalne, modlitw\u0119\u2026<br>czy tylko duchow\u0105 rozrywk\u0119?<\/p>\n\n\n\n<h3 class=\"wp-block-heading\">4. <strong>Centralno\u015b\u0107 sakrament\u00f3w<\/strong><\/h3>\n\n\n\n<p>Prawdziwy apostolat prowadzi do Eucharystii, do spowiedzi, do \u017cycia w \u0142asce.<br>Je\u015bli wszystko zatrzymuje si\u0119 na poziomie \u201etre\u015bci\u201d, brakuje tego, co najwa\u017cniejsze.<\/p>\n\n\n\n<h3 class=\"wp-block-heading\">5. <strong>Krzy\u017c i prawda<\/strong><\/h3>\n\n\n\n<p>Tam, gdzie jest B\u00f3g, jest krzy\u017c.<br>Je\u015bli wszystko jest wygodne, emocjonalne i bez wymaga\u0144\u2026 prawdopodobnie brakuje g\u0142\u0119bi.<\/p>\n\n\n\n<hr class=\"wp-block-separator has-alpha-channel-opacity\"\/>\n\n\n\n<h2 class=\"wp-block-heading\">\u2696\ufe0f 5. Mi\u0119dzy prawdziwym dobrem a realnym zagro\u017ceniem<\/h2>\n\n\n\n<p>Trzeba by\u0107 sprawiedliwym:<br><strong>media spo\u0142eczno\u015bciowe sta\u0142y si\u0119 r\u00f3wnie\u017c narz\u0119dziem \u0142aski.<\/strong><\/p>\n\n\n\n<p>Wiele os\u00f3b odkry\u0142o na nowo wiar\u0119 dzi\u0119ki tre\u015bciom cyfrowym. Zrodzi\u0142y si\u0119 powo\u0142ania. Rozpocz\u0119\u0142y si\u0119 nawr\u00f3cenia.<\/p>\n\n\n\n<p>Ale w\u0142a\u015bnie dlatego r\u00f3wnie\u017c tam dzia\u0142a nieprzyjaciel.<\/p>\n\n\n\n<p>Nie ka\u017cdy b\u0142\u0105d wynika ze z\u0142ej woli.<br>Nie ka\u017cdy influencer jest fa\u0142szywym prorokiem.<br>Ale nie wszystko, co porusza emocje\u2026 jest prawd\u0105.<\/p>\n\n\n\n<hr class=\"wp-block-separator has-alpha-channel-opacity\"\/>\n\n\n\n<h2 class=\"wp-block-heading\">\ud83d\uded1 6. Problem autorytetu bez pos\u0142ania<\/h2>\n\n\n\n<p>W Ko\u015bciele nikt nie posy\u0142a samego siebie.<\/p>\n\n\n\n<p>Chrystus pos\u0142a\u0142 Aposto\u0142\u00f3w.<br>Aposto\u0142owie przekazali misj\u0119 dalej.<br>Ko\u015bci\u00f3\u0142 strze\u017ce tego pos\u0142ania.<\/p>\n\n\n\n<p>Dzi\u015b ka\u017cdy mo\u017ce za\u0142o\u017cy\u0107 konto i m\u00f3wi\u0107 w imieniu Boga. To jednak rodzi wa\u017cne pytanie teologiczne:<\/p>\n\n\n\n<p>\ud83d\udc49 <strong>Czy m\u00f3wi we w\u0142asnym imieniu\u2026 czy w jedno\u015bci z Ko\u015bcio\u0142em?<\/strong><\/p>\n\n\n\n<p>Nie chodzi tu o klerykalizm, lecz o porz\u0105dek.<br>Wiara katolicka nie jest prywatn\u0105 opini\u0105, lecz otrzyman\u0105 prawd\u0105.<\/p>\n\n\n\n<hr class=\"wp-block-separator has-alpha-channel-opacity\"\/>\n\n\n\n<h2 class=\"wp-block-heading\">\u2764\ufe0f 7. Co powinien zrobi\u0107 dzi\u015b katolik?<\/h2>\n\n\n\n<p>To najwa\u017cniejsza cz\u0119\u015b\u0107: <strong>zastosowanie praktyczne<\/strong>.<\/p>\n\n\n\n<p>Nie chodzi o to, by podejrzewa\u0107 wszystko, lecz by nauczy\u0107 si\u0119 rozeznawa\u0107.<\/p>\n\n\n\n<h3 class=\"wp-block-heading\">\ud83d\udd0e 1. Nie konsumuj wiary jak rozrywki<\/h3>\n\n\n\n<p>Wiara nie jest kolejn\u0105 tre\u015bci\u0105.<br>Nie jest po to, by \u201edobrze si\u0119 czu\u0107\u201d, lecz by by\u0107 zbawionym.<\/p>\n\n\n\n<h3 class=\"wp-block-heading\">\ud83d\udcd6 2. Wr\u00f3\u0107 do \u017ar\u00f3de\u0142<\/h3>\n\n\n\n<ul class=\"wp-block-list\">\n<li>Pismo \u015awi\u0119te<\/li>\n\n\n\n<li>Katechizm<\/li>\n\n\n\n<li>Tradycja<\/li>\n<\/ul>\n\n\n\n<p>Nie zast\u0119puj tego kr\u00f3tkimi filmami.<\/p>\n\n\n\n<h3 class=\"wp-block-heading\">\u26ea 3. Stawiaj na pierwszym miejscu \u017cycie sakramentalne<\/h3>\n\n\n\n<p>\u017baden influencer nie zast\u0105pi spowiedzi ani Eucharystii.<\/p>\n\n\n\n<h3 class=\"wp-block-heading\">\ud83d\ude4f 4. Pro\u015b o rozeznanie w modlitwie<\/h3>\n\n\n\n<p>Duch \u015awi\u0119ty si\u0119 nie myli.<br>Pro\u015b o konkretne \u015bwiat\u0142o: \u201ePanie, poka\u017c mi prawd\u0119\u201d.<\/p>\n\n\n\n<h3 class=\"wp-block-heading\">\u26a0\ufe0f 5. Uwa\u017caj na duchow\u0105 idolatri\u0119<\/h3>\n\n\n\n<p>Tak, ona istnieje tak\u017ce w Ko\u015bciele.<br>Dzi\u015b przybiera form\u0119 obserwuj\u0105cych, \u201epolubie\u0144\u201d i osobistej charyzmy.<\/p>\n\n\n\n<hr class=\"wp-block-separator has-alpha-channel-opacity\"\/>\n\n\n\n<h2 class=\"wp-block-heading\">\ud83c\udf3f 8. Prawdziwy influencer: \u015bwi\u0119ty ukryty<\/h2>\n\n\n\n<p>Podczas gdy jedni gromadz\u0105 obserwuj\u0105cych, inni w ciszy ratuj\u0105 dusze.<\/p>\n\n\n\n<p>Babcia, kt\u00f3ra si\u0119 modli.<br>Wierny kap\u0142an w ukryciu.<br>M\u0142ody cz\u0142owiek, kt\u00f3ry walczy, by \u017cy\u0107 w \u0142asce.<\/p>\n\n\n\n<p>Nie pojawiaj\u0105 si\u0119 w mediach spo\u0142eczno\u015bciowych.<br>A jednak podtrzymuj\u0105 \u015bwiat.<\/p>\n\n\n\n<p>Prawdziwy chrze\u015bcija\u0144ski \u201einfluencer\u201d nie szuka rozg\u0142osu.<br>Szuka wierno\u015bci.<\/p>\n\n\n\n<hr class=\"wp-block-separator has-alpha-channel-opacity\"\/>\n\n\n\n<h2 class=\"wp-block-heading\">\u2728 Zako\u0144czenie: mniej ha\u0142asu, wi\u0119cej prawdy<\/h2>\n\n\n\n<p>W erze tre\u015bci dusza staje wobec cichego zagro\u017cenia:<br><strong>pomylenia tego, co porusza emocje, z tym, co zbawia.<\/strong><\/p>\n\n\n\n<p>Dlatego bardziej ni\u017c kiedykolwiek musimy wr\u00f3ci\u0107 do tego, co istotne:<\/p>\n\n\n\n<ul class=\"wp-block-list\">\n<li>Chrystus w centrum<\/li>\n\n\n\n<li>Prawda bez kompromis\u00f3w<\/li>\n\n\n\n<li>Pokora jako droga<\/li>\n<\/ul>\n\n\n\n<p>Bo ostatecznie nie b\u0119dziemy s\u0105dzeni z liczby obserwuj\u0105cych\u2026<br>lecz z tego, jak bardzo kochali\u015bmy Boga i wype\u0142niali\u015bmy Jego wol\u0119.<\/p>\n\n\n\n<blockquote class=\"wp-block-quote is-layout-flow wp-block-quote-is-layout-flow\">\n<p>\u201eWszystko badajcie, a co szlachetne \u2014 zachowujcie\u201d (1 Tesaloniczan 5,21)<\/p>\n<\/blockquote>\n\n\n\n<p>To jest wyzwanie.<br>To jest droga.<\/p>\n","protected":false},"excerpt":{"rendered":"<p>\u017byjemy w paradoksalnych czasach: nigdy wcze\u015bniej m\u00f3wienie o Bogu nie by\u0142o tak \u0142atwe\u2026 i nigdy wcze\u015bniej nie by\u0142o tak trudno rozezna\u0107, kto czyni to w prawdzie. Media spo\u0142eczno\u015bciowe, viralowe filmy, podcasty, konta \u201eewangelizacyjne\u201d\u2026 wszystko zdaje si\u0119 wskazywa\u0107 na duchowe przebudzenie. A jednak po\u015br\u00f3d tego ha\u0142asu pojawia si\u0119 niewygodne i g\u0142\u0119boko potrzebne pytanie: Czy ka\u017cdy, kto &hellip;<\/p>\n","protected":false},"author":3,"featured_media":5420,"comment_status":"closed","ping_status":"closed","sticky":false,"template":"","format":"standard","meta":{"_seopress_robots_primary_cat":"","_seopress_titles_title":"","_seopress_titles_desc":"","_seopress_robots_index":"","footnotes":""},"categories":[65,41],"tags":[],"class_list":["post-5419","post","type-post","status-publish","format-standard","has-post-thumbnail","","category-ewangelizacja-i-nowe-technologie","category-wiara-i-kultura"],"_links":{"self":[{"href":"https:\/\/catholicus.eu\/pl\/wp-json\/wp\/v2\/posts\/5419","targetHints":{"allow":["GET"]}}],"collection":[{"href":"https:\/\/catholicus.eu\/pl\/wp-json\/wp\/v2\/posts"}],"about":[{"href":"https:\/\/catholicus.eu\/pl\/wp-json\/wp\/v2\/types\/post"}],"author":[{"embeddable":true,"href":"https:\/\/catholicus.eu\/pl\/wp-json\/wp\/v2\/users\/3"}],"replies":[{"embeddable":true,"href":"https:\/\/catholicus.eu\/pl\/wp-json\/wp\/v2\/comments?post=5419"}],"version-history":[{"count":1,"href":"https:\/\/catholicus.eu\/pl\/wp-json\/wp\/v2\/posts\/5419\/revisions"}],"predecessor-version":[{"id":5421,"href":"https:\/\/catholicus.eu\/pl\/wp-json\/wp\/v2\/posts\/5419\/revisions\/5421"}],"wp:featuredmedia":[{"embeddable":true,"href":"https:\/\/catholicus.eu\/pl\/wp-json\/wp\/v2\/media\/5420"}],"wp:attachment":[{"href":"https:\/\/catholicus.eu\/pl\/wp-json\/wp\/v2\/media?parent=5419"}],"wp:term":[{"taxonomy":"category","embeddable":true,"href":"https:\/\/catholicus.eu\/pl\/wp-json\/wp\/v2\/categories?post=5419"},{"taxonomy":"post_tag","embeddable":true,"href":"https:\/\/catholicus.eu\/pl\/wp-json\/wp\/v2\/tags?post=5419"}],"curies":[{"name":"wp","href":"https:\/\/api.w.org\/{rel}","templated":true}]}}