{"id":5410,"date":"2026-03-19T15:03:46","date_gmt":"2026-03-19T14:03:46","guid":{"rendered":"https:\/\/catholicus.eu\/pl\/?p=5410"},"modified":"2026-03-19T15:03:46","modified_gmt":"2026-03-19T14:03:46","slug":"wiecznosc-i-byt-filozoficzne-refleksje-nad-natura-boga","status":"publish","type":"post","link":"https:\/\/catholicus.eu\/pl\/wiecznosc-i-byt-filozoficzne-refleksje-nad-natura-boga\/","title":{"rendered":"Wieczno\u015b\u0107 i Byt: Filozoficzne refleksje nad natur\u0105 Boga"},"content":{"rendered":"\n<h2 class=\"wp-block-heading\">Wprowadzenie: Gdy serce szuka wieczno\u015bci<\/h2>\n\n\n\n<p>Istniej\u0105 pytania, kt\u00f3re przenikaj\u0105 ca\u0142\u0105 histori\u0119 ludzko\u015bci \u2014 pytania, kt\u00f3re nie trac\u0105 aktualno\u015bci wraz z up\u0142ywem czasu, poniewa\u017c rodz\u0105 si\u0119 w najg\u0142\u0119bszych zakamarkach duszy. Kim jest B\u00f3g? Co to znaczy, \u017ce jest wieczny? Jak mo\u017ce by\u0107 \u201esamym Bytem\u201d? A przede wszystkim: co to wszystko ma wsp\u00f3lnego z moim konkretnym \u017cyciem, z moimi codziennymi troskami, z moimi l\u0119kami i nadziejami?<\/p>\n\n\n\n<p>M\u00f3wienie o wieczno\u015bci i bycie Boga nie jest abstrakcyjnym \u0107wiczeniem zarezerwowanym dla filozof\u00f3w czy teolog\u00f3w. W rzeczywisto\u015bci jest to zaproszenie do odkrycia ostatecznego fundamentu naszego istnienia. Bo je\u015bli B\u00f3g jest wieczny i jest samym Bytem, to wszystko, czym jeste\u015bmy i co prze\u017cywamy, ma swoje \u017ar\u00f3d\u0142o w Nim.<\/p>\n\n\n\n<p>Ten artyku\u0142 chce by\u0107 w\u0142a\u015bnie tym: przyst\u0119pnym, a zarazem g\u0142\u0119bokim przewodnikiem, kt\u00f3ry wprowadza w tajemnic\u0119 Boga poprzez filozofi\u0119 i teologi\u0119 katolick\u0105, z duszpasterskim spojrzeniem, pomagaj\u0105cym lepiej \u017cy\u0107 tu i teraz.<\/p>\n\n\n\n<hr class=\"wp-block-separator has-alpha-channel-opacity\"\/>\n\n\n\n<h2 class=\"wp-block-heading\">1. Pierwotne zdumienie: pytanie o Byt<\/h2>\n\n\n\n<p>Ju\u017c pierwsi filozofowie, tacy jak Parmenides czy Arystoteles, dostrzegli, \u017ce wszystko, co istnieje, uczestniczy w czym\u015b g\u0142\u0119bszym. Rzeczy si\u0119 zmieniaj\u0105, powstaj\u0105 i przemijaj\u0105, a jednak co\u015b trwa.<\/p>\n\n\n\n<p>Tu pojawia si\u0119 wielka intuicja: je\u015bli wszystko, co istnieje, podlega zmianie, musi istnie\u0107 co\u015b, co si\u0119 nie zmienia. Je\u015bli wszystko, co jest, istnieje \u201eprzez co\u015b innego\u201d, musi istnie\u0107 Byt, kt\u00f3ry istnieje \u201esam przez si\u0119\u201d.<\/p>\n\n\n\n<p>Ta intuicja osi\u0105ga swoj\u0105 pe\u0142ni\u0119 w teologii chrze\u015bcija\u0144skiej, zw\u0142aszcza w dziele \u015bw. Tomasza z Akwinu, kt\u00f3ry stwierdza, \u017ce B\u00f3g nie jest \u201ejednym z byt\u00f3w\u201d, lecz <strong>samym istniej\u0105cym Bytem (Ipsum Esse Subsistens)<\/strong>.<\/p>\n\n\n\n<p>To oznacza co\u015b rewolucyjnego:<\/p>\n\n\n\n<ul class=\"wp-block-list\">\n<li>B\u00f3g nie ma bytu\u2026 <strong>On jest Bytem<\/strong>.<\/li>\n\n\n\n<li>B\u00f3g nie istnieje jak stworzenia\u2026 <strong>On jest sam\u0105 egzystencj\u0105<\/strong>.<\/li>\n\n\n\n<li>Nie zale\u017cy od niczego\u2026 <strong>wszystko zale\u017cy od Niego<\/strong>.<\/li>\n<\/ul>\n\n\n\n<hr class=\"wp-block-separator has-alpha-channel-opacity\"\/>\n\n\n\n<h2 class=\"wp-block-heading\">2. \u201eJestem, kt\u00f3ry jestem\u201d: objawienie wiecznego Bytu<\/h2>\n\n\n\n<p>Filozofia dochodzi tylko do pewnego punktu. To objawienie Bo\u017ce w pe\u0142ni roz\u015bwietla t\u0119 tajemnic\u0119.<\/p>\n\n\n\n<p>W Ksi\u0119dze Wyj\u015bcia B\u00f3g objawia si\u0119 Moj\u017ceszowi imieniem, kt\u00f3re zawiera ca\u0142\u0105 teologi\u0119 bytu:<\/p>\n\n\n\n<blockquote class=\"wp-block-quote is-layout-flow wp-block-quote-is-layout-flow\">\n<p>\u201eJestem, kt\u00f3ry jestem\u201d (Wj 3,14)<\/p>\n<\/blockquote>\n\n\n\n<p>To stwierdzenie nie jest jedynie identyfikacj\u0105. Jest deklaracj\u0105 ontologiczn\u0105:<\/p>\n\n\n\n<ul class=\"wp-block-list\">\n<li>B\u00f3g <strong>nie ulega zmianie<\/strong>.<\/li>\n\n\n\n<li>B\u00f3g <strong>nie ma pocz\u0105tku ani ko\u0144ca<\/strong>.<\/li>\n\n\n\n<li>B\u00f3g <strong>nie zale\u017cy od czasu<\/strong>.<\/li>\n<\/ul>\n\n\n\n<p>Wchodzimy tu w tajemnic\u0119 <strong>Bo\u017cej wieczno\u015bci<\/strong>.<\/p>\n\n\n\n<hr class=\"wp-block-separator has-alpha-channel-opacity\"\/>\n\n\n\n<h2 class=\"wp-block-heading\">3. Co oznacza, \u017ce B\u00f3g jest wieczny?<\/h2>\n\n\n\n<p>Cz\u0119sto my\u015blimy o wieczno\u015bci jako o \u201ebardzo d\u0142ugim czasie\u201d albo \u201eniesko\u0144czonym czasie\u201d. To jednak niewystarczaj\u0105ce.<\/p>\n\n\n\n<p>Teologia klasyczna naucza, \u017ce wieczno\u015b\u0107 Boga nie jest trwaniem, lecz <strong>pe\u0142ni\u0105 bytu poza czasem<\/strong>.<\/p>\n\n\n\n<p>\u015aw. Augustyn wyrazi\u0142 to w spos\u00f3b mistrzowski:<\/p>\n\n\n\n<blockquote class=\"wp-block-quote is-layout-flow wp-block-quote-is-layout-flow\">\n<p>\u201eW wieczno\u015bci nic nie przemija, wszystko jest tera\u017aniejsze.\u201d<\/p>\n<\/blockquote>\n\n\n\n<p>Ma to g\u0142\u0119bokie konsekwencje:<\/p>\n\n\n\n<ul class=\"wp-block-list\">\n<li>B\u00f3g nie \u017cyje ani w przesz\u0142o\u015bci, ani w przysz\u0142o\u015bci.<\/li>\n\n\n\n<li>B\u00f3g nie czeka i nie wspomina.<\/li>\n\n\n\n<li>B\u00f3g <strong>jest wiecznym teraz<\/strong>.<\/li>\n<\/ul>\n\n\n\n<p>Dla nas czas jest nast\u0119pstwem: przesz\u0142o\u015b\u0107 \u2192 tera\u017aniejszo\u015b\u0107 \u2192 przysz\u0142o\u015b\u0107.<br>Dla Boga wszystko jest absolutnym \u201eteraz\u201d.<\/p>\n\n\n\n<hr class=\"wp-block-separator has-alpha-channel-opacity\"\/>\n\n\n\n<h2 class=\"wp-block-heading\">4. B\u00f3g jako fundament wszystkiego, co istnieje<\/h2>\n\n\n\n<p>Je\u015bli B\u00f3g jest samym Bytem i jest wieczny, to wszystko, co istnieje:<\/p>\n\n\n\n<ul class=\"wp-block-list\">\n<li>Istnieje, poniewa\u017c B\u00f3g to podtrzymuje.<\/li>\n\n\n\n<li>Trwa, poniewa\u017c B\u00f3g tego chce.<\/li>\n\n\n\n<li>Ma sens, poniewa\u017c B\u00f3g to porz\u0105dkuje.<\/li>\n<\/ul>\n\n\n\n<p>\u015aw. Pawe\u0142 ujmuje to w zdaniu o ogromnej g\u0142\u0119bi:<\/p>\n\n\n\n<blockquote class=\"wp-block-quote is-layout-flow wp-block-quote-is-layout-flow\">\n<p>\u201eW Nim \u017cyjemy, poruszamy si\u0119 i jeste\u015bmy\u201d (Dz 17,28)<\/p>\n<\/blockquote>\n\n\n\n<p>To ca\u0142kowicie zmienia nasze spojrzenie na \u015bwiat:<\/p>\n\n\n\n<ul class=\"wp-block-list\">\n<li>Nie jeste\u015bmy dzie\u0142em przypadku.<\/li>\n\n\n\n<li>Nie jeste\u015bmy istotami odizolowanymi.<\/li>\n\n\n\n<li>Nie jeste\u015bmy opuszczeni.<\/li>\n<\/ul>\n\n\n\n<p>\u017byjemy nieustannie podtrzymywani przez Boga.<\/p>\n\n\n\n<hr class=\"wp-block-separator has-alpha-channel-opacity\"\/>\n\n\n\n<h2 class=\"wp-block-heading\">5. R\u00f3\u017cnica mi\u0119dzy Bogiem a stworzeniami<\/h2>\n\n\n\n<p>Tutaj kluczowe jest zrozumienie podstawowego rozr\u00f3\u017cnienia:<\/p>\n\n\n\n<figure class=\"wp-block-table\"><table class=\"has-fixed-layout\"><thead><tr><th>B\u00f3g<\/th><th>Stworzenia<\/th><\/tr><\/thead><tbody><tr><td>Jest Bytem<\/td><td>Ma byt<\/td><\/tr><tr><td>Jest wieczny<\/td><td>Jest w czasie<\/td><\/tr><tr><td>Jest konieczny<\/td><td>Jest przygodny<\/td><\/tr><tr><td>Nie zmienia si\u0119<\/td><td>Ci\u0105gle si\u0119 zmienia<\/td><\/tr><\/tbody><\/table><\/figure>\n\n\n\n<p>My <strong>mogliby\u015bmy nie istnie\u0107<\/strong>. B\u00f3g natomiast <strong>nie mo\u017ce nie istnie\u0107<\/strong>.<\/p>\n\n\n\n<p>To nie jest ograniczenie, lecz Jego absolutna doskona\u0142o\u015b\u0107.<\/p>\n\n\n\n<hr class=\"wp-block-separator has-alpha-channel-opacity\"\/>\n\n\n\n<h2 class=\"wp-block-heading\">6. Wieczno\u015b\u0107 a problem cierpienia<\/h2>\n\n\n\n<p>Jedno z najbardziej aktualnych pyta\u0144 brzmi:<br><strong>Je\u015bli B\u00f3g jest wieczny i doskona\u0142y, dlaczego dopuszcza z\u0142o i cierpienie?<\/strong><\/p>\n\n\n\n<p>Z perspektywy wieczno\u015bci:<\/p>\n\n\n\n<ul class=\"wp-block-list\">\n<li>B\u00f3g widzi ca\u0142o\u015b\u0107 historii.<\/li>\n\n\n\n<li>My widzimy tylko fragmenty.<\/li>\n<\/ul>\n\n\n\n<p>To, co dla nas jest niezrozumia\u0142e teraz, mo\u017ce mie\u0107 sens w Bo\u017cym planie wiecznym.<\/p>\n\n\n\n<p>Nie usuwa to b\u00f3lu, ale nadaje mu horyzont:<\/p>\n\n\n\n<blockquote class=\"wp-block-quote is-layout-flow wp-block-quote-is-layout-flow\">\n<p>\u201eWiemy te\u017c, \u017ce B\u00f3g z tymi, kt\u00f3rzy Go mi\u0142uj\u0105, wsp\u00f3\u0142dzia\u0142a we wszystkim dla ich dobra\u201d (Rz 8,28)<\/p>\n<\/blockquote>\n\n\n\n<hr class=\"wp-block-separator has-alpha-channel-opacity\"\/>\n\n\n\n<h2 class=\"wp-block-heading\">7. Chrystus: most mi\u0119dzy czasem a wieczno\u015bci\u0105<\/h2>\n\n\n\n<p>Chrze\u015bcija\u0144stwo nie zatrzymuje si\u0119 na abstrakcji filozoficznej. B\u00f3g wchodzi w histori\u0119.<\/p>\n\n\n\n<p>W Jezusie Chrystusie dokonuje si\u0119 co\u015b niezwyk\u0142ego:<\/p>\n\n\n\n<ul class=\"wp-block-list\">\n<li>Wieczny wchodzi w czas.<\/li>\n\n\n\n<li>Niezmienny przyjmuje cia\u0142o.<\/li>\n\n\n\n<li>Sam Byt staje si\u0119 bliski.<\/li>\n<\/ul>\n\n\n\n<p>Ma to ogromne znaczenie dla naszego \u017cycia duchowego:<\/p>\n\n\n\n<ul class=\"wp-block-list\">\n<li>B\u00f3g nie jest odleg\u0142\u0105 ide\u0105.<\/li>\n\n\n\n<li>B\u00f3g zna nasze ludzkie do\u015bwiadczenie.<\/li>\n\n\n\n<li>B\u00f3g prze\u017cy\u0142 cierpienie, rado\u015b\u0107 i \u015bmier\u0107.<\/li>\n<\/ul>\n\n\n\n<p>Chrystus jest mostem mi\u0119dzy nasz\u0105 czasowo\u015bci\u0105 a Bo\u017c\u0105 wieczno\u015bci\u0105.<\/p>\n\n\n\n<hr class=\"wp-block-separator has-alpha-channel-opacity\"\/>\n\n\n\n<h2 class=\"wp-block-heading\">8. Zastosowania praktyczne: \u017cycie w perspektywie wieczno\u015bci<\/h2>\n\n\n\n<p>To wszystko mo\u017ce wydawa\u0107 si\u0119 wznios\u0142e, ale ma bardzo konkretne konsekwencje.<\/p>\n\n\n\n<h3 class=\"wp-block-heading\">8.1. Urelatywnienie tego, co przemijaj\u0105ce<\/h3>\n\n\n\n<p>Je\u015bli B\u00f3g jest wieczny, to:<\/p>\n\n\n\n<ul class=\"wp-block-list\">\n<li>Nasze problemy nie s\u0105 absolutne.<\/li>\n\n\n\n<li>Nasze troski nie s\u0105 ostateczne.<\/li>\n<\/ul>\n\n\n\n<p>Nie oznacza to ignorowania rzeczywisto\u015bci, lecz nadania jej w\u0142a\u015bciwej perspektywy.<\/p>\n\n\n\n<h3 class=\"wp-block-heading\">8.2. Szukanie tego, co trwa<\/h3>\n\n\n\n<p>Jezus m\u00f3wi jasno:<\/p>\n\n\n\n<blockquote class=\"wp-block-quote is-layout-flow wp-block-quote-is-layout-flow\">\n<p>\u201eNie gromad\u017acie sobie skarb\u00f3w na ziemi\u2026\u201d (Mt 6,19)<\/p>\n<\/blockquote>\n\n\n\n<p>\u017bycie w perspektywie wieczno\u015bci oznacza:<\/p>\n\n\n\n<ul class=\"wp-block-list\">\n<li>Nadawanie pierwsze\u0144stwa temu, co duchowe.<\/li>\n\n\n\n<li>Piel\u0119gnowanie \u017cycia wewn\u0119trznego.<\/li>\n\n\n\n<li>Inwestowanie w to, co nie przemija: mi\u0142o\u015b\u0107, wiara, prawda.<\/li>\n<\/ul>\n\n\n\n<h3 class=\"wp-block-heading\">8.3. Nauka \u017cycia chwil\u0105 obecn\u0105<\/h3>\n\n\n\n<p>Je\u015bli B\u00f3g jest wiecznym \u201eteraz\u201d, to miejscem spotkania z Nim jest <strong>teraz<\/strong>.<\/p>\n\n\n\n<ul class=\"wp-block-list\">\n<li>Nie w nostalgii za przesz\u0142o\u015bci\u0105.<\/li>\n\n\n\n<li>Nie w l\u0119ku o przysz\u0142o\u015b\u0107.<\/li>\n<\/ul>\n\n\n\n<p>Lecz w chwili obecnej prze\u017cywanej z Bogiem.<\/p>\n\n\n\n<h3 class=\"wp-block-heading\">8.4. Zaufanie Bo\u017cemu planowi<\/h3>\n\n\n\n<p>Bo\u017ca wieczno\u015b\u0107 zaprasza nas do zaufania:<\/p>\n\n\n\n<ul class=\"wp-block-list\">\n<li>On widzi to, czego my nie widzimy.<\/li>\n\n\n\n<li>On prowadzi to, czego nie rozumiemy.<\/li>\n<\/ul>\n\n\n\n<p>Przek\u0142ada si\u0119 to na konkretn\u0105 postaw\u0119 duchow\u0105: ufne zawierzenie.<\/p>\n\n\n\n<hr class=\"wp-block-separator has-alpha-channel-opacity\"\/>\n\n\n\n<h2 class=\"wp-block-heading\">9. Modlitwa jako spotkanie z Wiecznym<\/h2>\n\n\n\n<p>Gdy si\u0119 modlimy, dzieje si\u0119 co\u015b niezwyk\u0142ego:<\/p>\n\n\n\n<ul class=\"wp-block-list\">\n<li>Nie \u201ewo\u0142amy\u201d odleg\u0142ego Boga.<\/li>\n\n\n\n<li>Wchodzimy w obecno\u015b\u0107 Wiecznego.<\/li>\n<\/ul>\n\n\n\n<p>Modlitwa jest w pewnym sensie przedsmakiem wieczno\u015bci.<\/p>\n\n\n\n<p>Dlatego nawet kilka minut modlitwy:<\/p>\n\n\n\n<ul class=\"wp-block-list\">\n<li>Porz\u0105dkuje dusz\u0119.<\/li>\n\n\n\n<li>Przynosi pok\u00f3j.<\/li>\n\n\n\n<li>Roz\u015bwietla \u017cycie.<\/li>\n<\/ul>\n\n\n\n<hr class=\"wp-block-separator has-alpha-channel-opacity\"\/>\n\n\n\n<h2 class=\"wp-block-heading\">10. Chrze\u015bcija\u0144ska nadzieja: poza czasem<\/h2>\n\n\n\n<p>Na ko\u0144cu wszystko to prowadzi do nadziei:<\/p>\n\n\n\n<p>\u017bycie nie ko\u0144czy si\u0119 \u015bmierci\u0105. Jeste\u015bmy powo\u0142ani do uczestnictwa w wieczno\u015bci Boga.<\/p>\n\n\n\n<p>Nie jako niesko\u0144czone trwanie, lecz jako:<\/p>\n\n\n\n<ul class=\"wp-block-list\">\n<li>Pe\u0142nia mi\u0142o\u015bci.<\/li>\n\n\n\n<li>Pe\u0142nia prawdy.<\/li>\n\n\n\n<li>Pe\u0142nia \u017cycia.<\/li>\n<\/ul>\n\n\n\n<p>Niebo to nie \u201edu\u017co czasu\u201d, lecz <strong>bycie w Bogu<\/strong>.<\/p>\n\n\n\n<hr class=\"wp-block-separator has-alpha-channel-opacity\"\/>\n\n\n\n<h2 class=\"wp-block-heading\">Zako\u0144czenie: \u017by\u0107 z nogami na ziemi i sercem w wieczno\u015bci<\/h2>\n\n\n\n<p>Refleksja nad wieczno\u015bci\u0105 i bytem Boga nie oddala nas od \u015bwiata; pomaga nam \u017cy\u0107 w nim lepiej.<\/p>\n\n\n\n<p>Uczy nas:<\/p>\n\n\n\n<ul class=\"wp-block-list\">\n<li>Nie absolutyzowa\u0107 tego, co przemijaj\u0105ce.<\/li>\n\n\n\n<li>Nie popada\u0107 w rozpacz wobec cierpienia.<\/li>\n\n\n\n<li>Nie traci\u0107 sensu.<\/li>\n<\/ul>\n\n\n\n<p>Bo ostatecznie wszystko wskazuje na prost\u0105, a zarazem przemieniaj\u0105c\u0105 prawd\u0119:<\/p>\n\n\n\n<p><strong>Nasze \u017cycie ma wieczny fundament.<\/strong><\/p>\n\n\n\n<p>A tym fundamentem nie jest idea, lecz \u017cywy B\u00f3g, kt\u00f3ry nas podtrzymuje, kocha i wzywa do udzia\u0142u w swojej w\u0142asnej wieczno\u015bci.<\/p>\n","protected":false},"excerpt":{"rendered":"<p>Wprowadzenie: Gdy serce szuka wieczno\u015bci Istniej\u0105 pytania, kt\u00f3re przenikaj\u0105 ca\u0142\u0105 histori\u0119 ludzko\u015bci \u2014 pytania, kt\u00f3re nie trac\u0105 aktualno\u015bci wraz z up\u0142ywem czasu, poniewa\u017c rodz\u0105 si\u0119 w najg\u0142\u0119bszych zakamarkach duszy. Kim jest B\u00f3g? Co to znaczy, \u017ce jest wieczny? Jak mo\u017ce by\u0107 \u201esamym Bytem\u201d? A przede wszystkim: co to wszystko ma wsp\u00f3lnego z moim konkretnym \u017cyciem, &hellip;<\/p>\n","protected":false},"author":3,"featured_media":5411,"comment_status":"closed","ping_status":"closed","sticky":false,"template":"","format":"standard","meta":{"_seopress_robots_primary_cat":"","_seopress_titles_title":"","_seopress_titles_desc":"","_seopress_robots_index":"","footnotes":""},"categories":[63,41],"tags":[1754],"class_list":["post-5410","post","type-post","status-publish","format-standard","has-post-thumbnail","","category-filozofia-i-wiara","category-wiara-i-kultura","tag-wiecznosc"],"_links":{"self":[{"href":"https:\/\/catholicus.eu\/pl\/wp-json\/wp\/v2\/posts\/5410","targetHints":{"allow":["GET"]}}],"collection":[{"href":"https:\/\/catholicus.eu\/pl\/wp-json\/wp\/v2\/posts"}],"about":[{"href":"https:\/\/catholicus.eu\/pl\/wp-json\/wp\/v2\/types\/post"}],"author":[{"embeddable":true,"href":"https:\/\/catholicus.eu\/pl\/wp-json\/wp\/v2\/users\/3"}],"replies":[{"embeddable":true,"href":"https:\/\/catholicus.eu\/pl\/wp-json\/wp\/v2\/comments?post=5410"}],"version-history":[{"count":1,"href":"https:\/\/catholicus.eu\/pl\/wp-json\/wp\/v2\/posts\/5410\/revisions"}],"predecessor-version":[{"id":5412,"href":"https:\/\/catholicus.eu\/pl\/wp-json\/wp\/v2\/posts\/5410\/revisions\/5412"}],"wp:featuredmedia":[{"embeddable":true,"href":"https:\/\/catholicus.eu\/pl\/wp-json\/wp\/v2\/media\/5411"}],"wp:attachment":[{"href":"https:\/\/catholicus.eu\/pl\/wp-json\/wp\/v2\/media?parent=5410"}],"wp:term":[{"taxonomy":"category","embeddable":true,"href":"https:\/\/catholicus.eu\/pl\/wp-json\/wp\/v2\/categories?post=5410"},{"taxonomy":"post_tag","embeddable":true,"href":"https:\/\/catholicus.eu\/pl\/wp-json\/wp\/v2\/tags?post=5410"}],"curies":[{"name":"wp","href":"https:\/\/api.w.org\/{rel}","templated":true}]}}