{"id":5407,"date":"2026-03-19T13:28:00","date_gmt":"2026-03-19T12:28:00","guid":{"rendered":"https:\/\/catholicus.eu\/pl\/?p=5407"},"modified":"2026-03-19T13:28:04","modified_gmt":"2026-03-19T12:28:04","slug":"byt-i-nicosc-refleksje-filozoficzne-ktore-umacniaja-wiare","status":"publish","type":"post","link":"https:\/\/catholicus.eu\/pl\/byt-i-nicosc-refleksje-filozoficzne-ktore-umacniaja-wiare\/","title":{"rendered":"Byt i Nico\u015b\u0107: Refleksje filozoficzne, kt\u00f3re umacniaj\u0105 wiar\u0119"},"content":{"rendered":"\n<p>\u017byjemy w czasach, w kt\u00f3rych wiele os\u00f3b odczuwa wewn\u0119trzn\u0105 pustk\u0119 trudn\u0105 do wyja\u015bnienia. Pomimo post\u0119pu technologicznego, natychmiastowego dost\u0119pu do informacji i pozornej nieograniczonej wolno\u015bci, ludzkie serce wci\u0105\u017c zadaje pytania: <strong>Kim jestem? Jaki jest m\u00f3j cel? Jaki jest sens tego wszystkiego?<\/strong><\/p>\n\n\n\n<p>Te pytania nie s\u0105 nowe. Filozofia bada je od wiek\u00f3w, a w XX wieku my\u015bliciel Jean-Paul Sartre doprowadzi\u0142 je do skrajno\u015bci w swoim dziele <em>Byt i Nico\u015b\u0107<\/em>. Jednak to, co dla niekt\u00f3rych sta\u0142o si\u0119 filozofi\u0105 l\u0119ku i wolno\u015bci bez fundamentu, dla tradycji chrze\u015bcija\u0144skiej mo\u017ce sta\u0107 si\u0119 okazj\u0105: <strong>ponownego odkrycia tajemnicy bytu w \u015bwietle Boga<\/strong>.<\/p>\n\n\n\n<p>Ten artyku\u0142 proponuje w\u0142a\u015bnie to: wzi\u0105\u0107 wielkie pytania egzystencjalizmu i odpowiedzie\u0107 na nie z perspektywy <strong>teologicznej, katolickiej i g\u0142\u0119boko ludzkiej<\/strong>, zdolnej o\u015bwietli\u0107 codzienne \u017cycie.<\/p>\n\n\n\n<hr class=\"wp-block-separator has-alpha-channel-opacity\"\/>\n\n\n\n<h2 class=\"wp-block-heading\">1. Problem \u201ebytu\u201d i \u201enico\u015bci\u201d: uniwersalny niepok\u00f3j<\/h2>\n\n\n\n<p>W swojej pracy Sartre twierdzi, \u017ce cz\u0142owiek \u017cyje pomi\u0119dzy dwiema rzeczywisto\u015bciami:<\/p>\n\n\n\n<ul class=\"wp-block-list\">\n<li><strong>Bytem<\/strong>, tym, co istnieje.<\/li>\n\n\n\n<li><strong>Nico\u015bci\u0105<\/strong>, kt\u00f3ra pojawia si\u0119, gdy cz\u0142owiek u\u015bwiadamia sobie brak, to, czym nie jest.<\/li>\n<\/ul>\n\n\n\n<p>Wed\u0142ug jego analizy:<br>\ud83d\udc49 Cz\u0142owiek nie jest zamkni\u0119tym obiektem.<br>\ud83d\udc49 Jest \u015bwiadomy, otwarty i poszukuj\u0105cy.<\/p>\n\n\n\n<p>Ale tutaj pojawia si\u0119 zasadnicza r\u00f3\u017cnica wobec wiary chrze\u015bcija\u0144skiej:<\/p>\n\n\n\n<ul class=\"wp-block-list\">\n<li>Dla Sartre\u2019a ta otwarto\u015b\u0107 prowadzi do nico\u015bci.<\/li>\n\n\n\n<li>Dla teologii prowadzi do Boga.<\/li>\n<\/ul>\n\n\n\n<hr class=\"wp-block-separator has-alpha-channel-opacity\"\/>\n\n\n\n<h2 class=\"wp-block-heading\">2. Odpowied\u017a chrze\u015bcija\u0144ska: B\u00f3g jako fundament bytu<\/h2>\n\n\n\n<p>Tradycja katolicka, szczeg\u00f3lnie poprzez Thomas Aquinas, naucza, \u017ce:<\/p>\n\n\n\n<blockquote class=\"wp-block-quote is-layout-flow wp-block-quote-is-layout-flow\">\n<p>B\u00f3g nie jest \u201ejednym z byt\u00f3w\u201d, lecz <strong>Samym Bytem<\/strong>, \u017ar\u00f3d\u0142em wszystkiego, co istnieje.<\/p>\n<\/blockquote>\n\n\n\n<p>To ca\u0142kowicie zmienia perspektyw\u0119.<\/p>\n\n\n\n<h3 class=\"wp-block-heading\">\u2728 Nie pochodzimy z nico\u015bci<\/h3>\n\n\n\n<p>Wiara chrze\u015bcija\u0144ska stwierdza, \u017ce stworzenie nie pochodzi z absurdalnej pustki, lecz z mi\u0142o\u015bci Boga. Jak m\u00f3wi Pismo \u015awi\u0119te:<\/p>\n\n\n\n<blockquote class=\"wp-block-quote is-layout-flow wp-block-quote-is-layout-flow\">\n<p>\u201eJestem, kt\u00f3ry jestem\u201d (Wj 3,14)<\/p>\n<\/blockquote>\n\n\n\n<p>To imi\u0119 Bo\u017ce objawia co\u015b g\u0142\u0119bokiego:<br>\ud83d\udc49 B\u00f3g jest pe\u0142nym, wiecznym Bytem, bez braku.<br>\ud83d\udc49 My uczestniczymy w tym Bycie.<\/p>\n\n\n\n<p>Zatem nico\u015b\u0107 nie jest pocz\u0105tkiem\u2026<br><strong>nico\u015b\u0107 jest brakiem Boga w ludzkim do\u015bwiadczeniu.<\/strong><\/p>\n\n\n\n<hr class=\"wp-block-separator has-alpha-channel-opacity\"\/>\n\n\n\n<h2 class=\"wp-block-heading\">3. \u201eNico\u015b\u0107\u201d jako do\u015bwiadczenie duchowe<\/h2>\n\n\n\n<p>Cho\u0107 filozofia egzystencjalna widzi nico\u015b\u0107 jako konstytutywn\u0105 dla cz\u0142owieka, duchowo\u015b\u0107 chrze\u015bcija\u0144ska interpretuje j\u0105 inaczej:<\/p>\n\n\n\n<h3 class=\"wp-block-heading\">\ud83d\udd0d Nico\u015b\u0107 jako wewn\u0119trzna pustka<\/h3>\n\n\n\n<p>To poczucie pustki, braku sensu, nie jest pot\u0119pieniem\u2026<br>jest <strong>wezwaniem<\/strong>.<\/p>\n\n\n\n<p>Augustine of Hippo wyrazi\u0142 to w spos\u00f3b mistrzowski:<\/p>\n\n\n\n<blockquote class=\"wp-block-quote is-layout-flow wp-block-quote-is-layout-flow\">\n<p>\u201eStworzy\u0142e\u015b nas dla siebie, Panie, i niespokojne jest nasze serce, dop\u00f3ki w Tobie nie spocznie.\u201d<\/p>\n<\/blockquote>\n\n\n\n<p>\u201eNico\u015b\u0107\u201d, kt\u00f3rej do\u015bwiadczamy:<\/p>\n\n\n\n<ul class=\"wp-block-list\">\n<li>Nie jest ostatecznym przeznaczeniem<\/li>\n\n\n\n<li>Jest <strong>znakiem, \u017ce jeste\u015bmy stworzeni dla niesko\u0144czono\u015bci<\/strong><\/li>\n<\/ul>\n\n\n\n<hr class=\"wp-block-separator has-alpha-channel-opacity\"\/>\n\n\n\n<h2 class=\"wp-block-heading\">4. Wolno\u015b\u0107: mi\u0119dzy l\u0119kiem a powo\u0142aniem<\/h2>\n\n\n\n<p>Sartre twierdzi, \u017ce cz\u0142owiek jest \u201eskazany na wolno\u015b\u0107\u201d. Ta wolno\u015b\u0107, bez fundamentu, staje si\u0119 nieustannym l\u0119kiem.<\/p>\n\n\n\n<p>Wiara chrze\u015bcija\u0144ska oferuje jednak pe\u0142niejsz\u0105 wizj\u0119:<\/p>\n\n\n\n<h3 class=\"wp-block-heading\">\u271d\ufe0f Wolno\u015b\u0107 jako dar, a nie kara<\/h3>\n\n\n\n<ul class=\"wp-block-list\">\n<li>Nie jeste\u015bmy sami, buduj\u0105c siebie z nico\u015bci<\/li>\n\n\n\n<li>Zostali\u015bmy <strong>stworzeni z celem<\/strong><\/li>\n<\/ul>\n\n\n\n<p>Wolno\u015b\u0107 nie jest pustk\u0105:<br>\ud83d\udc49 Jest odpowiedzi\u0105 na mi\u0142o\u015b\u0107 Boga<br>\ud83d\udc49 Jest powo\u0142aniem<\/p>\n\n\n\n<p>Jak m\u00f3wi Ewangelia:<\/p>\n\n\n\n<blockquote class=\"wp-block-quote is-layout-flow wp-block-quote-is-layout-flow\">\n<p>\u201ePrawda was wyzwoli\u201d (J 8,32)<\/p>\n<\/blockquote>\n\n\n\n<p>Prawdziwa wolno\u015b\u0107 nie polega na wymy\u015blaniu siebie bez granic,<br>lecz na <strong>odkrywaniu, kim jestem w Bogu<\/strong>.<\/p>\n\n\n\n<hr class=\"wp-block-separator has-alpha-channel-opacity\"\/>\n\n\n\n<h2 class=\"wp-block-heading\">5. Historia my\u015bli: od klasycznego bytu do egzystencjalizmu<\/h2>\n\n\n\n<p>Aby lepiej zrozumie\u0107 ten sp\u00f3r, warto zrobi\u0107 kr\u00f3tk\u0105 podr\u00f3\u017c:<\/p>\n\n\n\n<h3 class=\"wp-block-heading\">\ud83c\udfdb\ufe0f Filozofia klasyczna (Plato, Aristotle)<\/h3>\n\n\n\n<ul class=\"wp-block-list\">\n<li>Byt ma porz\u0105dek, istot\u0119<\/li>\n\n\n\n<li>Rzeczywisto\u015b\u0107 jest zrozumia\u0142a i uporz\u0105dkowana<\/li>\n<\/ul>\n\n\n\n<h3 class=\"wp-block-heading\">\u271d\ufe0f My\u015bl chrze\u015bcija\u0144ska (Augustyn, Tomasz z Akwinu)<\/h3>\n\n\n\n<ul class=\"wp-block-list\">\n<li>Byt pochodzi od Boga<\/li>\n\n\n\n<li>Wszystko ma sens, poniewa\u017c uczestniczy w Stw\u00f3rcy<\/li>\n<\/ul>\n\n\n\n<h3 class=\"wp-block-heading\">\ud83c\udf11 Egzystencjalizm nowoczesny (Sartre)<\/h3>\n\n\n\n<ul class=\"wp-block-list\">\n<li>Cz\u0142owiek nie ma uprzedniej istoty<\/li>\n\n\n\n<li>Istnienie jest absurdalne bez fundamentu transcendentnego<\/li>\n\n\n\n<li>Wolno\u015b\u0107 rodzi l\u0119k<\/li>\n<\/ul>\n\n\n\n<p>Widzimy tu kluczowy punkt:<br>\ud83d\udc49 Gdy usuwa si\u0119 Boga, byt traci fundament<br>\ud83d\udc49 A nico\u015b\u0107 pojawia si\u0119 jako horyzont<\/p>\n\n\n\n<hr class=\"wp-block-separator has-alpha-channel-opacity\"\/>\n\n\n\n<h2 class=\"wp-block-heading\">6. Mo\u017cliwa synteza: odkupienie pytania egzystencjalnego<\/h2>\n\n\n\n<p>Chrze\u015bcija\u0144stwo nie odrzuca pyta\u0144 egzystencjalizmu. Wr\u0119cz przeciwnie:<br><strong>przyjmuje je i podnosi.<\/strong><\/p>\n\n\n\n<h3 class=\"wp-block-heading\">\u2714\ufe0f Tak, cz\u0142owiek do\u015bwiadcza pustki<\/h3>\n\n\n\n<h3 class=\"wp-block-heading\">\u2714\ufe0f Tak, cz\u0142owiek jest wolny<\/h3>\n\n\n\n<h3 class=\"wp-block-heading\">\u2714\ufe0f Tak, cz\u0142owiek szuka sensu<\/h3>\n\n\n\n<p>Ale odpowiedzi\u0105 nie jest absurd\u2026<br>jest <strong>Chrystus<\/strong>.<\/p>\n\n\n\n<blockquote class=\"wp-block-quote is-layout-flow wp-block-quote-is-layout-flow\">\n<p>\u201eJa jestem drog\u0105, prawd\u0105 i \u017cyciem\u201d (J 14,6)<\/p>\n<\/blockquote>\n\n\n\n<p>Chrystus nie tylko odpowiada na problem bytu:<br>\ud83d\udc49 <strong>On jest pe\u0142ni\u0105 Bytu wcielonego<\/strong><\/p>\n\n\n\n<hr class=\"wp-block-separator has-alpha-channel-opacity\"\/>\n\n\n\n<h2 class=\"wp-block-heading\">7. Zastosowania praktyczne: \u017cycie mi\u0119dzy bytem a \u0142ask\u0105<\/h2>\n\n\n\n<p>Jak przenie\u015b\u0107 to wszystko do codziennego \u017cycia?<\/p>\n\n\n\n<h3 class=\"wp-block-heading\">\ud83e\udded 1. Przyj\u0105\u0107 pustk\u0119 jako punkt wyj\u015bcia<\/h3>\n\n\n\n<p>Gdy odczuwasz brak sensu:<\/p>\n\n\n\n<ul class=\"wp-block-list\">\n<li>Nie zaprzeczaj mu<\/li>\n\n\n\n<li>Nie zape\u0142niaj go rozproszeniami<\/li>\n<\/ul>\n\n\n\n<p>Zadaj sobie pytanie:<br>\ud83d\udc49 Czego naprawd\u0119 szuka moje serce?<\/p>\n\n\n\n<hr class=\"wp-block-separator has-alpha-channel-opacity\"\/>\n\n\n\n<h3 class=\"wp-block-heading\">\ud83d\ude4f 2. Piel\u0119gnowa\u0107 relacj\u0119 z Bogiem<\/h3>\n\n\n\n<p>Cz\u0142owiek nie rozumie siebie tylko przez filozofi\u0119, lecz przez relacj\u0119.<\/p>\n\n\n\n<ul class=\"wp-block-list\">\n<li>Codzienna modlitwa<\/li>\n\n\n\n<li>Czytanie Ewangelii<\/li>\n\n\n\n<li>Wewn\u0119trzne milczenie<\/li>\n<\/ul>\n\n\n\n<p>Tam \u201epustka\u201d zostaje nape\u0142niona obecno\u015bci\u0105.<\/p>\n\n\n\n<hr class=\"wp-block-separator has-alpha-channel-opacity\"\/>\n\n\n\n<h3 class=\"wp-block-heading\">\ud83d\udd25 3. \u017by\u0107 z celem<\/h3>\n\n\n\n<p>Nie jeste\u015b tu przypadkiem.<\/p>\n\n\n\n<ul class=\"wp-block-list\">\n<li>Twoje \u017cycie ma misj\u0119<\/li>\n\n\n\n<li>Twoje decyzje maj\u0105 wieczne znaczenie<\/li>\n<\/ul>\n\n\n\n<p>Wolno\u015b\u0107 przestaje by\u0107 l\u0119kiem, gdy staje si\u0119 darem z siebie.<\/p>\n\n\n\n<hr class=\"wp-block-separator has-alpha-channel-opacity\"\/>\n\n\n\n<h3 class=\"wp-block-heading\">\u2764\ufe0f 4. Mi\u0142o\u015b\u0107 jako odpowied\u017a na byt<\/h3>\n\n\n\n<p>Mi\u0142o\u015b\u0107 jest kluczem rozwi\u0105zuj\u0105cym napi\u0119cie mi\u0119dzy bytem a nico\u015bci\u0105.<\/p>\n\n\n\n<p>Poniewa\u017c:<\/p>\n\n\n\n<ul class=\"wp-block-list\">\n<li>Egoizm zamyka \u2192 rodzi pustk\u0119<\/li>\n\n\n\n<li>Mi\u0142o\u015b\u0107 otwiera \u2192 \u0142\u0105czy z bytem<\/li>\n<\/ul>\n\n\n\n<hr class=\"wp-block-separator has-alpha-channel-opacity\"\/>\n\n\n\n<h2 class=\"wp-block-heading\">8. Ostatnie s\u0142owo: od pustki do pe\u0142ni<\/h2>\n\n\n\n<p>Wielkim dramatem wsp\u00f3\u0142czesnego cz\u0142owieka nie jest nico\u015b\u0107\u2026<br>lecz zapomnienie o Bycie.<\/p>\n\n\n\n<p>Dobra nowina jest taka:<br>\ud83d\udc49 Sens nie jest wymy\u015blany<br>\ud83d\udc49 Jest odkrywany<\/p>\n\n\n\n<p>A to odkrycie nie jest ide\u0105, lecz spotkaniem.<\/p>\n\n\n\n<hr class=\"wp-block-separator has-alpha-channel-opacity\"\/>\n\n\n\n<h2 class=\"wp-block-heading\">Zako\u0144czenie<\/h2>\n\n\n\n<p>Refleksje nad \u201ebytem i nico\u015bci\u0105\u201d nie powinny prowadzi\u0107 do rozpaczy, lecz do g\u0142\u0119bszego zrozumienia naszej to\u017csamo\u015bci.<\/p>\n\n\n\n<ul class=\"wp-block-list\">\n<li>Nie jeste\u015bmy owocem absurdu<\/li>\n\n\n\n<li>Nie jeste\u015bmy skazani na pustk\u0119<\/li>\n\n\n\n<li>Nie jeste\u015bmy bezsensownym przypadkiem<\/li>\n<\/ul>\n\n\n\n<p>Jeste\u015bmy <strong>stworzeniami powo\u0142anymi do uczestnictwa w wiecznym Bycie<\/strong>.<\/p>\n\n\n\n<p>Dlatego nawet po\u015br\u00f3d w\u0105tpliwo\u015bci, cierpienia czy niepewno\u015bci mo\u017cemy z nadziej\u0105 powiedzie\u0107:<\/p>\n\n\n\n<blockquote class=\"wp-block-quote is-layout-flow wp-block-quote-is-layout-flow\">\n<p>\u201eW Nim \u017cyjemy, poruszamy si\u0119 i jeste\u015bmy\u201d (Dz 17,28)<\/p>\n<\/blockquote>\n","protected":false},"excerpt":{"rendered":"<p>\u017byjemy w czasach, w kt\u00f3rych wiele os\u00f3b odczuwa wewn\u0119trzn\u0105 pustk\u0119 trudn\u0105 do wyja\u015bnienia. Pomimo post\u0119pu technologicznego, natychmiastowego dost\u0119pu do informacji i pozornej nieograniczonej wolno\u015bci, ludzkie serce wci\u0105\u017c zadaje pytania: Kim jestem? Jaki jest m\u00f3j cel? Jaki jest sens tego wszystkiego? Te pytania nie s\u0105 nowe. Filozofia bada je od wiek\u00f3w, a w XX wieku my\u015bliciel &hellip;<\/p>\n","protected":false},"author":3,"featured_media":5408,"comment_status":"closed","ping_status":"closed","sticky":false,"template":"","format":"standard","meta":{"_seopress_robots_primary_cat":"","_seopress_titles_title":"","_seopress_titles_desc":"","_seopress_robots_index":"","footnotes":""},"categories":[63,41],"tags":[1753],"class_list":["post-5407","post","type-post","status-publish","format-standard","has-post-thumbnail","","category-filozofia-i-wiara","category-wiara-i-kultura","tag-byt-i-nicosc"],"_links":{"self":[{"href":"https:\/\/catholicus.eu\/pl\/wp-json\/wp\/v2\/posts\/5407","targetHints":{"allow":["GET"]}}],"collection":[{"href":"https:\/\/catholicus.eu\/pl\/wp-json\/wp\/v2\/posts"}],"about":[{"href":"https:\/\/catholicus.eu\/pl\/wp-json\/wp\/v2\/types\/post"}],"author":[{"embeddable":true,"href":"https:\/\/catholicus.eu\/pl\/wp-json\/wp\/v2\/users\/3"}],"replies":[{"embeddable":true,"href":"https:\/\/catholicus.eu\/pl\/wp-json\/wp\/v2\/comments?post=5407"}],"version-history":[{"count":1,"href":"https:\/\/catholicus.eu\/pl\/wp-json\/wp\/v2\/posts\/5407\/revisions"}],"predecessor-version":[{"id":5409,"href":"https:\/\/catholicus.eu\/pl\/wp-json\/wp\/v2\/posts\/5407\/revisions\/5409"}],"wp:featuredmedia":[{"embeddable":true,"href":"https:\/\/catholicus.eu\/pl\/wp-json\/wp\/v2\/media\/5408"}],"wp:attachment":[{"href":"https:\/\/catholicus.eu\/pl\/wp-json\/wp\/v2\/media?parent=5407"}],"wp:term":[{"taxonomy":"category","embeddable":true,"href":"https:\/\/catholicus.eu\/pl\/wp-json\/wp\/v2\/categories?post=5407"},{"taxonomy":"post_tag","embeddable":true,"href":"https:\/\/catholicus.eu\/pl\/wp-json\/wp\/v2\/tags?post=5407"}],"curies":[{"name":"wp","href":"https:\/\/api.w.org\/{rel}","templated":true}]}}