{"id":5389,"date":"2026-03-18T09:52:29","date_gmt":"2026-03-18T08:52:29","guid":{"rendered":"https:\/\/catholicus.eu\/pl\/?p=5389"},"modified":"2026-03-18T09:52:29","modified_gmt":"2026-03-18T08:52:29","slug":"czy-myslisz-ze-modlitwa-jest-trudna-odkryj-5-prostych-sposobow-aby-rozmawiac-z-bogiem-nawet-jesli-jestes-maly","status":"publish","type":"post","link":"https:\/\/catholicus.eu\/pl\/czy-myslisz-ze-modlitwa-jest-trudna-odkryj-5-prostych-sposobow-aby-rozmawiac-z-bogiem-nawet-jesli-jestes-maly\/","title":{"rendered":"Czy my\u015blisz, \u017ce modlitwa jest trudna? Odkryj 5 prostych sposob\u00f3w, aby rozmawia\u0107 z Bogiem (nawet je\u015bli jeste\u015b ma\u0142y)"},"content":{"rendered":"\n<p>\u017byjemy w szybkim, ha\u0142a\u015bliwym \u015bwiecie, pe\u0142nym ekran\u00f3w i ci\u0105g\u0142ych rozprosze\u0144. Wielu uwa\u017ca, \u017ce modlitwa jest czym\u015b skomplikowanym, zarezerwowanym dla \u015bwi\u0119tych, os\u00f3b zakonnych albo tych, kt\u00f3rzy maj\u0105 du\u017co czasu. A jednak prawda jest o wiele prostsza \u2014 i g\u0142\u0119boko pi\u0119kna: <strong>modlitwa to rozmowa z Bogiem\u2026 i ka\u017cdy mo\u017ce j\u0105 podj\u0105\u0107<\/strong>.<\/p>\n\n\n\n<p>Tak, nawet dziecko. Nawet kto\u015b, kto nigdy wcze\u015bniej si\u0119 nie modli\u0142. Nawet ty \u2014 taki, jaki jeste\u015b teraz.<\/p>\n\n\n\n<p>Poniewa\u017c modlitwa nie jest skomplikowan\u0105 technik\u0105, lecz \u017cyw\u0105 relacj\u0105 z Jezus Chrystus, kt\u00f3ry nauczy\u0142 nas, \u017ce B\u00f3g jest naszym Ojcem i \u017ce mo\u017cemy zbli\u017ca\u0107 si\u0119 do Niego z ufno\u015bci\u0105, prostot\u0105 i mi\u0142o\u015bci\u0105.<\/p>\n\n\n\n<blockquote class=\"wp-block-quote is-layout-flow wp-block-quote-is-layout-flow\">\n<p>\u201ePozw\u00f3lcie dzieciom przychodzi\u0107 do Mnie, nie przeszkadzajcie im; do takich bowiem nale\u017cy Kr\u00f3lestwo Bo\u017ce.\u201d (Mk 10,14)<\/p>\n<\/blockquote>\n\n\n\n<p>Ten artyku\u0142 jest g\u0142\u0119bokim, a zarazem przyst\u0119pnym przewodnikiem, kt\u00f3ry pomo\u017ce odkry\u0107 <strong>5 prostych sposob\u00f3w modlitwy ka\u017cdego dnia<\/strong>, zakorzenionych w Tradycji Ko\u015bcio\u0142a i zastosowanych konkretnie do wsp\u00f3\u0142czesnego \u017cycia.<\/p>\n\n\n\n<hr class=\"wp-block-separator has-alpha-channel-opacity\"\/>\n\n\n\n<h1 class=\"wp-block-heading\"><strong>1. Modlitwa ustna: kiedy twoje usta ucz\u0105 twoje serce<\/strong><\/h1>\n\n\n\n<h2 class=\"wp-block-heading\">\ud83d\udcdc Historia i fundament teologiczny<\/h2>\n\n\n\n<p>Modlitwa ustna jest najbardziej podstawow\u0105 i powszechn\u0105 form\u0105 modlitwy. Ju\u017c w Starym Testamencie lud Izraela modli\u0142 si\u0119 konkretnymi s\u0142owami: psalmami, b\u0142ogos\u0142awie\u0144stwami, pro\u015bbami\u2026<\/p>\n\n\n\n<p>Biblia jest pe\u0142na modlitw wypowiadanych na g\u0142os. A sam Jezus Chrystus nauczy\u0142 nas modli\u0107 si\u0119 s\u0142owami w <strong>Ojcze nasz<\/strong>.<\/p>\n\n\n\n<p>Ko\u015bci\u00f3\u0142 zawsze ceni\u0142 t\u0119 form\u0119 modlitwy, poniewa\u017c <strong>kszta\u0142tuje ona dusz\u0119<\/strong>. To nie jest co\u015b mechanicznego: to droga uczenia si\u0119, jak rozmawia\u0107 z Bogiem.<\/p>\n\n\n\n<h2 class=\"wp-block-heading\">\ud83d\ude4f Jak j\u0105 praktykowa\u0107?<\/h2>\n\n\n\n<ul class=\"wp-block-list\">\n<li>M\u00f3dl si\u0119 rano po przebudzeniu: \u201ePanie, ofiaruj\u0119 Ci ten dzie\u0144.\u201d<\/li>\n\n\n\n<li>Przed snem: Ojcze nasz lub Zdrowa\u015b Maryjo.<\/li>\n\n\n\n<li>Przed posi\u0142kiem: pob\u0142ogos\u0142aw jedzenie.<\/li>\n\n\n\n<li>W trudnych chwilach: kr\u00f3tkie wezwanie (\u201eJezu, ufam Tobie\u201d).<\/li>\n<\/ul>\n\n\n\n<h2 class=\"wp-block-heading\">\ud83d\udca1 Klucz duchowy<\/h2>\n\n\n\n<p>Nawet je\u015bli na pocz\u0105tku wydaje si\u0119 to powtarzalne, <strong>s\u0142owa kszta\u0142tuj\u0105 serce<\/strong>. Jak dziecko uczy si\u0119 m\u00f3wi\u0107, tak dusza uczy si\u0119 kocha\u0107.<\/p>\n\n\n\n<hr class=\"wp-block-separator has-alpha-channel-opacity\"\/>\n\n\n\n<h1 class=\"wp-block-heading\"><strong>2. Modlitwa my\u015blna: rozmawia\u0107 z Bogiem jak z przyjacielem<\/strong><\/h1>\n\n\n\n<h2 class=\"wp-block-heading\">\ud83d\udcdc Tradycja duchowa<\/h2>\n\n\n\n<p>Wielcy \u015bwi\u0119ci, tacy jak \u015awi\u0119ta Teresa z \u00c1vili, definiowali modlitw\u0119 my\u015bln\u0105 w ten spos\u00f3b:<\/p>\n\n\n\n<blockquote class=\"wp-block-quote is-layout-flow wp-block-quote-is-layout-flow\">\n<p>\u201eJest to nic innego jak przyjacielska rozmowa, w kt\u00f3rej cz\u0119sto przebywamy sam na sam z Tym, o kt\u00f3rym wiemy, \u017ce nas kocha.\u201d<\/p>\n<\/blockquote>\n\n\n\n<p>Tutaj nie chodzi ju\u017c tylko o powtarzanie s\u0142\u00f3w, ale o <strong>dialog z Bogiem p\u0142yn\u0105cy z serca<\/strong>.<\/p>\n\n\n\n<h2 class=\"wp-block-heading\">\ud83e\udde0 Na czym polega?<\/h2>\n\n\n\n<ul class=\"wp-block-list\">\n<li>M\u00f3wienie do Boga w\u0142asnymi s\u0142owami.<\/li>\n\n\n\n<li>Powierzanie Mu swoich trosk.<\/li>\n\n\n\n<li>Dzi\u0119kowanie za to, co masz.<\/li>\n\n\n\n<li>Proszenie o pomoc z ufno\u015bci\u0105.<\/li>\n<\/ul>\n\n\n\n<h2 class=\"wp-block-heading\">\ud83d\ude4f Prosty przyk\u0142ad<\/h2>\n\n\n\n<p>Dziecko mo\u017ce modli\u0107 si\u0119 tak:<\/p>\n\n\n\n<blockquote class=\"wp-block-quote is-layout-flow wp-block-quote-is-layout-flow\">\n<p>\u201eJezu, dzi\u015b si\u0119 zdenerwowa\u0142em\u2026 pom\u00f3\u017c mi by\u0107 lepszym. Dzi\u0119kuj\u0119 za moj\u0105 rodzin\u0119.\u201d<\/p>\n<\/blockquote>\n\n\n\n<p>To jest prawdziwa modlitwa.<\/p>\n\n\n\n<h2 class=\"wp-block-heading\">\ud83d\udca1 Klucz duchowy<\/h2>\n\n\n\n<p>B\u00f3g nie oczekuje doskona\u0142ych przem\u00f3wie\u0144. <strong>Chce twojej prawdy, nie twojej perfekcji<\/strong>.<\/p>\n\n\n\n<hr class=\"wp-block-separator has-alpha-channel-opacity\"\/>\n\n\n\n<h1 class=\"wp-block-heading\"><strong>3. Modlitwa S\u0142owem Bo\u017cym: kiedy On pierwszy do ciebie m\u00f3wi<\/strong><\/h1>\n\n\n\n<h2 class=\"wp-block-heading\">\ud83d\udcdc Fundament teologiczny<\/h2>\n\n\n\n<p>Modlitwa to nie tylko m\u00f3wienie, ale tak\u017ce s\u0142uchanie. A B\u00f3g m\u00f3wi przede wszystkim przez swoje S\u0142owo.<\/p>\n\n\n\n<p>Dlatego Ko\u015bci\u00f3\u0142 zawsze zaleca\u0142 modlitewne czytanie Pisma \u015awi\u0119tego (lectio divina).<\/p>\n\n\n\n<blockquote class=\"wp-block-quote is-layout-flow wp-block-quote-is-layout-flow\">\n<p>\u201eTwoje s\u0142owo jest lamp\u0105 dla moich st\u00f3p i \u015bwiat\u0142em na mojej \u015bcie\u017cce.\u201d (Ps 119,105)<\/p>\n<\/blockquote>\n\n\n\n<h2 class=\"wp-block-heading\">\ud83d\udcd6 Jak j\u0105 praktykowa\u0107?<\/h2>\n\n\n\n<ul class=\"wp-block-list\">\n<li>Przeczytaj kr\u00f3tki fragment Ewangelii.<\/li>\n\n\n\n<li>Wyobra\u017a sobie t\u0119 scen\u0119.<\/li>\n\n\n\n<li>Zadaj sobie pytanie: co B\u00f3g m\u00f3wi do mnie tutaj?<\/li>\n\n\n\n<li>Odpowiedz modlitw\u0105.<\/li>\n<\/ul>\n\n\n\n<h2 class=\"wp-block-heading\">\u2728 Przyk\u0142ad<\/h2>\n\n\n\n<p>Czytasz, jak Jezus Chrystus ucisza burz\u0119.<\/p>\n\n\n\n<p>\u2192 Mo\u017cesz powiedzie\u0107:<br>\u201ePanie, ucisz tak\u017ce moje l\u0119ki.\u201d<\/p>\n\n\n\n<h2 class=\"wp-block-heading\">\ud83d\udca1 Klucz duchowy<\/h2>\n\n\n\n<p>Modlitwa chrze\u015bcija\u0144ska nie zaczyna si\u0119 od nas: <strong>zaczyna si\u0119 od Boga, kt\u00f3ry m\u00f3wi pierwszy<\/strong>.<\/p>\n\n\n\n<hr class=\"wp-block-separator has-alpha-channel-opacity\"\/>\n\n\n\n<h1 class=\"wp-block-heading\"><strong>4. Modlitwa w codzienno\u015bci: przemieni\u0107 swoje \u017cycie w dialog z Bogiem<\/strong><\/h1>\n\n\n\n<h2 class=\"wp-block-heading\">\ud83d\udcdc Teologia \u017cycia codziennego<\/h2>\n\n\n\n<p>Wchodzimy tu w co\u015b g\u0142\u0119boko rewolucyjnego: <strong>wszystko mo\u017ce sta\u0107 si\u0119 modlitw\u0105<\/strong>.<\/p>\n\n\n\n<p>\u015awi\u0119ty Pawe\u0142 m\u00f3wi jasno:<\/p>\n\n\n\n<blockquote class=\"wp-block-quote is-layout-flow wp-block-quote-is-layout-flow\">\n<p>\u201eNieustannie si\u0119 m\u00f3dlcie.\u201d (1 Tes 5,17)<\/p>\n<\/blockquote>\n\n\n\n<p>Jak to mo\u017cliwe? Nie mo\u017cemy modli\u0107 si\u0119 formalnie przez ca\u0142y dzie\u0144\u2026 ale mo\u017cemy <strong>\u017cy\u0107 w obecno\u015bci Boga<\/strong>.<\/p>\n\n\n\n<h2 class=\"wp-block-heading\">\ud83c\udfe1 Zastosowanie praktyczne<\/h2>\n\n\n\n<ul class=\"wp-block-list\">\n<li>Ofiarowa\u0107 swoj\u0105 prac\u0119: \u201ePanie, to dla Ciebie.\u201d<\/li>\n\n\n\n<li>Uczy\u0107 si\u0119 z intencj\u0105: \u201ePom\u00f3\u017c mi zrobi\u0107 to dobrze.\u201d<\/li>\n\n\n\n<li>Pomaga\u0107 w domu z mi\u0142o\u015bci\u0105.<\/li>\n\n\n\n<li>Przyjmowa\u0107 trudno\u015bci z cierpliwo\u015bci\u0105.<\/li>\n<\/ul>\n\n\n\n<h2 class=\"wp-block-heading\">\ud83d\udca1 Klucz duchowy<\/h2>\n\n\n\n<p>Nie chodzi o robienie rzeczy nadzwyczajnych, ale o <strong>robienie rzeczy zwyczajnych z nadprzyrodzon\u0105 mi\u0142o\u015bci\u0105<\/strong>.<\/p>\n\n\n\n<hr class=\"wp-block-separator has-alpha-channel-opacity\"\/>\n\n\n\n<h1 class=\"wp-block-heading\"><strong>5. Modlitwa serca: cisza, kt\u00f3ra przemienia<\/strong><\/h1>\n\n\n\n<h2 class=\"wp-block-heading\">\ud83d\udcdc Korzenie w tradycji<\/h2>\n\n\n\n<p>Wielcy mistycy m\u00f3wi\u0105 o g\u0142\u0119bszej formie modlitwy: <strong>wewn\u0119trznej ciszy<\/strong>.<\/p>\n\n\n\n<p>Nie zawsze s\u0105 s\u0142owa. Czasem po prostu jeste\u015b z Bogiem.<\/p>\n\n\n\n<p>Jak m\u00f3wi\u0142 \u015awi\u0119ty Jan od Krzy\u017ca:<\/p>\n\n\n\n<blockquote class=\"wp-block-quote is-layout-flow wp-block-quote-is-layout-flow\">\n<p>\u201eJ\u0119zykiem Boga jest cisza.\u201d<\/p>\n<\/blockquote>\n\n\n\n<h2 class=\"wp-block-heading\">\ud83d\udd4a\ufe0f Jak j\u0105 prze\u017cywa\u0107?<\/h2>\n\n\n\n<ul class=\"wp-block-list\">\n<li>Znajd\u017a chwil\u0119 ciszy (cho\u0107by 5 minut).<\/li>\n\n\n\n<li>Trwaj w obecno\u015bci Boga.<\/li>\n\n\n\n<li>Nie wymuszaj my\u015bli.<\/li>\n\n\n\n<li>Po prostu kochaj\u2026 i pozw\u00f3l si\u0119 kocha\u0107.<\/li>\n<\/ul>\n\n\n\n<h2 class=\"wp-block-heading\">\ud83d\udca1 Klucz duchowy<\/h2>\n\n\n\n<p>Tutaj nic nie robisz\u2026 ale B\u00f3g czyni wszystko.<\/p>\n\n\n\n<hr class=\"wp-block-separator has-alpha-channel-opacity\"\/>\n\n\n\n<h1 class=\"wp-block-heading\"><strong>Dlaczego tak wa\u017cne jest codzienne modlenie si\u0119?<\/strong><\/h1>\n\n\n\n<p>Z teologicznego punktu widzenia modlitwa nie jest opcjonalna: <strong>jest niezb\u0119dna do \u017cycia<\/strong>.<\/p>\n\n\n\n<ul class=\"wp-block-list\">\n<li>Jest zwyczajnym \u015brodkiem \u0142aski.<\/li>\n\n\n\n<li>Umacnia wiar\u0119, nadziej\u0119 i mi\u0142o\u015b\u0107.<\/li>\n\n\n\n<li>Jednoczy nas z Bogiem i przemienia nasz\u0105 dusz\u0119.<\/li>\n<\/ul>\n\n\n\n<p>Bez modlitwy \u017cycie chrze\u015bcija\u0144skie s\u0142abnie. Dzi\u0119ki modlitwie nawet najprostsza osoba mo\u017ce osi\u0105gn\u0105\u0107 wielk\u0105 \u015bwi\u0119to\u015b\u0107.<\/p>\n\n\n\n<hr class=\"wp-block-separator has-alpha-channel-opacity\"\/>\n\n\n\n<h1 class=\"wp-block-heading\"><strong>Zastosowanie praktyczne: prosty plan na dzi\u015b<\/strong><\/h1>\n\n\n\n<p>Nie musisz zmienia\u0107 ca\u0142ego swojego \u017cycia naraz. Zacznij tak:<\/p>\n\n\n\n<h3 class=\"wp-block-heading\">\ud83c\udf05 Rano<\/h3>\n\n\n\n<p>Kr\u00f3tka modlitwa (1 minuta)<\/p>\n\n\n\n<h3 class=\"wp-block-heading\">\ud83c\udf7d\ufe0f Przed posi\u0142kiem<\/h3>\n\n\n\n<p>Pob\u0142ogos\u0142aw jedzenie<\/p>\n\n\n\n<h3 class=\"wp-block-heading\">\ud83d\udcd6 W ci\u0105gu dnia<\/h3>\n\n\n\n<p>Przeczytaj jeden werset z Ewangelii<\/p>\n\n\n\n<h3 class=\"wp-block-heading\">\ud83d\udcac W ka\u017cdej chwili<\/h3>\n\n\n\n<p>Rozmawiaj z Bogiem jak z przyjacielem<\/p>\n\n\n\n<h3 class=\"wp-block-heading\">\ud83c\udf19 Wieczorem<\/h3>\n\n\n\n<p>Podzi\u0119kuj i popro\u015b o przebaczenie<\/p>\n\n\n\n<hr class=\"wp-block-separator has-alpha-channel-opacity\"\/>\n\n\n\n<h1 class=\"wp-block-heading\"><strong>Zako\u0144czenie: B\u00f3g nie szuka ekspert\u00f3w\u2026 szuka serc<\/strong><\/h1>\n\n\n\n<p>Mo\u017ce my\u015blisz, \u017ce nie umiesz si\u0119 modli\u0107. Mo\u017ce \u0142atwo si\u0119 rozpraszasz. Mo\u017ce zaczynasz i przestajesz.<\/p>\n\n\n\n<p>To nie ma znaczenia.<\/p>\n\n\n\n<p>B\u00f3g nie czeka na doskona\u0142\u0105 modlitw\u0119. Czeka na <strong>twoj\u0105 obecno\u015b\u0107<\/strong>.<\/p>\n\n\n\n<p>Bo modlitwa nie polega na tym, by imponowa\u0107 Bogu\u2026<br>ale na tym, by <strong>pozwoli\u0107 Bogu przemienia\u0107 twoje \u017cycie od wewn\u0105trz<\/strong>.<\/p>\n\n\n\n<p>A najpi\u0119kniejsze jest to:<br><strong>nie ma znaczenia, czy jeste\u015b ma\u0142y, s\u0142aby czy niesta\u0142y\u2026 B\u00f3g zawsze s\u0142ucha.<\/strong><\/p>\n","protected":false},"excerpt":{"rendered":"<p>\u017byjemy w szybkim, ha\u0142a\u015bliwym \u015bwiecie, pe\u0142nym ekran\u00f3w i ci\u0105g\u0142ych rozprosze\u0144. Wielu uwa\u017ca, \u017ce modlitwa jest czym\u015b skomplikowanym, zarezerwowanym dla \u015bwi\u0119tych, os\u00f3b zakonnych albo tych, kt\u00f3rzy maj\u0105 du\u017co czasu. A jednak prawda jest o wiele prostsza \u2014 i g\u0142\u0119boko pi\u0119kna: modlitwa to rozmowa z Bogiem\u2026 i ka\u017cdy mo\u017ce j\u0105 podj\u0105\u0107. Tak, nawet dziecko. Nawet kto\u015b, kto &hellip;<\/p>\n","protected":false},"author":3,"featured_media":5390,"comment_status":"closed","ping_status":"closed","sticky":false,"template":"","format":"standard","meta":{"_seopress_robots_primary_cat":"","_seopress_titles_title":"","_seopress_titles_desc":"","_seopress_robots_index":"","footnotes":""},"categories":[40,58],"tags":[],"class_list":["post-5389","post","type-post","status-publish","format-standard","has-post-thumbnail","","category-modlitwa-i-duchowosc","category-modlitwa-i-zycie-duchowe"],"_links":{"self":[{"href":"https:\/\/catholicus.eu\/pl\/wp-json\/wp\/v2\/posts\/5389","targetHints":{"allow":["GET"]}}],"collection":[{"href":"https:\/\/catholicus.eu\/pl\/wp-json\/wp\/v2\/posts"}],"about":[{"href":"https:\/\/catholicus.eu\/pl\/wp-json\/wp\/v2\/types\/post"}],"author":[{"embeddable":true,"href":"https:\/\/catholicus.eu\/pl\/wp-json\/wp\/v2\/users\/3"}],"replies":[{"embeddable":true,"href":"https:\/\/catholicus.eu\/pl\/wp-json\/wp\/v2\/comments?post=5389"}],"version-history":[{"count":1,"href":"https:\/\/catholicus.eu\/pl\/wp-json\/wp\/v2\/posts\/5389\/revisions"}],"predecessor-version":[{"id":5391,"href":"https:\/\/catholicus.eu\/pl\/wp-json\/wp\/v2\/posts\/5389\/revisions\/5391"}],"wp:featuredmedia":[{"embeddable":true,"href":"https:\/\/catholicus.eu\/pl\/wp-json\/wp\/v2\/media\/5390"}],"wp:attachment":[{"href":"https:\/\/catholicus.eu\/pl\/wp-json\/wp\/v2\/media?parent=5389"}],"wp:term":[{"taxonomy":"category","embeddable":true,"href":"https:\/\/catholicus.eu\/pl\/wp-json\/wp\/v2\/categories?post=5389"},{"taxonomy":"post_tag","embeddable":true,"href":"https:\/\/catholicus.eu\/pl\/wp-json\/wp\/v2\/tags?post=5389"}],"curies":[{"name":"wp","href":"https:\/\/api.w.org\/{rel}","templated":true}]}}