{"id":5383,"date":"2026-03-18T09:13:42","date_gmt":"2026-03-18T08:13:42","guid":{"rendered":"https:\/\/catholicus.eu\/pl\/?p=5383"},"modified":"2026-03-18T09:13:42","modified_gmt":"2026-03-18T08:13:42","slug":"nie-moge-wierzyc-w-boga-poniewaz-wierze-w-nauke-wielki-wspolczesny-blad-ktory-odbiera-ci-prawde-i-jak-pogodzic-wiare-z-rozumem","status":"publish","type":"post","link":"https:\/\/catholicus.eu\/pl\/nie-moge-wierzyc-w-boga-poniewaz-wierze-w-nauke-wielki-wspolczesny-blad-ktory-odbiera-ci-prawde-i-jak-pogodzic-wiare-z-rozumem\/","title":{"rendered":"\u201eNie mog\u0119 wierzy\u0107 w Boga, poniewa\u017c wierz\u0119 w nauk\u0119\u201d: wielki wsp\u00f3\u0142czesny b\u0142\u0105d, kt\u00f3ry odbiera ci Prawd\u0119 (i jak pogodzi\u0107 wiar\u0119 z rozumem)"},"content":{"rendered":"\n<p>\u017byjemy w fascynuj\u0105cych czasach. Nigdy wcze\u015bniej ludzko\u015b\u0107 nie osi\u0105gn\u0119\u0142a takiego poziomu wiedzy naukowej, post\u0119pu technologicznego i zdolno\u015bci do badania wszech\u015bwiata. A jednak, paradoksalnie, prze\u017cywamy r\u00f3wnie\u017c g\u0142\u0119boki kryzys sensu. Coraz wi\u0119cej os\u00f3b powtarza z przekonaniem \u2014 a czasem nawet z pewn\u0105 dum\u0105 \u2014 to zdanie: <em>\u201eNie mog\u0119 wierzy\u0107 w Boga, poniewa\u017c wierz\u0119 w nauk\u0119.\u201d<\/em><\/p>\n\n\n\n<p>Ale\u2026 czy wiara i nauka rzeczywi\u015bcie s\u0105 ze sob\u0105 sprzeczne? Czy trzeba wybiera\u0107 mi\u0119dzy Bogiem a laboratorium? A mo\u017ce mamy do czynienia z fa\u0142szyw\u0105 opozycj\u0105 wynikaj\u0105c\u0105 z g\u0142\u0119bokiego nieporozumienia?<\/p>\n\n\n\n<p>Ten artyku\u0142 chce ci towarzyszy\u0107 \u2014 ze spokojem, rzetelno\u015bci\u0105 i blisko\u015bci\u0105 \u2014 aby obali\u0107 ten mit, ukaza\u0107 relacj\u0119 mi\u0119dzy wiar\u0105 a rozumem w \u015bwietle tradycji katolickiej oraz zaproponowa\u0107 konkretny przewodnik duchowy, kt\u00f3ry pomo\u017ce \u017cy\u0107 dzi\u015b wiar\u0105 inteligentn\u0105, solidn\u0105 i g\u0142\u0119boko ludzk\u0105.<\/p>\n\n\n\n<hr class=\"wp-block-separator has-alpha-channel-opacity\"\/>\n\n\n\n<h2 class=\"wp-block-heading\"><strong>1. \u0179r\u00f3d\u0142o konfliktu: wojna, kt\u00f3ra nigdy nie istnia\u0142a<\/strong><\/h2>\n\n\n\n<p>Idea, \u017ce nauka i wiara s\u0105 w konflikcie, jest stosunkowo nowa. Nie wywodzi si\u0119 z chrze\u015bcija\u0144stwa, lecz z nowo\u017cytnych nurt\u00f3w filozoficznych, takich jak pozytywizm XIX wieku, kt\u00f3ry twierdzi\u0142, \u017ce prawdziwe jest tylko to, co mo\u017cna zmierzy\u0107 i zweryfikowa\u0107 eksperymentalnie.<\/p>\n\n\n\n<p>Historia m\u00f3wi jednak co\u015b zupe\u0142nie innego:<\/p>\n\n\n\n<ul class=\"wp-block-list\">\n<li>Pierwsze uniwersytety powsta\u0142y w \u0142onie Ko\u015bcio\u0142a.<\/li>\n\n\n\n<li>Wielu ojc\u00f3w nowo\u017cytnej nauki by\u0142o wierz\u0105cych: Kopernik, Mendel (mnich), Pascal, Newton\u2026<\/li>\n\n\n\n<li>Sama idea, \u017ce wszech\u015bwiat jest uporz\u0105dkowany, zrozumia\u0142y i rz\u0105dzony prawami, pochodzi z chrze\u015bcija\u0144skiej wizji stworzenia.<\/li>\n<\/ul>\n\n\n\n<p>Konflikt zatem nie jest rzeczywisty w swoim \u017ar\u00f3dle. To raczej kulturowa karykatura.<\/p>\n\n\n\n<hr class=\"wp-block-separator has-alpha-channel-opacity\"\/>\n\n\n\n<h2 class=\"wp-block-heading\"><strong>2. Nauka i wiara: dwie r\u00f3\u017cne drogi do prawdy<\/strong><\/h2>\n\n\n\n<p>Tu znajduje si\u0119 klucz do obalenia tej tezy:<\/p>\n\n\n\n<p>\ud83d\udc49 <strong>Nauka i wiara nie konkuruj\u0105 ze sob\u0105, poniewa\u017c nie odpowiadaj\u0105 na te same pytania.<\/strong><\/p>\n\n\n\n<ul class=\"wp-block-list\">\n<li><strong>Nauka<\/strong> bada <em>jak<\/em>: jak funkcjonuje wszech\u015bwiat, jakie rz\u0105dz\u0105 nim prawa, jak przebiegaj\u0105 procesy naturalne.<\/li>\n\n\n\n<li><strong>Wiara<\/strong> odpowiada na <em>ostateczne dlaczego<\/em>: dlaczego istnieje co\u015b zamiast niczego, jaki jest sens \u017cycia, czym jest dobro, czym jest mi\u0142o\u015b\u0107.<\/li>\n<\/ul>\n\n\n\n<p>Mieszanie tych poziom\u00f3w prowadzi do frustracji.<\/p>\n\n\n\n<p>To tak, jakby u\u017cywa\u0107 mikroskopu do szukania sprawiedliwo\u015bci albo teleskopu do mierzenia mi\u0142o\u015bci \u2014 po prostu nie s\u0105 do tego przeznaczone.<\/p>\n\n\n\n<hr class=\"wp-block-separator has-alpha-channel-opacity\"\/>\n\n\n\n<h2 class=\"wp-block-heading\"><strong>3. Podstawowy b\u0142\u0105d: sprowadzanie rzeczywisto\u015bci do tego, co mierzalne<\/strong><\/h2>\n\n\n\n<p>Kiedy kto\u015b m\u00f3wi \u201ewierz\u0119 tylko w nauk\u0119\u201d, w rzeczywisto\u015bci wypowiada twierdzenie filozoficzne, a nie naukowe.<\/p>\n\n\n\n<p>Poniewa\u017c sama nauka nie mo\u017ce dowie\u015b\u0107 takich rzeczy jak:<\/p>\n\n\n\n<ul class=\"wp-block-list\">\n<li>\u017ce prawda istnieje<\/li>\n\n\n\n<li>\u017ce rozum jest wiarygodny<\/li>\n\n\n\n<li>\u017ce dobro i z\u0142o s\u0105 realne<\/li>\n\n\n\n<li>\u017ce godno\u015b\u0107 cz\u0142owieka ma warto\u015b\u0107<\/li>\n<\/ul>\n\n\n\n<p>A jednak wszyscy \u017cyjemy tak, jakby te rzeczy by\u0142y prawdziwe.<\/p>\n\n\n\n<p>\ud83d\udc49 <strong>Scjentyzm (a nie nauka) jest prawdziw\u0105 ideologi\u0105 w grze.<\/strong><br>I jest on niewystarczaj\u0105cy, by wyja\u015bni\u0107 ca\u0142o\u015b\u0107 ludzkiego do\u015bwiadczenia.<\/p>\n\n\n\n<hr class=\"wp-block-separator has-alpha-channel-opacity\"\/>\n\n\n\n<h2 class=\"wp-block-heading\"><strong>4. Rozum otwarty na Boga: propozycja chrze\u015bcija\u0144ska<\/strong><\/h2>\n\n\n\n<p>Wiara katolicka nie prosi o wy\u0142\u0105czenie rozumu. Wr\u0119cz przeciwnie:<\/p>\n\n\n\n<p>\ud83d\udc49 <strong>Zach\u0119ca, by doprowadzi\u0107 rozum do jego ostatecznych konsekwencji.<\/strong><\/p>\n\n\n\n<p>Je\u015bli wszystko, co istnieje, ma przyczyn\u0119\u2026<br>czy nie wskazuje to na pierwsz\u0105 przyczyn\u0119?<\/p>\n\n\n\n<p>Je\u015bli wszech\u015bwiat posiada precyzyjne prawa matematyczne\u2026<br>czy nie sugeruje to istnienia porz\u0105dkuj\u0105cej inteligencji?<\/p>\n\n\n\n<p>Je\u015bli cz\u0142owiek nieustannie poszukuje prawdy i mi\u0142o\u015bci\u2026<br>czy nie m\u00f3wi to o jego transcendentnym pochodzeniu?<\/p>\n\n\n\n<p>Tradycja chrze\u015bcija\u0144ska, szczeg\u00f3lnie za spraw\u0105 \u015bw. Tomasza z Akwinu, zawsze utrzymywa\u0142a, \u017ce:<\/p>\n\n\n\n<p>\ud83d\udc49 <strong>B\u00f3g nie jest alternatyw\u0105 dla nauki, lecz ostatecznym fundamentem ca\u0142ej rzeczywisto\u015bci.<\/strong><\/p>\n\n\n\n<hr class=\"wp-block-separator has-alpha-channel-opacity\"\/>\n\n\n\n<h2 class=\"wp-block-heading\"><strong>5. \u201eNiebiosa g\u0142osz\u0105 chwa\u0142\u0119 Boga\u201d (Psalm 19,2)<\/strong><\/h2>\n\n\n\n<p>Biblia nie jest ksi\u0119g\u0105 naukow\u0105, ale jest g\u0142\u0119boko realistyczna w swoim spojrzeniu na \u015bwiat.<\/p>\n\n\n\n<blockquote class=\"wp-block-quote is-layout-flow wp-block-quote-is-layout-flow\">\n<p><em>\u201eNiebiosa g\u0142osz\u0105 chwa\u0142\u0119 Boga, a firmament obwieszcza dzie\u0142o Jego r\u0105k.\u201d<\/em> (Psalm 19,2)<\/p>\n<\/blockquote>\n\n\n\n<p>Ten werset nie zaprzecza nauce \u2014 przeciwnie, inspiruje j\u0105.<\/p>\n\n\n\n<p>Ka\u017cde odkrycie naukowe \u2014 od DNA po galaktyki \u2014 mo\u017ce by\u0107 odczytane jako \u015blad Stw\u00f3rcy, a nie jako Jego zaprzeczenie.<\/p>\n\n\n\n<hr class=\"wp-block-separator has-alpha-channel-opacity\"\/>\n\n\n\n<h2 class=\"wp-block-heading\"><strong>6. Dlaczego wi\u0119c wielu odrzuca Boga w imi\u0119 nauki?<\/strong><\/h2>\n\n\n\n<p>Wchodzimy tu na teren bardziej ludzki ni\u017c intelektualny.<\/p>\n\n\n\n<p>Cz\u0119sto to stwierdzenie nie wynika z argument\u00f3w naukowych, lecz z do\u015bwiadcze\u0144 \u017cyciowych:<\/p>\n\n\n\n<ul class=\"wp-block-list\">\n<li>niezrozumianego cierpienia<\/li>\n\n\n\n<li>z\u0142ego \u015bwiadectwa wierz\u0105cych<\/li>\n\n\n\n<li>zniekszta\u0142conego obrazu Boga<\/li>\n\n\n\n<li>pragnienia absolutnej autonomii<\/li>\n<\/ul>\n\n\n\n<p>Innymi s\u0142owy, nie jest to tylko kwestia \u201erozumu\u201d, ale tak\u017ce serca.<\/p>\n\n\n\n<p>A tutaj odpowiedzi\u0105 nie jest jedynie argumentowanie\u2026 lecz <strong>towarzyszenie<\/strong>.<\/p>\n\n\n\n<hr class=\"wp-block-separator has-alpha-channel-opacity\"\/>\n\n\n\n<h2 class=\"wp-block-heading\"><strong>7. Dojrza\u0142a wiara: integracja nauki i duchowo\u015bci<\/strong><\/h2>\n\n\n\n<p>Chrze\u015bcijanin XXI wieku jest wezwany do przezwyci\u0119\u017cenia uproszcze\u0144.<\/p>\n\n\n\n<p>Nie chodzi o wyb\u00f3r mi\u0119dzy:<\/p>\n\n\n\n<ul class=\"wp-block-list\">\n<li>wiar\u0105 <strong>lub<\/strong> nauk\u0105<br>lecz o \u017cycie:<\/li>\n\n\n\n<li>wiar\u0105 <strong>i<\/strong> nauk\u0105 w harmonii<\/li>\n<\/ul>\n\n\n\n<p>Oznacza to:<\/p>\n\n\n\n<h3 class=\"wp-block-heading\">\u2714 Formacj\u0119 intelektualn\u0105<\/h3>\n\n\n\n<p>Poznawanie zar\u00f3wno wiary, jak i osi\u0105gni\u0119\u0107 nauki.<\/p>\n\n\n\n<h3 class=\"wp-block-heading\">\u2714 Unikanie fundamentalizm\u00f3w<\/h3>\n\n\n\n<p>Ani negowa\u0107 nauki, ani jej absolutyzowa\u0107.<\/p>\n\n\n\n<h3 class=\"wp-block-heading\">\u2714 Kontemplacj\u0119 \u015bwiata z zachwytem<\/h3>\n\n\n\n<p>Nauka wyja\u015bnia\u2026 ale zachwyt otwiera na tajemnic\u0119.<\/p>\n\n\n\n<h3 class=\"wp-block-heading\">\u2714 \u017bycie osobist\u0105 relacj\u0105 z Bogiem<\/h3>\n\n\n\n<p>Wiara nie jest teori\u0105 \u2014 jest spotkaniem.<\/p>\n\n\n\n<hr class=\"wp-block-separator has-alpha-channel-opacity\"\/>\n\n\n\n<h2 class=\"wp-block-heading\"><strong>8. Praktyczne zastosowania w codziennym \u017cyciu<\/strong><\/h2>\n\n\n\n<p>Jak prze\u0142o\u017cy\u0107 to wszystko na codzienno\u015b\u0107?<\/p>\n\n\n\n<h3 class=\"wp-block-heading\">1. <strong>Zadawaj g\u0142\u0119bokie pytania<\/strong><\/h3>\n\n\n\n<p>Nie zadowalaj si\u0119 powierzchownymi odpowiedziami. Szukaj sensu, nie tylko mechanizmu.<\/p>\n\n\n\n<h3 class=\"wp-block-heading\">2. <strong>Nie b\u00f3j si\u0119 w\u0105tpliwo\u015bci<\/strong><\/h3>\n\n\n\n<p>Szczera w\u0105tpliwo\u015b\u0107 nie niszczy wiary \u2014 mo\u017ce j\u0105 oczy\u015bci\u0107.<\/p>\n\n\n\n<h3 class=\"wp-block-heading\">3. <strong>Szukaj prawdy uczciwie<\/strong><\/h3>\n\n\n\n<p>Bez uprzedze\u0144, bez ideologii.<\/p>\n\n\n\n<h3 class=\"wp-block-heading\">4. <strong>M\u00f3dl si\u0119\u2026 nawet je\u015bli nie jeste\u015b pewien<\/strong><\/h3>\n\n\n\n<p>Prosta modlitwa:<br>\u201eBo\u017ce, je\u015bli istniejesz, objaw si\u0119 mi.\u201d<\/p>\n\n\n\n<h3 class=\"wp-block-heading\">5. <strong>Patrz na rzeczywisto\u015b\u0107 nowymi oczami<\/strong><\/h3>\n\n\n\n<p>Pi\u0119kno, porz\u0105dek, mi\u0142o\u015b\u0107\u2026 nie s\u0105 bezsensownymi przypadkami.<\/p>\n\n\n\n<hr class=\"wp-block-separator has-alpha-channel-opacity\"\/>\n\n\n\n<h2 class=\"wp-block-heading\"><strong>9. Wielka synteza: wiara i rozum potrzebuj\u0105 siebie nawzajem<\/strong><\/h2>\n\n\n\n<p>\u015awi\u0119ty Jan Pawe\u0142 II wyrazi\u0142 to w spos\u00f3b mistrzowski:<\/p>\n\n\n\n<p>\ud83d\udc49 <em>\u201eWiara i rozum s\u0105 jak dwa skrzyd\u0142a, na kt\u00f3rych duch ludzki unosi si\u0119 ku kontemplacji prawdy.\u201d<\/em><\/p>\n\n\n\n<p>Oddzielenie ich zuba\u017ca cz\u0142owieka.<br>Zjednoczenie \u2014 go wynosi.<\/p>\n\n\n\n<hr class=\"wp-block-separator has-alpha-channel-opacity\"\/>\n\n\n\n<h2 class=\"wp-block-heading\"><strong>Zako\u0144czenie: nie musisz wybiera\u0107 mi\u0119dzy Bogiem a nauk\u0105<\/strong><\/h2>\n\n\n\n<p>Zdanie \u201enie mog\u0119 wierzy\u0107 w Boga, poniewa\u017c wierz\u0119 w nauk\u0119\u201d opiera si\u0119 na fa\u0142szywym dylemacie.<\/p>\n\n\n\n<p>Nie tylko mo\u017cesz wierzy\u0107 w jedno i drugie\u2026<br>\ud83d\udc49 <strong>ale w rzeczywisto\u015bci wzajemnie si\u0119 one o\u015bwietlaj\u0105.<\/strong><\/p>\n\n\n\n<p>Nauka bez Boga ryzykuje utrat\u0119 sensu.<br>Wiara bez rozumu mo\u017ce popa\u015b\u0107 w b\u0142\u0105d.<\/p>\n\n\n\n<p>Ale razem\u2026<\/p>\n\n\n\n<p>\ud83d\udc49 <strong>otwieraj\u0105 cz\u0142owieka na pe\u0142ni\u0119 prawdy.<\/strong><\/p>\n\n\n\n<hr class=\"wp-block-separator has-alpha-channel-opacity\"\/>\n\n\n\n<h3 class=\"wp-block-heading\"><strong>Ostatnie zaproszenie<\/strong><\/h3>\n\n\n\n<p>Nie zamykaj drzwi zbyt szybko.<\/p>\n\n\n\n<p>Bo by\u0107 mo\u017ce na ko\u0144cu odkryjesz, \u017ce:<\/p>\n\n\n\n<ul class=\"wp-block-list\">\n<li>Nauka wyja\u015bnia wszech\u015bwiat\u2026<\/li>\n\n\n\n<li>Ale to B\u00f3g nadaje mu sens.<\/li>\n<\/ul>\n\n\n\n<p>I wtedy nie b\u0119dziesz ju\u017c musia\u0142 wybiera\u0107.<\/p>\n\n\n\n<p>Lecz po prostu\u2026 <strong>kontemplowa\u0107, rozumie\u0107 i wierzy\u0107.<\/strong><\/p>\n","protected":false},"excerpt":{"rendered":"<p>\u017byjemy w fascynuj\u0105cych czasach. Nigdy wcze\u015bniej ludzko\u015b\u0107 nie osi\u0105gn\u0119\u0142a takiego poziomu wiedzy naukowej, post\u0119pu technologicznego i zdolno\u015bci do badania wszech\u015bwiata. A jednak, paradoksalnie, prze\u017cywamy r\u00f3wnie\u017c g\u0142\u0119boki kryzys sensu. Coraz wi\u0119cej os\u00f3b powtarza z przekonaniem \u2014 a czasem nawet z pewn\u0105 dum\u0105 \u2014 to zdanie: \u201eNie mog\u0119 wierzy\u0107 w Boga, poniewa\u017c wierz\u0119 w nauk\u0119.\u201d Ale\u2026 czy &hellip;<\/p>\n","protected":false},"author":3,"featured_media":5384,"comment_status":"closed","ping_status":"closed","sticky":false,"template":"","format":"standard","meta":{"_seopress_robots_primary_cat":"","_seopress_titles_title":"","_seopress_titles_desc":"","_seopress_robots_index":"","footnotes":""},"categories":[64,41],"tags":[],"class_list":["post-5383","post","type-post","status-publish","format-standard","has-post-thumbnail","","category-nauka-i-religia","category-wiara-i-kultura"],"_links":{"self":[{"href":"https:\/\/catholicus.eu\/pl\/wp-json\/wp\/v2\/posts\/5383","targetHints":{"allow":["GET"]}}],"collection":[{"href":"https:\/\/catholicus.eu\/pl\/wp-json\/wp\/v2\/posts"}],"about":[{"href":"https:\/\/catholicus.eu\/pl\/wp-json\/wp\/v2\/types\/post"}],"author":[{"embeddable":true,"href":"https:\/\/catholicus.eu\/pl\/wp-json\/wp\/v2\/users\/3"}],"replies":[{"embeddable":true,"href":"https:\/\/catholicus.eu\/pl\/wp-json\/wp\/v2\/comments?post=5383"}],"version-history":[{"count":1,"href":"https:\/\/catholicus.eu\/pl\/wp-json\/wp\/v2\/posts\/5383\/revisions"}],"predecessor-version":[{"id":5385,"href":"https:\/\/catholicus.eu\/pl\/wp-json\/wp\/v2\/posts\/5383\/revisions\/5385"}],"wp:featuredmedia":[{"embeddable":true,"href":"https:\/\/catholicus.eu\/pl\/wp-json\/wp\/v2\/media\/5384"}],"wp:attachment":[{"href":"https:\/\/catholicus.eu\/pl\/wp-json\/wp\/v2\/media?parent=5383"}],"wp:term":[{"taxonomy":"category","embeddable":true,"href":"https:\/\/catholicus.eu\/pl\/wp-json\/wp\/v2\/categories?post=5383"},{"taxonomy":"post_tag","embeddable":true,"href":"https:\/\/catholicus.eu\/pl\/wp-json\/wp\/v2\/tags?post=5383"}],"curies":[{"name":"wp","href":"https:\/\/api.w.org\/{rel}","templated":true}]}}