{"id":5370,"date":"2026-03-17T10:03:02","date_gmt":"2026-03-17T09:03:02","guid":{"rendered":"https:\/\/catholicus.eu\/pl\/?p=5370"},"modified":"2026-03-17T10:03:02","modified_gmt":"2026-03-17T09:03:02","slug":"dwaj-giganci-twarza-w-twarz-fascynujaca-kontrowersja-miedzy-swietym-augustynem-a-swietym-hieronimem-ktora-wciaz-stawia-pytania-naszej-wierze","status":"publish","type":"post","link":"https:\/\/catholicus.eu\/pl\/dwaj-giganci-twarza-w-twarz-fascynujaca-kontrowersja-miedzy-swietym-augustynem-a-swietym-hieronimem-ktora-wciaz-stawia-pytania-naszej-wierze\/","title":{"rendered":"Dwaj giganci twarz\u0105 w twarz: fascynuj\u0105ca kontrowersja mi\u0119dzy \u015bwi\u0119tym Augustynem a \u015bwi\u0119tym Hieronimem, kt\u00f3ra wci\u0105\u017c stawia pytania naszej wierze"},"content":{"rendered":"\n<p>W historii Ko\u015bcio\u0142a istniej\u0105 spotkania, kt\u00f3re nie tylko buduj\u0105, lecz tak\u017ce wstrz\u0105saj\u0105, oczyszczaj\u0105 i prowadz\u0105 do wzrostu. Jednym z najbardziej fascynuj\u0105cych \u2014 i cz\u0119sto \u017ale rozumianych \u2014 jest intelektualna i duchowa wymiana mi\u0119dzy \u015awi\u0119ty Augustyn z Hippony a \u015awi\u0119ty Hieronim.<\/p>\n\n\n\n<p>Dalekie od bycia zwyk\u0142\u0105 niezgod\u0105 mi\u0119dzy uczonymi, ich sp\u00f3r ukazuje co\u015b g\u0142\u0119boko ludzkiego: jak nawet \u015bwi\u0119ci, w swojej szczerej poszukiwaniu prawdy, mog\u0105 \u015bciera\u0107 si\u0119 z wielk\u0105 intensywno\u015bci\u0105\u2026 a mimo to nadal budowa\u0107 jedno\u015b\u0107 Ko\u015bcio\u0142a.<\/p>\n\n\n\n<p>Ten epizod to nie tylko dawna historia. To duchowy kompas dla wierz\u0105cego dzisiaj.<\/p>\n\n\n\n<hr class=\"wp-block-separator has-alpha-channel-opacity\"\/>\n\n\n\n<h2 class=\"wp-block-heading\"><strong>Gor\u0105cy kontekst: Ko\u015bci\u00f3\u0142 w trakcie kszta\u0142towania<\/strong><\/h2>\n\n\n\n<p>Jeste\u015bmy w IV i V wieku. Chrze\u015bcija\u0144stwo wysz\u0142o z katakumb i stoi teraz wobec innego wyzwania: precyzyjnego okre\u015blenia prawdy objawionej wobec rozbie\u017cnych interpretacji.<\/p>\n\n\n\n<ul class=\"wp-block-list\">\n<li>\u015awi\u0119ty Hieronim, z Betlejem, po\u015bwi\u0119ca si\u0119 t\u0142umaczeniu Biblii na \u0142acin\u0119 (czyli <strong>Wulgaty<\/strong>), z niemal ascetyczn\u0105 obsesj\u0105 na punkcie wierno\u015bci tekstowi.<\/li>\n\n\n\n<li>\u015awi\u0119ty Augustyn z Hippony, biskup w Afryce P\u00f3\u0142nocnej, rozwija g\u0142\u0119bok\u0105 teologi\u0119, kt\u00f3ra ukszta\u0142tuje kolejne stulecia.<\/li>\n<\/ul>\n\n\n\n<p>Obaj kochaj\u0105 prawd\u0119. Obaj kochaj\u0105 Ko\u015bci\u00f3\u0142. Ale nie zawsze zgadzaj\u0105 si\u0119 co do drogi.<\/p>\n\n\n\n<hr class=\"wp-block-separator has-alpha-channel-opacity\"\/>\n\n\n\n<h2 class=\"wp-block-heading\"><strong>Sedno kontrowersji: Pismo, prawda i autorytet<\/strong><\/h2>\n\n\n\n<h3 class=\"wp-block-heading\">1. <strong>T\u0142umaczenie Biblii: wierno\u015b\u0107 czy tradycja<\/strong><\/h3>\n\n\n\n<p>Jednym z najbardziej delikatnych punkt\u00f3w by\u0142o t\u0142umaczenie Starego Testamentu.<\/p>\n\n\n\n<p>\u015awi\u0119ty Hieronim zdecydowa\u0142 si\u0119 t\u0142umaczy\u0107 bezpo\u015brednio z hebrajskiego, odchodz\u0105c od <strong>Septuaginty<\/strong> (greckiego przek\u0142adu tradycyjnie u\u017cywanego przez Ko\u015bci\u00f3\u0142 pierwotny).<\/p>\n\n\n\n<p>\u015awi\u0119ty Augustyn natomiast wyrazi\u0142 obawy.<\/p>\n\n\n\n<p>Dlaczego?<\/p>\n\n\n\n<ul class=\"wp-block-list\">\n<li>Obawia\u0142 si\u0119, \u017ce odej\u015bcie od Septuaginty wywo\u0142a zamieszanie w\u015br\u00f3d wiernych.<\/li>\n\n\n\n<li>Uwa\u017ca\u0142, \u017ce ten przek\u0142ad posiada w Ko\u015bciele autorytet opatrzno\u015bciowy.<\/li>\n<\/ul>\n\n\n\n<p>Tu pojawia si\u0119 napi\u0119cie, kt\u00f3re pozostaje aktualne do dzi\u015b:<br><strong>czy pierwsze\u0144stwo powinna mie\u0107 precyzja historyczna, czy przekazana tradycja?<\/strong><\/p>\n\n\n\n<hr class=\"wp-block-separator has-alpha-channel-opacity\"\/>\n\n\n\n<h3 class=\"wp-block-heading\">2. <strong>Epizod z Listu do Galat\u00f3w: czy aposto\u0142 mo\u017ce \u201esymulowa\u0107\u201d?<\/strong><\/h3>\n\n\n\n<p>Innym punktem sporu by\u0142a interpretacja rozdzia\u0142u 2 Listu do Galat\u00f3w, gdzie \u015bwi\u0119ty Pawe\u0142 upomina \u015bwi\u0119tego Piotra.<\/p>\n\n\n\n<p>\u015awi\u0119ty Hieronim utrzymywa\u0142, \u017ce by\u0142a to swego rodzaju <strong>\u201esymulacja pedagogiczna\u201d<\/strong>, maj\u0105ca pouczy\u0107 wiernych.<\/p>\n\n\n\n<p>\u015awi\u0119ty Augustyn stanowczo si\u0119 temu sprzeciwi\u0142:<\/p>\n\n\n\n<blockquote class=\"wp-block-quote is-layout-flow wp-block-quote-is-layout-flow\">\n<p>Je\u015bli uznamy, \u017ce aposto\u0142owie udawali, jak mo\u017cemy w pe\u0142ni zaufa\u0107 prawdzie Pisma?<\/p>\n<\/blockquote>\n\n\n\n<p>Dla Augustyna prawda musia\u0142a by\u0107 absolutna. Nie mog\u0142o by\u0107 \u017cadnego podst\u0119pu, nawet w celach dydaktycznych.<\/p>\n\n\n\n<p>Tu wy\u0142ania si\u0119 kluczowe zagadnienie teologiczne:<br><strong>bezb\u0142\u0119dno\u015b\u0107 i prawdziwo\u015b\u0107 Pisma \u015awi\u0119tego<\/strong>.<\/p>\n\n\n\n<hr class=\"wp-block-separator has-alpha-channel-opacity\"\/>\n\n\n\n<h2 class=\"wp-block-heading\"><strong>Trudna kwestia: \u201eapokryfy\u201d Starego Testamentu<\/strong><\/h2>\n\n\n\n<p>Jednym z najwa\u017cniejszych punkt\u00f3w \u2014 i takim, kt\u00f3ry do dzi\u015b budzi dyskusje \u2014 jest kwestia kanonu biblijnego.<\/p>\n\n\n\n<h3 class=\"wp-block-heading\"><strong>Hieronim i jego stanowisko krytyczne<\/strong><\/h3>\n\n\n\n<p>\u015awi\u0119ty Hieronim rozr\u00f3\u017cnia\u0142:<\/p>\n\n\n\n<ul class=\"wp-block-list\">\n<li><strong>ksi\u0119gi kanoniczne<\/strong> (zgodne z kanonem hebrajskim)<\/li>\n\n\n\n<li><strong>ksi\u0119gi ko\u015bcielne<\/strong> (takie jak Tobiasz, Judyta, M\u0105dro\u015b\u0107, Syracydes i Machabejskie)<\/li>\n<\/ul>\n\n\n\n<p>Te drugie, kt\u00f3re dzi\u015b Ko\u015bci\u00f3\u0142 nazywa <strong>deuterokanonicznymi<\/strong>, uwa\u017ca\u0142 za po\u017cyteczne dla budowania wiary, lecz nie o tej samej randze doktrynalnej.<\/p>\n\n\n\n<h3 class=\"wp-block-heading\"><strong>Augustyn i obrona tradycji Ko\u015bcio\u0142a<\/strong><\/h3>\n\n\n\n<p>\u015awi\u0119ty Augustyn wyra\u017anie broni\u0142 w\u0142\u0105czenia tych ksi\u0105g do kanonu.<\/p>\n\n\n\n<p>Dla niego:<\/p>\n\n\n\n<ul class=\"wp-block-list\">\n<li>Autorytet Ko\u015bcio\u0142a jest kluczowy w rozpoznawaniu Pisma.<\/li>\n\n\n\n<li>\u017bywa tradycja przewy\u017csza czysto filologiczne kryteria.<\/li>\n<\/ul>\n\n\n\n<p>Stanowisko to zosta\u0142o potwierdzone na synodach, takich jak synod w Kartaginie (397).<\/p>\n\n\n\n<hr class=\"wp-block-separator has-alpha-channel-opacity\"\/>\n\n\n\n<h2 class=\"wp-block-heading\"><strong>Czy by\u0142y odwo\u0142ania? Kluczowy punkt<\/strong><\/h2>\n\n\n\n<h3 class=\"wp-block-heading\"><strong>\u015awi\u0119ty Hieronim: niuanse i rozw\u00f3j<\/strong><\/h3>\n\n\n\n<p>Cho\u0107 pocz\u0105tkowo krytyczny wobec ksi\u0105g deuterokanonicznych, \u015bwi\u0119ty Hieronim:<\/p>\n\n\n\n<ul class=\"wp-block-list\">\n<li>Ostatecznie w\u0142\u0105czy\u0142 je do <strong>Wulgaty<\/strong><\/li>\n\n\n\n<li>Uznawa\u0142 ich liturgiczne i duchowe zastosowanie w Ko\u015bciele<\/li>\n<\/ul>\n\n\n\n<p>Nie by\u0142a to ca\u0142kowita i wyra\u017ana retrakcja, lecz raczej <strong>pos\u0142uszne w\u0142\u0105czenie<\/strong> do tradycji Ko\u015bcio\u0142a.<\/p>\n\n\n\n<h3 class=\"wp-block-heading\"><strong>\u015awi\u0119ty Augustyn: stanowczo\u015b\u0107 bez sztywno\u015bci<\/strong><\/h3>\n\n\n\n<p>\u015awi\u0119ty Augustyn nie odwo\u0142a\u0142 swoich pogl\u0105d\u00f3w w tych kwestiach, ale zawsze przejawia\u0142 postaw\u0119:<\/p>\n\n\n\n<ul class=\"wp-block-list\">\n<li>pokorn\u0105<\/li>\n\n\n\n<li>otwart\u0105 na dialog<\/li>\n\n\n\n<li>g\u0142\u0119boko ko\u015bcieln\u0105<\/li>\n<\/ul>\n\n\n\n<p>W swoich <em>Retractationes<\/em> przegl\u0105da wiele w\u0142asnych dzie\u0142, pokazuj\u0105c, \u017ce nawet najwi\u0119ksi doktorzy s\u0105 w drodze.<\/p>\n\n\n\n<hr class=\"wp-block-separator has-alpha-channel-opacity\"\/>\n\n\n\n<h2 class=\"wp-block-heading\"><strong>Pot\u0119\u017cna lekcja duchowa: prawdy szuka si\u0119 we wsp\u00f3lnocie<\/strong><\/h2>\n\n\n\n<p>Najbardziej uderzaj\u0105ce w tej kontrowersji nie jest samo nieporozumienie\u2026 lecz spos\u00f3b, w jaki je prze\u017cywali.<\/p>\n\n\n\n<ul class=\"wp-block-list\">\n<li>Pisali do siebie intensywne, czasem ostre listy.<\/li>\n\n\n\n<li>Dochodzi\u0142o do nieporozumie\u0144.<\/li>\n\n\n\n<li>A jednak nigdy nie zerwali komunii.<\/li>\n<\/ul>\n\n\n\n<p>To pozostawia nam wa\u017cn\u0105 lekcj\u0119 na dzi\u015b:<\/p>\n\n\n\n<p>\ud83d\udc49 <strong>Mo\u017cna si\u0119 nie zgadza\u0107, nie dziel\u0105c si\u0119.<\/strong><br>\ud83d\udc49 <strong>Mo\u017cna broni\u0107 prawdy, nie trac\u0105c mi\u0142o\u015bci.<\/strong><\/p>\n\n\n\n<hr class=\"wp-block-separator has-alpha-channel-opacity\"\/>\n\n\n\n<h2 class=\"wp-block-heading\"><strong>\u015awiat\u0142o biblijne: napomnienie w prawdzie<\/strong><\/h2>\n\n\n\n<p>Samo Pismo \u015awi\u0119te rzuca \u015bwiat\u0142o na ten epizod:<\/p>\n\n\n\n<blockquote class=\"wp-block-quote is-layout-flow wp-block-quote-is-layout-flow\">\n<p>\u201eDlatego odrzuciwszy k\u0142amstwo, m\u00f3wcie prawd\u0119 ka\u017cdy ze swoim bli\u017anim, bo jeste\u015bmy cz\u0142onkami jedni drugich.\u201d<br>\u2014 (Efezjan 4,25)<\/p>\n<\/blockquote>\n\n\n\n<p>A tak\u017ce:<\/p>\n\n\n\n<blockquote class=\"wp-block-quote is-layout-flow wp-block-quote-is-layout-flow\">\n<p>\u201e\u017belazo ostrzy si\u0119 \u017celazem, a cz\u0142owiek doskonali bli\u017aniego.\u201d<br>\u2014 (Przys\u0142\u00f3w 27,17)<\/p>\n<\/blockquote>\n\n\n\n<p>Kontrowersja mi\u0119dzy tymi \u015bwi\u0119tymi by\u0142a w\u0142a\u015bnie tym:<br><strong>wzajemnym ostrzeniem si\u0119 w prawdzie<\/strong>.<\/p>\n\n\n\n<hr class=\"wp-block-separator has-alpha-channel-opacity\"\/>\n\n\n\n<h2 class=\"wp-block-heading\"><strong>Zastosowania praktyczne dla wierz\u0105cego dzisiaj<\/strong><\/h2>\n\n\n\n<h3 class=\"wp-block-heading\">1. <strong>Nie b\u00f3j si\u0119 debat teologicznych<\/strong><\/h3>\n\n\n\n<p>Wiara nie jest krucha. Prawda nie \u0142amie si\u0119 pod wp\u0142ywem badania.<\/p>\n\n\n\n<h3 class=\"wp-block-heading\">2. <strong>Kochaj Ko\u015bci\u00f3\u0142 tak\u017ce w jego napi\u0119ciach<\/strong><\/h3>\n\n\n\n<p>\u015awi\u0119ty Augustyn i \u015bwi\u0119ty Hieronim nigdy nie stawiali si\u0119 ponad Ko\u015bcio\u0142em.<\/p>\n\n\n\n<h3 class=\"wp-block-heading\">3. <strong>Szukaj prawdy z pokor\u0105<\/strong><\/h3>\n\n\n\n<p>Obaj byli geniuszami\u2026 a jednak wci\u0105\u017c si\u0119 uczyli.<\/p>\n\n\n\n<h3 class=\"wp-block-heading\">4. <strong>Zachowuj r\u00f3wnowag\u0119 mi\u0119dzy rozumem a tradycj\u0105<\/strong><\/h3>\n\n\n\n<p>Wyzwanie naszych czas\u00f3w:<\/p>\n\n\n\n<ul class=\"wp-block-list\">\n<li>ani zimny racjonalizm<\/li>\n\n\n\n<li>ani bezrefleksyjny tradycjonalizm<\/li>\n<\/ul>\n\n\n\n<p>lecz \u017cywa, wcielona wiara.<\/p>\n\n\n\n<hr class=\"wp-block-separator has-alpha-channel-opacity\"\/>\n\n\n\n<h2 class=\"wp-block-heading\"><strong>Zako\u0144czenie: kontrowersja, kt\u00f3ra wci\u0105\u017c \u017cyje<\/strong><\/h2>\n\n\n\n<p>Dyskusja mi\u0119dzy \u015awi\u0119ty Augustyn z Hippony a \u015awi\u0119ty Hieronim nie jest zamkni\u0119tym rozdzia\u0142em przesz\u0142o\u015bci.<\/p>\n\n\n\n<p>To lustro.<\/p>\n\n\n\n<p>W \u015bwiecie, w kt\u00f3rym r\u00f3\u017cnice prowadz\u0105 do podzia\u0142\u00f3w, ucz\u0105 nas czego\u015b radykalnie przeciwnego duchowi czasu:<\/p>\n\n\n\n<p>\ud83d\udc49 <strong>Prawdy lepiej szuka\u0107 razem ni\u017c w pojedynk\u0119.<\/strong><br>\ud83d\udc49 <strong>\u015awi\u0119to\u015b\u0107 nie usuwa konfliktu \u2014 ona go odkupuje.<\/strong><\/p>\n\n\n\n<p>A by\u0107 mo\u017ce najwi\u0119ksza lekcja brzmi:<br>B\u00f3g nie boi si\u0119 naszych pyta\u0144\u2026 ale prosi, by\u015bmy stawiali je w komunii Ko\u015bcio\u0142a.<\/p>\n","protected":false},"excerpt":{"rendered":"<p>W historii Ko\u015bcio\u0142a istniej\u0105 spotkania, kt\u00f3re nie tylko buduj\u0105, lecz tak\u017ce wstrz\u0105saj\u0105, oczyszczaj\u0105 i prowadz\u0105 do wzrostu. Jednym z najbardziej fascynuj\u0105cych \u2014 i cz\u0119sto \u017ale rozumianych \u2014 jest intelektualna i duchowa wymiana mi\u0119dzy \u015awi\u0119ty Augustyn z Hippony a \u015awi\u0119ty Hieronim. Dalekie od bycia zwyk\u0142\u0105 niezgod\u0105 mi\u0119dzy uczonymi, ich sp\u00f3r ukazuje co\u015b g\u0142\u0119boko ludzkiego: jak nawet &hellip;<\/p>\n","protected":false},"author":3,"featured_media":5371,"comment_status":"closed","ping_status":"closed","sticky":false,"template":"","format":"standard","meta":{"_seopress_robots_primary_cat":"","_seopress_titles_title":"","_seopress_titles_desc":"","_seopress_robots_index":"","footnotes":""},"categories":[38,48],"tags":[1745,1746],"class_list":["post-5370","post","type-post","status-publish","format-standard","has-post-thumbnail","","category-historia-i-tradycja","category-historia-kosciola","tag-swietym-augustynem","tag-swietym-hieronimem"],"_links":{"self":[{"href":"https:\/\/catholicus.eu\/pl\/wp-json\/wp\/v2\/posts\/5370","targetHints":{"allow":["GET"]}}],"collection":[{"href":"https:\/\/catholicus.eu\/pl\/wp-json\/wp\/v2\/posts"}],"about":[{"href":"https:\/\/catholicus.eu\/pl\/wp-json\/wp\/v2\/types\/post"}],"author":[{"embeddable":true,"href":"https:\/\/catholicus.eu\/pl\/wp-json\/wp\/v2\/users\/3"}],"replies":[{"embeddable":true,"href":"https:\/\/catholicus.eu\/pl\/wp-json\/wp\/v2\/comments?post=5370"}],"version-history":[{"count":1,"href":"https:\/\/catholicus.eu\/pl\/wp-json\/wp\/v2\/posts\/5370\/revisions"}],"predecessor-version":[{"id":5372,"href":"https:\/\/catholicus.eu\/pl\/wp-json\/wp\/v2\/posts\/5370\/revisions\/5372"}],"wp:featuredmedia":[{"embeddable":true,"href":"https:\/\/catholicus.eu\/pl\/wp-json\/wp\/v2\/media\/5371"}],"wp:attachment":[{"href":"https:\/\/catholicus.eu\/pl\/wp-json\/wp\/v2\/media?parent=5370"}],"wp:term":[{"taxonomy":"category","embeddable":true,"href":"https:\/\/catholicus.eu\/pl\/wp-json\/wp\/v2\/categories?post=5370"},{"taxonomy":"post_tag","embeddable":true,"href":"https:\/\/catholicus.eu\/pl\/wp-json\/wp\/v2\/tags?post=5370"}],"curies":[{"name":"wp","href":"https:\/\/api.w.org\/{rel}","templated":true}]}}