{"id":5311,"date":"2026-03-14T23:45:21","date_gmt":"2026-03-14T22:45:21","guid":{"rendered":"https:\/\/catholicus.eu\/pl\/?p=5311"},"modified":"2026-03-14T23:45:21","modified_gmt":"2026-03-14T22:45:21","slug":"najbardziej-fascynujace-kontrowersje-teologiczne-wsrod-ojcow-kosciola","status":"publish","type":"post","link":"https:\/\/catholicus.eu\/pl\/najbardziej-fascynujace-kontrowersje-teologiczne-wsrod-ojcow-kosciola\/","title":{"rendered":"Najbardziej fascynuj\u0105ce kontrowersje teologiczne w\u015br\u00f3d Ojc\u00f3w Ko\u015bcio\u0142a"},"content":{"rendered":"\n<h3 class=\"wp-block-heading\">Gdy wiara by\u0142a broniona pi\u00f3rem, modlitw\u0105 i \u015bwi\u0119to\u015bci\u0105<\/h3>\n\n\n\n<p>Historia chrze\u015bcija\u0144stwa nie jest histori\u0105 spokojn\u0105 ani linearn\u0105. Ju\u017c od pierwszych wiek\u00f3w Ko\u015bci\u00f3\u0142 musia\u0142 broni\u0107 serca swojej wiary przed b\u0142\u0119dami, nieporozumieniami i g\u0142\u0119bokimi sporami teologicznymi. Zamiast os\u0142abia\u0107 wiar\u0119 chrze\u015bcija\u0144sk\u0105, te kontrowersje pomog\u0142y <strong>oczy\u015bci\u0107, pog\u0142\u0119bi\u0107 i wyrazi\u0107 ja\u015bniej tajemnic\u0119 Chrystusa<\/strong>.<\/p>\n\n\n\n<p>G\u0142\u00f3wnymi bohaterami tych debat byli <strong>Ojcowie Ko\u015bcio\u0142a<\/strong>, ludzie o g\u0142\u0119bokim \u017cyciu duchowym i niezwyk\u0142ej inteligencji teologicznej, tacy jak Saint Augustine of Hippo, Saint Jerome, Saint Athanasius of Alexandria, Saint Basil the Great czy Saint John Chrysostom. Ich dyskusje, listy i traktaty nie by\u0142y jedynie sporami intelektualnymi: <strong>by\u0142y duchow\u0105 walk\u0105 o prawd\u0119 Ewangelii<\/strong>.<\/p>\n\n\n\n<p>Jak przypomina Aposto\u0142:<\/p>\n\n\n\n<blockquote class=\"wp-block-quote is-layout-flow wp-block-quote-is-layout-flow\">\n<p>\u201ePrzeto, bracia, trwajcie mocno i trzymajcie si\u0119 tradycji, kt\u00f3rych was nauczono.\u201d<br>\u2014 (2 Tesaloniczan 2,15)<\/p>\n<\/blockquote>\n\n\n\n<p>Zrozumienie tych kontrowersji nie jest jedynie \u0107wiczeniem historycznym. Pomaga nam zrozumie\u0107 <strong>dlaczego wierzymy w to, w co wierzymy<\/strong> oraz jak dzi\u015b \u017cy\u0107 solidn\u0105 wiar\u0105 po\u015br\u00f3d kulturowego zam\u0119tu.<\/p>\n\n\n\n<hr class=\"wp-block-separator has-alpha-channel-opacity\"\/>\n\n\n\n<h1 class=\"wp-block-heading\">1. Wielka walka o bosko\u015b\u0107 Chrystusa: arianizm<\/h1>\n\n\n\n<p>Jedna z najbardziej decyduj\u0105cych kontrowersji w ca\u0142ej historii chrze\u015bcija\u0144stwa zosta\u0142a wywo\u0142ana w IV wieku przez kap\u0142ana o imieniu Arius.<\/p>\n\n\n\n<p>Ariusz naucza\u0142 czego\u015b pozornie prostego, ale teologicznie niszcz\u0105cego:<\/p>\n\n\n\n<p>Chrystus nie by\u0142 prawdziwie Bogiem, lecz <strong>pierwszym stworzeniem stworzonym przez Boga<\/strong>.<\/p>\n\n\n\n<p>Innymi s\u0142owy, Jezus by\u0142by istot\u0105 wy\u017csz\u0105, ale <strong>nie wiecznym Bogiem<\/strong>.<\/p>\n\n\n\n<h3 class=\"wp-block-heading\">Dlaczego by\u0142o to tak powa\u017cne?<\/h3>\n\n\n\n<p>Je\u015bli Chrystus nie jest Bogiem:<\/p>\n\n\n\n<ul class=\"wp-block-list\">\n<li>nie mo\u017ce w pe\u0142ni zbawi\u0107 cz\u0142owieka<\/li>\n\n\n\n<li>Wcielenie traci sw\u00f3j sens<\/li>\n\n\n\n<li>odkupienie staje si\u0119 niepe\u0142ne<\/li>\n<\/ul>\n\n\n\n<p>Jak p\u00f3\u017aniej stwierdzi teologia chrze\u015bcija\u0144ska:<\/p>\n\n\n\n<p><strong>Tylko B\u00f3g mo\u017ce zbawi\u0107 cz\u0142owieka.<\/strong><\/p>\n\n\n\n<p>Wielkim obro\u0144c\u0105 wiary przeciw arianizmowi by\u0142 Saint Athanasius of Alexandria. Przez dziesi\u0119ciolecia znosi\u0142 prze\u015bladowania, wygnania i naciski polityczne, broni\u0105c prawdy, \u017ce Chrystus jest <strong>\u201ewsp\u00f3\u0142istotny Ojcu\u201d<\/strong>.<\/p>\n\n\n\n<p>Ta prawda zosta\u0142a uroczy\u015bcie okre\u015blona na First Council of Nicaea.<\/p>\n\n\n\n<p>Tam og\u0142oszono s\u0142ynn\u0105 formu\u0142\u0119:<\/p>\n\n\n\n<p><strong>Chrystus jest \u201eBogiem z Boga, \u015bwiat\u0142o\u015bci\u0105 ze \u015bwiat\u0142o\u015bci, Bogiem prawdziwym z Boga prawdziwego, zrodzonym, a nie stworzonym\u201d.<\/strong><\/p>\n\n\n\n<h3 class=\"wp-block-heading\">Zastosowanie duchowe dzisiaj<\/h3>\n\n\n\n<p>Dzi\u015b arianizm nie istnieje ju\u017c w swojej klasycznej formie, ale pojawia si\u0119 na wiele nowoczesnych sposob\u00f3w:<\/p>\n\n\n\n<ul class=\"wp-block-list\">\n<li>redukowanie Jezusa do zwyk\u0142ego nauczyciela moralno\u015bci<\/li>\n\n\n\n<li>postrzeganie Go jedynie jako proroka lub przyw\u00f3dcy duchowego<\/li>\n\n\n\n<li>ignorowanie Jego bosko\u015bci<\/li>\n<\/ul>\n\n\n\n<p>Ojcowie przypominaj\u0105 nam, \u017ce <strong>Chrystus nie jest tylko inspiracj\u0105: jest Zbawicielem<\/strong>.<\/p>\n\n\n\n<hr class=\"wp-block-separator has-alpha-channel-opacity\"\/>\n\n\n\n<h1 class=\"wp-block-heading\">2. Kontrowersja o \u0142ask\u0119: Augustyn przeciw Pelagiuszowi<\/h1>\n\n\n\n<p>Inna bardzo g\u0142\u0119boka debata dotyczy\u0142a tajemnicy \u0142aski.<\/p>\n\n\n\n<p>Centraln\u0105 postaci\u0105 by\u0142 brytyjski mnich Pelagius.<\/p>\n\n\n\n<p>Pelagiusz naucza\u0142, \u017ce cz\u0142owiek mo\u017ce wype\u0142nia\u0107 przykazania <strong>w\u0142asnymi si\u0142ami<\/strong>, bez potrzeby wewn\u0119trznej przemieniaj\u0105cej \u0142aski.<\/p>\n\n\n\n<p>Wed\u0142ug niego:<\/p>\n\n\n\n<ul class=\"wp-block-list\">\n<li>grzech pierworodny prawie nie wp\u0142ywa na cz\u0142owieka<\/li>\n\n\n\n<li>ludzka wola mo\u017ce sama osi\u0105gn\u0105\u0107 \u015bwi\u0119to\u015b\u0107<\/li>\n<\/ul>\n\n\n\n<p>Ta wizja wydawa\u0142a si\u0119 optymistyczna, ale w rzeczywisto\u015bci <strong>pozbawia chrze\u015bcija\u0144stwo jego istoty<\/strong>.<\/p>\n\n\n\n<p>Wielkim obro\u0144c\u0105 nauki o \u0142asce by\u0142 Saint Augustine of Hippo.<\/p>\n\n\n\n<p>Dla Augustyna Pismo \u015awi\u0119te by\u0142o jasne:<\/p>\n\n\n\n<blockquote class=\"wp-block-quote is-layout-flow wp-block-quote-is-layout-flow\">\n<p>\u201eBeze mnie nic nie mo\u017cecie uczyni\u0107.\u201d<br>\u2014 (Jan 15,5)<\/p>\n<\/blockquote>\n\n\n\n<p>Cz\u0142owiek potrzebuje \u0142aski, aby:<\/p>\n\n\n\n<ul class=\"wp-block-list\">\n<li>wierzy\u0107<\/li>\n\n\n\n<li>kocha\u0107<\/li>\n\n\n\n<li>wytrwa\u0107 w dobru<\/li>\n<\/ul>\n\n\n\n<p>Nie chodzi o zaprzeczenie ludzkiej wolno\u015bci, lecz o uznanie, \u017ce <strong>B\u00f3g dzia\u0142a pierwszy<\/strong>.<\/p>\n\n\n\n<h3 class=\"wp-block-heading\">Wielka lekcja duszpasterska<\/h3>\n\n\n\n<p>Ta kontrowersja dotyka bardzo aktualnej kwestii:<\/p>\n\n\n\n<p>Chrze\u015bcija\u0144stwo nie jest <strong>duchow\u0105 samopomoc\u0105<\/strong>.<\/p>\n\n\n\n<p>Nie chodzi o popraw\u0119 siebie jedynie si\u0142\u0105 woli, lecz o <strong>pozwolenie, by \u0142aska Bo\u017ca przemienia\u0142a serce<\/strong>.<\/p>\n\n\n\n<hr class=\"wp-block-separator has-alpha-channel-opacity\"\/>\n\n\n\n<h1 class=\"wp-block-heading\">3. To\u017csamo\u015b\u0107 Maryi: kontrowersja nestoria\u0144ska<\/h1>\n\n\n\n<p>W V wieku pojawi\u0142 si\u0119 kolejny decyduj\u0105cy sp\u00f3r: to\u017csamo\u015b\u0107 Maryi Dziewicy w relacji do Chrystusa.<\/p>\n\n\n\n<p>Patriarcha Konstantynopola Nestorius odrzuca\u0142 tytu\u0142 <strong>Matki Boga<\/strong> dla Maryi.<\/p>\n\n\n\n<p>Wola\u0142 nazywa\u0107 j\u0105 jedynie <strong>Matk\u0105 Chrystusa<\/strong>.<\/p>\n\n\n\n<p>Na pierwszy rzut oka wydawa\u0142o si\u0119 to kwesti\u0105 j\u0119zyka, lecz w rzeczywisto\u015bci dotyka\u0142o kluczowego problemu:<\/p>\n\n\n\n<p><strong>Czy Chrystus jest jedn\u0105 osob\u0105 czy dwiema?<\/strong><\/p>\n\n\n\n<p>Wielkim obro\u0144c\u0105 nauki katolickiej by\u0142 Saint Cyril of Alexandria.<\/p>\n\n\n\n<p>Ko\u015bci\u00f3\u0142 ostatecznie okre\u015bli\u0142 na Council of Ephesus, \u017ce Maryja jest naprawd\u0119:<\/p>\n\n\n\n<p><strong>Theotokos \u2014 Matk\u0105 Boga<\/strong><\/p>\n\n\n\n<p>Nie dlatego, \u017ce jest \u017ar\u00f3d\u0142em bosko\u015bci, lecz dlatego, \u017ce Syn z niej zrodzony <strong>jest prawdziwie Bogiem, kt\u00f3ry sta\u0142 si\u0119 cz\u0142owiekiem<\/strong>.<\/p>\n\n\n\n<h3 class=\"wp-block-heading\">Zastosowanie duchowe<\/h3>\n\n\n\n<p>Ta nauka ma pi\u0119kn\u0105 konsekwencj\u0119:<\/p>\n\n\n\n<p>Je\u015bli Maryja jest Matk\u0105 Boga, to jest tak\u017ce <strong>duchow\u0105 matk\u0105 chrze\u015bcijan<\/strong>.<\/p>\n\n\n\n<p>Dlatego pobo\u017cno\u015b\u0107 maryjna nie jest sentymentalizmem, lecz g\u0142\u0119bok\u0105 rzeczywisto\u015bci\u0105 teologiczn\u0105.<\/p>\n\n\n\n<hr class=\"wp-block-separator has-alpha-channel-opacity\"\/>\n\n\n\n<h1 class=\"wp-block-heading\">4. Wielka dyskusja o Tr\u00f3jcy \u015awi\u0119tej<\/h1>\n\n\n\n<p>Pierwsze wieki by\u0142y r\u00f3wnie\u017c pe\u0142ne debat o tym, jak rozumie\u0107 centraln\u0105 tajemnic\u0119 wiary:<\/p>\n\n\n\n<p><strong>B\u00f3g jest jeden i w Tr\u00f3jcy.<\/strong><\/p>\n\n\n\n<p>Trzej wielcy teologowie bronili tej doktryny z niezwyk\u0142\u0105 g\u0142\u0119bi\u0105:<\/p>\n\n\n\n<ul class=\"wp-block-list\">\n<li>Saint Basil the Great<\/li>\n\n\n\n<li>Saint Gregory of Nyssa<\/li>\n\n\n\n<li>Saint Gregory of Nazianzus<\/li>\n<\/ul>\n\n\n\n<p>Znani s\u0105 jako <strong>Ojcowie Kapadoccy<\/strong>.<\/p>\n\n\n\n<p>Rozwin\u0119li j\u0119zyk teologiczny, kt\u00f3ry pozwoli\u0142 wyrazi\u0107 t\u0119 tajemnic\u0119:<\/p>\n\n\n\n<ul class=\"wp-block-list\">\n<li>jedna <strong>natura boska<\/strong><\/li>\n\n\n\n<li>trzy <strong>odr\u0119bne osoby<\/strong><\/li>\n<\/ul>\n\n\n\n<p>Ojciec, Syn i Duch \u015awi\u0119ty.<\/p>\n\n\n\n<p>Dzi\u0119ki ich refleksji chrze\u015bcija\u0144stwo unikn\u0119\u0142o dw\u00f3ch b\u0142\u0119d\u00f3w:<\/p>\n\n\n\n<ul class=\"wp-block-list\">\n<li>my\u015blenia o trzech bogach<\/li>\n\n\n\n<li>my\u015blenia, \u017ce B\u00f3g jest jedn\u0105 osob\u0105 z trzema maskami<\/li>\n<\/ul>\n\n\n\n<h3 class=\"wp-block-heading\">Zastosowanie w naszym \u017cyciu duchowym<\/h3>\n\n\n\n<p>Tr\u00f3jca \u015awi\u0119ta nie jest abstrakcj\u0105.<\/p>\n\n\n\n<p>Jest <strong>wzorem chrze\u015bcija\u0144skiej mi\u0142o\u015bci<\/strong>.<\/p>\n\n\n\n<p>Sam B\u00f3g jest wsp\u00f3lnot\u0105, relacj\u0105 i wzajemnym darem.<\/p>\n\n\n\n<p>Dlatego \u017cycie chrze\u015bcija\u0144skie jest powo\u0142ane, aby odzwierciedla\u0107 t\u0119 tajemnic\u0119:<\/p>\n\n\n\n<ul class=\"wp-block-list\">\n<li>w rodzinie<\/li>\n\n\n\n<li>w Ko\u015bciele<\/li>\n\n\n\n<li>we wsp\u00f3lnocie<\/li>\n<\/ul>\n\n\n\n<hr class=\"wp-block-separator has-alpha-channel-opacity\"\/>\n\n\n\n<h1 class=\"wp-block-heading\">5. Kontrowersja o natur\u0119 Chrystusa<\/h1>\n\n\n\n<p>Jedna z najwa\u017cniejszych dyskusji dotyczy\u0142a tak\u017ce relacji mi\u0119dzy bosko\u015bci\u0105 a cz\u0142owiecze\u0144stwem Chrystusa.<\/p>\n\n\n\n<p>Niekt\u00f3rzy uwa\u017cali, \u017ce cz\u0142owiecze\u0144stwo zostaje wch\u0142oni\u0119te przez bosko\u015b\u0107.<\/p>\n\n\n\n<p>To stanowisko znane jest jako <strong>monofizytyzm<\/strong>.<\/p>\n\n\n\n<p>Ko\u015bci\u00f3\u0142 okre\u015bli\u0142 prawdziw\u0105 nauk\u0119 na Council of Chalcedon:<\/p>\n\n\n\n<p>Chrystus jest <strong>prawdziwym Bogiem i prawdziwym cz\u0142owiekiem<\/strong>, z dwiema naturami zjednoczonymi w jednej osobie.<\/p>\n\n\n\n<p>Ta definicja jest jednym z klejnot\u00f3w teologii chrze\u015bcija\u0144skiej.<\/p>\n\n\n\n<h3 class=\"wp-block-heading\">Konsekwencja duchowa<\/h3>\n\n\n\n<p>Chrystus mo\u017ce w pe\u0142ni zrozumie\u0107 cz\u0142owieka, poniewa\u017c <strong>naprawd\u0119 sta\u0142 si\u0119 cz\u0142owiekiem<\/strong>.<\/p>\n\n\n\n<p>Jak m\u00f3wi List do Hebrajczyk\u00f3w:<\/p>\n\n\n\n<blockquote class=\"wp-block-quote is-layout-flow wp-block-quote-is-layout-flow\">\n<p>\u201eNie mamy arcykap\u0142ana, kt\u00f3ry nie m\u00f3g\u0142by wsp\u00f3\u0142czu\u0107 naszym s\u0142abo\u015bciom.\u201d<br>\u2014 (Hebrajczyk\u00f3w 4,15)<\/p>\n<\/blockquote>\n\n\n\n<hr class=\"wp-block-separator has-alpha-channel-opacity\"\/>\n\n\n\n<h1 class=\"wp-block-heading\">6. Kontrowersje by\u0142y tak\u017ce drogami do \u015bwi\u0119to\u015bci<\/h1>\n\n\n\n<p>Warto pami\u0119ta\u0107 o jednej rzeczy:<\/p>\n\n\n\n<p>Te spory nie by\u0142y jedynie debatami akademickimi.<\/p>\n\n\n\n<p>Wielu Ojc\u00f3w Ko\u015bcio\u0142a:<\/p>\n\n\n\n<ul class=\"wp-block-list\">\n<li>by\u0142o prze\u015bladowanych<\/li>\n\n\n\n<li>by\u0142o wygnanych<\/li>\n\n\n\n<li>by\u0142o niezrozumianych<\/li>\n<\/ul>\n\n\n\n<p>za obron\u0119 prawdy Ewangelii.<\/p>\n\n\n\n<p>Saint Athanasius of Alexandria zosta\u0142 <strong>pi\u0119\u0107 razy wygnany<\/strong>.<\/p>\n\n\n\n<p>Saint John Chrysostom zmar\u0142 na wygnaniu po pot\u0119pieniu nadu\u017cy\u0107 w\u0142adzy.<\/p>\n\n\n\n<p>Saint Maximus the Confessor by\u0142 torturowany za obron\u0119 nauki o Chrystusie.<\/p>\n\n\n\n<p>Prawda teologiczna zawsze ma swoj\u0105 cen\u0119.<\/p>\n\n\n\n<hr class=\"wp-block-separator has-alpha-channel-opacity\"\/>\n\n\n\n<h1 class=\"wp-block-heading\">7. Dlaczego te kontrowersje s\u0105 nadal aktualne<\/h1>\n\n\n\n<p>Dzi\u015b \u017cyjemy w epoce <strong>wielkiego zam\u0119tu doktrynalnego i duchowego<\/strong>.<\/p>\n\n\n\n<p>Dawne herezje powracaj\u0105 pod nowymi nazwami:<\/p>\n\n\n\n<ul class=\"wp-block-list\">\n<li>relatywizm religijny<\/li>\n\n\n\n<li>duchowo\u015b\u0107 bez Chrystusa<\/li>\n\n\n\n<li>moralno\u015b\u0107 bez \u0142aski<\/li>\n\n\n\n<li>wiara bez Ko\u015bcio\u0142a<\/li>\n<\/ul>\n\n\n\n<p>Ojcowie Ko\u015bcio\u0142a ucz\u0105 nas trzech fundamentalnych postaw.<\/p>\n\n\n\n<h3 class=\"wp-block-heading\">1. Kocha\u0107 prawd\u0119<\/h3>\n\n\n\n<p>Wiara chrze\u015bcija\u0144ska nie jest opini\u0105.<\/p>\n\n\n\n<p>Jest <strong>objawieniem Bo\u017cym<\/strong>.<\/p>\n\n\n\n<h3 class=\"wp-block-heading\">2. Szuka\u0107 g\u0142\u0119bi<\/h3>\n\n\n\n<p>Ojcowie po\u015bwi\u0119cili swoje \u017cycie zrozumieniu wiary.<\/p>\n\n\n\n<p>Dzi\u015b musimy na nowo odkry\u0107 bogactwo teologii.<\/p>\n\n\n\n<h3 class=\"wp-block-heading\">3. \u0141\u0105czy\u0107 doktryn\u0119 i \u015bwi\u0119to\u015b\u0107<\/h3>\n\n\n\n<p>Prawdziwa teologia rodzi si\u0119 z modlitwy.<\/p>\n\n\n\n<hr class=\"wp-block-separator has-alpha-channel-opacity\"\/>\n\n\n\n<h1 class=\"wp-block-heading\">8. Czego dzisiejsi chrze\u015bcijanie mog\u0105 nauczy\u0107 si\u0119 od Ojc\u00f3w<\/h1>\n\n\n\n<p>Kontrowersje pierwszych wiek\u00f3w ucz\u0105 nas wielu bardzo aktualnych lekcji duchowych.<\/p>\n\n\n\n<h3 class=\"wp-block-heading\">1. Wiara wymaga formacji<\/h3>\n\n\n\n<p>Nie wystarczy wierzy\u0107 powierzchownie.<\/p>\n\n\n\n<p>Musimy zna\u0107 wiar\u0119, aby m\u00f3c j\u0105 \u017cy\u0107 i broni\u0107.<\/p>\n\n\n\n<h3 class=\"wp-block-heading\">2. Prawda wymaga odwagi<\/h3>\n\n\n\n<p>Ojcowie nie szukali popularno\u015bci, lecz wierno\u015bci Chrystusowi.<\/p>\n\n\n\n<h3 class=\"wp-block-heading\">3. Teologia musi prowadzi\u0107 do Boga<\/h3>\n\n\n\n<p>Ostatecznym celem nie jest wygrywanie spor\u00f3w.<\/p>\n\n\n\n<p>Jest nim <strong>g\u0142\u0119bsze poznanie Boga<\/strong>.<\/p>\n\n\n\n<hr class=\"wp-block-separator has-alpha-channel-opacity\"\/>\n\n\n\n<h1 class=\"wp-block-heading\">Zako\u0144czenie: spory, kt\u00f3re zbudowa\u0142y wiar\u0119<\/h1>\n\n\n\n<p>Czasami my\u015blimy, \u017ce konflikty w Ko\u015bciele s\u0105 oznak\u0105 s\u0142abo\u015bci.<\/p>\n\n\n\n<p>Historia pokazuje jednak co\u015b przeciwnego.<\/p>\n\n\n\n<p>Dzi\u0119ki tym kontrowersjom:<\/p>\n\n\n\n<ul class=\"wp-block-list\">\n<li>lepiej rozumiemy, kim jest Chrystus<\/li>\n\n\n\n<li>rozumiemy dzia\u0142anie \u0142aski<\/li>\n\n\n\n<li>pog\u0142\u0119biamy tajemnic\u0119 Tr\u00f3jcy \u015awi\u0119tej<\/li>\n<\/ul>\n\n\n\n<p>Ojcowie Ko\u015bcio\u0142a ucz\u0105 nas, \u017ce <strong>prawdy szuka si\u0119 z inteligencj\u0105, pokor\u0105 i modlitw\u0105<\/strong>.<\/p>\n\n\n\n<p>A ostatecznie wszystko prowadzi do centrum wiary chrze\u015bcija\u0144skiej:<\/p>\n\n\n\n<p>Jezusa Chrystusa, prawdziwego Boga i prawdziwego cz\u0142owieka, Zbawiciela \u015bwiata.<\/p>\n\n\n\n<p>Jak napisa\u0142 Saint Augustine of Hippo:<\/p>\n\n\n\n<blockquote class=\"wp-block-quote is-layout-flow wp-block-quote-is-layout-flow\">\n<p>\u201eStworzy\u0142e\u015b nas dla siebie, Panie, i niespokojne jest nasze serce, dop\u00f3ki nie spocznie w Tobie.\u201d<\/p>\n<\/blockquote>\n","protected":false},"excerpt":{"rendered":"<p>Gdy wiara by\u0142a broniona pi\u00f3rem, modlitw\u0105 i \u015bwi\u0119to\u015bci\u0105 Historia chrze\u015bcija\u0144stwa nie jest histori\u0105 spokojn\u0105 ani linearn\u0105. Ju\u017c od pierwszych wiek\u00f3w Ko\u015bci\u00f3\u0142 musia\u0142 broni\u0107 serca swojej wiary przed b\u0142\u0119dami, nieporozumieniami i g\u0142\u0119bokimi sporami teologicznymi. Zamiast os\u0142abia\u0107 wiar\u0119 chrze\u015bcija\u0144sk\u0105, te kontrowersje pomog\u0142y oczy\u015bci\u0107, pog\u0142\u0119bi\u0107 i wyrazi\u0107 ja\u015bniej tajemnic\u0119 Chrystusa. G\u0142\u00f3wnymi bohaterami tych debat byli Ojcowie Ko\u015bcio\u0142a, ludzie &hellip;<\/p>\n","protected":false},"author":3,"featured_media":5312,"comment_status":"closed","ping_status":"closed","sticky":false,"template":"","format":"standard","meta":{"_seopress_robots_primary_cat":"","_seopress_titles_title":"","_seopress_titles_desc":"","_seopress_robots_index":"","footnotes":""},"categories":[38,49],"tags":[],"class_list":["post-5311","post","type-post","status-publish","format-standard","has-post-thumbnail","","category-historia-i-tradycja","category-ojcowie-kosciola-i-doktorzy-kosciola"],"_links":{"self":[{"href":"https:\/\/catholicus.eu\/pl\/wp-json\/wp\/v2\/posts\/5311","targetHints":{"allow":["GET"]}}],"collection":[{"href":"https:\/\/catholicus.eu\/pl\/wp-json\/wp\/v2\/posts"}],"about":[{"href":"https:\/\/catholicus.eu\/pl\/wp-json\/wp\/v2\/types\/post"}],"author":[{"embeddable":true,"href":"https:\/\/catholicus.eu\/pl\/wp-json\/wp\/v2\/users\/3"}],"replies":[{"embeddable":true,"href":"https:\/\/catholicus.eu\/pl\/wp-json\/wp\/v2\/comments?post=5311"}],"version-history":[{"count":1,"href":"https:\/\/catholicus.eu\/pl\/wp-json\/wp\/v2\/posts\/5311\/revisions"}],"predecessor-version":[{"id":5313,"href":"https:\/\/catholicus.eu\/pl\/wp-json\/wp\/v2\/posts\/5311\/revisions\/5313"}],"wp:featuredmedia":[{"embeddable":true,"href":"https:\/\/catholicus.eu\/pl\/wp-json\/wp\/v2\/media\/5312"}],"wp:attachment":[{"href":"https:\/\/catholicus.eu\/pl\/wp-json\/wp\/v2\/media?parent=5311"}],"wp:term":[{"taxonomy":"category","embeddable":true,"href":"https:\/\/catholicus.eu\/pl\/wp-json\/wp\/v2\/categories?post=5311"},{"taxonomy":"post_tag","embeddable":true,"href":"https:\/\/catholicus.eu\/pl\/wp-json\/wp\/v2\/tags?post=5311"}],"curies":[{"name":"wp","href":"https:\/\/api.w.org\/{rel}","templated":true}]}}