{"id":5281,"date":"2026-03-12T22:52:10","date_gmt":"2026-03-12T21:52:10","guid":{"rendered":"https:\/\/catholicus.eu\/pl\/?p=5281"},"modified":"2026-03-12T22:52:10","modified_gmt":"2026-03-12T21:52:10","slug":"jak-klasztory-ocalily-cywilizacje-europejska","status":"publish","type":"post","link":"https:\/\/catholicus.eu\/pl\/jak-klasztory-ocalily-cywilizacje-europejska\/","title":{"rendered":"Jak klasztory ocali\u0142y cywilizacj\u0119 europejsk\u0105"},"content":{"rendered":"\n<h2 class=\"wp-block-heading\">Historia wiary, kultury i nadziei dla naszych czas\u00f3w<\/h2>\n\n\n\n<p>Kiedy dzi\u015b spacerujemy po Europie \u2014 od ma\u0142ego wiejskiego ko\u015bcio\u0142a po wielk\u0105 katedr\u0119 \u2014 rzadko my\u015blimy o tym, \u017ce znaczna cz\u0119\u015b\u0107 naszej cywilizacji przetrwa\u0142a dzi\u0119ki wsp\u00f3lnotom m\u0119\u017cczyzn i kobiet, kt\u00f3rzy wybrali cisz\u0119, modlitw\u0119 i pokorn\u0105 prac\u0119.<\/p>\n\n\n\n<p>A jednak przez wieki kryzysu po upadku Cesarstwa Rzymskiego to w\u0142a\u015bnie chrze\u015bcija\u0144skie klasztory zachowa\u0142y wiar\u0119, kultur\u0119, wiedz\u0119, a nawet podstawy europejskiego \u017cycia spo\u0142ecznego. Po\u015br\u00f3d chaosu mnisi budowali oazy modlitwy i m\u0105dro\u015bci, kt\u00f3re ostatecznie ukszta\u0142towa\u0142y cywilizacj\u0119 zachodni\u0105.<\/p>\n\n\n\n<p>Historia klasztor\u00f3w nie jest jedynie \u015bredniowieczn\u0105 ciekawostk\u0105. Jest g\u0142\u0119boko aktualn\u0105 lekcj\u0105 duchow\u0105: gdy \u015bwiat wydaje si\u0119 rozpada\u0107, B\u00f3g cz\u0119sto dzia\u0142a poprzez ma\u0142e, wierne wsp\u00f3lnoty.<\/p>\n\n\n\n<p>Ten artyku\u0142 przedstawia t\u0119 histori\u0119 z <strong>perspektywy historycznej, teologicznej i pastoralnej<\/strong>, zapraszaj\u0105c nas do postawienia wa\u017cnego pytania:<br>czego mo\u017cemy dzi\u015b nauczy\u0107 si\u0119 z ducha monastycznego?<\/p>\n\n\n\n<hr class=\"wp-block-separator has-alpha-channel-opacity\"\/>\n\n\n\n<h1 class=\"wp-block-heading\">1. Europa po Rzymie: \u015bwiat na kraw\u0119dzi upadku<\/h1>\n\n\n\n<p>W V wieku Cesarstwo Zachodniorzymskie upad\u0142o pod ci\u0119\u017carem najazd\u00f3w, kryzys\u00f3w politycznych i wewn\u0119trznego rozk\u0142adu. Miasta si\u0119 wyludni\u0142y, sieci handlowe znikn\u0119\u0142y, a edukacja w wielu regionach praktycznie przesta\u0142a istnie\u0107.<\/p>\n\n\n\n<p>W tym kontek\u015bcie <strong>Ko\u015bci\u00f3\u0142 pozosta\u0142 jedyn\u0105 stabiln\u0105 instytucj\u0105, kt\u00f3ra przetrwa\u0142a upadek \u015bwiata rzymskiego<\/strong>.<\/p>\n\n\n\n<p>Spo\u015br\u00f3d wszystkich instytucji Ko\u015bcio\u0142a klasztory sta\u0142y si\u0119 prawdziwymi o\u015brodkami odbudowy kulturowej i duchowej.<\/p>\n\n\n\n<p>W ich murach dzia\u0142o si\u0119 co\u015b niezwyk\u0142ego.<\/p>\n\n\n\n<p>Podczas gdy na zewn\u0105trz trwa\u0142y wojny i migracje lud\u00f3w, w klasztorach odmawiano psalmy, przepisywano ksi\u0119gi i uprawiano pola.<\/p>\n\n\n\n<p>Mnisi nie pr\u00f3bowali ratowa\u0107 cywilizacji.<br>Chcieli po prostu <strong>szuka\u0107 Boga<\/strong>.<\/p>\n\n\n\n<p>I w\u0142a\u015bnie dlatego ostatecznie j\u0105 ocalili.<\/p>\n\n\n\n<hr class=\"wp-block-separator has-alpha-channel-opacity\"\/>\n\n\n\n<h1 class=\"wp-block-heading\">2. Narodziny monastycyzmu: szuka\u0107 Boga ponad wszystko<\/h1>\n\n\n\n<p>Chrze\u015bcija\u0144ski monastycyzm powsta\u0142 na d\u0142ugo przed \u015bredniowieczem. Jego korzenie si\u0119gaj\u0105 pierwszych wiek\u00f3w chrze\u015bcija\u0144stwa.<\/p>\n\n\n\n<p>Wielu wierz\u0105cych pragn\u0119\u0142o \u017cy\u0107 Ewangeli\u0105 w spos\u00f3b radykalny, na\u015bladuj\u0105c Chrystusa w ub\u00f3stwie, czysto\u015bci i pos\u0142usze\u0144stwie. Niekt\u00f3rzy wycofali si\u0119 na pustyni\u0119, aby po\u015bwi\u0119ci\u0107 swoje \u017cycie modlitwie.<\/p>\n\n\n\n<p>Jedn\u0105 z najbardziej wp\u0142ywowych postaci by\u0142 <strong>\u015bwi\u0119ty Benedykt z Nursji<\/strong>, uwa\u017cany za ojca zachodniego monastycyzmu.<\/p>\n\n\n\n<p>Jego s\u0142ynna regu\u0142a \u017cycia zaproponowa\u0142a r\u00f3wnowag\u0119, kt\u00f3ra naznaczy\u0142a histori\u0119 Europy:<\/p>\n\n\n\n<p><strong>\u201eOra et labora\u201d<\/strong><br>(\u201eM\u00f3dl si\u0119 i pracuj\u201d).<\/p>\n\n\n\n<p>Regu\u0142a benedykty\u0144ska organizowa\u0142a codzienne \u017cycie wok\u00f3\u0142:<\/p>\n\n\n\n<ul class=\"wp-block-list\">\n<li>modlitwy liturgicznej<\/li>\n\n\n\n<li>pracy fizycznej<\/li>\n\n\n\n<li>lektury duchowej<\/li>\n\n\n\n<li>\u017cycia wsp\u00f3lnotowego<\/li>\n<\/ul>\n\n\n\n<p>Ta struktura rozprzestrzeni\u0142a si\u0119 po ca\u0142ej Europie i przez wieki sta\u0142a si\u0119 modelem \u017cycia monastycznego.<\/p>\n\n\n\n<p>Najwa\u017cniejsza nie by\u0142a jednak sama organizacja.<\/p>\n\n\n\n<p>Najwa\u017cniejszy by\u0142 cel duchowy:<br><strong>szuka\u0107 Boga ponad wszystko<\/strong>.<\/p>\n\n\n\n<hr class=\"wp-block-separator has-alpha-channel-opacity\"\/>\n\n\n\n<h1 class=\"wp-block-heading\">3. Klasztory jako stra\u017cnicy kultury<\/h1>\n\n\n\n<p>Jednym z najbardziej niezwyk\u0142ych wk\u0142ad\u00f3w klasztor\u00f3w by\u0142o <strong>zachowanie wiedzy<\/strong>.<\/p>\n\n\n\n<p>W klasztorach istnia\u0142y specjalne pomieszczenia zwane <strong>scriptoriami<\/strong>, gdzie mnisi r\u0119cznie przepisywali manuskrypty.<\/p>\n\n\n\n<p>Przepisywali:<\/p>\n\n\n\n<ul class=\"wp-block-list\">\n<li>Bibli\u0119<\/li>\n\n\n\n<li>pisma Ojc\u00f3w Ko\u015bcio\u0142a<\/li>\n\n\n\n<li>dzie\u0142a filozofii greckiej<\/li>\n\n\n\n<li>rzymskie traktaty naukowe<\/li>\n\n\n\n<li>teksty historyczne<\/li>\n<\/ul>\n\n\n\n<p>Je\u015bli dzi\u015b znamy autor\u00f3w takich jak Cyceron, Wergiliusz czy Arystoteles, w du\u017cej mierze zawdzi\u0119czamy to tej cichej pracy.<\/p>\n\n\n\n<p>S\u0142ynnym przyk\u0142adem by\u0142o <strong>opactwo Monte Cassino<\/strong>, za\u0142o\u017cone przez \u015bwi\u0119tego Benedykta.<\/p>\n\n\n\n<p>Jego biblioteka zgromadzi\u0142a dzie\u0142a medycyny, nauki i literatury pochodz\u0105ce z wielu cywilizacji, kt\u00f3re mnisi t\u0142umaczyli i przepisywali, aby przekaza\u0107 je przysz\u0142ym pokoleniom.<\/p>\n\n\n\n<p>Podczas gdy Europa p\u0142on\u0119\u0142a, klasztory <strong>zachowywa\u0142y pami\u0119\u0107 staro\u017cytnego \u015bwiata<\/strong>.<\/p>\n\n\n\n<hr class=\"wp-block-separator has-alpha-channel-opacity\"\/>\n\n\n\n<h1 class=\"wp-block-heading\">4. Mnisi, kt\u00f3rzy ewangelizowali Europ\u0119<\/h1>\n\n\n\n<p>Klasztory nie tylko przepisywa\u0142y ksi\u0119gi.<\/p>\n\n\n\n<p>Ewangelizowa\u0142y r\u00f3wnie\u017c.<\/p>\n\n\n\n<p>Z Irlandii i Wielkiej Brytanii wyszed\u0142 niezwyk\u0142y ruch misyjny znany jako <strong>misja irlandzko-szkocka<\/strong>.<\/p>\n\n\n\n<p>Irlandzcy mnisi podr\u00f3\u017cowali po ca\u0142ej Europie, zak\u0142adaj\u0105c klasztory i nios\u0105c Ewangeli\u0119 ludom germa\u0144skim i celtyckim.<\/p>\n\n\n\n<p>Te klasztory sta\u0142y si\u0119:<\/p>\n\n\n\n<ul class=\"wp-block-list\">\n<li>o\u015brodkami ewangelizacji<\/li>\n\n\n\n<li>szko\u0142ami nauki<\/li>\n\n\n\n<li>szpitalami<\/li>\n\n\n\n<li>schronieniem dla podr\u00f3\u017cnych<\/li>\n<\/ul>\n\n\n\n<p>Mo\u017cna powiedzie\u0107, \u017ce <strong>klasztory by\u0142y pierwszymi uniwersytetami, szpitalami i o\u015brodkami spo\u0142ecznymi Europy<\/strong>.<\/p>\n\n\n\n<hr class=\"wp-block-separator has-alpha-channel-opacity\"\/>\n\n\n\n<h1 class=\"wp-block-heading\">5. Klasztory zmieni\u0142y codzienne \u017cycie<\/h1>\n\n\n\n<p>Wp\u0142yw klasztor\u00f3w wykracza\u0142 daleko poza religi\u0119.<\/p>\n\n\n\n<p>Oddzia\u0142ywa\u0142y r\u00f3wnie\u017c na:<\/p>\n\n\n\n<h3 class=\"wp-block-heading\">Rolnictwo<\/h3>\n\n\n\n<p>Mnisi odzyskiwali opuszczone ziemie, wprowadzali nowe techniki uprawy i organizowali prac\u0119 na wsi.<\/p>\n\n\n\n<h3 class=\"wp-block-heading\">Technologi\u0119<\/h3>\n\n\n\n<p>Wiele post\u0119p\u00f3w w m\u0142ynach, systemach nawadniania i produkcji rolnej powsta\u0142o w \u015brodowiskach monastycznych.<\/p>\n\n\n\n<h3 class=\"wp-block-heading\">Medycyn\u0119<\/h3>\n\n\n\n<p>W klasztorach przepisywano traktaty medyczne i opiekowano si\u0119 chorymi.<\/p>\n\n\n\n<h3 class=\"wp-block-heading\">Lokaln\u0105 gospodark\u0119<\/h3>\n\n\n\n<p>Klasztory tworzy\u0142y sieci go\u015bcinno\u015bci i handlu.<\/p>\n\n\n\n<p>Z tego powodu niekt\u00f3rzy historycy opisuj\u0105 \u015bredniowieczne klasztory jako <strong>\u201emikrokosmosy chrze\u015bcija\u0144stwa\u201d<\/strong>, ma\u0142e modele spo\u0142ecze\u0144stwa chrze\u015bcija\u0144skiego.<\/p>\n\n\n\n<hr class=\"wp-block-separator has-alpha-channel-opacity\"\/>\n\n\n\n<h1 class=\"wp-block-heading\">6. Teologiczna wizja stoj\u0105ca za klasztorami<\/h1>\n\n\n\n<p>Z teologicznego punktu widzenia monastycyzm nie by\u0142 jedynie organizacj\u0105 spo\u0142eczn\u0105.<\/p>\n\n\n\n<p>By\u0142 <strong>radykaln\u0105 odpowiedzi\u0105 na Ewangeli\u0119<\/strong>.<\/p>\n\n\n\n<p>Jezus powiedzia\u0142:<\/p>\n\n\n\n<blockquote class=\"wp-block-quote is-layout-flow wp-block-quote-is-layout-flow\">\n<p>\u201eSzukajcie najpierw Kr\u00f3lestwa Bo\u017cego i Jego sprawiedliwo\u015bci.\u201d<br>(Mt 6,33)<\/p>\n<\/blockquote>\n\n\n\n<p>Mnisi potraktowali to polecenie dos\u0142ownie.<\/p>\n\n\n\n<p>Ich \u017cycie by\u0142o ukierunkowane na:<\/p>\n\n\n\n<ul class=\"wp-block-list\">\n<li>nieustann\u0105 modlitw\u0119<\/li>\n\n\n\n<li>nawr\u00f3cenie serca<\/li>\n\n\n\n<li>\u017cycie wsp\u00f3lnotowe<\/li>\n\n\n\n<li>pos\u0142usze\u0144stwo Bogu<\/li>\n<\/ul>\n\n\n\n<p>Teologia monastyczna postrzega\u0142a klasztor jako <strong>zapowied\u017a nieba<\/strong>.<\/p>\n\n\n\n<p>Miejsce, w kt\u00f3rym \u017cycie jest ca\u0142kowicie uporz\u0105dkowane ku Bogu.<\/p>\n\n\n\n<hr class=\"wp-block-separator has-alpha-channel-opacity\"\/>\n\n\n\n<h1 class=\"wp-block-heading\">7. Klasztor jako szko\u0142a \u015bwi\u0119to\u015bci<\/h1>\n\n\n\n<p>Klasztory by\u0142y r\u00f3wnie\u017c <strong>szko\u0142ami cn\u00f3t<\/strong>.<\/p>\n\n\n\n<p>W Regule \u015bwi\u0119tego Benedykta rozwijano podstawowe cnoty:<\/p>\n\n\n\n<ul class=\"wp-block-list\">\n<li>pokor\u0119<\/li>\n\n\n\n<li>pos\u0142usze\u0144stwo<\/li>\n\n\n\n<li>milczenie<\/li>\n\n\n\n<li>go\u015bcinno\u015b\u0107<\/li>\n\n\n\n<li>wewn\u0119trzn\u0105 dyscyplin\u0119<\/li>\n<\/ul>\n\n\n\n<p>Cnoty te nie by\u0142y przeznaczone wy\u0142\u0105cznie dla mnich\u00f3w.<\/p>\n\n\n\n<p>Z czasem sta\u0142y si\u0119 idea\u0142ami, kt\u00f3re ukszta\u0142towa\u0142y chrze\u015bcija\u0144sk\u0105 kultur\u0119 europejsk\u0105.<\/p>\n\n\n\n<p>Nawet dzi\u015b wiele zasad wsp\u00f3\u0142czesnego przyw\u00f3dztwa inspirowanych jest organizacj\u0105 monastyczn\u0105.<\/p>\n\n\n\n<hr class=\"wp-block-separator has-alpha-channel-opacity\"\/>\n\n\n\n<h1 class=\"wp-block-heading\">8. Dlaczego mo\u017cna powiedzie\u0107, \u017ce klasztory ocali\u0142y Europ\u0119?<\/h1>\n\n\n\n<p>Historycy i teologowie zgadzaj\u0105 si\u0119, \u017ce klasztory odegra\u0142y decyduj\u0105c\u0105 rol\u0119 w odbudowie Europy po upadku Rzymu.<\/p>\n\n\n\n<p>Dokona\u0142y tego na kilka sposob\u00f3w:<\/p>\n\n\n\n<h3 class=\"wp-block-heading\">1. Zachowa\u0142y staro\u017cytn\u0105 wiedz\u0119<\/h3>\n\n\n\n<p>Przez wieki przepisuj\u0105c manuskrypty.<\/p>\n\n\n\n<h3 class=\"wp-block-heading\">2. Ewangelizowa\u0142y kontynent<\/h3>\n\n\n\n<p>Poprzez sieci misyjne.<\/p>\n\n\n\n<h3 class=\"wp-block-heading\">3. Stabilizowa\u0142y spo\u0142ecze\u0144stwo<\/h3>\n\n\n\n<p>Tworz\u0105c zorganizowane wsp\u00f3lnoty.<\/p>\n\n\n\n<h3 class=\"wp-block-heading\">4. Rozwija\u0142y gospodark\u0119 wiejsk\u0105<\/h3>\n\n\n\n<p>Poprzez rolnictwo i technologi\u0119.<\/p>\n\n\n\n<h3 class=\"wp-block-heading\">5. Podtrzymywa\u0142y \u017cyw\u0105 wiar\u0119 chrze\u015bcija\u0144sk\u0105<\/h3>\n\n\n\n<p>Jako duchowe serce Europy.<\/p>\n\n\n\n<p>Z tego powodu niekt\u00f3rzy historycy m\u00f3wi\u0105 o <strong>\u201ewiekach monastycznych\u201d<\/strong>, kiedy \u017cycie monastyczne g\u0142\u0119boko ukszta\u0142towa\u0142o spo\u0142ecze\u0144stwo europejskie.<\/p>\n\n\n\n<hr class=\"wp-block-separator has-alpha-channel-opacity\"\/>\n\n\n\n<h1 class=\"wp-block-heading\">9. Duchowa lekcja dla naszych czas\u00f3w<\/h1>\n\n\n\n<p>Dzi\u015b r\u00f3wnie\u017c \u017cyjemy w czasie kryzysu kulturowego.<\/p>\n\n\n\n<p>Wielu ludzi ma poczucie, \u017ce wiara s\u0142abnie, kultura traci swoje korzenie, a spo\u0142ecze\u0144stwo przechodzi okres niepewno\u015bci.<\/p>\n\n\n\n<p>Pod wieloma wzgl\u0119dami nasze czasy przypominaj\u0105 V wiek.<\/p>\n\n\n\n<p>Co zrobili wtedy chrze\u015bcijanie?<\/p>\n\n\n\n<p>Nie pr\u00f3bowali zdominowa\u0107 \u015bwiata.<\/p>\n\n\n\n<p><strong>Budowali wierne wsp\u00f3lnoty.<\/strong><\/p>\n\n\n\n<p>Chrze\u015bcija\u0144skie rodziny.<br>Klasztory.<br>\u017bywe parafie.<\/p>\n\n\n\n<p>Z tych ma\u0142ych o\u015brodk\u00f3w wiary narodzi\u0142a si\u0119 nowa cywilizacja.<\/p>\n\n\n\n<hr class=\"wp-block-separator has-alpha-channel-opacity\"\/>\n\n\n\n<h1 class=\"wp-block-heading\">10. Jak \u017cy\u0107 dzi\u015b duchem monastycznym<\/h1>\n\n\n\n<p>Nawet je\u015bli nie jeste\u015bmy mnichami, mo\u017cemy zastosowa\u0107 monastyczn\u0105 m\u0105dro\u015b\u0107 w naszym codziennym \u017cyciu.<\/p>\n\n\n\n<h3 class=\"wp-block-heading\">1. Odzyska\u0107 cisz\u0119<\/h3>\n\n\n\n<p>\u017byjemy otoczeni cyfrowym ha\u0142asem.<\/p>\n\n\n\n<p>Mnisi przypominaj\u0105 nam, \u017ce <strong>cisza jest konieczna, aby us\u0142ysze\u0107 Boga<\/strong>.<\/p>\n\n\n\n<h3 class=\"wp-block-heading\">2. Ustanowi\u0107 rytm modlitwy<\/h3>\n\n\n\n<p>Mnisi modlili si\u0119 kilka razy dziennie.<\/p>\n\n\n\n<p>Mo\u017cemy zacz\u0105\u0107 od:<\/p>\n\n\n\n<ul class=\"wp-block-list\">\n<li>modlitwy rano<\/li>\n\n\n\n<li>kr\u00f3tkiej duchowej przerwy w po\u0142udnie<\/li>\n\n\n\n<li>rachunku sumienia wieczorem<\/li>\n<\/ul>\n\n\n\n<h3 class=\"wp-block-heading\">3. U\u015bwi\u0119ci\u0107 prac\u0119<\/h3>\n\n\n\n<p>Dla mnich\u00f3w praca nie by\u0142a tylko spraw\u0105 ekonomiczn\u0105.<\/p>\n\n\n\n<p>By\u0142a modlitw\u0105.<\/p>\n\n\n\n<p><strong>\u201eOra et labora\u201d.<\/strong><\/p>\n\n\n\n<h3 class=\"wp-block-heading\">4. Tworzy\u0107 ma\u0142e wsp\u00f3lnoty chrze\u015bcija\u0144skie<\/h3>\n\n\n\n<p>Rodzina, przyjaciele, parafia.<\/p>\n\n\n\n<p>Wiara jest znacznie silniejsza, gdy prze\u017cywa si\u0119 j\u0105 we wsp\u00f3lnocie.<\/p>\n\n\n\n<hr class=\"wp-block-separator has-alpha-channel-opacity\"\/>\n\n\n\n<h1 class=\"wp-block-heading\">11. Wewn\u0119trzny klasztor<\/h1>\n\n\n\n<p>Wielcy \u015bwi\u0119ci nauczali czego\u015b g\u0142\u0119bokiego:<\/p>\n\n\n\n<p>ka\u017cdy chrze\u015bcijanin jest powo\u0142any do budowania <strong>wewn\u0119trznego klasztoru<\/strong>.<\/p>\n\n\n\n<p>Miejsca w sercu, gdzie mieszka B\u00f3g.<\/p>\n\n\n\n<p>\u015awi\u0119ty Pawe\u0142 wyrazi\u0142 to tak:<\/p>\n\n\n\n<blockquote class=\"wp-block-quote is-layout-flow wp-block-quote-is-layout-flow\">\n<p>\u201eCzy\u017c nie wiecie, \u017ce jeste\u015bcie \u015bwi\u0105tyni\u0105 Boga?\u201d<br>(1 Kor 3,16)<\/p>\n<\/blockquote>\n\n\n\n<p>Gdy piel\u0119gnujemy modlitw\u0119, cisz\u0119 i mi\u0142o\u015b\u0107, ten wewn\u0119trzny klasztor zaczyna wzrasta\u0107.<\/p>\n\n\n\n<p>I z niego \u015bwiat mo\u017ce zosta\u0107 przemieniony.<\/p>\n\n\n\n<hr class=\"wp-block-separator has-alpha-channel-opacity\"\/>\n\n\n\n<h1 class=\"wp-block-heading\">Zako\u0144czenie: cicha rewolucja mnich\u00f3w<\/h1>\n\n\n\n<p>Historia klasztor\u00f3w przypomina nam co\u015b zaskakuj\u0105cego:<\/p>\n\n\n\n<p>Wielkie przemiany w historii nie zawsze rodz\u0105 si\u0119 z w\u0142adzy.<\/p>\n\n\n\n<p>Czasem rodz\u0105 si\u0119 z ciszy.<\/p>\n\n\n\n<p>Z ludzi, kt\u00f3rzy si\u0119 modl\u0105.<br>Ze wsp\u00f3lnot, kt\u00f3re pokornie pracuj\u0105.<br>Z os\u00f3b, kt\u00f3re wiernie szukaj\u0105 Boga.<\/p>\n\n\n\n<p>Mnisi nie zamierzali ratowa\u0107 cywilizacji.<\/p>\n\n\n\n<p>Chcieli tylko <strong>by\u0107 wierni Chrystusowi<\/strong>.<\/p>\n\n\n\n<p>I w\u0142a\u015bnie dlatego ostatecznie zmienili \u015bwiat.<\/p>\n\n\n\n<p>By\u0107 mo\u017ce dzi\u015b B\u00f3g prosi nas o co\u015b podobnego.<\/p>\n\n\n\n<p>Nie o podb\u00f3j kultury.<\/p>\n\n\n\n<p>Ale o <strong>g\u0142\u0119bokie \u017cycie wiar\u0105<\/strong>.<\/p>\n\n\n\n<p>Bo gdy ma\u0142a grupa chrze\u015bcijan naprawd\u0119 \u017cyje Ewangeli\u0105\u2026<\/p>\n\n\n\n<p>ca\u0142y bieg historii mo\u017ce si\u0119 zmieni\u0107.<\/p>\n","protected":false},"excerpt":{"rendered":"<p>Historia wiary, kultury i nadziei dla naszych czas\u00f3w Kiedy dzi\u015b spacerujemy po Europie \u2014 od ma\u0142ego wiejskiego ko\u015bcio\u0142a po wielk\u0105 katedr\u0119 \u2014 rzadko my\u015blimy o tym, \u017ce znaczna cz\u0119\u015b\u0107 naszej cywilizacji przetrwa\u0142a dzi\u0119ki wsp\u00f3lnotom m\u0119\u017cczyzn i kobiet, kt\u00f3rzy wybrali cisz\u0119, modlitw\u0119 i pokorn\u0105 prac\u0119. A jednak przez wieki kryzysu po upadku Cesarstwa Rzymskiego to w\u0142a\u015bnie &hellip;<\/p>\n","protected":false},"author":3,"featured_media":5282,"comment_status":"closed","ping_status":"closed","sticky":false,"template":"","format":"standard","meta":{"_seopress_robots_primary_cat":"","_seopress_titles_title":"","_seopress_titles_desc":"","_seopress_robots_index":"","footnotes":""},"categories":[38,48],"tags":[1725],"class_list":["post-5281","post","type-post","status-publish","format-standard","has-post-thumbnail","","category-historia-i-tradycja","category-historia-kosciola","tag-klasztory"],"_links":{"self":[{"href":"https:\/\/catholicus.eu\/pl\/wp-json\/wp\/v2\/posts\/5281","targetHints":{"allow":["GET"]}}],"collection":[{"href":"https:\/\/catholicus.eu\/pl\/wp-json\/wp\/v2\/posts"}],"about":[{"href":"https:\/\/catholicus.eu\/pl\/wp-json\/wp\/v2\/types\/post"}],"author":[{"embeddable":true,"href":"https:\/\/catholicus.eu\/pl\/wp-json\/wp\/v2\/users\/3"}],"replies":[{"embeddable":true,"href":"https:\/\/catholicus.eu\/pl\/wp-json\/wp\/v2\/comments?post=5281"}],"version-history":[{"count":1,"href":"https:\/\/catholicus.eu\/pl\/wp-json\/wp\/v2\/posts\/5281\/revisions"}],"predecessor-version":[{"id":5283,"href":"https:\/\/catholicus.eu\/pl\/wp-json\/wp\/v2\/posts\/5281\/revisions\/5283"}],"wp:featuredmedia":[{"embeddable":true,"href":"https:\/\/catholicus.eu\/pl\/wp-json\/wp\/v2\/media\/5282"}],"wp:attachment":[{"href":"https:\/\/catholicus.eu\/pl\/wp-json\/wp\/v2\/media?parent=5281"}],"wp:term":[{"taxonomy":"category","embeddable":true,"href":"https:\/\/catholicus.eu\/pl\/wp-json\/wp\/v2\/categories?post=5281"},{"taxonomy":"post_tag","embeddable":true,"href":"https:\/\/catholicus.eu\/pl\/wp-json\/wp\/v2\/tags?post=5281"}],"curies":[{"name":"wp","href":"https:\/\/api.w.org\/{rel}","templated":true}]}}