{"id":5278,"date":"2026-03-12T22:29:05","date_gmt":"2026-03-12T21:29:05","guid":{"rendered":"https:\/\/catholicus.eu\/pl\/?p=5278"},"modified":"2026-03-12T22:29:06","modified_gmt":"2026-03-12T21:29:06","slug":"upadek-cesarstwa-rzymskiego-i-narodziny-sredniowiecznego-papiestwa","status":"publish","type":"post","link":"https:\/\/catholicus.eu\/pl\/upadek-cesarstwa-rzymskiego-i-narodziny-sredniowiecznego-papiestwa\/","title":{"rendered":"Upadek Cesarstwa Rzymskiego i narodziny \u015bredniowiecznego papiestwa"},"content":{"rendered":"\n<h2 class=\"wp-block-heading\">Jak Ko\u015bci\u00f3\u0142 ocali\u0142 kultur\u0119 europejsk\u0105<\/h2>\n\n\n\n<p>Przez ca\u0142e stulecia Cesarstwo Rzymskie by\u0142o centrum znanego \u015bwiata. Jego drogi \u0142\u0105czy\u0142y kontynenty, jego prawo organizowa\u0142o ca\u0142e spo\u0142ecze\u0144stwa, a jego j\u0119zyk \u2014 \u0142acina \u2014 sta\u0142 si\u0119 no\u015bnikiem kultury, filozofii i administracji.<\/p>\n\n\n\n<p>Ale ka\u017cde ludzkie imperium ma sw\u00f3j koniec.<\/p>\n\n\n\n<p>Mi\u0119dzy IV a V wiekiem \u015bwiat rzymski zacz\u0105\u0142 si\u0119 rozpada\u0107. Najazdy, kryzysy polityczne, upadek moralny i chaos gospodarczy przyspieszy\u0142y upadek cywilizacji, kt\u00f3ra wydawa\u0142a si\u0119 wieczna.<\/p>\n\n\n\n<p>A jednak wydarzy\u0142o si\u0119 co\u015b niezwyk\u0142ego.<\/p>\n\n\n\n<p>Podczas gdy struktury polityczne imperium si\u0119 rozpada\u0142y, <strong>Ko\u015bci\u00f3\u0142 pozosta\u0142 niewzruszony<\/strong>.<\/p>\n\n\n\n<p>Co wi\u0119cej, nie tylko przetrwa\u0142: <strong>sta\u0142 si\u0119 filarem, kt\u00f3ry ocali\u0142 kultur\u0119 europejsk\u0105<\/strong>.<\/p>\n\n\n\n<p>W samym \u015brodku chaosu pojawi\u0142a si\u0119 posta\u0107, kt\u00f3ra mia\u0142a na zawsze zmieni\u0107 histori\u0119: Papie\u017c, nast\u0119pca Piotra, kt\u00f3ry stopniowo sta\u0142 si\u0119 duchowym, moralnym i kulturowym punktem odniesienia dla Europy.<\/p>\n\n\n\n<p>Ten moment historyczny nie by\u0142 jedynie zmian\u0105 polityczn\u0105.<br>By\u0142 <strong>opatrzno\u015bciowym momentem w historii zbawienia<\/strong>.<\/p>\n\n\n\n<hr class=\"wp-block-separator has-alpha-channel-opacity\"\/>\n\n\n\n<h1 class=\"wp-block-heading\">1. \u015awiat przed upadkiem: Rzym i rodz\u0105ce si\u0119 chrze\u015bcija\u0144stwo<\/h1>\n\n\n\n<p>Aby zrozumie\u0107 to, co si\u0119 wydarzy\u0142o, trzeba wyobrazi\u0107 sobie kontekst.<\/p>\n\n\n\n<p>W I wieku, kiedy rodzi si\u0119 Ko\u015bci\u00f3\u0142, Cesarstwo Rzymskie panowa\u0142o nad:<\/p>\n\n\n\n<ul class=\"wp-block-list\">\n<li>Europ\u0105<\/li>\n\n\n\n<li>Afryk\u0105 P\u00f3\u0142nocn\u0105<\/li>\n\n\n\n<li>Bliskim Wschodem<\/li>\n<\/ul>\n\n\n\n<p>Rzymskie miasta by\u0142y po\u0142\u0105czone <strong>80 000 kilometrami dr\u00f3g<\/strong> oraz scentralizowanym systemem administracyjnym.<\/p>\n\n\n\n<p>Paradoksalnie <strong>imperium, kt\u00f3re prze\u015bladowa\u0142o chrze\u015bcijan, by\u0142o tak\u017ce narz\u0119dziem, kt\u00f3re umo\u017cliwi\u0142o rozprzestrzenienie si\u0119 Ewangelii<\/strong>.<\/p>\n\n\n\n<p>Aposto\u0142owie podr\u00f3\u017cowali rzymskimi drogami.<br>Listy pierwszych chrze\u015bcijan kr\u0105\u017cy\u0142y dzi\u0119ki cesarskiemu systemowi pocztowemu.<\/p>\n\n\n\n<p>Sam \u015bw. Pawe\u0142 by\u0142 <strong>obywatelem rzymskim<\/strong>, co pozwoli\u0142o mu odwo\u0142a\u0107 si\u0119 do cesarza.<\/p>\n\n\n\n<p>Ale Rzym mia\u0142 g\u0142\u0119boki problem.<\/p>\n\n\n\n<p>Jego kryzys nie by\u0142 jedynie polityczny czy militarny.<br>By\u0142 to <strong>kryzys duchowy<\/strong>.<\/p>\n\n\n\n<hr class=\"wp-block-separator has-alpha-channel-opacity\"\/>\n\n\n\n<h1 class=\"wp-block-heading\">2. Moralny upadek Rzymu<\/h1>\n\n\n\n<p>Wielu historyk\u00f3w zgadza si\u0119, \u017ce upadek Rzymu zacz\u0105\u0142 si\u0119 na d\u0142ugo przed jego politycznym ko\u0144cem.<\/p>\n\n\n\n<p>Spo\u0142ecze\u0144stwo rzymskie wesz\u0142o w okres:<\/p>\n\n\n\n<ul class=\"wp-block-list\">\n<li>korupcji politycznej<\/li>\n\n\n\n<li>moralnej dekadencji<\/li>\n\n\n\n<li>kultu w\u0142adzy<\/li>\n\n\n\n<li>relatywizmu religijnego<\/li>\n<\/ul>\n\n\n\n<p>Rzymski historyk <strong>Sallust<\/strong> ju\u017c wieki wcze\u015bniej ostrzega\u0142:<\/p>\n\n\n\n<blockquote class=\"wp-block-quote is-layout-flow wp-block-quote-is-layout-flow\">\n<p>\u201eGdy zanik\u0142a mi\u0142o\u015b\u0107 do ojczyzny i cnoty, chciwo\u015b\u0107 i ambicja ogarn\u0119\u0142y wszystko.\u201d<\/p>\n<\/blockquote>\n\n\n\n<p>Kultura rzymska zacz\u0119\u0142a traci\u0107 sens.<\/p>\n\n\n\n<p>W tym kontek\u015bcie chrze\u015bcija\u0144stwo oferowa\u0142o co\u015b rewolucyjnego:<\/p>\n\n\n\n<ul class=\"wp-block-list\">\n<li>godno\u015b\u0107 ka\u017cdej osoby<\/li>\n\n\n\n<li>r\u00f3wno\u015b\u0107 wobec Boga<\/li>\n\n\n\n<li>obiektywn\u0105 moralno\u015b\u0107<\/li>\n\n\n\n<li>nadziej\u0119 wieczn\u0105<\/li>\n<\/ul>\n\n\n\n<p>Dlatego Ewangelia rozprzestrzenia\u0142a si\u0119 z tak\u0105 si\u0142\u0105.<\/p>\n\n\n\n<hr class=\"wp-block-separator has-alpha-channel-opacity\"\/>\n\n\n\n<h1 class=\"wp-block-heading\">3. Upadek Cesarstwa Zachodniorzymskiego<\/h1>\n\n\n\n<p>Ostateczny cios nast\u0105pi\u0142 w roku 476.<\/p>\n\n\n\n<p>W tym roku germa\u0144ski przyw\u00f3dca <strong>Odoacer<\/strong> zdetronizowa\u0142 ostatniego cesarza zachodniorzymskiego, <strong>Romulus Augustulus<\/strong>.<\/p>\n\n\n\n<p>Rzym przesta\u0142 rz\u0105dzi\u0107 Europ\u0105.<\/p>\n\n\n\n<p>Mapa podzieli\u0142a si\u0119 na kr\u00f3lestwa germa\u0144skie:<\/p>\n\n\n\n<ul class=\"wp-block-list\">\n<li>Wizygot\u00f3w<\/li>\n\n\n\n<li>Ostrogot\u00f3w<\/li>\n\n\n\n<li>Longobard\u00f3w<\/li>\n\n\n\n<li>Frank\u00f3w<\/li>\n<\/ul>\n\n\n\n<p>Instytucje rzymskie si\u0119 rozpad\u0142y:<\/p>\n\n\n\n<ul class=\"wp-block-list\">\n<li>armia znikn\u0119\u0142a<\/li>\n\n\n\n<li>administracja si\u0119 rozpad\u0142a<\/li>\n\n\n\n<li>handel drastycznie si\u0119 zmniejszy\u0142<\/li>\n<\/ul>\n\n\n\n<p>Europa wesz\u0142a w okres niepewno\u015bci, kt\u00f3ry p\u00f3\u017aniej nazwano <strong>Wczesnym \u015aredniowieczem<\/strong>.<\/p>\n\n\n\n<p>Jednak po\u015br\u00f3d chaosu jedna instytucja nadal funkcjonowa\u0142a.<\/p>\n\n\n\n<p>Ko\u015bci\u00f3\u0142.<\/p>\n\n\n\n<hr class=\"wp-block-separator has-alpha-channel-opacity\"\/>\n\n\n\n<h1 class=\"wp-block-heading\">4. Papie\u017c jako figura stabilno\u015bci<\/h1>\n\n\n\n<p>Podczas gdy cesarze i kr\u00f3lowie upadali, biskup Rzymu trwa\u0142.<\/p>\n\n\n\n<p>Papie\u017ce zacz\u0119li przejmowa\u0107 obowi\u0105zki, kt\u00f3re wcze\u015bniej nale\u017ca\u0142y do imperium:<\/p>\n\n\n\n<ul class=\"wp-block-list\">\n<li>mediacj\u0119 polityczn\u0105<\/li>\n\n\n\n<li>pomoc ubogim<\/li>\n\n\n\n<li>obron\u0119 miasta<\/li>\n\n\n\n<li>organizacj\u0119 spo\u0142eczn\u0105<\/li>\n<\/ul>\n\n\n\n<p>Jednym z najbardziej znanych przyk\u0142ad\u00f3w by\u0142 <strong>Leo I<\/strong>.<\/p>\n\n\n\n<p>W roku 452 spotka\u0142 si\u0119 on z <strong>Attila<\/strong>, kt\u00f3ry z armi\u0105 zbli\u017ca\u0142 si\u0119 do Rzymu.<\/p>\n\n\n\n<p>Tradycja opowiada, \u017ce papie\u017c przekona\u0142 go, aby nie atakowa\u0142 miasta.<\/p>\n\n\n\n<p>Niezale\u017cnie od szczeg\u00f3\u0142\u00f3w historycznych, najwa\u017cniejsze jest to, co to wydarzenie symbolizuje:<\/p>\n\n\n\n<p><strong>gdy znikn\u0119\u0142a w\u0142adza polityczna, moralne przyw\u00f3dztwo Ko\u015bcio\u0142a pozosta\u0142o<\/strong>.<\/p>\n\n\n\n<hr class=\"wp-block-separator has-alpha-channel-opacity\"\/>\n\n\n\n<h1 class=\"wp-block-heading\">5. Narodziny \u015bredniowiecznego papiestwa<\/h1>\n\n\n\n<p>W kolejnych stuleciach papie\u017c zacz\u0105\u0142 odgrywa\u0107 coraz szersz\u0105 rol\u0119.<\/p>\n\n\n\n<p>Nie jako cesarz, lecz jako <strong>duchowy ojciec Europy<\/strong>.<\/p>\n\n\n\n<p>Papiestwo sta\u0142o si\u0119:<\/p>\n\n\n\n<ul class=\"wp-block-list\">\n<li>moralnym arbitrem mi\u0119dzy kr\u00f3lami<\/li>\n\n\n\n<li>obro\u0144c\u0105 ubogich<\/li>\n\n\n\n<li>stra\u017cnikiem kultury klasycznej<\/li>\n<\/ul>\n\n\n\n<p>Kluczow\u0105 postaci\u0105 tej przemiany by\u0142 <strong>Gregory I<\/strong>.<\/p>\n\n\n\n<p>Podczas jego pontyfikatu (590\u2013604):<\/p>\n\n\n\n<ul class=\"wp-block-list\">\n<li>zorganizowano pomoc dla ubogich<\/li>\n\n\n\n<li>zreformowano liturgi\u0119<\/li>\n\n\n\n<li>wspierano ewangelizacj\u0119 Europy<\/li>\n<\/ul>\n\n\n\n<p>To on wys\u0142a\u0142 misjonarzy do Anglii.<\/p>\n\n\n\n<p>W\u015br\u00f3d nich by\u0142 <strong>Augustine of Canterbury<\/strong>.<\/p>\n\n\n\n<p>Tak rozpocz\u0119\u0142a si\u0119 chrystianizacja lud\u00f3w germa\u0144skich.<\/p>\n\n\n\n<hr class=\"wp-block-separator has-alpha-channel-opacity\"\/>\n\n\n\n<h1 class=\"wp-block-heading\">6. Klasztory: stra\u017cnicy kultury<\/h1>\n\n\n\n<p>Podczas gdy Europa cierpia\u0142a z powodu wojen i kryzys\u00f3w, klasztory sta\u0142y si\u0119 <strong>schronieniem dla kultury<\/strong>.<\/p>\n\n\n\n<p>Wielkim bohaterem tej duchowej rewolucji by\u0142 <strong>Benedict of Nursia<\/strong>.<\/p>\n\n\n\n<p>Za\u0142o\u017cy\u0142 zachodni monastycyzm dzi\u0119ki swojej s\u0142ynnej regule:<\/p>\n\n\n\n<p><strong>\u201eOra et labora\u201d \u2014 m\u00f3dl si\u0119 i pracuj.<\/strong><\/p>\n\n\n\n<p>Mnisi benedykty\u0144scy zrobili co\u015b, co zmieni\u0142o histori\u0119:<\/p>\n\n\n\n<p>kopiowali ksi\u0119gi.<\/p>\n\n\n\n<p>W klasztornych skryptoriach przepisywali:<\/p>\n\n\n\n<ul class=\"wp-block-list\">\n<li>Bibli\u0119<\/li>\n\n\n\n<li>pisma Ojc\u00f3w Ko\u015bcio\u0142a<\/li>\n\n\n\n<li>klasyczne dzie\u0142a filozoficzne<\/li>\n\n\n\n<li>literatur\u0119 \u0142aci\u0144sk\u0105<\/li>\n<\/ul>\n\n\n\n<p>Bez klasztor\u00f3w znaczna cz\u0119\u015b\u0107 staro\u017cytnej wiedzy znikn\u0119\u0142aby na zawsze.<\/p>\n\n\n\n<p>Europa <strong>odrodzi\u0142a si\u0119 kulturowo dzi\u0119ki mnichom<\/strong>.<\/p>\n\n\n\n<hr class=\"wp-block-separator has-alpha-channel-opacity\"\/>\n\n\n\n<h1 class=\"wp-block-heading\">7. Wizja teologiczna: B\u00f3g rz\u0105dzi histori\u0105<\/h1>\n\n\n\n<p>Z chrze\u015bcija\u0144skiej perspektywy te wydarzenia nie s\u0105 jedynie histori\u0105 polityczn\u0105.<\/p>\n\n\n\n<p>S\u0105 cz\u0119\u015bci\u0105 <strong>Bo\u017cej Opatrzno\u015bci<\/strong>.<\/p>\n\n\n\n<p>B\u00f3g dopu\u015bci\u0142 upadek jednego imperium, aby powsta\u0142a nowa cywilizacja: <strong>Chrze\u015bcija\u0144stwo jako cywilizacja \u2014 Christianitas<\/strong>.<\/p>\n\n\n\n<p>Jak m\u00f3wi Pismo:<\/p>\n\n\n\n<blockquote class=\"wp-block-quote is-layout-flow wp-block-quote-is-layout-flow\">\n<p>\u201eOn zmienia czasy i chwile;<br>usuwa kr\u00f3l\u00f3w i ustanawia kr\u00f3l\u00f3w.\u201d<br>(Daniel 2,21)<\/p>\n<\/blockquote>\n\n\n\n<p>Ko\u015bci\u00f3\u0142 zrozumia\u0142, \u017ce jego misja nie zale\u017cy od ludzkich imperi\u00f3w.<\/p>\n\n\n\n<p>Jego misja jest wieczna.<\/p>\n\n\n\n<p>Chrystus obieca\u0142:<\/p>\n\n\n\n<blockquote class=\"wp-block-quote is-layout-flow wp-block-quote-is-layout-flow\">\n<p>\u201eBramy piekielne jej nie przemog\u0105.\u201d<br>(Mateusz 16,18)<\/p>\n<\/blockquote>\n\n\n\n<p>Historia to potwierdzi\u0142a.<\/p>\n\n\n\n<hr class=\"wp-block-separator has-alpha-channel-opacity\"\/>\n\n\n\n<h1 class=\"wp-block-heading\">8. Europa rodzi si\u0119 chrze\u015bcija\u0144ska<\/h1>\n\n\n\n<p>W kolejnych wiekach Ko\u015bci\u00f3\u0142 ewangelizowa\u0142 ludy germa\u0144skie.<\/p>\n\n\n\n<p>Barbarzy\u0144scy kr\u00f3lowie przyjmowali chrze\u015bcija\u0144stwo.<\/p>\n\n\n\n<p>Jednym z najwa\u017cniejszych moment\u00f3w by\u0142 chrzest <strong>Clovis I<\/strong>, kr\u00f3la Frank\u00f3w, w roku 496.<\/p>\n\n\n\n<p>To wydarzenie zapocz\u0105tkowa\u0142o sojusz mi\u0119dzy wiar\u0105 chrze\u015bcija\u0144sk\u0105 a budow\u0105 Europy.<\/p>\n\n\n\n<p>Z tego korzenia powsta\u0142y:<\/p>\n\n\n\n<ul class=\"wp-block-list\">\n<li>uniwersytety<\/li>\n\n\n\n<li>szpitale<\/li>\n\n\n\n<li>katedry<\/li>\n\n\n\n<li>sztuka chrze\u015bcija\u0144ska<\/li>\n\n\n\n<li>prawo naturalne<\/li>\n<\/ul>\n\n\n\n<p>Europa nie by\u0142a jedynie kontynentem geograficznym.<\/p>\n\n\n\n<p>By\u0142a <strong>cywilizacj\u0105 chrze\u015bcija\u0144sk\u0105<\/strong>.<\/p>\n\n\n\n<hr class=\"wp-block-separator has-alpha-channel-opacity\"\/>\n\n\n\n<h1 class=\"wp-block-heading\">9. Lekcja dla naszych czas\u00f3w<\/h1>\n\n\n\n<p>Dzi\u015b wielu m\u00f3wi o \u201ekryzysie cywilizacji\u201d.<\/p>\n\n\n\n<p>Niekt\u00f3rzy historycy por\u00f3wnuj\u0105 nawet nasz\u0105 epok\u0119 do ostatnich wiek\u00f3w Rzymu.<\/p>\n\n\n\n<p>Widzimy podobne zjawiska:<\/p>\n\n\n\n<ul class=\"wp-block-list\">\n<li>relatywizm moralny<\/li>\n\n\n\n<li>kryzys demograficzny<\/li>\n\n\n\n<li>upadek kultury<\/li>\n\n\n\n<li>utrat\u0119 to\u017csamo\u015bci<\/li>\n<\/ul>\n\n\n\n<p>Historia upadku Rzymu uczy nas czego\u015b g\u0142\u0119bokiego:<\/p>\n\n\n\n<p><strong>gdy cywilizacja traci swoj\u0105 dusz\u0119, zaczyna si\u0119 rozpada\u0107<\/strong>.<\/p>\n\n\n\n<p>Ale uczy nas tak\u017ce czego\u015b pe\u0142nego nadziei.<\/p>\n\n\n\n<p>B\u00f3g mo\u017ce wzbudzi\u0107 co\u015b nowego.<\/p>\n\n\n\n<p>Ko\u015bci\u00f3\u0142 przetrwa\u0142 Cesarstwo Rzymskie.<\/p>\n\n\n\n<p>Przetrwa tak\u017ce ka\u017cdy wsp\u00f3\u0142czesny kryzys.<\/p>\n\n\n\n<hr class=\"wp-block-separator has-alpha-channel-opacity\"\/>\n\n\n\n<h1 class=\"wp-block-heading\">10. Zastosowania duchowe w codziennym \u017cyciu<\/h1>\n\n\n\n<p>Historia nie jest jedynie opowie\u015bci\u0105 o przesz\u0142o\u015bci.<\/p>\n\n\n\n<p>Jest tak\u017ce <strong>przewodnikiem dla naszego \u017cycia chrze\u015bcija\u0144skiego<\/strong>.<\/p>\n\n\n\n<p>Oto kilka konkretnych lekcji.<\/p>\n\n\n\n<h3 class=\"wp-block-heading\">1. Wiara musi podtrzymywa\u0107 kultur\u0119<\/h3>\n\n\n\n<p>Chrze\u015bcijanie nie s\u0105 powo\u0142ani do prze\u017cywania swojej wiary jedynie prywatnie.<\/p>\n\n\n\n<p>Jeste\u015bmy powo\u0142ani, aby <strong>przemienia\u0107 spo\u0142ecze\u0144stwo<\/strong>.<\/p>\n\n\n\n<p>Jak m\u00f3wi Jezus:<\/p>\n\n\n\n<blockquote class=\"wp-block-quote is-layout-flow wp-block-quote-is-layout-flow\">\n<p>\u201eWy jeste\u015bcie \u015bwiat\u0142em \u015bwiata.\u201d<br>(Mateusz 5,14)<\/p>\n<\/blockquote>\n\n\n\n<hr class=\"wp-block-separator has-alpha-channel-opacity\"\/>\n\n\n\n<h3 class=\"wp-block-heading\">2. \u015awi\u0119to\u015b\u0107 zmienia histori\u0119<\/h3>\n\n\n\n<p>Europa nie zosta\u0142a ocalona przez armie.<\/p>\n\n\n\n<p>Zosta\u0142a przemieniona przez \u015bwi\u0119tych:<\/p>\n\n\n\n<ul class=\"wp-block-list\">\n<li>mnich\u00f3w<\/li>\n\n\n\n<li>misjonarzy<\/li>\n\n\n\n<li>biskup\u00f3w<\/li>\n\n\n\n<li>papie\u017cy<\/li>\n<\/ul>\n\n\n\n<p>Historia pokazuje, \u017ce <strong>jeden \u015bwi\u0119ty mo\u017ce zmieni\u0107 \u015bwiat<\/strong>.<\/p>\n\n\n\n<hr class=\"wp-block-separator has-alpha-channel-opacity\"\/>\n\n\n\n<h3 class=\"wp-block-heading\">3. Kultura zaczyna si\u0119 w domu<\/h3>\n\n\n\n<p>Klasztory ocali\u0142y kultur\u0119, kopiuj\u0105c ksi\u0119gi.<\/p>\n\n\n\n<p>Dzisiaj odpowiednikiem mo\u017ce by\u0107:<\/p>\n\n\n\n<ul class=\"wp-block-list\">\n<li>przekazywanie wiary dzieciom<\/li>\n\n\n\n<li>czytanie Biblii w rodzinie<\/li>\n\n\n\n<li>przekazywanie warto\u015bci chrze\u015bcija\u0144skich<\/li>\n<\/ul>\n\n\n\n<p>Ka\u017cda chrze\u015bcija\u0144ska rodzina mo\u017ce sta\u0107 si\u0119 <strong>ma\u0142ym domowym klasztorem<\/strong>.<\/p>\n\n\n\n<hr class=\"wp-block-separator has-alpha-channel-opacity\"\/>\n\n\n\n<h1 class=\"wp-block-heading\">11. Przes\u0142anie nadziei<\/h1>\n\n\n\n<p>Upadek Cesarstwa Rzymskiego wydawa\u0142 si\u0119 ko\u0144cem cywilizacji.<\/p>\n\n\n\n<p>W rzeczywisto\u015bci by\u0142 jednak <strong>narodzinami nowej chrze\u015bcija\u0144skiej Europy<\/strong>.<\/p>\n\n\n\n<p>Historia ukazuje g\u0142\u0119bok\u0105 prawd\u0119:<\/p>\n\n\n\n<p>B\u00f3g pisze prosto na krzywych liniach.<\/p>\n\n\n\n<p>W chwilach najwi\u0119kszej ciemno\u015bci Pan wzbudza \u015bwi\u0119tych, przyw\u00f3dc\u00f3w i wsp\u00f3lnoty, kt\u00f3re odbudowuj\u0105 \u015bwiat.<\/p>\n\n\n\n<p>By\u0107 mo\u017ce dzi\u015b prze\u017cywamy podobny moment.<\/p>\n\n\n\n<p>A by\u0107 mo\u017ce pytanie nie jest tylko historyczne.<\/p>\n\n\n\n<p>Pytanie jest osobiste:<\/p>\n\n\n\n<p><strong>Czy b\u0119dziemy cz\u0119\u015bci\u0105 upadku\u2026 czy cz\u0119\u015bci\u0105 chrze\u015bcija\u0144skiej odbudowy kultury?<\/strong><\/p>\n\n\n\n<p>Bo ostatecznie historia Europy nie zosta\u0142a ocalona w cesarskich pa\u0142acach.<\/p>\n\n\n\n<p>Zosta\u0142a ocalona w:<\/p>\n\n\n\n<ul class=\"wp-block-list\">\n<li>ma\u0142ych ko\u015bcio\u0142ach<\/li>\n\n\n\n<li>skromnych klasztorach<\/li>\n\n\n\n<li>nawr\u00f3conych sercach<\/li>\n<\/ul>\n\n\n\n<p>I to pozostaje prawd\u0105 tak\u017ce dzisiaj.<\/p>\n\n\n\n<p>Jak napisa\u0142 <strong>Augustine of Hippo<\/strong>:<\/p>\n\n\n\n<blockquote class=\"wp-block-quote is-layout-flow wp-block-quote-is-layout-flow\">\n<p>\u201eDwie mi\u0142o\u015bci stworzy\u0142y dwa pa\u0144stwa:<br>mi\u0142o\u015b\u0107 Boga a\u017c do pogardy siebie,<br>oraz mi\u0142o\u015b\u0107 siebie a\u017c do pogardy Boga.\u201d<\/p>\n<\/blockquote>\n\n\n\n<p>Historia Europy by\u0142a w istocie <strong>histori\u0105 tej duchowej walki<\/strong>.<\/p>\n\n\n\n<p>A ta walka trwa nadal\u2026 w ka\u017cdym z nas.<\/p>\n","protected":false},"excerpt":{"rendered":"<p>Jak Ko\u015bci\u00f3\u0142 ocali\u0142 kultur\u0119 europejsk\u0105 Przez ca\u0142e stulecia Cesarstwo Rzymskie by\u0142o centrum znanego \u015bwiata. Jego drogi \u0142\u0105czy\u0142y kontynenty, jego prawo organizowa\u0142o ca\u0142e spo\u0142ecze\u0144stwa, a jego j\u0119zyk \u2014 \u0142acina \u2014 sta\u0142 si\u0119 no\u015bnikiem kultury, filozofii i administracji. Ale ka\u017cde ludzkie imperium ma sw\u00f3j koniec. Mi\u0119dzy IV a V wiekiem \u015bwiat rzymski zacz\u0105\u0142 si\u0119 rozpada\u0107. Najazdy, kryzysy &hellip;<\/p>\n","protected":false},"author":3,"featured_media":5279,"comment_status":"closed","ping_status":"closed","sticky":false,"template":"","format":"standard","meta":{"_seopress_robots_primary_cat":"","_seopress_titles_title":"","_seopress_titles_desc":"","_seopress_robots_index":"","footnotes":""},"categories":[38,48],"tags":[],"class_list":["post-5278","post","type-post","status-publish","format-standard","has-post-thumbnail","","category-historia-i-tradycja","category-historia-kosciola"],"_links":{"self":[{"href":"https:\/\/catholicus.eu\/pl\/wp-json\/wp\/v2\/posts\/5278","targetHints":{"allow":["GET"]}}],"collection":[{"href":"https:\/\/catholicus.eu\/pl\/wp-json\/wp\/v2\/posts"}],"about":[{"href":"https:\/\/catholicus.eu\/pl\/wp-json\/wp\/v2\/types\/post"}],"author":[{"embeddable":true,"href":"https:\/\/catholicus.eu\/pl\/wp-json\/wp\/v2\/users\/3"}],"replies":[{"embeddable":true,"href":"https:\/\/catholicus.eu\/pl\/wp-json\/wp\/v2\/comments?post=5278"}],"version-history":[{"count":1,"href":"https:\/\/catholicus.eu\/pl\/wp-json\/wp\/v2\/posts\/5278\/revisions"}],"predecessor-version":[{"id":5280,"href":"https:\/\/catholicus.eu\/pl\/wp-json\/wp\/v2\/posts\/5278\/revisions\/5280"}],"wp:featuredmedia":[{"embeddable":true,"href":"https:\/\/catholicus.eu\/pl\/wp-json\/wp\/v2\/media\/5279"}],"wp:attachment":[{"href":"https:\/\/catholicus.eu\/pl\/wp-json\/wp\/v2\/media?parent=5278"}],"wp:term":[{"taxonomy":"category","embeddable":true,"href":"https:\/\/catholicus.eu\/pl\/wp-json\/wp\/v2\/categories?post=5278"},{"taxonomy":"post_tag","embeddable":true,"href":"https:\/\/catholicus.eu\/pl\/wp-json\/wp\/v2\/tags?post=5278"}],"curies":[{"name":"wp","href":"https:\/\/api.w.org\/{rel}","templated":true}]}}