{"id":5275,"date":"2026-03-12T22:03:03","date_gmt":"2026-03-12T21:03:03","guid":{"rendered":"https:\/\/catholicus.eu\/pl\/?p=5275"},"modified":"2026-03-12T22:03:03","modified_gmt":"2026-03-12T21:03:03","slug":"1622-dzien-w-ktorym-pieciu-gigantow-swietosci-wspolnie-wstapilo-na-oltarze","status":"publish","type":"post","link":"https:\/\/catholicus.eu\/pl\/1622-dzien-w-ktorym-pieciu-gigantow-swietosci-wspolnie-wstapilo-na-oltarze\/","title":{"rendered":"1622: Dzie\u0144, w kt\u00f3rym pi\u0119ciu gigant\u00f3w \u015bwi\u0119to\u015bci wsp\u00f3lnie wst\u0105pi\u0142o na o\u0142tarze"},"content":{"rendered":"\n<p>12 marca 1622 roku wydarzy\u0142o si\u0119 co\u015b, czego \u015bwiat chrze\u015bcija\u0144ski nigdy wcze\u015bniej nie widzia\u0142. Podczas uroczystej ceremonii w Rzymie pi\u0119ciu niezwyk\u0142ych m\u0119\u017cczyzn i kobiet zosta\u0142o og\u0142oszonych \u015bwi\u0119tymi <strong>w tym samym czasie<\/strong>. Tego dnia mia\u0142a miejsce <strong>pierwsza wielka zbiorowa kanonizacja w historii Ko\u015bcio\u0142a<\/strong>.<\/p>\n\n\n\n<p>Nowi \u015bwi\u0119ci byli bardzo r\u00f3\u017cni: ch\u0142op z Madrytu, mistyczna reformatorka, za\u0142o\u017cyciel zakonu, misjonarz, kt\u00f3ry przemierzy\u0142 po\u0142ow\u0119 \u015bwiata, oraz ksi\u0105dz, kt\u00f3ry zrewolucjonizowa\u0142 \u017cycie duchowe Rzymu. Jednak wszyscy dzielili to, co najwa\u017cniejsze: <strong>\u017cycie ca\u0142kowicie oddane Bogu<\/strong>.<\/p>\n\n\n\n<p>Bohaterami tego historycznego momentu byli:<\/p>\n\n\n\n<ul class=\"wp-block-list\">\n<li><strong>\u015awi\u0119ty Izydor Oracz (San Isidro Labrador)<\/strong><\/li>\n\n\n\n<li><strong>\u015awi\u0119ta Teresa z Jezusa<\/strong><\/li>\n\n\n\n<li><strong>\u015awi\u0119ty Ignacy Loyola<\/strong><\/li>\n\n\n\n<li><strong>\u015awi\u0119ty Franciszek Ksawery<\/strong><\/li>\n\n\n\n<li><strong>\u015awi\u0119ty Filip Neri<\/strong><\/li>\n<\/ul>\n\n\n\n<p>Ta wsp\u00f3lna kanonizacja nie by\u0142a jedynie aktem liturgicznym. By\u0142a <strong>przes\u0142aniem teologicznym, duszpasterskim i duchowym dla ca\u0142ego Ko\u015bcio\u0142a<\/strong>. Cztery wieki p\u00f3\u017aniej wci\u0105\u017c ma ogromne znaczenie dla wsp\u00f3\u0142czesnych chrze\u015bcijan.<\/p>\n\n\n\n<p>Ten artyku\u0142 ma na celu pom\u00f3c zrozumie\u0107, <strong>co naprawd\u0119 wydarzy\u0142o si\u0119 tego dnia, dlaczego by\u0142o to tak wa\u017cne i czego mo\u017ce nas nauczy\u0107 o \u017cyciu wiary w XXI wieku<\/strong>.<\/p>\n\n\n\n<hr class=\"wp-block-separator has-alpha-channel-opacity\"\/>\n\n\n\n<h1 class=\"wp-block-heading\">Bezprecedensowe wydarzenie w historii Ko\u015bcio\u0142a<\/h1>\n\n\n\n<h2 class=\"wp-block-heading\">Kontekst historyczny: Ko\u015bci\u00f3\u0142 w odnowie<\/h2>\n\n\n\n<p>Na pocz\u0105tku XVII wieku Ko\u015bci\u00f3\u0142 katolicki przechodzi\u0142 kluczowy moment. Po ranach Reformacji protestanckiej <strong>Sob\u00f3r Trydencki (1545\u20131563)<\/strong> wprowadzi\u0142 g\u0142\u0119bok\u0105 odnow\u0119 duchow\u0105, doktrynaln\u0105 i duszpastersk\u0105.<\/p>\n\n\n\n<p>Potrzebne by\u0142y <strong>\u017cywe wzorce \u015bwi\u0119to\u015bci<\/strong>, konkretne przyk\u0142ady pokazuj\u0105ce \u015bwiatu, \u017ce Ewangelia nadal przemienia \u017cycie ludzi.<\/p>\n\n\n\n<p>Kanonizacja z 1622 roku odpowiedzia\u0142a dok\u0142adnie na t\u0119 potrzeb\u0119.<\/p>\n\n\n\n<p>Papie\u017c <strong>Grzegorz XV<\/strong> postanowi\u0142 wynie\u015b\u0107 na o\u0142tarze pi\u0119\u0107 postaci, kt\u00f3re reprezentowa\u0142y <strong>r\u00f3\u017cne drogi do \u015bwi\u0119to\u015bci<\/strong>:<\/p>\n\n\n\n<ul class=\"wp-block-list\">\n<li>\u017cycie rodzinne i codzienna praca<\/li>\n\n\n\n<li>\u017cycie mistyczne<\/li>\n\n\n\n<li>reforma Ko\u015bcio\u0142a<\/li>\n\n\n\n<li>ewangelizacja misyjna<\/li>\n\n\n\n<li>duszpasterstwo miejskie<\/li>\n<\/ul>\n\n\n\n<p>W pewnym sensie by\u0142 to <strong>pe\u0142ny portret \u017cywego Ko\u015bcio\u0142a<\/strong>.<\/p>\n\n\n\n<hr class=\"wp-block-separator has-alpha-channel-opacity\"\/>\n\n\n\n<h1 class=\"wp-block-heading\">Pi\u0119\u0107 r\u00f3\u017cnych dr\u00f3g do \u015bwi\u0119to\u015bci<\/h1>\n\n\n\n<h2 class=\"wp-block-heading\">\u015awi\u0119ty Izydor Oracz: \u015bwi\u0119to\u015b\u0107 w codziennym \u017cyciu<\/h2>\n\n\n\n<p>\u015awi\u0119ty Izydor \u017cy\u0142 <strong>w Madrycie w XII wieku<\/strong> i by\u0142 zwyk\u0142ym rolnikiem. Nie zak\u0142ada\u0142 zakon\u00f3w ani nie pisa\u0142 ksi\u0105\u017cek duchowych. Jego \u017cycie wydawa\u0142o si\u0119 proste: praca, rodzina, modlitwa.<\/p>\n\n\n\n<p>Jednak za t\u0105 prostot\u0105 kry\u0142o si\u0119 g\u0142\u0119bokie \u017cycie wewn\u0119trzne.<\/p>\n\n\n\n<p>Tradycja m\u00f3wi, \u017ce podczas modlitwy <strong>anio\u0142owie orali jego pola za niego<\/strong>. Poza symbolicznym znaczeniem tej opowie\u015bci przes\u0142anie jest jasne: <strong>B\u00f3g dzia\u0142a w \u017cyciu tego, kto stawia Go w centrum<\/strong>.<\/p>\n\n\n\n<p>\u015awi\u0119ty Izydor przypomina nam, \u017ce \u015bwi\u0119to\u015b\u0107 <strong>nie jest zarezerwowana tylko dla klasztor\u00f3w czy wielkich teolog\u00f3w<\/strong>.<\/p>\n\n\n\n<p>Znajduje si\u0119 r\u00f3wnie\u017c:<\/p>\n\n\n\n<ul class=\"wp-block-list\">\n<li>w uczciwej pracy<\/li>\n\n\n\n<li>w \u017cyciu rodzinnym<\/li>\n\n\n\n<li>w codziennej wierno\u015bci<\/li>\n<\/ul>\n\n\n\n<p>To \u015bwi\u0119to\u015b\u0107 zwyczajnego \u017cycia.<\/p>\n\n\n\n<hr class=\"wp-block-separator has-alpha-channel-opacity\"\/>\n\n\n\n<h2 class=\"wp-block-heading\">\u015awi\u0119ta Teresa z Jezusa: przygoda duszy<\/h2>\n\n\n\n<p>Je\u015bli \u015awi\u0119ty Izydor reprezentuje \u015bwi\u0119to\u015b\u0107 w wiejskim \u017cyciu, <strong>\u015awi\u0119ta Teresa z Jezusa<\/strong> reprezentuje \u015bwi\u0119to\u015b\u0107 <strong>\u017cycia wewn\u0119trznego duszy<\/strong>.<\/p>\n\n\n\n<p>Urodzona w 1515 roku w \u00c1vila, Teresa by\u0142a kobiet\u0105 o niezwyk\u0142ej inteligencji i mistyczk\u0105 o imponuj\u0105cej g\u0142\u0119bi. Zreformowa\u0142a zakon karmelita\u0144ski i pozostawi\u0142a pisma duchowe, kt\u00f3re do dzi\u015b stanowi\u0105 uniwersalny punkt odniesienia.<\/p>\n\n\n\n<p>Dla Teresy \u017cycie duchowe jest jak <strong>zamek wewn\u0119trzny<\/strong>, w kt\u00f3rym dusza spotyka Boga.<\/p>\n\n\n\n<p>Jej podstawowe nauczanie jest proste i rewolucyjne: <strong>B\u00f3g mieszka w nas<\/strong>.<\/p>\n\n\n\n<p>Jej najbardziej znana modlitwa podsumowuje jej duchowo\u015b\u0107:<\/p>\n\n\n\n<p>\u201eNiech nic ci\u0119 nie niepokoi,<br>niech nic ci\u0119 nie przera\u017ca.<br>Wszystko przemija, B\u00f3g si\u0119 nie zmienia.<br>Cierpliwo\u015b\u0107 wszystko osi\u0105ga.<br>Kto ma Boga, nie brakuje mu niczego.\u201d<\/p>\n\n\n\n<p>\u015awi\u0119ta Teresa uczy wsp\u00f3\u0142czesnego wierz\u0105cego czego\u015b istotnego: <strong>wiara nie jest tylko praktyk\u0105 religijn\u0105; to \u017cywa relacja z Bogiem<\/strong>.<\/p>\n\n\n\n<hr class=\"wp-block-separator has-alpha-channel-opacity\"\/>\n\n\n\n<h2 class=\"wp-block-heading\">\u015awi\u0119ty Ignacy Loyola: inteligencja w s\u0142u\u017cbie Bo\u017cej<\/h2>\n\n\n\n<p>\u015awi\u0119ty Ignacy by\u0142 wr\u0119cz przeciwie\u0144stwem tego, co zwykle wyobra\u017camy sobie o \u015bwi\u0119tym.<\/p>\n\n\n\n<p>By\u0142 <strong>\u017co\u0142nierzem, ambitnym, dumnym i zakochanym w chwale<\/strong>. Jednak rana odniesiona w bitwie zmieni\u0142a jego \u017cycie na zawsze.<\/p>\n\n\n\n<p>Podczas rekonwalescencji czyta\u0142 \u017cywoty \u015bwi\u0119tych\u2026 i co\u015b zacz\u0119\u0142o si\u0119 w nim przemienia\u0107.<\/p>\n\n\n\n<p>Z tej przemiany powsta\u0142y:<\/p>\n\n\n\n<ul class=\"wp-block-list\">\n<li><strong>\u0106wiczenia duchowe<\/strong><\/li>\n\n\n\n<li><strong>Towarzystwo Jezusowe (Jezuici)<\/strong><\/li>\n\n\n\n<li>nowy spos\u00f3b rozeznawania woli Bo\u017cej<\/li>\n<\/ul>\n\n\n\n<p>Ignacy nauczy\u0142 czego\u015b g\u0142\u0119boko aktualnego: <strong>wiara wymaga tak\u017ce rozeznania, inteligencji i decyzji<\/strong>.<\/p>\n\n\n\n<p>Nie chodzi tylko o odczuwanie Boga, ale o <strong>aktywne szukanie Go we wszystkim<\/strong>.<\/p>\n\n\n\n<hr class=\"wp-block-separator has-alpha-channel-opacity\"\/>\n\n\n\n<h2 class=\"wp-block-heading\">\u015awi\u0119ty Franciszek Ksawery: \u015bwi\u0119ty, kt\u00f3ry zani\u00f3s\u0142 Ewangeli\u0119 na kra\u0144ce \u015bwiata<\/h2>\n\n\n\n<p>Je\u015bli Ignacy by\u0142 strategiem, to <strong>Franciszek Ksawery by\u0142 wielkim awanturnikiem Ewangelii<\/strong>.<\/p>\n\n\n\n<p>W ci\u0105gu zaledwie dziesi\u0119ciu lat podr\u00f3\u017cowa\u0142 po:<\/p>\n\n\n\n<ul class=\"wp-block-list\">\n<li>Indiach<\/li>\n\n\n\n<li>Indonezji<\/li>\n\n\n\n<li>Japonii<\/li>\n<\/ul>\n\n\n\n<p>Ochrzci\u0142 tysi\u0105ce os\u00f3b i otworzy\u0142 drogi misyjne, kt\u00f3re zmieni\u0142y histori\u0119 chrze\u015bcija\u0144stwa.<\/p>\n\n\n\n<p>Zmar\u0142 w 1552 roku u bram Chin, marz\u0105c o tym, by nie\u015b\u0107 Ewangeli\u0119 jeszcze dalej.<\/p>\n\n\n\n<p>Jego \u017cycie odzwierciedla misyjne pos\u0142annictwo Chrystusa:<\/p>\n\n\n\n<blockquote class=\"wp-block-quote is-layout-flow wp-block-quote-is-layout-flow\">\n<p><strong>\u201eId\u017acie na ca\u0142y \u015bwiat i g\u0142o\u015bcie Ewangeli\u0119 ka\u017cdemu stworzeniu.\u201d<\/strong><br><em>(Marka 16,15)<\/em><\/p>\n<\/blockquote>\n\n\n\n<p>Franciszek Ksawery przypomina Ko\u015bcio\u0142owi, \u017ce <strong>wiara nie mo\u017ce by\u0107 zachowywana tylko dla siebie<\/strong>. Jest po to, aby j\u0105 g\u0142osi\u0107.<\/p>\n\n\n\n<hr class=\"wp-block-separator has-alpha-channel-opacity\"\/>\n\n\n\n<h2 class=\"wp-block-heading\">\u015awi\u0119ty Filip Neri: rado\u015b\u0107 Ewangelii<\/h2>\n\n\n\n<p>\u015awi\u0119ty Filip Neri by\u0142 nazywany <strong>\u201e\u015bwi\u0119tym rado\u015bci\u201d<\/strong>.<\/p>\n\n\n\n<p>\u017by\u0142 w Rzymie w XVI wieku i przemieni\u0142 miasto poprzez g\u0142\u0119boko ludzk\u0105 form\u0119 ewangelizacji:<\/p>\n\n\n\n<ul class=\"wp-block-list\">\n<li>blisko\u015b\u0107<\/li>\n\n\n\n<li>humor<\/li>\n\n\n\n<li>przyja\u017a\u0144<\/li>\n\n\n\n<li>muzyka<\/li>\n\n\n\n<li>prosta modlitwa<\/li>\n<\/ul>\n\n\n\n<p>Za\u0142o\u017cy\u0142 <strong>Oratorium<\/strong>, miejsce, w kt\u00f3rym chrze\u015bcijanie mogli duchowo rozwija\u0107 si\u0119 w wsp\u00f3lnocie.<\/p>\n\n\n\n<p>Filip zrozumia\u0142 co\u015b, co pozostaje dzi\u015b fundamentalne: <strong>\u015bwi\u0119to\u015b\u0107 nie jest smutkiem ani sztywno\u015bci\u0105<\/strong>.<\/p>\n\n\n\n<p>Autentyczna wiara przynosi <strong>g\u0142\u0119bok\u0105 rado\u015b\u0107<\/strong>.<\/p>\n\n\n\n<hr class=\"wp-block-separator has-alpha-channel-opacity\"\/>\n\n\n\n<h1 class=\"wp-block-heading\">Teologiczne znaczenie tej zbiorowej kanonizacji<\/h1>\n\n\n\n<p>Ko\u015bci\u00f3\u0142 nie kanonizuje \u015bwi\u0119tych tylko po to, by uhonorowa\u0107 ich pami\u0119\u0107.<\/p>\n\n\n\n<p>Kanonizuje ich, aby <strong>przedstawi\u0107 je jako uniwersalne wzorce \u017cycia chrze\u015bcija\u0144skiego<\/strong>.<\/p>\n\n\n\n<p>Kanonizacja z 1622 roku przekazuje kilka g\u0142\u0119bokich lekcji teologicznych.<\/p>\n\n\n\n<h2 class=\"wp-block-heading\">1. \u015awi\u0119to\u015b\u0107 ma wiele dr\u00f3g<\/h2>\n\n\n\n<p>Pi\u0119ciu \u015bwi\u0119tych reprezentuje r\u00f3\u017cne stany \u017cycia:<\/p>\n\n\n\n<ul class=\"wp-block-list\">\n<li>\u015bwiecki (\u015awi\u0119ty Izydor)<\/li>\n\n\n\n<li>zakonnica kontemplacyjna (\u015awi\u0119ta Teresa)<\/li>\n\n\n\n<li>za\u0142o\u017cyciel i reformator (\u015awi\u0119ty Ignacy)<\/li>\n\n\n\n<li>misjonarz (\u015awi\u0119ty Franciszek Ksawery)<\/li>\n\n\n\n<li>duszpasterz miejski (\u015awi\u0119ty Filip Neri)<\/li>\n<\/ul>\n\n\n\n<p>Przes\u0142anie jest jasne: <strong>nie istnieje jeden spos\u00f3b, by sta\u0107 si\u0119 \u015bwi\u0119tym<\/strong>.<\/p>\n\n\n\n<hr class=\"wp-block-separator has-alpha-channel-opacity\"\/>\n\n\n\n<h2 class=\"wp-block-heading\">2. \u015awi\u0119to\u015b\u0107 jest mo\u017cliwa dla ka\u017cdego<\/h2>\n\n\n\n<p>Sob\u00f3r Watyka\u0144ski II wyrazi\u0142 to wyra\u017anie wieki p\u00f3\u017aniej:<\/p>\n\n\n\n<p><strong>wszyscy chrze\u015bcijanie s\u0105 powo\u0142ani do \u015bwi\u0119to\u015bci<\/strong>.<\/p>\n\n\n\n<p>Nie jest to cel zarezerwowany dla wybranych.<\/p>\n\n\n\n<p>To <strong>uniwersalne powo\u0142anie<\/strong>.<\/p>\n\n\n\n<p>Jak m\u00f3wi Pismo \u015awi\u0119te:<\/p>\n\n\n\n<blockquote class=\"wp-block-quote is-layout-flow wp-block-quote-is-layout-flow\">\n<p><strong>\u201eB\u0105d\u017acie \u015bwi\u0119ci, bo Ja jestem \u015bwi\u0119ty.\u201d<\/strong><br><em>(1 Piotra 1,16)<\/em><\/p>\n<\/blockquote>\n\n\n\n<hr class=\"wp-block-separator has-alpha-channel-opacity\"\/>\n\n\n\n<h2 class=\"wp-block-heading\">3. \u015awi\u0119to\u015b\u0107 przemienia \u015bwiat<\/h2>\n\n\n\n<p>Ka\u017cdy z tych \u015bwi\u0119tych zmieni\u0142 histori\u0119:<\/p>\n\n\n\n<ul class=\"wp-block-list\">\n<li>Teresa zreformowa\u0142a \u017cycie kontemplacyjne<\/li>\n\n\n\n<li>Ignacy przekszta\u0142ci\u0142 edukacj\u0119 i misje<\/li>\n\n\n\n<li>Ksawery otworzy\u0142 Azj\u0119 dla chrze\u015bcija\u0144stwa<\/li>\n\n\n\n<li>Filip odnowi\u0142 Rzym<\/li>\n\n\n\n<li>Izydor pokaza\u0142 \u015bwi\u0119to\u015b\u0107 pracy<\/li>\n<\/ul>\n\n\n\n<p>\u015awi\u0119to\u015b\u0107 <strong>nie jest ucieczk\u0105 od \u015bwiata<\/strong>, lecz jego przemian\u0105.<\/p>\n\n\n\n<hr class=\"wp-block-separator has-alpha-channel-opacity\"\/>\n\n\n\n<h1 class=\"wp-block-heading\">Czego wsp\u00f3\u0142czesny chrze\u015bcijanin mo\u017ce si\u0119 nauczy\u0107?<\/h1>\n\n\n\n<p>Cztery wieki p\u00f3\u017aniej ci \u015bwi\u0119ci wci\u0105\u017c przemawiaj\u0105 z zaskakuj\u0105c\u0105 aktualno\u015bci\u0105.<\/p>\n\n\n\n<h2 class=\"wp-block-heading\">1. U\u015bwi\u0119ca\u0107 codzienne \u017cycie<\/h2>\n\n\n\n<p>Jak \u015awi\u0119ty Izydor:<\/p>\n\n\n\n<ul class=\"wp-block-list\">\n<li>pracowa\u0107 uczciwie<\/li>\n\n\n\n<li>\u017cy\u0107 pokornie<\/li>\n\n\n\n<li>umieszcza\u0107 Boga w codziennym \u017cyciu<\/li>\n<\/ul>\n\n\n\n<hr class=\"wp-block-separator has-alpha-channel-opacity\"\/>\n\n\n\n<h2 class=\"wp-block-heading\">2. Kultywowa\u0107 \u017cycie wewn\u0119trzne<\/h2>\n\n\n\n<p>Jak \u015awi\u0119ta Teresa:<\/p>\n\n\n\n<ul class=\"wp-block-list\">\n<li>po\u015bwi\u0119ca\u0107 czas na modlitw\u0119<\/li>\n\n\n\n<li>szuka\u0107 wewn\u0119trznej ciszy<\/li>\n\n\n\n<li>uzna\u0107, \u017ce B\u00f3g mieszka w duszy<\/li>\n<\/ul>\n\n\n\n<hr class=\"wp-block-separator has-alpha-channel-opacity\"\/>\n\n\n\n<h2 class=\"wp-block-heading\">3. Rozr\u00f3\u017cnia\u0107 i decydowa\u0107<\/h2>\n\n\n\n<p>Jak \u015awi\u0119ty Ignacy:<\/p>\n\n\n\n<ul class=\"wp-block-list\">\n<li>analizowa\u0107 decyzje<\/li>\n\n\n\n<li>szuka\u0107 woli Bo\u017cej<\/li>\n\n\n\n<li>\u017cy\u0107 z celem<\/li>\n<\/ul>\n\n\n\n<hr class=\"wp-block-separator has-alpha-channel-opacity\"\/>\n\n\n\n<h2 class=\"wp-block-heading\">4. By\u0107 misjonarzem w swoim otoczeniu<\/h2>\n\n\n\n<p>Jak \u015awi\u0119ty Franciszek Ksawery:<\/p>\n\n\n\n<ul class=\"wp-block-list\">\n<li>dzieli\u0107 si\u0119 wiar\u0105<\/li>\n\n\n\n<li>\u017cy\u0107 odwa\u017cnie<\/li>\n\n\n\n<li>nie ukrywa\u0107 Ewangelii<\/li>\n<\/ul>\n\n\n\n<hr class=\"wp-block-separator has-alpha-channel-opacity\"\/>\n\n\n\n<h2 class=\"wp-block-heading\">5. \u017by\u0107 wiar\u0105 z rado\u015bci\u0105<\/h2>\n\n\n\n<p>Jak \u015awi\u0119ty Filip Neri:<\/p>\n\n\n\n<ul class=\"wp-block-list\">\n<li>piel\u0119gnowa\u0107 przyja\u017a\u0144<\/li>\n\n\n\n<li>\u017cy\u0107 wiar\u0105 z humorem i blisko\u015bci\u0105<\/li>\n\n\n\n<li>przekazywa\u0107 nadziej\u0119<\/li>\n<\/ul>\n\n\n\n<hr class=\"wp-block-separator has-alpha-channel-opacity\"\/>\n\n\n\n<h1 class=\"wp-block-heading\">Wielka lekcja 1622 roku<\/h1>\n\n\n\n<p>Ta zbiorowa kanonizacja by\u0142a czym\u015b znacznie wi\u0119cej ni\u017c uroczystym aktem w Rzymie.<\/p>\n\n\n\n<p>By\u0142a <strong>uniwersaln\u0105 proklamacj\u0105 mo\u017cliwej \u015bwi\u0119to\u015bci<\/strong>.<\/p>\n\n\n\n<p>Pi\u0119\u0107 r\u00f3\u017cnych \u017cy\u0107.<br>Pi\u0119\u0107 odmiennych dr\u00f3g.<br>Jeden wsp\u00f3lny cel: <strong>zjednoczenie z Bogiem<\/strong>.<\/p>\n\n\n\n<p>Historia tych \u015bwi\u0119tych przypomina nam co\u015b zasadniczego: \u015bwi\u0119to\u015b\u0107 nie jest niemo\u017cliw\u0105 doskona\u0142o\u015bci\u0105, lecz <strong>mi\u0142o\u015bci\u0105 prze\u017cywan\u0105 radykalnie<\/strong>.<\/p>\n\n\n\n<p>I by\u0107 mo\u017ce najwa\u017cniejsze pytanie, kt\u00f3re pozostawia nam <strong>12 marca 1622<\/strong>, nie jest historyczne.<\/p>\n\n\n\n<p>Jest osobiste.<\/p>\n\n\n\n<p><strong>Jakie miejsce zajmuje B\u00f3g w naszym \u017cyciu dzi\u015b?<\/strong><\/p>\n\n\n\n<p>Bo, jak naucza\u0142a \u015awi\u0119ta Teresa, prawdziwa duchowa przygoda zaczyna si\u0119, gdy cz\u0142owiek odwa\u017cy si\u0119 wej\u015b\u0107 w swoje w\u0142asne serce\u2026 i odkrywa, \u017ce <strong>B\u00f3g ju\u017c tam na niego czeka\u0142<\/strong>.<\/p>\n","protected":false},"excerpt":{"rendered":"<p>12 marca 1622 roku wydarzy\u0142o si\u0119 co\u015b, czego \u015bwiat chrze\u015bcija\u0144ski nigdy wcze\u015bniej nie widzia\u0142. Podczas uroczystej ceremonii w Rzymie pi\u0119ciu niezwyk\u0142ych m\u0119\u017cczyzn i kobiet zosta\u0142o og\u0142oszonych \u015bwi\u0119tymi w tym samym czasie. Tego dnia mia\u0142a miejsce pierwsza wielka zbiorowa kanonizacja w historii Ko\u015bcio\u0142a. Nowi \u015bwi\u0119ci byli bardzo r\u00f3\u017cni: ch\u0142op z Madrytu, mistyczna reformatorka, za\u0142o\u017cyciel zakonu, misjonarz, &hellip;<\/p>\n","protected":false},"author":3,"featured_media":5276,"comment_status":"closed","ping_status":"closed","sticky":false,"template":"","format":"standard","meta":{"_seopress_robots_primary_cat":"","_seopress_titles_title":"","_seopress_titles_desc":"","_seopress_robots_index":"","footnotes":""},"categories":[38,48],"tags":[1724],"class_list":["post-5275","post","type-post","status-publish","format-standard","has-post-thumbnail","","category-historia-i-tradycja","category-historia-kosciola","tag-kanonizacja"],"_links":{"self":[{"href":"https:\/\/catholicus.eu\/pl\/wp-json\/wp\/v2\/posts\/5275","targetHints":{"allow":["GET"]}}],"collection":[{"href":"https:\/\/catholicus.eu\/pl\/wp-json\/wp\/v2\/posts"}],"about":[{"href":"https:\/\/catholicus.eu\/pl\/wp-json\/wp\/v2\/types\/post"}],"author":[{"embeddable":true,"href":"https:\/\/catholicus.eu\/pl\/wp-json\/wp\/v2\/users\/3"}],"replies":[{"embeddable":true,"href":"https:\/\/catholicus.eu\/pl\/wp-json\/wp\/v2\/comments?post=5275"}],"version-history":[{"count":1,"href":"https:\/\/catholicus.eu\/pl\/wp-json\/wp\/v2\/posts\/5275\/revisions"}],"predecessor-version":[{"id":5277,"href":"https:\/\/catholicus.eu\/pl\/wp-json\/wp\/v2\/posts\/5275\/revisions\/5277"}],"wp:featuredmedia":[{"embeddable":true,"href":"https:\/\/catholicus.eu\/pl\/wp-json\/wp\/v2\/media\/5276"}],"wp:attachment":[{"href":"https:\/\/catholicus.eu\/pl\/wp-json\/wp\/v2\/media?parent=5275"}],"wp:term":[{"taxonomy":"category","embeddable":true,"href":"https:\/\/catholicus.eu\/pl\/wp-json\/wp\/v2\/categories?post=5275"},{"taxonomy":"post_tag","embeddable":true,"href":"https:\/\/catholicus.eu\/pl\/wp-json\/wp\/v2\/tags?post=5275"}],"curies":[{"name":"wp","href":"https:\/\/api.w.org\/{rel}","templated":true}]}}