{"id":5232,"date":"2026-03-10T13:32:30","date_gmt":"2026-03-10T12:32:30","guid":{"rendered":"https:\/\/catholicus.eu\/pl\/?p=5232"},"modified":"2026-03-10T13:32:30","modified_gmt":"2026-03-10T12:32:30","slug":"swiety-jozef-i-swieta-cisza-sztuka-kontemplowania-boga-bez-wypowiadania-ani-jednego-slowa","status":"publish","type":"post","link":"https:\/\/catholicus.eu\/pl\/swiety-jozef-i-swieta-cisza-sztuka-kontemplowania-boga-bez-wypowiadania-ani-jednego-slowa\/","title":{"rendered":"\u015awi\u0119ty J\u00f3zef i \u015awi\u0119ta Cisza: Sztuka kontemplowania Boga bez wypowiadania ani jednego s\u0142owa"},"content":{"rendered":"\n<p>W \u015bwiecie przesyconym ha\u0142asem \u2014 nieustannymi powiadomieniami, natychmiastowymi opiniami i nieko\u0144cz\u0105cymi si\u0119 debatami \u2014 cisza sta\u0142a si\u0119 rzadkim dobrem. Paradoksalnie w chrze\u015bcija\u0144skiej tradycji duchowej cisza nigdy nie by\u0142a pustk\u0105; jest miejscem pe\u0142nym obecno\u015bci. To przestrze\u0144, w kt\u00f3rej B\u00f3g przemawia do serca.<\/p>\n\n\n\n<p>Spo\u015br\u00f3d wszystkich \u015bwi\u0119tych jest jeden, kt\u00f3ry uciele\u015bnia t\u0119 tajemnic\u0119 z niezwyk\u0142\u0105 g\u0142\u0119bi\u0105: <strong>\u015awi\u0119ty J\u00f3zef<\/strong>. W Ewangeliach <strong>nie zosta\u0142a zapisana ani jedna wypowiedziana przez niego wypowied\u017a<\/strong>, a jednak jego posta\u0107 przemawia z ogromn\u0105 moc\u0105. Jego milczenie nie jest nieobecno\u015bci\u0105; jest <strong>kontemplacj\u0105<\/strong>, <strong>pos\u0142usze\u0144stwem<\/strong>, <strong>s\u0142uchaniem<\/strong> i <strong>aktywn\u0105 mi\u0142o\u015bci\u0105<\/strong>.<\/p>\n\n\n\n<p>\u015awi\u0119ty J\u00f3zef uczy nas czego\u015b, co wsp\u00f3\u0142czesny cz\u0142owiek pilnie potrzebuje na nowo odkry\u0107: <strong>mo\u017cna g\u0142\u0119boko kontemplowa\u0107 Boga, nie wypowiadaj\u0105c ani jednego s\u0142owa<\/strong>.<\/p>\n\n\n\n<p>Ten artyku\u0142 zaprasza nas do wej\u015bcia w t\u0119 tajemnic\u0119: zrozumienia teologicznego milczenia \u015awi\u0119tego J\u00f3zefa, odkrycia jego duchowego znaczenia oraz nauczenia si\u0119, jak dzi\u015b \u017cy\u0107 <strong>sztuk\u0105 \u015bwi\u0119tej ciszy<\/strong>.<\/p>\n\n\n\n<hr class=\"wp-block-separator has-alpha-channel-opacity\"\/>\n\n\n\n<h1 class=\"wp-block-heading\">1. Wielkie milczenie \u015awi\u0119tego J\u00f3zefa w Ewangeliach<\/h1>\n\n\n\n<p>Ewangelie opisuj\u0105 decyduj\u0105ce momenty \u017cycia \u015awi\u0119tego J\u00f3zefa: jego za\u015blubiny z Maryj\u0105, niepok\u00f3j wobec niewyt\u0142umaczalnej ci\u0105\u017cy, ucieczk\u0119 do Egiptu, ukryte \u017cycie w Nazarecie oraz epizod zagubienia dwunastoletniego Jezusa w \u015bwi\u0105tyni.<\/p>\n\n\n\n<p>Istnieje jednak uderzaj\u0105cy szczeg\u00f3\u0142: <strong>J\u00f3zef nigdy nie m\u00f3wi<\/strong>.<\/p>\n\n\n\n<p>To nie jest przypadek.<\/p>\n\n\n\n<p>W Pi\u015bmie \u015awi\u0119tym cisza cz\u0119sto oznacza <strong>postaw\u0119 g\u0142\u0119bokiego s\u0142uchania wobec tajemnicy Boga<\/strong>.<\/p>\n\n\n\n<p>\u015awi\u0119ty Mateusz opisuje jeden z kluczowych moment\u00f3w:<\/p>\n\n\n\n<blockquote class=\"wp-block-quote is-layout-flow wp-block-quote-is-layout-flow\">\n<p>\u201eJ\u00f3zefie, synu Dawida, nie b\u00f3j si\u0119 wzi\u0105\u0107 do siebie Maryi, twojej ma\u0142\u017conki, albowiem z Ducha \u015awi\u0119tego jest to, co si\u0119 w Niej pocz\u0119\u0142o.\u201d<br><em>(Mateusz 1,20)<\/em><\/p>\n<\/blockquote>\n\n\n\n<p>J\u00f3zef nie odpowiada anio\u0142owi przemow\u0105. Nie dyskutuje. Nie domaga si\u0119 wyja\u015bnie\u0144.<\/p>\n\n\n\n<p>Ewangelia m\u00f3wi po prostu:<\/p>\n\n\n\n<blockquote class=\"wp-block-quote is-layout-flow wp-block-quote-is-layout-flow\">\n<p>\u201eGdy J\u00f3zef obudzi\u0142 si\u0119 ze snu, uczyni\u0142 tak, jak mu poleci\u0142 anio\u0142 Pa\u0144ski.\u201d<br><em>(Mateusz 1,24)<\/em><\/p>\n<\/blockquote>\n\n\n\n<p><strong>Milczenie J\u00f3zefa staje si\u0119 pos\u0142usze\u0144stwem.<\/strong><\/p>\n\n\n\n<p>Jego wiara nie potrzebuje s\u0142\u00f3w, poniewa\u017c wyra\u017ca si\u0119 w czynach.<\/p>\n\n\n\n<hr class=\"wp-block-separator has-alpha-channel-opacity\"\/>\n\n\n\n<h1 class=\"wp-block-heading\">2. Cisza jako postawa teologiczna<\/h1>\n\n\n\n<p>Z perspektywy teologii duchowo\u015bci milczenie \u015awi\u0119tego J\u00f3zefa mo\u017cna zrozumie\u0107 w trzech podstawowych wymiarach.<\/p>\n\n\n\n<h2 class=\"wp-block-heading\">1. Cisza s\u0142uchania<\/h2>\n\n\n\n<p>J\u00f3zef \u017cyje w nieustannej otwarto\u015bci na Boga.<\/p>\n\n\n\n<p>Nie dzia\u0142a z ludzkiej impulsywno\u015bci, lecz z <strong>wewn\u0119trznego s\u0142uchania<\/strong>.<\/p>\n\n\n\n<p>Sny, w kt\u00f3rych B\u00f3g do niego przemawia, ukazuj\u0105 serce gotowe i dyspozycyjne.<\/p>\n\n\n\n<p>Wewn\u0119trzna cisza pozwala na co\u015b niezwykle wa\u017cnego:<\/p>\n\n\n\n<p><strong>rozezna\u0107 g\u0142os Boga.<\/strong><\/p>\n\n\n\n<p>Prorok Eliasz do\u015bwiadczy\u0142 tego samego, gdy B\u00f3g nie objawi\u0142 si\u0119 w trz\u0119sieniu ziemi ani w ogniu, lecz w<\/p>\n\n\n\n<blockquote class=\"wp-block-quote is-layout-flow wp-block-quote-is-layout-flow\">\n<p>\u201eszmerze \u0142agodnego powiewu.\u201d<br><em>(1 Krl 19,12)<\/em><\/p>\n<\/blockquote>\n\n\n\n<p>Cisza jest przestrzeni\u0105, w kt\u00f3rej ten szept mo\u017ce zosta\u0107 us\u0142yszany.<\/p>\n\n\n\n<hr class=\"wp-block-separator has-alpha-channel-opacity\"\/>\n\n\n\n<h2 class=\"wp-block-heading\">2. Cisza kontemplacji<\/h2>\n\n\n\n<p>\u015awi\u0119ty J\u00f3zef \u017cy\u0142 codziennie obok dw\u00f3ch najwi\u0119kszych tajemnic w historii:<\/p>\n\n\n\n<ul class=\"wp-block-list\">\n<li><strong>Jezusa Chrystusa, Syna Bo\u017cego, kt\u00f3ry sta\u0142 si\u0119 cz\u0142owiekiem<\/strong><\/li>\n\n\n\n<li><strong>Maryi, pe\u0142nej \u0142aski<\/strong><\/li>\n<\/ul>\n\n\n\n<p>Wyobra\u017amy sobie jego codzienne \u017cycie:<\/p>\n\n\n\n<ul class=\"wp-block-list\">\n<li>prac\u0119 przy drewnie<\/li>\n\n\n\n<li>wsp\u00f3lne posi\u0142ki z rodzin\u0105<\/li>\n\n\n\n<li>chodzenie ulicami Nazaretu<\/li>\n\n\n\n<li>patrzenie, jak Dzieci\u0119 Jezus si\u0119 bawi<\/li>\n<\/ul>\n\n\n\n<p>Ka\u017cdy gest by\u0142 tajemnic\u0105.<\/p>\n\n\n\n<p>\u015awi\u0119ty J\u00f3zef nauczy\u0142 si\u0119 czego\u015b, co wielcy mistycy opisz\u0105 dopiero wiele wiek\u00f3w p\u00f3\u017aniej:<\/p>\n\n\n\n<p><strong>kontemplacja mo\u017ce dokonywa\u0107 si\u0119 w zwyczajno\u015bci.<\/strong><\/p>\n\n\n\n<p>Nie potrzebowa\u0142 nadzwyczajnych wizji.<\/p>\n\n\n\n<p>\u017by\u0142 z <strong>Bogiem pod tym samym dachem<\/strong>.<\/p>\n\n\n\n<hr class=\"wp-block-separator has-alpha-channel-opacity\"\/>\n\n\n\n<h2 class=\"wp-block-heading\">3. Cisza pokory<\/h2>\n\n\n\n<p>Cisza ukazuje r\u00f3wnie\u017c centraln\u0105 cnot\u0119 J\u00f3zefa: <strong>pokor\u0119<\/strong>.<\/p>\n\n\n\n<p>Jest opiekunem Odkupiciela, ale nie szuka pierwszego planu.<\/p>\n\n\n\n<p>Historia zbawienia rozwija si\u0119 dzi\u0119ki jego cichej wierno\u015bci.<\/p>\n\n\n\n<p>W logice Kr\u00f3lestwa Bo\u017cego wielko\u015b\u0107 nie mierzy si\u0119 ha\u0142asem, kt\u00f3ry czynimy, lecz <strong>niewidzialn\u0105 wierno\u015bci\u0105<\/strong>.<\/p>\n\n\n\n<p>Sam Jezus powie p\u00f3\u017aniej:<\/p>\n\n\n\n<blockquote class=\"wp-block-quote is-layout-flow wp-block-quote-is-layout-flow\">\n<p>\u201eOjciec tw\u00f3j, kt\u00f3ry widzi w ukryciu, odda tobie.\u201d<br><em>(Mateusz 6,6)<\/em><\/p>\n<\/blockquote>\n\n\n\n<p>J\u00f3zef jest cz\u0142owiekiem <strong>Bo\u017cej tajemnicy ukrytej<\/strong>.<\/p>\n\n\n\n<hr class=\"wp-block-separator has-alpha-channel-opacity\"\/>\n\n\n\n<h1 class=\"wp-block-heading\">3. \u015awi\u0119ty J\u00f3zef: mistrz aktywnej ciszy<\/h1>\n\n\n\n<p>Wa\u017cne jest wyja\u015bnienie czego\u015b istotnego:<br><strong>chrze\u015bcija\u0144ska cisza nie jest bierno\u015bci\u0105.<\/strong><\/p>\n\n\n\n<p>Milczenie J\u00f3zefa jest pe\u0142ne dzia\u0142ania.<\/p>\n\n\n\n<p>Sp\u00f3jrzmy na jego decyzje:<\/p>\n\n\n\n<ul class=\"wp-block-list\">\n<li>przyjmuje Maryj\u0119<\/li>\n\n\n\n<li>chroni Dzieci\u0119<\/li>\n\n\n\n<li>ucieka do Egiptu<\/li>\n\n\n\n<li>wraca do Izraela<\/li>\n\n\n\n<li>pracuje, aby utrzyma\u0107 rodzin\u0119<\/li>\n\n\n\n<li>wychowuje Jezusa<\/li>\n<\/ul>\n\n\n\n<p>Ka\u017cde dzia\u0142anie rodzi si\u0119 z <strong>g\u0142\u0119bokiego s\u0142uchania Boga<\/strong>.<\/p>\n\n\n\n<p>Mo\u017cna powiedzie\u0107, \u017ce J\u00f3zef \u017cyje tym, co mo\u017cna nazwa\u0107:<\/p>\n\n\n\n<p><strong>aktywn\u0105 cisz\u0105 wiary<\/strong>.<\/p>\n\n\n\n<p>Nie potrzebuje wielu s\u0142\u00f3w, poniewa\u017c ca\u0142e jego \u017cycie jest odpowiedzi\u0105 na Boga.<\/p>\n\n\n\n<hr class=\"wp-block-separator has-alpha-channel-opacity\"\/>\n\n\n\n<h1 class=\"wp-block-heading\">4. Cisza w duchowej tradycji Ko\u015bcio\u0142a<\/h1>\n\n\n\n<p>\u015awi\u0119ty J\u00f3zef staje si\u0119 wzorem dla ca\u0142ej chrze\u015bcija\u0144skiej tradycji duchowej.<\/p>\n\n\n\n<p>Wielu \u015bwi\u0119tych zrozumia\u0142o, \u017ce cisza jest bram\u0105 do Boga.<\/p>\n\n\n\n<p>Na przyk\u0142ad:<\/p>\n\n\n\n<h3 class=\"wp-block-heading\">\u015awi\u0119ty Jan od Krzy\u017ca<\/h3>\n\n\n\n<p>Wielki mistyk karmelita\u0144ski m\u00f3wi\u0142:<\/p>\n\n\n\n<blockquote class=\"wp-block-quote is-layout-flow wp-block-quote-is-layout-flow\">\n<p>\u201eOjciec wypowiedzia\u0142 jedno S\u0142owo, kt\u00f3rym jest Jego Syn, i wypowiada je zawsze w wiecznej ciszy.\u201d<\/p>\n<\/blockquote>\n\n\n\n<h3 class=\"wp-block-heading\">\u015awi\u0119ta Teresa z \u00c1vili<\/h3>\n\n\n\n<p>W modlitwie kontemplacyjnej odkry\u0142a, \u017ce<\/p>\n\n\n\n<p><strong>B\u00f3g komunikuje si\u0119 ponad s\u0142owami.<\/strong><\/p>\n\n\n\n<h3 class=\"wp-block-heading\">Mnisi pustyni<\/h3>\n\n\n\n<p>Pierwsi chrze\u015bcija\u0144scy mnisi udawali si\u0119 na pustyni\u0119 w poszukiwaniu ciszy, aby <strong>oczy\u015bci\u0107 serce<\/strong>.<\/p>\n\n\n\n<p>Dla nich cisza by\u0142a sposobem walki z trzema wewn\u0119trznymi wrogami:<\/p>\n\n\n\n<ul class=\"wp-block-list\">\n<li>rozproszeniem<\/li>\n\n\n\n<li>pr\u00f3\u017cno\u015bci\u0105<\/li>\n\n\n\n<li>powierzchowno\u015bci\u0105<\/li>\n<\/ul>\n\n\n\n<p>\u015awi\u0119ty J\u00f3zef uprzedza t\u0119 duchowo\u015b\u0107 wiele wiek\u00f3w wcze\u015bniej.<\/p>\n\n\n\n<hr class=\"wp-block-separator has-alpha-channel-opacity\"\/>\n\n\n\n<h1 class=\"wp-block-heading\">5. Ha\u0142as wsp\u00f3\u0142czesnego \u015bwiata<\/h1>\n\n\n\n<p>Dzi\u015b \u017cyjemy w kulturze radykalnie przeciwnej ciszy.<\/p>\n\n\n\n<p>Otaczaj\u0105 nas:<\/p>\n\n\n\n<ul class=\"wp-block-list\">\n<li>ekrany<\/li>\n\n\n\n<li>nieustanne cykle wiadomo\u015bci<\/li>\n\n\n\n<li>ci\u0105g\u0142e debaty<\/li>\n\n\n\n<li>media spo\u0142eczno\u015bciowe<\/li>\n\n\n\n<li>nieustanna muzyka<\/li>\n\n\n\n<li>bod\u017ace wizualne<\/li>\n<\/ul>\n\n\n\n<p>Ten nadmiar ha\u0142asu rodzi co\u015b g\u0142\u0119bokiego:<\/p>\n\n\n\n<p><strong>niezdolno\u015b\u0107 do s\u0142uchania Boga.<\/strong><\/p>\n\n\n\n<p>Wielu chrze\u015bcijan m\u00f3wi:<\/p>\n\n\n\n<p>\u201eB\u00f3g do mnie nie m\u00f3wi\u201d.<\/p>\n\n\n\n<p>Ale mo\u017ce problem nie polega na tym, \u017ce B\u00f3g milczy.<\/p>\n\n\n\n<p>By\u0107 mo\u017ce <strong>to my nie pozostawiamy przestrzeni, aby Go us\u0142ysze\u0107<\/strong>.<\/p>\n\n\n\n<p>\u015awi\u0119ty J\u00f3zef zaprasza nas do ponownego odkrycia ciszy jako <strong>duchowej dyscypliny<\/strong>.<\/p>\n\n\n\n<hr class=\"wp-block-separator has-alpha-channel-opacity\"\/>\n\n\n\n<h1 class=\"wp-block-heading\">6. Jak praktykowa\u0107 \u015bwi\u0119t\u0105 cisz\u0119 dzisiaj<\/h1>\n\n\n\n<p>Przyk\u0142ad \u015awi\u0119tego J\u00f3zefa mo\u017cna prze\u0142o\u017cy\u0107 na konkretne praktyki.<\/p>\n\n\n\n<p>Oto kilka bardzo skutecznych.<\/p>\n\n\n\n<hr class=\"wp-block-separator has-alpha-channel-opacity\"\/>\n\n\n\n<h2 class=\"wp-block-heading\">1. Tworzy\u0107 prawdziwe chwile ciszy<\/h2>\n\n\n\n<p>Po\u015bwi\u0119ci\u0107 ka\u017cdego dnia <strong>10 lub 15 minut bez bod\u017ac\u00f3w<\/strong>:<\/p>\n\n\n\n<ul class=\"wp-block-list\">\n<li>bez telefonu<\/li>\n\n\n\n<li>bez muzyki<\/li>\n\n\n\n<li>bez rozm\u00f3w<\/li>\n<\/ul>\n\n\n\n<p>Tylko obecno\u015b\u0107.<\/p>\n\n\n\n<p>Mo\u017cna to zrobi\u0107:<\/p>\n\n\n\n<ul class=\"wp-block-list\">\n<li>przed Naj\u015bwi\u0119tszym Sakramentem<\/li>\n\n\n\n<li>czytaj\u0105c powoli Ewangeli\u0119<\/li>\n\n\n\n<li>po prostu trwaj\u0105c w ciszy<\/li>\n<\/ul>\n\n\n\n<p>Ten ma\u0142y nawyk otwiera serce.<\/p>\n\n\n\n<hr class=\"wp-block-separator has-alpha-channel-opacity\"\/>\n\n\n\n<h2 class=\"wp-block-heading\">2. Praktykowa\u0107 s\u0142uchanie przed m\u00f3wieniem<\/h2>\n\n\n\n<p>\u015awi\u0119ty J\u00f3zef uczy nas m\u0105dro\u015bci bardzo potrzebnej dzi\u015b:<\/p>\n\n\n\n<p><strong>najpierw s\u0142ucha\u0107.<\/strong><\/p>\n\n\n\n<p>Zanim odpowiemy w rozmowie:<\/p>\n\n\n\n<ul class=\"wp-block-list\">\n<li>zatrzyma\u0107 si\u0119<\/li>\n\n\n\n<li>zrozumie\u0107<\/li>\n\n\n\n<li>zastanowi\u0107 si\u0119<\/li>\n<\/ul>\n\n\n\n<p>Cisza poprawia r\u00f3wnie\u017c nasze relacje.<\/p>\n\n\n\n<hr class=\"wp-block-separator has-alpha-channel-opacity\"\/>\n\n\n\n<h2 class=\"wp-block-heading\">3. Odkry\u0107 na nowo modlitw\u0119 kontemplacyjn\u0105<\/h2>\n\n\n\n<p>Nie ka\u017cda modlitwa potrzebuje wielu s\u0142\u00f3w.<\/p>\n\n\n\n<p>Tradycja chrze\u015bcija\u0144ska zna <strong>modlitw\u0119 kontemplacyjn\u0105<\/strong>:<\/p>\n\n\n\n<p>po prostu <strong>by\u0107 z Bogiem<\/strong>.<\/p>\n\n\n\n<p>Jak dziecko odpoczywaj\u0105ce w obecno\u015bci swojego ojca.<\/p>\n\n\n\n<p>\u015awi\u0119ty J\u00f3zef z pewno\u015bci\u0105 \u017cy\u0142 tak\u0105 modlitw\u0105 w Nazarecie.<\/p>\n\n\n\n<hr class=\"wp-block-separator has-alpha-channel-opacity\"\/>\n\n\n\n<h2 class=\"wp-block-heading\">4. Doceni\u0107 codzienne \u017cycie<\/h2>\n\n\n\n<p>Nazaret by\u0142 ma\u0142ym, ukrytym i pozornie nieistotnym miejscem.<\/p>\n\n\n\n<p>A jednak w\u0142a\u015bnie tam dokona\u0142a si\u0119 najwi\u0119ksza duchowa rewolucja w historii.<\/p>\n\n\n\n<p>To przypomina nam co\u015b istotnego:<\/p>\n\n\n\n<p><strong>B\u00f3g dzia\u0142a w tym, co zwyczajne.<\/strong><\/p>\n\n\n\n<p>W pracy.<\/p>\n\n\n\n<p>W \u017cyciu rodzinnym.<\/p>\n\n\n\n<p>W codziennej rutynie.<\/p>\n\n\n\n<p>Je\u015bli \u017cyjemy z wewn\u0119trzn\u0105 uwa\u017cno\u015bci\u0105, ka\u017cdy moment mo\u017ce sta\u0107 si\u0119 miejscem spotkania z Bogiem.<\/p>\n\n\n\n<hr class=\"wp-block-separator has-alpha-channel-opacity\"\/>\n\n\n\n<h1 class=\"wp-block-heading\">7. Cisza jako droga do \u015bwi\u0119to\u015bci<\/h1>\n\n\n\n<p>\u015awi\u0119ty J\u00f3zef pokazuje, \u017ce aby zosta\u0107 \u015bwi\u0119tym, nie s\u0105 potrzebne wielkie przem\u00f3wienia.<\/p>\n\n\n\n<p>Jego droga by\u0142a prosta:<\/p>\n\n\n\n<ul class=\"wp-block-list\">\n<li>s\u0142ucha\u0107<\/li>\n\n\n\n<li>by\u0107 pos\u0142usznym<\/li>\n\n\n\n<li>pracowa\u0107<\/li>\n\n\n\n<li>kocha\u0107<\/li>\n\n\n\n<li>chroni\u0107<\/li>\n\n\n\n<li>ufa\u0107 Bogu<\/li>\n<\/ul>\n\n\n\n<p>Cisza oczyszcza serce, poniewa\u017c zmusza nas do spotkania z samymi sob\u0105.<\/p>\n\n\n\n<p>A tam, w tej wewn\u0119trznej przestrzeni, B\u00f3g zaczyna dzia\u0142a\u0107.<\/p>\n\n\n\n<hr class=\"wp-block-separator has-alpha-channel-opacity\"\/>\n\n\n\n<h1 class=\"wp-block-heading\">8. \u015awi\u0119ty J\u00f3zef, patron \u017cycia wewn\u0119trznego<\/h1>\n\n\n\n<p>Dlatego Ko\u015bci\u00f3\u0142 uzna\u0142 go za:<\/p>\n\n\n\n<ul class=\"wp-block-list\">\n<li><strong>Patrona Ko\u015bcio\u0142a powszechnego<\/strong><\/li>\n\n\n\n<li><strong>Wz\u00f3r dla ojc\u00f3w<\/strong><\/li>\n\n\n\n<li><strong>Opiekuna rodzin<\/strong><\/li>\n\n\n\n<li><strong>Przewodnika \u017cycia wewn\u0119trznego<\/strong><\/li>\n<\/ul>\n\n\n\n<p>Ale mo\u017cemy go r\u00f3wnie\u017c nazwa\u0107:<\/p>\n\n\n\n<p><strong>Patronem ciszy kontemplacyjnej.<\/strong><\/p>\n\n\n\n<p>W \u015bwiecie pe\u0142nym s\u0142\u00f3w \u015awi\u0119ty J\u00f3zef przypomina nam, \u017ce relacja z Bogiem <strong>nie zale\u017cy od religijnego ha\u0142asu<\/strong>, lecz od cichej wierno\u015bci.<\/p>\n\n\n\n<hr class=\"wp-block-separator has-alpha-channel-opacity\"\/>\n\n\n\n<h1 class=\"wp-block-heading\">Zako\u0144czenie: uczy\u0107 si\u0119 patrze\u0107 na Boga w ciszy<\/h1>\n\n\n\n<p>\u017bycie \u015awi\u0119tego J\u00f3zefa uczy nas g\u0142\u0119bokiej prawdy:<\/p>\n\n\n\n<p><strong>nie wszystko, co wa\u017cne, musi zosta\u0107 wypowiedziane.<\/strong><\/p>\n\n\n\n<p>Istniej\u0105 rzeczywisto\u015bci tak wielkie, \u017ce mo\u017cna je jedynie <strong>kontemplowa\u0107<\/strong>.<\/p>\n\n\n\n<p>J\u00f3zef kontemplowa\u0142:<\/p>\n\n\n\n<ul class=\"wp-block-list\">\n<li>tajemnic\u0119 Wcielenia<\/li>\n\n\n\n<li>wzrastanie Syna Bo\u017cego<\/li>\n\n\n\n<li>\u015bwi\u0119to\u015b\u0107 Maryi<\/li>\n\n\n\n<li>tajemniczy plan Boga dla ludzko\u015bci<\/li>\n<\/ul>\n\n\n\n<p>Wszystko to <strong>bez ani jednego zapisanego s\u0142owa w Ewangeliach<\/strong>.<\/p>\n\n\n\n<p>Jego milczenie nie by\u0142o pustk\u0105.<\/p>\n\n\n\n<p>By\u0142o <strong>prze\u017cywan\u0105 adoracj\u0105<\/strong>.<\/p>\n\n\n\n<p>By\u0107 mo\u017ce dzi\u015b bardziej ni\u017c kiedykolwiek musimy na nowo odkry\u0107 t\u0119 sztuk\u0119.<\/p>\n\n\n\n<p>Wy\u0142\u0105czy\u0107 ha\u0142as.<\/p>\n\n\n\n<p>Wej\u015b\u0107 w cisz\u0119.<\/p>\n\n\n\n<p>I odkry\u0107, \u017ce w najg\u0142\u0119bszej cz\u0119\u015bci serca <strong>B\u00f3g nadal m\u00f3wi<\/strong>.<\/p>\n\n\n\n<p>Tak jak w przypadku \u015awi\u0119tego J\u00f3zefa, wystarczy s\u0142ucha\u0107\u2026 a potem <strong>uczyni\u0107 to, o co On prosi<\/strong>.<\/p>\n","protected":false},"excerpt":{"rendered":"<p>W \u015bwiecie przesyconym ha\u0142asem \u2014 nieustannymi powiadomieniami, natychmiastowymi opiniami i nieko\u0144cz\u0105cymi si\u0119 debatami \u2014 cisza sta\u0142a si\u0119 rzadkim dobrem. Paradoksalnie w chrze\u015bcija\u0144skiej tradycji duchowej cisza nigdy nie by\u0142a pustk\u0105; jest miejscem pe\u0142nym obecno\u015bci. To przestrze\u0144, w kt\u00f3rej B\u00f3g przemawia do serca. Spo\u015br\u00f3d wszystkich \u015bwi\u0119tych jest jeden, kt\u00f3ry uciele\u015bnia t\u0119 tajemnic\u0119 z niezwyk\u0142\u0105 g\u0142\u0119bi\u0105: \u015awi\u0119ty J\u00f3zef. &hellip;<\/p>\n","protected":false},"author":3,"featured_media":5233,"comment_status":"closed","ping_status":"closed","sticky":false,"template":"","format":"standard","meta":{"_seopress_robots_primary_cat":"","_seopress_titles_title":"","_seopress_titles_desc":"","_seopress_robots_index":"","footnotes":""},"categories":[40,58],"tags":[740],"class_list":["post-5232","post","type-post","status-publish","format-standard","has-post-thumbnail","","category-modlitwa-i-duchowosc","category-modlitwa-i-zycie-duchowe","tag-swiety-jozef"],"_links":{"self":[{"href":"https:\/\/catholicus.eu\/pl\/wp-json\/wp\/v2\/posts\/5232","targetHints":{"allow":["GET"]}}],"collection":[{"href":"https:\/\/catholicus.eu\/pl\/wp-json\/wp\/v2\/posts"}],"about":[{"href":"https:\/\/catholicus.eu\/pl\/wp-json\/wp\/v2\/types\/post"}],"author":[{"embeddable":true,"href":"https:\/\/catholicus.eu\/pl\/wp-json\/wp\/v2\/users\/3"}],"replies":[{"embeddable":true,"href":"https:\/\/catholicus.eu\/pl\/wp-json\/wp\/v2\/comments?post=5232"}],"version-history":[{"count":1,"href":"https:\/\/catholicus.eu\/pl\/wp-json\/wp\/v2\/posts\/5232\/revisions"}],"predecessor-version":[{"id":5234,"href":"https:\/\/catholicus.eu\/pl\/wp-json\/wp\/v2\/posts\/5232\/revisions\/5234"}],"wp:featuredmedia":[{"embeddable":true,"href":"https:\/\/catholicus.eu\/pl\/wp-json\/wp\/v2\/media\/5233"}],"wp:attachment":[{"href":"https:\/\/catholicus.eu\/pl\/wp-json\/wp\/v2\/media?parent=5232"}],"wp:term":[{"taxonomy":"category","embeddable":true,"href":"https:\/\/catholicus.eu\/pl\/wp-json\/wp\/v2\/categories?post=5232"},{"taxonomy":"post_tag","embeddable":true,"href":"https:\/\/catholicus.eu\/pl\/wp-json\/wp\/v2\/tags?post=5232"}],"curies":[{"name":"wp","href":"https:\/\/api.w.org\/{rel}","templated":true}]}}