{"id":5223,"date":"2026-03-10T12:11:55","date_gmt":"2026-03-10T11:11:55","guid":{"rendered":"https:\/\/catholicus.eu\/pl\/?p=5223"},"modified":"2026-03-10T12:11:55","modified_gmt":"2026-03-10T11:11:55","slug":"siedem-bolesci-i-radosci-swietego-jozefa-zapomniane-nabozenstwo-ktore-kazdy-katolik-powinien-na-nowo-odkryc","status":"publish","type":"post","link":"https:\/\/catholicus.eu\/pl\/siedem-bolesci-i-radosci-swietego-jozefa-zapomniane-nabozenstwo-ktore-kazdy-katolik-powinien-na-nowo-odkryc\/","title":{"rendered":"Siedem Bole\u015bci i Rado\u015bci \u015awi\u0119tego J\u00f3zefa: Zapomniane nabo\u017ce\u0144stwo, kt\u00f3re ka\u017cdy katolik powinien na nowo odkry\u0107"},"content":{"rendered":"\n<p>W czasach, gdy wielu katolik\u00f3w szuka <strong>konkretnych sposob\u00f3w prze\u017cywania wiary po\u015br\u00f3d zgie\u0142ku \u015bwiata<\/strong>, Ko\u015bci\u00f3\u0142 zachowuje w swojej tradycji duchowy skarb, kt\u00f3ry dzi\u015b jest zaskakuj\u0105co ma\u0142o znany: <strong>nabo\u017ce\u0144stwo do Siedmiu Bole\u015bci i Rado\u015bci \u015awi\u0119tego J\u00f3zefa<\/strong>.<\/p>\n\n\n\n<p>Podczas gdy duchowo\u015b\u0107 chrze\u015bcija\u0144ska szeroko rozpowszechni\u0142a nabo\u017ce\u0144stwo <strong>do Siedmiu Bole\u015bci Naj\u015bwi\u0119tszej Maryi Panny<\/strong>, rozwa\u017canie <strong>cierpie\u0144 i rado\u015bci przybranego ojca Chrystusa<\/strong> cz\u0119sto pozostawa\u0142o na drugim planie. A przecie\u017c przez ca\u0142e wieki to nabo\u017ce\u0144stwo by\u0142o bardzo umi\u0142owane, zw\u0142aszcza przez \u015bwi\u0119tych, mistyk\u00f3w i zgromadzenia zakonne.<\/p>\n\n\n\n<p>Odkrycie go na nowo mo\u017ce dzi\u015b pom\u00f3c nam <strong>lepiej zrozumie\u0107 ukryte \u017cycie w Nazarecie<\/strong>, pog\u0142\u0119bi\u0107 posta\u0107 \u015awi\u0119tego J\u00f3zefa oraz nauczy\u0107 si\u0119 czego\u015b, czego nasza epoka bardzo potrzebuje: <strong>jak \u017cy\u0107 wiar\u0105 po\u015br\u00f3d niepewno\u015bci, ciszy i odpowiedzialno\u015bci rodzinnej<\/strong>.<\/p>\n\n\n\n<p>\u015awi\u0119ty J\u00f3zef nigdy nie g\u0142osi\u0142 kaza\u0144, nie pisa\u0142 list\u00f3w apostolskich i nie dokonywa\u0142 publicznych cud\u00f3w.<br>A jednak <strong>ca\u0142e jego \u017cycie by\u0142o nieustannym aktem wiary, pos\u0142usze\u0144stwa i mi\u0142o\u015bci<\/strong>.<\/p>\n\n\n\n<hr class=\"wp-block-separator has-alpha-channel-opacity\"\/>\n\n\n\n<h1 class=\"wp-block-heading\">1. Czym jest nabo\u017ce\u0144stwo Siedmiu Bole\u015bci i Rado\u015bci?<\/h1>\n\n\n\n<p>To nabo\u017ce\u0144stwo polega na <strong>rozwa\u017caniu siedmiu moment\u00f3w cierpienia i siedmiu moment\u00f3w rado\u015bci w \u017cyciu \u015awi\u0119tego J\u00f3zefa<\/strong>, kt\u00f3re zazwyczaj s\u0105 ze sob\u0105 po\u0142\u0105czone.<\/p>\n\n\n\n<p>Ka\u017cda bole\u015b\u0107 jest nast\u0119puj\u0105ca po niej rado\u015bci\u0105.<br>Ka\u017cda pr\u00f3ba zostaje o\u015bwietlona \u0142ask\u0105.<\/p>\n\n\n\n<p>Ten duchowy schemat odzwierciedla g\u0142\u0119boko chrze\u015bcija\u0144sk\u0105 prawd\u0119:<\/p>\n\n\n\n<blockquote class=\"wp-block-quote is-layout-flow wp-block-quote-is-layout-flow\">\n<p><strong>B\u00f3g nigdy nie dopuszcza krzy\u017ca, nie przygotowuj\u0105c jednocze\u015bnie \u0142aski.<\/strong><\/p>\n<\/blockquote>\n\n\n\n<p>Nabo\u017ce\u0144stwo praktykuje si\u0119 zazwyczaj <strong>rozwa\u017caj\u0105c ka\u017cde misterium i odmawiaj\u0105c Ojcze nasz oraz Zdrowa\u015b Maryjo<\/strong>, cho\u0107 istnieje r\u00f3wnie\u017c d\u0142u\u017csza forma modlitwy.<\/p>\n\n\n\n<p>Tradycyjnie odmawia si\u0119 je <strong>w \u015brody<\/strong> (dzie\u0144 po\u015bwi\u0119cony \u015awi\u0119temu J\u00f3zefowi) albo w <strong>miesi\u0105cu marcu<\/strong>, kt\u00f3ry jest jemu dedykowany.<\/p>\n\n\n\n<hr class=\"wp-block-separator has-alpha-channel-opacity\"\/>\n\n\n\n<h1 class=\"wp-block-heading\">2. Historyczne pochodzenie nabo\u017ce\u0144stwa<\/h1>\n\n\n\n<p>Tradycja Siedmiu Bole\u015bci i Rado\u015bci rozprzestrzeni\u0142a si\u0119 szczeg\u00f3lnie <strong>w XVI i XVII wieku<\/strong>.<\/p>\n\n\n\n<p>Jej rozw\u00f3j zwi\u0105zany jest z dobrze znan\u0105 tradycj\u0105 duchow\u0105:<br><strong>mistycznym do\u015bwiadczeniem dw\u00f3ch franciszka\u0144skich braci, kt\u00f3rzy prze\u017cyli katastrof\u0119 statku<\/strong>.<\/p>\n\n\n\n<p>Wed\u0142ug tradycji zostali oni ocaleni dzi\u0119ki wstawiennictwu \u015awi\u0119tego J\u00f3zefa. Z wdzi\u0119czno\u015bci rozpowszechnili form\u0119 modlitwy, kt\u00f3r\u0105 \u2013 jak wierzono \u2013 sam \u015awi\u0119ty J\u00f3zef zainspirowa\u0142: <strong>rozwa\u017canie jego bole\u015bci i rado\u015bci<\/strong>.<\/p>\n\n\n\n<p>Od tego momentu nabo\u017ce\u0144stwo szybko rozprzestrzeni\u0142o si\u0119 w ca\u0142ej Europie, szczeg\u00f3lnie w\u015br\u00f3d:<\/p>\n\n\n\n<ul class=\"wp-block-list\">\n<li>franciszkan\u00f3w<\/li>\n\n\n\n<li>karmelit\u00f3w<\/li>\n\n\n\n<li>wsp\u00f3lnot zakonnych o charakterze kontemplacyjnym<\/li>\n<\/ul>\n\n\n\n<p>Z czasem <strong>wielu \u015bwi\u0119tych poleca\u0142o to nabo\u017ce\u0144stwo<\/strong>, mi\u0119dzy innymi:<\/p>\n\n\n\n<ul class=\"wp-block-list\">\n<li>\u015bw. Teresa z \u00c1vili<\/li>\n\n\n\n<li>\u015bw. Alfons Maria Liguori<\/li>\n\n\n\n<li>\u015bw. Bernardyn ze Sieny<\/li>\n<\/ul>\n\n\n\n<p>Ko\u015bci\u00f3\u0142 zawsze uwa\u017ca\u0142 t\u0119 praktyk\u0119 za <strong>prawdziw\u0105 szko\u0142\u0119 duchow\u0105 g\u0142\u0119boko zakorzenion\u0105 w Ewangelii<\/strong>.<\/p>\n\n\n\n<hr class=\"wp-block-separator has-alpha-channel-opacity\"\/>\n\n\n\n<h1 class=\"wp-block-heading\">3. Teologia bole\u015bci i rado\u015bci<\/h1>\n\n\n\n<p>Na pierwszy rzut oka mo\u017ce si\u0119 wydawa\u0107 jedynie kolejnym pobo\u017cnym nabo\u017ce\u0144stwem.<\/p>\n\n\n\n<p>W rzeczywisto\u015bci zawiera ono <strong>bardzo g\u0142\u0119bok\u0105 nauk\u0119 teologiczn\u0105<\/strong>.<\/p>\n\n\n\n<p>\u015awi\u0119ty J\u00f3zef uczestniczy w tajemnicy Odkupienia w spos\u00f3b wyj\u0105tkowy, poniewa\u017c zosta\u0142 wybrany przez Boga, aby strzec <strong>dw\u00f3ch najwi\u0119kszych skarb\u00f3w nieba na ziemi<\/strong>:<\/p>\n\n\n\n<ul class=\"wp-block-list\">\n<li>Jezusa Chrystusa<\/li>\n\n\n\n<li>Naj\u015bwi\u0119tszej Maryi Panny<\/li>\n<\/ul>\n\n\n\n<p>Jego powo\u0142anie by\u0142o niezwyk\u0142e, ale tak\u017ce <strong>pe\u0142ne wewn\u0119trznych pr\u00f3b<\/strong>.<\/p>\n\n\n\n<p>Teologia duchowo\u015bci uczy, \u017ce <strong>wielkim darom Boga cz\u0119sto towarzysz\u0105 wielkie oczyszczenia<\/strong>.<\/p>\n\n\n\n<p>\u015awi\u0119ty J\u00f3zef do\u015bwiadczy\u0142:<\/p>\n\n\n\n<ul class=\"wp-block-list\">\n<li>niepewno\u015bci<\/li>\n\n\n\n<li>niebezpiecze\u0144stwa<\/li>\n\n\n\n<li>prze\u015bladowania<\/li>\n\n\n\n<li>ub\u00f3stwa<\/li>\n\n\n\n<li>ogromnej odpowiedzialno\u015bci<\/li>\n<\/ul>\n\n\n\n<p>A jednak prze\u017cy\u0142 r\u00f3wnie\u017c <strong>duchowe rado\u015bci, kt\u00f3rych \u017caden inny cz\u0142owiek nigdy nie do\u015bwiadczy\u0142<\/strong>.<\/p>\n\n\n\n<p>Na przyk\u0142ad:<\/p>\n\n\n\n<ul class=\"wp-block-list\">\n<li>kontemplowanie oblicza Wcielonego S\u0142owa<\/li>\n\n\n\n<li>wychowywanie Syna Bo\u017cego<\/li>\n\n\n\n<li>\u017cycie z Naj\u015bwi\u0119tsz\u0105 Maryj\u0105 Pann\u0105<\/li>\n<\/ul>\n\n\n\n<p>W jego \u017cyciu doskonale spe\u0142niaj\u0105 si\u0119 s\u0142owa Pisma:<\/p>\n\n\n\n<blockquote class=\"wp-block-quote is-layout-flow wp-block-quote-is-layout-flow\">\n<p>\u201eKogo Pan mi\u0142uje, tego karci.\u201d (Hbr 12,6)<\/p>\n<\/blockquote>\n\n\n\n<hr class=\"wp-block-separator has-alpha-channel-opacity\"\/>\n\n\n\n<h1 class=\"wp-block-heading\">4. Siedem Bole\u015bci i Rado\u015bci \u015awi\u0119tego J\u00f3zefa<\/h1>\n\n\n\n<p>Rozwa\u017cmy teraz ka\u017cd\u0105 z nich.<\/p>\n\n\n\n<hr class=\"wp-block-separator has-alpha-channel-opacity\"\/>\n\n\n\n<h1 class=\"wp-block-heading\">1. Bole\u015b\u0107 zw\u0105tpienia \u2014 rado\u015b\u0107 objawienia<\/h1>\n\n\n\n<h3 class=\"wp-block-heading\">Bole\u015b\u0107<\/h3>\n\n\n\n<p>\u015awi\u0119ty J\u00f3zef odkrywa, \u017ce Maryja jest brzemienna, zanim zamieszkaj\u0105 razem.<\/p>\n\n\n\n<p>Ewangelia opisuje jego wewn\u0119trzny niepok\u00f3j:<\/p>\n\n\n\n<blockquote class=\"wp-block-quote is-layout-flow wp-block-quote-is-layout-flow\">\n<p>\u201eJ\u00f3zef, jej m\u0105\u017c, kt\u00f3ry by\u0142 cz\u0142owiekiem sprawiedliwym i nie chcia\u0142 narazi\u0107 jej na znies\u0142awienie, postanowi\u0142 oddali\u0107 j\u0105 potajemnie.\u201d (Mt 1,19)<\/p>\n<\/blockquote>\n\n\n\n<p>Wyobra\u017amy sobie jego wewn\u0119trzn\u0105 walk\u0119:<\/p>\n\n\n\n<ul class=\"wp-block-list\">\n<li>bardzo kocha Maryj\u0119<\/li>\n\n\n\n<li>nie rozumie, co si\u0119 dzieje<\/li>\n\n\n\n<li>chce post\u0105pi\u0107 sprawiedliwie<\/li>\n<\/ul>\n\n\n\n<p>To <strong>jeden z najbardziej dramatycznych moment\u00f3w Ewangelii<\/strong>.<\/p>\n\n\n\n<h3 class=\"wp-block-heading\">Rado\u015b\u0107<\/h3>\n\n\n\n<p>Anio\u0142 ukazuje mu si\u0119 we \u015bnie:<\/p>\n\n\n\n<blockquote class=\"wp-block-quote is-layout-flow wp-block-quote-is-layout-flow\">\n<p>\u201eNie b\u00f3j si\u0119 wzi\u0105\u0107 do siebie Maryi, twojej ma\u0142\u017conki, albowiem z Ducha \u015awi\u0119tego jest to, co si\u0119 w Niej pocz\u0119\u0142o.\u201d (Mt 1,20)<\/p>\n<\/blockquote>\n\n\n\n<p>Niepok\u00f3j zamienia si\u0119 w rado\u015b\u0107.<\/p>\n\n\n\n<p>J\u00f3zef rozumie, \u017ce <strong>jego \u017cycie jest cz\u0119\u015bci\u0105 planu zbawienia<\/strong>.<\/p>\n\n\n\n<h3 class=\"wp-block-heading\">Nauka duchowa<\/h3>\n\n\n\n<p>B\u00f3g cz\u0119sto dopuszcza <strong>chwile ciemno\u015bci, zanim objawi swoj\u0105 wol\u0119<\/strong>.<\/p>\n\n\n\n<p>\u015awi\u0119ty J\u00f3zef uczy nas <strong>nie reagowa\u0107 impulsywnie, gdy nie rozumiemy, co B\u00f3g czyni<\/strong>.<\/p>\n\n\n\n<hr class=\"wp-block-separator has-alpha-channel-opacity\"\/>\n\n\n\n<h1 class=\"wp-block-heading\">2. Bole\u015b\u0107 narodzin w ub\u00f3stwie \u2014 rado\u015b\u0107 Zbawiciela<\/h1>\n\n\n\n<h3 class=\"wp-block-heading\">Bole\u015b\u0107<\/h3>\n\n\n\n<p>J\u00f3zef przybywa do Betlejem z brzemienn\u0105 Maryj\u0105 i nie znajduje miejsca na nocleg.<\/p>\n\n\n\n<p>Mesjasz rodzi si\u0119 <strong>w stajni<\/strong>.<\/p>\n\n\n\n<p>Dla odpowiedzialnego ojca musia\u0142o to by\u0107 bardzo bolesne.<\/p>\n\n\n\n<h3 class=\"wp-block-heading\">Rado\u015b\u0107<\/h3>\n\n\n\n<p>Jednak J\u00f3zef ogl\u0105da co\u015b, czego \u017caden cz\u0142owiek wcze\u015bniej nie widzia\u0142:<\/p>\n\n\n\n<p><strong>Boga, kt\u00f3ry sta\u0142 si\u0119 Dzieckiem.<\/strong><\/p>\n\n\n\n<p>Przybywaj\u0105 pasterze, anio\u0142owie \u015bpiewaj\u0105.<\/p>\n\n\n\n<p>Ub\u00f3stwo zamienia si\u0119 w chwa\u0142\u0119.<\/p>\n\n\n\n<h3 class=\"wp-block-heading\">Nauka duchowa<\/h3>\n\n\n\n<p>Prawdziwa chrze\u015bcija\u0144ska rado\u015b\u0107 <strong>nie zale\u017cy od materialnego komfortu<\/strong>.<\/p>\n\n\n\n<p>B\u00f3g mo\u017ce dokonywa\u0107 <strong>swoich najwi\u0119kszych cud\u00f3w w ub\u00f3stwie<\/strong>.<\/p>\n\n\n\n<hr class=\"wp-block-separator has-alpha-channel-opacity\"\/>\n\n\n\n<h1 class=\"wp-block-heading\">3. Bole\u015b\u0107 obrzezania \u2014 rado\u015b\u0107 imienia Jezusa<\/h1>\n\n\n\n<h3 class=\"wp-block-heading\">Bole\u015b\u0107<\/h3>\n\n\n\n<p>\u015awi\u0119ty J\u00f3zef musi przedstawi\u0107 Dzieci\u0119 do obrzezania, znaku przymierza, a zarazem <strong>pierwszego przelania krwi Chrystusa<\/strong>.<\/p>\n\n\n\n<h3 class=\"wp-block-heading\">Rado\u015b\u0107<\/h3>\n\n\n\n<p>W tym momencie objawia si\u0119 imi\u0119 zbawienia:<\/p>\n\n\n\n<p><strong>Jezus<\/strong>, kt\u00f3re oznacza <em>\u201eB\u00f3g zbawia\u201d<\/em>.<\/p>\n\n\n\n<p>J\u00f3zef ma przywilej <strong>wypowiedzie\u0107 to imi\u0119 po raz pierwszy na ziemi<\/strong>.<\/p>\n\n\n\n<h3 class=\"wp-block-heading\">Nauka duchowa<\/h3>\n\n\n\n<p>Zbawienie zaczyna si\u0119 od ofiary.<\/p>\n\n\n\n<p>Nawet Dzieci\u0119-B\u00f3g <strong>wchodzi w histori\u0119 ludzko\u015bci, dziel\u0105c nasze cierpienie<\/strong>.<\/p>\n\n\n\n<hr class=\"wp-block-separator has-alpha-channel-opacity\"\/>\n\n\n\n<h1 class=\"wp-block-heading\">4. Bole\u015b\u0107 proroctwa Symeona \u2014 rado\u015b\u0107 \u015bwiat\u0142a dla narod\u00f3w<\/h1>\n\n\n\n<h3 class=\"wp-block-heading\">Bole\u015b\u0107<\/h3>\n\n\n\n<p>Symeon zapowiada, \u017ce Dzieci\u0119 b\u0119dzie <strong>znakiem sprzeciwu<\/strong>.<\/p>\n\n\n\n<p>I m\u00f3wi do Maryi:<\/p>\n\n\n\n<blockquote class=\"wp-block-quote is-layout-flow wp-block-quote-is-layout-flow\">\n<p>\u201eA Twoj\u0105 dusz\u0119 miecz przeniknie.\u201d (\u0141k 2,35)<\/p>\n<\/blockquote>\n\n\n\n<p>J\u00f3zef rozumie, \u017ce przysz\u0142o\u015b\u0107 Dzieci\u0119cia b\u0119dzie naznaczona cierpieniem.<\/p>\n\n\n\n<h3 class=\"wp-block-heading\">Rado\u015b\u0107<\/h3>\n\n\n\n<p>Jednak Symeon og\u0142asza r\u00f3wnie\u017c, \u017ce Jezus b\u0119dzie:<\/p>\n\n\n\n<blockquote class=\"wp-block-quote is-layout-flow wp-block-quote-is-layout-flow\">\n<p>\u201e\u015awiat\u0142em na o\u015bwiecenie pogan.\u201d (\u0141k 2,32)<\/p>\n<\/blockquote>\n\n\n\n<p>J\u00f3zef rozumie, \u017ce jego przybrany Syn <strong>przyniesie zbawienie ca\u0142emu \u015bwiatu<\/strong>.<\/p>\n\n\n\n<hr class=\"wp-block-separator has-alpha-channel-opacity\"\/>\n\n\n\n<h1 class=\"wp-block-heading\">5. Bole\u015b\u0107 ucieczki do Egiptu \u2014 rado\u015b\u0107 ocalenia Dzieci\u0119cia<\/h1>\n\n\n\n<h3 class=\"wp-block-heading\">Bole\u015b\u0107<\/h3>\n\n\n\n<p>Herod chce zabi\u0107 Dzieci\u0119.<\/p>\n\n\n\n<p>J\u00f3zef musi ucieka\u0107 w nocy, zostawiaj\u0105c wszystko.<\/p>\n\n\n\n<p>Staje si\u0119 <strong>uchod\u017ac\u0105 w obcej ziemi<\/strong>.<\/p>\n\n\n\n<h3 class=\"wp-block-heading\">Rado\u015b\u0107<\/h3>\n\n\n\n<p>Dzi\u0119ki jego pos\u0142usze\u0144stwu Zbawiciel zostaje ocalony.<\/p>\n\n\n\n<p>J\u00f3zef staje si\u0119 <strong>bezpo\u015brednim narz\u0119dziem Bo\u017cego planu<\/strong>.<\/p>\n\n\n\n<h3 class=\"wp-block-heading\">Nauka duchowa<\/h3>\n\n\n\n<p>B\u00f3g powierza wielkie misje ludziom pozornie prostym.<\/p>\n\n\n\n<p>Pokorne pos\u0142usze\u0144stwo mo\u017ce <strong>zmieni\u0107 bieg historii \u015bwiata<\/strong>.<\/p>\n\n\n\n<hr class=\"wp-block-separator has-alpha-channel-opacity\"\/>\n\n\n\n<h1 class=\"wp-block-heading\">6. Bole\u015b\u0107 niepewnego powrotu \u2014 rado\u015b\u0107 powrotu do Nazaretu<\/h1>\n\n\n\n<h3 class=\"wp-block-heading\">Bole\u015b\u0107<\/h3>\n\n\n\n<p>Po Egipcie J\u00f3zef nie wie, gdzie si\u0119 osiedli\u0107.<\/p>\n\n\n\n<p>Niebezpiecze\u0144stwo wci\u0105\u017c istnieje.<\/p>\n\n\n\n<h3 class=\"wp-block-heading\">Rado\u015b\u0107<\/h3>\n\n\n\n<p>Ostatecznie osiedla si\u0119 w Nazarecie.<\/p>\n\n\n\n<p>Tam rozpoczyna si\u0119 <strong>ukryte \u017cycie Jezusa<\/strong>, pe\u0142ne pokoju.<\/p>\n\n\n\n<hr class=\"wp-block-separator has-alpha-channel-opacity\"\/>\n\n\n\n<h1 class=\"wp-block-heading\">7. Bole\u015b\u0107 zgubienia Jezusa w \u015bwi\u0105tyni \u2014 rado\u015b\u0107 odnalezienia Go<\/h1>\n\n\n\n<h3 class=\"wp-block-heading\">Bole\u015b\u0107<\/h3>\n\n\n\n<p>Przez trzy dni J\u00f3zef i Maryja szukaj\u0105 Jezusa.<\/p>\n\n\n\n<p>To jedna z najbardziej ludzkich bole\u015bci Ewangelii.<\/p>\n\n\n\n<h3 class=\"wp-block-heading\">Rado\u015b\u0107<\/h3>\n\n\n\n<p>Odnajduj\u0105 Go nauczaj\u0105cego w \u015bwi\u0105tyni.<\/p>\n\n\n\n<p>Jezus objawia swoj\u0105 bosk\u0105 misj\u0119.<\/p>\n\n\n\n<h3 class=\"wp-block-heading\">Nauka duchowa<\/h3>\n\n\n\n<p>Nawet naj\u015bwi\u0119tsze dusze mog\u0105 do\u015bwiadcza\u0107 <strong>chwil pozornej nieobecno\u015bci Boga<\/strong>.<\/p>\n\n\n\n<p>Jednak Pan zawsze pozwala si\u0119 odnale\u017a\u0107.<\/p>\n\n\n\n<hr class=\"wp-block-separator has-alpha-channel-opacity\"\/>\n\n\n\n<h1 class=\"wp-block-heading\">5. Aktualno\u015b\u0107 tego nabo\u017ce\u0144stwa<\/h1>\n\n\n\n<p>To nabo\u017ce\u0144stwo mo\u017ce wydawa\u0107 si\u0119 dawne.<\/p>\n\n\n\n<p>W rzeczywisto\u015bci jednak <strong>doskonale odpowiada na wyzwania naszych czas\u00f3w<\/strong>.<\/p>\n\n\n\n<p>\u015awi\u0119ty J\u00f3zef jest niezwyk\u0142ym wzorem dla naszej epoki, poniewa\u017c przedstawia:<\/p>\n\n\n\n<ul class=\"wp-block-list\">\n<li>odpowiedzialnego ojca<\/li>\n\n\n\n<li>cichego pracownika<\/li>\n\n\n\n<li>wierz\u0105cego wiernego po\u015br\u00f3d niepewno\u015bci<\/li>\n<\/ul>\n\n\n\n<p>W kulturze, kt\u00f3ra cz\u0119sto <strong>o\u015bmiesza ojcostwo lub umniejsza odpowiedzialno\u015b\u0107 rodzinn\u0105<\/strong>, posta\u0107 \u015awi\u0119tego J\u00f3zefa zn\u00f3w staje si\u0119 prorocza.<\/p>\n\n\n\n<p>Bole\u015bci i Rado\u015bci ucz\u0105 czego\u015b fundamentalnego:<\/p>\n\n\n\n<p><strong>\u015bwi\u0119to\u015b\u0107 prze\u017cywa si\u0119 w codziennym \u017cyciu<\/strong>.<\/p>\n\n\n\n<p>Nie w spektakularnych gestach, lecz w:<\/p>\n\n\n\n<ul class=\"wp-block-list\">\n<li>trosce o rodzin\u0119<\/li>\n\n\n\n<li>uczciwej pracy<\/li>\n\n\n\n<li>pos\u0142usze\u0144stwie Bogu w codzienno\u015bci<\/li>\n<\/ul>\n\n\n\n<hr class=\"wp-block-separator has-alpha-channel-opacity\"\/>\n\n\n\n<h1 class=\"wp-block-heading\">6. Jak dzi\u015b praktykowa\u0107 to nabo\u017ce\u0144stwo<\/h1>\n\n\n\n<p>Odkrycie tego nabo\u017ce\u0144stwa na nowo jest bardzo proste.<\/p>\n\n\n\n<p>Oto kilka praktycznych sposob\u00f3w:<\/p>\n\n\n\n<h3 class=\"wp-block-heading\">1. Odmawia\u0107 je w \u015brody<\/h3>\n\n\n\n<p>\u015aroda jest tradycyjnie dniem po\u015bwi\u0119conym \u015awi\u0119temu J\u00f3zefowi.<\/p>\n\n\n\n<p>Mo\u017cna rozwa\u017ca\u0107 <strong>jedn\u0105 bole\u015b\u0107 i jedn\u0105 rado\u015b\u0107 w ka\u017cdym tygodniu<\/strong>.<\/p>\n\n\n\n<hr class=\"wp-block-separator has-alpha-channel-opacity\"\/>\n\n\n\n<h3 class=\"wp-block-heading\">2. Praktykowa\u0107 je w rodzinie<\/h3>\n\n\n\n<p>To nabo\u017ce\u0144stwo doskonale nadaje si\u0119 do modlitwy z dzie\u0107mi.<\/p>\n\n\n\n<p>Pomaga uczy\u0107 je:<\/p>\n\n\n\n<ul class=\"wp-block-list\">\n<li>\u017cycia Jezusa<\/li>\n\n\n\n<li>znaczenia ojcostwa<\/li>\n\n\n\n<li>zaufania Bogu<\/li>\n<\/ul>\n\n\n\n<hr class=\"wp-block-separator has-alpha-channel-opacity\"\/>\n\n\n\n<h3 class=\"wp-block-heading\">3. Modli\u0107 si\u0119 nim w chwilach kryzysu<\/h3>\n\n\n\n<p>\u015awi\u0119ty J\u00f3zef jest szczeg\u00f3lnie wzywany jako:<\/p>\n\n\n\n<ul class=\"wp-block-list\">\n<li>opiekun rodzin<\/li>\n\n\n\n<li>patron pracownik\u00f3w<\/li>\n\n\n\n<li>pomoc w trudnych chwilach<\/li>\n<\/ul>\n\n\n\n<hr class=\"wp-block-separator has-alpha-channel-opacity\"\/>\n\n\n\n<h3 class=\"wp-block-heading\">4. \u017by\u0107 duchowo\u015bci\u0105 Nazaretu<\/h3>\n\n\n\n<p>Bole\u015bci i Rado\u015bci ucz\u0105 nas bardzo konkretnej duchowo\u015bci:<\/p>\n\n\n\n<ul class=\"wp-block-list\">\n<li>przyjmowania pr\u00f3b<\/li>\n\n\n\n<li>ufania Bogu<\/li>\n\n\n\n<li>odnajdywania rado\u015bci w prostych rzeczach<\/li>\n<\/ul>\n\n\n\n<hr class=\"wp-block-separator has-alpha-channel-opacity\"\/>\n\n\n\n<h1 class=\"wp-block-heading\">7. \u015awi\u0119ty J\u00f3zef, nauczyciel dla zranionego Ko\u015bcio\u0142a<\/h1>\n\n\n\n<p>Dzi\u015b wielu katolik\u00f3w odczuwa niepewno\u015b\u0107 z powodu:<\/p>\n\n\n\n<ul class=\"wp-block-list\">\n<li>kryzys\u00f3w kulturowych<\/li>\n\n\n\n<li>napi\u0119\u0107 wewn\u0105trz Ko\u015bcio\u0142a<\/li>\n\n\n\n<li>szybkich zmian spo\u0142ecznych<\/li>\n<\/ul>\n\n\n\n<p>\u015awi\u0119ty J\u00f3zef pokazuje nam drog\u0119.<\/p>\n\n\n\n<p>On tak\u017ce \u017cy\u0142 w \u015bwiecie pe\u0142nym niepokoj\u00f3w:<\/p>\n\n\n\n<ul class=\"wp-block-list\">\n<li>pod panowaniem rzymskim<\/li>\n\n\n\n<li>z prze\u015bladowaniami politycznymi<\/li>\n\n\n\n<li>w ub\u00f3stwie<\/li>\n<\/ul>\n\n\n\n<p>A jednak <strong>pozosta\u0142 wierny<\/strong>.<\/p>\n\n\n\n<p>Jego \u015bwi\u0119to\u015b\u0107 nie by\u0142a spektakularna.<\/p>\n\n\n\n<p>By\u0142a <strong>cicha, mocna i sta\u0142a<\/strong>.<\/p>\n\n\n\n<hr class=\"wp-block-separator has-alpha-channel-opacity\"\/>\n\n\n\n<h1 class=\"wp-block-heading\">Zako\u0144czenie: nabo\u017ce\u0144stwo warte ponownego odkrycia<\/h1>\n\n\n\n<p>Siedem Bole\u015bci i Rado\u015bci \u015awi\u0119tego J\u00f3zefa to co\u015b znacznie wi\u0119cej ni\u017c dawna praktyka pobo\u017cno\u015bci.<\/p>\n\n\n\n<p>To <strong>szko\u0142a \u017cycia chrze\u015bcija\u0144skiego<\/strong>.<\/p>\n\n\n\n<p>Ucz\u0105 nas, \u017ce:<\/p>\n\n\n\n<ul class=\"wp-block-list\">\n<li>wiara prze\u017cywana jest w niepewno\u015bci<\/li>\n\n\n\n<li>cierpienie mo\u017ce sta\u0107 si\u0119 \u0142ask\u0105<\/li>\n\n\n\n<li>pos\u0142usze\u0144stwo otwiera drog\u0119 do cud\u00f3w Boga<\/li>\n<\/ul>\n\n\n\n<p>W \u015bwiecie pe\u0142nym ha\u0142asu \u015awi\u0119ty J\u00f3zef zaprasza nas do ponownego odkrycia <strong>ciszy, zaufania i codziennej wierno\u015bci<\/strong>.<\/p>\n\n\n\n<p>By\u0107 mo\u017ce dlatego Ko\u015bci\u00f3\u0142 zawsze uwa\u017ca\u0142 go za <strong>\u015bwi\u0119tego naszych czas\u00f3w<\/strong>.<\/p>\n\n\n\n<p>Poniewa\u017c dzi\u015b bardziej ni\u017c kiedykolwiek potrzebujemy m\u0119\u017cczyzn i kobiet, kt\u00f3rzy potrafi\u0105 \u017cy\u0107 jak on:<\/p>\n\n\n\n<p><strong>bez szukania pierwsze\u0144stwa, ale ca\u0142kowicie oddani planowi Boga.<\/strong><\/p>\n\n\n\n<p>A mo\u017ce, gdyby wielu chrze\u015bcijan odkry\u0142o na nowo to nabo\u017ce\u0144stwo, nauczyliby\u015bmy si\u0119 ponownie tajemnicy Nazaretu:<\/p>\n\n\n\n<p>\u017ce najwi\u0119ksze dzie\u0142a Boga rodz\u0105 si\u0119 <strong>w ciszy wiernych serc<\/strong>.<\/p>\n","protected":false},"excerpt":{"rendered":"<p>W czasach, gdy wielu katolik\u00f3w szuka konkretnych sposob\u00f3w prze\u017cywania wiary po\u015br\u00f3d zgie\u0142ku \u015bwiata, Ko\u015bci\u00f3\u0142 zachowuje w swojej tradycji duchowy skarb, kt\u00f3ry dzi\u015b jest zaskakuj\u0105co ma\u0142o znany: nabo\u017ce\u0144stwo do Siedmiu Bole\u015bci i Rado\u015bci \u015awi\u0119tego J\u00f3zefa. Podczas gdy duchowo\u015b\u0107 chrze\u015bcija\u0144ska szeroko rozpowszechni\u0142a nabo\u017ce\u0144stwo do Siedmiu Bole\u015bci Naj\u015bwi\u0119tszej Maryi Panny, rozwa\u017canie cierpie\u0144 i rado\u015bci przybranego ojca Chrystusa cz\u0119sto &hellip;<\/p>\n","protected":false},"author":3,"featured_media":5224,"comment_status":"closed","ping_status":"closed","sticky":false,"template":"","format":"standard","meta":{"_seopress_robots_primary_cat":"","_seopress_titles_title":"","_seopress_titles_desc":"","_seopress_robots_index":"","footnotes":""},"categories":[40,58],"tags":[],"class_list":["post-5223","post","type-post","status-publish","format-standard","has-post-thumbnail","","category-modlitwa-i-duchowosc","category-modlitwa-i-zycie-duchowe"],"_links":{"self":[{"href":"https:\/\/catholicus.eu\/pl\/wp-json\/wp\/v2\/posts\/5223","targetHints":{"allow":["GET"]}}],"collection":[{"href":"https:\/\/catholicus.eu\/pl\/wp-json\/wp\/v2\/posts"}],"about":[{"href":"https:\/\/catholicus.eu\/pl\/wp-json\/wp\/v2\/types\/post"}],"author":[{"embeddable":true,"href":"https:\/\/catholicus.eu\/pl\/wp-json\/wp\/v2\/users\/3"}],"replies":[{"embeddable":true,"href":"https:\/\/catholicus.eu\/pl\/wp-json\/wp\/v2\/comments?post=5223"}],"version-history":[{"count":1,"href":"https:\/\/catholicus.eu\/pl\/wp-json\/wp\/v2\/posts\/5223\/revisions"}],"predecessor-version":[{"id":5225,"href":"https:\/\/catholicus.eu\/pl\/wp-json\/wp\/v2\/posts\/5223\/revisions\/5225"}],"wp:featuredmedia":[{"embeddable":true,"href":"https:\/\/catholicus.eu\/pl\/wp-json\/wp\/v2\/media\/5224"}],"wp:attachment":[{"href":"https:\/\/catholicus.eu\/pl\/wp-json\/wp\/v2\/media?parent=5223"}],"wp:term":[{"taxonomy":"category","embeddable":true,"href":"https:\/\/catholicus.eu\/pl\/wp-json\/wp\/v2\/categories?post=5223"},{"taxonomy":"post_tag","embeddable":true,"href":"https:\/\/catholicus.eu\/pl\/wp-json\/wp\/v2\/tags?post=5223"}],"curies":[{"name":"wp","href":"https:\/\/api.w.org\/{rel}","templated":true}]}}