{"id":5146,"date":"2026-03-02T17:45:35","date_gmt":"2026-03-02T16:45:35","guid":{"rendered":"https:\/\/catholicus.eu\/pl\/?p=5146"},"modified":"2026-03-02T17:45:35","modified_gmt":"2026-03-02T16:45:35","slug":"przypowiesci-ktore-moga-ocalic-twoje-zycie-madrosc-ktora-krzyczy-na-ulicach-swiata-pozbawionego-kierunku","status":"publish","type":"post","link":"https:\/\/catholicus.eu\/pl\/przypowiesci-ktore-moga-ocalic-twoje-zycie-madrosc-ktora-krzyczy-na-ulicach-swiata-pozbawionego-kierunku\/","title":{"rendered":"PRZYPowie\u015bci, KT\u00d3RE MOG\u0104 OCALI\u0106 TWOJE \u017bYCIE: M\u0104DRO\u015a\u0106, KT\u00d3RA KRZYCZY NA ULICACH \u015aWIATA POZBAWIONEGO KIERUNKU"},"content":{"rendered":"\n<p>\u017byjemy w epoce nadmiaru informacji, lecz dramatycznego braku m\u0105dro\u015bci. Nigdy wcze\u015bniej nie mieli\u015bmy tak szybkiego dost\u0119pu do wiedzy, a jednocze\u015bnie tak wielu ludzi zagubionych, niespokojnych, przyt\u0142oczonych decyzjami i zdezorientowanych moralnie. W\u0142a\u015bnie w tym kontek\u015bcie jedno z najbardziej praktycznych, bezpo\u015brednich i aktualnych ksi\u0105g Pisma \u015awi\u0119tego ja\u015bnieje ze szczeg\u00f3ln\u0105 si\u0142\u0105: <strong>Ksi\u0119ga Przys\u0142\u00f3w<\/strong>.<\/p>\n\n\n\n<p>Ta ksi\u0119ga nie jest zbiorem pobo\u017cnych frazes\u00f3w ani staro\u017cytnych sentencji oderwanych od \u017cycia. To natchnione przez Boga kompendium m\u0105dro\u015bci, szko\u0142a rozeznania, podr\u0119cznik \u015bwi\u0119to\u015bci prze\u017cywanej w codzienno\u015bci. Je\u015bli Ewangelia pokazuje nam twarz Chrystusa, to Przys\u0142owia ucz\u0105 nas, jak chodzi\u0107 Jego drogami w zwyk\u0142ych sprawach: w pracy, w rodzinie, w mowie, w pieni\u0105dzach, w przyja\u017ani i w cierpieniu.<\/p>\n\n\n\n<hr class=\"wp-block-separator has-alpha-channel-opacity\"\/>\n\n\n\n<h2 class=\"wp-block-heading\">1. Czym jest Ksi\u0119ga Przys\u0142\u00f3w i sk\u0105d si\u0119 wzi\u0119\u0142a?<\/h2>\n\n\n\n<p>Ksi\u0119ga Przys\u0142\u00f3w nale\u017cy do literatury m\u0105dro\u015bciowej Starego Testamentu, obok takich ksi\u0105g jak Ksi\u0119ga Hioba czy Ksi\u0119ga Koheleta. W tradycji \u017cydowskiej i chrze\u015bcija\u0144skiej jej autorstwo przypisuje si\u0119 przede wszystkim kr\u00f3lowi Salomon, synowi Dawid, znanemu z niezwyk\u0142ej m\u0105dro\u015bci otrzymanej od Boga (por. 1 Krl 3).<\/p>\n\n\n\n<p>Sama ksi\u0119ga wspomina:<\/p>\n\n\n\n<blockquote class=\"wp-block-quote is-layout-flow wp-block-quote-is-layout-flow\">\n<p>\u201ePrzys\u0142owia Salomona, syna Dawida, kr\u00f3la Izraela\u201d (Prz 1,1).<\/p>\n<\/blockquote>\n\n\n\n<p>Nie oznacza to jednak, \u017ce wszystkie przys\u0142owia wysz\u0142y bezpo\u015brednio spod jego pi\u00f3ra. Ksi\u0119ga jest zbiorem r\u00f3\u017cnych tradycji m\u0105dro\u015bciowych, redagowanych przez wieki, ale zakorzenionych w nurcie m\u0105dro\u015bci salomonowej.<\/p>\n\n\n\n<p>Jej g\u0142\u00f3wnym celem jest jasno okre\u015blony ju\u017c na pocz\u0105tku:<\/p>\n\n\n\n<blockquote class=\"wp-block-quote is-layout-flow wp-block-quote-is-layout-flow\">\n<p>\u201eDla poznania m\u0105dro\u015bci i karno\u015bci, do zrozumienia s\u0142\u00f3w rozumu\u2026\u201d (Prz 1,2).<\/p>\n<\/blockquote>\n\n\n\n<p>Nie chodzi wi\u0119c o ciekawostki intelektualne. Chodzi o formacj\u0119 serca.<\/p>\n\n\n\n<hr class=\"wp-block-separator has-alpha-channel-opacity\"\/>\n\n\n\n<h2 class=\"wp-block-heading\">2. \u201eBoja\u017a\u0144 Pa\u0144ska pocz\u0105tkiem m\u0105dro\u015bci\u201d \u2013 fundament ca\u0142ej ksi\u0119gi<\/h2>\n\n\n\n<p>Klucz do zrozumienia ca\u0142ej Ksi\u0119gi Przys\u0142\u00f3w zawiera si\u0119 w jednym zdaniu:<\/p>\n\n\n\n<blockquote class=\"wp-block-quote is-layout-flow wp-block-quote-is-layout-flow\">\n<p>\u201eBoja\u017a\u0144 Pa\u0144ska jest pocz\u0105tkiem m\u0105dro\u015bci\u201d (Prz 9,10).<\/p>\n<\/blockquote>\n\n\n\n<p>To zdanie jest absolutnym filarem teologicznym ksi\u0119gi.<\/p>\n\n\n\n<p>Czym jest boja\u017a\u0144 Pa\u0144ska? Nie jest to strach przed kar\u0105. W tradycji katolickiej jest to dar Ducha \u015awi\u0119tego, kt\u00f3ry sprawia, \u017ce cz\u0142owiek nie chce obrazi\u0107 Boga, poniewa\u017c Go kocha. To postawa synowskiego szacunku, adoracji i \u015bwiadomo\u015bci Jego obecno\u015bci.<\/p>\n\n\n\n<p>M\u0105dro\u015b\u0107 w rozumieniu biblijnym nie jest sprytem ani inteligencj\u0105. To umiej\u0119tno\u015b\u0107 \u017cycia zgodnego z porz\u0105dkiem Bo\u017cym. A ten porz\u0105dek zaczyna si\u0119 od uznania, \u017ce B\u00f3g jest Bogiem \u2013 a ja nie.<\/p>\n\n\n\n<p>W \u015bwiecie, kt\u00f3ry absolutyzuje subiektywizm (\u201emoja prawda\u201d, \u201emoje odczucia\u201d, \u201emoje cia\u0142o \u2013 m\u00f3j wyb\u00f3r\u201d), Przys\u0142owia przypominaj\u0105: istnieje obiektywny porz\u0105dek moralny. Istnieje prawda. Istniej\u0105 konsekwencje.<\/p>\n\n\n\n<hr class=\"wp-block-separator has-alpha-channel-opacity\"\/>\n\n\n\n<h2 class=\"wp-block-heading\">3. M\u0105dro\u015b\u0107 jako Osoba \u2013 zapowied\u017a Chrystusa<\/h2>\n\n\n\n<p>Jednym z najg\u0142\u0119bszych teologicznie aspekt\u00f3w Ksi\u0119gi Przys\u0142\u00f3w jest personifikacja M\u0105dro\u015bci. W rozdziale 8 M\u0105dro\u015b\u0107 przemawia jak osoba:<\/p>\n\n\n\n<blockquote class=\"wp-block-quote is-layout-flow wp-block-quote-is-layout-flow\">\n<p>\u201ePan mnie stworzy\u0142, swe arcydzie\u0142o, jako pocz\u0105tek swej mocy\u2026\u201d (Prz 8,22).<\/p>\n<\/blockquote>\n\n\n\n<p>Tradycja Ko\u015bcio\u0142a widzia\u0142a w tej M\u0105dro\u015bci zapowied\u017a odwiecznego S\u0142owa, czyli Jezus Chrystus, kt\u00f3ry w Nowym Testamencie zostaje nazwany \u201eM\u0105dro\u015bci\u0105 Bo\u017c\u0105\u201d (1 Kor 1,24).<\/p>\n\n\n\n<p>To oznacza, \u017ce Ksi\u0119ga Przys\u0142\u00f3w nie jest tylko moralnym poradnikiem. Ona prowadzi nas do Chrystusa. M\u0105dro\u015b\u0107 nie jest ide\u0105 \u2013 jest Osob\u0105.<\/p>\n\n\n\n<p>Czytaj\u0105c Przys\u0142owia w \u015bwietle Ewangelii, widzimy, \u017ce prawdziwa m\u0105dro\u015b\u0107 to \u017cycie zakorzenione w Chrystusie, podporz\u0105dkowane Jego prawu mi\u0142o\u015bci.<\/p>\n\n\n\n<hr class=\"wp-block-separator has-alpha-channel-opacity\"\/>\n\n\n\n<h2 class=\"wp-block-heading\">4. Przys\u0142owia a \u017cycie codzienne: duchowo\u015b\u0107 konkretu<\/h2>\n\n\n\n<p>Jedn\u0105 z najbardziej fascynuj\u0105cych cech tej ksi\u0119gi jest jej realizm. Przys\u0142owia m\u00f3wi\u0105 o:<\/p>\n\n\n\n<ul class=\"wp-block-list\">\n<li>j\u0119zyku i plotce<\/li>\n\n\n\n<li>lenistwie<\/li>\n\n\n\n<li>pieni\u0105dzach<\/li>\n\n\n\n<li>wychowaniu dzieci<\/li>\n\n\n\n<li>ma\u0142\u017ce\u0144stwie<\/li>\n\n\n\n<li>przyja\u017ani<\/li>\n\n\n\n<li>gniewie<\/li>\n\n\n\n<li>pysze<\/li>\n<\/ul>\n\n\n\n<p>Na przyk\u0142ad:<\/p>\n\n\n\n<blockquote class=\"wp-block-quote is-layout-flow wp-block-quote-is-layout-flow\">\n<p>\u201e\u0141agodna odpowied\u017a u\u015bmierza gniew, lecz s\u0142owo rani\u0105ce wywo\u0142uje z\u0142o\u015b\u0107\u201d (Prz 15,1).<\/p>\n<\/blockquote>\n\n\n\n<p>To zdanie samo w sobie mog\u0142oby uratowa\u0107 setki ma\u0142\u017ce\u0144stw.<\/p>\n\n\n\n<p>Albo:<\/p>\n\n\n\n<blockquote class=\"wp-block-quote is-layout-flow wp-block-quote-is-layout-flow\">\n<p>\u201ePycha chodzi przed upadkiem\u201d (Prz 16,18).<\/p>\n<\/blockquote>\n\n\n\n<p>Ile dramat\u00f3w rodzinnych, zawodowych i ko\u015bcielnych zacz\u0119\u0142o si\u0119 w\u0142a\u015bnie od pychy?<\/p>\n\n\n\n<p>Przys\u0142owia ucz\u0105 nas, \u017ce \u015bwi\u0119to\u015b\u0107 nie jest zarezerwowana dla klasztor\u00f3w. Ona zaczyna si\u0119 w sposobie, w jaki odpowiadasz wsp\u00f3\u0142ma\u0142\u017conkowi. W tym, czy jeste\u015b uczciwy w pracy. W tym, czy kontrolujesz sw\u00f3j j\u0119zyk.<\/p>\n\n\n\n<hr class=\"wp-block-separator has-alpha-channel-opacity\"\/>\n\n\n\n<h2 class=\"wp-block-heading\">5. Wychowanie i odpowiedzialno\u015b\u0107 rodzic\u00f3w<\/h2>\n\n\n\n<p>Ksi\u0119ga Przys\u0142\u00f3w jest pe\u0142na odniesie\u0144 do wychowania:<\/p>\n\n\n\n<blockquote class=\"wp-block-quote is-layout-flow wp-block-quote-is-layout-flow\">\n<p>\u201eWdra\u017caj ch\u0142opca w prawid\u0142a jego drogi, a nie zejdzie z niej i w staro\u015bci\u201d (Prz 22,6).<\/p>\n<\/blockquote>\n\n\n\n<p>To zdanie jest dzi\u015b niezwykle aktualne. W kulturze, kt\u00f3ra cz\u0119sto oddaje wychowanie ekranom, szko\u0142om i mediom spo\u0142eczno\u015bciowym, Przys\u0142owia przypominaj\u0105: rodzice s\u0105 pierwszymi wychowawcami.<\/p>\n\n\n\n<p>Z perspektywy teologii katolickiej wychowanie to wsp\u00f3\u0142praca z \u0142ask\u0105. To nie tylko przekazywanie norm, ale kszta\u0142towanie sumienia.<\/p>\n\n\n\n<hr class=\"wp-block-separator has-alpha-channel-opacity\"\/>\n\n\n\n<h2 class=\"wp-block-heading\">6. Ub\u00f3stwo, praca i sprawiedliwo\u015b\u0107 spo\u0142eczna<\/h2>\n\n\n\n<p>Przys\u0142owia nie s\u0105 oboj\u0119tne na kwestie spo\u0142eczne. Czytamy:<\/p>\n\n\n\n<blockquote class=\"wp-block-quote is-layout-flow wp-block-quote-is-layout-flow\">\n<p>\u201eKto uciska biednego, uw\u0142acza jego Stw\u00f3rcy\u201d (Prz 14,31).<\/p>\n<\/blockquote>\n\n\n\n<p>To niezwykle mocne stwierdzenie. Pokazuje, \u017ce moralno\u015b\u0107 nie jest tylko spraw\u0105 prywatn\u0105. Istnieje wymiar spo\u0142eczny grzechu.<\/p>\n\n\n\n<p>Praca jest ukazana jako droga b\u0142ogos\u0142awie\u0144stwa, a lenistwo jako \u017ar\u00f3d\u0142o degradacji. Jednak jednocze\u015bnie ksi\u0119ga broni godno\u015bci ubogich i wzywa do mi\u0142osierdzia.<\/p>\n\n\n\n<hr class=\"wp-block-separator has-alpha-channel-opacity\"\/>\n\n\n\n<h2 class=\"wp-block-heading\">7. Kobieta dzielna \u2013 idea\u0142 biblijny<\/h2>\n\n\n\n<p>Rozdzia\u0142 31 przedstawia s\u0142ynny hymn o \u201edzielnej niewie\u015bcie\u201d. To nie jest tekst opresyjny, jak czasem pr\u00f3buje si\u0119 go interpretowa\u0107. To pochwa\u0142a kobiety silnej, pracowitej, m\u0105drej, boj\u0105cej si\u0119 Boga.<\/p>\n\n\n\n<blockquote class=\"wp-block-quote is-layout-flow wp-block-quote-is-layout-flow\">\n<p>\u201eNiewiasta, kt\u00f3ra si\u0119 boi Pana, ta b\u0119dzie chwalona\u201d (Prz 31,30).<\/p>\n<\/blockquote>\n\n\n\n<p>W kontek\u015bcie wsp\u00f3\u0142czesnych debat o to\u017csamo\u015bci i roli kobiety, ten fragment pokazuje, \u017ce prawdziwa wielko\u015b\u0107 nie polega na dominacji, lecz na cnotliwym \u017cyciu zakorzenionym w Bogu.<\/p>\n\n\n\n<hr class=\"wp-block-separator has-alpha-channel-opacity\"\/>\n\n\n\n<h2 class=\"wp-block-heading\">8. Jak czyta\u0107 Ksi\u0119g\u0119 Przys\u0142\u00f3w dzisiaj?<\/h2>\n\n\n\n<p>Pastoralnie warto podkre\u015bli\u0107 kilka zasad:<\/p>\n\n\n\n<ol class=\"wp-block-list\">\n<li>Czytaj po kilka werset\u00f3w dziennie.<\/li>\n\n\n\n<li>Zatrzymaj si\u0119 nad jednym zdaniem i zr\u00f3b rachunek sumienia.<\/li>\n\n\n\n<li>M\u00f3dl si\u0119 tym tekstem.<\/li>\n\n\n\n<li>Odno\u015b go do konkretnych sytuacji \u017cyciowych.<\/li>\n<\/ol>\n\n\n\n<p>Przys\u0142owia s\u0105 jak lustro. Czasem poka\u017c\u0105 co\u015b bolesnego. Ale w\u0142a\u015bnie to jest \u0142aska.<\/p>\n\n\n\n<hr class=\"wp-block-separator has-alpha-channel-opacity\"\/>\n\n\n\n<h2 class=\"wp-block-heading\">9. Dlaczego ta ksi\u0119ga mo\u017ce dzi\u015b \u201euratowa\u0107 \u017cycie\u201d?<\/h2>\n\n\n\n<p>Bo uczy konsekwencji. Uczy rozeznania. Uczy panowania nad sob\u0105. Uczy pokory.<\/p>\n\n\n\n<p>W \u015bwiecie relatywizmu przypomina, \u017ce grzech ma skutki. W \u015bwiecie ha\u0142asu \u2013 \u017ce milczenie jest z\u0142otem. W \u015bwiecie natychmiastowej gratyfikacji \u2013 \u017ce cierpliwo\u015b\u0107 przynosi owoc.<\/p>\n\n\n\n<p>Ksi\u0119ga Przys\u0142\u00f3w to szko\u0142a dojrza\u0142o\u015bci chrze\u015bcija\u0144skiej. To duchowa si\u0142ownia.<\/p>\n\n\n\n<hr class=\"wp-block-separator has-alpha-channel-opacity\"\/>\n\n\n\n<h2 class=\"wp-block-heading\">Zako\u0144czenie: M\u0105dro\u015b\u0107 wo\u0142a \u2013 czy jej pos\u0142uchasz?<\/h2>\n\n\n\n<p>M\u0105dro\u015b\u0107, m\u00f3wi ksi\u0119ga, \u201ewo\u0142a na ulicach\u201d (Prz 1,20). Nie jest ukryta. To my cz\u0119sto zag\u0142uszamy jej g\u0142os.<\/p>\n\n\n\n<p>Je\u015bli chcesz \u017cycia uporz\u0105dkowanego, sumienia prawego, relacji zdrowszych i wiary dojrzalszej \u2013 zacznij od tej ksi\u0119gi.<\/p>\n\n\n\n<p>Bo prawdziwa m\u0105dro\u015b\u0107 nie jest luksusem dla wybranych.<br>Jest drog\u0105 dla tych, kt\u00f3rzy chc\u0105 \u017cy\u0107 w prawdzie.<\/p>\n\n\n\n<p>A prawda \u2013 zawsze prowadzi do Boga.<\/p>\n","protected":false},"excerpt":{"rendered":"<p>\u017byjemy w epoce nadmiaru informacji, lecz dramatycznego braku m\u0105dro\u015bci. Nigdy wcze\u015bniej nie mieli\u015bmy tak szybkiego dost\u0119pu do wiedzy, a jednocze\u015bnie tak wielu ludzi zagubionych, niespokojnych, przyt\u0142oczonych decyzjami i zdezorientowanych moralnie. W\u0142a\u015bnie w tym kontek\u015bcie jedno z najbardziej praktycznych, bezpo\u015brednich i aktualnych ksi\u0105g Pisma \u015awi\u0119tego ja\u015bnieje ze szczeg\u00f3ln\u0105 si\u0142\u0105: Ksi\u0119ga Przys\u0142\u00f3w. Ta ksi\u0119ga nie jest zbiorem &hellip;<\/p>\n","protected":false},"author":3,"featured_media":5147,"comment_status":"closed","ping_status":"closed","sticky":false,"template":"","format":"standard","meta":{"_seopress_robots_primary_cat":"","_seopress_titles_title":"","_seopress_titles_desc":"","_seopress_robots_index":"","footnotes":""},"categories":[37,45],"tags":[1699],"class_list":["post-5146","post","type-post","status-publish","format-standard","has-post-thumbnail","","category-doktryna-i-wiara","category-pismo-swiete","tag-przypowiesci"],"_links":{"self":[{"href":"https:\/\/catholicus.eu\/pl\/wp-json\/wp\/v2\/posts\/5146","targetHints":{"allow":["GET"]}}],"collection":[{"href":"https:\/\/catholicus.eu\/pl\/wp-json\/wp\/v2\/posts"}],"about":[{"href":"https:\/\/catholicus.eu\/pl\/wp-json\/wp\/v2\/types\/post"}],"author":[{"embeddable":true,"href":"https:\/\/catholicus.eu\/pl\/wp-json\/wp\/v2\/users\/3"}],"replies":[{"embeddable":true,"href":"https:\/\/catholicus.eu\/pl\/wp-json\/wp\/v2\/comments?post=5146"}],"version-history":[{"count":1,"href":"https:\/\/catholicus.eu\/pl\/wp-json\/wp\/v2\/posts\/5146\/revisions"}],"predecessor-version":[{"id":5148,"href":"https:\/\/catholicus.eu\/pl\/wp-json\/wp\/v2\/posts\/5146\/revisions\/5148"}],"wp:featuredmedia":[{"embeddable":true,"href":"https:\/\/catholicus.eu\/pl\/wp-json\/wp\/v2\/media\/5147"}],"wp:attachment":[{"href":"https:\/\/catholicus.eu\/pl\/wp-json\/wp\/v2\/media?parent=5146"}],"wp:term":[{"taxonomy":"category","embeddable":true,"href":"https:\/\/catholicus.eu\/pl\/wp-json\/wp\/v2\/categories?post=5146"},{"taxonomy":"post_tag","embeddable":true,"href":"https:\/\/catholicus.eu\/pl\/wp-json\/wp\/v2\/tags?post=5146"}],"curies":[{"name":"wp","href":"https:\/\/api.w.org\/{rel}","templated":true}]}}