{"id":5137,"date":"2026-03-01T22:52:59","date_gmt":"2026-03-01T21:52:59","guid":{"rendered":"https:\/\/catholicus.eu\/pl\/?p=5137"},"modified":"2026-03-01T22:52:59","modified_gmt":"2026-03-01T21:52:59","slug":"lzy-krwi-gdy-niebo-placze-nad-nami-teologia-mistyka-i-wynagrodzenie-najswietszemu-sercu-jezusa","status":"publish","type":"post","link":"https:\/\/catholicus.eu\/pl\/lzy-krwi-gdy-niebo-placze-nad-nami-teologia-mistyka-i-wynagrodzenie-najswietszemu-sercu-jezusa\/","title":{"rendered":"\u0141zy Krwi: Gdy Niebo P\u0142acze nad Nami \u2014 Teologia, Mistyka i Wynagrodzenie Naj\u015bwi\u0119tszemu Sercu Jezusa"},"content":{"rendered":"\n<p>W r\u00f3\u017cnych momentach historii wizerunki Chrystusa lub Naj\u015bwi\u0119tszej Maryi Panny by\u0142y \u0142\u0105czone z poruszaj\u0105cym i niepokoj\u0105cym zjawiskiem tak zwanych <em>\u201e\u0142ez krwi\u201d<\/em>. Dla jednych jest to wstrz\u0105saj\u0105cy znak. Dla innych \u2014 pow\u00f3d do sceptycyzmu. Dla Ko\u015bcio\u0142a jest to kwestia wymagaj\u0105ca rozeznania, roztropno\u015bci i g\u0142\u0119bi teologicznej.<\/p>\n\n\n\n<p>Jednak poza samym nadzwyczajnym zjawiskiem \u2014 kt\u00f3re mo\u017ce by\u0107 autentyczne, b\u0142\u0119dnie interpretowane, a nawet fa\u0142szywe \u2014 istnieje o wiele wa\u017cniejsza prawda duchowa: <strong>B\u00f3g cierpi z powodu grzechu cz\u0142owieka, a Jego Serce domaga si\u0119 wynagrodzenia.<\/strong><\/p>\n\n\n\n<p>Ten artyku\u0142 nie ma na celu pobudzania ciekawo\u015bci, lecz formowanie duszy. Nie skupia si\u0119 na tym, co spektakularne, ale na tym, co istotne: na teologii cierpienia odkupie\u0144czego, mistyce wynagrodzenia oraz pilnym wezwaniu Magisterium do pocieszania Naj\u015bwi\u0119tszego Serca Jezusa w zranionym \u015bwiecie.<\/p>\n\n\n\n<hr class=\"wp-block-separator has-alpha-channel-opacity\"\/>\n\n\n\n<h2 class=\"wp-block-heading\">1. Czym s\u0105 \u201e\u0142zy krwi\u201d? Historia i rozeznanie<\/h2>\n\n\n\n<p>Na przestrzeni wiek\u00f3w pojawia\u0142y si\u0119 doniesienia o wizerunkach, kt\u00f3re rzekomo roni\u0142y \u0142zy, niekiedy opisywane jako \u201ekrwawe\u201d. Do najbardziej znanych nale\u017c\u0105 wydarzenia zwi\u0105zane z pobo\u017cno\u015bci\u0105 maryjn\u0105, takie jak te z Civitavecchia w 1995 roku czy or\u0119dzia zwi\u0105zane z Akita w latach 70.<\/p>\n\n\n\n<p>Ko\u015bci\u00f3\u0142, wierny swojej misji, <strong>nigdy nie dzia\u0142a pochopnie<\/strong>. Bada spraw\u0119, analizuje, wyklucza naturalne wyja\u015bnienia i ocenia duchowe owoce. Dopiero po powa\u017cnym procesie mo\u017ce wyda\u0107 roztropny os\u0105d. W wielu przypadkach Ko\u015bci\u00f3\u0142 nie potwierdza nadprzyrodzonego charakteru zjawiska, ale mo\u017ce dopu\u015bci\u0107 kult, je\u015bli nie ma w nim nic sprzecznego z wiar\u0105.<\/p>\n\n\n\n<p>Jednak nawet wtedy, gdy zjawisko nie zostaje oficjalnie uznane, <strong>przes\u0142anie duchowe, kt\u00f3re zwykle mu towarzyszy, jest zadziwiaj\u0105co sta\u0142e<\/strong>: pokuta, nawr\u00f3cenie, wynagrodzenie.<\/p>\n\n\n\n<p>I tutaj docieramy do sedna sprawy.<\/p>\n\n\n\n<hr class=\"wp-block-separator has-alpha-channel-opacity\"\/>\n\n\n\n<h2 class=\"wp-block-heading\">2. Czy B\u00f3g mo\u017ce \u201ep\u0142aka\u0107\u201d? Teologiczne podstawy Bo\u017cego b\u00f3lu<\/h2>\n\n\n\n<p>Z \u015bci\u015ble teologicznego punktu widzenia B\u00f3g w swojej naturze boskiej jest niecierpi\u0119tliwy: nie cierpi tak jak my. Jednak w Wcieleniu Syn Bo\u017cy przyj\u0105\u0142 prawdziw\u0105 natur\u0119 ludzk\u0105.<\/p>\n\n\n\n<p>Jezus Chrystus zap\u0142aka\u0142.<\/p>\n\n\n\n<p>Ewangelia m\u00f3wi o tym w jednym z najkr\u00f3tszych i zarazem najg\u0142\u0119bszych werset\u00f3w ca\u0142ego Pisma \u015awi\u0119tego:<\/p>\n\n\n\n<blockquote class=\"wp-block-quote is-layout-flow wp-block-quote-is-layout-flow\">\n<p>\u201eJezus zap\u0142aka\u0142.\u201d (J 11,35)<\/p>\n<\/blockquote>\n\n\n\n<p>Przy grobie \u0141azarza Pan okazuje autentyczny b\u00f3l. To nie jest teatr. To nie jest pusta symbolika. To ludzkie Serce Boga poruszone cierpieniem i niewiar\u0105.<\/p>\n\n\n\n<p>Dlatego, gdy m\u00f3wimy o \u201e\u0142zach krwi\u201d, nie tworzymy sentymentalnego obrazu. Kontemplujemy realn\u0105 tajemnic\u0119: <strong>Serce Chrystusa zranione grzechami \u015bwiata.<\/strong><\/p>\n\n\n\n<hr class=\"wp-block-separator has-alpha-channel-opacity\"\/>\n\n\n\n<h2 class=\"wp-block-heading\">3. Naj\u015bwi\u0119tsze Serce: Mi\u0142o\u015b\u0107 przebita, Mi\u0142o\u015b\u0107 odrzucona<\/h2>\n\n\n\n<p>Duchowo\u015b\u0107 Naj\u015bwi\u0119tszego Serca znalaz\u0142a sw\u00f3j najbardziej znany wyraz mistyczny w objawieniach przekazanych \u015awi\u0119ta Ma\u0142gorzata Maria Alacoque w XVII wieku. Chrystus ukaza\u0142 jej swoje Serce otoczone cierniami i wypowiedzia\u0142 przejmuj\u0105ce s\u0142owa:<\/p>\n\n\n\n<blockquote class=\"wp-block-quote is-layout-flow wp-block-quote-is-layout-flow\">\n<p>\u201eOto Serce, kt\u00f3re tak bardzo umi\u0142owa\u0142o ludzi, a w zamian otrzymuje jedynie niewdzi\u0119czno\u015b\u0107\u2026\u201d<\/p>\n<\/blockquote>\n\n\n\n<p>Tu odnajdujemy klucz do zrozumienia \u0142ez krwi: <strong>nie s\u0105 one widowiskiem, lecz b\u0142aganiem. Nie gro\u017ab\u0105, lecz pe\u0142nym mi\u0142o\u015bci lamentem.<\/strong><\/p>\n\n\n\n<p>Magisterium Ko\u015bcio\u0142a potwierdzi\u0142o centralne znaczenie tej pobo\u017cno\u015bci. Papie\u017c Pius XII w encyklice <em>Haurietis Aquas<\/em> (1956) naucza\u0142, \u017ce kult Naj\u015bwi\u0119tszego Serca nie jest praktyk\u0105 drugorz\u0119dn\u0105, lecz g\u0142\u0119bokim wyrazem tajemnicy mi\u0142o\u015bci odkupie\u0144czej.<\/p>\n\n\n\n<p>Przebite Serce Pana \u2014 z kt\u00f3rego wyp\u0142yn\u0119\u0142y krew i woda (por. J 19,34) \u2014 jest widzialnym znakiem niewidzialnej mi\u0142o\u015bci.<\/p>\n\n\n\n<hr class=\"wp-block-separator has-alpha-channel-opacity\"\/>\n\n\n\n<h2 class=\"wp-block-heading\">4. Wynagrodzenie: zapomniane s\u0142owo XXI wieku<\/h2>\n\n\n\n<p>W naszej wsp\u00f3\u0142czesnej kulturze m\u00f3wienie o \u201ewynagrodzeniu\u201d brzmi obco. \u017byjemy w spo\u0142ecze\u0144stwie, kt\u00f3re unika poczucia winy, relatywizuje grzech i banalizuje obraz\u0119 Boga.<\/p>\n\n\n\n<p>Tymczasem teologia katolicka jest jasna: grzech nie jest jedynie b\u0142\u0119dem psychologicznym; jest realn\u0105 ran\u0105 w komunii z Bogiem.<\/p>\n\n\n\n<p>\u015awi\u0119ty Pawe\u0142 wyra\u017ca to w nast\u0119puj\u0105cy spos\u00f3b:<\/p>\n\n\n\n<blockquote class=\"wp-block-quote is-layout-flow wp-block-quote-is-layout-flow\">\n<p>\u201eTeraz raduj\u0119 si\u0119 w cierpieniach za was i dope\u0142niam w moim ciele braki udr\u0119k Chrystusa dla dobra Jego Cia\u0142a, kt\u00f3rym jest Ko\u015bci\u00f3\u0142.\u201d (Kol 1,24)<\/p>\n<\/blockquote>\n\n\n\n<p>Chrystus w pe\u0142ni odkupi\u0142 \u015bwiat, ale zaprasza nas do uczestnictwa w swoim dziele odkupienia poprzez modlitw\u0119, ofiar\u0119 i wynagrodzenie.<\/p>\n\n\n\n<p>Wynagrodzenie nie oznacza \u201edodawania\u201d czego\u015b do Krzy\u017ca, lecz <strong>zjednoczenie si\u0119 z nim<\/strong>.<\/p>\n\n\n\n<hr class=\"wp-block-separator has-alpha-channel-opacity\"\/>\n\n\n\n<h2 class=\"wp-block-heading\">5. Mistyka \u0142ez: gdy dusza rozumie b\u00f3l Boga<\/h2>\n\n\n\n<p>Wielu \u015bwi\u0119tych do\u015bwiadczy\u0142o g\u0142\u0119bokiego wsp\u00f3\u0142czucia wobec Serca Chrystusa.<\/p>\n\n\n\n<p>\u015awi\u0119ta Faustyna Kowalska pisa\u0142a w swoim <em>Dzienniczku<\/em>, \u017ce najwi\u0119kszym cierpieniem Pana nie by\u0142y gwo\u017adzie, lecz oboj\u0119tno\u015b\u0107.<\/p>\n\n\n\n<p>\u015awi\u0119ty Ojciec Pio m\u00f3wi\u0142 o \u201epocieszaniu Serca Jezusa\u201d poprzez pokut\u0119 i Eucharysti\u0119.<\/p>\n\n\n\n<p>Tutaj objawia si\u0119 fundamentalny wymiar mistyczny: <strong>prawdziwa mi\u0142o\u015b\u0107 pragnie pocieszy\u0107 Umi\u0142owanego.<\/strong><\/p>\n\n\n\n<p>Je\u015bli \u015bwiat rani Serce Chrystusa blu\u017anierstwami, \u015bwi\u0119tokradztwami, pogard\u0105 dla \u017cycia i oboj\u0119tno\u015bci\u0105 religijn\u0105, wierna dusza odpowiada adoracj\u0105, czysto\u015bci\u0105 i wierno\u015bci\u0105.<\/p>\n\n\n\n<hr class=\"wp-block-separator has-alpha-channel-opacity\"\/>\n\n\n\n<h2 class=\"wp-block-heading\">6. \u0141zy krwi w kontek\u015bcie wsp\u00f3\u0142czesnym<\/h2>\n\n\n\n<p>A dzisiaj?<\/p>\n\n\n\n<p>\u017byjemy w czasach g\u0142\u0119bokiego zam\u0119tu moralnego: ataki na rodzin\u0119, banalizacja aborcji, dechrystianizacja kultury, skandale w samym Ko\u015bciele.<\/p>\n\n\n\n<p>Nic dziwnego, \u017ce wielu wiernych interpretuje pewne znaki jako \u201e\u0142zy nieba\u201d.<\/p>\n\n\n\n<p>Niebezpiecze\u0144stwo polega jednak na zatrzymaniu si\u0119 na poziomie emocji.<\/p>\n\n\n\n<p>Prawdziwe pytanie nie brzmi:<br><strong>\u201eCzy to zjawisko jest autentyczne?\u201d<\/strong><br>Lecz raczej:<br><strong>\u201eCzy \u017cyj\u0119 duchem wynagrodzenia?\u201d<\/strong><\/p>\n\n\n\n<hr class=\"wp-block-separator has-alpha-channel-opacity\"\/>\n\n\n\n<h2 class=\"wp-block-heading\">7. Zastosowania praktyczne: Jak dzi\u015b pociesza\u0107 Naj\u015bwi\u0119tsze Serce?<\/h2>\n\n\n\n<p>Tu dochodzimy do tego, co najwa\u017cniejsze. Teologia musi przek\u0142ada\u0107 si\u0119 na konkretne \u017cycie.<\/p>\n\n\n\n<h3 class=\"wp-block-heading\">1\ufe0f\u20e3 Intensywne \u017cycie sakramentalne<\/h3>\n\n\n\n<p>Cz\u0119sta spowied\u017a. Komunia \u015awi\u0119ta przyjmowana w stanie \u0142aski. Eucharystia jest najwy\u017cszym aktem wynagrodzenia.<\/p>\n\n\n\n<h3 class=\"wp-block-heading\">2\ufe0f\u20e3 Godzina \u015awi\u0119ta<\/h3>\n\n\n\n<p>Praktyka, o kt\u00f3r\u0105 Pan prosi\u0142 \u015bw. Ma\u0142gorzat\u0119 Mari\u0119: godzina adoracji w czwartek, w jedno\u015bci z Getsemani.<\/p>\n\n\n\n<h3 class=\"wp-block-heading\">3\ufe0f\u20e3 Ofiarowanie codziennych ma\u0142ych cierpie\u0144<\/h3>\n\n\n\n<p>Zm\u0119czenie, przeciwno\u015bci, upokorzenia \u2014 ofiarowane z mi\u0142o\u015bci\u0105.<\/p>\n\n\n\n<h3 class=\"wp-block-heading\">4\ufe0f\u20e3 Wynagrodzenie za grzechy publiczne<\/h3>\n\n\n\n<p>Gdy s\u0142yszysz blu\u017anierstwa lub widzisz ataki na wiar\u0119, odpowiedz w sercu:<br>\u201ePanie, kocham Ci\u0119 za tych, kt\u00f3rzy Ci\u0119 nie kochaj\u0105.\u201d<\/p>\n\n\n\n<h3 class=\"wp-block-heading\">5\ufe0f\u20e3 Po\u015bwi\u0119cenie si\u0119 Naj\u015bwi\u0119tszemu Sercu<\/h3>\n\n\n\n<p>Umieszczenie Jego wizerunku w domu nie jako dekoracji, lecz jako duchowego centrum.<\/p>\n\n\n\n<hr class=\"wp-block-separator has-alpha-channel-opacity\"\/>\n\n\n\n<h2 class=\"wp-block-heading\">8. Perspektywa duszpasterska: unika\u0107 zabobonu, przyj\u0105\u0107 nawr\u00f3cenie<\/h2>\n\n\n\n<p>Jako pasterze i wierni musimy unika\u0107 dw\u00f3ch skrajno\u015bci:<\/p>\n\n\n\n<ul class=\"wp-block-list\">\n<li>Apokaliptycznego sensacjonalizmu.<\/li>\n\n\n\n<li>Zimnego racjonalizmu, kt\u00f3ry neguje wymiar nadprzyrodzony.<\/li>\n<\/ul>\n\n\n\n<p>Ko\u015bci\u00f3\u0142 pod\u0105\u017ca drog\u0105 roztropnego rozeznania.<\/p>\n\n\n\n<p>\u0141zy \u2014 czy to realne, czy symboliczne \u2014 przypominaj\u0105 nam niezaprzeczaln\u0105 prawd\u0119:<br><strong>B\u00f3g nie jest oboj\u0119tny.<\/strong><\/p>\n\n\n\n<p>A je\u015bli Serce Chrystusa jest zranione, to nie z braku mocy, lecz z nadmiaru mi\u0142o\u015bci.<\/p>\n\n\n\n<hr class=\"wp-block-separator has-alpha-channel-opacity\"\/>\n\n\n\n<h2 class=\"wp-block-heading\">9. Ko\u0144cowy rachunek sumienia<\/h2>\n\n\n\n<p>By\u0107 mo\u017ce najg\u0142\u0119bsze pytanie, jakie stawia nam ten temat, brzmi:<\/p>\n\n\n\n<ul class=\"wp-block-list\">\n<li>Czy jestem oboj\u0119tny wobec grzechu?<\/li>\n\n\n\n<li>Czy modl\u0119 si\u0119 za tych, kt\u00f3rzy obra\u017caj\u0105 Boga?<\/li>\n\n\n\n<li>Czy ofiaruj\u0119 cierpienia za nawr\u00f3cenie \u015bwiata?<\/li>\n\n\n\n<li>Czy pocieszam Serce Jezusa, czy te\u017c Go ignoruj\u0119?<\/li>\n<\/ul>\n\n\n\n<p>\u0141zy krwi nie maj\u0105 nas przestraszy\u0107. Maj\u0105 nas obudzi\u0107.<\/p>\n\n\n\n<hr class=\"wp-block-separator has-alpha-channel-opacity\"\/>\n\n\n\n<h2 class=\"wp-block-heading\">Zako\u0144czenie: Gdy Zraniona Mi\u0142o\u015b\u0107 nas wzywa<\/h2>\n\n\n\n<p>Chrze\u015bcija\u0144stwo nie jest religi\u0105 nadzwyczajnych zjawisk, lecz religi\u0105 Ukrzy\u017cowanej Mi\u0142o\u015bci.<\/p>\n\n\n\n<p>Je\u015bli niebo p\u0142acze, nie czyni tego, by fascynowa\u0107, lecz by zbawi\u0107.<\/p>\n\n\n\n<p>Serce Chrystusa pozostaje otwarte. Wci\u0105\u017c przebite. Wci\u0105\u017c oczekuj\u0105ce.<\/p>\n\n\n\n<p>I po\u015br\u00f3d XXI wieku naznaczonego duchow\u0105 ozi\u0119b\u0142o\u015bci\u0105 ka\u017cdy z nas mo\u017ce sta\u0107 si\u0119 balsamem dla tego Serca.<\/p>\n\n\n\n<p>Bo ostatecznie najwi\u0119ksz\u0105 \u201e\u0142z\u0105 krwi\u201d nie jest ta, kt\u00f3ra sp\u0142ywa z wizerunku, lecz ta, kt\u00f3ra wyp\u0142ywa z otwartego boku Odkupiciela.<\/p>\n\n\n\n<p>A tam, w tym Sercu, zapisane jest r\u00f3wnie\u017c twoje imi\u0119.<\/p>\n","protected":false},"excerpt":{"rendered":"<p>W r\u00f3\u017cnych momentach historii wizerunki Chrystusa lub Naj\u015bwi\u0119tszej Maryi Panny by\u0142y \u0142\u0105czone z poruszaj\u0105cym i niepokoj\u0105cym zjawiskiem tak zwanych \u201e\u0142ez krwi\u201d. Dla jednych jest to wstrz\u0105saj\u0105cy znak. Dla innych \u2014 pow\u00f3d do sceptycyzmu. Dla Ko\u015bcio\u0142a jest to kwestia wymagaj\u0105ca rozeznania, roztropno\u015bci i g\u0142\u0119bi teologicznej. Jednak poza samym nadzwyczajnym zjawiskiem \u2014 kt\u00f3re mo\u017ce by\u0107 autentyczne, b\u0142\u0119dnie &hellip;<\/p>\n","protected":false},"author":3,"featured_media":5138,"comment_status":"closed","ping_status":"closed","sticky":false,"template":"","format":"standard","meta":{"_seopress_robots_primary_cat":"","_seopress_titles_title":"","_seopress_titles_desc":"","_seopress_robots_index":"","footnotes":""},"categories":[40,58],"tags":[1696],"class_list":["post-5137","post","type-post","status-publish","format-standard","has-post-thumbnail","","category-modlitwa-i-duchowosc","category-modlitwa-i-zycie-duchowe","tag-wynagrodzenie-najswietszemu-sercu-jezusa"],"_links":{"self":[{"href":"https:\/\/catholicus.eu\/pl\/wp-json\/wp\/v2\/posts\/5137","targetHints":{"allow":["GET"]}}],"collection":[{"href":"https:\/\/catholicus.eu\/pl\/wp-json\/wp\/v2\/posts"}],"about":[{"href":"https:\/\/catholicus.eu\/pl\/wp-json\/wp\/v2\/types\/post"}],"author":[{"embeddable":true,"href":"https:\/\/catholicus.eu\/pl\/wp-json\/wp\/v2\/users\/3"}],"replies":[{"embeddable":true,"href":"https:\/\/catholicus.eu\/pl\/wp-json\/wp\/v2\/comments?post=5137"}],"version-history":[{"count":1,"href":"https:\/\/catholicus.eu\/pl\/wp-json\/wp\/v2\/posts\/5137\/revisions"}],"predecessor-version":[{"id":5139,"href":"https:\/\/catholicus.eu\/pl\/wp-json\/wp\/v2\/posts\/5137\/revisions\/5139"}],"wp:featuredmedia":[{"embeddable":true,"href":"https:\/\/catholicus.eu\/pl\/wp-json\/wp\/v2\/media\/5138"}],"wp:attachment":[{"href":"https:\/\/catholicus.eu\/pl\/wp-json\/wp\/v2\/media?parent=5137"}],"wp:term":[{"taxonomy":"category","embeddable":true,"href":"https:\/\/catholicus.eu\/pl\/wp-json\/wp\/v2\/categories?post=5137"},{"taxonomy":"post_tag","embeddable":true,"href":"https:\/\/catholicus.eu\/pl\/wp-json\/wp\/v2\/tags?post=5137"}],"curies":[{"name":"wp","href":"https:\/\/api.w.org\/{rel}","templated":true}]}}