{"id":5128,"date":"2026-02-28T08:08:55","date_gmt":"2026-02-28T07:08:55","guid":{"rendered":"https:\/\/catholicus.eu\/pl\/?p=5128"},"modified":"2026-02-28T08:08:55","modified_gmt":"2026-02-28T07:08:55","slug":"katechon-tajemnica-ktora-powstrzymuje-antychrysta-i-co-to-oznacza-dla-ciebie-dzisiaj","status":"publish","type":"post","link":"https:\/\/catholicus.eu\/pl\/katechon-tajemnica-ktora-powstrzymuje-antychrysta-i-co-to-oznacza-dla-ciebie-dzisiaj\/","title":{"rendered":"KATECHON: Tajemnica, kt\u00f3ra powstrzymuje Antychrysta\u2026 i co to oznacza dla ciebie dzisiaj"},"content":{"rendered":"\n<p>\u017byjemy w czasach zam\u0119tu. Kryzys moralny, niestabilno\u015b\u0107 polityczna, ataki na wiar\u0119, relatywizm doktrynalny, banalizacja z\u0142a. Wielu chrze\u015bcijan pyta: <em>Czy jeste\u015bmy blisko ko\u0144ca?<\/em> Czy \u015bwiat wymkn\u0105\u0142 si\u0119 spod kontroli?<\/p>\n\n\n\n<p>A jednak prawie dwa tysi\u0105ce lat temu \u015awi\u0119ty Pawe\u0142 napisa\u0142 co\u015b, co w niezwyk\u0142y spos\u00f3b o\u015bwietla nasz\u0105 epok\u0119. W Drugim Li\u015bcie do Tesaloniczan m\u00f3wi o niepokoj\u0105cej tajemnicy: <strong>Katechonie<\/strong>, \u201etym, co powstrzymuje\u201d pe\u0142ne objawienie si\u0119 Antychrysta.<\/p>\n\n\n\n<blockquote class=\"wp-block-quote is-layout-flow wp-block-quote-is-layout-flow\">\n<p>\u201eWiecie te\u017c, co go teraz powstrzymuje, aby objawi\u0142 si\u0119 w swoim czasie. Albowiem tajemnica bezbo\u017cno\u015bci ju\u017c dzia\u0142a; powstrzymuje tylko Ten, kt\u00f3ry teraz powstrzymuje, a\u017c zostanie usuni\u0119ty.\u201d (2 Tes 2,6\u20137)<\/p>\n<\/blockquote>\n\n\n\n<p>Te s\u0142owa s\u0105 kr\u00f3tkie\u2026 ale wybuchowe.<\/p>\n\n\n\n<p>Dzi\u015b chcemy zg\u0142\u0119bi\u0107 z teologiczn\u0105 rzetelno\u015bci\u0105 i duszpastersk\u0105 wra\u017cliwo\u015bci\u0105 to fascynuj\u0105ce poj\u0119cie, aby zrozumie\u0107 nie tylko, czym jest Katechon, lecz tak\u017ce co oznacza dla naszego \u017cycia chrze\u015bcija\u0144skiego w XXI wieku.<\/p>\n\n\n\n<hr class=\"wp-block-separator has-alpha-channel-opacity\"\/>\n\n\n\n<h2 class=\"wp-block-heading\">I. Tekst biblijny: zas\u0142oni\u0119te objawienie<\/h2>\n\n\n\n<p>W drugim rozdziale Drugiego Listu do Tesaloniczan \u015awi\u0119ty Pawe\u0142 koryguje pewne nieporozumienie eschatologiczne: niekt\u00f3rzy s\u0105dzili, \u017ce \u201eDzie\u0144 Pa\u0144ski\u201d ju\u017c nadszed\u0142. Aposto\u0142 wyja\u015bnia, \u017ce wcze\u015bniej musz\u0105 wydarzy\u0107 si\u0119 pewne rzeczy:<\/p>\n\n\n\n<ol class=\"wp-block-list\">\n<li>Apostazja.<\/li>\n\n\n\n<li>Objawienie si\u0119 \u201ecz\u0142owieka nieprawo\u015bci\u201d.<\/li>\n\n\n\n<li>Usuni\u0119cie \u201etego, kt\u00f3ry powstrzymuje\u201d.<\/li>\n<\/ol>\n\n\n\n<p>Pojawia si\u0119 tu grecki termin <strong>\u03c4\u1f78 \u03ba\u03b1\u03c4\u03ad\u03c7\u03bf\u03bd (to kat\u00e9chon)<\/strong> oraz <strong>\u1f41 \u03ba\u03b1\u03c4\u03ad\u03c7\u03c9\u03bd (ho kat\u00e9chon)<\/strong> \u2014 w rodzaju nijakim i m\u0119skim \u2014 co sugeruje, \u017ce mo\u017ce chodzi\u0107 zar\u00f3wno o si\u0142\u0119, jak i o osob\u0119.<\/p>\n\n\n\n<p>I tu zaczyna si\u0119 tajemnica.<\/p>\n\n\n\n<hr class=\"wp-block-separator has-alpha-channel-opacity\"\/>\n\n\n\n<h2 class=\"wp-block-heading\">II. Czym jest Katechon? Interpretacje w Tradycji<\/h2>\n\n\n\n<p>Ko\u015bci\u00f3\u0142 nigdy dogmatycznie nie zdefiniowa\u0142, czym jest Katechon. Jednak Tradycja zaproponowa\u0142a solidne interpretacje.<\/p>\n\n\n\n<h3 class=\"wp-block-heading\">1. Cesarstwo Rzymskie: porz\u0105dek, kt\u00f3ry powstrzymuje chaos<\/h3>\n\n\n\n<p>Ojcowie Ko\u015bcio\u0142a, tacy jak Tertulian oraz Jan Chryzostom, uto\u017csamiali Katechon z Cesarstwem Rzymskim.<\/p>\n\n\n\n<p>Dlaczego?<\/p>\n\n\n\n<p>Poniewa\u017c Cesarstwo reprezentowa\u0142o porz\u0105dek prawny i polityczny, kt\u00f3ry zapobiega\u0142 ca\u0142kowitej anarchii. Gdyby ten porz\u0105dek upad\u0142, scena by\u0142aby przygotowana na pojawienie si\u0119 uniwersalnej tyranicznej postaci.<\/p>\n\n\n\n<p>Nie by\u0142a to ideologiczna obrona Rzymu, lecz g\u0142\u0119boka intuicja:<br><strong>z\u0142o potrzebuje chaosu, aby w pe\u0142ni si\u0119 ujawni\u0107.<\/strong><\/p>\n\n\n\n<h3 class=\"wp-block-heading\">2. Zasada prawowitej w\u0142adzy<\/h3>\n\n\n\n<p>Z biegiem wiek\u00f3w teologowie poszerzyli t\u0119 interpretacj\u0119: nie chodzi\u0142oby jedynie o Rzym, lecz o sam\u0105 zasad\u0119 prawowitej w\u0142adzy, kt\u00f3ra podtrzymuje porz\u0105dek naturalny i spo\u0142eczny.<\/p>\n\n\n\n<p>Tam, gdzie znika prawowita w\u0142adza, pr\u00f3\u017cnia nie pozostaje neutralna: zajmuje j\u0105 w\u0142adza nieuporz\u0105dkowana.<\/p>\n\n\n\n<h3 class=\"wp-block-heading\">3. Ko\u015bci\u00f3\u0142 jako duchowa zapora<\/h3>\n\n\n\n<p>Inni autorzy widzieli w Katechonie sam Ko\u015bci\u00f3\u0142: Mistyczne Cia\u0142o Chrystusa, kt\u00f3re przez swoje nauczanie, sakramenty i \u015bwiadectwo moralne powstrzymuje ca\u0142kowite rozprzestrzenienie si\u0119 z\u0142a.<\/p>\n\n\n\n<p>Dop\u00f3ki Ko\u015bci\u00f3\u0142 g\u0142osi prawd\u0119, sprawuje Eucharysti\u0119 i formuje sumienia, \u201etajemnica bezbo\u017cno\u015bci\u201d nie mo\u017ce rozwija\u0107 si\u0119 bez oporu.<\/p>\n\n\n\n<h3 class=\"wp-block-heading\">4. Duch \u015awi\u0119ty dzia\u0142aj\u0105cy w historii<\/h3>\n\n\n\n<p>Niekt\u00f3rzy teologowie uto\u017csamiaj\u0105 Katechon z opatrzno\u015bciowym dzia\u0142aniem Ducha \u015awi\u0119tego, kt\u00f3ry ogranicza z\u0142o a\u017c do chwili wyznaczonej przez Boga.<\/p>\n\n\n\n<p>Ta interpretacja podkre\u015bla co\u015b zasadniczego:<br><strong>historia nie wymkn\u0119\u0142a si\u0119 spod kontroli. Jest pod Bo\u017c\u0105 suwerenno\u015bci\u0105.<\/strong><\/p>\n\n\n\n<hr class=\"wp-block-separator has-alpha-channel-opacity\"\/>\n\n\n\n<h2 class=\"wp-block-heading\">III. Tajemnica bezbo\u017cno\u015bci: ju\u017c dzia\u0142a<\/h2>\n\n\n\n<p>\u015awi\u0119ty Pawe\u0142 m\u00f3wi jasno:<\/p>\n\n\n\n<blockquote class=\"wp-block-quote is-layout-flow wp-block-quote-is-layout-flow\">\n<p>\u201eTajemnica bezbo\u017cno\u015bci ju\u017c dzia\u0142a.\u201d<\/p>\n<\/blockquote>\n\n\n\n<p>Oznacza to, \u017ce z\u0142o nie pojawia si\u0119 nagle w widzialnej postaci Antychrysta. Dzia\u0142a stopniowo, jak ukryta fermentacja.<\/p>\n\n\n\n<p>Apostazja nie zaczyna si\u0119 od frontalnego zaprzeczenia, lecz od:<\/p>\n\n\n\n<ul class=\"wp-block-list\">\n<li>relatywizowania prawdy,<\/li>\n\n\n\n<li>utraty poczucia grzechu,<\/li>\n\n\n\n<li>banalizacji tego, co \u015bwi\u0119te,<\/li>\n\n\n\n<li>os\u0142abienia autorytetu,<\/li>\n\n\n\n<li>zam\u0119tu doktrynalnego.<\/li>\n<\/ul>\n\n\n\n<p>Brzmi znajomo?<\/p>\n\n\n\n<p>Oto jednak klucz teologiczny:<br>Z\u0142o ju\u017c dzia\u0142a, ale nie mo\u017ce w pe\u0142ni si\u0119 objawi\u0107, poniewa\u017c jest powstrzymywane.<\/p>\n\n\n\n<p>Z\u0142o ma granice. Jest odmierzane. Jest ograniczane.<\/p>\n\n\n\n<hr class=\"wp-block-separator has-alpha-channel-opacity\"\/>\n\n\n\n<h2 class=\"wp-block-heading\">IV. Rygor teologiczny: Bo\u017ca suwerenno\u015b\u0107 i ekonomia z\u0142a<\/h2>\n\n\n\n<p>Z punktu widzenia \u015bci\u015ble teologicznego Katechon ods\u0142ania centraln\u0105 prawd\u0119:<\/p>\n\n\n\n<p>B\u00f3g dopuszcza z\u0142o, ale je ogranicza.<\/p>\n\n\n\n<p>\u015awi\u0119ty Tomasz z Akwinu naucza, \u017ce B\u00f3g nie powoduje z\u0142a, lecz je dopuszcza, aby wyprowadzi\u0107 z niego wi\u0119ksze dobro. Katechon jest historycznym wyrazem tej opatrzno\u015bciowej ekonomii.<\/p>\n\n\n\n<p>Antychryst nie pojawia si\u0119 wtedy, kiedy chce.<br>Pojawia si\u0119 wtedy, gdy B\u00f3g na to pozwala.<\/p>\n\n\n\n<p>A to ca\u0142kowicie zmienia nasz\u0105 perspektyw\u0119:<\/p>\n\n\n\n<p>Nie \u017cyjemy w \u015bwiecie rz\u0105dzonym przez chaotyczne si\u0142y, lecz w historii zmierzaj\u0105cej ku wype\u0142nieniu zamierzonemu przez Boga.<\/p>\n\n\n\n<hr class=\"wp-block-separator has-alpha-channel-opacity\"\/>\n\n\n\n<h2 class=\"wp-block-heading\">V. Katechon a nasza epoka<\/h2>\n\n\n\n<p>Dzisiaj wielu dostrzega:<\/p>\n\n\n\n<ul class=\"wp-block-list\">\n<li>kryzys to\u017csamo\u015bci chrze\u015bcija\u0144skiej,<\/li>\n\n\n\n<li>os\u0142abienie tradycyjnych struktur,<\/li>\n\n\n\n<li>kulturowe prze\u015bladowanie wiary,<\/li>\n\n\n\n<li>ci\u0105g\u0142e redefiniowanie moralno\u015bci.<\/li>\n<\/ul>\n\n\n\n<p>Wobec tego rodz\u0105 si\u0119 dwie pokusy:<\/p>\n\n\n\n<ol class=\"wp-block-list\">\n<li>Apokaliptyczny alarmizm.<\/li>\n\n\n\n<li>Duchowa oboj\u0119tno\u015b\u0107.<\/li>\n<\/ol>\n\n\n\n<p>Katechon chroni nas przed obiema.<\/p>\n\n\n\n<p>M\u00f3wi nam:<\/p>\n\n\n\n<ul class=\"wp-block-list\">\n<li>Z\u0142o nie jest wszechmocne.<\/li>\n\n\n\n<li>Ale te\u017c nie jest nieistniej\u0105ce.<\/li>\n\n\n\n<li>Ro\u015bnie.<\/li>\n\n\n\n<li>Jest powstrzymywane.<\/li>\n<\/ul>\n\n\n\n<p>Pytanie nie brzmi tylko: <em>czym jest Katechon<\/em>, lecz:<\/p>\n\n\n\n<p><strong>Co si\u0119 dzieje, gdy s\u0142abnie?<\/strong><\/p>\n\n\n\n<p>Gdy w\u0142adza ulega zepsuciu, gdy Ko\u015bci\u00f3\u0142 traci \u017carliwo\u015b\u0107, gdy chrze\u015bcijanie staj\u0105 si\u0119 letni\u2026 hamulec si\u0119 rozlu\u017ania.<\/p>\n\n\n\n<hr class=\"wp-block-separator has-alpha-channel-opacity\"\/>\n\n\n\n<h2 class=\"wp-block-heading\">VI. Wymiar duszpasterski: Katechon w twoim \u017cyciu<\/h2>\n\n\n\n<p>Tu le\u017cy to, co najwa\u017cniejsze.<\/p>\n\n\n\n<p>Poza interpretacjami historycznymi czy politycznymi Katechon ma g\u0142\u0119boko duchowy wymiar.<\/p>\n\n\n\n<p>W ka\u017cdej duszy jest co\u015b, co powstrzymuje nap\u00f3r z\u0142a:<\/p>\n\n\n\n<ul class=\"wp-block-list\">\n<li>\u0142aska u\u015bwi\u0119caj\u0105ca,<\/li>\n\n\n\n<li>\u017cycie sakramentalne,<\/li>\n\n\n\n<li>wytrwa\u0142a modlitwa,<\/li>\n\n\n\n<li>prawe i dobrze uformowane sumienie.<\/li>\n<\/ul>\n\n\n\n<p>Gdy zaniedbujemy spowied\u017a, Eucharysti\u0119 i solidn\u0105 doktryn\u0119\u2026 \u201etajemnica bezbo\u017cno\u015bci\u201d napotyka w nas mniejszy op\u00f3r.<\/p>\n\n\n\n<p>W tym sensie ka\u017cdy chrze\u015bcijanin mo\u017ce sta\u0107 si\u0119 ma\u0142ym \u201ekatechonem\u201d.<\/p>\n\n\n\n<p>Gdy:<\/p>\n\n\n\n<ul class=\"wp-block-list\">\n<li>odmawiasz R\u00f3\u017caniec,<\/li>\n\n\n\n<li>wychowujesz dzieci w prawdzie,<\/li>\n\n\n\n<li>bronisz \u017cycia,<\/li>\n\n\n\n<li>pozostajesz wierny doktrynie,<\/li>\n\n\n\n<li>\u017cyjesz w stanie \u0142aski,<\/li>\n<\/ul>\n\n\n\n<p>uczestniczysz w spos\u00f3b tajemniczy w powstrzymywaniu z\u0142a.<\/p>\n\n\n\n<hr class=\"wp-block-separator has-alpha-channel-opacity\"\/>\n\n\n\n<h2 class=\"wp-block-heading\">VII. Zastosowania praktyczne na dzi\u015b<\/h2>\n\n\n\n<p>Jak \u017cy\u0107 w \u015bwietle Katechonu?<\/p>\n\n\n\n<h3 class=\"wp-block-heading\">1. Umacniaj swoje \u017cycie sakramentalne<\/h3>\n\n\n\n<p>Cz\u0119sta spowied\u017a. Eucharystia przyjmowana z czci\u0105. Bez \u0142aski nie ma oporu.<\/p>\n\n\n\n<h3 class=\"wp-block-heading\">2. Formuj sw\u00f3j rozum<\/h3>\n\n\n\n<p>Studiuj wiar\u0119. Poznaj Katechizm. B\u0142\u0105d doktrynalny jest jedn\u0105 z bram \u201etajemnicy bezbo\u017cno\u015bci\u201d.<\/p>\n\n\n\n<h3 class=\"wp-block-heading\">3. Bro\u0144 porz\u0105dku naturalnego<\/h3>\n\n\n\n<p>Rodzina, prawowita w\u0142adza i prawo moralne nie s\u0105 przestarza\u0142ymi strukturami \u2014 s\u0105 murami ochronnymi.<\/p>\n\n\n\n<h3 class=\"wp-block-heading\">4. Nie \u017cyj w strachu<\/h3>\n\n\n\n<p>Antychryst nie jest protagonist\u0105 historii. Chrystus nim jest.<\/p>\n\n\n\n<h3 class=\"wp-block-heading\">5. Wytrwaj<\/h3>\n\n\n\n<p>Z\u0142o mo\u017ce wydawa\u0107 si\u0119, \u017ce post\u0119puje naprz\u00f3d, ale nie ma ostatniego s\u0142owa.<\/p>\n\n\n\n<hr class=\"wp-block-separator has-alpha-channel-opacity\"\/>\n\n\n\n<h2 class=\"wp-block-heading\">VIII. Niezwyci\u0119\u017cona nadzieja<\/h2>\n\n\n\n<p>Katechon przypomina nam co\u015b niezwyk\u0142ego:<\/p>\n\n\n\n<p>Z\u0142o ro\u015bnie\u2026<br>ale jest powstrzymywane.<\/p>\n\n\n\n<p>A gdy ten hamulec zostanie usuni\u0119ty, nie b\u0119dzie to triumf z\u0142a, lecz wype\u0142nienie Bo\u017cego planu, kt\u00f3ry osi\u0105gnie sw\u00f3j szczyt w chwalebnej Paruzji Chrystusa.<\/p>\n\n\n\n<p>Historia nie ko\u0144czy si\u0119 w ciemno\u015bci.<br>Ko\u0144czy si\u0119 s\u0105dem, sprawiedliwo\u015bci\u0105 i chwa\u0142\u0105.<\/p>\n\n\n\n<hr class=\"wp-block-separator has-alpha-channel-opacity\"\/>\n\n\n\n<h2 class=\"wp-block-heading\">Zako\u0144czenie: Ty tak\u017ce jeste\u015b cz\u0119\u015bci\u0105 tej zapory<\/h2>\n\n\n\n<p>Katechon to nie tylko mroczne poj\u0119cie teologiczne.<br>To wezwanie.<\/p>\n\n\n\n<p>Wezwanie, by si\u0119 nie poddawa\u0107.<br>By nie sta\u0107 si\u0119 letnim.<br>By nie wsp\u00f3\u0142pracowa\u0107 z chaosem.<\/p>\n\n\n\n<p>By\u0107 mo\u017ce nigdy nie b\u0119dziemy wiedzie\u0107 z pewno\u015bci\u0105, czym lub kim dok\u0142adnie jest Katechon w wymiarze historycznym.<\/p>\n\n\n\n<p>Ale jedno wiemy z absolutn\u0105 pewno\u015bci\u0105:<\/p>\n\n\n\n<p>Za ka\u017cdym razem, gdy wybierasz prawd\u0119 zamiast k\u0142amstwa,<br>czysto\u015b\u0107 zamiast grzechu,<br>wierno\u015b\u0107 zamiast zdrady,<\/p>\n\n\n\n<p>uczestniczysz w tej tajemnicy, kt\u00f3ra powstrzymuje bezbo\u017cno\u015b\u0107.<\/p>\n\n\n\n<p>I dop\u00f3ki b\u0119d\u0105 wierne dusze,<br>dop\u00f3ki b\u0119d\u0105 \u015bwi\u0119ci kap\u0142ani,<br>dop\u00f3ki b\u0119d\u0105 modl\u0105ce si\u0119 rodziny,<\/p>\n\n\n\n<p>z\u0142o napotka op\u00f3r.<\/p>\n\n\n\n<p>Bo historia nie nale\u017cy do Antychrysta.<br>Nale\u017cy do Chrystusa.<\/p>\n\n\n\n<p>A On ju\u017c zwyci\u0119\u017cy\u0142.<\/p>\n","protected":false},"excerpt":{"rendered":"<p>\u017byjemy w czasach zam\u0119tu. Kryzys moralny, niestabilno\u015b\u0107 polityczna, ataki na wiar\u0119, relatywizm doktrynalny, banalizacja z\u0142a. Wielu chrze\u015bcijan pyta: Czy jeste\u015bmy blisko ko\u0144ca? Czy \u015bwiat wymkn\u0105\u0142 si\u0119 spod kontroli? A jednak prawie dwa tysi\u0105ce lat temu \u015awi\u0119ty Pawe\u0142 napisa\u0142 co\u015b, co w niezwyk\u0142y spos\u00f3b o\u015bwietla nasz\u0105 epok\u0119. W Drugim Li\u015bcie do Tesaloniczan m\u00f3wi o niepokoj\u0105cej tajemnicy: &hellip;<\/p>\n","protected":false},"author":3,"featured_media":5129,"comment_status":"closed","ping_status":"closed","sticky":false,"template":"","format":"standard","meta":{"_seopress_robots_primary_cat":"","_seopress_titles_title":"","_seopress_titles_desc":"","_seopress_robots_index":"","footnotes":""},"categories":[66,41],"tags":[1694],"class_list":["post-5128","post","type-post","status-publish","format-standard","has-post-thumbnail","","category-kultura-popularna-i-katolicyzm","category-wiara-i-kultura","tag-katechon"],"_links":{"self":[{"href":"https:\/\/catholicus.eu\/pl\/wp-json\/wp\/v2\/posts\/5128","targetHints":{"allow":["GET"]}}],"collection":[{"href":"https:\/\/catholicus.eu\/pl\/wp-json\/wp\/v2\/posts"}],"about":[{"href":"https:\/\/catholicus.eu\/pl\/wp-json\/wp\/v2\/types\/post"}],"author":[{"embeddable":true,"href":"https:\/\/catholicus.eu\/pl\/wp-json\/wp\/v2\/users\/3"}],"replies":[{"embeddable":true,"href":"https:\/\/catholicus.eu\/pl\/wp-json\/wp\/v2\/comments?post=5128"}],"version-history":[{"count":1,"href":"https:\/\/catholicus.eu\/pl\/wp-json\/wp\/v2\/posts\/5128\/revisions"}],"predecessor-version":[{"id":5130,"href":"https:\/\/catholicus.eu\/pl\/wp-json\/wp\/v2\/posts\/5128\/revisions\/5130"}],"wp:featuredmedia":[{"embeddable":true,"href":"https:\/\/catholicus.eu\/pl\/wp-json\/wp\/v2\/media\/5129"}],"wp:attachment":[{"href":"https:\/\/catholicus.eu\/pl\/wp-json\/wp\/v2\/media?parent=5128"}],"wp:term":[{"taxonomy":"category","embeddable":true,"href":"https:\/\/catholicus.eu\/pl\/wp-json\/wp\/v2\/categories?post=5128"},{"taxonomy":"post_tag","embeddable":true,"href":"https:\/\/catholicus.eu\/pl\/wp-json\/wp\/v2\/tags?post=5128"}],"curies":[{"name":"wp","href":"https:\/\/api.w.org\/{rel}","templated":true}]}}