{"id":5060,"date":"2026-02-20T11:00:55","date_gmt":"2026-02-20T10:00:55","guid":{"rendered":"https:\/\/catholicus.eu\/pl\/?p=5060"},"modified":"2026-02-20T11:00:55","modified_gmt":"2026-02-20T10:00:55","slug":"zapomniany-slownik-swiete-slowa-ktore-uksztaltowaly-cywilizacje-chrzescijanska-a-ktorych-dzis-prawie-nikt-nie-rozumie","status":"publish","type":"post","link":"https:\/\/catholicus.eu\/pl\/zapomniany-slownik-swiete-slowa-ktore-uksztaltowaly-cywilizacje-chrzescijanska-a-ktorych-dzis-prawie-nikt-nie-rozumie\/","title":{"rendered":"Zapomniany S\u0142ownik: \u015awi\u0119te S\u0142owa, kt\u00f3re Ukszta\u0142towa\u0142y Cywilizacj\u0119 Chrze\u015bcija\u0144sk\u0105 (a kt\u00f3rych Dzi\u015b Prawie Nikt Nie Rozumie)"},"content":{"rendered":"\n<p>\u017byjemy w epoce kr\u00f3tkich komunikat\u00f3w, ulotnych nag\u0142\u00f3wk\u00f3w i uproszczonego j\u0119zyka. A jednak wiara katolicka \u2014 szczeg\u00f3lnie w swojej najstarszej tradycji \u2014 jest utkana z g\u0142\u0119bokiego, symbolicznego s\u0142ownictwa, nasyconego wiekami m\u0105dro\u015bci.<\/p>\n\n\n\n<p>Wielu wiernych uczestniczy we Mszy, modli si\u0119, kocha Boga\u2026 lecz zapomnia\u0142o (albo nigdy nie nauczy\u0142o si\u0119) j\u0119zyka, kt\u00f3ry przez stulecia kszta\u0142towa\u0142 chrze\u015bcija\u0144skie sumienie.<\/p>\n\n\n\n<p>Ten artyku\u0142 jest zaproszeniem do ponownego odkrycia tego <strong>\u201ezapomnianego s\u0142ownika\u201d<\/strong>: s\u0142\u00f3w, kt\u00f3re nie s\u0105 zwyk\u0142ym \u017cargonem, lecz bram\u0105 do tajemnicy. Ich znajomo\u015b\u0107 nie jest elitaryzmem; jest wej\u015bciem g\u0142\u0119biej w duchowe dziedzictwo Ko\u015bcio\u0142a.<\/p>\n\n\n\n<hr class=\"wp-block-separator has-alpha-channel-opacity\"\/>\n\n\n\n<h2 class=\"wp-block-heading\">\u2728 I. Szaty i Przedmioty \u015awi\u0119te: Widzialny J\u0119zyk Tajemnicy<\/h2>\n\n\n\n<p>Tradycyjna liturgia jest bogata w symbole. Ka\u017cda szata, ka\u017cdy przedmiot niesie znaczenie duchowe.<\/p>\n\n\n\n<hr class=\"wp-block-separator has-alpha-channel-opacity\"\/>\n\n\n\n<h3 class=\"wp-block-heading\">\ud83e\uddf5 Manipularz<\/h3>\n\n\n\n<p><strong>Co to jest?<\/strong><br>W\u0105ska wst\u0119ga materia\u0142u, kt\u00f3r\u0105 kap\u0142an nosi na lewym ramieniu podczas tradycyjnej Mszy.<\/p>\n\n\n\n<p><strong>Co oznacza?<\/strong><br>Symbolizuje \u0142zy, trud i ofiar\u0119 kap\u0142a\u0144skiej pos\u0142ugi. Przypomina, \u017ce kap\u0142an nie jest \u201educhowym animatorem\u201d, lecz tym, kt\u00f3ry d\u017awiga ci\u0119\u017car ofiary.<\/p>\n\n\n\n<blockquote class=\"wp-block-quote is-layout-flow wp-block-quote-is-layout-flow\">\n<p>\u201eCi, kt\u00f3rzy we \u0142zach siej\u0105, \u017c\u0105\u0107 b\u0119d\u0105 w rado\u015bci\u201d (Psalm 126).<\/p>\n<\/blockquote>\n\n\n\n<hr class=\"wp-block-separator has-alpha-channel-opacity\"\/>\n\n\n\n<h3 class=\"wp-block-heading\">\ud83d\udc55 Kom\u017ca<\/h3>\n\n\n\n<p><strong>Co to jest?<\/strong><br>Bia\u0142a szata noszona na sutannie.<\/p>\n\n\n\n<p><strong>Znaczenie duchowe:<\/strong><br>Czysto\u015b\u0107 chrzcielna. Biel nie jest dekoracj\u0105 \u2014 jest widzialn\u0105 teologi\u0105.<\/p>\n\n\n\n<hr class=\"wp-block-separator has-alpha-channel-opacity\"\/>\n\n\n\n<h3 class=\"wp-block-heading\">\ud83c\udf97\ufe0f Stu\u0142a<\/h3>\n\n\n\n<p>D\u0142uga wst\u0119ga noszona przez kap\u0142ana na ramionach.<\/p>\n\n\n\n<p><strong>Symbolizuje:<\/strong><br>W\u0142adz\u0119 kap\u0142a\u0144sk\u0105 oraz \u201es\u0142odkie jarzmo\u201d Chrystusa. Dlatego kap\u0142an nosi j\u0105 podczas spowiedzi: oznacza w\u0142adz\u0119 rozgrzeszania.<\/p>\n\n\n\n<hr class=\"wp-block-separator has-alpha-channel-opacity\"\/>\n\n\n\n<h3 class=\"wp-block-heading\">\ud83e\udde5 Ornat<\/h3>\n\n\n\n<p>Zewn\u0119trzna szata kap\u0142ana podczas Mszy.<\/p>\n\n\n\n<p><strong>Symbolizuje:<\/strong><br>Mi\u0142o\u015b\u0107, kt\u00f3ra wszystko przykrywa. Bez mi\u0142o\u015bci pos\u0142uga staje si\u0119 pusta.<\/p>\n\n\n\n<hr class=\"wp-block-separator has-alpha-channel-opacity\"\/>\n\n\n\n<h3 class=\"wp-block-heading\">\ud83d\udd6f\ufe0f Ciborium (Puszka)<\/h3>\n\n\n\n<p>Naczynie liturgiczne, w kt\u00f3rym przechowuje si\u0119 konsekrowane hostie.<\/p>\n\n\n\n<p><strong>Uwaga teologiczna:<\/strong><br>Zawiera prawdziwie Cia\u0142o Chrystusa. To nie symbol \u2014 to rzeczywista obecno\u015b\u0107.<\/p>\n\n\n\n<hr class=\"wp-block-separator has-alpha-channel-opacity\"\/>\n\n\n\n<h2 class=\"wp-block-heading\">\u26ea II. Okresy Liturgiczne, Kt\u00f3rych Dzi\u015b Prawie Nikt Nie Zna<\/h2>\n\n\n\n<hr class=\"wp-block-separator has-alpha-channel-opacity\"\/>\n\n\n\n<h3 class=\"wp-block-heading\">\ud83d\udcc5 Siedemdziesi\u0105tnica (Septuagesima)<\/h3>\n\n\n\n<p>Dawny okres rozpoczynaj\u0105cy si\u0119 oko\u0142o 70 dni przed Wielkanoc\u0105.<\/p>\n\n\n\n<p><strong>Dlaczego jest wa\u017cny?<\/strong><br>Oznacza\u0142 stopniowe przygotowanie pokutne. Cho\u0107 zosta\u0142 usuni\u0119ty z nowego kalendarza liturgicznego, nadal istnieje w liturgii tradycyjnej.<\/p>\n\n\n\n<p>Nazwa oznacza dos\u0142ownie \u201esiedemdziesi\u0105ta\u201d, nawi\u0105zuj\u0105c do 70 lat niewoli babilo\u0144skiej \u2014 symbolu wygnania duszy daleko od Boga.<\/p>\n\n\n\n<hr class=\"wp-block-separator has-alpha-channel-opacity\"\/>\n\n\n\n<h3 class=\"wp-block-heading\">\ud83c\udf3f Pi\u0119\u0107dziesi\u0105tnica (Quinquagesima)<\/h3>\n\n\n\n<p>Niedziela poprzedzaj\u0105ca rozpocz\u0119cie Wielkiego Postu.<\/p>\n\n\n\n<p>Przypomina\u0142a o 50 dniach przed Wielkanoc\u0105 i przygotowywa\u0142a ducha na pokut\u0119.<\/p>\n\n\n\n<hr class=\"wp-block-separator has-alpha-channel-opacity\"\/>\n\n\n\n<h3 class=\"wp-block-heading\">\ud83d\udd4a\ufe0f Oktawa<\/h3>\n\n\n\n<p>Okres o\u015bmiu dni, podczas kt\u00f3rych przed\u0142u\u017ca si\u0119 uroczysto\u015b\u0107.<\/p>\n\n\n\n<p>Wielkanoc posiada\u0142a uroczyst\u0105 Oktaw\u0119: osiem dni obchodzonych jak jeden.<\/p>\n\n\n\n<p>Poniewa\u017c w Bogu czas si\u0119 rozszerza.<\/p>\n\n\n\n<hr class=\"wp-block-separator has-alpha-channel-opacity\"\/>\n\n\n\n<h2 class=\"wp-block-heading\">\ud83d\ude4f III. Terminy Teologiczne, kt\u00f3re Kszta\u0142tuj\u0105 Katolicki Umys\u0142<\/h2>\n\n\n\n<hr class=\"wp-block-separator has-alpha-channel-opacity\"\/>\n\n\n\n<h3 class=\"wp-block-heading\">\u271d\ufe0f Odpust Zupe\u0142ny<\/h3>\n\n\n\n<p><strong>Jasna definicja:<\/strong><br>Ca\u0142kowite darowanie kary doczesnej nale\u017cnej za grzechy ju\u017c odpuszczone.<\/p>\n\n\n\n<p>Warto tu wyja\u015bni\u0107 co\u015b fundamentalnego:<\/p>\n\n\n\n<ul class=\"wp-block-list\">\n<li>Grzech ma win\u0119 (odpuszczan\u0105 w spowiedzi).<\/li>\n\n\n\n<li>Ma tak\u017ce konsekwencje (kar\u0119 doczesn\u0105).<\/li>\n<\/ul>\n\n\n\n<p>Odpust zupe\u0142ny usuwa t\u0119 konsekwencj\u0119.<\/p>\n\n\n\n<p>Nie jest to \u201ekupowanie przebaczenia\u201d. Jest to zastosowanie zas\u0142ug Chrystusa i \u015bwi\u0119tych do skruszonej duszy.<\/p>\n\n\n\n<hr class=\"wp-block-separator has-alpha-channel-opacity\"\/>\n\n\n\n<h3 class=\"wp-block-heading\">\ud83d\udd25 Czy\u015bciec<\/h3>\n\n\n\n<p>Stan oczyszczenia dla dusz, kt\u00f3re umieraj\u0105 w stanie \u0142aski, lecz potrzebuj\u0105 jeszcze oczyszczenia.<\/p>\n\n\n\n<p>Nie jest to druga szansa. To ostatni akt mi\u0142osierdzia.<\/p>\n\n\n\n<hr class=\"wp-block-separator has-alpha-channel-opacity\"\/>\n\n\n\n<h3 class=\"wp-block-heading\">\ud83d\uded0 Latria, Dulia i Hiperdulia<\/h3>\n\n\n\n<p>Trzy stopnie czci:<\/p>\n\n\n\n<ul class=\"wp-block-list\">\n<li><strong>Latria:<\/strong> adoracja nale\u017cna wy\u0142\u0105cznie Bogu.<\/li>\n\n\n\n<li><strong>Dulia:<\/strong> cze\u015b\u0107 oddawana \u015bwi\u0119tym.<\/li>\n\n\n\n<li><strong>Hiperdulia:<\/strong> szczeg\u00f3lna cze\u015b\u0107 oddawana Naj\u015bwi\u0119tszej Maryi Pannie.<\/li>\n<\/ul>\n\n\n\n<p>To obala zarzut ba\u0142wochwalstwa.<\/p>\n\n\n\n<hr class=\"wp-block-separator has-alpha-channel-opacity\"\/>\n\n\n\n<h3 class=\"wp-block-heading\">\ud83d\udd4a\ufe0f \u0141aska U\u015bwi\u0119caj\u0105ca<\/h3>\n\n\n\n<p>Samo \u017cycie Boga w duszy.<\/p>\n\n\n\n<p>Bez niej dusza jest duchowo martwa. Z ni\u0105 uczestniczy w naturze Bo\u017cej.<\/p>\n\n\n\n<hr class=\"wp-block-separator has-alpha-channel-opacity\"\/>\n\n\n\n<h3 class=\"wp-block-heading\">\u2696\ufe0f Grzech \u015amiertelny<\/h3>\n\n\n\n<p>Wymaga trzech warunk\u00f3w:<\/p>\n\n\n\n<ol class=\"wp-block-list\">\n<li>Powa\u017cna materia<\/li>\n\n\n\n<li>Pe\u0142na \u015bwiadomo\u015b\u0107<\/li>\n\n\n\n<li>Dobrowolna zgoda<\/li>\n<\/ol>\n\n\n\n<p>Zrywa przyja\u017a\u0144 z Bogiem.<\/p>\n\n\n\n<hr class=\"wp-block-separator has-alpha-channel-opacity\"\/>\n\n\n\n<h3 class=\"wp-block-heading\">\ud83d\udcff Sakramentalium<\/h3>\n\n\n\n<p>Przedmiot po\u015bwi\u0119cony, kt\u00f3ry usposabia dusz\u0119 do przyj\u0119cia \u0142aski.<\/p>\n\n\n\n<p>Przyk\u0142ady: woda \u015bwi\u0119cona, szkaplerz, medalik.<\/p>\n\n\n\n<hr class=\"wp-block-separator has-alpha-channel-opacity\"\/>\n\n\n\n<h2 class=\"wp-block-heading\">\ud83d\udcdc IV. S\u0142owa z Tradycyjnej Mszy, kt\u00f3re Trzeba Zna\u0107<\/h2>\n\n\n\n<hr class=\"wp-block-separator has-alpha-channel-opacity\"\/>\n\n\n\n<h3 class=\"wp-block-heading\">\ud83d\udd4a\ufe0f Introit<\/h3>\n\n\n\n<p>\u015apiew na wej\u015bcie, kt\u00f3ry wprowadza w tajemnic\u0119 dnia.<\/p>\n\n\n\n<hr class=\"wp-block-separator has-alpha-channel-opacity\"\/>\n\n\n\n<h3 class=\"wp-block-heading\">\ud83d\udcd6 Gradua\u0142<\/h3>\n\n\n\n<p>Psalm \u015bpiewany mi\u0119dzy czytaniami.<\/p>\n\n\n\n<hr class=\"wp-block-separator has-alpha-channel-opacity\"\/>\n\n\n\n<h3 class=\"wp-block-heading\">\ud83d\udd14 Kanon<\/h3>\n\n\n\n<p>Centralna i niezmienna cz\u0119\u015b\u0107 Mszy, w kt\u00f3rej dokonuje si\u0119 konsekracja.<\/p>\n\n\n\n<p>W tradycyjnej Mszy Kanon odmawiany jest po cichu. Ta cisza nie jest pustk\u0105 \u2014 jest adoracj\u0105.<\/p>\n\n\n\n<hr class=\"wp-block-separator has-alpha-channel-opacity\"\/>\n\n\n\n<h3 class=\"wp-block-heading\">\ud83c\udf5e Transsubstancjacja<\/h3>\n\n\n\n<p>Przemiana substancji chleba i wina w Cia\u0142o i Krew Chrystusa.<\/p>\n\n\n\n<p>Wygl\u0105d si\u0119 nie zmienia; zmienia si\u0119 rzeczywisto\u015b\u0107.<\/p>\n\n\n\n<hr class=\"wp-block-separator has-alpha-channel-opacity\"\/>\n\n\n\n<h3 class=\"wp-block-heading\">\ud83d\ude47 Przykl\u0119kni\u0119cie<\/h3>\n\n\n\n<p>Ukl\u0119kni\u0119cie z dotkni\u0119ciem ziemi prawym kolanem.<\/p>\n\n\n\n<p>Jest to akt adoracji wobec Naj\u015bwi\u0119tszego Sakramentu.<\/p>\n\n\n\n<hr class=\"wp-block-separator has-alpha-channel-opacity\"\/>\n\n\n\n<h2 class=\"wp-block-heading\">\ud83d\udcd6 V. G\u0142\u0119bokie Poj\u0119cia Duchowe<\/h2>\n\n\n\n<hr class=\"wp-block-separator has-alpha-channel-opacity\"\/>\n\n\n\n<h3 class=\"wp-block-heading\">\ud83d\udd6f\ufe0f Noc Ciemna<\/h3>\n\n\n\n<p>Mistyczne okre\u015blenie zwi\u0105zane ze \u015bw. Janem od Krzy\u017ca.<\/p>\n\n\n\n<p>Okres duchowej osch\u0142o\u015bci, w kt\u00f3rym B\u00f3g oczyszcza dusz\u0119.<\/p>\n\n\n\n<hr class=\"wp-block-separator has-alpha-channel-opacity\"\/>\n\n\n\n<h3 class=\"wp-block-heading\">\ud83c\udf39 Zado\u015b\u0107uczynienie<\/h3>\n\n\n\n<p>Akt ofiarowania modlitwy i cierpienia za w\u0142asne grzechy lub grzechy innych.<\/p>\n\n\n\n<hr class=\"wp-block-separator has-alpha-channel-opacity\"\/>\n\n\n\n<h3 class=\"wp-block-heading\">\ud83d\udee1\ufe0f Walka Duchowa<\/h3>\n\n\n\n<p>\u017bycie chrze\u015bcija\u0144skie nie jest wygodne \u2014 to walka z grzechem, \u015bwiatem i diab\u0142em.<\/p>\n\n\n\n<hr class=\"wp-block-separator has-alpha-channel-opacity\"\/>\n\n\n\n<h2 class=\"wp-block-heading\">\ud83d\udd70\ufe0f VI. S\u0142owa, kt\u00f3re Ukszta\u0142towa\u0142y Cywilizacj\u0119<\/h2>\n\n\n\n<hr class=\"wp-block-separator has-alpha-channel-opacity\"\/>\n\n\n\n<h3 class=\"wp-block-heading\">\ud83d\udc51 Chrze\u015bcija\u0144stwo jako Chrze\u015bcija\u0144ska Cywilizacja (Christendom)<\/h3>\n\n\n\n<p>Spo\u0142ecze\u0144stwo oparte na zasadach chrze\u015bcija\u0144skich.<\/p>\n\n\n\n<p>To nie polityczna nostalgia; to wizja kulturowa.<\/p>\n\n\n\n<hr class=\"wp-block-separator has-alpha-channel-opacity\"\/>\n\n\n\n<h3 class=\"wp-block-heading\">\ud83d\udcff Pobo\u017cno\u015b\u0107<\/h3>\n\n\n\n<p>To nie sentymentalizm. To stanowcza wola oddawania czci Bogu.<\/p>\n\n\n\n<hr class=\"wp-block-separator has-alpha-channel-opacity\"\/>\n\n\n\n<h3 class=\"wp-block-heading\">\u2728 Ofiara<\/h3>\n\n\n\n<p>We Mszy nie ma jedynie \u201ezgromadzenia\u201d. Jest bezkrwawa Ofiara Kalwarii.<\/p>\n\n\n\n<hr class=\"wp-block-separator has-alpha-channel-opacity\"\/>\n\n\n\n<h2 class=\"wp-block-heading\">\ud83c\udf0d Dlaczego Dzi\u015b Odzyska\u0107 Ten S\u0142ownik?<\/h2>\n\n\n\n<p>Poniewa\u017c gdy j\u0119zyk ubo\u017ceje, ubo\u017ceje tak\u017ce my\u015blenie.<\/p>\n\n\n\n<p>A gdy my\u015blenie s\u0142abnie, wiara staje si\u0119 krucha.<\/p>\n\n\n\n<p>Wsp\u00f3\u0142czesna kultura proponuje s\u0142owa takie jak \u201eenergia\u201d, \u201ewszech\u015bwiat\u201d, \u201ewibracje\u201d.<br>Ko\u015bci\u00f3\u0142 proponuje s\u0142owa takie jak \u201e\u0142aska\u201d, \u201eodkupienie\u201d, \u201eofiara\u201d, \u201echwa\u0142a\u201d.<\/p>\n\n\n\n<p>Jedno zmienia s\u0142ownictwo.<br>Drugie przemienia dusz\u0119.<\/p>\n\n\n\n<hr class=\"wp-block-separator has-alpha-channel-opacity\"\/>\n\n\n\n<h2 class=\"wp-block-heading\">\ud83d\udccc Zako\u0144czenie: Uczy\u0107 si\u0119 J\u0119zyka Nieba<\/h2>\n\n\n\n<p>Ten s\u0142ownik nie jest \u0107wiczeniem intelektualnym. Jest inicjacj\u0105.<\/p>\n\n\n\n<p>Gdy rozumiesz, czym jest manipularz, patrzysz inaczej na kap\u0142ana.<br>Gdy rozumiesz odpust zupe\u0142ny, bardziej cenisz spowied\u017a.<br>Gdy odkrywasz na nowo Siedemdziesi\u0105tnic\u0119, rok liturgiczny przestaje by\u0107 rutyn\u0105.<\/p>\n\n\n\n<p>Chrze\u015bcija\u0144stwo to nie tylko wiara.<br>To nauka j\u0119zyka Boga.<\/p>\n\n\n\n<p>A kto uczy si\u0119 tego j\u0119zyka, nie jest ju\u017c widzem na Mszy.<\/p>\n\n\n\n<p>Staje si\u0119 \u015bwiadomym dziedzicem tradycji, kt\u00f3ra podtrzymywa\u0142a m\u0119czennik\u00f3w, \u015bwi\u0119tych i ca\u0142e cywilizacje.<\/p>\n\n\n\n<p>Niech ten zapomniany s\u0142ownik nie b\u0119dzie tylko przeczytany.<br>Niech b\u0119dzie prze\u017cyty.<\/p>\n\n\n\n<p>Bo \u015bwi\u0119te s\u0142owa nie zosta\u0142y stworzone, by je archiwizowa\u0107.<br>Zosta\u0142y stworzone, aby zbawia\u0107.<\/p>\n","protected":false},"excerpt":{"rendered":"<p>\u017byjemy w epoce kr\u00f3tkich komunikat\u00f3w, ulotnych nag\u0142\u00f3wk\u00f3w i uproszczonego j\u0119zyka. A jednak wiara katolicka \u2014 szczeg\u00f3lnie w swojej najstarszej tradycji \u2014 jest utkana z g\u0142\u0119bokiego, symbolicznego s\u0142ownictwa, nasyconego wiekami m\u0105dro\u015bci. Wielu wiernych uczestniczy we Mszy, modli si\u0119, kocha Boga\u2026 lecz zapomnia\u0142o (albo nigdy nie nauczy\u0142o si\u0119) j\u0119zyka, kt\u00f3ry przez stulecia kszta\u0142towa\u0142 chrze\u015bcija\u0144skie sumienie. Ten artyku\u0142 &hellip;<\/p>\n","protected":false},"author":3,"featured_media":5061,"comment_status":"closed","ping_status":"closed","sticky":false,"template":"","format":"standard","meta":{"_seopress_robots_primary_cat":"","_seopress_titles_title":"","_seopress_titles_desc":"","_seopress_robots_index":"","footnotes":""},"categories":[66,41],"tags":[],"class_list":["post-5060","post","type-post","status-publish","format-standard","has-post-thumbnail","","category-kultura-popularna-i-katolicyzm","category-wiara-i-kultura"],"_links":{"self":[{"href":"https:\/\/catholicus.eu\/pl\/wp-json\/wp\/v2\/posts\/5060","targetHints":{"allow":["GET"]}}],"collection":[{"href":"https:\/\/catholicus.eu\/pl\/wp-json\/wp\/v2\/posts"}],"about":[{"href":"https:\/\/catholicus.eu\/pl\/wp-json\/wp\/v2\/types\/post"}],"author":[{"embeddable":true,"href":"https:\/\/catholicus.eu\/pl\/wp-json\/wp\/v2\/users\/3"}],"replies":[{"embeddable":true,"href":"https:\/\/catholicus.eu\/pl\/wp-json\/wp\/v2\/comments?post=5060"}],"version-history":[{"count":1,"href":"https:\/\/catholicus.eu\/pl\/wp-json\/wp\/v2\/posts\/5060\/revisions"}],"predecessor-version":[{"id":5062,"href":"https:\/\/catholicus.eu\/pl\/wp-json\/wp\/v2\/posts\/5060\/revisions\/5062"}],"wp:featuredmedia":[{"embeddable":true,"href":"https:\/\/catholicus.eu\/pl\/wp-json\/wp\/v2\/media\/5061"}],"wp:attachment":[{"href":"https:\/\/catholicus.eu\/pl\/wp-json\/wp\/v2\/media?parent=5060"}],"wp:term":[{"taxonomy":"category","embeddable":true,"href":"https:\/\/catholicus.eu\/pl\/wp-json\/wp\/v2\/categories?post=5060"},{"taxonomy":"post_tag","embeddable":true,"href":"https:\/\/catholicus.eu\/pl\/wp-json\/wp\/v2\/tags?post=5060"}],"curies":[{"name":"wp","href":"https:\/\/api.w.org\/{rel}","templated":true}]}}