{"id":5048,"date":"2026-02-19T09:15:52","date_gmt":"2026-02-19T08:15:52","guid":{"rendered":"https:\/\/catholicus.eu\/pl\/?p=5048"},"modified":"2026-02-19T09:15:52","modified_gmt":"2026-02-19T08:15:52","slug":"lek-cichy-krzyk-duszy-ktora-zapomniala-o-bogu","status":"publish","type":"post","link":"https:\/\/catholicus.eu\/pl\/lek-cichy-krzyk-duszy-ktora-zapomniala-o-bogu\/","title":{"rendered":"L\u0119k: cichy krzyk duszy, kt\u00f3ra zapomnia\u0142a o Bogu"},"content":{"rendered":"\n<p>\u017byjemy w epoce l\u0119ku. Nigdy wcze\u015bniej nie by\u0142o tak wielu post\u0119p\u00f3w medycznych, tak wiele materialnego komfortu, tylu mo\u017cliwo\u015bci sp\u0119dzania wolnego czasu\u2026 a jednak nigdy wcze\u015bniej nie by\u0142o tak wielu niespokojnych serc. Tabletki nasenne, ksi\u0105\u017cki samopomocowe, techniki oddechowe, mindfulness, zoptymalizowana produktywno\u015b\u0107\u2026 a mimo to niepok\u00f3j wci\u0105\u017c ro\u015bnie.<\/p>\n\n\n\n<p>Pytanie jest niewygodne, ale konieczne:<br>A je\u015bli najg\u0142\u0119bszy l\u0119k nie jest po prostu zaburzeniem chemicznym ani problemem zarz\u0105dzania emocjami?<br>A je\u015bli w wielu przypadkach jest duchowym symptomem zerwania wi\u0119zi z Bogiem?<\/p>\n\n\n\n<p>Nie chodzi o zaprzeczanie psychologicznemu czy medycznemu wymiarowi l\u0119ku \u2014 by\u0142oby to nieodpowiedzialne \u2014 lecz o spojrzenie g\u0142\u0119biej. Tradycja katolicka zawsze wiedzia\u0142a, \u017ce cz\u0142owiek nie jest tylko cia\u0142em i umys\u0142em. Jest dusz\u0105. A kiedy dusza popada w nie\u0142ad, wszystko inne zaczyna si\u0119 chwia\u0107.<\/p>\n\n\n\n<p>Ten artyku\u0142 nie ma na celu pot\u0119piania ani upraszczania cierpienia. Ma je o\u015bwietli\u0107.<\/p>\n\n\n\n<hr class=\"wp-block-separator has-alpha-channel-opacity\"\/>\n\n\n\n<h2 class=\"wp-block-heading\">1. L\u0119k w historii ludzkiego serca<\/h2>\n\n\n\n<p>L\u0119k nie narodzi\u0142 si\u0119 w XXI wieku. Cz\u0142owiek do\u015bwiadcza strachu, niepokoju i trwogi od samego pocz\u0105tku. Wystarczy otworzy\u0107 Pismo \u015awi\u0119te.<\/p>\n\n\n\n<p>Po grzechu pierworodnym pierwszym uczuciem, kt\u00f3re si\u0119 pojawia, jest strach. Gdy B\u00f3g wo\u0142a Adama, ten odpowiada:<\/p>\n\n\n\n<blockquote class=\"wp-block-quote is-layout-flow wp-block-quote-is-layout-flow\">\n<p>\u201eUs\u0142ysza\u0142em Tw\u00f3j g\u0142os w ogrodzie i ul\u0105k\u0142em si\u0119, bo jestem nagi, wi\u0119c si\u0119 ukry\u0142em.\u201d (Rdz 3,10)<\/p>\n<\/blockquote>\n\n\n\n<p>Strach rodzi si\u0119 wtedy, gdy cz\u0142owiek oddziela si\u0119 od Boga. Zerwanie relacji rodzi niepewno\u015b\u0107. Tam, gdzie by\u0142a ufno\u015b\u0107, pojawia si\u0119 podejrzliwo\u015b\u0107. Tam, gdzie by\u0142o dzieci\u0119ce zawierzenie, pojawia si\u0119 samoobrona.<\/p>\n\n\n\n<p>L\u0119k w swojej najg\u0142\u0119bszej istocie jest wsp\u00f3\u0142czesn\u0105 form\u0105 tego samego strachu: l\u0119ku przed przysz\u0142o\u015bci\u0105, l\u0119ku przed utrat\u0105 kontroli, l\u0119ku przed byciem niewystarczaj\u0105cym, l\u0119ku przed strat\u0105, l\u0119ku przed \u015bmierci\u0105.<\/p>\n\n\n\n<p>Jednak tradycja duchowa zawsze rozr\u00f3\u017cnia\u0142a:<\/p>\n\n\n\n<ul class=\"wp-block-list\">\n<li><strong>Strach naturalny<\/strong> (instynktowny, ochronny).<\/li>\n\n\n\n<li><strong>Strach nieuporz\u0105dkowany<\/strong> (gdy zajmuje miejsce zaufania do Boga).<\/li>\n<\/ul>\n\n\n\n<p>Ojcowie pustyni m\u00f3wili ju\u017c o <em>acedii<\/em> \u2014 niespokojnym smutku duszy, kt\u00f3ra traci poczucie Boga i popada w wewn\u0119trzne rozbicie. Nie jest przypadkiem, \u017ce w naszej hiperpo\u0142\u0105czonej epoce powraca ona z tak\u0105 si\u0142\u0105.<\/p>\n\n\n\n<hr class=\"wp-block-separator has-alpha-channel-opacity\"\/>\n\n\n\n<h2 class=\"wp-block-heading\">2. To, co wyja\u015bniaj\u0105 psychologowie\u2026 i czego nie mog\u0105 wyja\u015bni\u0107<\/h2>\n\n\n\n<p>Wsp\u00f3\u0142czesna psychologia analizuje l\u0119k w kategoriach:<\/p>\n\n\n\n<ul class=\"wp-block-list\">\n<li>Reakcji uk\u0142adu nerwowego.<\/li>\n\n\n\n<li>Przewlek\u0142ego stresu.<\/li>\n\n\n\n<li>Traum.<\/li>\n\n\n\n<li>Zniekszta\u0142conych schemat\u00f3w my\u015blenia.<\/li>\n\n\n\n<li>\u015arodowisk konkurencyjnych.<\/li>\n<\/ul>\n\n\n\n<p>To wszystko jest realne. I mo\u017ce wymaga\u0107 profesjonalnej pomocy. Jednak psychologia nie potrafi odpowiedzie\u0107 na radykalne pytanie:<\/p>\n\n\n\n<p>Dlaczego, skoro pozornie mam wszystko, nadal czuj\u0119 pustk\u0119?<\/p>\n\n\n\n<p>Poniewa\u017c najg\u0142\u0119bszy l\u0119k nie zawsze jest strachem przed czym\u015b zewn\u0119trznym. Jest l\u0119kiem przed brakiem fundamentu. Jest \u017cyciem bez kotwicy.<\/p>\n\n\n\n<p>Cz\u0142owiek zosta\u0142 stworzony dla Absolutu. A kiedy pr\u00f3buje wype\u0142ni\u0107 t\u0119 pustk\u0119 sukcesem, pieni\u0119dzmi, uznaniem czy nawet dobrostanem emocjonalnym, odkrywa, \u017ce nic nie wystarcza.<\/p>\n\n\n\n<p>Jak napisa\u0142 \u015bw. Augustyn:<\/p>\n\n\n\n<blockquote class=\"wp-block-quote is-layout-flow wp-block-quote-is-layout-flow\">\n<p>\u201eStworzy\u0142e\u015b nas dla siebie, Panie, i niespokojne jest serce nasze, dop\u00f3ki nie spocznie w Tobie.\u201d<\/p>\n<\/blockquote>\n\n\n\n<p>Sta\u0142y l\u0119k mo\u017ce by\u0107 niepokojem serca, kt\u00f3re usun\u0119\u0142o Boga z centrum.<\/p>\n\n\n\n<hr class=\"wp-block-separator has-alpha-channel-opacity\"\/>\n\n\n\n<h2 class=\"wp-block-heading\">3. L\u0119k jako brak \u017cywej relacji z Bogiem<\/h2>\n\n\n\n<p>Tu znajduje si\u0119 punkt, o kt\u00f3rym rzadko us\u0142yszysz w podr\u0119czniku samopomocy:<br>l\u0119k w wielu przypadkach nie jest tylko problemem my\u015blenia\u2026 lecz problemem relacji.<\/p>\n\n\n\n<p>Kiedy cz\u0142owiek przestaje \u017cy\u0107 jak dziecko Boga, zaczyna \u017cy\u0107 tak, jakby wszystko zale\u017ca\u0142o wy\u0142\u0105cznie od niego.<\/p>\n\n\n\n<ul class=\"wp-block-list\">\n<li>Jego sukces zale\u017cy od niego.<\/li>\n\n\n\n<li>Jego warto\u015b\u0107 zale\u017cy od niego.<\/li>\n\n\n\n<li>Jego bezpiecze\u0144stwo zale\u017cy od niego.<\/li>\n\n\n\n<li>Jego przysz\u0142o\u015b\u0107 zale\u017cy od niego.<\/li>\n<\/ul>\n\n\n\n<p>To ci\u0119\u017car nie do ud\u017awigni\u0119cia.<\/p>\n\n\n\n<p>Jezus Chrystus powiedzia\u0142 jasno:<\/p>\n\n\n\n<blockquote class=\"wp-block-quote is-layout-flow wp-block-quote-is-layout-flow\">\n<p>\u201eNie troszczcie si\u0119 zbytnio o swoje \u017cycie, o to, co b\u0119dziecie je\u015b\u0107; ani o swoje cia\u0142o, czym b\u0119dziecie si\u0119 przyodziewa\u0107.\u201d (Mt 6,25)<\/p>\n<\/blockquote>\n\n\n\n<p>A dalej:<\/p>\n\n\n\n<blockquote class=\"wp-block-quote is-layout-flow wp-block-quote-is-layout-flow\">\n<p>\u201eStarajcie si\u0119 naprz\u00f3d o Kr\u00f3lestwo Boga i o Jego sprawiedliwo\u015b\u0107, a to wszystko b\u0119dzie wam dodane.\u201d (Mt 6,33)<\/p>\n<\/blockquote>\n\n\n\n<p>L\u0119k pojawia si\u0119 wtedy, gdy odwracamy porz\u0105dek: najpierw szukamy \u201etego wszystkiego\u201d\u2026 a Kr\u00f3lestwo zostawiamy na p\u00f3\u017aniej.<\/p>\n\n\n\n<p>Nie chodzi o nieodpowiedzialno\u015b\u0107. Chodzi o duchowy priorytet. Gdy B\u00f3g nie jest w centrum, ca\u0142y \u015bwiat staje si\u0119 zagro\u017ceniem.<\/p>\n\n\n\n<hr class=\"wp-block-separator has-alpha-channel-opacity\"\/>\n\n\n\n<h2 class=\"wp-block-heading\">4. Wsp\u00f3\u0142czesny mit kontroli<\/h2>\n\n\n\n<p>\u017byjemy obsesj\u0105 kontroli:<\/p>\n\n\n\n<ul class=\"wp-block-list\">\n<li>Naszego kalendarza.<\/li>\n\n\n\n<li>Naszego wizerunku.<\/li>\n\n\n\n<li>Naszej produktywno\u015bci.<\/li>\n\n\n\n<li>Naszej reputacji.<\/li>\n\n\n\n<li>Naszego cia\u0142a.<\/li>\n\n\n\n<li>Naszej przysz\u0142o\u015bci.<\/li>\n<\/ul>\n\n\n\n<p>Jednak absolutna kontrola jest iluzj\u0105. A im bardziej pr\u00f3bujemy wszystko zabezpieczy\u0107, tym bardziej stajemy si\u0119 l\u0119kliwi.<\/p>\n\n\n\n<p>Duchowo\u015b\u0107 katolicka uczy czego\u015b rewolucyjnego: <strong>zaufania Opatrzno\u015bci<\/strong>.<\/p>\n\n\n\n<p>Opatrzno\u015b\u0107 nie oznacza bierno\u015bci. Oznacza dzia\u0142anie odpowiedzialne ze \u015bwiadomo\u015bci\u0105, \u017ce ostateczny rezultat spoczywa w r\u0119kach Boga.<\/p>\n\n\n\n<p>L\u0119k ro\u015bnie, gdy wierzymy, \u017ce wszech\u015bwiat zale\u017cy od naszej zdolno\u015bci przewidzenia wszystkiego. Pok\u00f3j rodzi si\u0119 wtedy, gdy uznajemy, \u017ce nie jeste\u015bmy Bogiem.<\/p>\n\n\n\n<hr class=\"wp-block-separator has-alpha-channel-opacity\"\/>\n\n\n\n<h2 class=\"wp-block-heading\">5. L\u0119k i grzech: zapomniany wymiar<\/h2>\n\n\n\n<p>Ten punkt jest delikatny, ale kluczowy.<\/p>\n\n\n\n<p>Nie ka\u017cdy l\u0119k jest owocem osobistego grzechu. Ale grzech rodzi wewn\u0119trzny nie\u0142ad. A nie\u0142ad rodzi niepok\u00f3j.<\/p>\n\n\n\n<p>Kiedy dusza \u017cyje w stanie \u0142aski, istnieje g\u0142\u0119boka harmonia. Kiedy \u017cyje w sprzeczno\u015bci \u2014 wiemy, \u017ce co\u015b jest nie w porz\u0105dku, ale nie chcemy si\u0119 zmieni\u0107 \u2014 pojawia si\u0119 napi\u0119cie.<\/p>\n\n\n\n<p>Cz\u0119sta spowied\u017a nie jest tylko aktem moralnym. Jest lekarstwem dla duszy. Wielu odkrywa, \u017ce po dobrej spowiedzi znika l\u0119k, kt\u00f3ry towarzyszy\u0142 im przez miesi\u0105ce.<\/p>\n\n\n\n<p>Bo czasem l\u0119k jest dusz\u0105 prosz\u0105c\u0105 o pojednanie.<\/p>\n\n\n\n<hr class=\"wp-block-separator has-alpha-channel-opacity\"\/>\n\n\n\n<h2 class=\"wp-block-heading\">6. Chrystus tak\u017ce poci\u0142 si\u0119 krwi\u0105<\/h2>\n\n\n\n<p>Nie zapominajmy o czym\u015b fundamentalnym: Jezus Chrystus do\u015bwiadczy\u0142 prawdziwej trwogi.<\/p>\n\n\n\n<p>W Getsemani, przed M\u0119k\u0105, Ewangelia m\u00f3wi, \u017ce Jego pot sta\u0142 si\u0119 jak krople krwi. To nie metafora. To skrajny przejaw udr\u0119ki.<\/p>\n\n\n\n<p>Ale jest zasadnicza r\u00f3\u017cnica.<\/p>\n\n\n\n<p>Chrystus nie uciek\u0142 od Ojca. Zawierzy\u0142 Mu siebie.<\/p>\n\n\n\n<blockquote class=\"wp-block-quote is-layout-flow wp-block-quote-is-layout-flow\">\n<p>\u201eOjcze, je\u015bli to mo\u017cliwe, niech Mnie ominie ten kielich; wszak\u017ce nie moja wola, lecz Twoja niech si\u0119 stanie.\u201d (\u0141k 22,42)<\/p>\n<\/blockquote>\n\n\n\n<p>Kluczem nie jest to, by nie odczuwa\u0107 l\u0119ku.<br>Kluczem jest nie oddziela\u0107 si\u0119 od Boga w samym \u015brodku l\u0119ku.<\/p>\n\n\n\n<hr class=\"wp-block-separator has-alpha-channel-opacity\"\/>\n\n\n\n<h2 class=\"wp-block-heading\">7. Zastosowania praktyczne: jak walczy\u0107 z l\u0119kiem przez wiar\u0119<\/h2>\n\n\n\n<p>Teoria nie wystarczy. Potrzebna jest konkretna droga.<\/p>\n\n\n\n<h3 class=\"wp-block-heading\">1. Odbudowa\u0107 codzienn\u0105 modlitw\u0119<\/h3>\n\n\n\n<p>Nie jako mechaniczn\u0105 powinno\u015b\u0107, lecz jako \u017cyw\u0105 relacj\u0119.<\/p>\n\n\n\n<p>Dziesi\u0119\u0107 minut codziennej ciszy przed Bogiem jest warte wi\u0119cej ni\u017c godziny cyfrowej rozproszenia. L\u0119k maleje, gdy dusza przypomina sobie, kim jest jej Ojciec.<\/p>\n\n\n\n<h3 class=\"wp-block-heading\">2. Powr\u00f3ci\u0107 do sakrament\u00f3w<\/h3>\n\n\n\n<ul class=\"wp-block-list\">\n<li>Regularna spowied\u017a.<\/li>\n\n\n\n<li>Cz\u0119sta Eucharystia.<\/li>\n\n\n\n<li>Adoracja Naj\u015bwi\u0119tszego Sakramentu.<\/li>\n<\/ul>\n\n\n\n<p>\u0141aska umacnia dusz\u0119. A umocniona dusza lepiej opiera si\u0119 niepokojowi.<\/p>\n\n\n\n<h3 class=\"wp-block-heading\">3. \u0106wiczy\u0107 \u015bwiadome zawierzenie<\/h3>\n\n\n\n<p>Powtarza\u0107 w sercu:<\/p>\n\n\n\n<p>\u201ePanie, ufam Tobie.\u201d<\/p>\n\n\n\n<p>Nie jako pust\u0105 formu\u0142\u0119, lecz jako \u015bwiadomy akt, gdy pojawia si\u0119 strach.<\/p>\n\n\n\n<h3 class=\"wp-block-heading\">4. Uporz\u0105dkowa\u0107 \u017cycie moralne<\/h3>\n\n\n\n<p>Czasem l\u0119k \u017cywi si\u0119 niesp\u00f3jno\u015bciami:<\/p>\n\n\n\n<ul class=\"wp-block-list\">\n<li>Nieuporz\u0105dkowanym rytmem \u017cycia.<\/li>\n\n\n\n<li>Nadmiarem cyfrowym.<\/li>\n\n\n\n<li>Toksycznymi relacjami.<\/li>\n\n\n\n<li>Ukrytymi grzechami.<\/li>\n<\/ul>\n\n\n\n<p>Uporz\u0105dkowane \u017cycie rodzi pok\u00f3j.<\/p>\n\n\n\n<h3 class=\"wp-block-heading\">5. Przyj\u0105\u0107 w\u0142asn\u0105 ma\u0142o\u015b\u0107<\/h3>\n\n\n\n<p>Nie jeste\u015bmy wszechmocni. I nie musimy by\u0107.<\/p>\n\n\n\n<p>Pokora jest lekarstwem na l\u0119k. Pycha rodzi presj\u0119; pokora daje odpoczynek.<\/p>\n\n\n\n<hr class=\"wp-block-separator has-alpha-channel-opacity\"\/>\n\n\n\n<h2 class=\"wp-block-heading\">8. Konieczne ostrze\u017cenie<\/h2>\n\n\n\n<p>Istniej\u0105 zaburzenia l\u0119kowe, kt\u00f3re wymagaj\u0105 profesjonalnej pomocy. Wiara nie zast\u0119puje medycyny, gdy jest ona konieczna. Ko\u015bci\u00f3\u0142 nigdy temu nie zaprzecza\u0142.<\/p>\n\n\n\n<p>Ale nawet gdy istnieje komponent kliniczny, wymiar duchowy pozostaje decyduj\u0105cy. Leczenie mo\u017ce ustabilizowa\u0107 cia\u0142o i umys\u0142, ale tylko B\u00f3g mo\u017ce nada\u0107 sens cierpieniu.<\/p>\n\n\n\n<hr class=\"wp-block-separator has-alpha-channel-opacity\"\/>\n\n\n\n<h2 class=\"wp-block-heading\">9. Pok\u00f3j, kt\u00f3rego \u015bwiat da\u0107 nie mo\u017ce<\/h2>\n\n\n\n<p>Jezus obieca\u0142 co\u015b radykalnego:<\/p>\n\n\n\n<blockquote class=\"wp-block-quote is-layout-flow wp-block-quote-is-layout-flow\">\n<p>\u201ePok\u00f3j zostawiam wam, pok\u00f3j m\u00f3j daj\u0119 wam; nie tak jak daje \u015bwiat, Ja wam daj\u0119.\u201d (J 14,27)<\/p>\n<\/blockquote>\n\n\n\n<p>\u015awiat oferuje rozproszenie.<br>Chrystus oferuje pok\u00f3j.<\/p>\n\n\n\n<p>\u015awiat oferuje techniki.<br>Chrystus oferuje relacj\u0119.<\/p>\n\n\n\n<p>\u015awiat oferuje kontrol\u0119.<br>Chrystus oferuje zaufanie.<\/p>\n\n\n\n<p>L\u0119k mo\u017ce by\u0107 symptomem \u017cycia zbudowanego na ruchomych piaskach. Gdy ska\u0142\u0105 zn\u00f3w staje si\u0119 B\u00f3g, dusza zaczyna oddycha\u0107.<\/p>\n\n\n\n<hr class=\"wp-block-separator has-alpha-channel-opacity\"\/>\n\n\n\n<h2 class=\"wp-block-heading\">Zako\u0144czenie: l\u0119k jako wezwanie<\/h2>\n\n\n\n<p>Mo\u017ce tw\u00f3j l\u0119k nie jest tylko problemem.<br>Mo\u017ce jest wezwaniem.<\/p>\n\n\n\n<p>Wezwaniem do:<\/p>\n\n\n\n<ul class=\"wp-block-list\">\n<li>Powrotu do modlitwy.<\/li>\n\n\n\n<li>Powrotu do spowiedzi.<\/li>\n\n\n\n<li>Powrotu do zaufania.<\/li>\n\n\n\n<li>Powrotu do \u017cycia jak dziecko Boga.<\/li>\n<\/ul>\n\n\n\n<p>\u015awiat powie ci, \u017ce musisz lepiej zarz\u0105dza\u0107 swoimi emocjami.<br>Chrystus m\u00f3wi, \u017ce musisz spocz\u0105\u0107 w Nim.<\/p>\n\n\n\n<p>I mo\u017ce w\u0142a\u015bnie w tym odpoczynku odkryjesz, \u017ce pokoju si\u0119 nie wytwarza\u2026 pok\u00f3j si\u0119 otrzymuje.<\/p>\n\n\n\n<p>Bo ludzkie serce nie zosta\u0142o stworzone do podtrzymywania wszech\u015bwiata.<\/p>\n\n\n\n<p>Zosta\u0142o stworzone, by kocha\u0107 Boga i by\u0107 przez Boga kochanym.<\/p>\n","protected":false},"excerpt":{"rendered":"<p>\u017byjemy w epoce l\u0119ku. Nigdy wcze\u015bniej nie by\u0142o tak wielu post\u0119p\u00f3w medycznych, tak wiele materialnego komfortu, tylu mo\u017cliwo\u015bci sp\u0119dzania wolnego czasu\u2026 a jednak nigdy wcze\u015bniej nie by\u0142o tak wielu niespokojnych serc. Tabletki nasenne, ksi\u0105\u017cki samopomocowe, techniki oddechowe, mindfulness, zoptymalizowana produktywno\u015b\u0107\u2026 a mimo to niepok\u00f3j wci\u0105\u017c ro\u015bnie. Pytanie jest niewygodne, ale konieczne:A je\u015bli najg\u0142\u0119bszy l\u0119k nie &hellip;<\/p>\n","protected":false},"author":3,"featured_media":5049,"comment_status":"closed","ping_status":"closed","sticky":false,"template":"","format":"standard","meta":{"_seopress_robots_primary_cat":"","_seopress_titles_title":"","_seopress_titles_desc":"","_seopress_robots_index":"","footnotes":""},"categories":[54,39],"tags":[1677],"class_list":["post-5048","post","type-post","status-publish","format-standard","has-post-thumbnail","","category-bioetyka-i-wspolczesne-problemy","category-moralnosc-i-zycie-chrzescijanskie","tag-lek"],"_links":{"self":[{"href":"https:\/\/catholicus.eu\/pl\/wp-json\/wp\/v2\/posts\/5048","targetHints":{"allow":["GET"]}}],"collection":[{"href":"https:\/\/catholicus.eu\/pl\/wp-json\/wp\/v2\/posts"}],"about":[{"href":"https:\/\/catholicus.eu\/pl\/wp-json\/wp\/v2\/types\/post"}],"author":[{"embeddable":true,"href":"https:\/\/catholicus.eu\/pl\/wp-json\/wp\/v2\/users\/3"}],"replies":[{"embeddable":true,"href":"https:\/\/catholicus.eu\/pl\/wp-json\/wp\/v2\/comments?post=5048"}],"version-history":[{"count":1,"href":"https:\/\/catholicus.eu\/pl\/wp-json\/wp\/v2\/posts\/5048\/revisions"}],"predecessor-version":[{"id":5050,"href":"https:\/\/catholicus.eu\/pl\/wp-json\/wp\/v2\/posts\/5048\/revisions\/5050"}],"wp:featuredmedia":[{"embeddable":true,"href":"https:\/\/catholicus.eu\/pl\/wp-json\/wp\/v2\/media\/5049"}],"wp:attachment":[{"href":"https:\/\/catholicus.eu\/pl\/wp-json\/wp\/v2\/media?parent=5048"}],"wp:term":[{"taxonomy":"category","embeddable":true,"href":"https:\/\/catholicus.eu\/pl\/wp-json\/wp\/v2\/categories?post=5048"},{"taxonomy":"post_tag","embeddable":true,"href":"https:\/\/catholicus.eu\/pl\/wp-json\/wp\/v2\/tags?post=5048"}],"curies":[{"name":"wp","href":"https:\/\/api.w.org\/{rel}","templated":true}]}}