{"id":5045,"date":"2026-02-19T08:47:02","date_gmt":"2026-02-19T07:47:02","guid":{"rendered":"https:\/\/catholicus.eu\/pl\/?p=5045"},"modified":"2026-02-19T08:47:03","modified_gmt":"2026-02-19T07:47:03","slug":"kiedy-milosc-stygnie-w-ciszy-intymnosc-malzenska-jako-dusza-malzenstwa-chrzescijanskiego","status":"publish","type":"post","link":"https:\/\/catholicus.eu\/pl\/kiedy-milosc-stygnie-w-ciszy-intymnosc-malzenska-jako-dusza-malzenstwa-chrzescijanskiego\/","title":{"rendered":"Kiedy mi\u0142o\u015b\u0107 stygnie w ciszy: intymno\u015b\u0107 ma\u0142\u017ce\u0144ska jako dusza ma\u0142\u017ce\u0144stwa chrze\u015bcija\u0144skiego"},"content":{"rendered":"\n<p>W kulturze naznaczonej po\u015bpiechem, cyfrow\u0105 nad\u0142\u0105czno\u015bci\u0105, indywidualizmem i krucho\u015bci\u0105 relacji, ma\u0142\u017ce\u0144stwo staje dzi\u015b wobec jednego ze swoich najwi\u0119kszych wyzwa\u0144: stopniowej utraty intymno\u015bci. Zazwyczaj nie dzieje si\u0119 to nagle. Zanika ona powoli, niemal niezauwa\u017calnie, a\u017c pewnego dnia ma\u0142\u017conkowie odkrywaj\u0105, \u017ce dziel\u0105 dom, lecz nie \u017cycie; rutyn\u0119, lecz nie serce.<\/p>\n\n\n\n<p>Z punktu widzenia teologii katolickiej intymno\u015b\u0107 ma\u0142\u017ce\u0144ska nie jest elementem drugorz\u0119dnym ani opcjonalnym: stanowi \u017cywe j\u0105dro sakramentu. Gdy zostaje utracona \u2014 zar\u00f3wno w swoim wymiarze fizycznym, jak i osobowym \u2014 ma\u0142\u017ce\u0144stwo zaczyna rozpada\u0107 si\u0119 od wewn\u0105trz.<\/p>\n\n\n\n<p>Niniejszy artyku\u0142 proponuje g\u0142\u0119bok\u0105 refleksj\u0119 teologiczn\u0105 i pastoraln\u0105 nad warto\u015bci\u0105 intymno\u015bci w ma\u0142\u017ce\u0144stwie chrze\u015bcija\u0144skim, jej fundamentem w tradycji Ko\u015bcio\u0142a oraz konkretnymi drogami jej piel\u0119gnowania w codziennym \u017cyciu.<\/p>\n\n\n\n<hr class=\"wp-block-separator has-alpha-channel-opacity\"\/>\n\n\n\n<h2 class=\"wp-block-heading\">Ma\u0142\u017ce\u0144stwo chrze\u015bcija\u0144skie: komunia os\u00f3b, a nie zwyk\u0142a umowa<\/h2>\n\n\n\n<p>Chrze\u015bcija\u0144ska wizja ma\u0142\u017ce\u0144stwa opiera si\u0119 na fundamentalnej prawdzie: ma\u0142\u017ce\u0144stwo jest przymierzem ca\u0142kowitej mi\u0142o\u015bci mi\u0119dzy osobami, obrazem mi\u0142o\u015bci Boga.<\/p>\n\n\n\n<p>Ma\u0142\u017ce\u0144stwo nie jest jedynie wsp\u00f3\u0142\u017cyciem ani kontraktem prawnym. Jest sakramentem, widzialnym znakiem niewidzialnej rzeczywisto\u015bci: jedno\u015bci Chrystusa i Ko\u015bcio\u0142a.<\/p>\n\n\n\n<p>Biblijny fundament pojawia si\u0119 ju\u017c w opisie stworzenia:<\/p>\n\n\n\n<blockquote class=\"wp-block-quote is-layout-flow wp-block-quote-is-layout-flow\">\n<p>\u201eDlatego m\u0119\u017cczyzna opuszcza ojca swego i matk\u0119 swoj\u0105 i \u0142\u0105czy si\u0119 ze swoj\u0105 \u017con\u0105, tak \u017ce staj\u0105 si\u0119 jednym cia\u0142em\u201d (Rdz 2,24, Biblia).<\/p>\n<\/blockquote>\n\n\n\n<p>To \u201estanie si\u0119 jednym cia\u0142em\u201d nie ogranicza si\u0119 do aspektu fizycznego. Oznacza ono:<\/p>\n\n\n\n<ul class=\"wp-block-list\">\n<li>jedno\u015b\u0107 serc<\/li>\n\n\n\n<li>jedno\u015b\u0107 woli<\/li>\n\n\n\n<li>jedno\u015b\u0107 duchow\u0105<\/li>\n\n\n\n<li>wsp\u00f3lnot\u0119 \u017cycia<\/li>\n\n\n\n<li>ca\u0142kowity i wzajemny dar z siebie<\/li>\n<\/ul>\n\n\n\n<p>Ma\u0142\u017ce\u0144stwo jest zatem komuni\u0105 os\u00f3b. A ka\u017cda komunia wymaga intymno\u015bci.<\/p>\n\n\n\n<hr class=\"wp-block-separator has-alpha-channel-opacity\"\/>\n\n\n\n<h2 class=\"wp-block-heading\">Intymno\u015b\u0107 jako dar teologiczny: cia\u0142o, dusza i duch<\/h2>\n\n\n\n<p>Tradycja katolicka naucza, \u017ce mi\u0142o\u015b\u0107 ma\u0142\u017ce\u0144ska obejmuje trzy nieroz\u0142\u0105czne wymiary:<\/p>\n\n\n\n<h3 class=\"wp-block-heading\">1. Intymno\u015b\u0107 fizyczna<\/h3>\n\n\n\n<p>Zjednoczenie cielesne wyra\u017ca ca\u0142kowity dar ma\u0142\u017conk\u00f3w. Nie jest jedynie biologiczne, lecz stanowi j\u0119zyk mi\u0142o\u015bci.<\/p>\n\n\n\n<h3 class=\"wp-block-heading\">2. Intymno\u015b\u0107 osobowa<\/h3>\n\n\n\n<p>Oznacza g\u0142\u0119bokie poznanie drugiej osoby, dzielenie si\u0119 w\u0142asnym wn\u0119trzem, my\u015blami, l\u0119kami, rado\u015bciami, ranami i nadziejami.<\/p>\n\n\n\n<h3 class=\"wp-block-heading\">3. Intymno\u015b\u0107 duchowa<\/h3>\n\n\n\n<p>Zjednoczenie w Bogu: wsp\u00f3lna modlitwa, wsp\u00f3lnie prze\u017cywana wiara, wsp\u00f3lna droga ku \u015bwi\u0119to\u015bci.<\/p>\n\n\n\n<p>Wielkie wsp\u00f3\u0142czesne rozwini\u0119cie teologiczne tego tematu znajdujemy w katechezach <strong>\u015bwi\u0119ty Jan Pawe\u0142 II<\/strong>, zw\u0142aszcza w jego teologii cia\u0142a, gdzie naucza on, \u017ce cia\u0142o ludzkie posiada \u201eznaczenie oblubie\u0144cze\u201d: jest stworzone do daru z siebie.<\/p>\n\n\n\n<p>Gdy jeden z tych wymiar\u00f3w zostaje naruszony, ma\u0142\u017ce\u0144stwo ulega g\u0142\u0119bokiemu zubo\u017ceniu.<\/p>\n\n\n\n<hr class=\"wp-block-separator has-alpha-channel-opacity\"\/>\n\n\n\n<h2 class=\"wp-block-heading\">Historia i tradycja: Ko\u015bci\u00f3\u0142 zawsze broni\u0142 intymno\u015bci ma\u0142\u017ce\u0144skiej<\/h2>\n\n\n\n<p>Od pierwszych wiek\u00f3w Ko\u015bci\u00f3\u0142 naucza\u0142, \u017ce ma\u0142\u017ce\u0144stwo zak\u0142ada g\u0142\u0119bok\u0105 wsp\u00f3lnot\u0119 \u017cycia.<\/p>\n\n\n\n<p>Ojcowie Ko\u015bcio\u0142a opisywali ma\u0142\u017ce\u0144stwo jako:<\/p>\n\n\n\n<ul class=\"wp-block-list\">\n<li>\u201edoskona\u0142\u0105 przyja\u017a\u0144\u201d<\/li>\n\n\n\n<li>\u201ewsp\u00f3lnot\u0119 \u017cycia\u201d<\/li>\n\n\n\n<li>\u201ewsp\u00f3ln\u0105 drog\u0119 do Boga\u201d<\/li>\n<\/ul>\n\n\n\n<p>P\u00f3\u017aniejsze nauczanie Magisterium potwierdzi\u0142o t\u0119 wizj\u0119. Mi\u0142o\u015b\u0107 ma\u0142\u017ce\u0144ska obejmuje:<\/p>\n\n\n\n<ul class=\"wp-block-list\">\n<li>ca\u0142kowito\u015b\u0107<\/li>\n\n\n\n<li>wy\u0142\u0105czno\u015b\u0107<\/li>\n\n\n\n<li>wierno\u015b\u0107<\/li>\n\n\n\n<li>p\u0142odno\u015b\u0107<\/li>\n\n\n\n<li>g\u0142\u0119bok\u0105 komuni\u0119<\/li>\n<\/ul>\n\n\n\n<p>Ma\u0142\u017ce\u0144stwo nie opiera si\u0119 jedynie na obowi\u0105zku, lecz na wewn\u0119trznej jedno\u015bci.<\/p>\n\n\n\n<hr class=\"wp-block-separator has-alpha-channel-opacity\"\/>\n\n\n\n<h2 class=\"wp-block-heading\">Jak dzi\u015b traci si\u0119 intymno\u015b\u0107: wsp\u00f3\u0142czesne przyczyny<\/h2>\n\n\n\n<p>Wsp\u00f3\u0142czesna kultura wprowadza czynniki, kt\u00f3re po cichu podwa\u017caj\u0105 jedno\u015b\u0107 ma\u0142\u017ce\u0144sk\u0105.<\/p>\n\n\n\n<h3 class=\"wp-block-heading\">Kultura indywidualizmu<\/h3>\n\n\n\n<p>Samorealizacja jednostki stawiana jest ponad \u201emy\u201d.<\/p>\n\n\n\n<h3 class=\"wp-block-heading\">Cyfrowa nad\u0142\u0105czno\u015b\u0107<\/h3>\n\n\n\n<p>Telefony, media spo\u0142eczno\u015bciowe i ekrany zast\u0119puj\u0105 rozmow\u0119.<\/p>\n\n\n\n<h3 class=\"wp-block-heading\">Stres i przyspieszone tempo \u017cycia<\/h3>\n\n\n\n<p>Praca, dzieci i sta\u0142e obowi\u0105zki ograniczaj\u0105 wsp\u00f3lny czas.<\/p>\n\n\n\n<h3 class=\"wp-block-heading\">Pornografia i zniekszta\u0142cenie seksualno\u015bci<\/h3>\n\n\n\n<p>Niszczy wizj\u0119 cia\u0142a jako daru i sprowadza drug\u0105 osob\u0119 do przedmiotu.<\/p>\n\n\n\n<h3 class=\"wp-block-heading\">Brak komunikacji emocjonalnej<\/h3>\n\n\n\n<p>Wiele ma\u0142\u017ce\u0144stw rozmawia o sprawach organizacyjnych, lecz nie o swoim wn\u0119trzu.<\/p>\n\n\n\n<h3 class=\"wp-block-heading\">Sekularyzacja \u017cycia<\/h3>\n\n\n\n<p>Gdy B\u00f3g znika z domu, znika fundament jedno\u015bci.<\/p>\n\n\n\n<p>Utrata intymno\u015bci rzadko zaczyna si\u0119 od wielkich konflikt\u00f3w. Zaczyna si\u0119 od ma\u0142ych, powtarzaj\u0105cych si\u0119 dystans\u00f3w.<\/p>\n\n\n\n<hr class=\"wp-block-separator has-alpha-channel-opacity\"\/>\n\n\n\n<h2 class=\"wp-block-heading\">Gdy zanika intymno\u015b\u0107 fizyczna: konsekwencje duchowe i psychologiczne<\/h2>\n\n\n\n<p>Intymno\u015b\u0107 cielesna jest j\u0119zykiem mi\u0142o\u015bci. Gdy s\u0142abnie lub znika bez powa\u017cnej przyczyny, pojawiaj\u0105 si\u0119 g\u0142\u0119bokie rany.<\/p>\n\n\n\n<h3 class=\"wp-block-heading\">Cz\u0119ste konsekwencje<\/h3>\n\n\n\n<ul class=\"wp-block-list\">\n<li>poczucie odrzucenia<\/li>\n\n\n\n<li>ozi\u0119b\u0142o\u015b\u0107 emocjonalna<\/li>\n\n\n\n<li>wewn\u0119trzna frustracja<\/li>\n\n\n\n<li>pokusa szukania uczucia poza ma\u0142\u017ce\u0144stwem<\/li>\n\n\n\n<li>stopniowe zerwanie wi\u0119zi emocjonalnej<\/li>\n<\/ul>\n\n\n\n<p>Z teologicznego punktu widzenia cia\u0142o wyra\u017ca ca\u0142kowity dar z siebie. Je\u015bli j\u0119zyk cia\u0142a przestaje wyra\u017ca\u0107 mi\u0142o\u015b\u0107, komunia s\u0142abnie.<\/p>\n\n\n\n<p>Akt ma\u0142\u017ce\u0144ski nie jest jedynie zjednoczeniem biologicznym: jest odnowieniem przymierza.<\/p>\n\n\n\n<hr class=\"wp-block-separator has-alpha-channel-opacity\"\/>\n\n\n\n<h2 class=\"wp-block-heading\">Utrata intymno\u015bci osobowej: prawdziwy pocz\u0105tek kryzysu<\/h2>\n\n\n\n<p>Jeszcze g\u0142\u0119bsza ni\u017c utrata fizyczna jest utrata intymno\u015bci wewn\u0119trznej.<\/p>\n\n\n\n<p>Nast\u0119puje ona wtedy, gdy ma\u0142\u017conkowie przestaj\u0105:<\/p>\n\n\n\n<ul class=\"wp-block-list\">\n<li>s\u0142ucha\u0107 siebie nawzajem<\/li>\n\n\n\n<li>dzieli\u0107 si\u0119 swoimi troskami<\/li>\n\n\n\n<li>wyra\u017ca\u0107 uczucia<\/li>\n\n\n\n<li>ufa\u0107 sobie<\/li>\n\n\n\n<li>otwiera\u0107 swoje serce<\/li>\n<\/ul>\n\n\n\n<p>W\u00f3wczas pojawia si\u0119 to, co wielu okre\u015bla jako \u201e\u017cycie z obcym cz\u0142owiekiem\u201d.<\/p>\n\n\n\n<h3 class=\"wp-block-heading\">Sygna\u0142y ostrzegawcze<\/h3>\n\n\n\n<ul class=\"wp-block-list\">\n<li>powierzchowne rozmowy<\/li>\n\n\n\n<li>emocjonalna cisza<\/li>\n\n\n\n<li>oboj\u0119tno\u015b\u0107<\/li>\n\n\n\n<li>oddzielne \u017cycie wewn\u0119trzne<\/li>\n\n\n\n<li>izolacja uczuciowa<\/li>\n<\/ul>\n\n\n\n<p>Bez intymno\u015bci osobowej zjednoczenie fizyczne traci znaczenie, a ma\u0142\u017ce\u0144stwo staje si\u0119 zwyk\u0142\u0105 koegzystencj\u0105.<\/p>\n\n\n\n<hr class=\"wp-block-separator has-alpha-channel-opacity\"\/>\n\n\n\n<h2 class=\"wp-block-heading\">Utrata intymno\u015bci duchowej: \u017ar\u00f3d\u0142o wielu kryzys\u00f3w<\/h2>\n\n\n\n<p>Z chrze\u015bcija\u0144skiej perspektywy najg\u0142\u0119bszy kryzys ma\u0142\u017ce\u0144ski ma charakter duchowy.<\/p>\n\n\n\n<p>Gdy ma\u0142\u017conkowie przestaj\u0105:<\/p>\n\n\n\n<ul class=\"wp-block-list\">\n<li>modli\u0107 si\u0119 razem<\/li>\n\n\n\n<li>wsp\u00f3lnie szuka\u0107 Boga<\/li>\n\n\n\n<li>wsp\u00f3lnie prze\u017cywa\u0107 wiar\u0119<\/li>\n\n\n\n<li>dzieli\u0107 si\u0119 swoim \u017cyciem duchowym<\/li>\n<\/ul>\n\n\n\n<p>\u0142aska sakramentalna nie jest ju\u017c w pe\u0142ni przyjmowana.<\/p>\n\n\n\n<p>Ma\u0142\u017ce\u0144stwo jest wsp\u00f3ln\u0105 drog\u0105 ku \u015bwi\u0119to\u015bci. Bez Boga mi\u0142o\u015b\u0107 opiera si\u0119 jedynie na ludzkich si\u0142ach, kt\u00f3re s\u0105 ograniczone.<\/p>\n\n\n\n<hr class=\"wp-block-separator has-alpha-channel-opacity\"\/>\n\n\n\n<h2 class=\"wp-block-heading\">Jak utrata intymno\u015bci mo\u017ce zniszczy\u0107 ma\u0142\u017ce\u0144stwo<\/h2>\n\n\n\n<p>Rozpad ma\u0142\u017ce\u0144stwa rzadko nast\u0119puje nagle. Zazwyczaj jest wynikiem stopniowego procesu:<\/p>\n\n\n\n<ol class=\"wp-block-list\">\n<li>Zmniejsza si\u0119 wsp\u00f3lnie sp\u0119dzany czas.<\/li>\n\n\n\n<li>Komunikacja s\u0142abnie.<\/li>\n\n\n\n<li>Pojawia si\u0119 dystans emocjonalny.<\/li>\n\n\n\n<li>Zanika intymno\u015b\u0107 fizyczna.<\/li>\n\n\n\n<li>Rodz\u0105 si\u0119 urazy.<\/li>\n\n\n\n<li>Narasta oboj\u0119tno\u015b\u0107.<\/li>\n\n\n\n<li>Wi\u0119\u017a zostaje zerwana.<\/li>\n<\/ol>\n\n\n\n<p>Pismo \u015awi\u0119te ostrzega przed ozi\u0119bieniem mi\u0142o\u015bci. Ludzkie serce potrzebuje nieustannej troski.<\/p>\n\n\n\n<p>Ma\u0142\u017ce\u0144stwo bez intymno\u015bci jest jak cia\u0142o bez duszy: trwa, lecz ju\u017c nie \u017cyje.<\/p>\n\n\n\n<hr class=\"wp-block-separator has-alpha-channel-opacity\"\/>\n\n\n\n<h2 class=\"wp-block-heading\">Fundament teologiczny: mi\u0142o\u015b\u0107 ma\u0142\u017ce\u0144ska jako uczestnictwo w mi\u0142o\u015bci Bo\u017cej<\/h2>\n\n\n\n<p>Ma\u0142\u017ce\u0144stwo chrze\u015bcija\u0144skie uczestniczy w samej mi\u0142o\u015bci Boga.<\/p>\n\n\n\n<p>B\u00f3g jest komuni\u0105 os\u00f3b. Ma\u0142\u017ce\u0144stwo odzwierciedla t\u0119 komuni\u0119.<\/p>\n\n\n\n<p>Dlatego mi\u0142o\u015b\u0107 ma\u0142\u017ce\u0144ska powinna by\u0107:<\/p>\n\n\n\n<ul class=\"wp-block-list\">\n<li>ca\u0142kowita<\/li>\n\n\n\n<li>wierna<\/li>\n\n\n\n<li>wy\u0142\u0105czna<\/li>\n\n\n\n<li>otwarta<\/li>\n\n\n\n<li>g\u0142\u0119boka<\/li>\n\n\n\n<li>intymna<\/li>\n<\/ul>\n\n\n\n<p>Intymno\u015b\u0107 nie jest dodatkiem: wyra\u017ca sam\u0105 natur\u0119 mi\u0142o\u015bci.<\/p>\n\n\n\n<hr class=\"wp-block-separator has-alpha-channel-opacity\"\/>\n\n\n\n<h2 class=\"wp-block-heading\">Wymiar pastoralny: uzdrowienie zranionej intymno\u015bci<\/h2>\n\n\n\n<p>Ko\u015bci\u00f3\u0142 nie proponuje wizji idealistycznej, lecz realistyczn\u0105 i uzdrawiaj\u0105c\u0105.<\/p>\n\n\n\n<p>Intymno\u015b\u0107 mo\u017cna odbudowa\u0107.<\/p>\n\n\n\n<h3 class=\"wp-block-heading\">Konkretne drogi pastoralne<\/h3>\n\n\n\n<h4 class=\"wp-block-heading\">1. Odzyska\u0107 g\u0142\u0119boki dialog<\/h4>\n\n\n\n<p>M\u00f3wi\u0107 z serca, a nie tylko o obowi\u0105zkach.<\/p>\n\n\n\n<h4 class=\"wp-block-heading\">2. Wy\u0142\u0105czny czas dla wsp\u00f3\u0142ma\u0142\u017conka<\/h4>\n\n\n\n<p>Relacja musi by\u0107 priorytetem.<\/p>\n\n\n\n<h4 class=\"wp-block-heading\">3. Wzajemne przebaczenie<\/h4>\n\n\n\n<p>Uraza niszczy intymno\u015b\u0107.<\/p>\n\n\n\n<h4 class=\"wp-block-heading\">4. Odnowi\u0107 codzienn\u0105 czu\u0142o\u015b\u0107<\/h4>\n\n\n\n<p>Ma\u0142e gesty odbudowuj\u0105 wielkie wi\u0119zi.<\/p>\n\n\n\n<h4 class=\"wp-block-heading\">5. Wsp\u00f3lna modlitwa<\/h4>\n\n\n\n<p>\u0141aska umacnia jedno\u015b\u0107.<\/p>\n\n\n\n<h4 class=\"wp-block-heading\">6. \u017bycie sakramentalne<\/h4>\n\n\n\n<p>Spowied\u017a i Eucharystia odnawiaj\u0105 mi\u0142o\u015b\u0107.<\/p>\n\n\n\n<h4 class=\"wp-block-heading\">7. Towarzyszenie duszpasterskie w razie potrzeby<\/h4>\n\n\n\n<p>Ko\u015bci\u00f3\u0142 oferuje pomoc i wsparcie.<\/p>\n\n\n\n<hr class=\"wp-block-separator has-alpha-channel-opacity\"\/>\n\n\n\n<h2 class=\"wp-block-heading\">Praktyczne zastosowania w codziennym \u017cyciu<\/h2>\n\n\n\n<h3 class=\"wp-block-heading\">W \u017cyciu codziennym<\/h3>\n\n\n\n<ul class=\"wp-block-list\">\n<li>codziennie rezerwowa\u0107 czas na rozmow\u0119<\/li>\n\n\n\n<li>wyra\u017anie okazywa\u0107 uczucia<\/li>\n\n\n\n<li>s\u0142ucha\u0107 bez os\u0105dzania<\/li>\n\n\n\n<li>unika\u0107 cyfrowych rozprosze\u0144<\/li>\n\n\n\n<li>piel\u0119gnowa\u0107 gesty mi\u0142o\u015bci<\/li>\n<\/ul>\n\n\n\n<h3 class=\"wp-block-heading\">W wymiarze duchowym<\/h3>\n\n\n\n<ul class=\"wp-block-list\">\n<li>modli\u0107 si\u0119 razem<\/li>\n\n\n\n<li>czyta\u0107 Pismo \u015awi\u0119te w rodzinie<\/li>\n\n\n\n<li>ofiarowywa\u0107 trudno\u015bci za wsp\u00f3\u0142ma\u0142\u017conka<\/li>\n\n\n\n<li>prosi\u0107 o \u0142ask\u0119 lepszego kochania<\/li>\n<\/ul>\n\n\n\n<h3 class=\"wp-block-heading\">W wymiarze uczuciowym<\/h3>\n\n\n\n<ul class=\"wp-block-list\">\n<li>dzieli\u0107 rado\u015bci i rany<\/li>\n\n\n\n<li>piel\u0119gnowa\u0107 przyja\u017a\u0144 ma\u0142\u017ce\u0144sk\u0105<\/li>\n\n\n\n<li>praktykowa\u0107 wzajemn\u0105 wdzi\u0119czno\u015b\u0107<\/li>\n<\/ul>\n\n\n\n<hr class=\"wp-block-separator has-alpha-channel-opacity\"\/>\n\n\n\n<h2 class=\"wp-block-heading\">Intymno\u015b\u0107 jako droga do \u015bwi\u0119to\u015bci<\/h2>\n\n\n\n<p>Ma\u0142\u017ce\u0144stwo chrze\u015bcija\u0144skie nie jest jedynie projektem ludzkim. Jest powo\u0142aniem do \u015bwi\u0119to\u015bci.<\/p>\n\n\n\n<p>Ma\u0142\u017conkowie u\u015bwi\u0119caj\u0105 si\u0119, gdy:<\/p>\n\n\n\n<ul class=\"wp-block-list\">\n<li>mi\u0142uj\u0105 si\u0119 nawzajem<\/li>\n\n\n\n<li>przebaczaj\u0105 sobie<\/li>\n\n\n\n<li>oddaj\u0105 si\u0119 sobie wzajemnie<\/li>\n\n\n\n<li>towarzysz\u0105 sobie<\/li>\n\n\n\n<li>dziel\u0105 si\u0119 swoim wn\u0119trzem<\/li>\n<\/ul>\n\n\n\n<p>Intymno\u015b\u0107 ma\u0142\u017ce\u0144ska jest szko\u0142\u0105 autentycznej mi\u0142o\u015bci, pokory i daru z siebie.<\/p>\n\n\n\n<hr class=\"wp-block-separator has-alpha-channel-opacity\"\/>\n\n\n\n<h2 class=\"wp-block-heading\">Zako\u0144czenie: strzec serca ma\u0142\u017ce\u0144stwa<\/h2>\n\n\n\n<p>Intymno\u015b\u0107 jest sercem ma\u0142\u017ce\u0144stwa chrze\u015bcija\u0144skiego. Bez niej zwi\u0105zek pustoszeje; z ni\u0105 mi\u0142o\u015b\u0107 rozkwita nawet po\u015br\u00f3d trudno\u015bci.<\/p>\n\n\n\n<p>W \u015bwiecie, kt\u00f3ry banalizuje mi\u0142o\u015b\u0107 i rozbija relacje, chrze\u015bcija\u0144scy ma\u0142\u017conkowie s\u0105 wezwani do strze\u017cenia swojej komunii z odwag\u0105, g\u0142\u0119bi\u0105 i wiar\u0105.<\/p>\n\n\n\n<p>Ma\u0142\u017ce\u0144stwo bowiem nie opiera si\u0119 jedynie na obietnicach przesz\u0142o\u015bci, lecz na darze odnawianym ka\u017cdego dnia.<\/p>\n\n\n\n<p>A tam, gdzie istnieje prawdziwa intymno\u015b\u0107 \u2014 fizyczna, osobowa i duchowa \u2014 mi\u0142o\u015b\u0107 nie tylko przetrwa: staje si\u0119 drog\u0105 do \u015bwi\u0119to\u015bci i odbiciem wiecznej mi\u0142o\u015bci Boga.<\/p>\n","protected":false},"excerpt":{"rendered":"<p>W kulturze naznaczonej po\u015bpiechem, cyfrow\u0105 nad\u0142\u0105czno\u015bci\u0105, indywidualizmem i krucho\u015bci\u0105 relacji, ma\u0142\u017ce\u0144stwo staje dzi\u015b wobec jednego ze swoich najwi\u0119kszych wyzwa\u0144: stopniowej utraty intymno\u015bci. Zazwyczaj nie dzieje si\u0119 to nagle. Zanika ona powoli, niemal niezauwa\u017calnie, a\u017c pewnego dnia ma\u0142\u017conkowie odkrywaj\u0105, \u017ce dziel\u0105 dom, lecz nie \u017cycie; rutyn\u0119, lecz nie serce. Z punktu widzenia teologii katolickiej intymno\u015b\u0107 ma\u0142\u017ce\u0144ska &hellip;<\/p>\n","protected":false},"author":3,"featured_media":5046,"comment_status":"closed","ping_status":"closed","sticky":false,"template":"","format":"standard","meta":{"_seopress_robots_primary_cat":"","_seopress_titles_title":"","_seopress_titles_desc":"","_seopress_robots_index":"","footnotes":""},"categories":[39,55],"tags":[1676],"class_list":["post-5045","post","type-post","status-publish","format-standard","has-post-thumbnail","","category-moralnosc-i-zycie-chrzescijanskie","category-rodzina-i-malzenstwo","tag-intymnosc"],"_links":{"self":[{"href":"https:\/\/catholicus.eu\/pl\/wp-json\/wp\/v2\/posts\/5045","targetHints":{"allow":["GET"]}}],"collection":[{"href":"https:\/\/catholicus.eu\/pl\/wp-json\/wp\/v2\/posts"}],"about":[{"href":"https:\/\/catholicus.eu\/pl\/wp-json\/wp\/v2\/types\/post"}],"author":[{"embeddable":true,"href":"https:\/\/catholicus.eu\/pl\/wp-json\/wp\/v2\/users\/3"}],"replies":[{"embeddable":true,"href":"https:\/\/catholicus.eu\/pl\/wp-json\/wp\/v2\/comments?post=5045"}],"version-history":[{"count":1,"href":"https:\/\/catholicus.eu\/pl\/wp-json\/wp\/v2\/posts\/5045\/revisions"}],"predecessor-version":[{"id":5047,"href":"https:\/\/catholicus.eu\/pl\/wp-json\/wp\/v2\/posts\/5045\/revisions\/5047"}],"wp:featuredmedia":[{"embeddable":true,"href":"https:\/\/catholicus.eu\/pl\/wp-json\/wp\/v2\/media\/5046"}],"wp:attachment":[{"href":"https:\/\/catholicus.eu\/pl\/wp-json\/wp\/v2\/media?parent=5045"}],"wp:term":[{"taxonomy":"category","embeddable":true,"href":"https:\/\/catholicus.eu\/pl\/wp-json\/wp\/v2\/categories?post=5045"},{"taxonomy":"post_tag","embeddable":true,"href":"https:\/\/catholicus.eu\/pl\/wp-json\/wp\/v2\/tags?post=5045"}],"curies":[{"name":"wp","href":"https:\/\/api.w.org\/{rel}","templated":true}]}}