{"id":5042,"date":"2026-02-18T22:49:07","date_gmt":"2026-02-18T21:49:07","guid":{"rendered":"https:\/\/catholicus.eu\/pl\/?p=5042"},"modified":"2026-02-18T22:49:07","modified_gmt":"2026-02-18T21:49:07","slug":"tobiasz-droga-wiernosci-w-czasach-ciemnosci","status":"publish","type":"post","link":"https:\/\/catholicus.eu\/pl\/tobiasz-droga-wiernosci-w-czasach-ciemnosci\/","title":{"rendered":"Tobiasz: Droga wierno\u015bci w czasach ciemno\u015bci"},"content":{"rendered":"\n<p>W epoce takiej jak nasza \u2014 naznaczonej niepewno\u015bci\u0105, relatywizmem moralnym i kryzysem wiary \u2014 posta\u0107 Tobiasza ja\u015bnieje z zaskakuj\u0105co aktualn\u0105 si\u0142\u0105. Jego historia, opisana w <strong>Ksi\u0119dze Tobiasza<\/strong>, jest per\u0142\u0105 tradycji biblijnej, kt\u00f3ra splata ludzki dramat, Bo\u017c\u0105 Opatrzno\u015b\u0107, anio\u0142\u00f3w, chorob\u0119, ma\u0142\u017ce\u0144stwo, wygnanie i uzdrowienie. Przede wszystkim jednak jest szko\u0142\u0105 wiary prze\u017cywanej w codzienno\u015bci.<\/p>\n\n\n\n<p>Daleka od bycia staro\u017cytn\u0105 opowie\u015bci\u0105 bez zwi\u0105zku z nasz\u0105 rzeczywisto\u015bci\u0105, historia Tobiasza jest g\u0142\u0119boko wsp\u00f3\u0142czesna. M\u00f3wi nam o tym, jak \u017cy\u0107 wierno\u015bci\u0105 Bogu, gdy wszystko zdaje si\u0119 by\u0107 przeciwko nam; jak budowa\u0107 silne rodziny po\u015br\u00f3d wrogiej kultury; jak rozeznawa\u0107 wol\u0119 Bo\u017c\u0105 w wa\u017cnych decyzjach; oraz jak modlitwa, ja\u0142mu\u017cna i czysto\u015b\u0107 serca pozostaj\u0105 prawdziw\u0105 drog\u0105 do szcz\u0119\u015bcia.<\/p>\n\n\n\n<hr class=\"wp-block-separator has-alpha-channel-opacity\"\/>\n\n\n\n<h2 class=\"wp-block-heading\">1. Kontekst historyczny i duchowy: wierno\u015b\u0107 na wygnaniu<\/h2>\n\n\n\n<p>Ksi\u0119ga Tobiasza rozgrywa si\u0119 w kontek\u015bcie wygnania narodu izraelskiego do Asyrii. Tobit \u2014 ojciec Tobiasza \u2014 jest pobo\u017cnym \u017bydem deportowanym do Niniwy. \u017byje po\u015br\u00f3d spo\u0142ecze\u0144stwa poga\u0144skiego, lecz nie porzuca Prawa Pa\u0144skiego. Praktykuje ja\u0142mu\u017cn\u0119, grzebie zmar\u0142ych (czyn zakazany i niebezpieczny) oraz pozostaje wierny tradycjom swoich ojc\u00f3w.<\/p>\n\n\n\n<p>Ju\u017c tutaj spotykamy pierwsz\u0105 wielk\u0105 lekcj\u0119 teologiczn\u0105: <strong>wierno\u015b\u0107 nie zale\u017cy od okoliczno\u015bci zewn\u0119trznych, lecz od wewn\u0119trznej postawy duszy<\/strong>.<\/p>\n\n\n\n<p>R\u00f3wnie\u017c dzi\u015b \u017cyjemy \u2014 w pewnym sensie \u2014 na \u201ewygnaniu kulturowym\u201d. Wielu chrze\u015bcijan do\u015bwiadcza presji spo\u0142ecznej, drwin lub oboj\u0119tno\u015bci wobec wiary. Jak Tobit, jeste\u015bmy wezwani do wytrwa\u0142o\u015bci.<\/p>\n\n\n\n<blockquote class=\"wp-block-quote is-layout-flow wp-block-quote-is-layout-flow\">\n<p>\u201eJa\u0142mu\u017cna wybawia od \u015bmierci i chroni przed wej\u015bciem w ciemno\u015b\u0107. Ja\u0142mu\u017cna jest bowiem cennym darem wobec Najwy\u017cszego.\u201d (Tb 4,10\u201311)<\/p>\n<\/blockquote>\n\n\n\n<p>Ten werset nie jest magiczn\u0105 formu\u0142\u0105, lecz g\u0142\u0119bok\u0105 nauk\u0105 duchow\u0105: konkretna mi\u0142o\u015b\u0107 bli\u017aniego przemienia dusz\u0119 i przygotowuje serce na \u0142ask\u0119.<\/p>\n\n\n\n<hr class=\"wp-block-separator has-alpha-channel-opacity\"\/>\n\n\n\n<h2 class=\"wp-block-heading\">2. Tobiasz, syn: m\u0142odzieniec, kt\u00f3ry ufa i jest pos\u0142uszny<\/h2>\n\n\n\n<p>Gdy Tobit traci wzrok i popada w ub\u00f3stwo, wysy\u0142a swego syna Tobiasza, aby odzyska\u0142 pieni\u0105dze z\u0142o\u017cone w Medii. To daleka i niebezpieczna misja. W tym momencie rozpoczyna si\u0119 inicjacyjna podr\u00f3\u017c m\u0142odzie\u0144ca, kt\u00f3remu towarzyszy tajemniczy przewodnik \u2014 p\u00f3\u017aniej objawiony jako archanio\u0142 Rafa\u0142.<\/p>\n\n\n\n<p>Teologicznie ta podr\u00f3\u017c symbolizuje drog\u0119 \u017cycia chrze\u015bcija\u0144skiego:<\/p>\n\n\n\n<ul class=\"wp-block-list\">\n<li>Opuszczamy bezpiecze\u0144stwo domu.<\/li>\n\n\n\n<li>Stawiamy czo\u0142a pr\u00f3bom i niebezpiecze\u0144stwom.<\/li>\n\n\n\n<li>Uczymy si\u0119 ufa\u0107.<\/li>\n\n\n\n<li>Odkrywamy, \u017ce B\u00f3g nigdy nas nie opuszcza.<\/li>\n<\/ul>\n\n\n\n<p>Tobiasz nie buntuje si\u0119 z pych\u0105; ufa. Jego synowskie pos\u0142usze\u0144stwo nie jest bierno\u015bci\u0105, lecz dojrza\u0142\u0105 form\u0105 pokory. W \u015bwiecie, kt\u00f3ry ub\u00f3stwia samowystarczalno\u015b\u0107, posta\u0107 Tobiasza przypomina nam, \u017ce uleg\u0142o\u015b\u0107 wobec woli Bo\u017cej jest \u017ar\u00f3d\u0142em b\u0142ogos\u0142awie\u0144stwa.<\/p>\n\n\n\n<hr class=\"wp-block-separator has-alpha-channel-opacity\"\/>\n\n\n\n<h2 class=\"wp-block-heading\">3. Anio\u0142 Rafa\u0142: niewidzialna Opatrzno\u015b\u0107<\/h2>\n\n\n\n<p>Jednym z najbardziej fascynuj\u0105cych element\u00f3w ksi\u0119gi jest obecno\u015b\u0107 archanio\u0142a Rafa\u0142a. Pod ludzk\u0105 postaci\u0105 towarzyszy, prowadzi, chroni i uzdrawia.<\/p>\n\n\n\n<p>Tradycja katolicka widzi w tym fragmencie wyra\u017ane potwierdzenie nauki o anio\u0142ach str\u00f3\u017cach i o Bo\u017cej Opatrzno\u015bci. B\u00f3g cz\u0119sto dzia\u0142a poprzez niewidzialne po\u015brednictwa.<\/p>\n\n\n\n<p>Ile razy w naszym \u017cyciu do\u015bwiadczamy \u201eopatrzno\u015bciowych zbieg\u00f3w okoliczno\u015bci\u201d? Ile s\u0142usznych decyzji by\u0142o owocem inspiracji, kt\u00f3ra wydawa\u0142a si\u0119 prosta, a okaza\u0142a si\u0119 decyduj\u0105ca?<\/p>\n\n\n\n<p>Ksi\u0119ga Tobiasza uczy nas, \u017ce <strong>B\u00f3g ingeruje w konkretn\u0105 histori\u0119 cz\u0142owieka<\/strong>, nawet je\u015bli nie rozpoznajemy Go od razu.<\/p>\n\n\n\n<blockquote class=\"wp-block-quote is-layout-flow wp-block-quote-is-layout-flow\">\n<p>\u201eJa jestem Rafa\u0142, jeden z siedmiu anio\u0142\u00f3w, kt\u00f3rzy stoj\u0105 w pogotowiu i maj\u0105 wst\u0119p przed majestat Pa\u0144ski.\u201d (Tb 12,15)<\/p>\n<\/blockquote>\n\n\n\n<p>To ko\u0144cowe objawienie zaprasza nas do \u017cycia z nadprzyrodzon\u0105 \u015bwiadomo\u015bci\u0105: nasze \u017cycie nie ogranicza si\u0119 do tego, co widzialne.<\/p>\n\n\n\n<hr class=\"wp-block-separator has-alpha-channel-opacity\"\/>\n\n\n\n<h2 class=\"wp-block-heading\">4. Sara i ma\u0142\u017ce\u0144stwo: czysto\u015b\u0107, modlitwa i walka duchowa<\/h2>\n\n\n\n<p>Jednym z najg\u0142\u0119bszych fragment\u00f3w ksi\u0119gi jest ma\u0142\u017ce\u0144stwo Tobiasza i Sary. Sara do\u015bwiadczy\u0142a \u015bmierci siedmiu m\u0119\u017c\u00f3w z powodu demona Asmodeusza. Pojawia si\u0119 tu kluczowy element: duchowa walka wok\u00f3\u0142 ma\u0142\u017ce\u0144stwa.<\/p>\n\n\n\n<p>Demon nienawidzi zwi\u0105zku pob\u0142ogos\u0142awionego przez Boga, poniewa\u017c ma\u0142\u017ce\u0144stwo jest obrazem wiernej i p\u0142odnej mi\u0142o\u015bci Stw\u00f3rcy.<\/p>\n\n\n\n<p>Zanim dope\u0142ni\u0105 ma\u0142\u017ce\u0144stwa, Tobiasz i Sara modl\u0105 si\u0119 razem. Ten gest jest rewolucyjny i niezwykle aktualny.<\/p>\n\n\n\n<blockquote class=\"wp-block-quote is-layout-flow wp-block-quote-is-layout-flow\">\n<p>\u201eA teraz, Panie, Ty wiesz, \u017ce nie z powodu \u017c\u0105dzy bior\u0119 t\u0119 moj\u0105 siostr\u0119 za \u017con\u0119, lecz z czyst\u0105 intencj\u0105.\u201d (Tb 8,7)<\/p>\n<\/blockquote>\n\n\n\n<p>Ta modlitwa ods\u0142ania katolick\u0105 teologi\u0119 ma\u0142\u017ce\u0144stwa:<\/p>\n\n\n\n<ul class=\"wp-block-list\">\n<li>Nie jest ono jedynie kontraktem spo\u0142ecznym.<\/li>\n\n\n\n<li>Nie jest tylko uczuciem.<\/li>\n\n\n\n<li>Jest \u015bwi\u0119tym powo\u0142aniem.<\/li>\n\n\n\n<li>Ma wymiar duchowy i misj\u0119.<\/li>\n<\/ul>\n\n\n\n<p>W kulturze, kt\u00f3ra banalizuje zobowi\u0105zania, Tobiasz przypomina nam, \u017ce czysto\u015b\u0107, modlitwa ma\u0142\u017ce\u0144ska i prawa intencja s\u0105 fundamentem trwa\u0142ego szcz\u0119\u015bcia.<\/p>\n\n\n\n<hr class=\"wp-block-separator has-alpha-channel-opacity\"\/>\n\n\n\n<h2 class=\"wp-block-heading\">5. Teologia pr\u00f3by: cierpienie jako oczyszczenie<\/h2>\n\n\n\n<p>Tobit traci wzrok. Sara do\u015bwiadcza upokorzenia. Tobiasz staje wobec niebezpiecze\u0144stw. Nic nie jest \u0142atwe w tej historii.<\/p>\n\n\n\n<p>A jednak znajdujemy tu centraln\u0105 nauk\u0119 duchowo\u015bci katolickiej: <strong>B\u00f3g dopuszcza pr\u00f3by, aby oczy\u015bci\u0107, a nie zniszczy\u0107<\/strong>.<\/p>\n\n\n\n<p>Cierpienie prze\u017cywane w wierze staje si\u0119 narz\u0119dziem u\u015bwi\u0119cenia.<\/p>\n\n\n\n<p>Tobit modli si\u0119 w swoim utrapieniu:<\/p>\n\n\n\n<blockquote class=\"wp-block-quote is-layout-flow wp-block-quote-is-layout-flow\">\n<p>\u201eSprawiedliwy jeste\u015b, Panie, i wszystkie Twoje dzie\u0142a s\u0105 sprawiedliwe.\u201d (Tb 3,2)<\/p>\n<\/blockquote>\n\n\n\n<p>Taka postawa ufnego zawierzenia jest g\u0142\u0119boko kontrkulturowa. Dzi\u015b wobec b\u00f3lu zwyk\u0142\u0105 reakcj\u0105 jest rozpacz lub bunt. Tobiasz uczy nas drogi ofiarowania i nadziei.<\/p>\n\n\n\n<hr class=\"wp-block-separator has-alpha-channel-opacity\"\/>\n\n\n\n<h2 class=\"wp-block-heading\">6. Praktyczne zastosowania w \u017cyciu codziennym<\/h2>\n\n\n\n<p>Historia Tobiasza nie jest jedynie buduj\u0105c\u0105 opowie\u015bci\u0105; jest konkretnym przewodnikiem na co dzie\u0144.<\/p>\n\n\n\n<h3 class=\"wp-block-heading\">1. Praktykowa\u0107 ja\u0142mu\u017cn\u0119 i konkretn\u0105 mi\u0142o\u015b\u0107 bli\u017aniego<\/h3>\n\n\n\n<p>Wiara bez uczynk\u00f3w jest bezp\u0142odna. Tobit ryzykuje \u017cycie, aby grzeba\u0107 zmar\u0142ych. Jak dzi\u015b \u017cyjemy mi\u0142osierdziem?<\/p>\n\n\n\n<ul class=\"wp-block-list\">\n<li>Pomagaj\u0105c potrzebuj\u0105cym.<\/li>\n\n\n\n<li>Towarzysz\u0105c chorym.<\/li>\n\n\n\n<li>Broni\u0105c godno\u015bci ludzkiej.<\/li>\n<\/ul>\n\n\n\n<h3 class=\"wp-block-heading\">2. Budowa\u0107 ma\u0142\u017ce\u0144stwa oparte na Bogu<\/h3>\n\n\n\n<p>Wsp\u00f3lna modlitwa ma\u0142\u017conk\u00f3w nie jest dodatkiem \u2014 jest konieczno\u015bci\u0105. Dom powinien by\u0107 \u201eKo\u015bcio\u0142em domowym\u201d.<\/p>\n\n\n\n<h3 class=\"wp-block-heading\">3. Ufa\u0107 Opatrzno\u015bci<\/h3>\n\n\n\n<p>Gdy nie rozumiemy tego, co si\u0119 dzieje, pami\u0119tajmy, \u017ce anio\u0142 idzie z nami.<\/p>\n\n\n\n<h3 class=\"wp-block-heading\">4. Czczi\u0107 rodzic\u00f3w<\/h3>\n\n\n\n<p>Tobiasz jest przyk\u0142adem synowskiego szacunku. W spo\u0142ecze\u0144stwie indywidualistycznym rodzina zn\u00f3w staje si\u0119 pierwsz\u0105 szko\u0142\u0105 \u015bwi\u0119to\u015bci.<\/p>\n\n\n\n<h3 class=\"wp-block-heading\">5. \u017by\u0107 z praw\u0105 intencj\u0105<\/h3>\n\n\n\n<p>Bada\u0107 swoje serce. Pyta\u0107 siebie: czy robi\u0119 to z pr\u00f3\u017cno\u015bci, czy z mi\u0142o\u015bci do Boga?<\/p>\n\n\n\n<hr class=\"wp-block-separator has-alpha-channel-opacity\"\/>\n\n\n\n<h2 class=\"wp-block-heading\">7. Znaczenie dla chrze\u015bcijanina XXI wieku<\/h2>\n\n\n\n<p>Posta\u0107 Tobiasza szczeg\u00f3lnie przemawia do m\u0142odych ludzi. W \u015bwiecie kultury cyfrowej, kruchych relacji i niepewnych plan\u00f3w jego historia uczy:<\/p>\n\n\n\n<ul class=\"wp-block-list\">\n<li>Jak wa\u017cny jest dobry wyb\u00f3r wsp\u00f3\u0142ma\u0142\u017conka.<\/li>\n\n\n\n<li>Jak potrzebne jest duchowe kierownictwo.<\/li>\n\n\n\n<li>Jak\u0105 warto\u015b\u0107 ma czysto\u015b\u0107.<\/li>\n\n\n\n<li>Jak\u0105 moc ma modlitwa przed wielkimi decyzjami.<\/li>\n<\/ul>\n\n\n\n<p>Przemawia tak\u017ce do rodzin: przekazywanie wiary zaczyna si\u0119 w domu. Tobit wychowa\u0142 swego syna w sp\u00f3jno\u015bci i wierno\u015bci. S\u0142owa nie wystarcz\u0105 \u2014 potrzebne jest \u015bwiadectwo.<\/p>\n\n\n\n<hr class=\"wp-block-separator has-alpha-channel-opacity\"\/>\n\n\n\n<h2 class=\"wp-block-heading\">8. Duchowo\u015b\u0107 integralna: modlitwa, ja\u0142mu\u017cna i post<\/h2>\n\n\n\n<p>Ksi\u0119ga Tobiasza ukazuje klasyczn\u0105 r\u00f3wnowag\u0119 duchowo\u015bci biblijnej:<\/p>\n\n\n\n<ul class=\"wp-block-list\">\n<li>Sta\u0142a modlitwa.<\/li>\n\n\n\n<li>Hojna ja\u0142mu\u017cna.<\/li>\n\n\n\n<li>Prawe \u017cycie moralne.<\/li>\n<\/ul>\n\n\n\n<p>To ta sama o\u015b, kt\u00f3r\u0105 Chrystus potwierdzi w Ewangelii. Nie chodzi o pusty dewocjonizm, lecz o wiar\u0119, kt\u00f3ra przemienia post\u0119powanie.<\/p>\n\n\n\n<hr class=\"wp-block-separator has-alpha-channel-opacity\"\/>\n\n\n\n<h2 class=\"wp-block-heading\">Zako\u0144czenie: pewna droga do \u015bwi\u0119to\u015bci codziennej<\/h2>\n\n\n\n<p>Tobiasz nie by\u0142 ani prorokiem, ani kr\u00f3lem. Nie czyni\u0142 spektakularnych cud\u00f3w. By\u0142 pos\u0142usznym synem, wiernym m\u0119\u017cem, cz\u0142owiekiem ufaj\u0105cym.<\/p>\n\n\n\n<p>I w\u0142a\u015bnie w tym tkwi jego wielko\u015b\u0107.<\/p>\n\n\n\n<p>W \u015bwiecie, kt\u00f3ry ub\u00f3stwia niezwyk\u0142o\u015b\u0107, Ksi\u0119ga Tobiasza przypomina nam, \u017ce \u015bwi\u0119to\u015b\u0107 buduje si\u0119 w codziennej wierno\u015bci: w szacunku wobec rodzic\u00f3w, w czysto\u015bci mi\u0142o\u015bci, w dyskretnej hojno\u015bci, w cichym zaufaniu Bogu.<\/p>\n\n\n\n<p>Historia ko\u0144czy si\u0119 uzdrowieniem, b\u0142ogos\u0142awie\u0144stwem i rado\u015bci\u0105. Lecz prawdziwym cudem nie jest odzyskany wzrok Tobita, lecz wewn\u0119trzna przemiana tych, kt\u00f3rzy nauczyli si\u0119 ufa\u0107.<\/p>\n\n\n\n<p>Dzi\u015b ka\u017cdy z nas odbywa swoj\u0105 w\u0142asn\u0105 podr\u00f3\u017c do Medii. I cho\u0107 Go nie widzimy, Rafa\u0142 idzie u naszego boku.<\/p>\n\n\n\n<p>Niech modlitwa Tobiasza stanie si\u0119 tak\u017ce nasz\u0105: zawsze dzia\u0142a\u0107 z praw\u0105 intencj\u0105, kocha\u0107 z czysto\u015bci\u0105 i ufa\u0107 \u2014 nawet w ciemno\u015bci \u2014 Temu, kt\u00f3ry pisze nasz\u0105 histori\u0119 z wieczn\u0105 m\u0105dro\u015bci\u0105.<\/p>\n","protected":false},"excerpt":{"rendered":"<p>W epoce takiej jak nasza \u2014 naznaczonej niepewno\u015bci\u0105, relatywizmem moralnym i kryzysem wiary \u2014 posta\u0107 Tobiasza ja\u015bnieje z zaskakuj\u0105co aktualn\u0105 si\u0142\u0105. Jego historia, opisana w Ksi\u0119dze Tobiasza, jest per\u0142\u0105 tradycji biblijnej, kt\u00f3ra splata ludzki dramat, Bo\u017c\u0105 Opatrzno\u015b\u0107, anio\u0142\u00f3w, chorob\u0119, ma\u0142\u017ce\u0144stwo, wygnanie i uzdrowienie. Przede wszystkim jednak jest szko\u0142\u0105 wiary prze\u017cywanej w codzienno\u015bci. Daleka od bycia &hellip;<\/p>\n","protected":false},"author":3,"featured_media":5043,"comment_status":"closed","ping_status":"closed","sticky":false,"template":"","format":"standard","meta":{"_seopress_robots_primary_cat":"","_seopress_titles_title":"","_seopress_titles_desc":"","_seopress_robots_index":"","footnotes":""},"categories":[37,45],"tags":[1675],"class_list":["post-5042","post","type-post","status-publish","format-standard","has-post-thumbnail","","category-doktryna-i-wiara","category-pismo-swiete","tag-tobiasz"],"_links":{"self":[{"href":"https:\/\/catholicus.eu\/pl\/wp-json\/wp\/v2\/posts\/5042","targetHints":{"allow":["GET"]}}],"collection":[{"href":"https:\/\/catholicus.eu\/pl\/wp-json\/wp\/v2\/posts"}],"about":[{"href":"https:\/\/catholicus.eu\/pl\/wp-json\/wp\/v2\/types\/post"}],"author":[{"embeddable":true,"href":"https:\/\/catholicus.eu\/pl\/wp-json\/wp\/v2\/users\/3"}],"replies":[{"embeddable":true,"href":"https:\/\/catholicus.eu\/pl\/wp-json\/wp\/v2\/comments?post=5042"}],"version-history":[{"count":1,"href":"https:\/\/catholicus.eu\/pl\/wp-json\/wp\/v2\/posts\/5042\/revisions"}],"predecessor-version":[{"id":5044,"href":"https:\/\/catholicus.eu\/pl\/wp-json\/wp\/v2\/posts\/5042\/revisions\/5044"}],"wp:featuredmedia":[{"embeddable":true,"href":"https:\/\/catholicus.eu\/pl\/wp-json\/wp\/v2\/media\/5043"}],"wp:attachment":[{"href":"https:\/\/catholicus.eu\/pl\/wp-json\/wp\/v2\/media?parent=5042"}],"wp:term":[{"taxonomy":"category","embeddable":true,"href":"https:\/\/catholicus.eu\/pl\/wp-json\/wp\/v2\/categories?post=5042"},{"taxonomy":"post_tag","embeddable":true,"href":"https:\/\/catholicus.eu\/pl\/wp-json\/wp\/v2\/tags?post=5042"}],"curies":[{"name":"wp","href":"https:\/\/api.w.org\/{rel}","templated":true}]}}