{"id":5036,"date":"2026-02-18T16:50:58","date_gmt":"2026-02-18T15:50:58","guid":{"rendered":"https:\/\/catholicus.eu\/pl\/?p=5036"},"modified":"2026-02-18T16:50:58","modified_gmt":"2026-02-18T15:50:58","slug":"list-do-rzymian-list-ktory-zmienil-swiat-i-moze-zmienic-twoje-zycie-juz-dzis","status":"publish","type":"post","link":"https:\/\/catholicus.eu\/pl\/list-do-rzymian-list-ktory-zmienil-swiat-i-moze-zmienic-twoje-zycie-juz-dzis\/","title":{"rendered":"List do Rzymian: List, kt\u00f3ry zmieni\u0142 \u015bwiat (i mo\u017ce zmieni\u0107 twoje \u017cycie ju\u017c dzi\u015b)"},"content":{"rendered":"\n<p>S\u0105 teksty, kt\u00f3re o\u015bwiecaj\u0105. S\u0105 teksty, kt\u00f3re koryguj\u0105. I s\u0105 teksty, kt\u00f3re wstrz\u0105saj\u0105 sam\u0105 histori\u0105.<br><strong>List do Rzymian<\/strong> nale\u017cy do tej ostatniej kategorii.<\/p>\n\n\n\n<p>To najg\u0142\u0119bsze, najbardziej systematyczne i teologicznie najg\u0119stsze pismo \u015awi\u0119ty Pawe\u0142 Aposto\u0142. To nie jest po prostu kolejny list Nowego Testamentu. To wielki traktat o \u0142asce, grzechu, usprawiedliwieniu i zbawieniu. To doktrynalne serce chrze\u015bcija\u0144stwa.<\/p>\n\n\n\n<p>A najbardziej uderzaj\u0105ce jest to, \u017ce nie zosta\u0142 napisany dla akademickich teolog\u00f3w, lecz dla konkretnej, realnej, kruchej i podzielonej wsp\u00f3lnoty: Ko\u015bcio\u0142a w Rzymie.<\/p>\n\n\n\n<p>Dzi\u015b, w \u015bwiecie zagubionym w kwestii prawdy, moralno\u015bci i sensu \u017cycia, List do Rzymian jest bardziej aktualny ni\u017c kiedykolwiek.<\/p>\n\n\n\n<hr class=\"wp-block-separator has-alpha-channel-opacity\"\/>\n\n\n\n<h2 class=\"wp-block-heading\">1. Kontekst historyczny: Rzym, centrum \u015bwiata\u2026 i rodz\u0105cego si\u0119 chrze\u015bcija\u0144stwa<\/h2>\n\n\n\n<p>Kiedy Pawe\u0142 pisze do chrze\u015bcijan w Rzymie (oko\u0142o 57\u201358 r. po Chr.), nie odwiedzi\u0142 jeszcze tego miasta. Rzym jest politycznym i kulturowym centrum Imperium. Zbiegaj\u0105 si\u0119 tam narody, religie, filozofie i w\u0142adza.<\/p>\n\n\n\n<p>Wsp\u00f3lnota chrze\u015bcija\u0144ska w Rzymie sk\u0142ada\u0142a si\u0119 z:<\/p>\n\n\n\n<ul class=\"wp-block-list\">\n<li>Nawr\u00f3conych \u017byd\u00f3w.<\/li>\n\n\n\n<li>Nawr\u00f3conych pogan.<\/li>\n\n\n\n<li>Ludzi o bardzo r\u00f3\u017cnych mentalno\u015bciach.<\/li>\n\n\n\n<li>Wewn\u0119trznych napi\u0119\u0107 dotycz\u0105cych Prawa Moj\u017ceszowego i zwyczaj\u00f3w.<\/li>\n<\/ul>\n\n\n\n<p>Pawe\u0142 pisze, aby:<\/p>\n\n\n\n<ul class=\"wp-block-list\">\n<li>Przygotowa\u0107 swoj\u0105 przysz\u0142\u0105 wizyt\u0119.<\/li>\n\n\n\n<li>Zjednoczy\u0107 wsp\u00f3lnot\u0119 doktrynalnie.<\/li>\n\n\n\n<li>Jasno wy\u0142o\u017cy\u0107 Ewangeli\u0119, kt\u00f3r\u0105 g\u0142osi.<\/li>\n\n\n\n<li>Broni\u0107 powszechno\u015bci zbawienia.<\/li>\n<\/ul>\n\n\n\n<p>Nie pisze spontanicznie. To jego najbardziej dojrza\u0142e dzie\u0142o, jego teologiczna synteza.<\/p>\n\n\n\n<hr class=\"wp-block-separator has-alpha-channel-opacity\"\/>\n\n\n\n<h2 class=\"wp-block-heading\">2. Problem centralny: powszechno\u015b\u0107 grzechu<\/h2>\n\n\n\n<p>Pawe\u0142 zaczyna od radykalnego stwierdzenia: wszyscy potrzebuj\u0105 zbawienia.<\/p>\n\n\n\n<blockquote class=\"wp-block-quote is-layout-flow wp-block-quote-is-layout-flow\">\n<p>\u201eNie ma sprawiedliwego, nawet ani jednego\u201d (Rz 3,10).<\/p>\n<\/blockquote>\n\n\n\n<p>Dla Paw\u0142a dramat cz\u0142owieka nie jest przede wszystkim polityczny ani ekonomiczny. Jest duchowy. Jest nim grzech.<\/p>\n\n\n\n<p>Od czas\u00f3w Adam ludzko\u015b\u0107 jest zraniona. Nie chodzi tylko o pojedyncze czyny, ale o stan: wewn\u0119trzn\u0105 sk\u0142onno\u015b\u0107 do nie\u0142adu.<\/p>\n\n\n\n<h3 class=\"wp-block-heading\">Co to oznacza dzisiaj?<\/h3>\n\n\n\n<p>\u017byjemy w kulturze, kt\u00f3ra zaprzecza istnieniu grzechu albo redefiniuje go jako \u201eb\u0142\u0105d psychologiczny\u201d czy \u201euwarunkowanie spo\u0142eczne\u201d. Ale Pawe\u0142 przypomina nam:<\/p>\n\n\n\n<ul class=\"wp-block-list\">\n<li>Z\u0142o nie jest tylko zewn\u0119trzne.<\/li>\n\n\n\n<li>Z\u0142o przenika ludzkie serce.<\/li>\n\n\n\n<li>Potrzebujemy odkupienia, nie tylko edukacji.<\/li>\n<\/ul>\n\n\n\n<p>Ta prawda nie jest pesymistyczna. Jest wyzwalaj\u0105ca. Bo je\u015bli uznamy ran\u0119, mo\u017cemy przyj\u0105\u0107 lekarstwo.<\/p>\n\n\n\n<hr class=\"wp-block-separator has-alpha-channel-opacity\"\/>\n\n\n\n<h2 class=\"wp-block-heading\">3. Usprawiedliwienie: serce Ewangelii<\/h2>\n\n\n\n<p>Tutaj wchodzimy w sam rdze\u0144 Listu do Rzymian.<\/p>\n\n\n\n<blockquote class=\"wp-block-quote is-layout-flow wp-block-quote-is-layout-flow\">\n<p>\u201eSprawiedliwy z wiary \u017cy\u0107 b\u0119dzie\u201d (Rz 1,17).<\/p>\n<\/blockquote>\n\n\n\n<p>Usprawiedliwienie to nie tylko \u201eby\u0107 przebaczonym\u201d. To zosta\u0107 uczynionym sprawiedliwym przez \u0142ask\u0119 Boga.<\/p>\n\n\n\n<p>Pawe\u0142 naucza, \u017ce:<\/p>\n\n\n\n<ul class=\"wp-block-list\">\n<li>Nie zbawiamy si\u0119 przez w\u0142asne uczynki.<\/li>\n\n\n\n<li>Nie gromadzimy ludzkich zas\u0142ug, aby \u201ekupi\u0107\u201d niebo.<\/li>\n\n\n\n<li>Zbawienie jest darmowym darem.<\/li>\n<\/ul>\n\n\n\n<p>Ale uwaga: wiara nie jest mglist\u0105 ide\u0105 ani religijnym uczuciem. To ca\u0142kowite przylgni\u0119cie do Jezus Chrystus.<\/p>\n\n\n\n<p>To pos\u0142uszne zaufanie.<\/p>\n\n\n\n<p>Z perspektywy tradycyjnej teologii katolickiej usprawiedliwienie nie jest jedynie zewn\u0119trzn\u0105 deklaracj\u0105, lecz wewn\u0119trzn\u0105 przemian\u0105. \u0141aska naprawd\u0119 nas zmienia. Nie tylko \u201euznaje\u201d nas za sprawiedliwych, ale czyni nas sprawiedliwymi.<\/p>\n\n\n\n<hr class=\"wp-block-separator has-alpha-channel-opacity\"\/>\n\n\n\n<h2 class=\"wp-block-heading\">4. Chrystus, Nowy Adam: odnowienie ludzko\u015bci<\/h2>\n\n\n\n<p>Pawe\u0142 ustanawia g\u0142\u0119bok\u0105 paralel\u0119:<\/p>\n\n\n\n<ul class=\"wp-block-list\">\n<li>Przez jednego cz\u0142owieka (Adama) wszed\u0142 grzech.<\/li>\n\n\n\n<li>Przez jednego cz\u0142owieka (Chrystusa) przysz\u0142a \u0142aska.<\/li>\n<\/ul>\n\n\n\n<p>Chrystus jest Nowym Adamem. Tam, gdzie pierwszy okaza\u0142 niepos\u0142usze\u0144stwo, drugi by\u0142 pos\u0142uszny a\u017c do \u015bmierci na Krzy\u017cu.<\/p>\n\n\n\n<p>Ta nauka jest kluczowa dla zrozumienia:<\/p>\n\n\n\n<ul class=\"wp-block-list\">\n<li>Tajemnicy Wcielenia.<\/li>\n\n\n\n<li>Odkupie\u0144czej warto\u015bci cierpienia.<\/li>\n\n\n\n<li>Centralnego znaczenia ofiary Krzy\u017ca.<\/li>\n<\/ul>\n\n\n\n<p>Zbawienie nie jest teori\u0105. Jest wydarzeniem historycznym.<\/p>\n\n\n\n<hr class=\"wp-block-separator has-alpha-channel-opacity\"\/>\n\n\n\n<h2 class=\"wp-block-heading\">5. \u017bycie w Duchu: prawdziwa wolno\u015b\u0107<\/h2>\n\n\n\n<p>Rozdzia\u0142 8 Listu do Rzymian to jeden z najbardziej wznios\u0142ych fragment\u00f3w ca\u0142ego Pisma \u015awi\u0119tego.<\/p>\n\n\n\n<blockquote class=\"wp-block-quote is-layout-flow wp-block-quote-is-layout-flow\">\n<p>\u201eNie ma wi\u0119c teraz \u017cadnego pot\u0119pienia dla tych, kt\u00f3rzy s\u0105 w Chrystusie Jezusie\u201d (Rz 8,1).<\/p>\n<\/blockquote>\n\n\n\n<p>Tutaj Pawe\u0142 wyja\u015bnia \u017cycie w Duchu.<\/p>\n\n\n\n<p>Nie jeste\u015bmy powo\u0142ani jedynie do unikania grzechu. Jeste\u015bmy powo\u0142ani do \u017cycia jako dzieci:<\/p>\n\n\n\n<ul class=\"wp-block-list\">\n<li>Dzieci przybrane.<\/li>\n\n\n\n<li>Wsp\u00f3\u0142dziedzice z Chrystusem.<\/li>\n\n\n\n<li>Prowadzeni przez Ducha \u015awi\u0119tego.<\/li>\n<\/ul>\n\n\n\n<p>W \u015bwiecie, kt\u00f3ry uto\u017csamia wolno\u015b\u0107 z \u201erobieniem, co mi si\u0119 podoba\u201d, Pawe\u0142 redefiniuje wolno\u015b\u0107:<\/p>\n\n\n\n<p>Prawdziwa wolno\u015b\u0107 to zdolno\u015b\u0107 czynienia dobra.<\/p>\n\n\n\n<p>Niewol\u0105 nie jest pos\u0142usze\u0144stwo Bogu. Niewol\u0105 jest bycie zdominowanym przez w\u0142asne nami\u0119tno\u015bci.<\/p>\n\n\n\n<hr class=\"wp-block-separator has-alpha-channel-opacity\"\/>\n\n\n\n<h2 class=\"wp-block-heading\">6. Wewn\u0119trzna walka: zdumiewaj\u0105cy realizm duszpasterski<\/h2>\n\n\n\n<p>Jednym z najbardziej ludzkich fragment\u00f3w Paw\u0142a jest Rz 7:<\/p>\n\n\n\n<blockquote class=\"wp-block-quote is-layout-flow wp-block-quote-is-layout-flow\">\n<p>\u201eNie czyni\u0119 bowiem dobra, kt\u00f3rego chc\u0119, ale czyni\u0119 to z\u0142o, kt\u00f3rego nie chc\u0119.\u201d<\/p>\n<\/blockquote>\n\n\n\n<p>Kt\u00f3\u017c si\u0119 w tym nie odnajduje?<\/p>\n\n\n\n<ul class=\"wp-block-list\">\n<li>Chc\u0119 si\u0119 modli\u0107\u2026 ale si\u0119 rozpraszam.<\/li>\n\n\n\n<li>Chc\u0119 by\u0107 cierpliwy\u2026 ale wybucham.<\/li>\n\n\n\n<li>Chc\u0119 przebaczy\u0107\u2026 ale trzymam uraz\u0119.<\/li>\n<\/ul>\n\n\n\n<p>Pawe\u0142 nie idealizuje \u017cycia chrze\u015bcija\u0144skiego. Uznaje wewn\u0119trzn\u0105 walk\u0119.<\/p>\n\n\n\n<p>Ale nie ko\u0144czy w dramacie. Ko\u0144czy w \u0142asce.<\/p>\n\n\n\n<p>Rozwi\u0105zaniem nie jest odizolowana si\u0142a woli. Jest nim zale\u017cno\u015b\u0107 od Chrystusa.<\/p>\n\n\n\n<hr class=\"wp-block-separator has-alpha-channel-opacity\"\/>\n\n\n\n<h2 class=\"wp-block-heading\">7. Izrael, wybranie i tajemnica wierno\u015bci Boga<\/h2>\n\n\n\n<p>W rozdzia\u0142ach 9\u201311 Pawe\u0142 podejmuje delikatne pytanie: co z Izraelem, skoro wielu nie przyj\u0119\u0142o Chrystusa?<\/p>\n\n\n\n<p>Pokazuje tutaj co\u015b istotnego dla naszej wiary:<\/p>\n\n\n\n<ul class=\"wp-block-list\">\n<li>B\u00f3g nie \u0142amie swoich obietnic.<\/li>\n\n\n\n<li>Historia zbawienia jest organiczna.<\/li>\n\n\n\n<li>Ko\u015bci\u00f3\u0142 nie zast\u0119puje, lecz wype\u0142nia.<\/li>\n<\/ul>\n\n\n\n<p>Z g\u0142\u0119bokiej perspektywy teologicznej rozdzia\u0142y te ukazuj\u0105 Bo\u017c\u0105 suwerenno\u015b\u0107 i tajemnic\u0119 powszechnego planu zbawienia.<\/p>\n\n\n\n<hr class=\"wp-block-separator has-alpha-channel-opacity\"\/>\n\n\n\n<h2 class=\"wp-block-heading\">8. Moralno\u015b\u0107 chrze\u015bcija\u0144ska: wiara staje si\u0119 \u017cyciem<\/h2>\n\n\n\n<p>Druga cz\u0119\u015b\u0107 Listu do Rzymian ma charakter wyra\u017anie praktyczny.<\/p>\n\n\n\n<blockquote class=\"wp-block-quote is-layout-flow wp-block-quote-is-layout-flow\">\n<p>\u201eNie bierzcie wi\u0119c wzoru z tego \u015bwiata, lecz przemieniajcie si\u0119 przez odnowienie umys\u0142u\u201d (Rz 12,2).<\/p>\n<\/blockquote>\n\n\n\n<p>Pawe\u0142 przek\u0142ada teologi\u0119 na konkret \u017cycia:<\/p>\n\n\n\n<ul class=\"wp-block-list\">\n<li>Mi\u0142owa\u0107 bez ob\u0142udy.<\/li>\n\n\n\n<li>B\u0142ogos\u0142awi\u0107 prze\u015bladowc\u00f3w.<\/li>\n\n\n\n<li>Z\u0142o dobrem zwyci\u0119\u017ca\u0107.<\/li>\n\n\n\n<li>Szanowa\u0107 prawowit\u0105 w\u0142adz\u0119.<\/li>\n\n\n\n<li>\u017by\u0107 bratersk\u0105 mi\u0142o\u015bci\u0105.<\/li>\n<\/ul>\n\n\n\n<p>Nie ma rozdzia\u0142u mi\u0119dzy doktryn\u0105 a moralno\u015bci\u0105. Prawdziwa wiara przemienia nawyki, relacje, ekonomi\u0119, polityk\u0119, seksualno\u015b\u0107 i rodzin\u0119.<\/p>\n\n\n\n<hr class=\"wp-block-separator has-alpha-channel-opacity\"\/>\n\n\n\n<h2 class=\"wp-block-heading\">9. Zastosowania praktyczne na dzi\u015b<\/h2>\n\n\n\n<p>Jak zastosowa\u0107 List do Rzymian w 2026 roku?<\/p>\n\n\n\n<h3 class=\"wp-block-heading\">1. Uznaj potrzeb\u0119 \u0142aski<\/h3>\n\n\n\n<p>Przesta\u0144 polega\u0107 wy\u0142\u0105cznie na w\u0142asnych si\u0142ach. Wr\u00f3\u0107 do sakramentu spowiedzi.<\/p>\n\n\n\n<h3 class=\"wp-block-heading\">2. Odkryj na nowo centralno\u015b\u0107 Chrystusa<\/h3>\n\n\n\n<p>Nie og\u00f3lna duchowo\u015b\u0107, lecz \u017cywa relacja z Jezusem Chrystusem.<\/p>\n\n\n\n<h3 class=\"wp-block-heading\">3. \u017byj wed\u0142ug Ducha<\/h3>\n\n\n\n<p>Praktykuj:<\/p>\n\n\n\n<ul class=\"wp-block-list\">\n<li>Codzienn\u0105 modlitw\u0119.<\/li>\n\n\n\n<li>Rachunek sumienia.<\/li>\n\n\n\n<li>Konkretn\u0105 ascez\u0119.<\/li>\n\n\n\n<li>Uczynki mi\u0142osierdzia.<\/li>\n<\/ul>\n\n\n\n<h3 class=\"wp-block-heading\">4. Odnawiaj umys\u0142<\/h3>\n\n\n\n<p>Solidna formacja doktrynalna. Studium Katechizmu. Medytacyjna lektura Listu do Rzymian.<\/p>\n\n\n\n<h3 class=\"wp-block-heading\">5. Kochaj po\u015br\u00f3d kulturowych prze\u015bladowa\u0144<\/h3>\n\n\n\n<p>Chrze\u015bcijanin nie odpowiada agresj\u0105, lecz stanowczo\u015bci\u0105 i mi\u0142o\u015bci\u0105.<\/p>\n\n\n\n<hr class=\"wp-block-separator has-alpha-channel-opacity\"\/>\n\n\n\n<h2 class=\"wp-block-heading\">10. List do Rzymian a wsp\u00f3\u0142czesny \u015bwiat<\/h2>\n\n\n\n<p>\u017byjemy w czasach:<\/p>\n\n\n\n<ul class=\"wp-block-list\">\n<li>Relatywizmu moralnego.<\/li>\n\n\n\n<li>Zam\u0119tu antropologicznego.<\/li>\n\n\n\n<li>Radykalnego indywidualizmu.<\/li>\n\n\n\n<li>Kryzysu to\u017csamo\u015bci.<\/li>\n<\/ul>\n\n\n\n<p>List do Rzymian daje jasno\u015b\u0107:<\/p>\n\n\n\n<ul class=\"wp-block-list\">\n<li>Prawda obiektywna istnieje.<\/li>\n\n\n\n<li>Cz\u0142owiek potrzebuje odkupienia.<\/li>\n\n\n\n<li>\u0141aska jest realna.<\/li>\n\n\n\n<li>Chrystus jest jedynym Zbawicielem.<\/li>\n<\/ul>\n\n\n\n<p>To nie jest przes\u0142anie wygodne. To jest przes\u0142anie prawdziwe.<\/p>\n\n\n\n<hr class=\"wp-block-separator has-alpha-channel-opacity\"\/>\n\n\n\n<h2 class=\"wp-block-heading\">Zako\u0144czenie: Czy jeste\u015b got\u00f3w pozwoli\u0107 si\u0119 przemieni\u0107?<\/h2>\n\n\n\n<p>List do Rzymian to nie tylko tekst do studiowania. To zaproszenie do wewn\u0119trznej rewolucji.<\/p>\n\n\n\n<p>Pawe\u0142 nie pisze, aby zabawi\u0107. Pisze, aby zbawi\u0107.<\/p>\n\n\n\n<p>Je\u015bli dzi\u015b we\u017amiesz ten list i b\u0119dziesz czyta\u0142 go powoli, rozdzia\u0142 po rozdziale, mo\u017cesz do\u015bwiadczy\u0107 tego, czego do\u015bwiadczy\u0142y miliony ludzi w historii:<\/p>\n\n\n\n<ul class=\"wp-block-list\">\n<li>Nawr\u00f3cenia.<\/li>\n\n\n\n<li>Jasno\u015bci.<\/li>\n\n\n\n<li>Si\u0142y.<\/li>\n\n\n\n<li>Nadziei.<\/li>\n<\/ul>\n\n\n\n<p>Bo centralne przes\u0142anie pozostaje to samo:<\/p>\n\n\n\n<blockquote class=\"wp-block-quote is-layout-flow wp-block-quote-is-layout-flow\">\n<p>\u201eGdzie jednak wzm\u00f3g\u0142 si\u0119 grzech, tam jeszcze obficiej rozla\u0142a si\u0119 \u0142aska\u201d (Rz 5,20).<\/p>\n<\/blockquote>\n\n\n\n<p>A ta \u0142aska jest dost\u0119pna dzi\u015b.<\/p>\n\n\n\n<p>Nie dla duchowej elity.<br>Nie dla wyidealizowanej przesz\u0142o\u015bci.<br>Ale dla ciebie.<\/p>\n\n\n\n<p>List do Rzymian nie nale\u017cy tylko do pierwszego wieku.<br>Nale\u017cy do ka\u017cdego serca, kt\u00f3re potrzebuje odkupienia.<\/p>\n\n\n\n<p>A to serce\u2026 jest nasze.<\/p>\n","protected":false},"excerpt":{"rendered":"<p>S\u0105 teksty, kt\u00f3re o\u015bwiecaj\u0105. S\u0105 teksty, kt\u00f3re koryguj\u0105. I s\u0105 teksty, kt\u00f3re wstrz\u0105saj\u0105 sam\u0105 histori\u0105.List do Rzymian nale\u017cy do tej ostatniej kategorii. To najg\u0142\u0119bsze, najbardziej systematyczne i teologicznie najg\u0119stsze pismo \u015awi\u0119ty Pawe\u0142 Aposto\u0142. To nie jest po prostu kolejny list Nowego Testamentu. To wielki traktat o \u0142asce, grzechu, usprawiedliwieniu i zbawieniu. To doktrynalne serce chrze\u015bcija\u0144stwa. &hellip;<\/p>\n","protected":false},"author":3,"featured_media":5037,"comment_status":"closed","ping_status":"closed","sticky":false,"template":"","format":"standard","meta":{"_seopress_robots_primary_cat":"","_seopress_titles_title":"","_seopress_titles_desc":"","_seopress_robots_index":"","footnotes":""},"categories":[37,45],"tags":[1674],"class_list":["post-5036","post","type-post","status-publish","format-standard","has-post-thumbnail","","category-doktryna-i-wiara","category-pismo-swiete","tag-list-do-rzymian"],"_links":{"self":[{"href":"https:\/\/catholicus.eu\/pl\/wp-json\/wp\/v2\/posts\/5036","targetHints":{"allow":["GET"]}}],"collection":[{"href":"https:\/\/catholicus.eu\/pl\/wp-json\/wp\/v2\/posts"}],"about":[{"href":"https:\/\/catholicus.eu\/pl\/wp-json\/wp\/v2\/types\/post"}],"author":[{"embeddable":true,"href":"https:\/\/catholicus.eu\/pl\/wp-json\/wp\/v2\/users\/3"}],"replies":[{"embeddable":true,"href":"https:\/\/catholicus.eu\/pl\/wp-json\/wp\/v2\/comments?post=5036"}],"version-history":[{"count":1,"href":"https:\/\/catholicus.eu\/pl\/wp-json\/wp\/v2\/posts\/5036\/revisions"}],"predecessor-version":[{"id":5038,"href":"https:\/\/catholicus.eu\/pl\/wp-json\/wp\/v2\/posts\/5036\/revisions\/5038"}],"wp:featuredmedia":[{"embeddable":true,"href":"https:\/\/catholicus.eu\/pl\/wp-json\/wp\/v2\/media\/5037"}],"wp:attachment":[{"href":"https:\/\/catholicus.eu\/pl\/wp-json\/wp\/v2\/media?parent=5036"}],"wp:term":[{"taxonomy":"category","embeddable":true,"href":"https:\/\/catholicus.eu\/pl\/wp-json\/wp\/v2\/categories?post=5036"},{"taxonomy":"post_tag","embeddable":true,"href":"https:\/\/catholicus.eu\/pl\/wp-json\/wp\/v2\/tags?post=5036"}],"curies":[{"name":"wp","href":"https:\/\/api.w.org\/{rel}","templated":true}]}}