{"id":5033,"date":"2026-02-18T11:48:05","date_gmt":"2026-02-18T10:48:05","guid":{"rendered":"https:\/\/catholicus.eu\/pl\/?p=5033"},"modified":"2026-02-18T11:48:05","modified_gmt":"2026-02-18T10:48:05","slug":"galacjan-list-ktory-zrywa-kajdany-chrzescijanska-wolnosc-w-czasach-zametu","status":"publish","type":"post","link":"https:\/\/catholicus.eu\/pl\/galacjan-list-ktory-zrywa-kajdany-chrzescijanska-wolnosc-w-czasach-zametu\/","title":{"rendered":"Galacjan: List, kt\u00f3ry Zrywa Kajdany \u2014 Chrze\u015bcija\u0144ska Wolno\u015b\u0107 w Czasach Zam\u0119tu"},"content":{"rendered":"\n<p>S\u0105 ksi\u0119gi Pisma \u015awi\u0119tego, kt\u00f3re pocieszaj\u0105.<br>Inne, kt\u00f3re o\u015bwiecaj\u0105.<br>I takie \u2014 jak List do Galat\u00f3w \u2014 kt\u00f3re wstrz\u0105saj\u0105 dusz\u0105.<\/p>\n\n\n\n<p><strong>List do Galat\u00f3w<\/strong>, napisany przez aposto\u0142a \u015bw. Paw\u0142a, nie jest ch\u0142odnym traktatem ani zdystansowanym wyk\u0142adem akademickim. To pasterski krzyk. To g\u0142os duchowego ojca, kt\u00f3ry widzi swoje dzieci w niebezpiecze\u0144stwie i nie mo\u017ce milcze\u0107.<\/p>\n\n\n\n<p>Je\u015bli dzi\u015b \u017cyjemy w czasach zam\u0119tu doktrynalnego, relatywizmu moralnego i fa\u0142szywych duchowo\u015bci, List do Galat\u00f3w jest listem dla nas.<\/p>\n\n\n\n<p>Poniewa\u017c pytanie, kt\u00f3re przenika ca\u0142e to pismo, brzmi:<\/p>\n\n\n\n<blockquote class=\"wp-block-quote is-layout-flow wp-block-quote-is-layout-flow\">\n<p><strong>Co to znaczy by\u0107 naprawd\u0119 wolnym w Chrystusie?<\/strong><\/p>\n<\/blockquote>\n\n\n\n<p>A to pytanie wci\u0105\u017c jest pilne.<\/p>\n\n\n\n<hr class=\"wp-block-separator has-alpha-channel-opacity\"\/>\n\n\n\n<h2 class=\"wp-block-heading\">1. Kontekst historyczny: Kim byli Galaci?<\/h2>\n\n\n\n<p>Galacja by\u0142a regionem Azji Mniejszej (dzisiejsza Turcja). Tam \u015bw. Pawe\u0142 g\u0142osi\u0142 Ewangeli\u0119 z obfitym owocem. Wielu pogan nawr\u00f3ci\u0142o si\u0119, przyj\u0119\u0142o wiar\u0119 i zacz\u0119\u0142o \u017cy\u0107 jak chrze\u015bcijanie.<\/p>\n\n\n\n<p>Jednak po jego odej\u015bciu pojawili si\u0119 inni kaznodzieje \u2014 tzw. \u201ejudaizuj\u0105cy\u201d \u2014 kt\u00f3rzy nauczali, \u017ce wiara w Chrystusa nie wystarcza. Twierdzili, \u017ce opr\u00f3cz niej konieczne jest zachowywanie Prawa Moj\u017ceszowego: obrzezanie, przestrzeganie przepis\u00f3w rytualnych, poddanie si\u0119 dawnym praktykom.<\/p>\n\n\n\n<p>Innymi s\u0142owy:<\/p>\n\n\n\n<p>Chrystus tak\u2026 ale nie sam Chrystus.<\/p>\n\n\n\n<p>\u015aw. Pawe\u0142 reaguje z zadziwiaj\u0105c\u0105 stanowczo\u015bci\u0105. Ju\u017c w pierwszym rozdziale wida\u0107 jego pilno\u015b\u0107:<\/p>\n\n\n\n<blockquote class=\"wp-block-quote is-layout-flow wp-block-quote-is-layout-flow\">\n<p>\u201eDziwi\u0119 si\u0119, \u017ce tak szybko odchodzicie od Tego, kt\u00f3ry was powo\u0142a\u0142 \u0142ask\u0105 Chrystusa, ku innej Ewangelii\u201d (Ga 1,6).<\/p>\n<\/blockquote>\n\n\n\n<p>Nie chodzi tu jedynie o sp\u00f3r dyscyplinarny. Chodzi o zbawienie.<\/p>\n\n\n\n<hr class=\"wp-block-separator has-alpha-channel-opacity\"\/>\n\n\n\n<h2 class=\"wp-block-heading\">2. Serce przes\u0142ania: Usprawiedliwienie przez wiar\u0119<\/h2>\n\n\n\n<p>Centralna o\u015b Listu do Galat\u00f3w jest jasna i stanowcza:<\/p>\n\n\n\n<p><strong>Cz\u0142owiek nie zostaje zbawiony przez uczynki Prawa, lecz przez wiar\u0119 w Jezusa Chrystusa.<\/strong><\/p>\n\n\n\n<p>\u015aw. Pawe\u0142 wyra\u017ca to mocno:<\/p>\n\n\n\n<blockquote class=\"wp-block-quote is-layout-flow wp-block-quote-is-layout-flow\">\n<p>\u201eCz\u0142owiek osi\u0105ga usprawiedliwienie nie przez wype\u0142nianie Prawa, lecz przez wiar\u0119 w Jezusa Chrystusa\u201d (Ga 2,16).<\/p>\n<\/blockquote>\n\n\n\n<p>Nie oznacza to, \u017ce uczynki nie maj\u0105 znaczenia. Oznacza to, \u017ce zbawienie nie jest ludzk\u0105 zas\u0142ug\u0105, lecz darmowym darem.<\/p>\n\n\n\n<p>Z teologicznego punktu widzenia List do Galat\u00f3w rozwija fundamentaln\u0105 prawd\u0119:<br>usprawiedliwienie jest dzie\u0142em \u0142aski.<\/p>\n\n\n\n<p>B\u00f3g nie zbawia nas dlatego, \u017ce wszystko wype\u0142niamy doskonale.<br>Zbawia nas, poniewa\u017c Chrystus umar\u0142 za nas.<\/p>\n\n\n\n<p>I tutaj znajdujemy jeden z najg\u0142\u0119bszych werset\u00f3w ca\u0142ego Pisma \u015awi\u0119tego:<\/p>\n\n\n\n<blockquote class=\"wp-block-quote is-layout-flow wp-block-quote-is-layout-flow\">\n<p>\u201eZ Chrystusem zosta\u0142em ukrzy\u017cowany; \u017cyj\u0119 ju\u017c nie ja, lecz \u017cyje we mnie Chrystus\u201d (Ga 2,20).<\/p>\n<\/blockquote>\n\n\n\n<p>To nie jest duchowa poezja. To teologia mistyczna.<\/p>\n\n\n\n<p>\u017bycie chrze\u015bcija\u0144skie nie jest powierzchown\u0105 popraw\u0105 moraln\u0105. To ontologiczna przemiana: Chrystus \u017cyje w ochrzczonym.<\/p>\n\n\n\n<hr class=\"wp-block-separator has-alpha-channel-opacity\"\/>\n\n\n\n<h2 class=\"wp-block-heading\">3. Chrze\u015bcija\u0144ska wolno\u015b\u0107: wolno\u015b\u0107 od czego?<\/h2>\n\n\n\n<p>Jednym z najbardziej rewolucyjnych poj\u0119\u0107 tego listu jest wolno\u015b\u0107.<\/p>\n\n\n\n<blockquote class=\"wp-block-quote is-layout-flow wp-block-quote-is-layout-flow\">\n<p>\u201eKu wolno\u015bci wyswobodzi\u0142 nas Chrystus\u201d (Ga 5,1).<\/p>\n<\/blockquote>\n\n\n\n<p>Ale uwaga. Nie chodzi o nowoczesne rozumienie wolno\u015bci jako \u201erobi\u0119, co chc\u0119\u201d. To nie jest absolutna autonomia ani moralna niezale\u017cno\u015b\u0107.<\/p>\n\n\n\n<p>\u015aw. Pawe\u0142 nie g\u0142osi swobody obyczaj\u00f3w. G\u0142osi wyzwolenie od grzechu i legalizmu.<\/p>\n\n\n\n<h3 class=\"wp-block-heading\">Wolni:<\/h3>\n\n\n\n<ul class=\"wp-block-list\">\n<li>od grzechu, kt\u00f3ry zniewala<\/li>\n\n\n\n<li>od prawa pojmowanego jako ci\u0119\u017car bez \u0142aski<\/li>\n\n\n\n<li>od duchowej samowystarczalno\u015bci<\/li>\n\n\n\n<li>od pr\u00f3b zbawienia si\u0119 o w\u0142asnych si\u0142ach<\/li>\n<\/ul>\n\n\n\n<p>Dzi\u015b prze\u017cywamy inn\u0105 form\u0119 niewoli: tyrani\u0119 \u201eja\u201d, kult autoafirmacji, duchowo\u015b\u0107 bez krzy\u017ca.<\/p>\n\n\n\n<p>List do Galat\u00f3w przypomina nam, \u017ce prawdziwa wolno\u015b\u0107 polega na przynale\u017cno\u015bci do Chrystusa.<\/p>\n\n\n\n<hr class=\"wp-block-separator has-alpha-channel-opacity\"\/>\n\n\n\n<h2 class=\"wp-block-heading\">4. Walka mi\u0119dzy cia\u0142em a Duchem<\/h2>\n\n\n\n<p>W rozdziale 5 znajdujemy jedno z najja\u015bniejszych zestawie\u0144 dotycz\u0105cych moralnego \u017cycia chrze\u015bcija\u0144skiego.<\/p>\n\n\n\n<p>\u015aw. Pawe\u0142 przeciwstawia:<\/p>\n\n\n\n<h3 class=\"wp-block-heading\">Uczynki cia\u0142a:<\/h3>\n\n\n\n<blockquote class=\"wp-block-quote is-layout-flow wp-block-quote-is-layout-flow\">\n<p>\u201enierz\u0105d, nieczysto\u015b\u0107, ba\u0142wochwalstwo, nienawi\u015b\u0107, spory, zazdro\u015b\u0107, wybuchy gniewu\u2026\u201d (Ga 5,19\u201321)<\/p>\n<\/blockquote>\n\n\n\n<p>I owoc Ducha:<\/p>\n\n\n\n<blockquote class=\"wp-block-quote is-layout-flow wp-block-quote-is-layout-flow\">\n<p>\u201emi\u0142o\u015b\u0107, rado\u015b\u0107, pok\u00f3j, cierpliwo\u015b\u0107, uprzejmo\u015b\u0107, dobro\u0107, wierno\u015b\u0107, \u0142agodno\u015b\u0107, opanowanie\u201d (Ga 5,22\u201323)<\/p>\n<\/blockquote>\n\n\n\n<p>Teologicznie ten kontrast nie jest dualizmem. Nie oznacza, \u017ce cia\u0142o jest z\u0142e. \u201eCia\u0142o\u201d oznacza tu ludzk\u0105 natur\u0119 zranion\u0105 przez grzech.<\/p>\n\n\n\n<p>\u017bycie chrze\u015bcija\u0144skie jest walk\u0105 duchow\u0105.<\/p>\n\n\n\n<p>I w\u0142a\u015bnie tutaj List do Galat\u00f3w staje si\u0119 niezwykle aktualny: \u017cyjemy w kulturze, kt\u00f3ra normalizuje wiele \u201euczynk\u00f3w cia\u0142a\u201d i wy\u015bmiewa opanowanie.<\/p>\n\n\n\n<p>Ale \u015bw. Pawe\u0142 jest jasny:<br>nie ma duchowej neutralno\u015bci.<\/p>\n\n\n\n<p>Albo \u017cyjemy wed\u0142ug Ducha,<br>albo cia\u0142o zacznie nad nami panowa\u0107.<\/p>\n\n\n\n<hr class=\"wp-block-separator has-alpha-channel-opacity\"\/>\n\n\n\n<h2 class=\"wp-block-heading\">5. Synostwo Bo\u017ce: punkt najbardziej wznios\u0142y<\/h2>\n\n\n\n<p>Jednym z najpi\u0119kniejszych fragment\u00f3w listu jest ten, w kt\u00f3rym Pawe\u0142 m\u00f3wi o naszym przybraniu za syn\u00f3w:<\/p>\n\n\n\n<blockquote class=\"wp-block-quote is-layout-flow wp-block-quote-is-layout-flow\">\n<p>\u201eGdy nadesz\u0142a pe\u0142nia czasu, zes\u0142a\u0142 B\u00f3g Syna swego\u2026 aby\u015bmy otrzymali przybrane synostwo\u201d (Ga 4,4\u20135).<\/p>\n<\/blockquote>\n\n\n\n<p>Ten werset jest kluczowy.<\/p>\n\n\n\n<p>Chrystus nie przyszed\u0142 tylko naucza\u0107 moralno\u015bci.<br>Przyszed\u0142 uczyni\u0107 nas dzie\u0107mi.<\/p>\n\n\n\n<p>I kontynuuje:<\/p>\n\n\n\n<blockquote class=\"wp-block-quote is-layout-flow wp-block-quote-is-layout-flow\">\n<p>\u201eNa dow\u00f3d tego, \u017ce jeste\u015bcie synami, B\u00f3g wys\u0142a\u0142 do serc naszych Ducha Syna swego, kt\u00f3ry wo\u0142a: Abba, Ojcze!\u201d (Ga 4,6).<\/p>\n<\/blockquote>\n\n\n\n<p>Z duszpasterskiego punktu widzenia ta prawda przemienia \u017cycie duchowe:<\/p>\n\n\n\n<ul class=\"wp-block-list\">\n<li>Nie jeste\u015bmy pos\u0142uszni ze strachu.<\/li>\n\n\n\n<li>Nie modlimy si\u0119 jak niewolnicy.<\/li>\n\n\n\n<li>Nie \u017cyjemy jak pracownicy Boga.<\/li>\n<\/ul>\n\n\n\n<p>Jeste\u015bmy dzie\u0107mi.<\/p>\n\n\n\n<p>W \u015bwiecie naznaczonym emocjonalnym i duchowym sieroctwem jest to wiadomo\u015b\u0107 rewolucyjna.<\/p>\n\n\n\n<hr class=\"wp-block-separator has-alpha-channel-opacity\"\/>\n\n\n\n<h2 class=\"wp-block-heading\">6. Wymiar eklezjalny: jedno\u015b\u0107 w Chrystusie<\/h2>\n\n\n\n<p>\u015aw. Pawe\u0142 og\u0142asza prawd\u0119, kt\u00f3ra rozbrzmiewa od wiek\u00f3w:<\/p>\n\n\n\n<blockquote class=\"wp-block-quote is-layout-flow wp-block-quote-is-layout-flow\">\n<p>\u201eNie ma ju\u017c \u017byda ani Greka, nie ma niewolnika ani wolnego, nie ma m\u0119\u017cczyzny ani kobiety; wszyscy bowiem jeste\u015bcie kim\u015b jednym w Chrystusie Jezusie\u201d (Ga 3,28).<\/p>\n<\/blockquote>\n\n\n\n<p>Ten werset nie usuwa naturalnych r\u00f3\u017cnic ani uprawnionych hierarchii. Og\u0142asza, \u017ce godno\u015b\u0107 chrzcielna jest wsp\u00f3lna.<\/p>\n\n\n\n<p>Przed Bogiem wszyscy jeste\u015bmy dziedzicami.<\/p>\n\n\n\n<p>W czasach polaryzacji, konflikt\u00f3w to\u017csamo\u015bciowych i spo\u0142ecznych podzia\u0142\u00f3w List do Galat\u00f3w daje teologiczny fundament prawdziwej jedno\u015bci:<br>nie ideologiczn\u0105 jednolito\u015b\u0107, lecz komuni\u0119 w Chrystusie.<\/p>\n\n\n\n<hr class=\"wp-block-separator has-alpha-channel-opacity\"\/>\n\n\n\n<h2 class=\"wp-block-heading\">7. Zastosowania praktyczne na dzi\u015b<\/h2>\n\n\n\n<p>Jak \u017cy\u0107 Listem do Galat\u00f3w w 2026 roku?<\/p>\n\n\n\n<h3 class=\"wp-block-heading\">1. Zbadaj sw\u00f3j \u201ewewn\u0119trzny legalizm\u201d<\/h3>\n\n\n\n<p>Czy s\u0105dzisz, \u017ce B\u00f3g kocha ci\u0119 tylko wtedy, gdy wszystko wychodzi idealnie?<br>To powr\u00f3t do niewoli.<\/p>\n\n\n\n<h3 class=\"wp-block-heading\">2. Unikaj \u201eChrystus + co\u015b\u201d<\/h3>\n\n\n\n<p>Chrystus plus ideologia.<br>Chrystus plus alternatywna duchowo\u015b\u0107.<br>Chrystus plus samodoskonalenie.<\/p>\n\n\n\n<p>Ewangelia nie potrzebuje dodatk\u00f3w.<\/p>\n\n\n\n<h3 class=\"wp-block-heading\">3. Piel\u0119gnuj owoc Ducha<\/h3>\n\n\n\n<p>R\u00f3b codzienny rachunek sumienia:<br>Czy wzrastam w \u0142agodno\u015bci?<br>W opanowaniu?<br>W cierpliwo\u015bci?<\/p>\n\n\n\n<h3 class=\"wp-block-heading\">4. \u017byj jak dziecko<\/h3>\n\n\n\n<p>M\u00f3dl si\u0119, nazywaj\u0105c Boga Ojcem z prawdziw\u0105 ufno\u015bci\u0105.<br>Nie jako formu\u0142\u0119.<br>Lecz jako pewno\u015b\u0107.<\/p>\n\n\n\n<h3 class=\"wp-block-heading\">5. Przyjmij krzy\u017c<\/h3>\n\n\n\n<p>List do Galat\u00f3w jest naznaczony krzy\u017cem. \u015aw. Pawe\u0142 ko\u0144czy s\u0142owami:<\/p>\n\n\n\n<blockquote class=\"wp-block-quote is-layout-flow wp-block-quote-is-layout-flow\">\n<p>\u201eCo do mnie, nie daj Bo\u017ce, bym si\u0119 chlubi\u0142 z czego innego, jak tylko z krzy\u017ca Pana naszego Jezusa Chrystusa\u201d (Ga 6,14).<\/p>\n<\/blockquote>\n\n\n\n<p>Krzy\u017c nie jest pora\u017ck\u0105. Jest piecz\u0119ci\u0105 autentyczno\u015bci chrze\u015bcija\u0144skiej.<\/p>\n\n\n\n<hr class=\"wp-block-separator has-alpha-channel-opacity\"\/>\n\n\n\n<h2 class=\"wp-block-heading\">8. Duszpasterskie ostrze\u017cenie na nasze czasy<\/h2>\n\n\n\n<p>Herezja zwalczana w Li\u015bcie do Galat\u00f3w nie znikn\u0119\u0142a.<\/p>\n\n\n\n<p>Dzi\u015b przybiera nowe formy:<\/p>\n\n\n\n<ul class=\"wp-block-list\">\n<li>Moralizm bez \u0142aski.<\/li>\n\n\n\n<li>Duchowo\u015b\u0107 bez Ko\u015bcio\u0142a.<\/li>\n\n\n\n<li>Chrze\u015bcija\u0144stwo zredukowane do etyki spo\u0142ecznej.<\/li>\n\n\n\n<li>Religia dostosowana do gust\u00f3w kultury.<\/li>\n<\/ul>\n\n\n\n<p>List do Galat\u00f3w zmusza nas do wyboru:<\/p>\n\n\n\n<p>Czy ufam ukrzy\u017cowanemu Chrystusowi?<br>Czy ufam w\u0142asnym zas\u0142ugom?<\/p>\n\n\n\n<p>Nie ma drogi po\u015bredniej.<\/p>\n\n\n\n<hr class=\"wp-block-separator has-alpha-channel-opacity\"\/>\n\n\n\n<h2 class=\"wp-block-heading\">9. Zako\u0144czenie: List, kt\u00f3ry przywraca pierwotny ogie\u0144<\/h2>\n\n\n\n<p>List do Galat\u00f3w jest niewygodny, bo odbiera nam wym\u00f3wki.<\/p>\n\n\n\n<p>Przypomina nam, \u017ce:<\/p>\n\n\n\n<ul class=\"wp-block-list\">\n<li>Zbawienie jest \u0142ask\u0105.<\/li>\n\n\n\n<li>Wolno\u015b\u0107 jest wymagaj\u0105ca.<\/li>\n\n\n\n<li>Synostwo jest realne.<\/li>\n\n\n\n<li>Walka duchowa jest codzienna.<\/li>\n\n\n\n<li>Krzy\u017c jest centrum.<\/li>\n<\/ul>\n\n\n\n<p>Je\u015bli dzi\u015b czujesz si\u0119 zm\u0119czony, zagubiony albo uwi\u0119ziony mi\u0119dzy zasadami a poczuciem winy, wr\u00f3\u0107 do Listu do Galat\u00f3w.<\/p>\n\n\n\n<p>Czytaj go powoli.<br>Rozwa\u017caj.<br>M\u00f3dl si\u0119 nim.<\/p>\n\n\n\n<p>I pozw\u00f3l, by te staro\u017cytne s\u0142owa na nowo rozpali\u0142y ogie\u0144.<\/p>\n\n\n\n<p>Bo jak napisa\u0142 \u015bw. Pawe\u0142:<\/p>\n\n\n\n<blockquote class=\"wp-block-quote is-layout-flow wp-block-quote-is-layout-flow\">\n<p>\u201eW czynieniu dobrze nie ustawajmy\u201d (Ga 6,9).<\/p>\n<\/blockquote>\n\n\n\n<p>Chrze\u015bcija\u0144ska wolno\u015b\u0107 nie jest powierzchowna.<br>Jest chwalebna.<\/p>\n\n\n\n<p>I zaczyna si\u0119 wtedy, gdy przestajemy pr\u00f3bowa\u0107 zbawi\u0107 samych siebie,<br>a pozwalamy, by zbawi\u0142 nas Chrystus.<\/p>\n","protected":false},"excerpt":{"rendered":"<p>S\u0105 ksi\u0119gi Pisma \u015awi\u0119tego, kt\u00f3re pocieszaj\u0105.Inne, kt\u00f3re o\u015bwiecaj\u0105.I takie \u2014 jak List do Galat\u00f3w \u2014 kt\u00f3re wstrz\u0105saj\u0105 dusz\u0105. List do Galat\u00f3w, napisany przez aposto\u0142a \u015bw. Paw\u0142a, nie jest ch\u0142odnym traktatem ani zdystansowanym wyk\u0142adem akademickim. To pasterski krzyk. To g\u0142os duchowego ojca, kt\u00f3ry widzi swoje dzieci w niebezpiecze\u0144stwie i nie mo\u017ce milcze\u0107. Je\u015bli dzi\u015b \u017cyjemy w &hellip;<\/p>\n","protected":false},"author":3,"featured_media":5034,"comment_status":"closed","ping_status":"closed","sticky":false,"template":"","format":"standard","meta":{"_seopress_robots_primary_cat":"","_seopress_titles_title":"","_seopress_titles_desc":"","_seopress_robots_index":"","footnotes":""},"categories":[37,45],"tags":[1673],"class_list":["post-5033","post","type-post","status-publish","format-standard","has-post-thumbnail","","category-doktryna-i-wiara","category-pismo-swiete","tag-galacjan"],"_links":{"self":[{"href":"https:\/\/catholicus.eu\/pl\/wp-json\/wp\/v2\/posts\/5033","targetHints":{"allow":["GET"]}}],"collection":[{"href":"https:\/\/catholicus.eu\/pl\/wp-json\/wp\/v2\/posts"}],"about":[{"href":"https:\/\/catholicus.eu\/pl\/wp-json\/wp\/v2\/types\/post"}],"author":[{"embeddable":true,"href":"https:\/\/catholicus.eu\/pl\/wp-json\/wp\/v2\/users\/3"}],"replies":[{"embeddable":true,"href":"https:\/\/catholicus.eu\/pl\/wp-json\/wp\/v2\/comments?post=5033"}],"version-history":[{"count":1,"href":"https:\/\/catholicus.eu\/pl\/wp-json\/wp\/v2\/posts\/5033\/revisions"}],"predecessor-version":[{"id":5035,"href":"https:\/\/catholicus.eu\/pl\/wp-json\/wp\/v2\/posts\/5033\/revisions\/5035"}],"wp:featuredmedia":[{"embeddable":true,"href":"https:\/\/catholicus.eu\/pl\/wp-json\/wp\/v2\/media\/5034"}],"wp:attachment":[{"href":"https:\/\/catholicus.eu\/pl\/wp-json\/wp\/v2\/media?parent=5033"}],"wp:term":[{"taxonomy":"category","embeddable":true,"href":"https:\/\/catholicus.eu\/pl\/wp-json\/wp\/v2\/categories?post=5033"},{"taxonomy":"post_tag","embeddable":true,"href":"https:\/\/catholicus.eu\/pl\/wp-json\/wp\/v2\/tags?post=5033"}],"curies":[{"name":"wp","href":"https:\/\/api.w.org\/{rel}","templated":true}]}}