{"id":5022,"date":"2026-02-18T14:42:39","date_gmt":"2026-02-18T13:42:39","guid":{"rendered":"https:\/\/catholicus.eu\/pl\/?p=5022"},"modified":"2026-02-18T16:52:47","modified_gmt":"2026-02-18T15:52:47","slug":"post-srody-popielcowej-jeden-dzien-ktory-moze-zmienic-cale-twoje-zycie","status":"publish","type":"post","link":"https:\/\/catholicus.eu\/pl\/post-srody-popielcowej-jeden-dzien-ktory-moze-zmienic-cale-twoje-zycie\/","title":{"rendered":"\u015aroda Popielcowa: Post, kt\u00f3ry mo\u017ce zmieni\u0107 Twoje \u017cycie (je\u015bli prze\u017cyjesz go naprawd\u0119)"},"content":{"rendered":"\n<p>S\u0105 dni, kt\u00f3re mijaj\u0105 bez \u015bladu\u2026 i s\u0105 dni, kt\u00f3re odciskaj\u0105 pi\u0119tno na duszy.<\/p>\n\n\n\n<p><strong>\u015aroda Popielcowa<\/strong> nie jest kolejn\u0105 tradycj\u0105 w kalendarzu katolickim. Jest progiem. Jest bram\u0105 wprowadzaj\u0105c\u0105 nas w \u015bwi\u0119ty czas Wielkiego Postu. To moment, w kt\u00f3rym Ko\u015bci\u00f3\u0142 \u2014 jak m\u0105dra matka \u2014 patrzy nam w oczy i przypomina prawd\u0119, kt\u00f3r\u0105 \u015bwiat pr\u00f3buje zag\u0142uszy\u0107:<\/p>\n\n\n\n<blockquote class=\"wp-block-quote is-layout-flow wp-block-quote-is-layout-flow\">\n<p>\u201ePami\u0119taj, \u017ce jeste\u015b prochem i w proch si\u0119 obr\u00f3cisz\u201d (por. Rdz 3,19).<\/p>\n<\/blockquote>\n\n\n\n<p>Albo:<\/p>\n\n\n\n<blockquote class=\"wp-block-quote is-layout-flow wp-block-quote-is-layout-flow\">\n<p>\u201eNawracajcie si\u0119 i wierzcie w Ewangeli\u0119\u201d (Mk 1,15).<\/p>\n<\/blockquote>\n\n\n\n<p>To nie gro\u017aba. To wezwanie.<br>To nie pusty ryt. To duchowe wstrz\u0105\u015bni\u0119cie.<\/p>\n\n\n\n<p>Dzi\u015b chc\u0119 pom\u00f3c Ci odkry\u0107, co naprawd\u0119 oznacza <strong>post w \u015arod\u0119 Popielcow\u0105<\/strong>, dlaczego Ko\u015bci\u00f3\u0142 go nakazuje, jakie ma g\u0142\u0119bokie znaczenie teologiczne i \u2014 przede wszystkim \u2014 jak mo\u017cesz prze\u017cy\u0107 go w spos\u00f3b autentyczny, praktyczny i przemieniaj\u0105cy.<\/p>\n\n\n\n<hr class=\"wp-block-separator has-alpha-channel-opacity\"\/>\n\n\n\n<h2 class=\"wp-block-heading\">1. Pochodzenie i historia: Dlaczego rozpoczynamy Wielki Post popio\u0142em i postem?<\/h2>\n\n\n\n<p>Praktyka postu jest tak stara jak samo Objawienie.<\/p>\n\n\n\n<p>W Starym Testamencie post \u0142\u0105czy si\u0119 z pokut\u0105, b\u0142aganiem i nawr\u00f3ceniem. Gdy lud Izraela chcia\u0142 wyprosi\u0107 mi\u0142osierdzie, przywdziewa\u0142 w\u00f3r pokutny i posypywa\u0142 si\u0119 popio\u0142em (por. Jon 3,5\u20136). Popi\u00f3\u0142 symbolizuje krucho\u015b\u0107, przemijalno\u015b\u0107 i pokor\u0119.<\/p>\n\n\n\n<p>Ko\u015bci\u00f3\u0142 pierwotny przej\u0105\u0142 t\u0119 tradycj\u0119 i w\u0142\u0105czy\u0142 j\u0105 w okres przygotowania do Paschy. Ju\u017c w pierwszych wiekach chrze\u015bcijanie po\u015bcili przed celebracj\u0105 Triduum Paschalnego. Z czasem ten okres ukszta\u0142towa\u0142 si\u0119 jako czterdzie\u015bci dni Wielkiego Postu, nawi\u0105zuj\u0105c do:<\/p>\n\n\n\n<ul class=\"wp-block-list\">\n<li>40 dni potopu<\/li>\n\n\n\n<li>40 lat w\u0119dr\u00f3wki ludu przez pustyni\u0119<\/li>\n\n\n\n<li>40 dni Moj\u017cesz na Synaju<\/li>\n\n\n\n<li>40 dni Jezus Chrystus na pustyni przed rozpocz\u0119ciem publicznej dzia\u0142alno\u015bci<\/li>\n<\/ul>\n\n\n\n<p>\u015aroda Popielcowa zosta\u0142a ustanowiona jako pocz\u0105tek tego czasu pokuty.<\/p>\n\n\n\n<p>Z punktu widzenia dyscypliny Ko\u015bcio\u0142a \u0142aci\u0144skiego jest to dzie\u0144 <strong>obowi\u0105zkowego postu i wstrzemi\u0119\u017aliwo\u015bci<\/strong>, obok Wielkiego Pi\u0105tku.<\/p>\n\n\n\n<p>Ale najwa\u017cniejsze pytanie nie brzmi tylko, co Ko\u015bci\u00f3\u0142 nakazuje, lecz <strong>dlaczego to nakazuje<\/strong>.<\/p>\n\n\n\n<hr class=\"wp-block-separator has-alpha-channel-opacity\"\/>\n\n\n\n<h2 class=\"wp-block-heading\">2. Teologiczny sens postu: o wiele wi\u0119cej ni\u017c \u201eniejedzenie\u201d<\/h2>\n\n\n\n<p>Sprowadzenie postu do praktyki dietetycznej by\u0142oby karykatur\u0105.<\/p>\n\n\n\n<p>Post chrze\u015bcija\u0144ski nie jest technik\u0105 dobrego samopoczucia. Nie jest \u0107wiczeniem psychologicznej samokontroli. Jest aktem teologalnym.<\/p>\n\n\n\n<h3 class=\"wp-block-heading\">a) Post porz\u0105dkuje pragnienia<\/h3>\n\n\n\n<p>Cz\u0142owiek wsp\u00f3\u0142czesny \u017cyje pod w\u0142adz\u0105 impulsu: konsumowa\u0107, reagowa\u0107, natychmiast zaspokaja\u0107.<\/p>\n\n\n\n<p>Post zrywa z t\u0105 tyrani\u0105.<\/p>\n\n\n\n<p>Kiedy dobrowolnie rezygnujesz z jedzenia (lub je ograniczasz), m\u00f3wisz swoim cia\u0142em:<\/p>\n\n\n\n<blockquote class=\"wp-block-quote is-layout-flow wp-block-quote-is-layout-flow\">\n<p>\u201eNie jeste\u015b niewolnikiem \u017co\u0142\u0105dka. Nie jeste\u015b niewolnikiem impuls\u00f3w. Twoja dusza rz\u0105dzi.\u201d<\/p>\n<\/blockquote>\n\n\n\n<p>Teologicznie post umacnia cnot\u0119 umiarkowania, porz\u0105dkuj\u0105c pop\u0119dy ku dobru najwy\u017cszemu: Bogu.<\/p>\n\n\n\n<h3 class=\"wp-block-heading\">b) Post wynagradza za grzech<\/h3>\n\n\n\n<p>Od czas\u00f3w Ojc\u00f3w Ko\u015bcio\u0142a post by\u0142 postrzegany jako akt pokutny i wynagradzaj\u0105cy.<\/p>\n\n\n\n<p>Je\u015bli grzech pierworodny wi\u0105za\u0142 si\u0119 z nieuporz\u0105dkowanym aktem wobec pokarmu (por. Rdz 3), post staje si\u0119 duchowym lekarstwem. Ojcowie Ko\u015bcio\u0142a nauczali, \u017ce poszcz\u0105c, jednoczymy si\u0119 z odkupie\u0144cz\u0105 ofiar\u0105 Chrystusa.<\/p>\n\n\n\n<p>Nie kupujemy przebaczenia postem \u2014 to Chrystus zdoby\u0142 je na Krzy\u017cu \u2014 ale duchowo uczestniczymy w Jego ofierze.<\/p>\n\n\n\n<h3 class=\"wp-block-heading\">c) Post jednoczy nas z ubogimi<\/h3>\n\n\n\n<p>Nie ma chrze\u015bcija\u0144skiego postu bez mi\u0142o\u015bci.<\/p>\n\n\n\n<p>Prorok Izajasz ostrzega\u0142:<\/p>\n\n\n\n<blockquote class=\"wp-block-quote is-layout-flow wp-block-quote-is-layout-flow\">\n<p>\u201eCzy\u017c nie jest raczej ten post, kt\u00f3ry Ja wybieram: dzieli\u0107 sw\u00f3j chleb z g\u0142odnym?\u201d (Iz 58,6\u20137).<\/p>\n<\/blockquote>\n\n\n\n<p>Prawdziwy post otwiera serce. To, co oszcz\u0119dzasz, jedz\u0105c mniej, powinno sta\u0107 si\u0119 ja\u0142mu\u017cn\u0105, konkretn\u0105 pomoc\u0105 lub s\u0142u\u017cb\u0105.<\/p>\n\n\n\n<hr class=\"wp-block-separator has-alpha-channel-opacity\"\/>\n\n\n\n<h2 class=\"wp-block-heading\">3. Normy Ko\u015bcio\u0142a: Co oznacza post w \u015arod\u0119 Popielcow\u0105?<\/h2>\n\n\n\n<p>Obecna dyscyplina Ko\u015bcio\u0142a stanowi:<\/p>\n\n\n\n<ul class=\"wp-block-list\">\n<li><strong>Post<\/strong>: jeden posi\u0142ek do syta w ci\u0105gu dnia, z mo\u017cliwo\u015bci\u0105 spo\u017cycia dw\u00f3ch mniejszych posi\u0142k\u00f3w rano i wieczorem.<\/li>\n\n\n\n<li><strong>Wstrzemi\u0119\u017aliwo\u015b\u0107<\/strong>: powstrzymanie si\u0119 od spo\u017cywania mi\u0119sa.<\/li>\n\n\n\n<li>Post obowi\u0105zuje wiernych od 18. do 59. roku \u017cycia (z wyj\u0105tkiem przeciwwskaza\u0144 zdrowotnych).<\/li>\n\n\n\n<li>Wstrzemi\u0119\u017aliwo\u015b\u0107 obowi\u0105zuje od 14. roku \u017cycia.<\/li>\n<\/ul>\n\n\n\n<p>Ale uwaga: wype\u0142nienie minimum nie wyczerpuje ducha prawa.<\/p>\n\n\n\n<p>Ko\u015bci\u00f3\u0142 nie chce legalizmu. Chce nawr\u00f3cenia.<\/p>\n\n\n\n<hr class=\"wp-block-separator has-alpha-channel-opacity\"\/>\n\n\n\n<h2 class=\"wp-block-heading\">4. \u015aroda Popielcowa we wsp\u00f3\u0142czesnym \u015bwiecie: konieczna kontrkultura<\/h2>\n\n\n\n<p>\u017byjemy w spo\u0142ecze\u0144stwie uciekaj\u0105cym od ofiary.<\/p>\n\n\n\n<p>Wszystko kr\u0119ci si\u0119 wok\u00f3\u0142 natychmiastowej przyjemno\u015bci, wygody i nieustannego komfortu. \u015aroda Popielcowa jest aktem duchowego oporu.<\/p>\n\n\n\n<p>Podczas gdy \u015bwiat m\u00f3wi:<\/p>\n\n\n\n<blockquote class=\"wp-block-quote is-layout-flow wp-block-quote-is-layout-flow\">\n<p>\u201eKorzystaj bez ogranicze\u0144.\u201d<\/p>\n<\/blockquote>\n\n\n\n<p>Ko\u015bci\u00f3\u0142 m\u00f3wi:<\/p>\n\n\n\n<blockquote class=\"wp-block-quote is-layout-flow wp-block-quote-is-layout-flow\">\n<p>\u201ePami\u0119taj, \u017ce umrzesz.\u201d<\/p>\n<\/blockquote>\n\n\n\n<p>Gdy \u015bwiat obiecuje wieczn\u0105 m\u0142odo\u015b\u0107, popi\u00f3\u0142 przypomina o naszej \u015bmiertelno\u015bci.<\/p>\n\n\n\n<p>To nie jest ponure. To wyzwalaj\u0105ce.<br>Kiedy pami\u0119tasz, \u017ce \u017cycie jest kr\u00f3tkie, uczysz si\u0119 prze\u017cywa\u0107 je z sensem.<\/p>\n\n\n\n<hr class=\"wp-block-separator has-alpha-channel-opacity\"\/>\n\n\n\n<h2 class=\"wp-block-heading\">5. Jak prze\u017cy\u0107 post w \u015arod\u0119 Popielcow\u0105 w spos\u00f3b praktyczny i przemieniaj\u0105cy?<\/h2>\n\n\n\n<p>Przejd\u017amy do konkret\u00f3w. Jak prze\u017cy\u0107 ten dzie\u0144 g\u0142\u0119boko?<\/p>\n\n\n\n<h3 class=\"wp-block-heading\">1\ufe0f\u20e3 Zacznij dzie\u0144 z jasn\u0105 intencj\u0105<\/h3>\n\n\n\n<p>Po przebudzeniu ofiaruj dzie\u0144:<\/p>\n\n\n\n<p>\u201ePanie, ofiaruj\u0119 Ci ten post jako wynagrodzenie za moje grzechy i o nawr\u00f3cenie\u2026\u201d<\/p>\n\n\n\n<p>Nadaj intencj\u0119. Post bez duchowej intencji staje si\u0119 diet\u0105.<\/p>\n\n\n\n<hr class=\"wp-block-separator has-alpha-channel-opacity\"\/>\n\n\n\n<h3 class=\"wp-block-heading\">2\ufe0f\u20e3 Upro\u015b\u0107 posi\u0142ki w prawdziwej prostocie<\/h3>\n\n\n\n<p>Nie chodzi o to, by jeden g\u0142\u00f3wny posi\u0142ek by\u0142 \u201ewykwintny\u201d jako rekompensata.<\/p>\n\n\n\n<p>Niech b\u0119dzie prosty. Bez zbytk\u00f3w. Bez niepotrzebnych deser\u00f3w.<\/p>\n\n\n\n<p>Niech cia\u0142o odczuje lekki brak.<br>Niech dusza pami\u0119ta, \u017ce zale\u017cy od Boga.<\/p>\n\n\n\n<hr class=\"wp-block-separator has-alpha-channel-opacity\"\/>\n\n\n\n<h3 class=\"wp-block-heading\">3\ufe0f\u20e3 Po\u0142\u0105cz g\u0142\u00f3d z modlitw\u0105<\/h3>\n\n\n\n<p>Kiedy poczujesz g\u0142\u00f3d, nie narzekaj w sercu.<\/p>\n\n\n\n<p>M\u00f3dl si\u0119.<\/p>\n\n\n\n<p>Mo\u017cesz powtarza\u0107:<\/p>\n\n\n\n<blockquote class=\"wp-block-quote is-layout-flow wp-block-quote-is-layout-flow\">\n<p>\u201ePanie, daj mi g\u0142\u00f3d Ciebie.\u201d<\/p>\n<\/blockquote>\n\n\n\n<p>Albo rozwa\u017ca\u0107 s\u0142owa Chrystusa:<\/p>\n\n\n\n<blockquote class=\"wp-block-quote is-layout-flow wp-block-quote-is-layout-flow\">\n<p>\u201eNie samym chlebem \u017cyje cz\u0142owiek, lecz ka\u017cdym s\u0142owem, kt\u00f3re pochodzi z ust Bo\u017cych\u201d (Mt 4,4).<\/p>\n<\/blockquote>\n\n\n\n<hr class=\"wp-block-separator has-alpha-channel-opacity\"\/>\n\n\n\n<h3 class=\"wp-block-heading\">4\ufe0f\u20e3 Dodaj inne formy postu<\/h3>\n\n\n\n<p>Autentyczny post dzisiaj powinien wyj\u015b\u0107 poza talerz:<\/p>\n\n\n\n<ul class=\"wp-block-list\">\n<li>Post od medi\u00f3w spo\u0142eczno\u015bciowych<\/li>\n\n\n\n<li>Post od narzekania<\/li>\n\n\n\n<li>Post od os\u0105dzania i krytyki<\/li>\n\n\n\n<li>Post od zb\u0119dnej rozrywki<\/li>\n<\/ul>\n\n\n\n<p>\u017bo\u0142\u0105dek nie jest jedynym pragnieniem, kt\u00f3re potrzebuje dyscypliny.<\/p>\n\n\n\n<hr class=\"wp-block-separator has-alpha-channel-opacity\"\/>\n\n\n\n<h3 class=\"wp-block-heading\">5\ufe0f\u20e3 Praktykuj konkretn\u0105 mi\u0142o\u015b\u0107<\/h3>\n\n\n\n<p>To, czego nie wydasz na jedzenie, przeka\u017c komu\u015b potrzebuj\u0105cemu.<\/p>\n\n\n\n<p>Albo po\u015bwi\u0119\u0107 czas uczynkowi mi\u0142osierdzia.<\/p>\n\n\n\n<p>Bez mi\u0142o\u015bci post twardnieje. Z mi\u0142o\u015bci\u0105 rozkwita.<\/p>\n\n\n\n<hr class=\"wp-block-separator has-alpha-channel-opacity\"\/>\n\n\n\n<h3 class=\"wp-block-heading\">6\ufe0f\u20e3 Id\u017a na Msz\u0119 \u015awi\u0119t\u0105 i przyjmij popi\u00f3\u0142 \u015bwiadomie<\/h3>\n\n\n\n<p>Kiedy kap\u0142an posypie Ci g\u0142ow\u0119 popio\u0142em, nie my\u015bl o zdj\u0119ciu ani o tradycji kulturowej.<\/p>\n\n\n\n<p>Ws\u0142uchaj si\u0119 w s\u0142owa.<\/p>\n\n\n\n<p>Pozw\u00f3l im przenikn\u0105\u0107.<\/p>\n\n\n\n<p>To przypomnienie o wieczno\u015bci.<\/p>\n\n\n\n<hr class=\"wp-block-separator has-alpha-channel-opacity\"\/>\n\n\n\n<h2 class=\"wp-block-heading\">6. Wymiar pastoralny: Post jako droga prawdziwego nawr\u00f3cenia<\/h2>\n\n\n\n<p>Wielu prze\u017cywa \u015arod\u0119 Popielcow\u0105 jako zwyczaj.<\/p>\n\n\n\n<p>Ko\u015bci\u00f3\u0142 proponuje j\u0105 jako punkt zwrotny.<\/p>\n\n\n\n<p>Dobrze prze\u017cyty post mo\u017ce:<\/p>\n\n\n\n<ul class=\"wp-block-list\">\n<li>Obudzi\u0107 u\u015bpione sumienia<\/li>\n\n\n\n<li>Zerwa\u0107 z ukrytymi uzale\u017cnieniami<\/li>\n\n\n\n<li>Uporz\u0105dkowa\u0107 priorytety<\/li>\n\n\n\n<li>Rozbudzi\u0107 pragnienie spowiedzi<\/li>\n\n\n\n<li>Przygotowa\u0107 dusz\u0119 na autentyczny Wielki Post<\/li>\n<\/ul>\n\n\n\n<p>Duszpastersko najwi\u0119kszym zagro\u017ceniem jest powierzchowno\u015b\u0107.<br>Zewn\u0119trzne wype\u0142nienie bez wewn\u0119trznej przemiany.<\/p>\n\n\n\n<p>Klucz jest prosty:<br><strong>Niech cia\u0142o po\u015bci, aby dusza si\u0119 obudzi\u0142a.<\/strong><\/p>\n\n\n\n<hr class=\"wp-block-separator has-alpha-channel-opacity\"\/>\n\n\n\n<h2 class=\"wp-block-heading\">7. Oczekiwany owoc: Wewn\u0119trzna wolno\u015b\u0107<\/h2>\n\n\n\n<p>Celem nie jest cierpienie.<\/p>\n\n\n\n<p>Celem jest wolno\u015b\u0107.<\/p>\n\n\n\n<p>Wolno\u015b\u0107 od ob\u017carstwa.<br>Wolno\u015b\u0107 od nieustannego komfortu.<br>Wolno\u015b\u0107 od przywi\u0105zania do natychmiastowej przyjemno\u015bci.<br>Wolno\u015b\u0107, by kocha\u0107 lepiej.<\/p>\n\n\n\n<p>Post przypomina nam, \u017ce cz\u0142owiek nie jest stworzony do pe\u0142nego nasycenia tu, lecz do Nieba.<\/p>\n\n\n\n<hr class=\"wp-block-separator has-alpha-channel-opacity\"\/>\n\n\n\n<h2 class=\"wp-block-heading\">Zako\u0144czenie: Ta \u015aroda Popielcowa mo\u017ce by\u0107 inna<\/h2>\n\n\n\n<p>Mo\u017ce prze\u017cywa\u0142e\u015b j\u0105 ju\u017c wiele razy.<\/p>\n\n\n\n<p>Mo\u017ce zawsze by\u0142a \u201ekolejnym dniem\u201d.<\/p>\n\n\n\n<p>Ale ten rok mo\u017ce by\u0107 inny.<\/p>\n\n\n\n<p>Mo\u017ce by\u0107 pocz\u0105tkiem prawdziwego nawr\u00f3cenia.<br>Mo\u017ce by\u0107 pocz\u0105tkiem przemieniaj\u0105cego Wielkiego Postu.<br>Mo\u017ce by\u0107 dniem, w kt\u00f3rym na serio potraktujesz swoj\u0105 dusz\u0119.<\/p>\n\n\n\n<p>Bo ostatecznie popi\u00f3\u0142 nie jest ko\u0144cem.<\/p>\n\n\n\n<p>Jest pocz\u0105tkiem.<\/p>\n\n\n\n<p>A je\u015bli b\u0119dziesz po\u015bci\u0107 sercem, odkryjesz, \u017ce g\u0142\u00f3d cia\u0142a mo\u017ce sta\u0107 si\u0119 pe\u0142ni\u0105 duszy.<\/p>\n","protected":false},"excerpt":{"rendered":"<p>S\u0105 dni, kt\u00f3re mijaj\u0105 bez \u015bladu\u2026 i s\u0105 dni, kt\u00f3re odciskaj\u0105 pi\u0119tno na duszy. \u015aroda Popielcowa nie jest kolejn\u0105 tradycj\u0105 w kalendarzu katolickim. Jest progiem. Jest bram\u0105 wprowadzaj\u0105c\u0105 nas w \u015bwi\u0119ty czas Wielkiego Postu. To moment, w kt\u00f3rym Ko\u015bci\u00f3\u0142 \u2014 jak m\u0105dra matka \u2014 patrzy nam w oczy i przypomina prawd\u0119, kt\u00f3r\u0105 \u015bwiat pr\u00f3buje zag\u0142uszy\u0107: &hellip;<\/p>\n","protected":false},"author":3,"featured_media":5023,"comment_status":"closed","ping_status":"closed","sticky":false,"template":"","format":"standard","meta":{"_seopress_robots_primary_cat":"","_seopress_titles_title":"","_seopress_titles_desc":"","_seopress_robots_index":"","footnotes":""},"categories":[38,52],"tags":[1671],"class_list":["post-5022","post","type-post","status-publish","format-standard","has-post-thumbnail","","category-historia-i-tradycja","category-liturgia-i-rok-liturgiczny","tag-post-srody-popielcowej"],"_links":{"self":[{"href":"https:\/\/catholicus.eu\/pl\/wp-json\/wp\/v2\/posts\/5022","targetHints":{"allow":["GET"]}}],"collection":[{"href":"https:\/\/catholicus.eu\/pl\/wp-json\/wp\/v2\/posts"}],"about":[{"href":"https:\/\/catholicus.eu\/pl\/wp-json\/wp\/v2\/types\/post"}],"author":[{"embeddable":true,"href":"https:\/\/catholicus.eu\/pl\/wp-json\/wp\/v2\/users\/3"}],"replies":[{"embeddable":true,"href":"https:\/\/catholicus.eu\/pl\/wp-json\/wp\/v2\/comments?post=5022"}],"version-history":[{"count":2,"href":"https:\/\/catholicus.eu\/pl\/wp-json\/wp\/v2\/posts\/5022\/revisions"}],"predecessor-version":[{"id":5026,"href":"https:\/\/catholicus.eu\/pl\/wp-json\/wp\/v2\/posts\/5022\/revisions\/5026"}],"wp:featuredmedia":[{"embeddable":true,"href":"https:\/\/catholicus.eu\/pl\/wp-json\/wp\/v2\/media\/5023"}],"wp:attachment":[{"href":"https:\/\/catholicus.eu\/pl\/wp-json\/wp\/v2\/media?parent=5022"}],"wp:term":[{"taxonomy":"category","embeddable":true,"href":"https:\/\/catholicus.eu\/pl\/wp-json\/wp\/v2\/categories?post=5022"},{"taxonomy":"post_tag","embeddable":true,"href":"https:\/\/catholicus.eu\/pl\/wp-json\/wp\/v2\/tags?post=5022"}],"curies":[{"name":"wp","href":"https:\/\/api.w.org\/{rel}","templated":true}]}}