{"id":5004,"date":"2026-02-16T23:17:54","date_gmt":"2026-02-16T22:17:54","guid":{"rendered":"https:\/\/catholicus.eu\/pl\/?p=5004"},"modified":"2026-02-16T23:17:54","modified_gmt":"2026-02-16T22:17:54","slug":"kontrreformacja-gdy-kosciol-zaplonal-od-wewnatrz-aby-sie-oczyscic-i-ratowac-dusze","status":"publish","type":"post","link":"https:\/\/catholicus.eu\/pl\/kontrreformacja-gdy-kosciol-zaplonal-od-wewnatrz-aby-sie-oczyscic-i-ratowac-dusze\/","title":{"rendered":"Kontrreformacja: Gdy Ko\u015bci\u00f3\u0142 zap\u0142on\u0105\u0142 od wewn\u0105trz, aby si\u0119 oczy\u015bci\u0107 i ratowa\u0107 dusze"},"content":{"rendered":"\n<p>By\u0142 moment w historii, gdy Ko\u015bci\u00f3\u0142 zdawa\u0142 si\u0119 chwia\u0107. Europa rozdziera\u0142a si\u0119 na kawa\u0142ki. S\u0142abo uformowani kap\u0142ani, nadu\u017cycia moralne, nieobecni biskupi, g\u0142\u0119boki kryzys duchowy\u2026 a po\u015br\u00f3d tego wszystkiego roz\u0142am, kt\u00f3ry zmieni\u0142 bieg chrze\u015bcija\u0144stwa: reformacja protestancka zapocz\u0105tkowana przez Marcina Lutra w 1517 roku.<\/p>\n\n\n\n<p>Wielu uwa\u017ca, \u017ce tak zwana <em>Kontrreformacja<\/em> by\u0142a jedynie reakcj\u0105 obronn\u0105. To jednak powierzchowne spojrzenie. Kontrreformacja by\u0142a przede wszystkim ruchem wewn\u0119trznego oczyszczenia, g\u0142\u0119bokiej reformy, odnowy duchowej i doktrynalnej. By\u0142a odpowiedzi\u0105 Ko\u015bcio\u0142a na ran\u0119 \u2014 tak \u2014 ale by\u0142a te\u017c odnowion\u0105 Pi\u0119\u0107dziesi\u0105tnic\u0105.<\/p>\n\n\n\n<p>Dzi\u015b, w XXI wieku, gdy wiara zn\u00f3w jest podwa\u017cana, rozmywana lub ignorowana, Kontrreformacja nie jest tematem z przesz\u0142o\u015bci. Jest piln\u0105 lekcj\u0105.<\/p>\n\n\n\n<hr class=\"wp-block-separator has-alpha-channel-opacity\"\/>\n\n\n\n<h2 class=\"wp-block-heading\">I. Kontekst: Ko\u015bci\u00f3\u0142 zraniony, lecz niepokonany<\/h2>\n\n\n\n<p>Na pocz\u0105tku XVI wieku Ko\u015bci\u00f3\u0142 prze\u017cywa\u0142 realny kryzys. Istnia\u0142y nadu\u017cycia, takie jak niew\u0142a\u015bciwie g\u0142oszone odpusty, korupcja w niekt\u00f3rych \u015brodowiskach ko\u015bcielnych oraz niedostateczne przygotowanie teologiczne cz\u0119\u015bci duchowie\u0144stwa.<\/p>\n\n\n\n<p>W tym kontek\u015bcie Marcin Luter opublikowa\u0142 swoich 95 tez. To, co zacz\u0119\u0142o si\u0119 jako sp\u00f3r akademicki, przerodzi\u0142o si\u0119 w g\u0142\u0119bokie p\u0119kni\u0119cie doktrynalne: zaprzeczenie autorytetowi papie\u017ca, odrzucenie Tradycji, podwa\u017cenie sakrament\u00f3w, zerwanie z widzialn\u0105 jedno\u015bci\u0105 Ko\u015bcio\u0142a.<\/p>\n\n\n\n<p>Odpowied\u017a nie by\u0142a natychmiastowa. Lecz gdy nadesz\u0142a, by\u0142a stanowcza i opatrzno\u015bciowa.<\/p>\n\n\n\n<hr class=\"wp-block-separator has-alpha-channel-opacity\"\/>\n\n\n\n<h2 class=\"wp-block-heading\">II. Serce Kontrreformacji: Sob\u00f3r, kt\u00f3ry zmieni\u0142 histori\u0119<\/h2>\n\n\n\n<p>Wielkim narz\u0119dziem odnowy by\u0142 Sob\u00f3r Trydencki (1545\u20131563).<\/p>\n\n\n\n<p>Przez niemal dwadzie\u015bcia lat, po\u015br\u00f3d napi\u0119\u0107 politycznych i religijnych, ojcowie soborowi wyja\u015bniali doktryn\u0119 katolick\u0105 wobec b\u0142\u0119d\u00f3w protestanckich, a jednocze\u015bnie podj\u0119li g\u0142\u0119bok\u0105 reform\u0119 dyscyplinarn\u0105.<\/p>\n\n\n\n<h3 class=\"wp-block-heading\">1. Jasno\u015b\u0107 doktrynalna<\/h3>\n\n\n\n<p>Trydent potwierdzi\u0142:<\/p>\n\n\n\n<ul class=\"wp-block-list\">\n<li>Wsp\u00f3lny autorytet Pisma \u015awi\u0119tego i Tradycji.<\/li>\n\n\n\n<li>Rzeczywisto\u015b\u0107 siedmiu sakrament\u00f3w.<\/li>\n\n\n\n<li>Rzeczywist\u0105 obecno\u015b\u0107 Chrystusa w Eucharystii.<\/li>\n\n\n\n<li>Konieczno\u015b\u0107 \u0142aski do zbawienia.<\/li>\n\n\n\n<li>Woln\u0105 wsp\u00f3\u0142prac\u0119 cz\u0142owieka z t\u0105 \u0142ask\u0105.<\/li>\n<\/ul>\n\n\n\n<p>Wobec doktryny <em>sola fide<\/em> Ko\u015bci\u00f3\u0142 przypomnia\u0142, \u017ce wiara bez uczynk\u00f3w jest martwa (por. Jk 2,26). A wobec religijnego subiektywizmu potwierdzi\u0142 widzialny autorytet Ko\u015bcio\u0142a za\u0142o\u017conego przez Chrystusa na Piotrze (por. Mt 16,18).<\/p>\n\n\n\n<p>\u201eJa prosi\u0142em za tob\u0105, \u017ceby nie usta\u0142a twoja wiara\u201d (\u0141k 22,32).<br>Ko\u015bci\u00f3\u0142 zrozumia\u0142, \u017ce musi t\u0119 wiar\u0119 umacnia\u0107, a nie rozmywa\u0107.<\/p>\n\n\n\n<h3 class=\"wp-block-heading\">2. Reforma duchowie\u0144stwa<\/h3>\n\n\n\n<p>Ustanowiono obowi\u0105zkowe seminaria, aby zapewni\u0107 w\u0142a\u015bciw\u0105 formacj\u0119 kap\u0142an\u00f3w. Wymagano rezydencji biskup\u00f3w. Skorygowano nadu\u017cycia liturgiczne. Promowano sp\u00f3jne \u017cycie moralne.<\/p>\n\n\n\n<p>Nie by\u0142a to jedynie odpowied\u017a intelektualna. By\u0142a to reforma duchowa.<\/p>\n\n\n\n<hr class=\"wp-block-separator has-alpha-channel-opacity\"\/>\n\n\n\n<h2 class=\"wp-block-heading\">III. \u015awi\u0119ci, kt\u00f3rzy rozpalili \u015bwiat<\/h2>\n\n\n\n<p>Kontrreformacja to nie tylko dokumenty. To \u017cywa \u015bwi\u0119to\u015b\u0107.<\/p>\n\n\n\n<p>B\u00f3g wzbudzi\u0142 duchowych gigant\u00f3w, takich jak:<\/p>\n\n\n\n<ul class=\"wp-block-list\">\n<li>\u015awi\u0119ty Ignacy Loyola, za\u0142o\u017cyciel Towarzystwa Jezusowego, kt\u00f3ry zrewolucjonizowa\u0142 ewangelizacj\u0119 i edukacj\u0119.<\/li>\n\n\n\n<li>\u015awi\u0119ta Teresa z \u00c1vili, reformatorka Karmelu i mistrzyni modlitwy.<\/li>\n\n\n\n<li>\u015awi\u0119ty Karol Boromeusz, wz\u00f3r biskupa-reformatora.<\/li>\n\n\n\n<li>\u015awi\u0119ty Franciszek Salezy, aposto\u0142 mi\u0142o\u015bci i \u0142agodno\u015bci.<\/li>\n<\/ul>\n\n\n\n<p>Zrozumieli oni co\u015b zasadniczego: prawdziwa reforma zaczyna si\u0119 w sercu.<\/p>\n\n\n\n<p>Nie chodzi\u0142o o wygrywanie debat, lecz o ratowanie dusz.<\/p>\n\n\n\n<hr class=\"wp-block-separator has-alpha-channel-opacity\"\/>\n\n\n\n<h2 class=\"wp-block-heading\">IV. G\u0142\u0119boki wymiar teologiczny: \u0142aska, sakramenty i autorytet<\/h2>\n\n\n\n<p>Z teologicznego punktu widzenia Kontrreformacja broni\u0142a trzech fundamentalnych filar\u00f3w:<\/p>\n\n\n\n<h3 class=\"wp-block-heading\">1. \u0141aska naprawd\u0119 przemienia<\/h3>\n\n\n\n<p>Nie jeste\u015bmy jedynie uznani za sprawiedliwych; jeste\u015bmy uczynieni sprawiedliwymi przez \u0142ask\u0119. U\u015bwi\u0119cenie nie jest prawn\u0105 fikcj\u0105, lecz rzeczywist\u0105 przemian\u0105 duszy.<\/p>\n\n\n\n<p>Ma to ogromne znaczenie dzi\u015b. W kulturze, kt\u00f3ra redukuje wszystko do emocji lub samopotwierdzenia, Ko\u015bci\u00f3\u0142 g\u0142osi, \u017ce B\u00f3g naprawd\u0119 mo\u017ce ci\u0119 przemieni\u0107.<\/p>\n\n\n\n<h3 class=\"wp-block-heading\">2. Sakramenty s\u0105 rzeczywistymi kana\u0142ami zbawienia<\/h3>\n\n\n\n<p>W Eucharystii nie ma pustego symbolu: Chrystus jest prawdziwie, rzeczywi\u015bcie i substancjalnie obecny. W spowiedzi nie ma jedynie terapii emocjonalnej: jest realne rozgrzeszenie.<\/p>\n\n\n\n<p>Kontrreformacja broni\u0142a realizmu sakramentalnego wobec subiektywnego spirytualizmu.<\/p>\n\n\n\n<h3 class=\"wp-block-heading\">3. Widzialny Ko\u015bci\u00f3\u0142 jest wol\u0105 Chrystusa<\/h3>\n\n\n\n<p>W epoce, kt\u00f3ra ceni duchowo\u015b\u0107 \u201ena w\u0142asnych warunkach\u201d, Trydent potwierdzi\u0142, \u017ce wiara nie jest prywatna ani indywidualistyczna. Chrystus za\u0142o\u017cy\u0142 konkretny Ko\u015bci\u00f3\u0142, z struktur\u0105, autorytetem i sakramentami.<\/p>\n\n\n\n<hr class=\"wp-block-separator has-alpha-channel-opacity\"\/>\n\n\n\n<h2 class=\"wp-block-heading\">V. Co Kontrreformacja m\u00f3wi nam dzisiaj?<\/h2>\n\n\n\n<p>Prze\u017cywamy nowy kryzys: relatywizm, sekularyzacj\u0119, utrat\u0119 poczucia grzechu, zaniedbanie sakrament\u00f3w.<\/p>\n\n\n\n<p>Pod wieloma wzgl\u0119dami nasze czasy przypominaj\u0105 XVI wiek.<\/p>\n\n\n\n<p>Odpowied\u017a nie mo\u017ce by\u0107 jedynie polemiczna. Musi by\u0107 g\u0142\u0119boko duchowa.<\/p>\n\n\n\n<h3 class=\"wp-block-heading\">Praktyczne zastosowania w twoim \u017cyciu<\/h3>\n\n\n\n<ol class=\"wp-block-list\">\n<li><strong>Formuj swoj\u0105 wiar\u0119 rzetelnie<\/strong><br>Same religijne uczucia nie wystarcz\u0105. Studiuj Katechizm. Czytaj Pismo \u015awi\u0119te. Poznawaj Tradycj\u0119.<\/li>\n\n\n\n<li><strong>\u017byj sakramentami intensywnie<\/strong><br>Cz\u0119sta spowied\u017a. Komunia przyjmowana z czci\u0105. Msza prze\u017cywana w g\u0142\u0119bi.<\/li>\n\n\n\n<li><strong>Reformuj w\u0142asne \u017cycie<\/strong><br>Zanim skrytykujesz \u015bwiat, zreformuj swoj\u0105 dusz\u0119. Kontrreformacja zacz\u0119\u0142a si\u0119 od wewn\u0105trz.<\/li>\n\n\n\n<li><strong>B\u0105d\u017a \u015bwi\u0119ty w swoim stanie \u017cycia<\/strong><br>Ojciec, matka, pracownik, m\u0142ody cz\u0142owiek, przedsi\u0119biorca\u2026 \u015awi\u0119to\u015b\u0107 nie jest tylko dla nielicznych.<\/li>\n\n\n\n<li><strong>Bro\u0144 prawdy z mi\u0142o\u015bci\u0105<\/strong><br>Jak uczy\u0142 \u015bwi\u0119ty Franciszek Salezy, wi\u0119cej dusz zdobywa si\u0119 kropl\u0105 miodu ni\u017c beczk\u0105 octu.<\/li>\n<\/ol>\n\n\n\n<hr class=\"wp-block-separator has-alpha-channel-opacity\"\/>\n\n\n\n<h2 class=\"wp-block-heading\">VI. Pilna lekcja duszpasterska<\/h2>\n\n\n\n<p>Z duszpasterskiego punktu widzenia wielka lekcja jest jasna: gdy Ko\u015bci\u00f3\u0142 przechodzi kryzysy, B\u00f3g wzbudza \u015bwi\u0119tych.<\/p>\n\n\n\n<p>Rozwi\u0105zaniem nigdy nie by\u0142o rozcie\u0144czanie doktryny, lecz \u017cycie ni\u0105 z wi\u0119ksz\u0105 czysto\u015bci\u0105.<\/p>\n\n\n\n<p>Kontrreformacja pokazuje, \u017ce wierno\u015b\u0107 doktrynie i odnowa duchowa nie s\u0105 sobie przeciwne; s\u0105 nieroz\u0142\u0105czne.<\/p>\n\n\n\n<p>Dzi\u015b potrzebujemy:<\/p>\n\n\n\n<ul class=\"wp-block-list\">\n<li>\u015awi\u0119tych kap\u0142an\u00f3w.<\/li>\n\n\n\n<li>Dobrze uformowanych \u015bwieckich.<\/li>\n\n\n\n<li>Rodzin mocnych w wierze.<\/li>\n\n\n\n<li>Odwa\u017cnej m\u0142odzie\u017cy.<\/li>\n<\/ul>\n\n\n\n<p>Chrystus obieca\u0142:<br>\u201eBramy piekielne go nie przemog\u0105\u201d (Mt 16,18).<\/p>\n\n\n\n<p>Nie powiedzia\u0142, \u017ce nie b\u0119dzie atak\u00f3w. Powiedzia\u0142, \u017ce nie zwyci\u0119\u017c\u0105.<\/p>\n\n\n\n<hr class=\"wp-block-separator has-alpha-channel-opacity\"\/>\n\n\n\n<h2 class=\"wp-block-heading\">VII. Kontrreformacja zaczyna si\u0119 od ciebie<\/h2>\n\n\n\n<p>Nie jeste\u015bmy powo\u0142ani do historycznej nostalgii. Jeste\u015bmy powo\u0142ani do nawr\u00f3cenia.<\/p>\n\n\n\n<p>Prawdziwa Kontrreformacja XXI wieku nie dokona si\u0119 jedynie na synodach czy w dokumentach. Dokona si\u0119 w twoim konfesjonale. W twojej codziennej modlitwie. W twojej moralnej sp\u00f3jno\u015bci. W twojej wierno\u015bci prawdzie.<\/p>\n\n\n\n<p>Ko\u015bci\u00f3\u0142 nie odnawia si\u0119 od zewn\u0105trz, lecz od o\u0142tarza i od serca.<\/p>\n\n\n\n<p>Historia uczy nas, \u017ce kryzysy nie niszcz\u0105 Ko\u015bcio\u0142a. One go oczyszczaj\u0105.<\/p>\n\n\n\n<p>I by\u0107 mo\u017ce dzi\u015b, jak wtedy, B\u00f3g przygotowuje now\u0105 wiosn\u0119 \u015bwi\u0119to\u015bci.<\/p>\n\n\n\n<p>Pytanie nie brzmi, czy nadejdzie odnowa.<\/p>\n\n\n\n<p>Pytanie brzmi:<br><strong>Czy b\u0119dziesz jej cz\u0119\u015bci\u0105?<\/strong><\/p>\n","protected":false},"excerpt":{"rendered":"<p>By\u0142 moment w historii, gdy Ko\u015bci\u00f3\u0142 zdawa\u0142 si\u0119 chwia\u0107. Europa rozdziera\u0142a si\u0119 na kawa\u0142ki. S\u0142abo uformowani kap\u0142ani, nadu\u017cycia moralne, nieobecni biskupi, g\u0142\u0119boki kryzys duchowy\u2026 a po\u015br\u00f3d tego wszystkiego roz\u0142am, kt\u00f3ry zmieni\u0142 bieg chrze\u015bcija\u0144stwa: reformacja protestancka zapocz\u0105tkowana przez Marcina Lutra w 1517 roku. Wielu uwa\u017ca, \u017ce tak zwana Kontrreformacja by\u0142a jedynie reakcj\u0105 obronn\u0105. To jednak powierzchowne &hellip;<\/p>\n","protected":false},"author":3,"featured_media":5005,"comment_status":"closed","ping_status":"closed","sticky":false,"template":"","format":"standard","meta":{"_seopress_robots_primary_cat":"","_seopress_titles_title":"","_seopress_titles_desc":"","_seopress_robots_index":"","footnotes":""},"categories":[38,48],"tags":[129],"class_list":["post-5004","post","type-post","status-publish","format-standard","has-post-thumbnail","","category-historia-i-tradycja","category-historia-kosciola","tag-kontrreformacja"],"_links":{"self":[{"href":"https:\/\/catholicus.eu\/pl\/wp-json\/wp\/v2\/posts\/5004","targetHints":{"allow":["GET"]}}],"collection":[{"href":"https:\/\/catholicus.eu\/pl\/wp-json\/wp\/v2\/posts"}],"about":[{"href":"https:\/\/catholicus.eu\/pl\/wp-json\/wp\/v2\/types\/post"}],"author":[{"embeddable":true,"href":"https:\/\/catholicus.eu\/pl\/wp-json\/wp\/v2\/users\/3"}],"replies":[{"embeddable":true,"href":"https:\/\/catholicus.eu\/pl\/wp-json\/wp\/v2\/comments?post=5004"}],"version-history":[{"count":1,"href":"https:\/\/catholicus.eu\/pl\/wp-json\/wp\/v2\/posts\/5004\/revisions"}],"predecessor-version":[{"id":5006,"href":"https:\/\/catholicus.eu\/pl\/wp-json\/wp\/v2\/posts\/5004\/revisions\/5006"}],"wp:featuredmedia":[{"embeddable":true,"href":"https:\/\/catholicus.eu\/pl\/wp-json\/wp\/v2\/media\/5005"}],"wp:attachment":[{"href":"https:\/\/catholicus.eu\/pl\/wp-json\/wp\/v2\/media?parent=5004"}],"wp:term":[{"taxonomy":"category","embeddable":true,"href":"https:\/\/catholicus.eu\/pl\/wp-json\/wp\/v2\/categories?post=5004"},{"taxonomy":"post_tag","embeddable":true,"href":"https:\/\/catholicus.eu\/pl\/wp-json\/wp\/v2\/tags?post=5004"}],"curies":[{"name":"wp","href":"https:\/\/api.w.org\/{rel}","templated":true}]}}